{"id":223562,"date":"2025-02-05T13:55:35","date_gmt":"2025-02-05T16:55:35","guid":{"rendered":"https:\/\/www.gaveanews.com\/?p=223562"},"modified":"2025-02-05T13:25:58","modified_gmt":"2025-02-05T16:25:58","slug":"cruzeiro-x-atletico-mg-cuca-pode-ter-ate-seis-desfalques","status":"publish","type":"post","link":"https:\/\/www.gaveanews.com\/index.php\/2025\/02\/05\/cruzeiro-x-atletico-mg-cuca-pode-ter-ate-seis-desfalques\/","title":{"rendered":"Cruzeiro x Atl\u00e9tico-MG: Cuca pode ter at\u00e9 seis desfalques"},"content":{"rendered":"\n<h2 class=\"wp-block-heading\" id=\"h-confira-as-informacoes\">Confira as informa\u00e7\u00f5es<\/h2>\n\n\n\n<p>No jogo de domingo (9) contra o Cruzeiro, marcado para as 16h no Mineir\u00e3o, em Belo Horizonte, pela s\u00e9tima rodada do Campeonato Mineiro o treinador Cuca pode enfrentar at\u00e9 seis aus\u00eancias no elenco, o que se transformou em um desafio para o grupo do Atl\u00e9tico.<\/p>\n\n\n\n<p>Com certeza, o atacante J\u00fanior Santos n\u00e3o estar\u00e1 em campo. Adquirido junto ao Botafogo como o principal refor\u00e7o do ano, o atleta foi desqualificado na vit\u00f3ria por 1 a 0 sobre o Athletic ap\u00f3s receber duas advert\u00eancias, e ter\u00e1 que cumprir uma suspens\u00e3o autom\u00e1tica contra o Cruzeiro. At\u00e9 o momento, o jogador n\u00e3o anotou gols nem deu assist\u00eancias nos tr\u00eas jogos que disputou com a camisa do Corinthians.<\/p>\n\n\n\n<p>Dois outros jogadores est\u00e3o em d\u00favida para o confronto contra o Cruzeiro. O meio-campista Patrick Silva continua seu processo de recupera\u00e7\u00e3o f\u00edsica e ainda n\u00e3o se sabe se ter\u00e1 condi\u00e7\u00f5es de jogar. Durante a vit\u00f3ria sobre o Athletic, o atacante argentino Tom\u00e1s Cuello sentiu dores no tornozelo e teve que ser retirado de campo ainda no primeiro tempo.<\/p>\n\n\n\n<figure class=\"wp-block-image size-full\"><img loading=\"lazy\" decoding=\"async\" width=\"803\" height=\"554\" src=\"http:\/\/www.gaveanews.com\/wp-content\/uploads\/Cuello-se-lesiona-no-Atletico-MG.webp\" alt=\"\" class=\"wp-image-223423\"\/><figcaption class=\"wp-element-caption\">Cuello se lesiona no Atl\u00e9tico-MG (Foto: Pedro Souza \/ Atl\u00e9tico)\n\n<\/figcaption><\/figure>\n\n\n\n<p>Caso seja confirmada a les\u00e3o no tornozelo esquerdo de Cuello, a tend\u00eancia \u00e9 que o Atl\u00e9tico recupere a dupla ofensiva que atuou em conjunto na parte final de 2024, com Gabriel Milito. Parece que o atacante Hulk ter\u00e1 como parceiro no ataque o centroavante Deyverson.<\/p>\n\n\n\n<p>Ainda n\u00e3o jogou com Cuca neste come\u00e7o de temporada. Outras op\u00e7\u00f5es, embora menos prov\u00e1veis, incluem o uso de Brahian Palacios ou Bernard.<\/p>\n\n\n\n<p>Os atacantes Cadu e Caio Maia, destaques das divis\u00f5es de base do Galo, sofreram s\u00e9rias les\u00f5es no joelho direito e ainda necessitar\u00e3o de alguns meses de recupera\u00e7\u00e3o antes de retornarem \u00e0 atividade. Para completar a lista, o atacante Alisson est\u00e1 servindo a Sele\u00e7\u00e3o Brasileira no Sul-Americano Sub-20, e n\u00e3o estar\u00e1 dispon\u00edvel para enfrentar o Cruzeiro na final do Campeonato Mineiro.<\/p>\n","protected":false},"excerpt":{"rendered":"<p>Confira as informa\u00e7\u00f5es No jogo de domingo (9) contra o Cruzeiro, marcado para as 16h no Mineir\u00e3o, em Belo Horizonte, pela s\u00e9tima rodada do Campeonato Mineiro o treinador Cuca pode enfrentar at\u00e9 seis aus\u00eancias no elenco, o que se transformou em um desafio para o grupo do Atl\u00e9tico. Com certeza, o atacante J\u00fanior Santos n\u00e3o [&hellip;]<\/p>\n","protected":false},"author":16,"featured_media":68026,"comment_status":"open","ping_status":"closed","sticky":false,"template":"","format":"standard","meta":{"footnotes":""},"categories":[136],"tags":[],"class_list":["post-223562","post","type-post","status-publish","format-standard","has-post-thumbnail","hentry","category-atletico-mg"],"yoast_head":"<!-- This site is optimized with the Yoast SEO Premium plugin v24.2 (Yoast SEO v26.9) - https:\/\/yoast.com\/product\/yoast-seo-premium-wordpress\/ -->\n<title>Cruzeiro x Atl\u00e9tico-MG: Cuca pode ter at\u00e9 seis desfalques<\/title>\n<meta name=\"robots\" content=\"index, follow, max-snippet:-1, max-image-preview:large, max-video-preview:-1\" \/>\n<link rel=\"canonical\" href=\"https:\/\/www.gaveanews.com\/index.php\/2025\/02\/05\/cruzeiro-x-atletico-mg-cuca-pode-ter-ate-seis-desfalques\/\" \/>\n<meta property=\"og:locale\" content=\"pt_BR\" \/>\n<meta property=\"og:type\" content=\"article\" \/>\n<meta property=\"og:title\" content=\"Cruzeiro x Atl\u00e9tico-MG: Cuca pode ter at\u00e9 seis desfalques\" \/>\n<meta property=\"og:description\" content=\"Confira as informa\u00e7\u00f5es No jogo de domingo (9) contra o Cruzeiro, marcado para as 16h no Mineir\u00e3o, em Belo Horizonte, pela s\u00e9tima rodada do Campeonato Mineiro o treinador Cuca pode enfrentar at\u00e9 seis aus\u00eancias no elenco, o que se transformou em um desafio para o grupo do Atl\u00e9tico. Com certeza, o atacante J\u00fanior Santos n\u00e3o [&hellip;]\" \/>\n<meta property=\"og:url\" content=\"https:\/\/www.gaveanews.com\/index.php\/2025\/02\/05\/cruzeiro-x-atletico-mg-cuca-pode-ter-ate-seis-desfalques\/\" \/>\n<meta property=\"og:site_name\" content=\"G\u00e1vea News\" \/>\n<meta property=\"article:publisher\" content=\"https:\/\/facebook.com\/gaveaNews\/\" \/>\n<meta property=\"article:published_time\" content=\"2025-02-05T16:55:35+00:00\" \/>\n<meta property=\"og:image\" content=\"https:\/\/www.gaveanews.com\/wp-content\/uploads\/Cuca-tecnico-do-Atletico-MG.webp\" \/>\n\t<meta property=\"og:image:width\" content=\"1024\" \/>\n\t<meta property=\"og:image:height\" content=\"683\" \/>\n\t<meta property=\"og:image:type\" content=\"image\/jpeg\" \/>\n<meta name=\"author\" content=\"D\u00e9bora Figueiredo\" \/>\n<meta name=\"twitter:card\" content=\"summary_large_image\" \/>\n<meta name=\"twitter:label1\" content=\"Escrito por\" \/>\n\t<meta name=\"twitter:data1\" content=\"D\u00e9bora Figueiredo\" \/>\n\t<meta name=\"twitter:label2\" content=\"Est. tempo de leitura\" \/>\n\t<meta name=\"twitter:data2\" content=\"3 minutos\" \/>\n<script type=\"application\/ld+json\" class=\"yoast-schema-graph\">{\"@context\":\"https:\/\/schema.org\",\"@graph\":[{\"@type\":\"NewsArticle\",\"@id\":\"https:\/\/www.gaveanews.com\/index.php\/2025\/02\/05\/cruzeiro-x-atletico-mg-cuca-pode-ter-ate-seis-desfalques\/#article\",\"isPartOf\":{\"@id\":\"https:\/\/www.gaveanews.com\/index.php\/2025\/02\/05\/cruzeiro-x-atletico-mg-cuca-pode-ter-ate-seis-desfalques\/\"},\"author\":{\"name\":\"D\u00e9bora Figueiredo\",\"@id\":\"https:\/\/www.gaveanews.com\/#\/schema\/person\/37122681a8575a5c8db05a56f099a5e4\"},\"headline\":\"Cruzeiro x Atl\u00e9tico-MG: Cuca pode ter at\u00e9 seis desfalques\",\"datePublished\":\"2025-02-05T16:55:35+00:00\",\"mainEntityOfPage\":{\"@id\":\"https:\/\/www.gaveanews.com\/index.php\/2025\/02\/05\/cruzeiro-x-atletico-mg-cuca-pode-ter-ate-seis-desfalques\/\"},\"wordCount\":355,\"commentCount\":0,\"image\":{\"@id\":\"https:\/\/www.gaveanews.com\/index.php\/2025\/02\/05\/cruzeiro-x-atletico-mg-cuca-pode-ter-ate-seis-desfalques\/#primaryimage\"},\"thumbnailUrl\":\"https:\/\/www.gaveanews.com\/wp-content\/uploads\/Cuca-tecnico-do-Atletico-MG.webp\",\"articleSection\":[\"Atl\u00e9tico-MG\"],\"inLanguage\":\"pt-BR\",\"potentialAction\":[{\"@type\":\"CommentAction\",\"name\":\"Comment\",\"target\":[\"https:\/\/www.gaveanews.com\/index.php\/2025\/02\/05\/cruzeiro-x-atletico-mg-cuca-pode-ter-ate-seis-desfalques\/#respond\"]}],\"copyrightYear\":\"2025\",\"copyrightHolder\":{\"@id\":\"https:\/\/www.gaveanews.com\/#organization\"}},{\"@type\":\"WebPage\",\"@id\":\"https:\/\/www.gaveanews.com\/index.php\/2025\/02\/05\/cruzeiro-x-atletico-mg-cuca-pode-ter-ate-seis-desfalques\/\",\"url\":\"https:\/\/www.gaveanews.com\/index.php\/2025\/02\/05\/cruzeiro-x-atletico-mg-cuca-pode-ter-ate-seis-desfalques\/\",\"name\":\"Cruzeiro x Atl\u00e9tico-MG: Cuca pode ter at\u00e9 seis desfalques\",\"isPartOf\":{\"@id\":\"https:\/\/www.gaveanews.com\/#website\"},\"primaryImageOfPage\":{\"@id\":\"https:\/\/www.gaveanews.com\/index.php\/2025\/02\/05\/cruzeiro-x-atletico-mg-cuca-pode-ter-ate-seis-desfalques\/#primaryimage\"},\"image\":{\"@id\":\"https:\/\/www.gaveanews.com\/index.php\/2025\/02\/05\/cruzeiro-x-atletico-mg-cuca-pode-ter-ate-seis-desfalques\/#primaryimage\"},\"thumbnailUrl\":\"https:\/\/www.gaveanews.com\/wp-content\/uploads\/Cuca-tecnico-do-Atletico-MG.webp\",\"datePublished\":\"2025-02-05T16:55:35+00:00\",\"author\":{\"@id\":\"https:\/\/www.gaveanews.com\/#\/schema\/person\/37122681a8575a5c8db05a56f099a5e4\"},\"breadcrumb\":{\"@id\":\"https:\/\/www.gaveanews.com\/index.php\/2025\/02\/05\/cruzeiro-x-atletico-mg-cuca-pode-ter-ate-seis-desfalques\/#breadcrumb\"},\"inLanguage\":\"pt-BR\",\"potentialAction\":[{\"@type\":\"ReadAction\",\"target\":[\"https:\/\/www.gaveanews.com\/index.php\/2025\/02\/05\/cruzeiro-x-atletico-mg-cuca-pode-ter-ate-seis-desfalques\/\"]}]},{\"@type\":\"ImageObject\",\"inLanguage\":\"pt-BR\",\"@id\":\"https:\/\/www.gaveanews.com\/index.php\/2025\/02\/05\/cruzeiro-x-atletico-mg-cuca-pode-ter-ate-seis-desfalques\/#primaryimage\",\"url\":\"https:\/\/www.gaveanews.com\/wp-content\/uploads\/Cuca-tecnico-do-Atletico-MG.webp\",\"contentUrl\":\"https:\/\/www.gaveanews.com\/wp-content\/uploads\/Cuca-tecnico-do-Atletico-MG.webp\",\"width\":1024,\"height\":683,\"caption\":\"Cuca como treinador do Atl\u00e9tico-MG (Foto: Bruno Cantini\/Atl\u00e9tico-MG)\"},{\"@type\":\"BreadcrumbList\",\"@id\":\"https:\/\/www.gaveanews.com\/index.php\/2025\/02\/05\/cruzeiro-x-atletico-mg-cuca-pode-ter-ate-seis-desfalques\/#breadcrumb\",\"itemListElement\":[{\"@type\":\"ListItem\",\"position\":1,\"name\":\"Home\",\"item\":\"https:\/\/www.gaveanews.com\/\"},{\"@type\":\"ListItem\",\"position\":2,\"name\":\"Cruzeiro x Atl\u00e9tico-MG: Cuca pode ter at\u00e9 seis desfalques\"}]},{\"@type\":\"WebSite\",\"@id\":\"https:\/\/www.gaveanews.com\/#website\",\"url\":\"https:\/\/www.gaveanews.com\/\",\"name\":\"G\u00e1vea News\",\"description\":\"Veja todas as not\u00edcias sobre o Flamengo: Contrata\u00e7\u00f5es, categorias de base, resultados das partidas, tabela de classifica\u00e7\u00e3o, pr\u00f3ximos jogos!\",\"potentialAction\":[{\"@type\":\"SearchAction\",\"target\":{\"@type\":\"EntryPoint\",\"urlTemplate\":\"https:\/\/www.gaveanews.com\/?s={search_term_string}\"},\"query-input\":{\"@type\":\"PropertyValueSpecification\",\"valueRequired\":true,\"valueName\":\"search_term_string\"}}],\"inLanguage\":\"pt-BR\"},{\"@type\":\"Person\",\"@id\":\"https:\/\/www.gaveanews.com\/#\/schema\/person\/37122681a8575a5c8db05a56f099a5e4\",\"name\":\"D\u00e9bora Figueiredo\",\"image\":{\"@type\":\"ImageObject\",\"inLanguage\":\"pt-BR\",\"@id\":\"https:\/\/www.gaveanews.com\/#\/schema\/person\/image\/\",\"url\":\"https:\/\/secure.gravatar.com\/avatar\/1f44802859351588499d26f52aed1d15796ce17e67602895b72837c08018868d?s=96&d=mm&r=g\",\"contentUrl\":\"https:\/\/secure.gravatar.com\/avatar\/1f44802859351588499d26f52aed1d15796ce17e67602895b72837c08018868d?s=96&d=mm&r=g\",\"caption\":\"D\u00e9bora Figueiredo\"}}]}<\/script>\n<!-- \/ Yoast SEO Premium plugin. -->","yoast_head_json":{"title":"Cruzeiro x Atl\u00e9tico-MG: Cuca pode ter at\u00e9 seis desfalques","robots":{"index":"index","follow":"follow","max-snippet":"max-snippet:-1","max-image-preview":"max-image-preview:large","max-video-preview":"max-video-preview:-1"},"canonical":"https:\/\/www.gaveanews.com\/index.php\/2025\/02\/05\/cruzeiro-x-atletico-mg-cuca-pode-ter-ate-seis-desfalques\/","og_locale":"pt_BR","og_type":"article","og_title":"Cruzeiro x Atl\u00e9tico-MG: Cuca pode ter at\u00e9 seis desfalques","og_description":"Confira as informa\u00e7\u00f5es No jogo de domingo (9) contra o Cruzeiro, marcado para as 16h no Mineir\u00e3o, em Belo Horizonte, pela s\u00e9tima rodada do Campeonato Mineiro o treinador Cuca pode enfrentar at\u00e9 seis aus\u00eancias no elenco, o que se transformou em um desafio para o grupo do Atl\u00e9tico. Com certeza, o atacante J\u00fanior Santos n\u00e3o [&hellip;]","og_url":"https:\/\/www.gaveanews.com\/index.php\/2025\/02\/05\/cruzeiro-x-atletico-mg-cuca-pode-ter-ate-seis-desfalques\/","og_site_name":"G\u00e1vea News","article_publisher":"https:\/\/facebook.com\/gaveaNews\/","article_published_time":"2025-02-05T16:55:35+00:00","og_image":[{"width":1024,"height":683,"url":"https:\/\/www.gaveanews.com\/wp-content\/uploads\/Cuca-tecnico-do-Atletico-MG.webp","type":"image\/jpeg"}],"author":"D\u00e9bora Figueiredo","twitter_card":"summary_large_image","twitter_misc":{"Escrito por":"D\u00e9bora Figueiredo","Est. tempo de leitura":"3 minutos"},"schema":{"@context":"https:\/\/schema.org","@graph":[{"@type":"NewsArticle","@id":"https:\/\/www.gaveanews.com\/index.php\/2025\/02\/05\/cruzeiro-x-atletico-mg-cuca-pode-ter-ate-seis-desfalques\/#article","isPartOf":{"@id":"https:\/\/www.gaveanews.com\/index.php\/2025\/02\/05\/cruzeiro-x-atletico-mg-cuca-pode-ter-ate-seis-desfalques\/"},"author":{"name":"D\u00e9bora Figueiredo","@id":"https:\/\/www.gaveanews.com\/#\/schema\/person\/37122681a8575a5c8db05a56f099a5e4"},"headline":"Cruzeiro x Atl\u00e9tico-MG: Cuca pode ter at\u00e9 seis desfalques","datePublished":"2025-02-05T16:55:35+00:00","mainEntityOfPage":{"@id":"https:\/\/www.gaveanews.com\/index.php\/2025\/02\/05\/cruzeiro-x-atletico-mg-cuca-pode-ter-ate-seis-desfalques\/"},"wordCount":355,"commentCount":0,"image":{"@id":"https:\/\/www.gaveanews.com\/index.php\/2025\/02\/05\/cruzeiro-x-atletico-mg-cuca-pode-ter-ate-seis-desfalques\/#primaryimage"},"thumbnailUrl":"https:\/\/www.gaveanews.com\/wp-content\/uploads\/Cuca-tecnico-do-Atletico-MG.webp","articleSection":["Atl\u00e9tico-MG"],"inLanguage":"pt-BR","potentialAction":[{"@type":"CommentAction","name":"Comment","target":["https:\/\/www.gaveanews.com\/index.php\/2025\/02\/05\/cruzeiro-x-atletico-mg-cuca-pode-ter-ate-seis-desfalques\/#respond"]}],"copyrightYear":"2025","copyrightHolder":{"@id":"https:\/\/www.gaveanews.com\/#organization"}},{"@type":"WebPage","@id":"https:\/\/www.gaveanews.com\/index.php\/2025\/02\/05\/cruzeiro-x-atletico-mg-cuca-pode-ter-ate-seis-desfalques\/","url":"https:\/\/www.gaveanews.com\/index.php\/2025\/02\/05\/cruzeiro-x-atletico-mg-cuca-pode-ter-ate-seis-desfalques\/","name":"Cruzeiro x Atl\u00e9tico-MG: Cuca pode ter at\u00e9 seis desfalques","isPartOf":{"@id":"https:\/\/www.gaveanews.com\/#website"},"primaryImageOfPage":{"@id":"https:\/\/www.gaveanews.com\/index.php\/2025\/02\/05\/cruzeiro-x-atletico-mg-cuca-pode-ter-ate-seis-desfalques\/#primaryimage"},"image":{"@id":"https:\/\/www.gaveanews.com\/index.php\/2025\/02\/05\/cruzeiro-x-atletico-mg-cuca-pode-ter-ate-seis-desfalques\/#primaryimage"},"thumbnailUrl":"https:\/\/www.gaveanews.com\/wp-content\/uploads\/Cuca-tecnico-do-Atletico-MG.webp","datePublished":"2025-02-05T16:55:35+00:00","author":{"@id":"https:\/\/www.gaveanews.com\/#\/schema\/person\/37122681a8575a5c8db05a56f099a5e4"},"breadcrumb":{"@id":"https:\/\/www.gaveanews.com\/index.php\/2025\/02\/05\/cruzeiro-x-atletico-mg-cuca-pode-ter-ate-seis-desfalques\/#breadcrumb"},"inLanguage":"pt-BR","potentialAction":[{"@type":"ReadAction","target":["https:\/\/www.gaveanews.com\/index.php\/2025\/02\/05\/cruzeiro-x-atletico-mg-cuca-pode-ter-ate-seis-desfalques\/"]}]},{"@type":"ImageObject","inLanguage":"pt-BR","@id":"https:\/\/www.gaveanews.com\/index.php\/2025\/02\/05\/cruzeiro-x-atletico-mg-cuca-pode-ter-ate-seis-desfalques\/#primaryimage","url":"https:\/\/www.gaveanews.com\/wp-content\/uploads\/Cuca-tecnico-do-Atletico-MG.webp","contentUrl":"https:\/\/www.gaveanews.com\/wp-content\/uploads\/Cuca-tecnico-do-Atletico-MG.webp","width":1024,"height":683,"caption":"Cuca como treinador do Atl\u00e9tico-MG (Foto: Bruno Cantini\/Atl\u00e9tico-MG)"},{"@type":"BreadcrumbList","@id":"https:\/\/www.gaveanews.com\/index.php\/2025\/02\/05\/cruzeiro-x-atletico-mg-cuca-pode-ter-ate-seis-desfalques\/#breadcrumb","itemListElement":[{"@type":"ListItem","position":1,"name":"Home","item":"https:\/\/www.gaveanews.com\/"},{"@type":"ListItem","position":2,"name":"Cruzeiro x Atl\u00e9tico-MG: Cuca pode ter at\u00e9 seis desfalques"}]},{"@type":"WebSite","@id":"https:\/\/www.gaveanews.com\/#website","url":"https:\/\/www.gaveanews.com\/","name":"G\u00e1vea News","description":"Veja todas as not\u00edcias sobre o Flamengo: Contrata\u00e7\u00f5es, categorias de base, resultados das partidas, tabela de classifica\u00e7\u00e3o, pr\u00f3ximos jogos!","potentialAction":[{"@type":"SearchAction","target":{"@type":"EntryPoint","urlTemplate":"https:\/\/www.gaveanews.com\/?s={search_term_string}"},"query-input":{"@type":"PropertyValueSpecification","valueRequired":true,"valueName":"search_term_string"}}],"inLanguage":"pt-BR"},{"@type":"Person","@id":"https:\/\/www.gaveanews.com\/#\/schema\/person\/37122681a8575a5c8db05a56f099a5e4","name":"D\u00e9bora Figueiredo","image":{"@type":"ImageObject","inLanguage":"pt-BR","@id":"https:\/\/www.gaveanews.com\/#\/schema\/person\/image\/","url":"https:\/\/secure.gravatar.com\/avatar\/1f44802859351588499d26f52aed1d15796ce17e67602895b72837c08018868d?s=96&d=mm&r=g","contentUrl":"https:\/\/secure.gravatar.com\/avatar\/1f44802859351588499d26f52aed1d15796ce17e67602895b72837c08018868d?s=96&d=mm&r=g","caption":"D\u00e9bora Figueiredo"}}]}},"_links":{"self":[{"href":"https:\/\/www.gaveanews.com\/index.php\/wp-json\/wp\/v2\/posts\/223562","targetHints":{"allow":["GET"]}}],"collection":[{"href":"https:\/\/www.gaveanews.com\/index.php\/wp-json\/wp\/v2\/posts"}],"about":[{"href":"https:\/\/www.gaveanews.com\/index.php\/wp-json\/wp\/v2\/types\/post"}],"author":[{"embeddable":true,"href":"https:\/\/www.gaveanews.com\/index.php\/wp-json\/wp\/v2\/users\/16"}],"replies":[{"embeddable":true,"href":"https:\/\/www.gaveanews.com\/index.php\/wp-json\/wp\/v2\/comments?post=223562"}],"version-history":[{"count":1,"href":"https:\/\/www.gaveanews.com\/index.php\/wp-json\/wp\/v2\/posts\/223562\/revisions"}],"predecessor-version":[{"id":223565,"href":"https:\/\/www.gaveanews.com\/index.php\/wp-json\/wp\/v2\/posts\/223562\/revisions\/223565"}],"wp:featuredmedia":[{"embeddable":true,"href":"https:\/\/www.gaveanews.com\/index.php\/wp-json\/wp\/v2\/media\/68026"}],"wp:attachment":[{"href":"https:\/\/www.gaveanews.com\/index.php\/wp-json\/wp\/v2\/media?parent=223562"}],"wp:term":[{"taxonomy":"category","embeddable":true,"href":"https:\/\/www.gaveanews.com\/index.php\/wp-json\/wp\/v2\/categories?post=223562"},{"taxonomy":"post_tag","embeddable":true,"href":"https:\/\/www.gaveanews.com\/index.php\/wp-json\/wp\/v2\/tags?post=223562"}],"curies":[{"name":"wp","href":"https:\/\/api.w.org\/{rel}","templated":true}]}}