{"id":223577,"date":"2025-02-05T19:00:00","date_gmt":"2025-02-05T22:00:00","guid":{"rendered":"https:\/\/www.gaveanews.com\/?p=223577"},"modified":"2025-02-05T15:10:56","modified_gmt":"2025-02-05T18:10:56","slug":"craque-neto-aponta-qual-foi-a-pior-venda-da-historia-do-flamengo-vergonhoso","status":"publish","type":"post","link":"https:\/\/www.gaveanews.com\/index.php\/2025\/02\/05\/craque-neto-aponta-qual-foi-a-pior-venda-da-historia-do-flamengo-vergonhoso\/","title":{"rendered":"Craque Neto aponta qual foi a pior venda da hist\u00f3ria do Flamengo: &#8220;Vergonhoso&#8221;"},"content":{"rendered":"\n<p>A negocia\u00e7\u00e3o envolvendo o goleiro Hugo Souza, revelado pelo Flamengo e vendido para o Corinthians em 2023, gerou forte repercuss\u00e3o no mundo do futebol. A transfer\u00eancia foi feita por 800 mil euros (aproximadamente R$ 4,8 milh\u00f5es), um valor considerado baixo para um jogador jovem com grande potencial. <\/p>\n\n\n\n<p>O goleiro, que foi emprestado ao futebol portugu\u00eas antes de ser vendido de forma definitiva ao Tim\u00e3o, tem se destacado no Corinthians, a ponto de se tornar um dos principais jogadores do time e um dos nomes cotados para a Sele\u00e7\u00e3o Brasileira.<\/p>\n\n\n\n<h2 class=\"wp-block-heading\" id=\"h-craque-neto-critica-venda-de-hugo-souza-pelo-flamengo\">Craque Neto critica venda de Hugo Souza pelo Flamengo<\/h2>\n\n\n\n<p>No programa &#8220;Os Donos da Bola&#8221;, o apresentador Craque Neto n\u00e3o poupou cr\u00edticas \u00e0 negocia\u00e7\u00e3o. Para ele, o Flamengo cometeu um erro estrat\u00e9gico ao liberar um goleiro jovem e talentoso por um valor t\u00e3o baixo. &#8220;<em>O Hugo Souza vai ser convocado para a sele\u00e7\u00e3o brasileira e o Flamengo entregou ele de gra\u00e7a para o Corinthians. N\u00e3o sei se foi o pior neg\u00f3cio, mas est\u00e1 entre os piores neg\u00f3cios do Flamengo. Um dos maiores vexames de uma negocia\u00e7\u00e3o do Flamengo. \u00c9 vergonhoso o que o Flamengo fez, de entregar um goleiro de no m\u00ednimo uns 10 anos em alto n\u00edvel<\/em>&#8220;, afirmou Neto.<\/p>\n\n\n\n<figure class=\"wp-block-image size-full\"><img loading=\"lazy\" decoding=\"async\" width=\"740\" height=\"416\" src=\"http:\/\/www.gaveanews.com\/wp-content\/uploads\/image-2024-08-21T141722.256.webp\" alt=\"\" class=\"wp-image-160023\" srcset=\"https:\/\/www.gaveanews.com\/wp-content\/uploads\/image-2024-08-21T141722.256.webp 740w, https:\/\/www.gaveanews.com\/wp-content\/uploads\/image-2024-08-21T141722.256-300x169.webp 300w, https:\/\/www.gaveanews.com\/wp-content\/uploads\/image-2024-08-21T141722.256-640x360.webp 640w, https:\/\/www.gaveanews.com\/wp-content\/uploads\/image-2024-08-21T141722.256-681x383.webp 681w, https:\/\/www.gaveanews.com\/wp-content\/uploads\/image-2024-08-21T141722.256-100x56.webp 100w\" sizes=\"auto, (max-width: 740px) 100vw, 740px\" \/><figcaption class=\"wp-element-caption\">Foto: Jhony Pinho\/AGIF Hugo Souza falou sobre o Mengo<\/figcaption><\/figure>\n\n\n\n<p>Vale destacar que Hugo Souza foi revelado pelo Flamengo em 2020 e, ao longo da sua trajet\u00f3ria no clube, realizou 71 partidas. O goleiro participou de momentos marcantes da hist\u00f3ria recente do Flamengo, como as conquistas do Brasileir\u00e3o de 2020, da Libertadores de 2022, da Copa do Brasil de 2022, dois t\u00edtulos do Campeonato Carioca e 1 Supercopa do Brasil.<\/p>\n\n\n\n<h2 class=\"wp-block-heading\" id=\"h-hugo-souza-vive-expectativa-por-convocacao\">Hugo Souza vive expectativa por convoca\u00e7\u00e3o<\/h2>\n\n\n\n<p>Isso porque a negocia\u00e7\u00e3o com o Corinthians ainda causa estranhamento. O Flamengo se desfez de um goleiro promissor por um valor considerado baixo, algo que, para Craque Neto, ser\u00e1 lembrado como um dos maiores erros da hist\u00f3ria recente do clube. <\/p>\n\n\n\n<p>Cabe ressaltar que Hugo Souza, que tem sido destaque no Corinthians desde que chegou ao clube paulista, vive expectativa para ser convocado por Dorival J\u00fanior, para os pr\u00f3ximos jogos da Sele\u00e7\u00e3o Brasileira, pelas eliminat\u00f3rias da Copa do Mundo de 2026.<\/p>\n","protected":false},"excerpt":{"rendered":"<p>A negocia\u00e7\u00e3o envolvendo o goleiro Hugo Souza, revelado pelo Flamengo e vendido para o Corinthians em 2023, gerou forte repercuss\u00e3o no mundo do futebol. A transfer\u00eancia foi feita por 800 mil euros (aproximadamente R$ 4,8 milh\u00f5es), um valor considerado baixo para um jogador jovem com grande potencial. O goleiro, que foi emprestado ao futebol portugu\u00eas [&hellip;]<\/p>\n","protected":false},"author":24,"featured_media":71983,"comment_status":"open","ping_status":"closed","sticky":false,"template":"","format":"standard","meta":{"footnotes":""},"categories":[141,1],"tags":[],"class_list":["post-223577","post","type-post","status-publish","format-standard","has-post-thumbnail","hentry","category-corinthians","category-flamengo"],"yoast_head":"<!-- This site is optimized with the Yoast SEO Premium plugin v24.2 (Yoast SEO v26.9) - https:\/\/yoast.com\/product\/yoast-seo-premium-wordpress\/ -->\n<title>Craque Neto aponta qual foi a pior venda da hist\u00f3ria do Flamengo: &quot;Vergonhoso&quot;<\/title>\n<meta name=\"robots\" content=\"index, follow, max-snippet:-1, max-image-preview:large, max-video-preview:-1\" \/>\n<link rel=\"canonical\" href=\"https:\/\/www.gaveanews.com\/index.php\/2025\/02\/05\/craque-neto-aponta-qual-foi-a-pior-venda-da-historia-do-flamengo-vergonhoso\/\" \/>\n<meta property=\"og:locale\" content=\"pt_BR\" \/>\n<meta property=\"og:type\" content=\"article\" \/>\n<meta property=\"og:title\" content=\"Craque Neto aponta qual foi a pior venda da hist\u00f3ria do Flamengo: &quot;Vergonhoso&quot;\" \/>\n<meta property=\"og:description\" content=\"A negocia\u00e7\u00e3o envolvendo o goleiro Hugo Souza, revelado pelo Flamengo e vendido para o Corinthians em 2023, gerou forte repercuss\u00e3o no mundo do futebol. A transfer\u00eancia foi feita por 800 mil euros (aproximadamente R$ 4,8 milh\u00f5es), um valor considerado baixo para um jogador jovem com grande potencial. O goleiro, que foi emprestado ao futebol portugu\u00eas [&hellip;]\" \/>\n<meta property=\"og:url\" content=\"https:\/\/www.gaveanews.com\/index.php\/2025\/02\/05\/craque-neto-aponta-qual-foi-a-pior-venda-da-historia-do-flamengo-vergonhoso\/\" \/>\n<meta property=\"og:site_name\" content=\"G\u00e1vea News\" \/>\n<meta property=\"article:publisher\" content=\"https:\/\/facebook.com\/gaveaNews\/\" \/>\n<meta property=\"article:published_time\" content=\"2025-02-05T22:00:00+00:00\" \/>\n<meta property=\"og:image\" content=\"https:\/\/www.gaveanews.com\/wp-content\/uploads\/Comentarista-Neto-em-programa-da-Band.webp\" \/>\n\t<meta property=\"og:image:width\" content=\"846\" \/>\n\t<meta property=\"og:image:height\" content=\"476\" \/>\n\t<meta property=\"og:image:type\" content=\"image\/jpeg\" \/>\n<meta name=\"author\" content=\"Leandro Cardoso\" \/>\n<meta name=\"twitter:card\" content=\"summary_large_image\" \/>\n<meta name=\"twitter:label1\" content=\"Escrito por\" \/>\n\t<meta name=\"twitter:data1\" content=\"Leandro Cardoso\" \/>\n\t<meta name=\"twitter:label2\" content=\"Est. tempo de leitura\" \/>\n\t<meta name=\"twitter:data2\" content=\"3 minutos\" \/>\n<script type=\"application\/ld+json\" class=\"yoast-schema-graph\">{\"@context\":\"https:\/\/schema.org\",\"@graph\":[{\"@type\":\"NewsArticle\",\"@id\":\"https:\/\/www.gaveanews.com\/index.php\/2025\/02\/05\/craque-neto-aponta-qual-foi-a-pior-venda-da-historia-do-flamengo-vergonhoso\/#article\",\"isPartOf\":{\"@id\":\"https:\/\/www.gaveanews.com\/index.php\/2025\/02\/05\/craque-neto-aponta-qual-foi-a-pior-venda-da-historia-do-flamengo-vergonhoso\/\"},\"author\":{\"name\":\"Leandro Cardoso\",\"@id\":\"https:\/\/www.gaveanews.com\/#\/schema\/person\/2424ec6409bc3f068411fc5e4e9b6168\"},\"headline\":\"Craque Neto aponta qual foi a pior venda da hist\u00f3ria do Flamengo: &#8220;Vergonhoso&#8221;\",\"datePublished\":\"2025-02-05T22:00:00+00:00\",\"mainEntityOfPage\":{\"@id\":\"https:\/\/www.gaveanews.com\/index.php\/2025\/02\/05\/craque-neto-aponta-qual-foi-a-pior-venda-da-historia-do-flamengo-vergonhoso\/\"},\"wordCount\":387,\"commentCount\":0,\"image\":{\"@id\":\"https:\/\/www.gaveanews.com\/index.php\/2025\/02\/05\/craque-neto-aponta-qual-foi-a-pior-venda-da-historia-do-flamengo-vergonhoso\/#primaryimage\"},\"thumbnailUrl\":\"https:\/\/www.gaveanews.com\/wp-content\/uploads\/Comentarista-Neto-em-programa-da-Band.webp\",\"articleSection\":[\"Corinthians\",\"Flamengo\"],\"inLanguage\":\"pt-BR\",\"potentialAction\":[{\"@type\":\"CommentAction\",\"name\":\"Comment\",\"target\":[\"https:\/\/www.gaveanews.com\/index.php\/2025\/02\/05\/craque-neto-aponta-qual-foi-a-pior-venda-da-historia-do-flamengo-vergonhoso\/#respond\"]}],\"copyrightYear\":\"2025\",\"copyrightHolder\":{\"@id\":\"https:\/\/www.gaveanews.com\/#organization\"}},{\"@type\":\"WebPage\",\"@id\":\"https:\/\/www.gaveanews.com\/index.php\/2025\/02\/05\/craque-neto-aponta-qual-foi-a-pior-venda-da-historia-do-flamengo-vergonhoso\/\",\"url\":\"https:\/\/www.gaveanews.com\/index.php\/2025\/02\/05\/craque-neto-aponta-qual-foi-a-pior-venda-da-historia-do-flamengo-vergonhoso\/\",\"name\":\"Craque Neto aponta qual foi a pior venda da hist\u00f3ria do Flamengo: \\\"Vergonhoso\\\"\",\"isPartOf\":{\"@id\":\"https:\/\/www.gaveanews.com\/#website\"},\"primaryImageOfPage\":{\"@id\":\"https:\/\/www.gaveanews.com\/index.php\/2025\/02\/05\/craque-neto-aponta-qual-foi-a-pior-venda-da-historia-do-flamengo-vergonhoso\/#primaryimage\"},\"image\":{\"@id\":\"https:\/\/www.gaveanews.com\/index.php\/2025\/02\/05\/craque-neto-aponta-qual-foi-a-pior-venda-da-historia-do-flamengo-vergonhoso\/#primaryimage\"},\"thumbnailUrl\":\"https:\/\/www.gaveanews.com\/wp-content\/uploads\/Comentarista-Neto-em-programa-da-Band.webp\",\"datePublished\":\"2025-02-05T22:00:00+00:00\",\"author\":{\"@id\":\"https:\/\/www.gaveanews.com\/#\/schema\/person\/2424ec6409bc3f068411fc5e4e9b6168\"},\"breadcrumb\":{\"@id\":\"https:\/\/www.gaveanews.com\/index.php\/2025\/02\/05\/craque-neto-aponta-qual-foi-a-pior-venda-da-historia-do-flamengo-vergonhoso\/#breadcrumb\"},\"inLanguage\":\"pt-BR\",\"potentialAction\":[{\"@type\":\"ReadAction\",\"target\":[\"https:\/\/www.gaveanews.com\/index.php\/2025\/02\/05\/craque-neto-aponta-qual-foi-a-pior-venda-da-historia-do-flamengo-vergonhoso\/\"]}]},{\"@type\":\"ImageObject\",\"inLanguage\":\"pt-BR\",\"@id\":\"https:\/\/www.gaveanews.com\/index.php\/2025\/02\/05\/craque-neto-aponta-qual-foi-a-pior-venda-da-historia-do-flamengo-vergonhoso\/#primaryimage\",\"url\":\"https:\/\/www.gaveanews.com\/wp-content\/uploads\/Comentarista-Neto-em-programa-da-Band.webp\",\"contentUrl\":\"https:\/\/www.gaveanews.com\/wp-content\/uploads\/Comentarista-Neto-em-programa-da-Band.webp\",\"width\":846,\"height\":476,\"caption\":\"Comentarista Neto em programa da Band (Foto: Reprodu\u00e7\u00e3o\/Band)\"},{\"@type\":\"BreadcrumbList\",\"@id\":\"https:\/\/www.gaveanews.com\/index.php\/2025\/02\/05\/craque-neto-aponta-qual-foi-a-pior-venda-da-historia-do-flamengo-vergonhoso\/#breadcrumb\",\"itemListElement\":[{\"@type\":\"ListItem\",\"position\":1,\"name\":\"Home\",\"item\":\"https:\/\/www.gaveanews.com\/\"},{\"@type\":\"ListItem\",\"position\":2,\"name\":\"Craque Neto aponta qual foi a pior venda da hist\u00f3ria do Flamengo: &#8220;Vergonhoso&#8221;\"}]},{\"@type\":\"WebSite\",\"@id\":\"https:\/\/www.gaveanews.com\/#website\",\"url\":\"https:\/\/www.gaveanews.com\/\",\"name\":\"G\u00e1vea News\",\"description\":\"Veja todas as not\u00edcias sobre o Flamengo: Contrata\u00e7\u00f5es, categorias de base, resultados das partidas, tabela de classifica\u00e7\u00e3o, pr\u00f3ximos jogos!\",\"potentialAction\":[{\"@type\":\"SearchAction\",\"target\":{\"@type\":\"EntryPoint\",\"urlTemplate\":\"https:\/\/www.gaveanews.com\/?s={search_term_string}\"},\"query-input\":{\"@type\":\"PropertyValueSpecification\",\"valueRequired\":true,\"valueName\":\"search_term_string\"}}],\"inLanguage\":\"pt-BR\"},{\"@type\":\"Person\",\"@id\":\"https:\/\/www.gaveanews.com\/#\/schema\/person\/2424ec6409bc3f068411fc5e4e9b6168\",\"name\":\"Leandro Cardoso\",\"image\":{\"@type\":\"ImageObject\",\"inLanguage\":\"pt-BR\",\"@id\":\"https:\/\/www.gaveanews.com\/#\/schema\/person\/image\/\",\"url\":\"https:\/\/secure.gravatar.com\/avatar\/8ca179f9b55eefe9f376f5493ef25475bfa59fbc28ce937f6076ce20e523098f?s=96&d=mm&r=g\",\"contentUrl\":\"https:\/\/secure.gravatar.com\/avatar\/8ca179f9b55eefe9f376f5493ef25475bfa59fbc28ce937f6076ce20e523098f?s=96&d=mm&r=g\",\"caption\":\"Leandro Cardoso\"}}]}<\/script>\n<!-- \/ Yoast SEO Premium plugin. -->","yoast_head_json":{"title":"Craque Neto aponta qual foi a pior venda da hist\u00f3ria do Flamengo: \"Vergonhoso\"","robots":{"index":"index","follow":"follow","max-snippet":"max-snippet:-1","max-image-preview":"max-image-preview:large","max-video-preview":"max-video-preview:-1"},"canonical":"https:\/\/www.gaveanews.com\/index.php\/2025\/02\/05\/craque-neto-aponta-qual-foi-a-pior-venda-da-historia-do-flamengo-vergonhoso\/","og_locale":"pt_BR","og_type":"article","og_title":"Craque Neto aponta qual foi a pior venda da hist\u00f3ria do Flamengo: \"Vergonhoso\"","og_description":"A negocia\u00e7\u00e3o envolvendo o goleiro Hugo Souza, revelado pelo Flamengo e vendido para o Corinthians em 2023, gerou forte repercuss\u00e3o no mundo do futebol. A transfer\u00eancia foi feita por 800 mil euros (aproximadamente R$ 4,8 milh\u00f5es), um valor considerado baixo para um jogador jovem com grande potencial. O goleiro, que foi emprestado ao futebol portugu\u00eas [&hellip;]","og_url":"https:\/\/www.gaveanews.com\/index.php\/2025\/02\/05\/craque-neto-aponta-qual-foi-a-pior-venda-da-historia-do-flamengo-vergonhoso\/","og_site_name":"G\u00e1vea News","article_publisher":"https:\/\/facebook.com\/gaveaNews\/","article_published_time":"2025-02-05T22:00:00+00:00","og_image":[{"width":846,"height":476,"url":"https:\/\/www.gaveanews.com\/wp-content\/uploads\/Comentarista-Neto-em-programa-da-Band.webp","type":"image\/jpeg"}],"author":"Leandro Cardoso","twitter_card":"summary_large_image","twitter_misc":{"Escrito por":"Leandro Cardoso","Est. tempo de leitura":"3 minutos"},"schema":{"@context":"https:\/\/schema.org","@graph":[{"@type":"NewsArticle","@id":"https:\/\/www.gaveanews.com\/index.php\/2025\/02\/05\/craque-neto-aponta-qual-foi-a-pior-venda-da-historia-do-flamengo-vergonhoso\/#article","isPartOf":{"@id":"https:\/\/www.gaveanews.com\/index.php\/2025\/02\/05\/craque-neto-aponta-qual-foi-a-pior-venda-da-historia-do-flamengo-vergonhoso\/"},"author":{"name":"Leandro Cardoso","@id":"https:\/\/www.gaveanews.com\/#\/schema\/person\/2424ec6409bc3f068411fc5e4e9b6168"},"headline":"Craque Neto aponta qual foi a pior venda da hist\u00f3ria do Flamengo: &#8220;Vergonhoso&#8221;","datePublished":"2025-02-05T22:00:00+00:00","mainEntityOfPage":{"@id":"https:\/\/www.gaveanews.com\/index.php\/2025\/02\/05\/craque-neto-aponta-qual-foi-a-pior-venda-da-historia-do-flamengo-vergonhoso\/"},"wordCount":387,"commentCount":0,"image":{"@id":"https:\/\/www.gaveanews.com\/index.php\/2025\/02\/05\/craque-neto-aponta-qual-foi-a-pior-venda-da-historia-do-flamengo-vergonhoso\/#primaryimage"},"thumbnailUrl":"https:\/\/www.gaveanews.com\/wp-content\/uploads\/Comentarista-Neto-em-programa-da-Band.webp","articleSection":["Corinthians","Flamengo"],"inLanguage":"pt-BR","potentialAction":[{"@type":"CommentAction","name":"Comment","target":["https:\/\/www.gaveanews.com\/index.php\/2025\/02\/05\/craque-neto-aponta-qual-foi-a-pior-venda-da-historia-do-flamengo-vergonhoso\/#respond"]}],"copyrightYear":"2025","copyrightHolder":{"@id":"https:\/\/www.gaveanews.com\/#organization"}},{"@type":"WebPage","@id":"https:\/\/www.gaveanews.com\/index.php\/2025\/02\/05\/craque-neto-aponta-qual-foi-a-pior-venda-da-historia-do-flamengo-vergonhoso\/","url":"https:\/\/www.gaveanews.com\/index.php\/2025\/02\/05\/craque-neto-aponta-qual-foi-a-pior-venda-da-historia-do-flamengo-vergonhoso\/","name":"Craque Neto aponta qual foi a pior venda da hist\u00f3ria do Flamengo: \"Vergonhoso\"","isPartOf":{"@id":"https:\/\/www.gaveanews.com\/#website"},"primaryImageOfPage":{"@id":"https:\/\/www.gaveanews.com\/index.php\/2025\/02\/05\/craque-neto-aponta-qual-foi-a-pior-venda-da-historia-do-flamengo-vergonhoso\/#primaryimage"},"image":{"@id":"https:\/\/www.gaveanews.com\/index.php\/2025\/02\/05\/craque-neto-aponta-qual-foi-a-pior-venda-da-historia-do-flamengo-vergonhoso\/#primaryimage"},"thumbnailUrl":"https:\/\/www.gaveanews.com\/wp-content\/uploads\/Comentarista-Neto-em-programa-da-Band.webp","datePublished":"2025-02-05T22:00:00+00:00","author":{"@id":"https:\/\/www.gaveanews.com\/#\/schema\/person\/2424ec6409bc3f068411fc5e4e9b6168"},"breadcrumb":{"@id":"https:\/\/www.gaveanews.com\/index.php\/2025\/02\/05\/craque-neto-aponta-qual-foi-a-pior-venda-da-historia-do-flamengo-vergonhoso\/#breadcrumb"},"inLanguage":"pt-BR","potentialAction":[{"@type":"ReadAction","target":["https:\/\/www.gaveanews.com\/index.php\/2025\/02\/05\/craque-neto-aponta-qual-foi-a-pior-venda-da-historia-do-flamengo-vergonhoso\/"]}]},{"@type":"ImageObject","inLanguage":"pt-BR","@id":"https:\/\/www.gaveanews.com\/index.php\/2025\/02\/05\/craque-neto-aponta-qual-foi-a-pior-venda-da-historia-do-flamengo-vergonhoso\/#primaryimage","url":"https:\/\/www.gaveanews.com\/wp-content\/uploads\/Comentarista-Neto-em-programa-da-Band.webp","contentUrl":"https:\/\/www.gaveanews.com\/wp-content\/uploads\/Comentarista-Neto-em-programa-da-Band.webp","width":846,"height":476,"caption":"Comentarista Neto em programa da Band (Foto: Reprodu\u00e7\u00e3o\/Band)"},{"@type":"BreadcrumbList","@id":"https:\/\/www.gaveanews.com\/index.php\/2025\/02\/05\/craque-neto-aponta-qual-foi-a-pior-venda-da-historia-do-flamengo-vergonhoso\/#breadcrumb","itemListElement":[{"@type":"ListItem","position":1,"name":"Home","item":"https:\/\/www.gaveanews.com\/"},{"@type":"ListItem","position":2,"name":"Craque Neto aponta qual foi a pior venda da hist\u00f3ria do Flamengo: &#8220;Vergonhoso&#8221;"}]},{"@type":"WebSite","@id":"https:\/\/www.gaveanews.com\/#website","url":"https:\/\/www.gaveanews.com\/","name":"G\u00e1vea News","description":"Veja todas as not\u00edcias sobre o Flamengo: Contrata\u00e7\u00f5es, categorias de base, resultados das partidas, tabela de classifica\u00e7\u00e3o, pr\u00f3ximos jogos!","potentialAction":[{"@type":"SearchAction","target":{"@type":"EntryPoint","urlTemplate":"https:\/\/www.gaveanews.com\/?s={search_term_string}"},"query-input":{"@type":"PropertyValueSpecification","valueRequired":true,"valueName":"search_term_string"}}],"inLanguage":"pt-BR"},{"@type":"Person","@id":"https:\/\/www.gaveanews.com\/#\/schema\/person\/2424ec6409bc3f068411fc5e4e9b6168","name":"Leandro Cardoso","image":{"@type":"ImageObject","inLanguage":"pt-BR","@id":"https:\/\/www.gaveanews.com\/#\/schema\/person\/image\/","url":"https:\/\/secure.gravatar.com\/avatar\/8ca179f9b55eefe9f376f5493ef25475bfa59fbc28ce937f6076ce20e523098f?s=96&d=mm&r=g","contentUrl":"https:\/\/secure.gravatar.com\/avatar\/8ca179f9b55eefe9f376f5493ef25475bfa59fbc28ce937f6076ce20e523098f?s=96&d=mm&r=g","caption":"Leandro Cardoso"}}]}},"_links":{"self":[{"href":"https:\/\/www.gaveanews.com\/index.php\/wp-json\/wp\/v2\/posts\/223577","targetHints":{"allow":["GET"]}}],"collection":[{"href":"https:\/\/www.gaveanews.com\/index.php\/wp-json\/wp\/v2\/posts"}],"about":[{"href":"https:\/\/www.gaveanews.com\/index.php\/wp-json\/wp\/v2\/types\/post"}],"author":[{"embeddable":true,"href":"https:\/\/www.gaveanews.com\/index.php\/wp-json\/wp\/v2\/users\/24"}],"replies":[{"embeddable":true,"href":"https:\/\/www.gaveanews.com\/index.php\/wp-json\/wp\/v2\/comments?post=223577"}],"version-history":[{"count":2,"href":"https:\/\/www.gaveanews.com\/index.php\/wp-json\/wp\/v2\/posts\/223577\/revisions"}],"predecessor-version":[{"id":223581,"href":"https:\/\/www.gaveanews.com\/index.php\/wp-json\/wp\/v2\/posts\/223577\/revisions\/223581"}],"wp:featuredmedia":[{"embeddable":true,"href":"https:\/\/www.gaveanews.com\/index.php\/wp-json\/wp\/v2\/media\/71983"}],"wp:attachment":[{"href":"https:\/\/www.gaveanews.com\/index.php\/wp-json\/wp\/v2\/media?parent=223577"}],"wp:term":[{"taxonomy":"category","embeddable":true,"href":"https:\/\/www.gaveanews.com\/index.php\/wp-json\/wp\/v2\/categories?post=223577"},{"taxonomy":"post_tag","embeddable":true,"href":"https:\/\/www.gaveanews.com\/index.php\/wp-json\/wp\/v2\/tags?post=223577"}],"curies":[{"name":"wp","href":"https:\/\/api.w.org\/{rel}","templated":true}]}}