{"id":223648,"date":"2025-02-05T15:05:20","date_gmt":"2025-02-05T18:05:20","guid":{"rendered":"https:\/\/www.gaveanews.com\/?p=223648"},"modified":"2025-02-05T14:31:26","modified_gmt":"2025-02-05T17:31:26","slug":"premio-do-botafogo-na-libertadores-salvou-o-lyon-na-europa","status":"publish","type":"post","link":"https:\/\/www.gaveanews.com\/index.php\/2025\/02\/05\/premio-do-botafogo-na-libertadores-salvou-o-lyon-na-europa\/","title":{"rendered":"Pr\u00eamio do Botafogo na Libertadores salvou o Lyon na Europa"},"content":{"rendered":"\n<p>O Lyon est\u00e1 confirmado nas oitavas de final da Europa League, mas a situa\u00e7\u00e3o nos bastidores do clube franc\u00eas foi tensa at\u00e9 a decis\u00e3o final da Uefa. Isso porque a equipe de John Textor corria s\u00e9rio risco de desclassifica\u00e7\u00e3o devido a problemas financeiros, que tamb\u00e9m amea\u00e7am seu futuro na Fran\u00e7a.&nbsp;<\/p>\n\n\n\n<p>A entidade m\u00e1xima do futebol europeu analisou a situa\u00e7\u00e3o detalhadamente antes de tomar uma decis\u00e3o favor\u00e1vel ao time.<\/p>\n\n\n\n<p>No entanto, um detalhe chamou a aten\u00e7\u00e3o no processo: Textor utilizou a premia\u00e7\u00e3o que o Botafogo recebeu pelo t\u00edtulo da Libertadores de 2024 para justificar a viabilidade econ\u00f4mica do Lyon. Isso refor\u00e7a a complexidade financeira do grupo Eagle Football Holdings, que administra diversos clubes.<\/p>\n\n\n\n<h2 class=\"wp-block-heading\" id=\"h-textor-recorreu-ao-dinheiro-do-botafogo-para-defender-o-lyon\">Textor recorreu ao dinheiro do Botafogo para defender o Lyon<\/h2>\n\n\n\n<p>O relat\u00f3rio divulgado pela Uefa revelou que, em 13 de dezembro de 2024, o Lyon enviou observa\u00e7\u00f5es ao Comit\u00ea de Controle Financeiro de Clubes (CFCB).&nbsp;<\/p>\n\n\n\n<p>No documento, John Textor citou o valor total de US$ 33,3 milh\u00f5es que o Botafogo recebeu pela conquista da Libertadores como um dos poss\u00edveis recursos para ajudar o clube franc\u00eas.<\/p>\n\n\n\n<p>Sendo assim, a Uefa estipulou um prazo at\u00e9 30 de janeiro de 2025 para que o Lyon apresentasse demonstra\u00e7\u00f5es financeiras aprovadas por auditores. Caso contr\u00e1rio, a equipe seria exclu\u00edda da Europa League. Com isso, o clube franc\u00eas correu contra o tempo para evitar a elimina\u00e7\u00e3o.<\/p>\n\n\n\n<h2 class=\"wp-block-heading\" id=\"h-decisao-final-mantem-o-lyon-na-competicao\">Decis\u00e3o final mant\u00e9m o Lyon na competi\u00e7\u00e3o<\/h2>\n\n\n\n<p>Quatro dias ap\u00f3s a defesa do Lyon, Textor e outros representantes do clube se reuniram com a Uefa na Su\u00ed\u00e7a para discutir a situa\u00e7\u00e3o. Dessa maneira, a decis\u00e3o final veio em 29 de janeiro, um dia antes da data-limite: o Lyon conseguiu cumprir as exig\u00eancias e permaneceu na Europa League.<\/p>\n\n\n\n<p>&#8220;Baseado na evid\u00eancia providenciada pelo Lyon em 29 de janeiro de 2025 (&#8230;), a Primeira C\u00e2mara do CFCB decide que o Lyon satisfez, dentro do prazo, a condi\u00e7\u00e3o imposta pelo \u00f3rg\u00e3o (&#8230;) Consequentemente, o Lyon n\u00e3o est\u00e1 desclassificado da Europa League 2024\/25&#8221;, diz o documento oficial.<\/p>\n","protected":false},"excerpt":{"rendered":"<p>O Lyon est\u00e1 confirmado nas oitavas de final da Europa League, mas a situa\u00e7\u00e3o nos bastidores do clube franc\u00eas foi tensa at\u00e9 a decis\u00e3o final da Uefa. Isso porque a equipe de John Textor corria s\u00e9rio risco de desclassifica\u00e7\u00e3o devido a problemas financeiros, que tamb\u00e9m amea\u00e7am seu futuro na Fran\u00e7a.&nbsp; A entidade m\u00e1xima do futebol [&hellip;]<\/p>\n","protected":false},"author":25,"featured_media":146326,"comment_status":"open","ping_status":"closed","sticky":false,"template":"","format":"standard","meta":{"footnotes":""},"categories":[138],"tags":[],"class_list":["post-223648","post","type-post","status-publish","format-standard","has-post-thumbnail","hentry","category-botafogo"],"yoast_head":"<!-- This site is optimized with the Yoast SEO Premium plugin v24.2 (Yoast SEO v26.9) - https:\/\/yoast.com\/product\/yoast-seo-premium-wordpress\/ -->\n<title>Pr\u00eamio do Botafogo na Libertadores salvou o Lyon na Europa<\/title>\n<meta name=\"robots\" content=\"index, follow, max-snippet:-1, max-image-preview:large, max-video-preview:-1\" \/>\n<link rel=\"canonical\" href=\"https:\/\/www.gaveanews.com\/index.php\/2025\/02\/05\/premio-do-botafogo-na-libertadores-salvou-o-lyon-na-europa\/\" \/>\n<meta property=\"og:locale\" content=\"pt_BR\" \/>\n<meta property=\"og:type\" content=\"article\" \/>\n<meta property=\"og:title\" content=\"Pr\u00eamio do Botafogo na Libertadores salvou o Lyon na Europa\" \/>\n<meta property=\"og:description\" content=\"O Lyon est\u00e1 confirmado nas oitavas de final da Europa League, mas a situa\u00e7\u00e3o nos bastidores do clube franc\u00eas foi tensa at\u00e9 a decis\u00e3o final da Uefa. Isso porque a equipe de John Textor corria s\u00e9rio risco de desclassifica\u00e7\u00e3o devido a problemas financeiros, que tamb\u00e9m amea\u00e7am seu futuro na Fran\u00e7a.&nbsp; A entidade m\u00e1xima do futebol [&hellip;]\" \/>\n<meta property=\"og:url\" content=\"https:\/\/www.gaveanews.com\/index.php\/2025\/02\/05\/premio-do-botafogo-na-libertadores-salvou-o-lyon-na-europa\/\" \/>\n<meta property=\"og:site_name\" content=\"G\u00e1vea News\" \/>\n<meta property=\"article:publisher\" content=\"https:\/\/facebook.com\/gaveaNews\/\" \/>\n<meta property=\"article:published_time\" content=\"2025-02-05T18:05:20+00:00\" \/>\n<meta name=\"author\" content=\"Rafaela Ladeira\" \/>\n<meta name=\"twitter:card\" content=\"summary_large_image\" \/>\n<meta name=\"twitter:label1\" content=\"Escrito por\" \/>\n\t<meta name=\"twitter:data1\" content=\"Rafaela Ladeira\" \/>\n\t<meta name=\"twitter:label2\" content=\"Est. tempo de leitura\" \/>\n\t<meta name=\"twitter:data2\" content=\"2 minutos\" \/>\n<script type=\"application\/ld+json\" class=\"yoast-schema-graph\">{\"@context\":\"https:\/\/schema.org\",\"@graph\":[{\"@type\":\"NewsArticle\",\"@id\":\"https:\/\/www.gaveanews.com\/index.php\/2025\/02\/05\/premio-do-botafogo-na-libertadores-salvou-o-lyon-na-europa\/#article\",\"isPartOf\":{\"@id\":\"https:\/\/www.gaveanews.com\/index.php\/2025\/02\/05\/premio-do-botafogo-na-libertadores-salvou-o-lyon-na-europa\/\"},\"author\":{\"name\":\"Rafaela Ladeira\",\"@id\":\"https:\/\/www.gaveanews.com\/#\/schema\/person\/0eb3e3fe1754f0205218538adbe8f5ed\"},\"headline\":\"Pr\u00eamio do Botafogo na Libertadores salvou o Lyon na Europa\",\"datePublished\":\"2025-02-05T18:05:20+00:00\",\"mainEntityOfPage\":{\"@id\":\"https:\/\/www.gaveanews.com\/index.php\/2025\/02\/05\/premio-do-botafogo-na-libertadores-salvou-o-lyon-na-europa\/\"},\"wordCount\":366,\"commentCount\":0,\"image\":{\"@id\":\"https:\/\/www.gaveanews.com\/index.php\/2025\/02\/05\/premio-do-botafogo-na-libertadores-salvou-o-lyon-na-europa\/#primaryimage\"},\"thumbnailUrl\":\"https:\/\/www.gaveanews.com\/wp-content\/uploads\/textor4.avif\",\"articleSection\":[\"Botafogo\"],\"inLanguage\":\"pt-BR\",\"potentialAction\":[{\"@type\":\"CommentAction\",\"name\":\"Comment\",\"target\":[\"https:\/\/www.gaveanews.com\/index.php\/2025\/02\/05\/premio-do-botafogo-na-libertadores-salvou-o-lyon-na-europa\/#respond\"]}],\"copyrightYear\":\"2025\",\"copyrightHolder\":{\"@id\":\"https:\/\/www.gaveanews.com\/#organization\"}},{\"@type\":\"WebPage\",\"@id\":\"https:\/\/www.gaveanews.com\/index.php\/2025\/02\/05\/premio-do-botafogo-na-libertadores-salvou-o-lyon-na-europa\/\",\"url\":\"https:\/\/www.gaveanews.com\/index.php\/2025\/02\/05\/premio-do-botafogo-na-libertadores-salvou-o-lyon-na-europa\/\",\"name\":\"Pr\u00eamio do Botafogo na Libertadores salvou o Lyon na Europa\",\"isPartOf\":{\"@id\":\"https:\/\/www.gaveanews.com\/#website\"},\"primaryImageOfPage\":{\"@id\":\"https:\/\/www.gaveanews.com\/index.php\/2025\/02\/05\/premio-do-botafogo-na-libertadores-salvou-o-lyon-na-europa\/#primaryimage\"},\"image\":{\"@id\":\"https:\/\/www.gaveanews.com\/index.php\/2025\/02\/05\/premio-do-botafogo-na-libertadores-salvou-o-lyon-na-europa\/#primaryimage\"},\"thumbnailUrl\":\"https:\/\/www.gaveanews.com\/wp-content\/uploads\/textor4.avif\",\"datePublished\":\"2025-02-05T18:05:20+00:00\",\"author\":{\"@id\":\"https:\/\/www.gaveanews.com\/#\/schema\/person\/0eb3e3fe1754f0205218538adbe8f5ed\"},\"breadcrumb\":{\"@id\":\"https:\/\/www.gaveanews.com\/index.php\/2025\/02\/05\/premio-do-botafogo-na-libertadores-salvou-o-lyon-na-europa\/#breadcrumb\"},\"inLanguage\":\"pt-BR\",\"potentialAction\":[{\"@type\":\"ReadAction\",\"target\":[\"https:\/\/www.gaveanews.com\/index.php\/2025\/02\/05\/premio-do-botafogo-na-libertadores-salvou-o-lyon-na-europa\/\"]}]},{\"@type\":\"ImageObject\",\"inLanguage\":\"pt-BR\",\"@id\":\"https:\/\/www.gaveanews.com\/index.php\/2025\/02\/05\/premio-do-botafogo-na-libertadores-salvou-o-lyon-na-europa\/#primaryimage\",\"url\":\"https:\/\/www.gaveanews.com\/wp-content\/uploads\/textor4.avif\",\"contentUrl\":\"https:\/\/www.gaveanews.com\/wp-content\/uploads\/textor4.avif\",\"width\":888,\"height\":602,\"caption\":\"John Textor, dono da SAF do Botafogo \u2014 Foto: Reprodu\u00e7\u00e3o\"},{\"@type\":\"BreadcrumbList\",\"@id\":\"https:\/\/www.gaveanews.com\/index.php\/2025\/02\/05\/premio-do-botafogo-na-libertadores-salvou-o-lyon-na-europa\/#breadcrumb\",\"itemListElement\":[{\"@type\":\"ListItem\",\"position\":1,\"name\":\"Home\",\"item\":\"https:\/\/www.gaveanews.com\/\"},{\"@type\":\"ListItem\",\"position\":2,\"name\":\"Pr\u00eamio do Botafogo na Libertadores salvou o Lyon na Europa\"}]},{\"@type\":\"WebSite\",\"@id\":\"https:\/\/www.gaveanews.com\/#website\",\"url\":\"https:\/\/www.gaveanews.com\/\",\"name\":\"G\u00e1vea News\",\"description\":\"Veja todas as not\u00edcias sobre o Flamengo: Contrata\u00e7\u00f5es, categorias de base, resultados das partidas, tabela de classifica\u00e7\u00e3o, pr\u00f3ximos jogos!\",\"potentialAction\":[{\"@type\":\"SearchAction\",\"target\":{\"@type\":\"EntryPoint\",\"urlTemplate\":\"https:\/\/www.gaveanews.com\/?s={search_term_string}\"},\"query-input\":{\"@type\":\"PropertyValueSpecification\",\"valueRequired\":true,\"valueName\":\"search_term_string\"}}],\"inLanguage\":\"pt-BR\"},{\"@type\":\"Person\",\"@id\":\"https:\/\/www.gaveanews.com\/#\/schema\/person\/0eb3e3fe1754f0205218538adbe8f5ed\",\"name\":\"Rafaela Ladeira\",\"image\":{\"@type\":\"ImageObject\",\"inLanguage\":\"pt-BR\",\"@id\":\"https:\/\/www.gaveanews.com\/#\/schema\/person\/image\/\",\"url\":\"https:\/\/secure.gravatar.com\/avatar\/c31f513acffd85eacab5730cbdfdbbf59f21ba5aeada8cd890acea879fbb2455?s=96&d=mm&r=g\",\"contentUrl\":\"https:\/\/secure.gravatar.com\/avatar\/c31f513acffd85eacab5730cbdfdbbf59f21ba5aeada8cd890acea879fbb2455?s=96&d=mm&r=g\",\"caption\":\"Rafaela Ladeira\"}}]}<\/script>\n<!-- \/ Yoast SEO Premium plugin. -->","yoast_head_json":{"title":"Pr\u00eamio do Botafogo na Libertadores salvou o Lyon na Europa","robots":{"index":"index","follow":"follow","max-snippet":"max-snippet:-1","max-image-preview":"max-image-preview:large","max-video-preview":"max-video-preview:-1"},"canonical":"https:\/\/www.gaveanews.com\/index.php\/2025\/02\/05\/premio-do-botafogo-na-libertadores-salvou-o-lyon-na-europa\/","og_locale":"pt_BR","og_type":"article","og_title":"Pr\u00eamio do Botafogo na Libertadores salvou o Lyon na Europa","og_description":"O Lyon est\u00e1 confirmado nas oitavas de final da Europa League, mas a situa\u00e7\u00e3o nos bastidores do clube franc\u00eas foi tensa at\u00e9 a decis\u00e3o final da Uefa. Isso porque a equipe de John Textor corria s\u00e9rio risco de desclassifica\u00e7\u00e3o devido a problemas financeiros, que tamb\u00e9m amea\u00e7am seu futuro na Fran\u00e7a.&nbsp; A entidade m\u00e1xima do futebol [&hellip;]","og_url":"https:\/\/www.gaveanews.com\/index.php\/2025\/02\/05\/premio-do-botafogo-na-libertadores-salvou-o-lyon-na-europa\/","og_site_name":"G\u00e1vea News","article_publisher":"https:\/\/facebook.com\/gaveaNews\/","article_published_time":"2025-02-05T18:05:20+00:00","author":"Rafaela Ladeira","twitter_card":"summary_large_image","twitter_misc":{"Escrito por":"Rafaela Ladeira","Est. tempo de leitura":"2 minutos"},"schema":{"@context":"https:\/\/schema.org","@graph":[{"@type":"NewsArticle","@id":"https:\/\/www.gaveanews.com\/index.php\/2025\/02\/05\/premio-do-botafogo-na-libertadores-salvou-o-lyon-na-europa\/#article","isPartOf":{"@id":"https:\/\/www.gaveanews.com\/index.php\/2025\/02\/05\/premio-do-botafogo-na-libertadores-salvou-o-lyon-na-europa\/"},"author":{"name":"Rafaela Ladeira","@id":"https:\/\/www.gaveanews.com\/#\/schema\/person\/0eb3e3fe1754f0205218538adbe8f5ed"},"headline":"Pr\u00eamio do Botafogo na Libertadores salvou o Lyon na Europa","datePublished":"2025-02-05T18:05:20+00:00","mainEntityOfPage":{"@id":"https:\/\/www.gaveanews.com\/index.php\/2025\/02\/05\/premio-do-botafogo-na-libertadores-salvou-o-lyon-na-europa\/"},"wordCount":366,"commentCount":0,"image":{"@id":"https:\/\/www.gaveanews.com\/index.php\/2025\/02\/05\/premio-do-botafogo-na-libertadores-salvou-o-lyon-na-europa\/#primaryimage"},"thumbnailUrl":"https:\/\/www.gaveanews.com\/wp-content\/uploads\/textor4.avif","articleSection":["Botafogo"],"inLanguage":"pt-BR","potentialAction":[{"@type":"CommentAction","name":"Comment","target":["https:\/\/www.gaveanews.com\/index.php\/2025\/02\/05\/premio-do-botafogo-na-libertadores-salvou-o-lyon-na-europa\/#respond"]}],"copyrightYear":"2025","copyrightHolder":{"@id":"https:\/\/www.gaveanews.com\/#organization"}},{"@type":"WebPage","@id":"https:\/\/www.gaveanews.com\/index.php\/2025\/02\/05\/premio-do-botafogo-na-libertadores-salvou-o-lyon-na-europa\/","url":"https:\/\/www.gaveanews.com\/index.php\/2025\/02\/05\/premio-do-botafogo-na-libertadores-salvou-o-lyon-na-europa\/","name":"Pr\u00eamio do Botafogo na Libertadores salvou o Lyon na Europa","isPartOf":{"@id":"https:\/\/www.gaveanews.com\/#website"},"primaryImageOfPage":{"@id":"https:\/\/www.gaveanews.com\/index.php\/2025\/02\/05\/premio-do-botafogo-na-libertadores-salvou-o-lyon-na-europa\/#primaryimage"},"image":{"@id":"https:\/\/www.gaveanews.com\/index.php\/2025\/02\/05\/premio-do-botafogo-na-libertadores-salvou-o-lyon-na-europa\/#primaryimage"},"thumbnailUrl":"https:\/\/www.gaveanews.com\/wp-content\/uploads\/textor4.avif","datePublished":"2025-02-05T18:05:20+00:00","author":{"@id":"https:\/\/www.gaveanews.com\/#\/schema\/person\/0eb3e3fe1754f0205218538adbe8f5ed"},"breadcrumb":{"@id":"https:\/\/www.gaveanews.com\/index.php\/2025\/02\/05\/premio-do-botafogo-na-libertadores-salvou-o-lyon-na-europa\/#breadcrumb"},"inLanguage":"pt-BR","potentialAction":[{"@type":"ReadAction","target":["https:\/\/www.gaveanews.com\/index.php\/2025\/02\/05\/premio-do-botafogo-na-libertadores-salvou-o-lyon-na-europa\/"]}]},{"@type":"ImageObject","inLanguage":"pt-BR","@id":"https:\/\/www.gaveanews.com\/index.php\/2025\/02\/05\/premio-do-botafogo-na-libertadores-salvou-o-lyon-na-europa\/#primaryimage","url":"https:\/\/www.gaveanews.com\/wp-content\/uploads\/textor4.avif","contentUrl":"https:\/\/www.gaveanews.com\/wp-content\/uploads\/textor4.avif","width":888,"height":602,"caption":"John Textor, dono da SAF do Botafogo \u2014 Foto: Reprodu\u00e7\u00e3o"},{"@type":"BreadcrumbList","@id":"https:\/\/www.gaveanews.com\/index.php\/2025\/02\/05\/premio-do-botafogo-na-libertadores-salvou-o-lyon-na-europa\/#breadcrumb","itemListElement":[{"@type":"ListItem","position":1,"name":"Home","item":"https:\/\/www.gaveanews.com\/"},{"@type":"ListItem","position":2,"name":"Pr\u00eamio do Botafogo na Libertadores salvou o Lyon na Europa"}]},{"@type":"WebSite","@id":"https:\/\/www.gaveanews.com\/#website","url":"https:\/\/www.gaveanews.com\/","name":"G\u00e1vea News","description":"Veja todas as not\u00edcias sobre o Flamengo: Contrata\u00e7\u00f5es, categorias de base, resultados das partidas, tabela de classifica\u00e7\u00e3o, pr\u00f3ximos jogos!","potentialAction":[{"@type":"SearchAction","target":{"@type":"EntryPoint","urlTemplate":"https:\/\/www.gaveanews.com\/?s={search_term_string}"},"query-input":{"@type":"PropertyValueSpecification","valueRequired":true,"valueName":"search_term_string"}}],"inLanguage":"pt-BR"},{"@type":"Person","@id":"https:\/\/www.gaveanews.com\/#\/schema\/person\/0eb3e3fe1754f0205218538adbe8f5ed","name":"Rafaela Ladeira","image":{"@type":"ImageObject","inLanguage":"pt-BR","@id":"https:\/\/www.gaveanews.com\/#\/schema\/person\/image\/","url":"https:\/\/secure.gravatar.com\/avatar\/c31f513acffd85eacab5730cbdfdbbf59f21ba5aeada8cd890acea879fbb2455?s=96&d=mm&r=g","contentUrl":"https:\/\/secure.gravatar.com\/avatar\/c31f513acffd85eacab5730cbdfdbbf59f21ba5aeada8cd890acea879fbb2455?s=96&d=mm&r=g","caption":"Rafaela Ladeira"}}]}},"_links":{"self":[{"href":"https:\/\/www.gaveanews.com\/index.php\/wp-json\/wp\/v2\/posts\/223648","targetHints":{"allow":["GET"]}}],"collection":[{"href":"https:\/\/www.gaveanews.com\/index.php\/wp-json\/wp\/v2\/posts"}],"about":[{"href":"https:\/\/www.gaveanews.com\/index.php\/wp-json\/wp\/v2\/types\/post"}],"author":[{"embeddable":true,"href":"https:\/\/www.gaveanews.com\/index.php\/wp-json\/wp\/v2\/users\/25"}],"replies":[{"embeddable":true,"href":"https:\/\/www.gaveanews.com\/index.php\/wp-json\/wp\/v2\/comments?post=223648"}],"version-history":[{"count":1,"href":"https:\/\/www.gaveanews.com\/index.php\/wp-json\/wp\/v2\/posts\/223648\/revisions"}],"predecessor-version":[{"id":223649,"href":"https:\/\/www.gaveanews.com\/index.php\/wp-json\/wp\/v2\/posts\/223648\/revisions\/223649"}],"wp:featuredmedia":[{"embeddable":true,"href":"https:\/\/www.gaveanews.com\/index.php\/wp-json\/wp\/v2\/media\/146326"}],"wp:attachment":[{"href":"https:\/\/www.gaveanews.com\/index.php\/wp-json\/wp\/v2\/media?parent=223648"}],"wp:term":[{"taxonomy":"category","embeddable":true,"href":"https:\/\/www.gaveanews.com\/index.php\/wp-json\/wp\/v2\/categories?post=223648"},{"taxonomy":"post_tag","embeddable":true,"href":"https:\/\/www.gaveanews.com\/index.php\/wp-json\/wp\/v2\/tags?post=223648"}],"curies":[{"name":"wp","href":"https:\/\/api.w.org\/{rel}","templated":true}]}}