{"id":223660,"date":"2025-02-05T15:10:00","date_gmt":"2025-02-05T18:10:00","guid":{"rendered":"https:\/\/www.gaveanews.com\/?p=223660"},"modified":"2025-02-05T14:38:48","modified_gmt":"2025-02-05T17:38:48","slug":"rivaldo-faz-publicacao-direcionada-a-neymar-do-santos","status":"publish","type":"post","link":"https:\/\/www.gaveanews.com\/index.php\/2025\/02\/05\/rivaldo-faz-publicacao-direcionada-a-neymar-do-santos\/","title":{"rendered":"Rivaldo faz publica\u00e7\u00e3o direcionada a Neymar, do Santos"},"content":{"rendered":"\n<p>Nesta quarta-feira (5\/2), Neymar completou 33 anos e recebeu diversas mensagens de parab\u00e9ns de campe\u00f5es mundiais com a Sele\u00e7\u00e3o Brasileira. O atacante do Santos, que segue sendo um dos principais nomes do futebol mundial, viu seu anivers\u00e1rio ser marcado por intera\u00e7\u00f5es nas redes sociais, incluindo uma publica\u00e7\u00e3o do pentacampe\u00e3o Rivaldo.&nbsp;<\/p>\n\n\n\n<p>No entanto, a rela\u00e7\u00e3o entre os dois n\u00e3o tem sido das mais tranquilas, principalmente ap\u00f3s uma pol\u00eamica recente envolvendo declara\u00e7\u00f5es de Neymar sobre a Copa do Mundo de 2002.<\/p>\n\n\n\n<h2 class=\"wp-block-heading\" id=\"h-a-polemica-e-o-comentario-de-neymar\">A pol\u00eamica e o coment\u00e1rio de Neymar<\/h2>\n\n\n\n<p>Em janeiro, Neymar fez uma declara\u00e7\u00e3o em que afirmou que substituiria Rivaldo na Sele\u00e7\u00e3o Brasileira que conquistou a Copa do Mundo de 2002. A afirma\u00e7\u00e3o n\u00e3o agradou Rivaldo, que n\u00e3o hesitou em se manifestar nas redes sociais, expressando seu descontentamento com as palavras de Neymar.&nbsp;<\/p>\n\n\n\n<p>O coment\u00e1rio de Neymar gerou bastante repercuss\u00e3o, principalmente porque Rivaldo \u00e9 lembrado como um dos \u00edcones daquele t\u00edtulo mundial.<\/p>\n\n\n\n<p>Al\u00e9m disso, Neymar respondeu de forma provocativa, dizendo: \u201cVoc\u00ea n\u00e3o quer que eu tire Ronaldo ou Ronaldinho, n\u00e9?\u201d. Dessa maneira, o coment\u00e1rio de Neymar fez a pol\u00eamica se intensificar, criando um ambiente de atrito entre os dois craques.<\/p>\n\n\n\n<h2 class=\"wp-block-heading\" id=\"h-rivaldo-se-pronuncia-e-deseja-felicidades\">Rivaldo se pronuncia e deseja felicidades<\/h2>\n\n\n\n<p>Apesar das trocas de farpas, Rivaldo n\u00e3o deixou o anivers\u00e1rio de Neymar passar em branco. O pentacampe\u00e3o fez quest\u00e3o de deixar uma mensagem de felicita\u00e7\u00f5es, mostrando que, mesmo com as diferen\u00e7as, o respeito permanece entre os dois.&nbsp;<\/p>\n\n\n\n<p>A atitude de Rivaldo demonstra maturidade e, ao mesmo tempo, refor\u00e7a a import\u00e2ncia de valores como respeito no futebol, independentemente das diverg\u00eancias.<\/p>\n\n\n\n<p>Ele escreveu nas redes sociais: &#8220;Feliz anivers\u00e1rio, Neymar. Que Deus te aben\u00e7oe grandemente hoje e sempre, derramando sobre voc\u00ea muita sa\u00fade, alegria e sabedoria. Que todos os seus sonhos se realizem e que voc\u00ea continue brilhando dentro e fora de campo, inspirando milh\u00f5es de pessoas. Sucesso, felicidades e muitas conquistas pela frente. Um forte abra\u00e7o.&#8221;<\/p>\n\n\n\n<figure class=\"wp-block-embed is-type-photo is-provider-flickr wp-block-embed-flickr\"><div class=\"wp-block-embed__wrapper\">\n<a href=\"https:\/\/flic.kr\/p\/2qK7gcr\"><img loading=\"lazy\" decoding=\"async\" src=\"https:\/\/live.staticflickr.com\/65535\/54309086099_c217a5b8c0_c.webp\" alt=\"Rivaldo parabeniza neymar\" width=\"450\" height=\"800\" \/><\/a>\n<\/div><\/figure>\n","protected":false},"excerpt":{"rendered":"<p>Nesta quarta-feira (5\/2), Neymar completou 33 anos e recebeu diversas mensagens de parab\u00e9ns de campe\u00f5es mundiais com a Sele\u00e7\u00e3o Brasileira. O atacante do Santos, que segue sendo um dos principais nomes do futebol mundial, viu seu anivers\u00e1rio ser marcado por intera\u00e7\u00f5es nas redes sociais, incluindo uma publica\u00e7\u00e3o do pentacampe\u00e3o Rivaldo.&nbsp; No entanto, a rela\u00e7\u00e3o entre [&hellip;]<\/p>\n","protected":false},"author":25,"featured_media":205136,"comment_status":"open","ping_status":"closed","sticky":false,"template":"","format":"standard","meta":{"footnotes":""},"categories":[139],"tags":[],"class_list":["post-223660","post","type-post","status-publish","format-standard","has-post-thumbnail","hentry","category-santos"],"yoast_head":"<!-- This site is optimized with the Yoast SEO Premium plugin v24.2 (Yoast SEO v26.9) - https:\/\/yoast.com\/product\/yoast-seo-premium-wordpress\/ -->\n<title>Rivaldo faz publica\u00e7\u00e3o direcionada a Neymar, do Santos<\/title>\n<meta name=\"robots\" content=\"index, follow, max-snippet:-1, max-image-preview:large, max-video-preview:-1\" \/>\n<link rel=\"canonical\" href=\"https:\/\/www.gaveanews.com\/index.php\/2025\/02\/05\/rivaldo-faz-publicacao-direcionada-a-neymar-do-santos\/\" \/>\n<meta property=\"og:locale\" content=\"pt_BR\" \/>\n<meta property=\"og:type\" content=\"article\" \/>\n<meta property=\"og:title\" content=\"Rivaldo faz publica\u00e7\u00e3o direcionada a Neymar, do Santos\" \/>\n<meta property=\"og:description\" content=\"Nesta quarta-feira (5\/2), Neymar completou 33 anos e recebeu diversas mensagens de parab\u00e9ns de campe\u00f5es mundiais com a Sele\u00e7\u00e3o Brasileira. O atacante do Santos, que segue sendo um dos principais nomes do futebol mundial, viu seu anivers\u00e1rio ser marcado por intera\u00e7\u00f5es nas redes sociais, incluindo uma publica\u00e7\u00e3o do pentacampe\u00e3o Rivaldo.&nbsp; No entanto, a rela\u00e7\u00e3o entre [&hellip;]\" \/>\n<meta property=\"og:url\" content=\"https:\/\/www.gaveanews.com\/index.php\/2025\/02\/05\/rivaldo-faz-publicacao-direcionada-a-neymar-do-santos\/\" \/>\n<meta property=\"og:site_name\" content=\"G\u00e1vea News\" \/>\n<meta property=\"article:publisher\" content=\"https:\/\/facebook.com\/gaveaNews\/\" \/>\n<meta property=\"article:published_time\" content=\"2025-02-05T18:10:00+00:00\" \/>\n<meta property=\"og:image\" content=\"https:\/\/www.gaveanews.com\/wp-content\/uploads\/Rivaldo.webp\" \/>\n\t<meta property=\"og:image:width\" content=\"478\" \/>\n\t<meta property=\"og:image:height\" content=\"328\" \/>\n\t<meta property=\"og:image:type\" content=\"image\/jpeg\" \/>\n<meta name=\"author\" content=\"Rafaela Ladeira\" \/>\n<meta name=\"twitter:card\" content=\"summary_large_image\" \/>\n<meta name=\"twitter:label1\" content=\"Escrito por\" \/>\n\t<meta name=\"twitter:data1\" content=\"Rafaela Ladeira\" \/>\n\t<meta name=\"twitter:label2\" content=\"Est. tempo de leitura\" \/>\n\t<meta name=\"twitter:data2\" content=\"2 minutos\" \/>\n<script type=\"application\/ld+json\" class=\"yoast-schema-graph\">{\"@context\":\"https:\/\/schema.org\",\"@graph\":[{\"@type\":\"NewsArticle\",\"@id\":\"https:\/\/www.gaveanews.com\/index.php\/2025\/02\/05\/rivaldo-faz-publicacao-direcionada-a-neymar-do-santos\/#article\",\"isPartOf\":{\"@id\":\"https:\/\/www.gaveanews.com\/index.php\/2025\/02\/05\/rivaldo-faz-publicacao-direcionada-a-neymar-do-santos\/\"},\"author\":{\"name\":\"Rafaela Ladeira\",\"@id\":\"https:\/\/www.gaveanews.com\/#\/schema\/person\/0eb3e3fe1754f0205218538adbe8f5ed\"},\"headline\":\"Rivaldo faz publica\u00e7\u00e3o direcionada a Neymar, do Santos\",\"datePublished\":\"2025-02-05T18:10:00+00:00\",\"mainEntityOfPage\":{\"@id\":\"https:\/\/www.gaveanews.com\/index.php\/2025\/02\/05\/rivaldo-faz-publicacao-direcionada-a-neymar-do-santos\/\"},\"wordCount\":361,\"commentCount\":0,\"image\":{\"@id\":\"https:\/\/www.gaveanews.com\/index.php\/2025\/02\/05\/rivaldo-faz-publicacao-direcionada-a-neymar-do-santos\/#primaryimage\"},\"thumbnailUrl\":\"https:\/\/www.gaveanews.com\/wp-content\/uploads\/Rivaldo.webp\",\"articleSection\":[\"Santos\"],\"inLanguage\":\"pt-BR\",\"potentialAction\":[{\"@type\":\"CommentAction\",\"name\":\"Comment\",\"target\":[\"https:\/\/www.gaveanews.com\/index.php\/2025\/02\/05\/rivaldo-faz-publicacao-direcionada-a-neymar-do-santos\/#respond\"]}],\"copyrightYear\":\"2025\",\"copyrightHolder\":{\"@id\":\"https:\/\/www.gaveanews.com\/#organization\"}},{\"@type\":\"WebPage\",\"@id\":\"https:\/\/www.gaveanews.com\/index.php\/2025\/02\/05\/rivaldo-faz-publicacao-direcionada-a-neymar-do-santos\/\",\"url\":\"https:\/\/www.gaveanews.com\/index.php\/2025\/02\/05\/rivaldo-faz-publicacao-direcionada-a-neymar-do-santos\/\",\"name\":\"Rivaldo faz publica\u00e7\u00e3o direcionada a Neymar, do Santos\",\"isPartOf\":{\"@id\":\"https:\/\/www.gaveanews.com\/#website\"},\"primaryImageOfPage\":{\"@id\":\"https:\/\/www.gaveanews.com\/index.php\/2025\/02\/05\/rivaldo-faz-publicacao-direcionada-a-neymar-do-santos\/#primaryimage\"},\"image\":{\"@id\":\"https:\/\/www.gaveanews.com\/index.php\/2025\/02\/05\/rivaldo-faz-publicacao-direcionada-a-neymar-do-santos\/#primaryimage\"},\"thumbnailUrl\":\"https:\/\/www.gaveanews.com\/wp-content\/uploads\/Rivaldo.webp\",\"datePublished\":\"2025-02-05T18:10:00+00:00\",\"author\":{\"@id\":\"https:\/\/www.gaveanews.com\/#\/schema\/person\/0eb3e3fe1754f0205218538adbe8f5ed\"},\"breadcrumb\":{\"@id\":\"https:\/\/www.gaveanews.com\/index.php\/2025\/02\/05\/rivaldo-faz-publicacao-direcionada-a-neymar-do-santos\/#breadcrumb\"},\"inLanguage\":\"pt-BR\",\"potentialAction\":[{\"@type\":\"ReadAction\",\"target\":[\"https:\/\/www.gaveanews.com\/index.php\/2025\/02\/05\/rivaldo-faz-publicacao-direcionada-a-neymar-do-santos\/\"]}]},{\"@type\":\"ImageObject\",\"inLanguage\":\"pt-BR\",\"@id\":\"https:\/\/www.gaveanews.com\/index.php\/2025\/02\/05\/rivaldo-faz-publicacao-direcionada-a-neymar-do-santos\/#primaryimage\",\"url\":\"https:\/\/www.gaveanews.com\/wp-content\/uploads\/Rivaldo.webp\",\"contentUrl\":\"https:\/\/www.gaveanews.com\/wp-content\/uploads\/Rivaldo.webp\",\"width\":478,\"height\":328,\"caption\":\"Rivaldo (Foto: Reprodu\u00e7\u00e3o)\"},{\"@type\":\"BreadcrumbList\",\"@id\":\"https:\/\/www.gaveanews.com\/index.php\/2025\/02\/05\/rivaldo-faz-publicacao-direcionada-a-neymar-do-santos\/#breadcrumb\",\"itemListElement\":[{\"@type\":\"ListItem\",\"position\":1,\"name\":\"Home\",\"item\":\"https:\/\/www.gaveanews.com\/\"},{\"@type\":\"ListItem\",\"position\":2,\"name\":\"Rivaldo faz publica\u00e7\u00e3o direcionada a Neymar, do Santos\"}]},{\"@type\":\"WebSite\",\"@id\":\"https:\/\/www.gaveanews.com\/#website\",\"url\":\"https:\/\/www.gaveanews.com\/\",\"name\":\"G\u00e1vea News\",\"description\":\"Veja todas as not\u00edcias sobre o Flamengo: Contrata\u00e7\u00f5es, categorias de base, resultados das partidas, tabela de classifica\u00e7\u00e3o, pr\u00f3ximos jogos!\",\"potentialAction\":[{\"@type\":\"SearchAction\",\"target\":{\"@type\":\"EntryPoint\",\"urlTemplate\":\"https:\/\/www.gaveanews.com\/?s={search_term_string}\"},\"query-input\":{\"@type\":\"PropertyValueSpecification\",\"valueRequired\":true,\"valueName\":\"search_term_string\"}}],\"inLanguage\":\"pt-BR\"},{\"@type\":\"Person\",\"@id\":\"https:\/\/www.gaveanews.com\/#\/schema\/person\/0eb3e3fe1754f0205218538adbe8f5ed\",\"name\":\"Rafaela Ladeira\",\"image\":{\"@type\":\"ImageObject\",\"inLanguage\":\"pt-BR\",\"@id\":\"https:\/\/www.gaveanews.com\/#\/schema\/person\/image\/\",\"url\":\"https:\/\/secure.gravatar.com\/avatar\/c31f513acffd85eacab5730cbdfdbbf59f21ba5aeada8cd890acea879fbb2455?s=96&d=mm&r=g\",\"contentUrl\":\"https:\/\/secure.gravatar.com\/avatar\/c31f513acffd85eacab5730cbdfdbbf59f21ba5aeada8cd890acea879fbb2455?s=96&d=mm&r=g\",\"caption\":\"Rafaela Ladeira\"}}]}<\/script>\n<!-- \/ Yoast SEO Premium plugin. -->","yoast_head_json":{"title":"Rivaldo faz publica\u00e7\u00e3o direcionada a Neymar, do Santos","robots":{"index":"index","follow":"follow","max-snippet":"max-snippet:-1","max-image-preview":"max-image-preview:large","max-video-preview":"max-video-preview:-1"},"canonical":"https:\/\/www.gaveanews.com\/index.php\/2025\/02\/05\/rivaldo-faz-publicacao-direcionada-a-neymar-do-santos\/","og_locale":"pt_BR","og_type":"article","og_title":"Rivaldo faz publica\u00e7\u00e3o direcionada a Neymar, do Santos","og_description":"Nesta quarta-feira (5\/2), Neymar completou 33 anos e recebeu diversas mensagens de parab\u00e9ns de campe\u00f5es mundiais com a Sele\u00e7\u00e3o Brasileira. O atacante do Santos, que segue sendo um dos principais nomes do futebol mundial, viu seu anivers\u00e1rio ser marcado por intera\u00e7\u00f5es nas redes sociais, incluindo uma publica\u00e7\u00e3o do pentacampe\u00e3o Rivaldo.&nbsp; No entanto, a rela\u00e7\u00e3o entre [&hellip;]","og_url":"https:\/\/www.gaveanews.com\/index.php\/2025\/02\/05\/rivaldo-faz-publicacao-direcionada-a-neymar-do-santos\/","og_site_name":"G\u00e1vea News","article_publisher":"https:\/\/facebook.com\/gaveaNews\/","article_published_time":"2025-02-05T18:10:00+00:00","og_image":[{"width":478,"height":328,"url":"https:\/\/www.gaveanews.com\/wp-content\/uploads\/Rivaldo.webp","type":"image\/jpeg"}],"author":"Rafaela Ladeira","twitter_card":"summary_large_image","twitter_misc":{"Escrito por":"Rafaela Ladeira","Est. tempo de leitura":"2 minutos"},"schema":{"@context":"https:\/\/schema.org","@graph":[{"@type":"NewsArticle","@id":"https:\/\/www.gaveanews.com\/index.php\/2025\/02\/05\/rivaldo-faz-publicacao-direcionada-a-neymar-do-santos\/#article","isPartOf":{"@id":"https:\/\/www.gaveanews.com\/index.php\/2025\/02\/05\/rivaldo-faz-publicacao-direcionada-a-neymar-do-santos\/"},"author":{"name":"Rafaela Ladeira","@id":"https:\/\/www.gaveanews.com\/#\/schema\/person\/0eb3e3fe1754f0205218538adbe8f5ed"},"headline":"Rivaldo faz publica\u00e7\u00e3o direcionada a Neymar, do Santos","datePublished":"2025-02-05T18:10:00+00:00","mainEntityOfPage":{"@id":"https:\/\/www.gaveanews.com\/index.php\/2025\/02\/05\/rivaldo-faz-publicacao-direcionada-a-neymar-do-santos\/"},"wordCount":361,"commentCount":0,"image":{"@id":"https:\/\/www.gaveanews.com\/index.php\/2025\/02\/05\/rivaldo-faz-publicacao-direcionada-a-neymar-do-santos\/#primaryimage"},"thumbnailUrl":"https:\/\/www.gaveanews.com\/wp-content\/uploads\/Rivaldo.webp","articleSection":["Santos"],"inLanguage":"pt-BR","potentialAction":[{"@type":"CommentAction","name":"Comment","target":["https:\/\/www.gaveanews.com\/index.php\/2025\/02\/05\/rivaldo-faz-publicacao-direcionada-a-neymar-do-santos\/#respond"]}],"copyrightYear":"2025","copyrightHolder":{"@id":"https:\/\/www.gaveanews.com\/#organization"}},{"@type":"WebPage","@id":"https:\/\/www.gaveanews.com\/index.php\/2025\/02\/05\/rivaldo-faz-publicacao-direcionada-a-neymar-do-santos\/","url":"https:\/\/www.gaveanews.com\/index.php\/2025\/02\/05\/rivaldo-faz-publicacao-direcionada-a-neymar-do-santos\/","name":"Rivaldo faz publica\u00e7\u00e3o direcionada a Neymar, do Santos","isPartOf":{"@id":"https:\/\/www.gaveanews.com\/#website"},"primaryImageOfPage":{"@id":"https:\/\/www.gaveanews.com\/index.php\/2025\/02\/05\/rivaldo-faz-publicacao-direcionada-a-neymar-do-santos\/#primaryimage"},"image":{"@id":"https:\/\/www.gaveanews.com\/index.php\/2025\/02\/05\/rivaldo-faz-publicacao-direcionada-a-neymar-do-santos\/#primaryimage"},"thumbnailUrl":"https:\/\/www.gaveanews.com\/wp-content\/uploads\/Rivaldo.webp","datePublished":"2025-02-05T18:10:00+00:00","author":{"@id":"https:\/\/www.gaveanews.com\/#\/schema\/person\/0eb3e3fe1754f0205218538adbe8f5ed"},"breadcrumb":{"@id":"https:\/\/www.gaveanews.com\/index.php\/2025\/02\/05\/rivaldo-faz-publicacao-direcionada-a-neymar-do-santos\/#breadcrumb"},"inLanguage":"pt-BR","potentialAction":[{"@type":"ReadAction","target":["https:\/\/www.gaveanews.com\/index.php\/2025\/02\/05\/rivaldo-faz-publicacao-direcionada-a-neymar-do-santos\/"]}]},{"@type":"ImageObject","inLanguage":"pt-BR","@id":"https:\/\/www.gaveanews.com\/index.php\/2025\/02\/05\/rivaldo-faz-publicacao-direcionada-a-neymar-do-santos\/#primaryimage","url":"https:\/\/www.gaveanews.com\/wp-content\/uploads\/Rivaldo.webp","contentUrl":"https:\/\/www.gaveanews.com\/wp-content\/uploads\/Rivaldo.webp","width":478,"height":328,"caption":"Rivaldo (Foto: Reprodu\u00e7\u00e3o)"},{"@type":"BreadcrumbList","@id":"https:\/\/www.gaveanews.com\/index.php\/2025\/02\/05\/rivaldo-faz-publicacao-direcionada-a-neymar-do-santos\/#breadcrumb","itemListElement":[{"@type":"ListItem","position":1,"name":"Home","item":"https:\/\/www.gaveanews.com\/"},{"@type":"ListItem","position":2,"name":"Rivaldo faz publica\u00e7\u00e3o direcionada a Neymar, do Santos"}]},{"@type":"WebSite","@id":"https:\/\/www.gaveanews.com\/#website","url":"https:\/\/www.gaveanews.com\/","name":"G\u00e1vea News","description":"Veja todas as not\u00edcias sobre o Flamengo: Contrata\u00e7\u00f5es, categorias de base, resultados das partidas, tabela de classifica\u00e7\u00e3o, pr\u00f3ximos jogos!","potentialAction":[{"@type":"SearchAction","target":{"@type":"EntryPoint","urlTemplate":"https:\/\/www.gaveanews.com\/?s={search_term_string}"},"query-input":{"@type":"PropertyValueSpecification","valueRequired":true,"valueName":"search_term_string"}}],"inLanguage":"pt-BR"},{"@type":"Person","@id":"https:\/\/www.gaveanews.com\/#\/schema\/person\/0eb3e3fe1754f0205218538adbe8f5ed","name":"Rafaela Ladeira","image":{"@type":"ImageObject","inLanguage":"pt-BR","@id":"https:\/\/www.gaveanews.com\/#\/schema\/person\/image\/","url":"https:\/\/secure.gravatar.com\/avatar\/c31f513acffd85eacab5730cbdfdbbf59f21ba5aeada8cd890acea879fbb2455?s=96&d=mm&r=g","contentUrl":"https:\/\/secure.gravatar.com\/avatar\/c31f513acffd85eacab5730cbdfdbbf59f21ba5aeada8cd890acea879fbb2455?s=96&d=mm&r=g","caption":"Rafaela Ladeira"}}]}},"_links":{"self":[{"href":"https:\/\/www.gaveanews.com\/index.php\/wp-json\/wp\/v2\/posts\/223660","targetHints":{"allow":["GET"]}}],"collection":[{"href":"https:\/\/www.gaveanews.com\/index.php\/wp-json\/wp\/v2\/posts"}],"about":[{"href":"https:\/\/www.gaveanews.com\/index.php\/wp-json\/wp\/v2\/types\/post"}],"author":[{"embeddable":true,"href":"https:\/\/www.gaveanews.com\/index.php\/wp-json\/wp\/v2\/users\/25"}],"replies":[{"embeddable":true,"href":"https:\/\/www.gaveanews.com\/index.php\/wp-json\/wp\/v2\/comments?post=223660"}],"version-history":[{"count":1,"href":"https:\/\/www.gaveanews.com\/index.php\/wp-json\/wp\/v2\/posts\/223660\/revisions"}],"predecessor-version":[{"id":223662,"href":"https:\/\/www.gaveanews.com\/index.php\/wp-json\/wp\/v2\/posts\/223660\/revisions\/223662"}],"wp:featuredmedia":[{"embeddable":true,"href":"https:\/\/www.gaveanews.com\/index.php\/wp-json\/wp\/v2\/media\/205136"}],"wp:attachment":[{"href":"https:\/\/www.gaveanews.com\/index.php\/wp-json\/wp\/v2\/media?parent=223660"}],"wp:term":[{"taxonomy":"category","embeddable":true,"href":"https:\/\/www.gaveanews.com\/index.php\/wp-json\/wp\/v2\/categories?post=223660"},{"taxonomy":"post_tag","embeddable":true,"href":"https:\/\/www.gaveanews.com\/index.php\/wp-json\/wp\/v2\/tags?post=223660"}],"curies":[{"name":"wp","href":"https:\/\/api.w.org\/{rel}","templated":true}]}}