{"id":223666,"date":"2025-02-05T18:23:59","date_gmt":"2025-02-05T21:23:59","guid":{"rendered":"https:\/\/www.gaveanews.com\/?p=223666"},"modified":"2025-02-05T18:24:02","modified_gmt":"2025-02-05T21:24:02","slug":"flamengo-lorran-muda-de-ideia-e-tera-outro-destino","status":"publish","type":"post","link":"https:\/\/www.gaveanews.com\/index.php\/2025\/02\/05\/flamengo-lorran-muda-de-ideia-e-tera-outro-destino\/","title":{"rendered":"Flamengo: Lorran muda de ideia e ter\u00e1 outro destino"},"content":{"rendered":"\n<p>O futuro do meia Lorran pode ter uma grande reviravolta. Depois de praticamente acertar sua ida ao CSKA, da R\u00fassia, e aguardar apenas as defini\u00e7\u00f5es entre Flamengo e o time russo, o jovem mudou de ideia em rela\u00e7\u00e3o \u00e0 negocia\u00e7\u00e3o.<\/p>\n\n\n\n<p>De acordo com o youtuber &#8216;Flazoeiro&#8217;<strong>,<\/strong> Lorran mudou de ideia e n\u00e3o quer mais se transferir ao CSKA. O meia j\u00e1 tinha aceitado a proposta da equipe russa, enquanto o Flamengo est\u00e1 muito perto de concretizar a negocia\u00e7\u00e3o. A venda do jovem iria render 8 milh\u00f5es de euros aos cofres rubro-negros, cerca de R$ 48 milh\u00f5es na cota\u00e7\u00e3o atual.<\/p>\n\n\n\n<p>O CSKA insiste na contrata\u00e7\u00e3o de Lorran h\u00e1 alguns dias. O clube russo realizou uma proposta inicial de 5 milh\u00f5es de euros, subiu para 7 e chegou \u00e0 oferta final de 8 milh\u00f5es. O Flamengo topou o valor, mas queria um pagamento mais acelerado. Assim, as minutas por uma quita\u00e7\u00e3o total ainda em 2025 estavam sendo acordadas.<\/p>\n\n\n\n<p>Segundo &#8216;Flazoeiro&#8217;<strong>,<\/strong> Lorran j\u00e1 treinou at\u00e9 com o sub-20 nesta quarta-feira. Ele integrava o elenco principal do Flamengo, mas desceu para a base novamente. Assim, caso de fato permane\u00e7a, a tend\u00eancia \u00e9 que dispute a Libertadores da categoria, onde em 2024 foi fundamental no t\u00edtulo. Vale destacar que a negocia\u00e7\u00e3o estava t\u00e3o avan\u00e7ada, que o meia sequer foi relacionado contra a Portuguesa, mesmo Filipe Lu\u00eds levando time reserva.<\/p>\n\n\n\n<p>Lorran perdeu bastante espa\u00e7o nos \u00faltimos meses e recebeu um recado do t\u00e9cnico Filipe Lu\u00eds na \u00faltima coletiva. De acordo com o comandante, o jovem precisa voltar a se dedicar mais nos treinamentos para recuperar a minutagem.<\/p>\n\n\n\n<p>&#8220;\u00c9 um jogador talentos\u00edssimo. Ele foi meu jogador no sub-20. Ele precisa de minutos. Precisa se desenvolver, trabalhar, entender mais o jogo. \u00c9 continuar trabalhando e recuperar a melhor forma dele. O Lorran que todo mundo viu e se encantou. Isso \u00e9 com trabalho e paci\u00eancia. O futebol dele vai voltar. Quando ele come\u00e7ar outra vez a acabar com os treinos, ser o melhor dos treinos, vai voltar a ter mais minutos e ser importante pra gente&#8221;, disse Filipe Lu\u00eds.<\/p>\n","protected":false},"excerpt":{"rendered":"<p>O futuro do meia Lorran pode ter uma grande reviravolta. Depois de praticamente acertar sua ida ao CSKA, da R\u00fassia, e aguardar apenas as defini\u00e7\u00f5es entre Flamengo e o time russo, o jovem mudou de ideia em rela\u00e7\u00e3o \u00e0 negocia\u00e7\u00e3o. De acordo com o youtuber &#8216;Flazoeiro&#8217;, Lorran mudou de ideia e n\u00e3o quer mais se [&hellip;]<\/p>\n","protected":false},"author":32,"featured_media":142669,"comment_status":"open","ping_status":"closed","sticky":false,"template":"","format":"standard","meta":{"footnotes":""},"categories":[1],"tags":[],"class_list":["post-223666","post","type-post","status-publish","format-standard","has-post-thumbnail","hentry","category-flamengo"],"yoast_head":"<!-- This site is optimized with the Yoast SEO Premium plugin v24.2 (Yoast SEO v26.9) - https:\/\/yoast.com\/product\/yoast-seo-premium-wordpress\/ -->\n<title>Flamengo: Lorran muda de ideia e ter\u00e1 outro destino<\/title>\n<meta name=\"robots\" content=\"index, follow, max-snippet:-1, max-image-preview:large, max-video-preview:-1\" \/>\n<link rel=\"canonical\" href=\"https:\/\/www.gaveanews.com\/index.php\/2025\/02\/05\/flamengo-lorran-muda-de-ideia-e-tera-outro-destino\/\" \/>\n<meta property=\"og:locale\" content=\"pt_BR\" \/>\n<meta property=\"og:type\" content=\"article\" \/>\n<meta property=\"og:title\" content=\"Flamengo: Lorran muda de ideia e ter\u00e1 outro destino\" \/>\n<meta property=\"og:description\" content=\"O futuro do meia Lorran pode ter uma grande reviravolta. Depois de praticamente acertar sua ida ao CSKA, da R\u00fassia, e aguardar apenas as defini\u00e7\u00f5es entre Flamengo e o time russo, o jovem mudou de ideia em rela\u00e7\u00e3o \u00e0 negocia\u00e7\u00e3o. De acordo com o youtuber &#8216;Flazoeiro&#8217;, Lorran mudou de ideia e n\u00e3o quer mais se [&hellip;]\" \/>\n<meta property=\"og:url\" content=\"https:\/\/www.gaveanews.com\/index.php\/2025\/02\/05\/flamengo-lorran-muda-de-ideia-e-tera-outro-destino\/\" \/>\n<meta property=\"og:site_name\" content=\"G\u00e1vea News\" \/>\n<meta property=\"article:publisher\" content=\"https:\/\/facebook.com\/gaveaNews\/\" \/>\n<meta property=\"article:published_time\" content=\"2025-02-05T21:23:59+00:00\" \/>\n<meta property=\"article:modified_time\" content=\"2025-02-05T21:24:02+00:00\" \/>\n<meta name=\"author\" content=\"Matheus Leal\" \/>\n<meta name=\"twitter:card\" content=\"summary_large_image\" \/>\n<meta name=\"twitter:label1\" content=\"Escrito por\" \/>\n\t<meta name=\"twitter:data1\" content=\"Matheus Leal\" \/>\n\t<meta name=\"twitter:label2\" content=\"Est. tempo de leitura\" \/>\n\t<meta name=\"twitter:data2\" content=\"3 minutos\" \/>\n<script type=\"application\/ld+json\" class=\"yoast-schema-graph\">{\"@context\":\"https:\/\/schema.org\",\"@graph\":[{\"@type\":\"NewsArticle\",\"@id\":\"https:\/\/www.gaveanews.com\/index.php\/2025\/02\/05\/flamengo-lorran-muda-de-ideia-e-tera-outro-destino\/#article\",\"isPartOf\":{\"@id\":\"https:\/\/www.gaveanews.com\/index.php\/2025\/02\/05\/flamengo-lorran-muda-de-ideia-e-tera-outro-destino\/\"},\"author\":{\"name\":\"Matheus Leal\",\"@id\":\"https:\/\/www.gaveanews.com\/#\/schema\/person\/49ac99b6823a2b8d5087a6ce3aaaa128\"},\"headline\":\"Flamengo: Lorran muda de ideia e ter\u00e1 outro destino\",\"datePublished\":\"2025-02-05T21:23:59+00:00\",\"dateModified\":\"2025-02-05T21:24:02+00:00\",\"mainEntityOfPage\":{\"@id\":\"https:\/\/www.gaveanews.com\/index.php\/2025\/02\/05\/flamengo-lorran-muda-de-ideia-e-tera-outro-destino\/\"},\"wordCount\":364,\"commentCount\":0,\"image\":{\"@id\":\"https:\/\/www.gaveanews.com\/index.php\/2025\/02\/05\/flamengo-lorran-muda-de-ideia-e-tera-outro-destino\/#primaryimage\"},\"thumbnailUrl\":\"https:\/\/www.gaveanews.com\/wp-content\/uploads\/Lorran-comemora-seu-gol-na-partida-entre-Flamengo-e-Corinthians-realizada-no-Maracana.avif\",\"articleSection\":[\"Flamengo\"],\"inLanguage\":\"pt-BR\",\"potentialAction\":[{\"@type\":\"CommentAction\",\"name\":\"Comment\",\"target\":[\"https:\/\/www.gaveanews.com\/index.php\/2025\/02\/05\/flamengo-lorran-muda-de-ideia-e-tera-outro-destino\/#respond\"]}],\"copyrightYear\":\"2025\",\"copyrightHolder\":{\"@id\":\"https:\/\/www.gaveanews.com\/#organization\"}},{\"@type\":\"WebPage\",\"@id\":\"https:\/\/www.gaveanews.com\/index.php\/2025\/02\/05\/flamengo-lorran-muda-de-ideia-e-tera-outro-destino\/\",\"url\":\"https:\/\/www.gaveanews.com\/index.php\/2025\/02\/05\/flamengo-lorran-muda-de-ideia-e-tera-outro-destino\/\",\"name\":\"Flamengo: Lorran muda de ideia e ter\u00e1 outro destino\",\"isPartOf\":{\"@id\":\"https:\/\/www.gaveanews.com\/#website\"},\"primaryImageOfPage\":{\"@id\":\"https:\/\/www.gaveanews.com\/index.php\/2025\/02\/05\/flamengo-lorran-muda-de-ideia-e-tera-outro-destino\/#primaryimage\"},\"image\":{\"@id\":\"https:\/\/www.gaveanews.com\/index.php\/2025\/02\/05\/flamengo-lorran-muda-de-ideia-e-tera-outro-destino\/#primaryimage\"},\"thumbnailUrl\":\"https:\/\/www.gaveanews.com\/wp-content\/uploads\/Lorran-comemora-seu-gol-na-partida-entre-Flamengo-e-Corinthians-realizada-no-Maracana.avif\",\"datePublished\":\"2025-02-05T21:23:59+00:00\",\"dateModified\":\"2025-02-05T21:24:02+00:00\",\"author\":{\"@id\":\"https:\/\/www.gaveanews.com\/#\/schema\/person\/49ac99b6823a2b8d5087a6ce3aaaa128\"},\"breadcrumb\":{\"@id\":\"https:\/\/www.gaveanews.com\/index.php\/2025\/02\/05\/flamengo-lorran-muda-de-ideia-e-tera-outro-destino\/#breadcrumb\"},\"inLanguage\":\"pt-BR\",\"potentialAction\":[{\"@type\":\"ReadAction\",\"target\":[\"https:\/\/www.gaveanews.com\/index.php\/2025\/02\/05\/flamengo-lorran-muda-de-ideia-e-tera-outro-destino\/\"]}]},{\"@type\":\"ImageObject\",\"inLanguage\":\"pt-BR\",\"@id\":\"https:\/\/www.gaveanews.com\/index.php\/2025\/02\/05\/flamengo-lorran-muda-de-ideia-e-tera-outro-destino\/#primaryimage\",\"url\":\"https:\/\/www.gaveanews.com\/wp-content\/uploads\/Lorran-comemora-seu-gol-na-partida-entre-Flamengo-e-Corinthians-realizada-no-Maracana.avif\",\"contentUrl\":\"https:\/\/www.gaveanews.com\/wp-content\/uploads\/Lorran-comemora-seu-gol-na-partida-entre-Flamengo-e-Corinthians-realizada-no-Maracana.avif\",\"width\":888,\"height\":592,\"caption\":\"Lorran ao comemorar seu gol na partida entre Flamengo e Corinthians, realizada no Maracan\u00e3 (Foto: Gilvan de Souza\/Flamengo)\"},{\"@type\":\"BreadcrumbList\",\"@id\":\"https:\/\/www.gaveanews.com\/index.php\/2025\/02\/05\/flamengo-lorran-muda-de-ideia-e-tera-outro-destino\/#breadcrumb\",\"itemListElement\":[{\"@type\":\"ListItem\",\"position\":1,\"name\":\"Home\",\"item\":\"https:\/\/www.gaveanews.com\/\"},{\"@type\":\"ListItem\",\"position\":2,\"name\":\"Flamengo: Lorran muda de ideia e ter\u00e1 outro destino\"}]},{\"@type\":\"WebSite\",\"@id\":\"https:\/\/www.gaveanews.com\/#website\",\"url\":\"https:\/\/www.gaveanews.com\/\",\"name\":\"G\u00e1vea News\",\"description\":\"Veja todas as not\u00edcias sobre o Flamengo: Contrata\u00e7\u00f5es, categorias de base, resultados das partidas, tabela de classifica\u00e7\u00e3o, pr\u00f3ximos jogos!\",\"potentialAction\":[{\"@type\":\"SearchAction\",\"target\":{\"@type\":\"EntryPoint\",\"urlTemplate\":\"https:\/\/www.gaveanews.com\/?s={search_term_string}\"},\"query-input\":{\"@type\":\"PropertyValueSpecification\",\"valueRequired\":true,\"valueName\":\"search_term_string\"}}],\"inLanguage\":\"pt-BR\"},{\"@type\":\"Person\",\"@id\":\"https:\/\/www.gaveanews.com\/#\/schema\/person\/49ac99b6823a2b8d5087a6ce3aaaa128\",\"name\":\"Matheus Leal\",\"image\":{\"@type\":\"ImageObject\",\"inLanguage\":\"pt-BR\",\"@id\":\"https:\/\/www.gaveanews.com\/#\/schema\/person\/image\/\",\"url\":\"https:\/\/secure.gravatar.com\/avatar\/21c52300d1234416f9c886f6dadd7452d8b035ac505314a51e4f56731e90c481?s=96&d=mm&r=g\",\"contentUrl\":\"https:\/\/secure.gravatar.com\/avatar\/21c52300d1234416f9c886f6dadd7452d8b035ac505314a51e4f56731e90c481?s=96&d=mm&r=g\",\"caption\":\"Matheus Leal\"}}]}<\/script>\n<!-- \/ Yoast SEO Premium plugin. -->","yoast_head_json":{"title":"Flamengo: Lorran muda de ideia e ter\u00e1 outro destino","robots":{"index":"index","follow":"follow","max-snippet":"max-snippet:-1","max-image-preview":"max-image-preview:large","max-video-preview":"max-video-preview:-1"},"canonical":"https:\/\/www.gaveanews.com\/index.php\/2025\/02\/05\/flamengo-lorran-muda-de-ideia-e-tera-outro-destino\/","og_locale":"pt_BR","og_type":"article","og_title":"Flamengo: Lorran muda de ideia e ter\u00e1 outro destino","og_description":"O futuro do meia Lorran pode ter uma grande reviravolta. Depois de praticamente acertar sua ida ao CSKA, da R\u00fassia, e aguardar apenas as defini\u00e7\u00f5es entre Flamengo e o time russo, o jovem mudou de ideia em rela\u00e7\u00e3o \u00e0 negocia\u00e7\u00e3o. De acordo com o youtuber &#8216;Flazoeiro&#8217;, Lorran mudou de ideia e n\u00e3o quer mais se [&hellip;]","og_url":"https:\/\/www.gaveanews.com\/index.php\/2025\/02\/05\/flamengo-lorran-muda-de-ideia-e-tera-outro-destino\/","og_site_name":"G\u00e1vea News","article_publisher":"https:\/\/facebook.com\/gaveaNews\/","article_published_time":"2025-02-05T21:23:59+00:00","article_modified_time":"2025-02-05T21:24:02+00:00","author":"Matheus Leal","twitter_card":"summary_large_image","twitter_misc":{"Escrito por":"Matheus Leal","Est. tempo de leitura":"3 minutos"},"schema":{"@context":"https:\/\/schema.org","@graph":[{"@type":"NewsArticle","@id":"https:\/\/www.gaveanews.com\/index.php\/2025\/02\/05\/flamengo-lorran-muda-de-ideia-e-tera-outro-destino\/#article","isPartOf":{"@id":"https:\/\/www.gaveanews.com\/index.php\/2025\/02\/05\/flamengo-lorran-muda-de-ideia-e-tera-outro-destino\/"},"author":{"name":"Matheus Leal","@id":"https:\/\/www.gaveanews.com\/#\/schema\/person\/49ac99b6823a2b8d5087a6ce3aaaa128"},"headline":"Flamengo: Lorran muda de ideia e ter\u00e1 outro destino","datePublished":"2025-02-05T21:23:59+00:00","dateModified":"2025-02-05T21:24:02+00:00","mainEntityOfPage":{"@id":"https:\/\/www.gaveanews.com\/index.php\/2025\/02\/05\/flamengo-lorran-muda-de-ideia-e-tera-outro-destino\/"},"wordCount":364,"commentCount":0,"image":{"@id":"https:\/\/www.gaveanews.com\/index.php\/2025\/02\/05\/flamengo-lorran-muda-de-ideia-e-tera-outro-destino\/#primaryimage"},"thumbnailUrl":"https:\/\/www.gaveanews.com\/wp-content\/uploads\/Lorran-comemora-seu-gol-na-partida-entre-Flamengo-e-Corinthians-realizada-no-Maracana.avif","articleSection":["Flamengo"],"inLanguage":"pt-BR","potentialAction":[{"@type":"CommentAction","name":"Comment","target":["https:\/\/www.gaveanews.com\/index.php\/2025\/02\/05\/flamengo-lorran-muda-de-ideia-e-tera-outro-destino\/#respond"]}],"copyrightYear":"2025","copyrightHolder":{"@id":"https:\/\/www.gaveanews.com\/#organization"}},{"@type":"WebPage","@id":"https:\/\/www.gaveanews.com\/index.php\/2025\/02\/05\/flamengo-lorran-muda-de-ideia-e-tera-outro-destino\/","url":"https:\/\/www.gaveanews.com\/index.php\/2025\/02\/05\/flamengo-lorran-muda-de-ideia-e-tera-outro-destino\/","name":"Flamengo: Lorran muda de ideia e ter\u00e1 outro destino","isPartOf":{"@id":"https:\/\/www.gaveanews.com\/#website"},"primaryImageOfPage":{"@id":"https:\/\/www.gaveanews.com\/index.php\/2025\/02\/05\/flamengo-lorran-muda-de-ideia-e-tera-outro-destino\/#primaryimage"},"image":{"@id":"https:\/\/www.gaveanews.com\/index.php\/2025\/02\/05\/flamengo-lorran-muda-de-ideia-e-tera-outro-destino\/#primaryimage"},"thumbnailUrl":"https:\/\/www.gaveanews.com\/wp-content\/uploads\/Lorran-comemora-seu-gol-na-partida-entre-Flamengo-e-Corinthians-realizada-no-Maracana.avif","datePublished":"2025-02-05T21:23:59+00:00","dateModified":"2025-02-05T21:24:02+00:00","author":{"@id":"https:\/\/www.gaveanews.com\/#\/schema\/person\/49ac99b6823a2b8d5087a6ce3aaaa128"},"breadcrumb":{"@id":"https:\/\/www.gaveanews.com\/index.php\/2025\/02\/05\/flamengo-lorran-muda-de-ideia-e-tera-outro-destino\/#breadcrumb"},"inLanguage":"pt-BR","potentialAction":[{"@type":"ReadAction","target":["https:\/\/www.gaveanews.com\/index.php\/2025\/02\/05\/flamengo-lorran-muda-de-ideia-e-tera-outro-destino\/"]}]},{"@type":"ImageObject","inLanguage":"pt-BR","@id":"https:\/\/www.gaveanews.com\/index.php\/2025\/02\/05\/flamengo-lorran-muda-de-ideia-e-tera-outro-destino\/#primaryimage","url":"https:\/\/www.gaveanews.com\/wp-content\/uploads\/Lorran-comemora-seu-gol-na-partida-entre-Flamengo-e-Corinthians-realizada-no-Maracana.avif","contentUrl":"https:\/\/www.gaveanews.com\/wp-content\/uploads\/Lorran-comemora-seu-gol-na-partida-entre-Flamengo-e-Corinthians-realizada-no-Maracana.avif","width":888,"height":592,"caption":"Lorran ao comemorar seu gol na partida entre Flamengo e Corinthians, realizada no Maracan\u00e3 (Foto: Gilvan de Souza\/Flamengo)"},{"@type":"BreadcrumbList","@id":"https:\/\/www.gaveanews.com\/index.php\/2025\/02\/05\/flamengo-lorran-muda-de-ideia-e-tera-outro-destino\/#breadcrumb","itemListElement":[{"@type":"ListItem","position":1,"name":"Home","item":"https:\/\/www.gaveanews.com\/"},{"@type":"ListItem","position":2,"name":"Flamengo: Lorran muda de ideia e ter\u00e1 outro destino"}]},{"@type":"WebSite","@id":"https:\/\/www.gaveanews.com\/#website","url":"https:\/\/www.gaveanews.com\/","name":"G\u00e1vea News","description":"Veja todas as not\u00edcias sobre o Flamengo: Contrata\u00e7\u00f5es, categorias de base, resultados das partidas, tabela de classifica\u00e7\u00e3o, pr\u00f3ximos jogos!","potentialAction":[{"@type":"SearchAction","target":{"@type":"EntryPoint","urlTemplate":"https:\/\/www.gaveanews.com\/?s={search_term_string}"},"query-input":{"@type":"PropertyValueSpecification","valueRequired":true,"valueName":"search_term_string"}}],"inLanguage":"pt-BR"},{"@type":"Person","@id":"https:\/\/www.gaveanews.com\/#\/schema\/person\/49ac99b6823a2b8d5087a6ce3aaaa128","name":"Matheus Leal","image":{"@type":"ImageObject","inLanguage":"pt-BR","@id":"https:\/\/www.gaveanews.com\/#\/schema\/person\/image\/","url":"https:\/\/secure.gravatar.com\/avatar\/21c52300d1234416f9c886f6dadd7452d8b035ac505314a51e4f56731e90c481?s=96&d=mm&r=g","contentUrl":"https:\/\/secure.gravatar.com\/avatar\/21c52300d1234416f9c886f6dadd7452d8b035ac505314a51e4f56731e90c481?s=96&d=mm&r=g","caption":"Matheus Leal"}}]}},"_links":{"self":[{"href":"https:\/\/www.gaveanews.com\/index.php\/wp-json\/wp\/v2\/posts\/223666","targetHints":{"allow":["GET"]}}],"collection":[{"href":"https:\/\/www.gaveanews.com\/index.php\/wp-json\/wp\/v2\/posts"}],"about":[{"href":"https:\/\/www.gaveanews.com\/index.php\/wp-json\/wp\/v2\/types\/post"}],"author":[{"embeddable":true,"href":"https:\/\/www.gaveanews.com\/index.php\/wp-json\/wp\/v2\/users\/32"}],"replies":[{"embeddable":true,"href":"https:\/\/www.gaveanews.com\/index.php\/wp-json\/wp\/v2\/comments?post=223666"}],"version-history":[{"count":2,"href":"https:\/\/www.gaveanews.com\/index.php\/wp-json\/wp\/v2\/posts\/223666\/revisions"}],"predecessor-version":[{"id":223822,"href":"https:\/\/www.gaveanews.com\/index.php\/wp-json\/wp\/v2\/posts\/223666\/revisions\/223822"}],"wp:featuredmedia":[{"embeddable":true,"href":"https:\/\/www.gaveanews.com\/index.php\/wp-json\/wp\/v2\/media\/142669"}],"wp:attachment":[{"href":"https:\/\/www.gaveanews.com\/index.php\/wp-json\/wp\/v2\/media?parent=223666"}],"wp:term":[{"taxonomy":"category","embeddable":true,"href":"https:\/\/www.gaveanews.com\/index.php\/wp-json\/wp\/v2\/categories?post=223666"},{"taxonomy":"post_tag","embeddable":true,"href":"https:\/\/www.gaveanews.com\/index.php\/wp-json\/wp\/v2\/tags?post=223666"}],"curies":[{"name":"wp","href":"https:\/\/api.w.org\/{rel}","templated":true}]}}