{"id":223709,"date":"2025-02-05T18:00:00","date_gmt":"2025-02-05T21:00:00","guid":{"rendered":"https:\/\/www.gaveanews.com\/?p=223709"},"modified":"2025-02-05T16:32:00","modified_gmt":"2025-02-05T19:32:00","slug":"declaracao-de-quaresma-emprestimo-de-carlinhos-e-publicacao-de-casagrande-as-ultimas-noticias-do-flamengo","status":"publish","type":"post","link":"https:\/\/www.gaveanews.com\/index.php\/2025\/02\/05\/declaracao-de-quaresma-emprestimo-de-carlinhos-e-publicacao-de-casagrande-as-ultimas-noticias-do-flamengo\/","title":{"rendered":"Declara\u00e7\u00e3o de Quaresma, empr\u00e9stimo de Carlinhos e publica\u00e7\u00e3o de Casagrande: as \u00faltimas not\u00edcias do Flamengo"},"content":{"rendered":"\n<p>Nas \u00faltimas horas, o foco das not\u00edcias sobre o Flamengo se concentram nos bastidores do clube, com destaques do dia a dia do time.<\/p>\n\n\n\n<p>Por conta deste contexto, leia abaixo um resumo preparado pela equipe do portal G\u00e1vea News para lhe manter muito bem informado!<\/p>\n\n\n\n<h2 class=\"wp-block-heading\" id=\"h-publicacao-de-casagrande\">Publica\u00e7\u00e3o de Casagrande<\/h2>\n\n\n\n<p>Bruno Henrique e Arrascaeta entraram para a hist\u00f3ria do Flamengo ao se tornarem os jogadores com mais t\u00edtulos pelo clube, somando 14 conquistas e superando \u00eddolos como Zico, J\u00fanior e Gabigol. Na recente final da Supercopa do Brasil de 2025, Bruno Henrique teve papel fundamental na vit\u00f3ria por 3 a 1 contra o Botafogo, no est\u00e1dio Mangueir\u00e3o. Desde sua chegada ao Flamengo em 2019, o atacante se destacou por participa\u00e7\u00f5es decisivas em jogos importantes, consolidando seu legado na equipe rubro-negra <strong><a href=\"https:\/\/www.gaveanews.com\/index.php\/2025\/02\/04\/vene-casagrande-faz-publicacao-direcionada-a-bruno-henrique\/\">(leia a mat\u00e9ria completa).<\/a><\/strong><\/p>\n\n\n\n<figure class=\"wp-block-image size-large\"><img loading=\"lazy\" decoding=\"async\" width=\"1024\" height=\"683\" src=\"http:\/\/www.gaveanews.com\/wp-content\/uploads\/Bruno-Henrique-com-a-camisa-do-Flamengo-1024x683.webp\" alt=\"\" class=\"wp-image-154715\" srcset=\"https:\/\/www.gaveanews.com\/wp-content\/uploads\/Bruno-Henrique-com-a-camisa-do-Flamengo-1024x683.webp 1024w, https:\/\/www.gaveanews.com\/wp-content\/uploads\/Bruno-Henrique-com-a-camisa-do-Flamengo-300x200.webp 300w, https:\/\/www.gaveanews.com\/wp-content\/uploads\/Bruno-Henrique-com-a-camisa-do-Flamengo-768x512.webp 768w, https:\/\/www.gaveanews.com\/wp-content\/uploads\/Bruno-Henrique-com-a-camisa-do-Flamengo-630x420.webp 630w, https:\/\/www.gaveanews.com\/wp-content\/uploads\/Bruno-Henrique-com-a-camisa-do-Flamengo-1260x840.webp 1260w, https:\/\/www.gaveanews.com\/wp-content\/uploads\/Bruno-Henrique-com-a-camisa-do-Flamengo-640x427.webp 640w, https:\/\/www.gaveanews.com\/wp-content\/uploads\/Bruno-Henrique-com-a-camisa-do-Flamengo-1280x853.webp 1280w, https:\/\/www.gaveanews.com\/wp-content\/uploads\/Bruno-Henrique-com-a-camisa-do-Flamengo-681x454.webp 681w, https:\/\/www.gaveanews.com\/wp-content\/uploads\/Bruno-Henrique-com-a-camisa-do-Flamengo-1362x908.webp 1362w, https:\/\/www.gaveanews.com\/wp-content\/uploads\/Bruno-Henrique-com-a-camisa-do-Flamengo-100x67.webp 100w, https:\/\/www.gaveanews.com\/wp-content\/uploads\/Bruno-Henrique-com-a-camisa-do-Flamengo.webp 1500w\" sizes=\"auto, (max-width: 1024px) 100vw, 1024px\" \/><figcaption class=\"wp-element-caption\">Bruno Henrique com a camisa do Flamengo (Foto: Reprodu\u00e7\u00e3o\/Flamengo)<\/figcaption><\/figure>\n\n\n\n<p>O jornalista Ven\u00ea Casagrande refor\u00e7ou a import\u00e2ncia do jogador ao cham\u00e1-lo de \u201c\u00eddolo\u201d nas redes sociais, destacando seus n\u00fameros expressivos. <\/p>\n\n\n\n<p>Bruno Henrique disputou 19 finais pelo Flamengo, registrando nove gols e duas assist\u00eancias, contribuindo diretamente para 11 gols nesses jogos decisivos. Sua regularidade na Supercopa impressiona, tendo participa\u00e7\u00e3o em todas as edi\u00e7\u00f5es que disputou. Em 2025, sua atua\u00e7\u00e3o decisiva garantiu dois gols na final, levando o Flamengo ao terceiro t\u00edtulo da competi\u00e7\u00e3o, al\u00e9m de ter sido vice-campe\u00e3o em duas ocasi\u00f5es.<\/p>\n\n\n\n<p>Os dados levantados pelo portal \u2018GE\u2019 mostram que, ao longo de seis anos no clube, Bruno Henrique acumulou 282 partidas, 97 gols e 52 assist\u00eancias. Seu hist\u00f3rico vitorioso inclui dois t\u00edtulos da Libertadores, dois Campeonatos Brasileiros, duas Copas do Brasil, tr\u00eas Supercopas, quatro Campeonatos Cariocas e uma Recopa Sul-Americana. Com essa trajet\u00f3ria recheada de conquistas e atua\u00e7\u00f5es marcantes, Bruno Henrique se consolida como um dos grandes \u00eddolos da hist\u00f3ria recente do Flamengo.<\/p>\n\n\n\n<h2 class=\"wp-block-heading\" id=\"h-emprestimo-de-carlinhos\">Empr\u00e9stimo de Carlinhos<\/h2>\n\n\n\n<p>O atacante Carlinhos, do Flamengo, foi anunciado como novo refor\u00e7o do Vit\u00f3ria, chegando por empr\u00e9stimo at\u00e9 o final da temporada de 2025. O jogador de 27 anos j\u00e1 teve sua regulariza\u00e7\u00e3o publicada no BID da CBF, mas n\u00e3o foi relacionado para o confronto contra o Sousa, pela Copa do Nordeste. Inicialmente, Carlinhos relutou em aceitar a proposta, mas, ap\u00f3s perceber que teria poucas oportunidades na equipe comandada por Filipe Lu\u00eds, decidiu acertar sua transfer\u00eancia para o clube baiano <strong><a href=\"https:\/\/www.gaveanews.com\/index.php\/2025\/02\/04\/flamengo-carlinhos-e-anunciado-por-novo-clube\/\">(leia a mat\u00e9ria completa).<\/a><\/strong><\/p>\n\n\n\n<figure class=\"wp-block-image size-large\"><img loading=\"lazy\" decoding=\"async\" width=\"1024\" height=\"683\" src=\"http:\/\/www.gaveanews.com\/wp-content\/uploads\/Carlinhos-com-a-camisa-do-Flamengo-1024x683.webp\" alt=\"\" class=\"wp-image-150670\" srcset=\"https:\/\/www.gaveanews.com\/wp-content\/uploads\/Carlinhos-com-a-camisa-do-Flamengo-1024x683.webp 1024w, https:\/\/www.gaveanews.com\/wp-content\/uploads\/Carlinhos-com-a-camisa-do-Flamengo-300x200.webp 300w, https:\/\/www.gaveanews.com\/wp-content\/uploads\/Carlinhos-com-a-camisa-do-Flamengo-768x512.webp 768w, https:\/\/www.gaveanews.com\/wp-content\/uploads\/Carlinhos-com-a-camisa-do-Flamengo-630x420.webp 630w, https:\/\/www.gaveanews.com\/wp-content\/uploads\/Carlinhos-com-a-camisa-do-Flamengo-640x427.webp 640w, https:\/\/www.gaveanews.com\/wp-content\/uploads\/Carlinhos-com-a-camisa-do-Flamengo-681x454.webp 681w, https:\/\/www.gaveanews.com\/wp-content\/uploads\/Carlinhos-com-a-camisa-do-Flamengo-100x67.webp 100w, https:\/\/www.gaveanews.com\/wp-content\/uploads\/Carlinhos-com-a-camisa-do-Flamengo.webp 1200w\" sizes=\"auto, (max-width: 1024px) 100vw, 1024px\" \/><figcaption class=\"wp-element-caption\">Carlinhos com a camisa do Flamengo (Foto: Divulga\u00e7\u00e3o\/Flamengo)\n<\/figcaption><\/figure>\n\n\n\n<p>No Vit\u00f3ria, ele disputar\u00e1 posi\u00e7\u00e3o com Janderson e Fabri, jogadores frequentemente escalados pelo t\u00e9cnico Thiago Carpini. A expectativa \u00e9 que o atacante se integre rapidamente ao elenco e possa estrear nos pr\u00f3ximos jogos do Campeonato Baiano ou da Copa do Nordeste. Carlinhos chegou ao Flamengo em 2024, ap\u00f3s se destacar pelo Nova Igua\u00e7u, e durante a \u00faltima temporada disputou 20 partidas, marcando cinco gols. Em 2025, participou de apenas quatro jogos, sendo utilizado no time alternativo durante o Campeonato Carioca, onde balan\u00e7ou as redes tr\u00eas vezes.<\/p>\n\n\n\n<p>A negocia\u00e7\u00e3o foi conclu\u00edda nos \u00faltimos dias, e o atacante j\u00e1 estava afastado do elenco flamenguista desde o \u00faltimo domingo (2) para acertar os detalhes do acordo. O contrato de empr\u00e9stimo inclui uma op\u00e7\u00e3o de compra fixada em R$ 4,5 milh\u00f5es, valor que poder\u00e1 ser exercido pelo Vit\u00f3ria ao final da temporada. Seu \u00faltimo jogo pelo Flamengo foi em 22 de janeiro, contra o Bangu, antes da confirma\u00e7\u00e3o de sua transfer\u00eancia para o futebol baiano.<\/p>\n\n\n\n<h2 class=\"wp-block-heading\" id=\"h-declaracao-de-quaresma\">Declara\u00e7\u00e3o de Quaresma<\/h2>\n\n\n\n<p>Ricardo Quaresma, ex-jogador da Sele\u00e7\u00e3o Portuguesa, fez uma declara\u00e7\u00e3o contundente sobre Jorge Jesus, destacando-o como o melhor treinador portugu\u00eas da atualidade. Em entrevista recente, Quaresma afirmou que, embora Jos\u00e9 Mourinho seja uma refer\u00eancia no futebol, Jesus se destaca por seu hist\u00f3rico vitorioso e profundo conhecimento t\u00e1tico. A declara\u00e7\u00e3o gerou repercuss\u00e3o entre torcedores e analistas esportivos, reacendendo o debate sobre os maiores t\u00e9cnicos de Portugal<strong><a href=\"https:\/\/www.gaveanews.com\/index.php\/2025\/02\/04\/video-a-declaracao-de-quaresma-direcionada-a-jorge-jesus\/\"> (leia a mat\u00e9ria completa).<\/a><\/strong><\/p>\n\n\n\n<figure class=\"wp-block-image size-full\"><img loading=\"lazy\" decoding=\"async\" width=\"888\" height=\"592\" src=\"http:\/\/www.gaveanews.com\/wp-content\/uploads\/Jorge-Jesus-durante-um-jogo-do-Al-Hilal-edited.webp\" alt=\"\" class=\"wp-image-121610\" srcset=\"https:\/\/www.gaveanews.com\/wp-content\/uploads\/Jorge-Jesus-durante-um-jogo-do-Al-Hilal-edited.webp 888w, https:\/\/www.gaveanews.com\/wp-content\/uploads\/Jorge-Jesus-durante-um-jogo-do-Al-Hilal-edited-300x200.webp 300w, https:\/\/www.gaveanews.com\/wp-content\/uploads\/Jorge-Jesus-durante-um-jogo-do-Al-Hilal-edited-768x512.webp 768w, https:\/\/www.gaveanews.com\/wp-content\/uploads\/Jorge-Jesus-durante-um-jogo-do-Al-Hilal-edited-630x420.webp 630w, https:\/\/www.gaveanews.com\/wp-content\/uploads\/Jorge-Jesus-durante-um-jogo-do-Al-Hilal-edited-640x427.webp 640w, https:\/\/www.gaveanews.com\/wp-content\/uploads\/Jorge-Jesus-durante-um-jogo-do-Al-Hilal-edited-681x454.webp 681w, https:\/\/www.gaveanews.com\/wp-content\/uploads\/Jorge-Jesus-durante-um-jogo-do-Al-Hilal-edited-100x67.webp 100w\" sizes=\"auto, (max-width: 888px) 100vw, 888px\" \/><figcaption class=\"wp-element-caption\">Jorge Jesus durante um jogo do Al-Hilal (Foto: Reprodu\u00e7\u00e3o\/Al-Hilal)<\/figcaption><\/figure>\n\n\n\n<p>A trajet\u00f3ria de Jorge Jesus refor\u00e7a os elogios de Quaresma, j\u00e1 que o treinador acumula conquistas expressivas em diferentes clubes. No Flamengo, ele foi pe\u00e7a fundamental na conquista da Libertadores, do Campeonato Brasileiro e da Supercopa do Brasil, solidificando sua imagem de l\u00edder vencedor. Seu estilo de jogo inovador e a capacidade de extrair o melhor de seus jogadores s\u00e3o caracter\u00edsticas frequentemente apontadas como diferenciais em sua carreira.<\/p>\n\n\n\n<p>A compara\u00e7\u00e3o entre Jesus e Mourinho \u00e9 inevit\u00e1vel, pois ambos possuem carreiras marcantes, por\u00e9m com abordagens distintas no futebol. Enquanto Mourinho construiu sua reputa\u00e7\u00e3o com t\u00edtulos na Europa, Jesus se destacou principalmente em competi\u00e7\u00f5es sul-americanas e do Oriente M\u00e9dio. A fala de Quaresma refor\u00e7a a influ\u00eancia de Jorge Jesus no futebol mundial e levanta questionamentos sobre os diferentes estilos de lideran\u00e7a e estrat\u00e9gias dentro do esporte.<\/p>\n","protected":false},"excerpt":{"rendered":"<p>Nas \u00faltimas horas, o foco das not\u00edcias sobre o Flamengo se concentram nos bastidores do clube, com destaques do dia a dia do time. Por conta deste contexto, leia abaixo um resumo preparado pela equipe do portal G\u00e1vea News para lhe manter muito bem informado! Publica\u00e7\u00e3o de Casagrande Bruno Henrique e Arrascaeta entraram para a [&hellip;]<\/p>\n","protected":false},"author":27,"featured_media":126591,"comment_status":"open","ping_status":"closed","sticky":false,"template":"","format":"standard","meta":{"footnotes":""},"categories":[1],"tags":[],"class_list":["post-223709","post","type-post","status-publish","format-standard","has-post-thumbnail","hentry","category-flamengo"],"yoast_head":"<!-- This site is optimized with the Yoast SEO Premium plugin v24.2 (Yoast SEO v26.9) - https:\/\/yoast.com\/product\/yoast-seo-premium-wordpress\/ -->\n<title>Declara\u00e7\u00e3o de Quaresma, empr\u00e9stimo de Carlinhos e publica\u00e7\u00e3o de Casagrande: as \u00faltimas not\u00edcias do Flamengo<\/title>\n<meta name=\"robots\" content=\"index, follow, max-snippet:-1, max-image-preview:large, max-video-preview:-1\" \/>\n<link rel=\"canonical\" href=\"https:\/\/www.gaveanews.com\/index.php\/2025\/02\/05\/declaracao-de-quaresma-emprestimo-de-carlinhos-e-publicacao-de-casagrande-as-ultimas-noticias-do-flamengo\/\" \/>\n<meta property=\"og:locale\" content=\"pt_BR\" \/>\n<meta property=\"og:type\" content=\"article\" \/>\n<meta property=\"og:title\" content=\"Declara\u00e7\u00e3o de Quaresma, empr\u00e9stimo de Carlinhos e publica\u00e7\u00e3o de Casagrande: as \u00faltimas not\u00edcias do Flamengo\" \/>\n<meta property=\"og:description\" content=\"Nas \u00faltimas horas, o foco das not\u00edcias sobre o Flamengo se concentram nos bastidores do clube, com destaques do dia a dia do time. Por conta deste contexto, leia abaixo um resumo preparado pela equipe do portal G\u00e1vea News para lhe manter muito bem informado! Publica\u00e7\u00e3o de Casagrande Bruno Henrique e Arrascaeta entraram para a [&hellip;]\" \/>\n<meta property=\"og:url\" content=\"https:\/\/www.gaveanews.com\/index.php\/2025\/02\/05\/declaracao-de-quaresma-emprestimo-de-carlinhos-e-publicacao-de-casagrande-as-ultimas-noticias-do-flamengo\/\" \/>\n<meta property=\"og:site_name\" content=\"G\u00e1vea News\" \/>\n<meta property=\"article:publisher\" content=\"https:\/\/facebook.com\/gaveaNews\/\" \/>\n<meta property=\"article:published_time\" content=\"2025-02-05T21:00:00+00:00\" \/>\n<meta property=\"og:image\" content=\"https:\/\/www.gaveanews.com\/wp-content\/uploads\/escudoDoFlamengo.webp\" \/>\n\t<meta property=\"og:image:width\" content=\"1000\" \/>\n\t<meta property=\"og:image:height\" content=\"667\" \/>\n\t<meta property=\"og:image:type\" content=\"image\/jpeg\" \/>\n<meta name=\"author\" content=\"Matheus Felipe\" \/>\n<meta name=\"twitter:card\" content=\"summary_large_image\" \/>\n<meta name=\"twitter:label1\" content=\"Escrito por\" \/>\n\t<meta name=\"twitter:data1\" content=\"Matheus Felipe\" \/>\n\t<meta name=\"twitter:label2\" content=\"Est. tempo de leitura\" \/>\n\t<meta name=\"twitter:data2\" content=\"6 minutos\" \/>\n<script type=\"application\/ld+json\" class=\"yoast-schema-graph\">{\"@context\":\"https:\/\/schema.org\",\"@graph\":[{\"@type\":\"NewsArticle\",\"@id\":\"https:\/\/www.gaveanews.com\/index.php\/2025\/02\/05\/declaracao-de-quaresma-emprestimo-de-carlinhos-e-publicacao-de-casagrande-as-ultimas-noticias-do-flamengo\/#article\",\"isPartOf\":{\"@id\":\"https:\/\/www.gaveanews.com\/index.php\/2025\/02\/05\/declaracao-de-quaresma-emprestimo-de-carlinhos-e-publicacao-de-casagrande-as-ultimas-noticias-do-flamengo\/\"},\"author\":{\"name\":\"Matheus Felipe\",\"@id\":\"https:\/\/www.gaveanews.com\/#\/schema\/person\/8207cd4627f56151707418bfc835b2fb\"},\"headline\":\"Declara\u00e7\u00e3o de Quaresma, empr\u00e9stimo de Carlinhos e publica\u00e7\u00e3o de Casagrande: as \u00faltimas not\u00edcias do Flamengo\",\"datePublished\":\"2025-02-05T21:00:00+00:00\",\"mainEntityOfPage\":{\"@id\":\"https:\/\/www.gaveanews.com\/index.php\/2025\/02\/05\/declaracao-de-quaresma-emprestimo-de-carlinhos-e-publicacao-de-casagrande-as-ultimas-noticias-do-flamengo\/\"},\"wordCount\":850,\"commentCount\":0,\"image\":{\"@id\":\"https:\/\/www.gaveanews.com\/index.php\/2025\/02\/05\/declaracao-de-quaresma-emprestimo-de-carlinhos-e-publicacao-de-casagrande-as-ultimas-noticias-do-flamengo\/#primaryimage\"},\"thumbnailUrl\":\"https:\/\/www.gaveanews.com\/wp-content\/uploads\/escudoDoFlamengo.webp\",\"articleSection\":[\"Flamengo\"],\"inLanguage\":\"pt-BR\",\"potentialAction\":[{\"@type\":\"CommentAction\",\"name\":\"Comment\",\"target\":[\"https:\/\/www.gaveanews.com\/index.php\/2025\/02\/05\/declaracao-de-quaresma-emprestimo-de-carlinhos-e-publicacao-de-casagrande-as-ultimas-noticias-do-flamengo\/#respond\"]}],\"copyrightYear\":\"2025\",\"copyrightHolder\":{\"@id\":\"https:\/\/www.gaveanews.com\/#organization\"}},{\"@type\":\"WebPage\",\"@id\":\"https:\/\/www.gaveanews.com\/index.php\/2025\/02\/05\/declaracao-de-quaresma-emprestimo-de-carlinhos-e-publicacao-de-casagrande-as-ultimas-noticias-do-flamengo\/\",\"url\":\"https:\/\/www.gaveanews.com\/index.php\/2025\/02\/05\/declaracao-de-quaresma-emprestimo-de-carlinhos-e-publicacao-de-casagrande-as-ultimas-noticias-do-flamengo\/\",\"name\":\"Declara\u00e7\u00e3o de Quaresma, empr\u00e9stimo de Carlinhos e publica\u00e7\u00e3o de Casagrande: as \u00faltimas not\u00edcias do Flamengo\",\"isPartOf\":{\"@id\":\"https:\/\/www.gaveanews.com\/#website\"},\"primaryImageOfPage\":{\"@id\":\"https:\/\/www.gaveanews.com\/index.php\/2025\/02\/05\/declaracao-de-quaresma-emprestimo-de-carlinhos-e-publicacao-de-casagrande-as-ultimas-noticias-do-flamengo\/#primaryimage\"},\"image\":{\"@id\":\"https:\/\/www.gaveanews.com\/index.php\/2025\/02\/05\/declaracao-de-quaresma-emprestimo-de-carlinhos-e-publicacao-de-casagrande-as-ultimas-noticias-do-flamengo\/#primaryimage\"},\"thumbnailUrl\":\"https:\/\/www.gaveanews.com\/wp-content\/uploads\/escudoDoFlamengo.webp\",\"datePublished\":\"2025-02-05T21:00:00+00:00\",\"author\":{\"@id\":\"https:\/\/www.gaveanews.com\/#\/schema\/person\/8207cd4627f56151707418bfc835b2fb\"},\"breadcrumb\":{\"@id\":\"https:\/\/www.gaveanews.com\/index.php\/2025\/02\/05\/declaracao-de-quaresma-emprestimo-de-carlinhos-e-publicacao-de-casagrande-as-ultimas-noticias-do-flamengo\/#breadcrumb\"},\"inLanguage\":\"pt-BR\",\"potentialAction\":[{\"@type\":\"ReadAction\",\"target\":[\"https:\/\/www.gaveanews.com\/index.php\/2025\/02\/05\/declaracao-de-quaresma-emprestimo-de-carlinhos-e-publicacao-de-casagrande-as-ultimas-noticias-do-flamengo\/\"]}]},{\"@type\":\"ImageObject\",\"inLanguage\":\"pt-BR\",\"@id\":\"https:\/\/www.gaveanews.com\/index.php\/2025\/02\/05\/declaracao-de-quaresma-emprestimo-de-carlinhos-e-publicacao-de-casagrande-as-ultimas-noticias-do-flamengo\/#primaryimage\",\"url\":\"https:\/\/www.gaveanews.com\/wp-content\/uploads\/escudoDoFlamengo.webp\",\"contentUrl\":\"https:\/\/www.gaveanews.com\/wp-content\/uploads\/escudoDoFlamengo.webp\",\"width\":1000,\"height\":667,\"caption\":\"Escudo do Flamengo (Foto: Reprodu\u00e7\u00e3o)\"},{\"@type\":\"BreadcrumbList\",\"@id\":\"https:\/\/www.gaveanews.com\/index.php\/2025\/02\/05\/declaracao-de-quaresma-emprestimo-de-carlinhos-e-publicacao-de-casagrande-as-ultimas-noticias-do-flamengo\/#breadcrumb\",\"itemListElement\":[{\"@type\":\"ListItem\",\"position\":1,\"name\":\"Home\",\"item\":\"https:\/\/www.gaveanews.com\/\"},{\"@type\":\"ListItem\",\"position\":2,\"name\":\"Declara\u00e7\u00e3o de Quaresma, empr\u00e9stimo de Carlinhos e publica\u00e7\u00e3o de Casagrande: as \u00faltimas not\u00edcias do Flamengo\"}]},{\"@type\":\"WebSite\",\"@id\":\"https:\/\/www.gaveanews.com\/#website\",\"url\":\"https:\/\/www.gaveanews.com\/\",\"name\":\"G\u00e1vea News\",\"description\":\"Veja todas as not\u00edcias sobre o Flamengo: Contrata\u00e7\u00f5es, categorias de base, resultados das partidas, tabela de classifica\u00e7\u00e3o, pr\u00f3ximos jogos!\",\"potentialAction\":[{\"@type\":\"SearchAction\",\"target\":{\"@type\":\"EntryPoint\",\"urlTemplate\":\"https:\/\/www.gaveanews.com\/?s={search_term_string}\"},\"query-input\":{\"@type\":\"PropertyValueSpecification\",\"valueRequired\":true,\"valueName\":\"search_term_string\"}}],\"inLanguage\":\"pt-BR\"},{\"@type\":\"Person\",\"@id\":\"https:\/\/www.gaveanews.com\/#\/schema\/person\/8207cd4627f56151707418bfc835b2fb\",\"name\":\"Matheus Felipe\",\"image\":{\"@type\":\"ImageObject\",\"inLanguage\":\"pt-BR\",\"@id\":\"https:\/\/www.gaveanews.com\/#\/schema\/person\/image\/\",\"url\":\"https:\/\/secure.gravatar.com\/avatar\/a452ffbed9130f726358b298bb3a99ce4bd3c5338411f8440e87e14d74c7c087?s=96&d=mm&r=g\",\"contentUrl\":\"https:\/\/secure.gravatar.com\/avatar\/a452ffbed9130f726358b298bb3a99ce4bd3c5338411f8440e87e14d74c7c087?s=96&d=mm&r=g\",\"caption\":\"Matheus Felipe\"}}]}<\/script>\n<!-- \/ Yoast SEO Premium plugin. -->","yoast_head_json":{"title":"Declara\u00e7\u00e3o de Quaresma, empr\u00e9stimo de Carlinhos e publica\u00e7\u00e3o de Casagrande: as \u00faltimas not\u00edcias do Flamengo","robots":{"index":"index","follow":"follow","max-snippet":"max-snippet:-1","max-image-preview":"max-image-preview:large","max-video-preview":"max-video-preview:-1"},"canonical":"https:\/\/www.gaveanews.com\/index.php\/2025\/02\/05\/declaracao-de-quaresma-emprestimo-de-carlinhos-e-publicacao-de-casagrande-as-ultimas-noticias-do-flamengo\/","og_locale":"pt_BR","og_type":"article","og_title":"Declara\u00e7\u00e3o de Quaresma, empr\u00e9stimo de Carlinhos e publica\u00e7\u00e3o de Casagrande: as \u00faltimas not\u00edcias do Flamengo","og_description":"Nas \u00faltimas horas, o foco das not\u00edcias sobre o Flamengo se concentram nos bastidores do clube, com destaques do dia a dia do time. Por conta deste contexto, leia abaixo um resumo preparado pela equipe do portal G\u00e1vea News para lhe manter muito bem informado! Publica\u00e7\u00e3o de Casagrande Bruno Henrique e Arrascaeta entraram para a [&hellip;]","og_url":"https:\/\/www.gaveanews.com\/index.php\/2025\/02\/05\/declaracao-de-quaresma-emprestimo-de-carlinhos-e-publicacao-de-casagrande-as-ultimas-noticias-do-flamengo\/","og_site_name":"G\u00e1vea News","article_publisher":"https:\/\/facebook.com\/gaveaNews\/","article_published_time":"2025-02-05T21:00:00+00:00","og_image":[{"width":1000,"height":667,"url":"https:\/\/www.gaveanews.com\/wp-content\/uploads\/escudoDoFlamengo.webp","type":"image\/jpeg"}],"author":"Matheus Felipe","twitter_card":"summary_large_image","twitter_misc":{"Escrito por":"Matheus Felipe","Est. tempo de leitura":"6 minutos"},"schema":{"@context":"https:\/\/schema.org","@graph":[{"@type":"NewsArticle","@id":"https:\/\/www.gaveanews.com\/index.php\/2025\/02\/05\/declaracao-de-quaresma-emprestimo-de-carlinhos-e-publicacao-de-casagrande-as-ultimas-noticias-do-flamengo\/#article","isPartOf":{"@id":"https:\/\/www.gaveanews.com\/index.php\/2025\/02\/05\/declaracao-de-quaresma-emprestimo-de-carlinhos-e-publicacao-de-casagrande-as-ultimas-noticias-do-flamengo\/"},"author":{"name":"Matheus Felipe","@id":"https:\/\/www.gaveanews.com\/#\/schema\/person\/8207cd4627f56151707418bfc835b2fb"},"headline":"Declara\u00e7\u00e3o de Quaresma, empr\u00e9stimo de Carlinhos e publica\u00e7\u00e3o de Casagrande: as \u00faltimas not\u00edcias do Flamengo","datePublished":"2025-02-05T21:00:00+00:00","mainEntityOfPage":{"@id":"https:\/\/www.gaveanews.com\/index.php\/2025\/02\/05\/declaracao-de-quaresma-emprestimo-de-carlinhos-e-publicacao-de-casagrande-as-ultimas-noticias-do-flamengo\/"},"wordCount":850,"commentCount":0,"image":{"@id":"https:\/\/www.gaveanews.com\/index.php\/2025\/02\/05\/declaracao-de-quaresma-emprestimo-de-carlinhos-e-publicacao-de-casagrande-as-ultimas-noticias-do-flamengo\/#primaryimage"},"thumbnailUrl":"https:\/\/www.gaveanews.com\/wp-content\/uploads\/escudoDoFlamengo.webp","articleSection":["Flamengo"],"inLanguage":"pt-BR","potentialAction":[{"@type":"CommentAction","name":"Comment","target":["https:\/\/www.gaveanews.com\/index.php\/2025\/02\/05\/declaracao-de-quaresma-emprestimo-de-carlinhos-e-publicacao-de-casagrande-as-ultimas-noticias-do-flamengo\/#respond"]}],"copyrightYear":"2025","copyrightHolder":{"@id":"https:\/\/www.gaveanews.com\/#organization"}},{"@type":"WebPage","@id":"https:\/\/www.gaveanews.com\/index.php\/2025\/02\/05\/declaracao-de-quaresma-emprestimo-de-carlinhos-e-publicacao-de-casagrande-as-ultimas-noticias-do-flamengo\/","url":"https:\/\/www.gaveanews.com\/index.php\/2025\/02\/05\/declaracao-de-quaresma-emprestimo-de-carlinhos-e-publicacao-de-casagrande-as-ultimas-noticias-do-flamengo\/","name":"Declara\u00e7\u00e3o de Quaresma, empr\u00e9stimo de Carlinhos e publica\u00e7\u00e3o de Casagrande: as \u00faltimas not\u00edcias do Flamengo","isPartOf":{"@id":"https:\/\/www.gaveanews.com\/#website"},"primaryImageOfPage":{"@id":"https:\/\/www.gaveanews.com\/index.php\/2025\/02\/05\/declaracao-de-quaresma-emprestimo-de-carlinhos-e-publicacao-de-casagrande-as-ultimas-noticias-do-flamengo\/#primaryimage"},"image":{"@id":"https:\/\/www.gaveanews.com\/index.php\/2025\/02\/05\/declaracao-de-quaresma-emprestimo-de-carlinhos-e-publicacao-de-casagrande-as-ultimas-noticias-do-flamengo\/#primaryimage"},"thumbnailUrl":"https:\/\/www.gaveanews.com\/wp-content\/uploads\/escudoDoFlamengo.webp","datePublished":"2025-02-05T21:00:00+00:00","author":{"@id":"https:\/\/www.gaveanews.com\/#\/schema\/person\/8207cd4627f56151707418bfc835b2fb"},"breadcrumb":{"@id":"https:\/\/www.gaveanews.com\/index.php\/2025\/02\/05\/declaracao-de-quaresma-emprestimo-de-carlinhos-e-publicacao-de-casagrande-as-ultimas-noticias-do-flamengo\/#breadcrumb"},"inLanguage":"pt-BR","potentialAction":[{"@type":"ReadAction","target":["https:\/\/www.gaveanews.com\/index.php\/2025\/02\/05\/declaracao-de-quaresma-emprestimo-de-carlinhos-e-publicacao-de-casagrande-as-ultimas-noticias-do-flamengo\/"]}]},{"@type":"ImageObject","inLanguage":"pt-BR","@id":"https:\/\/www.gaveanews.com\/index.php\/2025\/02\/05\/declaracao-de-quaresma-emprestimo-de-carlinhos-e-publicacao-de-casagrande-as-ultimas-noticias-do-flamengo\/#primaryimage","url":"https:\/\/www.gaveanews.com\/wp-content\/uploads\/escudoDoFlamengo.webp","contentUrl":"https:\/\/www.gaveanews.com\/wp-content\/uploads\/escudoDoFlamengo.webp","width":1000,"height":667,"caption":"Escudo do Flamengo (Foto: Reprodu\u00e7\u00e3o)"},{"@type":"BreadcrumbList","@id":"https:\/\/www.gaveanews.com\/index.php\/2025\/02\/05\/declaracao-de-quaresma-emprestimo-de-carlinhos-e-publicacao-de-casagrande-as-ultimas-noticias-do-flamengo\/#breadcrumb","itemListElement":[{"@type":"ListItem","position":1,"name":"Home","item":"https:\/\/www.gaveanews.com\/"},{"@type":"ListItem","position":2,"name":"Declara\u00e7\u00e3o de Quaresma, empr\u00e9stimo de Carlinhos e publica\u00e7\u00e3o de Casagrande: as \u00faltimas not\u00edcias do Flamengo"}]},{"@type":"WebSite","@id":"https:\/\/www.gaveanews.com\/#website","url":"https:\/\/www.gaveanews.com\/","name":"G\u00e1vea News","description":"Veja todas as not\u00edcias sobre o Flamengo: Contrata\u00e7\u00f5es, categorias de base, resultados das partidas, tabela de classifica\u00e7\u00e3o, pr\u00f3ximos jogos!","potentialAction":[{"@type":"SearchAction","target":{"@type":"EntryPoint","urlTemplate":"https:\/\/www.gaveanews.com\/?s={search_term_string}"},"query-input":{"@type":"PropertyValueSpecification","valueRequired":true,"valueName":"search_term_string"}}],"inLanguage":"pt-BR"},{"@type":"Person","@id":"https:\/\/www.gaveanews.com\/#\/schema\/person\/8207cd4627f56151707418bfc835b2fb","name":"Matheus Felipe","image":{"@type":"ImageObject","inLanguage":"pt-BR","@id":"https:\/\/www.gaveanews.com\/#\/schema\/person\/image\/","url":"https:\/\/secure.gravatar.com\/avatar\/a452ffbed9130f726358b298bb3a99ce4bd3c5338411f8440e87e14d74c7c087?s=96&d=mm&r=g","contentUrl":"https:\/\/secure.gravatar.com\/avatar\/a452ffbed9130f726358b298bb3a99ce4bd3c5338411f8440e87e14d74c7c087?s=96&d=mm&r=g","caption":"Matheus Felipe"}}]}},"_links":{"self":[{"href":"https:\/\/www.gaveanews.com\/index.php\/wp-json\/wp\/v2\/posts\/223709","targetHints":{"allow":["GET"]}}],"collection":[{"href":"https:\/\/www.gaveanews.com\/index.php\/wp-json\/wp\/v2\/posts"}],"about":[{"href":"https:\/\/www.gaveanews.com\/index.php\/wp-json\/wp\/v2\/types\/post"}],"author":[{"embeddable":true,"href":"https:\/\/www.gaveanews.com\/index.php\/wp-json\/wp\/v2\/users\/27"}],"replies":[{"embeddable":true,"href":"https:\/\/www.gaveanews.com\/index.php\/wp-json\/wp\/v2\/comments?post=223709"}],"version-history":[{"count":1,"href":"https:\/\/www.gaveanews.com\/index.php\/wp-json\/wp\/v2\/posts\/223709\/revisions"}],"predecessor-version":[{"id":223722,"href":"https:\/\/www.gaveanews.com\/index.php\/wp-json\/wp\/v2\/posts\/223709\/revisions\/223722"}],"wp:featuredmedia":[{"embeddable":true,"href":"https:\/\/www.gaveanews.com\/index.php\/wp-json\/wp\/v2\/media\/126591"}],"wp:attachment":[{"href":"https:\/\/www.gaveanews.com\/index.php\/wp-json\/wp\/v2\/media?parent=223709"}],"wp:term":[{"taxonomy":"category","embeddable":true,"href":"https:\/\/www.gaveanews.com\/index.php\/wp-json\/wp\/v2\/categories?post=223709"},{"taxonomy":"post_tag","embeddable":true,"href":"https:\/\/www.gaveanews.com\/index.php\/wp-json\/wp\/v2\/tags?post=223709"}],"curies":[{"name":"wp","href":"https:\/\/api.w.org\/{rel}","templated":true}]}}