{"id":223713,"date":"2025-02-05T18:20:00","date_gmt":"2025-02-05T21:20:00","guid":{"rendered":"https:\/\/www.gaveanews.com\/?p=223713"},"modified":"2025-02-05T16:47:28","modified_gmt":"2025-02-05T19:47:28","slug":"declaracao-de-eduardo-baptista-previsao-de-benja-e-os-jogadores-que-ja-disputaram-a-copa-do-mundo-as-ultimas-noticias-do-corinthians","status":"publish","type":"post","link":"https:\/\/www.gaveanews.com\/index.php\/2025\/02\/05\/declaracao-de-eduardo-baptista-previsao-de-benja-e-os-jogadores-que-ja-disputaram-a-copa-do-mundo-as-ultimas-noticias-do-corinthians\/","title":{"rendered":"Declara\u00e7\u00e3o de Eduardo Baptista, previs\u00e3o de Benja e os jogadores que j\u00e1 disputaram a Copa do Mundo: as \u00faltimas not\u00edcias do Corinthians"},"content":{"rendered":"\n<p>Nas \u00faltimas horas, o foco das not\u00edcias sobre o Corinthians se concentram nos bastidores do clube, com destaques do dia a dia do time.<\/p>\n\n\n\n<p>Por conta deste contexto, leia abaixo um resumo preparado pela equipe do portal G\u00e1vea News para lhe manter muito bem informado!<\/p>\n\n\n\n<h2 class=\"wp-block-heading\" id=\"h-os-jogadores-que-ja-disputaram-a-copa-do-mundo\">Os jogadores que j\u00e1 disputaram a Copa do Mundo <\/h2>\n\n\n\n<p>O Campeonato Brasileiro de 2025 promete ser uma das edi\u00e7\u00f5es mais disputadas da hist\u00f3ria, contando com jogadores experientes que j\u00e1 disputaram a Copa do Mundo. Dentre os destaques, est\u00e3o Memphis Depay, do Corinthians, que participou dos Mundiais de 2014 e 2022, e Pedro, do Flamengo, que integrou a sele\u00e7\u00e3o brasileira na \u00faltima edi\u00e7\u00e3o. Al\u00e9m deles, Mat\u00edas Vi\u00f1a, do Flamengo, e Sergio Rochet, do Internacional, representaram o Uruguai em 2022, enquanto Alex Telles, atualmente no Botafogo, tamb\u00e9m esteve na convoca\u00e7\u00e3o do Brasil naquele ano <strong><a href=\"https:\/\/www.gaveanews.com\/index.php\/2025\/02\/04\/memphis-depay-pedro-vina-alex-telles-rochet-arboleda-os-jogadores-do-brasileirao-2025-que-ja-disputaram-a-copa-do-mundo\/\">(leia a mat\u00e9ria completa).<\/a><\/strong><\/p>\n\n\n\n<figure class=\"wp-block-image size-large\"><img loading=\"lazy\" decoding=\"async\" width=\"1024\" height=\"683\" src=\"http:\/\/www.gaveanews.com\/wp-content\/uploads\/Taca-da-Copa-do-Mundo-da-FIFA-1024x683.webp\" alt=\"\" class=\"wp-image-160516\" srcset=\"https:\/\/www.gaveanews.com\/wp-content\/uploads\/Taca-da-Copa-do-Mundo-da-FIFA-1024x683.webp 1024w, https:\/\/www.gaveanews.com\/wp-content\/uploads\/Taca-da-Copa-do-Mundo-da-FIFA-300x200.webp 300w, https:\/\/www.gaveanews.com\/wp-content\/uploads\/Taca-da-Copa-do-Mundo-da-FIFA-768x512.webp 768w, https:\/\/www.gaveanews.com\/wp-content\/uploads\/Taca-da-Copa-do-Mundo-da-FIFA-630x420.webp 630w, https:\/\/www.gaveanews.com\/wp-content\/uploads\/Taca-da-Copa-do-Mundo-da-FIFA-1260x840.webp 1260w, https:\/\/www.gaveanews.com\/wp-content\/uploads\/Taca-da-Copa-do-Mundo-da-FIFA-640x427.webp 640w, https:\/\/www.gaveanews.com\/wp-content\/uploads\/Taca-da-Copa-do-Mundo-da-FIFA-1280x853.webp 1280w, https:\/\/www.gaveanews.com\/wp-content\/uploads\/Taca-da-Copa-do-Mundo-da-FIFA-681x454.webp 681w, https:\/\/www.gaveanews.com\/wp-content\/uploads\/Taca-da-Copa-do-Mundo-da-FIFA-100x67.webp 100w, https:\/\/www.gaveanews.com\/wp-content\/uploads\/Taca-da-Copa-do-Mundo-da-FIFA.webp 1338w\" sizes=\"auto, (max-width: 1024px) 100vw, 1024px\" \/><figcaption class=\"wp-element-caption\">Ta\u00e7a da Copa do Mundo da FIFA (Foto: Reprodu\u00e7\u00e3o\/Instagram)<\/figcaption><\/figure>\n\n\n\n<p>Outros jogadores do Brasileir\u00e3o que possuem experi\u00eancia em Copa do Mundo incluem o zagueiro Arboleda, do S\u00e3o Paulo, que foi chamado pelo Equador, mas n\u00e3o chegou a atuar na edi\u00e7\u00e3o de 2022. <\/p>\n\n\n\n<p>J\u00e1 Rochet, diferentemente, foi titular em todos os jogos do Uruguai, mesmo com a elimina\u00e7\u00e3o precoce na fase de grupos. No Flamengo, Vi\u00f1a participou de dois confrontos pela sele\u00e7\u00e3o uruguaia, enquanto Pedro teve apari\u00e7\u00f5es em momentos decisivos do Brasil, como na derrota nos p\u00eanaltis para a Cro\u00e1cia nas quartas de final.<\/p>\n\n\n\n<p>A presen\u00e7a desses atletas refor\u00e7a o alto n\u00edvel t\u00e9cnico da competi\u00e7\u00e3o nacional, tornando o Brasileir\u00e3o um atrativo ainda maior para os torcedores. Al\u00e9m da rivalidade entre os clubes, a experi\u00eancia internacional de jogadores como Depay, que j\u00e1 enfrentou a Argentina em duas Copas do Mundo, e Alex Telles, campe\u00e3o da Libertadores pelo Botafogo, contribui para elevar a qualidade do futebol brasileiro, aumentando as expectativas para a temporada de 2025.<\/p>\n\n\n\n<h2 class=\"wp-block-heading\" id=\"h-previsao-de-benja\">Previs\u00e3o de Benja<\/h2>\n\n\n\n<p>O apresentador Benjamin Back, conhecido como Benja, apontou o Corinthians como favorito para o cl\u00e1ssico contra o Palmeiras, que acontecer\u00e1 na pr\u00f3xima quinta-feira (6), pela 7\u00aa rodada do Paulist\u00e3o. Durante o programa <em>Domingol<\/em>, ele destacou que, apesar de o favoritismo n\u00e3o garantir a vit\u00f3ria, o Tim\u00e3o vive um momento mais est\u00e1vel em compara\u00e7\u00e3o ao rival, que vinha de dois trope\u00e7os antes de vencer no \u00faltimo fim de semana. Al\u00e9m disso, Benja ressaltou que o Corinthians j\u00e1 superou o S\u00e3o Paulo recentemente, contrariando expectativas semelhantes <strong><a href=\"https:\/\/www.gaveanews.com\/index.php\/2025\/02\/03\/palmeiras-x-corinthians-benja-crava-favorito\/\">(leia a mat\u00e9ria completa).<\/a><\/strong><\/p>\n\n\n\n<figure class=\"wp-block-image size-large\"><img loading=\"lazy\" decoding=\"async\" width=\"1024\" height=\"576\" src=\"http:\/\/www.gaveanews.com\/wp-content\/uploads\/A-declaracao-de-Benjamin-Back-apos-a-vitoria-do-Corinthians-contra-o-Flamengo-1024x576.webp\" alt=\"\" class=\"wp-image-163267\" srcset=\"https:\/\/www.gaveanews.com\/wp-content\/uploads\/A-declaracao-de-Benjamin-Back-apos-a-vitoria-do-Corinthians-contra-o-Flamengo-1024x576.webp 1024w, https:\/\/www.gaveanews.com\/wp-content\/uploads\/A-declaracao-de-Benjamin-Back-apos-a-vitoria-do-Corinthians-contra-o-Flamengo-300x169.webp 300w, https:\/\/www.gaveanews.com\/wp-content\/uploads\/A-declaracao-de-Benjamin-Back-apos-a-vitoria-do-Corinthians-contra-o-Flamengo-768x432.webp 768w, https:\/\/www.gaveanews.com\/wp-content\/uploads\/A-declaracao-de-Benjamin-Back-apos-a-vitoria-do-Corinthians-contra-o-Flamengo-747x420.webp 747w, https:\/\/www.gaveanews.com\/wp-content\/uploads\/A-declaracao-de-Benjamin-Back-apos-a-vitoria-do-Corinthians-contra-o-Flamengo-640x360.webp 640w, https:\/\/www.gaveanews.com\/wp-content\/uploads\/A-declaracao-de-Benjamin-Back-apos-a-vitoria-do-Corinthians-contra-o-Flamengo-681x383.webp 681w, https:\/\/www.gaveanews.com\/wp-content\/uploads\/A-declaracao-de-Benjamin-Back-apos-a-vitoria-do-Corinthians-contra-o-Flamengo-100x56.webp 100w, https:\/\/www.gaveanews.com\/wp-content\/uploads\/A-declaracao-de-Benjamin-Back-apos-a-vitoria-do-Corinthians-contra-o-Flamengo.webp 1200w\" sizes=\"auto, (max-width: 1024px) 100vw, 1024px\" \/><\/figure>\n\n\n\n<p>O Corinthians encara uma sequ\u00eancia intensa de jogos antes do D\u00e9rbi, tendo enfrentado o Noroeste e, logo em seguida, o Novorizontino, em uma partida antecipada do estadual devido ao calend\u00e1rio apertado da equipe na fase preliminar da Libertadores. O grande desafio para o Tim\u00e3o ser\u00e1 quebrar um hist\u00f3rico negativo atuando como visitante contra o Palmeiras, j\u00e1 que, nos \u00faltimos nove confrontos longe de casa, o time acumula quatro empates e cinco derrotas.<\/p>\n\n\n\n<p>Apesar desse retrospecto, o Corinthians tem boas lembran\u00e7as do \u00faltimo embate entre os clubes, quando venceu o rival por 2 a 0 na Arena Neo Qu\u00edmica. A \u00faltima vit\u00f3ria corintiana como visitante no cl\u00e1ssico ocorreu em 2019, tamb\u00e9m pelo Campeonato Paulista. Agora, a equipe comandada por Mano Menezes busca manter o bom momento e superar o Palmeiras para consolidar sua posi\u00e7\u00e3o no estadual.<\/p>\n\n\n\n<h2 class=\"wp-block-heading\" id=\"h-declaracao-de-eduardo-baptista\">Declara\u00e7\u00e3o de Eduardo Baptista<\/h2>\n\n\n\n<p>Ap\u00f3s a derrota do Novorizontino para o Corinthians por 1 a 0, o t\u00e9cnico Eduardo Baptista criticou o calend\u00e1rio do Campeonato Paulista, que exige jogos em intervalos curtos. Em tom ir\u00f4nico, ele comparou a sequ\u00eancia de partidas \u00e0 Copa S\u00e3o Paulo, destacando os desafios de manter a equipe em alto n\u00edvel f\u00edsico diante do desgaste. Al\u00e9m disso, ressaltou a necessidade de gerenciar o elenco para minimizar o risco de les\u00f5es, fator que pode impactar o desempenho do time ao longo da competi\u00e7\u00e3o<strong><a href=\"https:\/\/www.gaveanews.com\/index.php\/2025\/02\/04\/a-declaracao-do-tecnico-do-novorizontino-apos-vitoria-do-corinthians\/\"> (leia a mat\u00e9ria completa).<\/a><\/strong><\/p>\n\n\n\n<figure class=\"wp-block-image size-large\"><img loading=\"lazy\" decoding=\"async\" width=\"1024\" height=\"683\" src=\"http:\/\/www.gaveanews.com\/wp-content\/uploads\/Bandeira-do-Corinthians-1024x683.webp\" alt=\"\" class=\"wp-image-146952\" srcset=\"https:\/\/www.gaveanews.com\/wp-content\/uploads\/Bandeira-do-Corinthians-1024x683.webp 1024w, https:\/\/www.gaveanews.com\/wp-content\/uploads\/Bandeira-do-Corinthians-300x200.webp 300w, https:\/\/www.gaveanews.com\/wp-content\/uploads\/Bandeira-do-Corinthians-768x512.webp 768w, https:\/\/www.gaveanews.com\/wp-content\/uploads\/Bandeira-do-Corinthians-630x420.webp 630w, https:\/\/www.gaveanews.com\/wp-content\/uploads\/Bandeira-do-Corinthians-640x427.webp 640w, https:\/\/www.gaveanews.com\/wp-content\/uploads\/Bandeira-do-Corinthians-681x454.webp 681w, https:\/\/www.gaveanews.com\/wp-content\/uploads\/Bandeira-do-Corinthians-100x67.webp 100w, https:\/\/www.gaveanews.com\/wp-content\/uploads\/Bandeira-do-Corinthians.webp 1048w\" sizes=\"auto, (max-width: 1024px) 100vw, 1024px\" \/><figcaption class=\"wp-element-caption\">Bandeira do Corinthians (Foto Reprodu\u00e7\u00e3o\/Instagram)<\/figcaption><\/figure>\n\n\n\n<p>Apesar do rev\u00e9s, Baptista elogiou a atua\u00e7\u00e3o do Novorizontino, que teve amplo volume ofensivo, com 23 finaliza\u00e7\u00f5es contra apenas quatro do Corinthians. Segundo ele, a equipe conseguiu impor seu jogo e dificultou as a\u00e7\u00f5es do advers\u00e1rio, mas faltou efici\u00eancia para transformar as chances criadas em gols. O treinador reconheceu que, contra times de grande porte, \u00e9 essencial aproveitar as oportunidades, pois um \u00fanico erro pode ser decisivo, como ocorreu no confronto.<\/p>\n\n\n\n<p>Com pouco tempo de prepara\u00e7\u00e3o, o Novorizontino j\u00e1 volta a campo nos pr\u00f3ximos dias para enfrentar o S\u00e3o Bernardo pela s\u00e9tima rodada do Paulist\u00e3o. Baptista refor\u00e7ou que a falta de treinos adequados \u00e9 um obst\u00e1culo, mas mostrou otimismo, destacando que, se a equipe repetir o desempenho apresentado contra o Corinthians, dificilmente sair\u00e1 derrotada nos pr\u00f3ximos jogos. A estrat\u00e9gia de rod\u00edzio no elenco continuar\u00e1 sendo uma solu\u00e7\u00e3o para lidar com o desgaste e manter o time competitivo.<\/p>\n","protected":false},"excerpt":{"rendered":"<p>Nas \u00faltimas horas, o foco das not\u00edcias sobre o Corinthians se concentram nos bastidores do clube, com destaques do dia a dia do time. Por conta deste contexto, leia abaixo um resumo preparado pela equipe do portal G\u00e1vea News para lhe manter muito bem informado! Os jogadores que j\u00e1 disputaram a Copa do Mundo O [&hellip;]<\/p>\n","protected":false},"author":27,"featured_media":154473,"comment_status":"open","ping_status":"closed","sticky":false,"template":"","format":"standard","meta":{"footnotes":""},"categories":[141],"tags":[],"class_list":["post-223713","post","type-post","status-publish","format-standard","has-post-thumbnail","hentry","category-corinthians"],"yoast_head":"<!-- This site is optimized with the Yoast SEO Premium plugin v24.2 (Yoast SEO v26.9) - https:\/\/yoast.com\/product\/yoast-seo-premium-wordpress\/ -->\n<title>Declara\u00e7\u00e3o de Eduardo Baptista, previs\u00e3o de Benja e os jogadores que j\u00e1 disputaram a Copa do Mundo: as \u00faltimas not\u00edcias do Corinthians<\/title>\n<meta name=\"robots\" content=\"index, follow, max-snippet:-1, max-image-preview:large, max-video-preview:-1\" \/>\n<link rel=\"canonical\" href=\"https:\/\/www.gaveanews.com\/index.php\/2025\/02\/05\/declaracao-de-eduardo-baptista-previsao-de-benja-e-os-jogadores-que-ja-disputaram-a-copa-do-mundo-as-ultimas-noticias-do-corinthians\/\" \/>\n<meta property=\"og:locale\" content=\"pt_BR\" \/>\n<meta property=\"og:type\" content=\"article\" \/>\n<meta property=\"og:title\" content=\"Declara\u00e7\u00e3o de Eduardo Baptista, previs\u00e3o de Benja e os jogadores que j\u00e1 disputaram a Copa do Mundo: as \u00faltimas not\u00edcias do Corinthians\" \/>\n<meta property=\"og:description\" content=\"Nas \u00faltimas horas, o foco das not\u00edcias sobre o Corinthians se concentram nos bastidores do clube, com destaques do dia a dia do time. Por conta deste contexto, leia abaixo um resumo preparado pela equipe do portal G\u00e1vea News para lhe manter muito bem informado! Os jogadores que j\u00e1 disputaram a Copa do Mundo O [&hellip;]\" \/>\n<meta property=\"og:url\" content=\"https:\/\/www.gaveanews.com\/index.php\/2025\/02\/05\/declaracao-de-eduardo-baptista-previsao-de-benja-e-os-jogadores-que-ja-disputaram-a-copa-do-mundo-as-ultimas-noticias-do-corinthians\/\" \/>\n<meta property=\"og:site_name\" content=\"G\u00e1vea News\" \/>\n<meta property=\"article:publisher\" content=\"https:\/\/facebook.com\/gaveaNews\/\" \/>\n<meta property=\"article:published_time\" content=\"2025-02-05T21:20:00+00:00\" \/>\n<meta property=\"og:image\" content=\"https:\/\/www.gaveanews.com\/wp-content\/uploads\/Escudo-do-Corinthians-na-Neo-Quimica-Arena.webp\" \/>\n\t<meta property=\"og:image:width\" content=\"1440\" \/>\n\t<meta property=\"og:image:height\" content=\"959\" \/>\n\t<meta property=\"og:image:type\" content=\"image\/jpeg\" \/>\n<meta name=\"author\" content=\"Matheus Felipe\" \/>\n<meta name=\"twitter:card\" content=\"summary_large_image\" \/>\n<meta name=\"twitter:label1\" content=\"Escrito por\" \/>\n\t<meta name=\"twitter:data1\" content=\"Matheus Felipe\" \/>\n\t<meta name=\"twitter:label2\" content=\"Est. tempo de leitura\" \/>\n\t<meta name=\"twitter:data2\" content=\"6 minutos\" \/>\n<script type=\"application\/ld+json\" class=\"yoast-schema-graph\">{\"@context\":\"https:\/\/schema.org\",\"@graph\":[{\"@type\":\"NewsArticle\",\"@id\":\"https:\/\/www.gaveanews.com\/index.php\/2025\/02\/05\/declaracao-de-eduardo-baptista-previsao-de-benja-e-os-jogadores-que-ja-disputaram-a-copa-do-mundo-as-ultimas-noticias-do-corinthians\/#article\",\"isPartOf\":{\"@id\":\"https:\/\/www.gaveanews.com\/index.php\/2025\/02\/05\/declaracao-de-eduardo-baptista-previsao-de-benja-e-os-jogadores-que-ja-disputaram-a-copa-do-mundo-as-ultimas-noticias-do-corinthians\/\"},\"author\":{\"name\":\"Matheus Felipe\",\"@id\":\"https:\/\/www.gaveanews.com\/#\/schema\/person\/8207cd4627f56151707418bfc835b2fb\"},\"headline\":\"Declara\u00e7\u00e3o de Eduardo Baptista, previs\u00e3o de Benja e os jogadores que j\u00e1 disputaram a Copa do Mundo: as \u00faltimas not\u00edcias do Corinthians\",\"datePublished\":\"2025-02-05T21:20:00+00:00\",\"mainEntityOfPage\":{\"@id\":\"https:\/\/www.gaveanews.com\/index.php\/2025\/02\/05\/declaracao-de-eduardo-baptista-previsao-de-benja-e-os-jogadores-que-ja-disputaram-a-copa-do-mundo-as-ultimas-noticias-do-corinthians\/\"},\"wordCount\":870,\"commentCount\":0,\"image\":{\"@id\":\"https:\/\/www.gaveanews.com\/index.php\/2025\/02\/05\/declaracao-de-eduardo-baptista-previsao-de-benja-e-os-jogadores-que-ja-disputaram-a-copa-do-mundo-as-ultimas-noticias-do-corinthians\/#primaryimage\"},\"thumbnailUrl\":\"https:\/\/www.gaveanews.com\/wp-content\/uploads\/Escudo-do-Corinthians-na-Neo-Quimica-Arena.webp\",\"articleSection\":[\"Corinthians\"],\"inLanguage\":\"pt-BR\",\"potentialAction\":[{\"@type\":\"CommentAction\",\"name\":\"Comment\",\"target\":[\"https:\/\/www.gaveanews.com\/index.php\/2025\/02\/05\/declaracao-de-eduardo-baptista-previsao-de-benja-e-os-jogadores-que-ja-disputaram-a-copa-do-mundo-as-ultimas-noticias-do-corinthians\/#respond\"]}],\"copyrightYear\":\"2025\",\"copyrightHolder\":{\"@id\":\"https:\/\/www.gaveanews.com\/#organization\"}},{\"@type\":\"WebPage\",\"@id\":\"https:\/\/www.gaveanews.com\/index.php\/2025\/02\/05\/declaracao-de-eduardo-baptista-previsao-de-benja-e-os-jogadores-que-ja-disputaram-a-copa-do-mundo-as-ultimas-noticias-do-corinthians\/\",\"url\":\"https:\/\/www.gaveanews.com\/index.php\/2025\/02\/05\/declaracao-de-eduardo-baptista-previsao-de-benja-e-os-jogadores-que-ja-disputaram-a-copa-do-mundo-as-ultimas-noticias-do-corinthians\/\",\"name\":\"Declara\u00e7\u00e3o de Eduardo Baptista, previs\u00e3o de Benja e os jogadores que j\u00e1 disputaram a Copa do Mundo: as \u00faltimas not\u00edcias do Corinthians\",\"isPartOf\":{\"@id\":\"https:\/\/www.gaveanews.com\/#website\"},\"primaryImageOfPage\":{\"@id\":\"https:\/\/www.gaveanews.com\/index.php\/2025\/02\/05\/declaracao-de-eduardo-baptista-previsao-de-benja-e-os-jogadores-que-ja-disputaram-a-copa-do-mundo-as-ultimas-noticias-do-corinthians\/#primaryimage\"},\"image\":{\"@id\":\"https:\/\/www.gaveanews.com\/index.php\/2025\/02\/05\/declaracao-de-eduardo-baptista-previsao-de-benja-e-os-jogadores-que-ja-disputaram-a-copa-do-mundo-as-ultimas-noticias-do-corinthians\/#primaryimage\"},\"thumbnailUrl\":\"https:\/\/www.gaveanews.com\/wp-content\/uploads\/Escudo-do-Corinthians-na-Neo-Quimica-Arena.webp\",\"datePublished\":\"2025-02-05T21:20:00+00:00\",\"author\":{\"@id\":\"https:\/\/www.gaveanews.com\/#\/schema\/person\/8207cd4627f56151707418bfc835b2fb\"},\"breadcrumb\":{\"@id\":\"https:\/\/www.gaveanews.com\/index.php\/2025\/02\/05\/declaracao-de-eduardo-baptista-previsao-de-benja-e-os-jogadores-que-ja-disputaram-a-copa-do-mundo-as-ultimas-noticias-do-corinthians\/#breadcrumb\"},\"inLanguage\":\"pt-BR\",\"potentialAction\":[{\"@type\":\"ReadAction\",\"target\":[\"https:\/\/www.gaveanews.com\/index.php\/2025\/02\/05\/declaracao-de-eduardo-baptista-previsao-de-benja-e-os-jogadores-que-ja-disputaram-a-copa-do-mundo-as-ultimas-noticias-do-corinthians\/\"]}]},{\"@type\":\"ImageObject\",\"inLanguage\":\"pt-BR\",\"@id\":\"https:\/\/www.gaveanews.com\/index.php\/2025\/02\/05\/declaracao-de-eduardo-baptista-previsao-de-benja-e-os-jogadores-que-ja-disputaram-a-copa-do-mundo-as-ultimas-noticias-do-corinthians\/#primaryimage\",\"url\":\"https:\/\/www.gaveanews.com\/wp-content\/uploads\/Escudo-do-Corinthians-na-Neo-Quimica-Arena.webp\",\"contentUrl\":\"https:\/\/www.gaveanews.com\/wp-content\/uploads\/Escudo-do-Corinthians-na-Neo-Quimica-Arena.webp\",\"width\":1440,\"height\":959,\"caption\":\"Escudo do Corinthians na N\u00e9o Qu\u00edmica Arena (Foto Reprodu\u00e7\u00e3o\/Instagram)\"},{\"@type\":\"BreadcrumbList\",\"@id\":\"https:\/\/www.gaveanews.com\/index.php\/2025\/02\/05\/declaracao-de-eduardo-baptista-previsao-de-benja-e-os-jogadores-que-ja-disputaram-a-copa-do-mundo-as-ultimas-noticias-do-corinthians\/#breadcrumb\",\"itemListElement\":[{\"@type\":\"ListItem\",\"position\":1,\"name\":\"Home\",\"item\":\"https:\/\/www.gaveanews.com\/\"},{\"@type\":\"ListItem\",\"position\":2,\"name\":\"Declara\u00e7\u00e3o de Eduardo Baptista, previs\u00e3o de Benja e os jogadores que j\u00e1 disputaram a Copa do Mundo: as \u00faltimas not\u00edcias do Corinthians\"}]},{\"@type\":\"WebSite\",\"@id\":\"https:\/\/www.gaveanews.com\/#website\",\"url\":\"https:\/\/www.gaveanews.com\/\",\"name\":\"G\u00e1vea News\",\"description\":\"Veja todas as not\u00edcias sobre o Flamengo: Contrata\u00e7\u00f5es, categorias de base, resultados das partidas, tabela de classifica\u00e7\u00e3o, pr\u00f3ximos jogos!\",\"potentialAction\":[{\"@type\":\"SearchAction\",\"target\":{\"@type\":\"EntryPoint\",\"urlTemplate\":\"https:\/\/www.gaveanews.com\/?s={search_term_string}\"},\"query-input\":{\"@type\":\"PropertyValueSpecification\",\"valueRequired\":true,\"valueName\":\"search_term_string\"}}],\"inLanguage\":\"pt-BR\"},{\"@type\":\"Person\",\"@id\":\"https:\/\/www.gaveanews.com\/#\/schema\/person\/8207cd4627f56151707418bfc835b2fb\",\"name\":\"Matheus Felipe\",\"image\":{\"@type\":\"ImageObject\",\"inLanguage\":\"pt-BR\",\"@id\":\"https:\/\/www.gaveanews.com\/#\/schema\/person\/image\/\",\"url\":\"https:\/\/secure.gravatar.com\/avatar\/a452ffbed9130f726358b298bb3a99ce4bd3c5338411f8440e87e14d74c7c087?s=96&d=mm&r=g\",\"contentUrl\":\"https:\/\/secure.gravatar.com\/avatar\/a452ffbed9130f726358b298bb3a99ce4bd3c5338411f8440e87e14d74c7c087?s=96&d=mm&r=g\",\"caption\":\"Matheus Felipe\"}}]}<\/script>\n<!-- \/ Yoast SEO Premium plugin. -->","yoast_head_json":{"title":"Declara\u00e7\u00e3o de Eduardo Baptista, previs\u00e3o de Benja e os jogadores que j\u00e1 disputaram a Copa do Mundo: as \u00faltimas not\u00edcias do Corinthians","robots":{"index":"index","follow":"follow","max-snippet":"max-snippet:-1","max-image-preview":"max-image-preview:large","max-video-preview":"max-video-preview:-1"},"canonical":"https:\/\/www.gaveanews.com\/index.php\/2025\/02\/05\/declaracao-de-eduardo-baptista-previsao-de-benja-e-os-jogadores-que-ja-disputaram-a-copa-do-mundo-as-ultimas-noticias-do-corinthians\/","og_locale":"pt_BR","og_type":"article","og_title":"Declara\u00e7\u00e3o de Eduardo Baptista, previs\u00e3o de Benja e os jogadores que j\u00e1 disputaram a Copa do Mundo: as \u00faltimas not\u00edcias do Corinthians","og_description":"Nas \u00faltimas horas, o foco das not\u00edcias sobre o Corinthians se concentram nos bastidores do clube, com destaques do dia a dia do time. Por conta deste contexto, leia abaixo um resumo preparado pela equipe do portal G\u00e1vea News para lhe manter muito bem informado! Os jogadores que j\u00e1 disputaram a Copa do Mundo O [&hellip;]","og_url":"https:\/\/www.gaveanews.com\/index.php\/2025\/02\/05\/declaracao-de-eduardo-baptista-previsao-de-benja-e-os-jogadores-que-ja-disputaram-a-copa-do-mundo-as-ultimas-noticias-do-corinthians\/","og_site_name":"G\u00e1vea News","article_publisher":"https:\/\/facebook.com\/gaveaNews\/","article_published_time":"2025-02-05T21:20:00+00:00","og_image":[{"width":1440,"height":959,"url":"https:\/\/www.gaveanews.com\/wp-content\/uploads\/Escudo-do-Corinthians-na-Neo-Quimica-Arena.webp","type":"image\/jpeg"}],"author":"Matheus Felipe","twitter_card":"summary_large_image","twitter_misc":{"Escrito por":"Matheus Felipe","Est. tempo de leitura":"6 minutos"},"schema":{"@context":"https:\/\/schema.org","@graph":[{"@type":"NewsArticle","@id":"https:\/\/www.gaveanews.com\/index.php\/2025\/02\/05\/declaracao-de-eduardo-baptista-previsao-de-benja-e-os-jogadores-que-ja-disputaram-a-copa-do-mundo-as-ultimas-noticias-do-corinthians\/#article","isPartOf":{"@id":"https:\/\/www.gaveanews.com\/index.php\/2025\/02\/05\/declaracao-de-eduardo-baptista-previsao-de-benja-e-os-jogadores-que-ja-disputaram-a-copa-do-mundo-as-ultimas-noticias-do-corinthians\/"},"author":{"name":"Matheus Felipe","@id":"https:\/\/www.gaveanews.com\/#\/schema\/person\/8207cd4627f56151707418bfc835b2fb"},"headline":"Declara\u00e7\u00e3o de Eduardo Baptista, previs\u00e3o de Benja e os jogadores que j\u00e1 disputaram a Copa do Mundo: as \u00faltimas not\u00edcias do Corinthians","datePublished":"2025-02-05T21:20:00+00:00","mainEntityOfPage":{"@id":"https:\/\/www.gaveanews.com\/index.php\/2025\/02\/05\/declaracao-de-eduardo-baptista-previsao-de-benja-e-os-jogadores-que-ja-disputaram-a-copa-do-mundo-as-ultimas-noticias-do-corinthians\/"},"wordCount":870,"commentCount":0,"image":{"@id":"https:\/\/www.gaveanews.com\/index.php\/2025\/02\/05\/declaracao-de-eduardo-baptista-previsao-de-benja-e-os-jogadores-que-ja-disputaram-a-copa-do-mundo-as-ultimas-noticias-do-corinthians\/#primaryimage"},"thumbnailUrl":"https:\/\/www.gaveanews.com\/wp-content\/uploads\/Escudo-do-Corinthians-na-Neo-Quimica-Arena.webp","articleSection":["Corinthians"],"inLanguage":"pt-BR","potentialAction":[{"@type":"CommentAction","name":"Comment","target":["https:\/\/www.gaveanews.com\/index.php\/2025\/02\/05\/declaracao-de-eduardo-baptista-previsao-de-benja-e-os-jogadores-que-ja-disputaram-a-copa-do-mundo-as-ultimas-noticias-do-corinthians\/#respond"]}],"copyrightYear":"2025","copyrightHolder":{"@id":"https:\/\/www.gaveanews.com\/#organization"}},{"@type":"WebPage","@id":"https:\/\/www.gaveanews.com\/index.php\/2025\/02\/05\/declaracao-de-eduardo-baptista-previsao-de-benja-e-os-jogadores-que-ja-disputaram-a-copa-do-mundo-as-ultimas-noticias-do-corinthians\/","url":"https:\/\/www.gaveanews.com\/index.php\/2025\/02\/05\/declaracao-de-eduardo-baptista-previsao-de-benja-e-os-jogadores-que-ja-disputaram-a-copa-do-mundo-as-ultimas-noticias-do-corinthians\/","name":"Declara\u00e7\u00e3o de Eduardo Baptista, previs\u00e3o de Benja e os jogadores que j\u00e1 disputaram a Copa do Mundo: as \u00faltimas not\u00edcias do Corinthians","isPartOf":{"@id":"https:\/\/www.gaveanews.com\/#website"},"primaryImageOfPage":{"@id":"https:\/\/www.gaveanews.com\/index.php\/2025\/02\/05\/declaracao-de-eduardo-baptista-previsao-de-benja-e-os-jogadores-que-ja-disputaram-a-copa-do-mundo-as-ultimas-noticias-do-corinthians\/#primaryimage"},"image":{"@id":"https:\/\/www.gaveanews.com\/index.php\/2025\/02\/05\/declaracao-de-eduardo-baptista-previsao-de-benja-e-os-jogadores-que-ja-disputaram-a-copa-do-mundo-as-ultimas-noticias-do-corinthians\/#primaryimage"},"thumbnailUrl":"https:\/\/www.gaveanews.com\/wp-content\/uploads\/Escudo-do-Corinthians-na-Neo-Quimica-Arena.webp","datePublished":"2025-02-05T21:20:00+00:00","author":{"@id":"https:\/\/www.gaveanews.com\/#\/schema\/person\/8207cd4627f56151707418bfc835b2fb"},"breadcrumb":{"@id":"https:\/\/www.gaveanews.com\/index.php\/2025\/02\/05\/declaracao-de-eduardo-baptista-previsao-de-benja-e-os-jogadores-que-ja-disputaram-a-copa-do-mundo-as-ultimas-noticias-do-corinthians\/#breadcrumb"},"inLanguage":"pt-BR","potentialAction":[{"@type":"ReadAction","target":["https:\/\/www.gaveanews.com\/index.php\/2025\/02\/05\/declaracao-de-eduardo-baptista-previsao-de-benja-e-os-jogadores-que-ja-disputaram-a-copa-do-mundo-as-ultimas-noticias-do-corinthians\/"]}]},{"@type":"ImageObject","inLanguage":"pt-BR","@id":"https:\/\/www.gaveanews.com\/index.php\/2025\/02\/05\/declaracao-de-eduardo-baptista-previsao-de-benja-e-os-jogadores-que-ja-disputaram-a-copa-do-mundo-as-ultimas-noticias-do-corinthians\/#primaryimage","url":"https:\/\/www.gaveanews.com\/wp-content\/uploads\/Escudo-do-Corinthians-na-Neo-Quimica-Arena.webp","contentUrl":"https:\/\/www.gaveanews.com\/wp-content\/uploads\/Escudo-do-Corinthians-na-Neo-Quimica-Arena.webp","width":1440,"height":959,"caption":"Escudo do Corinthians na N\u00e9o Qu\u00edmica Arena (Foto Reprodu\u00e7\u00e3o\/Instagram)"},{"@type":"BreadcrumbList","@id":"https:\/\/www.gaveanews.com\/index.php\/2025\/02\/05\/declaracao-de-eduardo-baptista-previsao-de-benja-e-os-jogadores-que-ja-disputaram-a-copa-do-mundo-as-ultimas-noticias-do-corinthians\/#breadcrumb","itemListElement":[{"@type":"ListItem","position":1,"name":"Home","item":"https:\/\/www.gaveanews.com\/"},{"@type":"ListItem","position":2,"name":"Declara\u00e7\u00e3o de Eduardo Baptista, previs\u00e3o de Benja e os jogadores que j\u00e1 disputaram a Copa do Mundo: as \u00faltimas not\u00edcias do Corinthians"}]},{"@type":"WebSite","@id":"https:\/\/www.gaveanews.com\/#website","url":"https:\/\/www.gaveanews.com\/","name":"G\u00e1vea News","description":"Veja todas as not\u00edcias sobre o Flamengo: Contrata\u00e7\u00f5es, categorias de base, resultados das partidas, tabela de classifica\u00e7\u00e3o, pr\u00f3ximos jogos!","potentialAction":[{"@type":"SearchAction","target":{"@type":"EntryPoint","urlTemplate":"https:\/\/www.gaveanews.com\/?s={search_term_string}"},"query-input":{"@type":"PropertyValueSpecification","valueRequired":true,"valueName":"search_term_string"}}],"inLanguage":"pt-BR"},{"@type":"Person","@id":"https:\/\/www.gaveanews.com\/#\/schema\/person\/8207cd4627f56151707418bfc835b2fb","name":"Matheus Felipe","image":{"@type":"ImageObject","inLanguage":"pt-BR","@id":"https:\/\/www.gaveanews.com\/#\/schema\/person\/image\/","url":"https:\/\/secure.gravatar.com\/avatar\/a452ffbed9130f726358b298bb3a99ce4bd3c5338411f8440e87e14d74c7c087?s=96&d=mm&r=g","contentUrl":"https:\/\/secure.gravatar.com\/avatar\/a452ffbed9130f726358b298bb3a99ce4bd3c5338411f8440e87e14d74c7c087?s=96&d=mm&r=g","caption":"Matheus Felipe"}}]}},"_links":{"self":[{"href":"https:\/\/www.gaveanews.com\/index.php\/wp-json\/wp\/v2\/posts\/223713","targetHints":{"allow":["GET"]}}],"collection":[{"href":"https:\/\/www.gaveanews.com\/index.php\/wp-json\/wp\/v2\/posts"}],"about":[{"href":"https:\/\/www.gaveanews.com\/index.php\/wp-json\/wp\/v2\/types\/post"}],"author":[{"embeddable":true,"href":"https:\/\/www.gaveanews.com\/index.php\/wp-json\/wp\/v2\/users\/27"}],"replies":[{"embeddable":true,"href":"https:\/\/www.gaveanews.com\/index.php\/wp-json\/wp\/v2\/comments?post=223713"}],"version-history":[{"count":1,"href":"https:\/\/www.gaveanews.com\/index.php\/wp-json\/wp\/v2\/posts\/223713\/revisions"}],"predecessor-version":[{"id":223738,"href":"https:\/\/www.gaveanews.com\/index.php\/wp-json\/wp\/v2\/posts\/223713\/revisions\/223738"}],"wp:featuredmedia":[{"embeddable":true,"href":"https:\/\/www.gaveanews.com\/index.php\/wp-json\/wp\/v2\/media\/154473"}],"wp:attachment":[{"href":"https:\/\/www.gaveanews.com\/index.php\/wp-json\/wp\/v2\/media?parent=223713"}],"wp:term":[{"taxonomy":"category","embeddable":true,"href":"https:\/\/www.gaveanews.com\/index.php\/wp-json\/wp\/v2\/categories?post=223713"},{"taxonomy":"post_tag","embeddable":true,"href":"https:\/\/www.gaveanews.com\/index.php\/wp-json\/wp\/v2\/tags?post=223713"}],"curies":[{"name":"wp","href":"https:\/\/api.w.org\/{rel}","templated":true}]}}