{"id":223715,"date":"2025-02-05T18:30:00","date_gmt":"2025-02-05T21:30:00","guid":{"rendered":"https:\/\/www.gaveanews.com\/?p=223715"},"modified":"2025-02-05T18:45:24","modified_gmt":"2025-02-05T21:45:24","slug":"novo-uniforme-declaracao-de-reinaldo-e-os-jogadores-que-ja-disputaram-a-copa-do-mundo-as-ultimas-noticias-do-sao-paulo","status":"publish","type":"post","link":"https:\/\/www.gaveanews.com\/index.php\/2025\/02\/05\/novo-uniforme-declaracao-de-reinaldo-e-os-jogadores-que-ja-disputaram-a-copa-do-mundo-as-ultimas-noticias-do-sao-paulo\/","title":{"rendered":"Novo uniforme, declara\u00e7\u00e3o de Reinaldo e os jogadores que j\u00e1 disputaram a Copa do Mundo: as \u00faltimas not\u00edcias do S\u00e3o Paulo"},"content":{"rendered":"\n<p>Nas \u00faltimas horas, o foco das not\u00edcias sobre o S\u00e3o Paulo se concentram nos bastidores do clube, com destaques do dia a dia do time.<\/p>\n\n\n\n<p>Por conta deste contexto, leia abaixo um resumo preparado pela equipe do portal G\u00e1vea News para lhe manter muito bem informado!<\/p>\n\n\n\n<h2 class=\"wp-block-heading\" id=\"h-os-jogadores-que-ja-disputaram-a-copa-do-mundo\">Os jogadores que j\u00e1 disputaram a Copa do Mundo<\/h2>\n\n\n\n<p>O Campeonato Brasileiro de 2025 contar\u00e1 com v\u00e1rios jogadores que j\u00e1 tiveram a experi\u00eancia de disputar uma Copa do Mundo. Entre eles est\u00e1 Philippe Coutinho, do Vasco, que foi destaque na edi\u00e7\u00e3o de 2018, marcando dois gols e dando duas assist\u00eancias. No Bahia, \u00c9verton Ribeiro tamb\u00e9m esteve no Mundial de 2022, entrando em campo na derrota para Camar\u00f5es. J\u00e1 Fagner, do Cruzeiro, assumiu a titularidade da lateral-direita do Brasil em 2018 ap\u00f3s a les\u00e3o de Danilo e disputou quatro partidas no torneio <strong><a href=\"https:\/\/www.gaveanews.com\/index.php\/2025\/02\/04\/philippe-coutinho-everton-ribeiro-fagner-weverton-luiz-gustavo-plata-canobbio-os-jogadores-do-brasileirao-2025-que-ja-disputaram-a-copa-do-mundo\/\">(leia a mat\u00e9ria completa).<\/a><\/strong><\/p>\n\n\n\n<figure class=\"wp-block-image size-full\"><img loading=\"lazy\" decoding=\"async\" width=\"984\" height=\"709\" src=\"http:\/\/www.gaveanews.com\/wp-content\/uploads\/image-28.webp\" alt=\"Divulga\u00e7\u00e3o: Santos\" class=\"wp-image-220190\"\/><figcaption class=\"wp-element-caption\">Neymar no Santos &#8211; Foto: Divulga\u00e7\u00e3o\/SFC<\/figcaption><\/figure>\n\n\n\n<p>Al\u00e9m dos brasileiros, outros estrangeiros que atuam no futebol nacional tamb\u00e9m carregam essa experi\u00eancia internacional. <\/p>\n\n\n\n<p>Agust\u00edn Canobbio, do Fluminense, defendeu o Uruguai na Copa de 2022, enquanto Gonzalo Plata, do Flamengo, jogou todas as partidas do Equador na fase de grupos. No Palmeiras, o goleiro Weverton fez parte da sele\u00e7\u00e3o brasileira no \u00faltimo Mundial, entrando em campo contra a Coreia do Sul. J\u00e1 Luiz Gustavo, atualmente no S\u00e3o Paulo, foi pe\u00e7a fundamental do Brasil na campanha de 2014, atuando como titular em seis jogos.<\/p>\n\n\n\n<p>A presen\u00e7a desses atletas refor\u00e7a a qualidade t\u00e9cnica do Brasileir\u00e3o e aumenta a competitividade entre os clubes. Com jogadores acostumados ao mais alto n\u00edvel do futebol mundial, o campeonato nacional se consolida como um dos mais fortes e disputados da atualidade. As equipes apostam na experi\u00eancia desses atletas para brigar por t\u00edtulos e elevar o n\u00edvel da competi\u00e7\u00e3o ao longo da temporada de 2025.<\/p>\n\n\n\n<h2 class=\"wp-block-heading\" id=\"h-declaracao-de-reinaldo\">Declara\u00e7\u00e3o de Reinaldo<\/h2>\n\n\n\n<p>S\u00e3o Paulo e Mirassol se enfrentam nesta quarta-feira (5), no Morumbi, pela 7\u00aa rodada do Campeonato Paulista. O confronto marca o reencontro de Reinaldo, ex-lateral do Tricolor, com a torcida s\u00e3o-paulina. O jogador, agora no Mirassol, demonstrou empolga\u00e7\u00e3o por voltar ao est\u00e1dio onde fez hist\u00f3ria, destacando que sempre gostou de atuar em partidas grandes. Apesar do carinho pelo ex-clube, ele garantiu que sua equipe entrar\u00e1 em campo com respeito, mas tamb\u00e9m com confian\u00e7a para buscar a vit\u00f3ria fora de casa <strong><a href=\"https:\/\/www.gaveanews.com\/index.php\/2025\/02\/05\/sao-paulo-x-mirassol-a-declaracao-de-reinaldo\/\">(leia a mat\u00e9ria completa).<\/a><\/strong><\/p>\n\n\n\n<figure class=\"wp-block-image size-large\"><img loading=\"lazy\" decoding=\"async\" width=\"1024\" height=\"576\" src=\"http:\/\/www.gaveanews.com\/wp-content\/uploads\/Reinaldo-Sao-Paulo-comemoracao-gol-Fluminense-Nayra-Halm-Fotoarena-1280-1024x576.webp\" alt=\"\" class=\"wp-image-34432\" srcset=\"https:\/\/www.gaveanews.com\/wp-content\/uploads\/Reinaldo-Sao-Paulo-comemoracao-gol-Fluminense-Nayra-Halm-Fotoarena-1280-1024x576.webp 1024w, https:\/\/www.gaveanews.com\/wp-content\/uploads\/Reinaldo-Sao-Paulo-comemoracao-gol-Fluminense-Nayra-Halm-Fotoarena-1280-300x169.webp 300w, https:\/\/www.gaveanews.com\/wp-content\/uploads\/Reinaldo-Sao-Paulo-comemoracao-gol-Fluminense-Nayra-Halm-Fotoarena-1280-768x432.webp 768w, https:\/\/www.gaveanews.com\/wp-content\/uploads\/Reinaldo-Sao-Paulo-comemoracao-gol-Fluminense-Nayra-Halm-Fotoarena-1280-747x420.webp 747w, https:\/\/www.gaveanews.com\/wp-content\/uploads\/Reinaldo-Sao-Paulo-comemoracao-gol-Fluminense-Nayra-Halm-Fotoarena-1280-640x360.webp 640w, https:\/\/www.gaveanews.com\/wp-content\/uploads\/Reinaldo-Sao-Paulo-comemoracao-gol-Fluminense-Nayra-Halm-Fotoarena-1280-681x383.webp 681w, https:\/\/www.gaveanews.com\/wp-content\/uploads\/Reinaldo-Sao-Paulo-comemoracao-gol-Fluminense-Nayra-Halm-Fotoarena-1280-100x56.webp 100w, https:\/\/www.gaveanews.com\/wp-content\/uploads\/Reinaldo-Sao-Paulo-comemoracao-gol-Fluminense-Nayra-Halm-Fotoarena-1280.webp 1280w\" sizes=\"auto, (max-width: 1024px) 100vw, 1024px\" \/><\/figure>\n\n\n\n<p>O lateral ressaltou a qualidade do elenco s\u00e3o-paulino, citando nomes como Lucas, Oscar, Luciano e Calleri, mas refor\u00e7ou que o Mirassol tem compet\u00eancia para surpreender. O S\u00e3o Paulo, comandado por Luis Zubeld\u00eda, entra como favorito para o confronto e deve iniciar a partida com Rafael; Igor Vin\u00edcius, Arboleda, Alan Franco e Enzo D\u00edaz; Pablo Maia, Alisson, Oscar e Lucas; Luciano e Calleri. Mesmo jogando em casa, a equipe paulista sabe que precisar\u00e1 se impor para evitar dificuldades diante do advers\u00e1rio.<\/p>\n\n\n\n<p>A partida promete fortes emo\u00e7\u00f5es, com o Tricolor tentando consolidar sua campanha no Paulist\u00e3o e o Mirassol buscando surpreender. O retorno de Reinaldo ao Morumbi adiciona um componente especial ao jogo, tornando o embate ainda mais interessante. A expectativa \u00e9 de um duelo disputado, em que ambos os times entrar\u00e3o em campo determinados a sair com os tr\u00eas pontos.<\/p>\n\n\n\n<h2 class=\"wp-block-heading\" id=\"h-novo-uniforme\">Novo uniforme<\/h2>\n\n\n\n<p>O vazamento da suposta terceira camisa do S\u00e3o Paulo movimentou as redes sociais nesta ter\u00e7a-feira (4). A pe\u00e7a, predominantemente preta com detalhes dourados e gola de bot\u00e3o, teria sido inspirada no uniforme utilizado por Rog\u00e9rio Ceni na conquista do Mundial de Clubes de 2005. A homenagem ao \u00eddolo dividiu opini\u00f5es entre os torcedores, gerando elogios pelo simbolismo, mas tamb\u00e9m cr\u00edticas pelo design e pela falta de confirma\u00e7\u00e3o oficial por parte do clube e da fornecedora New Balance<strong><a href=\"https:\/\/www.gaveanews.com\/index.php\/2025\/02\/05\/novo-uniforme-do-sao-paulo-vaza-e-revolta-torcedores\/\"> (leia a mat\u00e9ria completa).<\/a><\/strong><\/p>\n\n\n\n<figure class=\"wp-block-image size-full\"><img loading=\"lazy\" decoding=\"async\" width=\"977\" height=\"651\" src=\"http:\/\/www.gaveanews.com\/wp-content\/uploads\/Escudo-do-Sao-Paulo.webp\" alt=\"\" class=\"wp-image-154451\" srcset=\"https:\/\/www.gaveanews.com\/wp-content\/uploads\/Escudo-do-Sao-Paulo.webp 977w, https:\/\/www.gaveanews.com\/wp-content\/uploads\/Escudo-do-Sao-Paulo-300x200.webp 300w, https:\/\/www.gaveanews.com\/wp-content\/uploads\/Escudo-do-Sao-Paulo-768x512.webp 768w, https:\/\/www.gaveanews.com\/wp-content\/uploads\/Escudo-do-Sao-Paulo-630x420.webp 630w, https:\/\/www.gaveanews.com\/wp-content\/uploads\/Escudo-do-Sao-Paulo-640x426.webp 640w, https:\/\/www.gaveanews.com\/wp-content\/uploads\/Escudo-do-Sao-Paulo-681x454.webp 681w, https:\/\/www.gaveanews.com\/wp-content\/uploads\/Escudo-do-Sao-Paulo-100x67.webp 100w\" sizes=\"auto, (max-width: 977px) 100vw, 977px\" \/><figcaption class=\"wp-element-caption\">Escudo do S\u00e3o Paulo (Foto: Reprodu\u00e7\u00e3o\/S\u00e3o Paulo)<\/figcaption><\/figure>\n\n\n\n<p>O S\u00e3o Paulo j\u00e1 havia revelado sua camisa principal para 2025, predominantemente branca, e programou sua estreia para o jogo contra o Mirassol no Morumbi. A segunda camisa, com as cores tradicionais do clube, ainda n\u00e3o teve sua data de lan\u00e7amento definida, mas o foco agora est\u00e1 na poss\u00edvel confirma\u00e7\u00e3o do terceiro uniforme. O vazamento ocorre em um momento de grande expectativa e levanta questionamentos sobre o planejamento do clube para suas novas vestimentas.<\/p>\n\n\n\n<p>Nas redes sociais, a repercuss\u00e3o foi intensa, com torcedores expressando opini\u00f5es divergentes sobre a homenagem a Rog\u00e9rio Ceni. Enquanto alguns exaltam a refer\u00eancia ao t\u00edtulo mundial, outros criticam a execu\u00e7\u00e3o do design e a estrat\u00e9gia de lan\u00e7amento. A pol\u00eamica aumentou a curiosidade sobre a oficializa\u00e7\u00e3o da pe\u00e7a, deixando os s\u00e3o-paulinos atentos \u00e0s pr\u00f3ximas movimenta\u00e7\u00f5es do clube e da fornecedora de material esportivo.<\/p>\n","protected":false},"excerpt":{"rendered":"<p>Nas \u00faltimas horas, o foco das not\u00edcias sobre o S\u00e3o Paulo se concentram nos bastidores do clube, com destaques do dia a dia do time. Por conta deste contexto, leia abaixo um resumo preparado pela equipe do portal G\u00e1vea News para lhe manter muito bem informado! Os jogadores que j\u00e1 disputaram a Copa do Mundo [&hellip;]<\/p>\n","protected":false},"author":27,"featured_media":157734,"comment_status":"open","ping_status":"closed","sticky":false,"template":"","format":"standard","meta":{"footnotes":""},"categories":[151],"tags":[],"class_list":["post-223715","post","type-post","status-publish","format-standard","has-post-thumbnail","hentry","category-sao-paulo"],"yoast_head":"<!-- This site is optimized with the Yoast SEO Premium plugin v24.2 (Yoast SEO v26.9) - https:\/\/yoast.com\/product\/yoast-seo-premium-wordpress\/ -->\n<title>Novo uniforme, declara\u00e7\u00e3o de Reinaldo e os jogadores que j\u00e1 disputaram a Copa do Mundo: as \u00faltimas not\u00edcias do S\u00e3o Paulo<\/title>\n<meta name=\"robots\" content=\"index, follow, max-snippet:-1, max-image-preview:large, max-video-preview:-1\" \/>\n<link rel=\"canonical\" href=\"https:\/\/www.gaveanews.com\/index.php\/2025\/02\/05\/novo-uniforme-declaracao-de-reinaldo-e-os-jogadores-que-ja-disputaram-a-copa-do-mundo-as-ultimas-noticias-do-sao-paulo\/\" \/>\n<meta property=\"og:locale\" content=\"pt_BR\" \/>\n<meta property=\"og:type\" content=\"article\" \/>\n<meta property=\"og:title\" content=\"Novo uniforme, declara\u00e7\u00e3o de Reinaldo e os jogadores que j\u00e1 disputaram a Copa do Mundo: as \u00faltimas not\u00edcias do S\u00e3o Paulo\" \/>\n<meta property=\"og:description\" content=\"Nas \u00faltimas horas, o foco das not\u00edcias sobre o S\u00e3o Paulo se concentram nos bastidores do clube, com destaques do dia a dia do time. Por conta deste contexto, leia abaixo um resumo preparado pela equipe do portal G\u00e1vea News para lhe manter muito bem informado! Os jogadores que j\u00e1 disputaram a Copa do Mundo [&hellip;]\" \/>\n<meta property=\"og:url\" content=\"https:\/\/www.gaveanews.com\/index.php\/2025\/02\/05\/novo-uniforme-declaracao-de-reinaldo-e-os-jogadores-que-ja-disputaram-a-copa-do-mundo-as-ultimas-noticias-do-sao-paulo\/\" \/>\n<meta property=\"og:site_name\" content=\"G\u00e1vea News\" \/>\n<meta property=\"article:publisher\" content=\"https:\/\/facebook.com\/gaveaNews\/\" \/>\n<meta property=\"article:published_time\" content=\"2025-02-05T21:30:00+00:00\" \/>\n<meta property=\"article:modified_time\" content=\"2025-02-05T21:45:24+00:00\" \/>\n<meta property=\"og:image\" content=\"http:\/\/www.gaveanews.com\/wp-content\/uploads\/Elenco-do-Sao-Paulo.webp\" \/>\n\t<meta property=\"og:image:width\" content=\"1242\" \/>\n\t<meta property=\"og:image:height\" content=\"1235\" \/>\n\t<meta property=\"og:image:type\" content=\"image\/jpeg\" \/>\n<meta name=\"author\" content=\"Matheus Felipe\" \/>\n<meta name=\"twitter:card\" content=\"summary_large_image\" \/>\n<meta name=\"twitter:label1\" content=\"Escrito por\" \/>\n\t<meta name=\"twitter:data1\" content=\"Matheus Felipe\" \/>\n\t<meta name=\"twitter:label2\" content=\"Est. tempo de leitura\" \/>\n\t<meta name=\"twitter:data2\" content=\"5 minutos\" \/>\n<script type=\"application\/ld+json\" class=\"yoast-schema-graph\">{\"@context\":\"https:\/\/schema.org\",\"@graph\":[{\"@type\":\"NewsArticle\",\"@id\":\"https:\/\/www.gaveanews.com\/index.php\/2025\/02\/05\/novo-uniforme-declaracao-de-reinaldo-e-os-jogadores-que-ja-disputaram-a-copa-do-mundo-as-ultimas-noticias-do-sao-paulo\/#article\",\"isPartOf\":{\"@id\":\"https:\/\/www.gaveanews.com\/index.php\/2025\/02\/05\/novo-uniforme-declaracao-de-reinaldo-e-os-jogadores-que-ja-disputaram-a-copa-do-mundo-as-ultimas-noticias-do-sao-paulo\/\"},\"author\":{\"name\":\"Matheus Felipe\",\"@id\":\"https:\/\/www.gaveanews.com\/#\/schema\/person\/8207cd4627f56151707418bfc835b2fb\"},\"headline\":\"Novo uniforme, declara\u00e7\u00e3o de Reinaldo e os jogadores que j\u00e1 disputaram a Copa do Mundo: as \u00faltimas not\u00edcias do S\u00e3o Paulo\",\"datePublished\":\"2025-02-05T21:30:00+00:00\",\"dateModified\":\"2025-02-05T21:45:24+00:00\",\"mainEntityOfPage\":{\"@id\":\"https:\/\/www.gaveanews.com\/index.php\/2025\/02\/05\/novo-uniforme-declaracao-de-reinaldo-e-os-jogadores-que-ja-disputaram-a-copa-do-mundo-as-ultimas-noticias-do-sao-paulo\/\"},\"wordCount\":843,\"commentCount\":0,\"image\":{\"@id\":\"https:\/\/www.gaveanews.com\/index.php\/2025\/02\/05\/novo-uniforme-declaracao-de-reinaldo-e-os-jogadores-que-ja-disputaram-a-copa-do-mundo-as-ultimas-noticias-do-sao-paulo\/#primaryimage\"},\"thumbnailUrl\":\"https:\/\/www.gaveanews.com\/wp-content\/uploads\/Elenco-do-Sao-Paulo.webp\",\"articleSection\":[\"S\u00e3o Paulo\"],\"inLanguage\":\"pt-BR\",\"potentialAction\":[{\"@type\":\"CommentAction\",\"name\":\"Comment\",\"target\":[\"https:\/\/www.gaveanews.com\/index.php\/2025\/02\/05\/novo-uniforme-declaracao-de-reinaldo-e-os-jogadores-que-ja-disputaram-a-copa-do-mundo-as-ultimas-noticias-do-sao-paulo\/#respond\"]}],\"copyrightYear\":\"2025\",\"copyrightHolder\":{\"@id\":\"https:\/\/www.gaveanews.com\/#organization\"}},{\"@type\":\"WebPage\",\"@id\":\"https:\/\/www.gaveanews.com\/index.php\/2025\/02\/05\/novo-uniforme-declaracao-de-reinaldo-e-os-jogadores-que-ja-disputaram-a-copa-do-mundo-as-ultimas-noticias-do-sao-paulo\/\",\"url\":\"https:\/\/www.gaveanews.com\/index.php\/2025\/02\/05\/novo-uniforme-declaracao-de-reinaldo-e-os-jogadores-que-ja-disputaram-a-copa-do-mundo-as-ultimas-noticias-do-sao-paulo\/\",\"name\":\"Novo uniforme, declara\u00e7\u00e3o de Reinaldo e os jogadores que j\u00e1 disputaram a Copa do Mundo: as \u00faltimas not\u00edcias do S\u00e3o Paulo\",\"isPartOf\":{\"@id\":\"https:\/\/www.gaveanews.com\/#website\"},\"primaryImageOfPage\":{\"@id\":\"https:\/\/www.gaveanews.com\/index.php\/2025\/02\/05\/novo-uniforme-declaracao-de-reinaldo-e-os-jogadores-que-ja-disputaram-a-copa-do-mundo-as-ultimas-noticias-do-sao-paulo\/#primaryimage\"},\"image\":{\"@id\":\"https:\/\/www.gaveanews.com\/index.php\/2025\/02\/05\/novo-uniforme-declaracao-de-reinaldo-e-os-jogadores-que-ja-disputaram-a-copa-do-mundo-as-ultimas-noticias-do-sao-paulo\/#primaryimage\"},\"thumbnailUrl\":\"https:\/\/www.gaveanews.com\/wp-content\/uploads\/Elenco-do-Sao-Paulo.webp\",\"datePublished\":\"2025-02-05T21:30:00+00:00\",\"dateModified\":\"2025-02-05T21:45:24+00:00\",\"author\":{\"@id\":\"https:\/\/www.gaveanews.com\/#\/schema\/person\/8207cd4627f56151707418bfc835b2fb\"},\"breadcrumb\":{\"@id\":\"https:\/\/www.gaveanews.com\/index.php\/2025\/02\/05\/novo-uniforme-declaracao-de-reinaldo-e-os-jogadores-que-ja-disputaram-a-copa-do-mundo-as-ultimas-noticias-do-sao-paulo\/#breadcrumb\"},\"inLanguage\":\"pt-BR\",\"potentialAction\":[{\"@type\":\"ReadAction\",\"target\":[\"https:\/\/www.gaveanews.com\/index.php\/2025\/02\/05\/novo-uniforme-declaracao-de-reinaldo-e-os-jogadores-que-ja-disputaram-a-copa-do-mundo-as-ultimas-noticias-do-sao-paulo\/\"]}]},{\"@type\":\"ImageObject\",\"inLanguage\":\"pt-BR\",\"@id\":\"https:\/\/www.gaveanews.com\/index.php\/2025\/02\/05\/novo-uniforme-declaracao-de-reinaldo-e-os-jogadores-que-ja-disputaram-a-copa-do-mundo-as-ultimas-noticias-do-sao-paulo\/#primaryimage\",\"url\":\"https:\/\/www.gaveanews.com\/wp-content\/uploads\/Elenco-do-Sao-Paulo.webp\",\"contentUrl\":\"https:\/\/www.gaveanews.com\/wp-content\/uploads\/Elenco-do-Sao-Paulo.webp\",\"width\":1242,\"height\":1235,\"caption\":\"Elenco do S\u00e3o Paulo (Foto: Reprodu\u00e7\u00e3o\/Instagram)\"},{\"@type\":\"BreadcrumbList\",\"@id\":\"https:\/\/www.gaveanews.com\/index.php\/2025\/02\/05\/novo-uniforme-declaracao-de-reinaldo-e-os-jogadores-que-ja-disputaram-a-copa-do-mundo-as-ultimas-noticias-do-sao-paulo\/#breadcrumb\",\"itemListElement\":[{\"@type\":\"ListItem\",\"position\":1,\"name\":\"Home\",\"item\":\"https:\/\/www.gaveanews.com\/\"},{\"@type\":\"ListItem\",\"position\":2,\"name\":\"Novo uniforme, declara\u00e7\u00e3o de Reinaldo e os jogadores que j\u00e1 disputaram a Copa do Mundo: as \u00faltimas not\u00edcias do S\u00e3o Paulo\"}]},{\"@type\":\"WebSite\",\"@id\":\"https:\/\/www.gaveanews.com\/#website\",\"url\":\"https:\/\/www.gaveanews.com\/\",\"name\":\"G\u00e1vea News\",\"description\":\"Veja todas as not\u00edcias sobre o Flamengo: Contrata\u00e7\u00f5es, categorias de base, resultados das partidas, tabela de classifica\u00e7\u00e3o, pr\u00f3ximos jogos!\",\"potentialAction\":[{\"@type\":\"SearchAction\",\"target\":{\"@type\":\"EntryPoint\",\"urlTemplate\":\"https:\/\/www.gaveanews.com\/?s={search_term_string}\"},\"query-input\":{\"@type\":\"PropertyValueSpecification\",\"valueRequired\":true,\"valueName\":\"search_term_string\"}}],\"inLanguage\":\"pt-BR\"},{\"@type\":\"Person\",\"@id\":\"https:\/\/www.gaveanews.com\/#\/schema\/person\/8207cd4627f56151707418bfc835b2fb\",\"name\":\"Matheus Felipe\",\"image\":{\"@type\":\"ImageObject\",\"inLanguage\":\"pt-BR\",\"@id\":\"https:\/\/www.gaveanews.com\/#\/schema\/person\/image\/\",\"url\":\"https:\/\/secure.gravatar.com\/avatar\/a452ffbed9130f726358b298bb3a99ce4bd3c5338411f8440e87e14d74c7c087?s=96&d=mm&r=g\",\"contentUrl\":\"https:\/\/secure.gravatar.com\/avatar\/a452ffbed9130f726358b298bb3a99ce4bd3c5338411f8440e87e14d74c7c087?s=96&d=mm&r=g\",\"caption\":\"Matheus Felipe\"}}]}<\/script>\n<!-- \/ Yoast SEO Premium plugin. -->","yoast_head_json":{"title":"Novo uniforme, declara\u00e7\u00e3o de Reinaldo e os jogadores que j\u00e1 disputaram a Copa do Mundo: as \u00faltimas not\u00edcias do S\u00e3o Paulo","robots":{"index":"index","follow":"follow","max-snippet":"max-snippet:-1","max-image-preview":"max-image-preview:large","max-video-preview":"max-video-preview:-1"},"canonical":"https:\/\/www.gaveanews.com\/index.php\/2025\/02\/05\/novo-uniforme-declaracao-de-reinaldo-e-os-jogadores-que-ja-disputaram-a-copa-do-mundo-as-ultimas-noticias-do-sao-paulo\/","og_locale":"pt_BR","og_type":"article","og_title":"Novo uniforme, declara\u00e7\u00e3o de Reinaldo e os jogadores que j\u00e1 disputaram a Copa do Mundo: as \u00faltimas not\u00edcias do S\u00e3o Paulo","og_description":"Nas \u00faltimas horas, o foco das not\u00edcias sobre o S\u00e3o Paulo se concentram nos bastidores do clube, com destaques do dia a dia do time. Por conta deste contexto, leia abaixo um resumo preparado pela equipe do portal G\u00e1vea News para lhe manter muito bem informado! Os jogadores que j\u00e1 disputaram a Copa do Mundo [&hellip;]","og_url":"https:\/\/www.gaveanews.com\/index.php\/2025\/02\/05\/novo-uniforme-declaracao-de-reinaldo-e-os-jogadores-que-ja-disputaram-a-copa-do-mundo-as-ultimas-noticias-do-sao-paulo\/","og_site_name":"G\u00e1vea News","article_publisher":"https:\/\/facebook.com\/gaveaNews\/","article_published_time":"2025-02-05T21:30:00+00:00","article_modified_time":"2025-02-05T21:45:24+00:00","og_image":[{"width":1242,"height":1235,"url":"http:\/\/www.gaveanews.com\/wp-content\/uploads\/Elenco-do-Sao-Paulo.webp","type":"image\/jpeg"}],"author":"Matheus Felipe","twitter_card":"summary_large_image","twitter_misc":{"Escrito por":"Matheus Felipe","Est. tempo de leitura":"5 minutos"},"schema":{"@context":"https:\/\/schema.org","@graph":[{"@type":"NewsArticle","@id":"https:\/\/www.gaveanews.com\/index.php\/2025\/02\/05\/novo-uniforme-declaracao-de-reinaldo-e-os-jogadores-que-ja-disputaram-a-copa-do-mundo-as-ultimas-noticias-do-sao-paulo\/#article","isPartOf":{"@id":"https:\/\/www.gaveanews.com\/index.php\/2025\/02\/05\/novo-uniforme-declaracao-de-reinaldo-e-os-jogadores-que-ja-disputaram-a-copa-do-mundo-as-ultimas-noticias-do-sao-paulo\/"},"author":{"name":"Matheus Felipe","@id":"https:\/\/www.gaveanews.com\/#\/schema\/person\/8207cd4627f56151707418bfc835b2fb"},"headline":"Novo uniforme, declara\u00e7\u00e3o de Reinaldo e os jogadores que j\u00e1 disputaram a Copa do Mundo: as \u00faltimas not\u00edcias do S\u00e3o Paulo","datePublished":"2025-02-05T21:30:00+00:00","dateModified":"2025-02-05T21:45:24+00:00","mainEntityOfPage":{"@id":"https:\/\/www.gaveanews.com\/index.php\/2025\/02\/05\/novo-uniforme-declaracao-de-reinaldo-e-os-jogadores-que-ja-disputaram-a-copa-do-mundo-as-ultimas-noticias-do-sao-paulo\/"},"wordCount":843,"commentCount":0,"image":{"@id":"https:\/\/www.gaveanews.com\/index.php\/2025\/02\/05\/novo-uniforme-declaracao-de-reinaldo-e-os-jogadores-que-ja-disputaram-a-copa-do-mundo-as-ultimas-noticias-do-sao-paulo\/#primaryimage"},"thumbnailUrl":"https:\/\/www.gaveanews.com\/wp-content\/uploads\/Elenco-do-Sao-Paulo.webp","articleSection":["S\u00e3o Paulo"],"inLanguage":"pt-BR","potentialAction":[{"@type":"CommentAction","name":"Comment","target":["https:\/\/www.gaveanews.com\/index.php\/2025\/02\/05\/novo-uniforme-declaracao-de-reinaldo-e-os-jogadores-que-ja-disputaram-a-copa-do-mundo-as-ultimas-noticias-do-sao-paulo\/#respond"]}],"copyrightYear":"2025","copyrightHolder":{"@id":"https:\/\/www.gaveanews.com\/#organization"}},{"@type":"WebPage","@id":"https:\/\/www.gaveanews.com\/index.php\/2025\/02\/05\/novo-uniforme-declaracao-de-reinaldo-e-os-jogadores-que-ja-disputaram-a-copa-do-mundo-as-ultimas-noticias-do-sao-paulo\/","url":"https:\/\/www.gaveanews.com\/index.php\/2025\/02\/05\/novo-uniforme-declaracao-de-reinaldo-e-os-jogadores-que-ja-disputaram-a-copa-do-mundo-as-ultimas-noticias-do-sao-paulo\/","name":"Novo uniforme, declara\u00e7\u00e3o de Reinaldo e os jogadores que j\u00e1 disputaram a Copa do Mundo: as \u00faltimas not\u00edcias do S\u00e3o Paulo","isPartOf":{"@id":"https:\/\/www.gaveanews.com\/#website"},"primaryImageOfPage":{"@id":"https:\/\/www.gaveanews.com\/index.php\/2025\/02\/05\/novo-uniforme-declaracao-de-reinaldo-e-os-jogadores-que-ja-disputaram-a-copa-do-mundo-as-ultimas-noticias-do-sao-paulo\/#primaryimage"},"image":{"@id":"https:\/\/www.gaveanews.com\/index.php\/2025\/02\/05\/novo-uniforme-declaracao-de-reinaldo-e-os-jogadores-que-ja-disputaram-a-copa-do-mundo-as-ultimas-noticias-do-sao-paulo\/#primaryimage"},"thumbnailUrl":"https:\/\/www.gaveanews.com\/wp-content\/uploads\/Elenco-do-Sao-Paulo.webp","datePublished":"2025-02-05T21:30:00+00:00","dateModified":"2025-02-05T21:45:24+00:00","author":{"@id":"https:\/\/www.gaveanews.com\/#\/schema\/person\/8207cd4627f56151707418bfc835b2fb"},"breadcrumb":{"@id":"https:\/\/www.gaveanews.com\/index.php\/2025\/02\/05\/novo-uniforme-declaracao-de-reinaldo-e-os-jogadores-que-ja-disputaram-a-copa-do-mundo-as-ultimas-noticias-do-sao-paulo\/#breadcrumb"},"inLanguage":"pt-BR","potentialAction":[{"@type":"ReadAction","target":["https:\/\/www.gaveanews.com\/index.php\/2025\/02\/05\/novo-uniforme-declaracao-de-reinaldo-e-os-jogadores-que-ja-disputaram-a-copa-do-mundo-as-ultimas-noticias-do-sao-paulo\/"]}]},{"@type":"ImageObject","inLanguage":"pt-BR","@id":"https:\/\/www.gaveanews.com\/index.php\/2025\/02\/05\/novo-uniforme-declaracao-de-reinaldo-e-os-jogadores-que-ja-disputaram-a-copa-do-mundo-as-ultimas-noticias-do-sao-paulo\/#primaryimage","url":"https:\/\/www.gaveanews.com\/wp-content\/uploads\/Elenco-do-Sao-Paulo.webp","contentUrl":"https:\/\/www.gaveanews.com\/wp-content\/uploads\/Elenco-do-Sao-Paulo.webp","width":1242,"height":1235,"caption":"Elenco do S\u00e3o Paulo (Foto: Reprodu\u00e7\u00e3o\/Instagram)"},{"@type":"BreadcrumbList","@id":"https:\/\/www.gaveanews.com\/index.php\/2025\/02\/05\/novo-uniforme-declaracao-de-reinaldo-e-os-jogadores-que-ja-disputaram-a-copa-do-mundo-as-ultimas-noticias-do-sao-paulo\/#breadcrumb","itemListElement":[{"@type":"ListItem","position":1,"name":"Home","item":"https:\/\/www.gaveanews.com\/"},{"@type":"ListItem","position":2,"name":"Novo uniforme, declara\u00e7\u00e3o de Reinaldo e os jogadores que j\u00e1 disputaram a Copa do Mundo: as \u00faltimas not\u00edcias do S\u00e3o Paulo"}]},{"@type":"WebSite","@id":"https:\/\/www.gaveanews.com\/#website","url":"https:\/\/www.gaveanews.com\/","name":"G\u00e1vea News","description":"Veja todas as not\u00edcias sobre o Flamengo: Contrata\u00e7\u00f5es, categorias de base, resultados das partidas, tabela de classifica\u00e7\u00e3o, pr\u00f3ximos jogos!","potentialAction":[{"@type":"SearchAction","target":{"@type":"EntryPoint","urlTemplate":"https:\/\/www.gaveanews.com\/?s={search_term_string}"},"query-input":{"@type":"PropertyValueSpecification","valueRequired":true,"valueName":"search_term_string"}}],"inLanguage":"pt-BR"},{"@type":"Person","@id":"https:\/\/www.gaveanews.com\/#\/schema\/person\/8207cd4627f56151707418bfc835b2fb","name":"Matheus Felipe","image":{"@type":"ImageObject","inLanguage":"pt-BR","@id":"https:\/\/www.gaveanews.com\/#\/schema\/person\/image\/","url":"https:\/\/secure.gravatar.com\/avatar\/a452ffbed9130f726358b298bb3a99ce4bd3c5338411f8440e87e14d74c7c087?s=96&d=mm&r=g","contentUrl":"https:\/\/secure.gravatar.com\/avatar\/a452ffbed9130f726358b298bb3a99ce4bd3c5338411f8440e87e14d74c7c087?s=96&d=mm&r=g","caption":"Matheus Felipe"}}]}},"_links":{"self":[{"href":"https:\/\/www.gaveanews.com\/index.php\/wp-json\/wp\/v2\/posts\/223715","targetHints":{"allow":["GET"]}}],"collection":[{"href":"https:\/\/www.gaveanews.com\/index.php\/wp-json\/wp\/v2\/posts"}],"about":[{"href":"https:\/\/www.gaveanews.com\/index.php\/wp-json\/wp\/v2\/types\/post"}],"author":[{"embeddable":true,"href":"https:\/\/www.gaveanews.com\/index.php\/wp-json\/wp\/v2\/users\/27"}],"replies":[{"embeddable":true,"href":"https:\/\/www.gaveanews.com\/index.php\/wp-json\/wp\/v2\/comments?post=223715"}],"version-history":[{"count":1,"href":"https:\/\/www.gaveanews.com\/index.php\/wp-json\/wp\/v2\/posts\/223715\/revisions"}],"predecessor-version":[{"id":223755,"href":"https:\/\/www.gaveanews.com\/index.php\/wp-json\/wp\/v2\/posts\/223715\/revisions\/223755"}],"wp:featuredmedia":[{"embeddable":true,"href":"https:\/\/www.gaveanews.com\/index.php\/wp-json\/wp\/v2\/media\/157734"}],"wp:attachment":[{"href":"https:\/\/www.gaveanews.com\/index.php\/wp-json\/wp\/v2\/media?parent=223715"}],"wp:term":[{"taxonomy":"category","embeddable":true,"href":"https:\/\/www.gaveanews.com\/index.php\/wp-json\/wp\/v2\/categories?post=223715"},{"taxonomy":"post_tag","embeddable":true,"href":"https:\/\/www.gaveanews.com\/index.php\/wp-json\/wp\/v2\/tags?post=223715"}],"curies":[{"name":"wp","href":"https:\/\/api.w.org\/{rel}","templated":true}]}}