{"id":22372,"date":"2019-06-30T14:47:56","date_gmt":"2019-06-30T17:47:56","guid":{"rendered":"https:\/\/www.gaveanews.com\/?p=22372"},"modified":"2019-06-30T14:47:57","modified_gmt":"2019-06-30T17:47:57","slug":"lateral-revelado-pelo-flamengo-ira-ser-negociado-por-r-78-milhoes-rubro-negro-recebera-uma-porcentagem-da-negociacao","status":"publish","type":"post","link":"https:\/\/www.gaveanews.com\/index.php\/2019\/06\/30\/lateral-revelado-pelo-flamengo-ira-ser-negociado-por-r-78-milhoes-rubro-negro-recebera-uma-porcentagem-da-negociacao\/","title":{"rendered":"Lateral revelado pelo Flamengo ir\u00e1 ser negociado por R$ 78 milh\u00f5es; rubro-negro receber\u00e1 uma porcentagem da negocia\u00e7\u00e3o"},"content":{"rendered":"\n<p>De acordo com informa\u00e7\u00f5es divulgadas pelo jornalista Gianluca Di Marzio, da emissora Sky Sport Italia, o Lyon, da Fran\u00e7a, fez uma proposta de 18 milh\u00f5es de euros (cerca de R$ 78 milh\u00f5es na cota\u00e7\u00e3o atual) por Dalbert Henrique, lateral-esquerdo da Inter de Mil\u00e3o, da It\u00e1lia. <\/p>\n\n\n\n<p>As tratativas est\u00e3o em andamento, mas o time italiano pede 20 milh\u00f5es de euros, pois precisa pagar uma taxa ao Nice, da Fran\u00e7a.<\/p>\n\n\n\n<p>E devido ao mecanismo de solidariedade da FIFA, aos clubes formadores, o Flamengo ter\u00e1 direito a 0,54% do valor. Ou seja, caso a negocia\u00e7\u00e3o se concretize, o rubro-negro receber\u00e1 um montante estimado entre 400 mil e 500 mil reais &#8211; o valor exato depender\u00e1 do valor final da negocia\u00e7\u00e3o entre o Lyon e a Inter.<\/p>\n\n\n\n<p>Vale destacar que esta n\u00e3o ser\u00e1 a primeira vez que o Flamengo lucra indiretamente nas negocia\u00e7\u00f5es envolvendo Dalbert. <\/p>\n\n\n\n<p>Em agosto de 2017, a Inter de Mil\u00e3o pagou ao Nice, R$ 103 milh\u00f5es. Na ocasi\u00e3o, o time da G\u00e1vea faturou R$ 558 mil.<\/p>\n\n\n\n\n\n<p>Adaptado de: Coluna do Fla e Extra<\/p>\n","protected":false},"excerpt":{"rendered":"<p>De acordo com informa\u00e7\u00f5es divulgadas pelo jornalista Gianluca Di Marzio, da emissora Sky Sport Italia, o Lyon, da Fran\u00e7a, fez uma proposta de 18 milh\u00f5es de euros (cerca de R$ 78 milh\u00f5es na cota\u00e7\u00e3o atual) por Dalbert Henrique, lateral-esquerdo da Inter de Mil\u00e3o, da It\u00e1lia. As tratativas est\u00e3o em andamento, mas o time italiano pede [&hellip;]<\/p>\n","protected":false},"author":1,"featured_media":22380,"comment_status":"open","ping_status":"open","sticky":false,"template":"","format":"standard","meta":{"footnotes":""},"categories":[47],"tags":[],"class_list":["post-22372","post","type-post","status-publish","format-standard","has-post-thumbnail","hentry","category-destaques"],"yoast_head":"<!-- This site is optimized with the Yoast SEO Premium plugin v24.2 (Yoast SEO v26.9) - https:\/\/yoast.com\/product\/yoast-seo-premium-wordpress\/ -->\n<title>Lateral revelado pelo Flamengo ir\u00e1 ser negociado por R$ 78 milh\u00f5es; rubro-negro receber\u00e1 uma porcentagem da negocia\u00e7\u00e3o<\/title>\n<meta name=\"robots\" content=\"index, follow, max-snippet:-1, max-image-preview:large, max-video-preview:-1\" \/>\n<link rel=\"canonical\" href=\"https:\/\/www.gaveanews.com\/index.php\/2019\/06\/30\/lateral-revelado-pelo-flamengo-ira-ser-negociado-por-r-78-milhoes-rubro-negro-recebera-uma-porcentagem-da-negociacao\/\" \/>\n<meta property=\"og:locale\" content=\"pt_BR\" \/>\n<meta property=\"og:type\" content=\"article\" \/>\n<meta property=\"og:title\" content=\"Lateral revelado pelo Flamengo ir\u00e1 ser negociado por R$ 78 milh\u00f5es; rubro-negro receber\u00e1 uma porcentagem da negocia\u00e7\u00e3o\" \/>\n<meta property=\"og:description\" content=\"De acordo com informa\u00e7\u00f5es divulgadas pelo jornalista Gianluca Di Marzio, da emissora Sky Sport Italia, o Lyon, da Fran\u00e7a, fez uma proposta de 18 milh\u00f5es de euros (cerca de R$ 78 milh\u00f5es na cota\u00e7\u00e3o atual) por Dalbert Henrique, lateral-esquerdo da Inter de Mil\u00e3o, da It\u00e1lia. As tratativas est\u00e3o em andamento, mas o time italiano pede [&hellip;]\" \/>\n<meta property=\"og:url\" content=\"https:\/\/www.gaveanews.com\/index.php\/2019\/06\/30\/lateral-revelado-pelo-flamengo-ira-ser-negociado-por-r-78-milhoes-rubro-negro-recebera-uma-porcentagem-da-negociacao\/\" \/>\n<meta property=\"og:site_name\" content=\"G\u00e1vea News\" \/>\n<meta property=\"article:publisher\" content=\"https:\/\/facebook.com\/gaveaNews\/\" \/>\n<meta property=\"article:published_time\" content=\"2019-06-30T17:47:56+00:00\" \/>\n<meta property=\"article:modified_time\" content=\"2019-06-30T17:47:57+00:00\" \/>\n<meta property=\"og:image\" content=\"https:\/\/www.gaveanews.com\/wp-content\/uploads\/2019\/06\/Dalbert-em-acao-pela-Inter-de-Milao.webp\" \/>\n\t<meta property=\"og:image:width\" content=\"1\" \/>\n\t<meta property=\"og:image:height\" content=\"1\" \/>\n\t<meta property=\"og:image:type\" content=\"image\/jpeg\" \/>\n<meta name=\"author\" content=\"Equipe G\u00e1vea News\" \/>\n<meta name=\"twitter:card\" content=\"summary_large_image\" \/>\n<meta name=\"twitter:label1\" content=\"Escrito por\" \/>\n\t<meta name=\"twitter:data1\" content=\"Equipe G\u00e1vea News\" \/>\n\t<meta name=\"twitter:label2\" content=\"Est. tempo de leitura\" \/>\n\t<meta name=\"twitter:data2\" content=\"1 minuto\" \/>\n<script type=\"application\/ld+json\" class=\"yoast-schema-graph\">{\"@context\":\"https:\/\/schema.org\",\"@graph\":[{\"@type\":\"NewsArticle\",\"@id\":\"https:\/\/www.gaveanews.com\/index.php\/2019\/06\/30\/lateral-revelado-pelo-flamengo-ira-ser-negociado-por-r-78-milhoes-rubro-negro-recebera-uma-porcentagem-da-negociacao\/#article\",\"isPartOf\":{\"@id\":\"https:\/\/www.gaveanews.com\/index.php\/2019\/06\/30\/lateral-revelado-pelo-flamengo-ira-ser-negociado-por-r-78-milhoes-rubro-negro-recebera-uma-porcentagem-da-negociacao\/\"},\"author\":{\"name\":\"Equipe G\u00e1vea News\",\"@id\":\"https:\/\/www.gaveanews.com\/#\/schema\/person\/2ec14f73fb96be2caf28f91afb14749d\"},\"headline\":\"Lateral revelado pelo Flamengo ir\u00e1 ser negociado por R$ 78 milh\u00f5es; rubro-negro receber\u00e1 uma porcentagem da negocia\u00e7\u00e3o\",\"datePublished\":\"2019-06-30T17:47:56+00:00\",\"dateModified\":\"2019-06-30T17:47:57+00:00\",\"mainEntityOfPage\":{\"@id\":\"https:\/\/www.gaveanews.com\/index.php\/2019\/06\/30\/lateral-revelado-pelo-flamengo-ira-ser-negociado-por-r-78-milhoes-rubro-negro-recebera-uma-porcentagem-da-negociacao\/\"},\"wordCount\":199,\"commentCount\":0,\"image\":{\"@id\":\"https:\/\/www.gaveanews.com\/index.php\/2019\/06\/30\/lateral-revelado-pelo-flamengo-ira-ser-negociado-por-r-78-milhoes-rubro-negro-recebera-uma-porcentagem-da-negociacao\/#primaryimage\"},\"thumbnailUrl\":\"https:\/\/www.gaveanews.com\/wp-content\/uploads\/2019\/06\/Dalbert-em-acao-pela-Inter-de-Milao.webp\",\"articleSection\":[\"Destaques\"],\"inLanguage\":\"pt-BR\",\"potentialAction\":[{\"@type\":\"CommentAction\",\"name\":\"Comment\",\"target\":[\"https:\/\/www.gaveanews.com\/index.php\/2019\/06\/30\/lateral-revelado-pelo-flamengo-ira-ser-negociado-por-r-78-milhoes-rubro-negro-recebera-uma-porcentagem-da-negociacao\/#respond\"]}],\"copyrightYear\":\"2019\",\"copyrightHolder\":{\"@id\":\"https:\/\/www.gaveanews.com\/#organization\"}},{\"@type\":\"WebPage\",\"@id\":\"https:\/\/www.gaveanews.com\/index.php\/2019\/06\/30\/lateral-revelado-pelo-flamengo-ira-ser-negociado-por-r-78-milhoes-rubro-negro-recebera-uma-porcentagem-da-negociacao\/\",\"url\":\"https:\/\/www.gaveanews.com\/index.php\/2019\/06\/30\/lateral-revelado-pelo-flamengo-ira-ser-negociado-por-r-78-milhoes-rubro-negro-recebera-uma-porcentagem-da-negociacao\/\",\"name\":\"Lateral revelado pelo Flamengo ir\u00e1 ser negociado por R$ 78 milh\u00f5es; rubro-negro receber\u00e1 uma porcentagem da negocia\u00e7\u00e3o\",\"isPartOf\":{\"@id\":\"https:\/\/www.gaveanews.com\/#website\"},\"primaryImageOfPage\":{\"@id\":\"https:\/\/www.gaveanews.com\/index.php\/2019\/06\/30\/lateral-revelado-pelo-flamengo-ira-ser-negociado-por-r-78-milhoes-rubro-negro-recebera-uma-porcentagem-da-negociacao\/#primaryimage\"},\"image\":{\"@id\":\"https:\/\/www.gaveanews.com\/index.php\/2019\/06\/30\/lateral-revelado-pelo-flamengo-ira-ser-negociado-por-r-78-milhoes-rubro-negro-recebera-uma-porcentagem-da-negociacao\/#primaryimage\"},\"thumbnailUrl\":\"https:\/\/www.gaveanews.com\/wp-content\/uploads\/2019\/06\/Dalbert-em-acao-pela-Inter-de-Milao.webp\",\"datePublished\":\"2019-06-30T17:47:56+00:00\",\"dateModified\":\"2019-06-30T17:47:57+00:00\",\"author\":{\"@id\":\"https:\/\/www.gaveanews.com\/#\/schema\/person\/2ec14f73fb96be2caf28f91afb14749d\"},\"breadcrumb\":{\"@id\":\"https:\/\/www.gaveanews.com\/index.php\/2019\/06\/30\/lateral-revelado-pelo-flamengo-ira-ser-negociado-por-r-78-milhoes-rubro-negro-recebera-uma-porcentagem-da-negociacao\/#breadcrumb\"},\"inLanguage\":\"pt-BR\",\"potentialAction\":[{\"@type\":\"ReadAction\",\"target\":[\"https:\/\/www.gaveanews.com\/index.php\/2019\/06\/30\/lateral-revelado-pelo-flamengo-ira-ser-negociado-por-r-78-milhoes-rubro-negro-recebera-uma-porcentagem-da-negociacao\/\"]}]},{\"@type\":\"ImageObject\",\"inLanguage\":\"pt-BR\",\"@id\":\"https:\/\/www.gaveanews.com\/index.php\/2019\/06\/30\/lateral-revelado-pelo-flamengo-ira-ser-negociado-por-r-78-milhoes-rubro-negro-recebera-uma-porcentagem-da-negociacao\/#primaryimage\",\"url\":\"https:\/\/www.gaveanews.com\/wp-content\/uploads\/2019\/06\/Dalbert-em-acao-pela-Inter-de-Milao.webp\",\"contentUrl\":\"https:\/\/www.gaveanews.com\/wp-content\/uploads\/2019\/06\/Dalbert-em-acao-pela-Inter-de-Milao.webp\",\"caption\":\"Dalbert em a\u00e7\u00e3o pela Inter de Mil\u00e3o (Foto: Gabriele Maltinti\/Getty Images)\"},{\"@type\":\"BreadcrumbList\",\"@id\":\"https:\/\/www.gaveanews.com\/index.php\/2019\/06\/30\/lateral-revelado-pelo-flamengo-ira-ser-negociado-por-r-78-milhoes-rubro-negro-recebera-uma-porcentagem-da-negociacao\/#breadcrumb\",\"itemListElement\":[{\"@type\":\"ListItem\",\"position\":1,\"name\":\"Home\",\"item\":\"https:\/\/www.gaveanews.com\/\"},{\"@type\":\"ListItem\",\"position\":2,\"name\":\"Lateral revelado pelo Flamengo ir\u00e1 ser negociado por R$ 78 milh\u00f5es; rubro-negro receber\u00e1 uma porcentagem da negocia\u00e7\u00e3o\"}]},{\"@type\":\"WebSite\",\"@id\":\"https:\/\/www.gaveanews.com\/#website\",\"url\":\"https:\/\/www.gaveanews.com\/\",\"name\":\"G\u00e1vea News\",\"description\":\"Veja todas as not\u00edcias sobre o Flamengo: Contrata\u00e7\u00f5es, categorias de base, resultados das partidas, tabela de classifica\u00e7\u00e3o, pr\u00f3ximos jogos!\",\"potentialAction\":[{\"@type\":\"SearchAction\",\"target\":{\"@type\":\"EntryPoint\",\"urlTemplate\":\"https:\/\/www.gaveanews.com\/?s={search_term_string}\"},\"query-input\":{\"@type\":\"PropertyValueSpecification\",\"valueRequired\":true,\"valueName\":\"search_term_string\"}}],\"inLanguage\":\"pt-BR\"},{\"@type\":\"Person\",\"@id\":\"https:\/\/www.gaveanews.com\/#\/schema\/person\/2ec14f73fb96be2caf28f91afb14749d\",\"name\":\"Equipe G\u00e1vea News\",\"image\":{\"@type\":\"ImageObject\",\"inLanguage\":\"pt-BR\",\"@id\":\"https:\/\/www.gaveanews.com\/#\/schema\/person\/image\/\",\"url\":\"https:\/\/secure.gravatar.com\/avatar\/1e1956f1facbffd3f8fa53a326721950116b3b9dc9bd44939c01180fd4a745a9?s=96&d=mm&r=g\",\"contentUrl\":\"https:\/\/secure.gravatar.com\/avatar\/1e1956f1facbffd3f8fa53a326721950116b3b9dc9bd44939c01180fd4a745a9?s=96&d=mm&r=g\",\"caption\":\"Equipe G\u00e1vea News\"}}]}<\/script>\n<!-- \/ Yoast SEO Premium plugin. -->","yoast_head_json":{"title":"Lateral revelado pelo Flamengo ir\u00e1 ser negociado por R$ 78 milh\u00f5es; rubro-negro receber\u00e1 uma porcentagem da negocia\u00e7\u00e3o","robots":{"index":"index","follow":"follow","max-snippet":"max-snippet:-1","max-image-preview":"max-image-preview:large","max-video-preview":"max-video-preview:-1"},"canonical":"https:\/\/www.gaveanews.com\/index.php\/2019\/06\/30\/lateral-revelado-pelo-flamengo-ira-ser-negociado-por-r-78-milhoes-rubro-negro-recebera-uma-porcentagem-da-negociacao\/","og_locale":"pt_BR","og_type":"article","og_title":"Lateral revelado pelo Flamengo ir\u00e1 ser negociado por R$ 78 milh\u00f5es; rubro-negro receber\u00e1 uma porcentagem da negocia\u00e7\u00e3o","og_description":"De acordo com informa\u00e7\u00f5es divulgadas pelo jornalista Gianluca Di Marzio, da emissora Sky Sport Italia, o Lyon, da Fran\u00e7a, fez uma proposta de 18 milh\u00f5es de euros (cerca de R$ 78 milh\u00f5es na cota\u00e7\u00e3o atual) por Dalbert Henrique, lateral-esquerdo da Inter de Mil\u00e3o, da It\u00e1lia. As tratativas est\u00e3o em andamento, mas o time italiano pede [&hellip;]","og_url":"https:\/\/www.gaveanews.com\/index.php\/2019\/06\/30\/lateral-revelado-pelo-flamengo-ira-ser-negociado-por-r-78-milhoes-rubro-negro-recebera-uma-porcentagem-da-negociacao\/","og_site_name":"G\u00e1vea News","article_publisher":"https:\/\/facebook.com\/gaveaNews\/","article_published_time":"2019-06-30T17:47:56+00:00","article_modified_time":"2019-06-30T17:47:57+00:00","og_image":[{"url":"https:\/\/www.gaveanews.com\/wp-content\/uploads\/2019\/06\/Dalbert-em-acao-pela-Inter-de-Milao.webp","width":1,"height":1,"type":"image\/jpeg"}],"author":"Equipe G\u00e1vea News","twitter_card":"summary_large_image","twitter_misc":{"Escrito por":"Equipe G\u00e1vea News","Est. tempo de leitura":"1 minuto"},"schema":{"@context":"https:\/\/schema.org","@graph":[{"@type":"NewsArticle","@id":"https:\/\/www.gaveanews.com\/index.php\/2019\/06\/30\/lateral-revelado-pelo-flamengo-ira-ser-negociado-por-r-78-milhoes-rubro-negro-recebera-uma-porcentagem-da-negociacao\/#article","isPartOf":{"@id":"https:\/\/www.gaveanews.com\/index.php\/2019\/06\/30\/lateral-revelado-pelo-flamengo-ira-ser-negociado-por-r-78-milhoes-rubro-negro-recebera-uma-porcentagem-da-negociacao\/"},"author":{"name":"Equipe G\u00e1vea News","@id":"https:\/\/www.gaveanews.com\/#\/schema\/person\/2ec14f73fb96be2caf28f91afb14749d"},"headline":"Lateral revelado pelo Flamengo ir\u00e1 ser negociado por R$ 78 milh\u00f5es; rubro-negro receber\u00e1 uma porcentagem da negocia\u00e7\u00e3o","datePublished":"2019-06-30T17:47:56+00:00","dateModified":"2019-06-30T17:47:57+00:00","mainEntityOfPage":{"@id":"https:\/\/www.gaveanews.com\/index.php\/2019\/06\/30\/lateral-revelado-pelo-flamengo-ira-ser-negociado-por-r-78-milhoes-rubro-negro-recebera-uma-porcentagem-da-negociacao\/"},"wordCount":199,"commentCount":0,"image":{"@id":"https:\/\/www.gaveanews.com\/index.php\/2019\/06\/30\/lateral-revelado-pelo-flamengo-ira-ser-negociado-por-r-78-milhoes-rubro-negro-recebera-uma-porcentagem-da-negociacao\/#primaryimage"},"thumbnailUrl":"https:\/\/www.gaveanews.com\/wp-content\/uploads\/2019\/06\/Dalbert-em-acao-pela-Inter-de-Milao.webp","articleSection":["Destaques"],"inLanguage":"pt-BR","potentialAction":[{"@type":"CommentAction","name":"Comment","target":["https:\/\/www.gaveanews.com\/index.php\/2019\/06\/30\/lateral-revelado-pelo-flamengo-ira-ser-negociado-por-r-78-milhoes-rubro-negro-recebera-uma-porcentagem-da-negociacao\/#respond"]}],"copyrightYear":"2019","copyrightHolder":{"@id":"https:\/\/www.gaveanews.com\/#organization"}},{"@type":"WebPage","@id":"https:\/\/www.gaveanews.com\/index.php\/2019\/06\/30\/lateral-revelado-pelo-flamengo-ira-ser-negociado-por-r-78-milhoes-rubro-negro-recebera-uma-porcentagem-da-negociacao\/","url":"https:\/\/www.gaveanews.com\/index.php\/2019\/06\/30\/lateral-revelado-pelo-flamengo-ira-ser-negociado-por-r-78-milhoes-rubro-negro-recebera-uma-porcentagem-da-negociacao\/","name":"Lateral revelado pelo Flamengo ir\u00e1 ser negociado por R$ 78 milh\u00f5es; rubro-negro receber\u00e1 uma porcentagem da negocia\u00e7\u00e3o","isPartOf":{"@id":"https:\/\/www.gaveanews.com\/#website"},"primaryImageOfPage":{"@id":"https:\/\/www.gaveanews.com\/index.php\/2019\/06\/30\/lateral-revelado-pelo-flamengo-ira-ser-negociado-por-r-78-milhoes-rubro-negro-recebera-uma-porcentagem-da-negociacao\/#primaryimage"},"image":{"@id":"https:\/\/www.gaveanews.com\/index.php\/2019\/06\/30\/lateral-revelado-pelo-flamengo-ira-ser-negociado-por-r-78-milhoes-rubro-negro-recebera-uma-porcentagem-da-negociacao\/#primaryimage"},"thumbnailUrl":"https:\/\/www.gaveanews.com\/wp-content\/uploads\/2019\/06\/Dalbert-em-acao-pela-Inter-de-Milao.webp","datePublished":"2019-06-30T17:47:56+00:00","dateModified":"2019-06-30T17:47:57+00:00","author":{"@id":"https:\/\/www.gaveanews.com\/#\/schema\/person\/2ec14f73fb96be2caf28f91afb14749d"},"breadcrumb":{"@id":"https:\/\/www.gaveanews.com\/index.php\/2019\/06\/30\/lateral-revelado-pelo-flamengo-ira-ser-negociado-por-r-78-milhoes-rubro-negro-recebera-uma-porcentagem-da-negociacao\/#breadcrumb"},"inLanguage":"pt-BR","potentialAction":[{"@type":"ReadAction","target":["https:\/\/www.gaveanews.com\/index.php\/2019\/06\/30\/lateral-revelado-pelo-flamengo-ira-ser-negociado-por-r-78-milhoes-rubro-negro-recebera-uma-porcentagem-da-negociacao\/"]}]},{"@type":"ImageObject","inLanguage":"pt-BR","@id":"https:\/\/www.gaveanews.com\/index.php\/2019\/06\/30\/lateral-revelado-pelo-flamengo-ira-ser-negociado-por-r-78-milhoes-rubro-negro-recebera-uma-porcentagem-da-negociacao\/#primaryimage","url":"https:\/\/www.gaveanews.com\/wp-content\/uploads\/2019\/06\/Dalbert-em-acao-pela-Inter-de-Milao.webp","contentUrl":"https:\/\/www.gaveanews.com\/wp-content\/uploads\/2019\/06\/Dalbert-em-acao-pela-Inter-de-Milao.webp","caption":"Dalbert em a\u00e7\u00e3o pela Inter de Mil\u00e3o (Foto: Gabriele Maltinti\/Getty Images)"},{"@type":"BreadcrumbList","@id":"https:\/\/www.gaveanews.com\/index.php\/2019\/06\/30\/lateral-revelado-pelo-flamengo-ira-ser-negociado-por-r-78-milhoes-rubro-negro-recebera-uma-porcentagem-da-negociacao\/#breadcrumb","itemListElement":[{"@type":"ListItem","position":1,"name":"Home","item":"https:\/\/www.gaveanews.com\/"},{"@type":"ListItem","position":2,"name":"Lateral revelado pelo Flamengo ir\u00e1 ser negociado por R$ 78 milh\u00f5es; rubro-negro receber\u00e1 uma porcentagem da negocia\u00e7\u00e3o"}]},{"@type":"WebSite","@id":"https:\/\/www.gaveanews.com\/#website","url":"https:\/\/www.gaveanews.com\/","name":"G\u00e1vea News","description":"Veja todas as not\u00edcias sobre o Flamengo: Contrata\u00e7\u00f5es, categorias de base, resultados das partidas, tabela de classifica\u00e7\u00e3o, pr\u00f3ximos jogos!","potentialAction":[{"@type":"SearchAction","target":{"@type":"EntryPoint","urlTemplate":"https:\/\/www.gaveanews.com\/?s={search_term_string}"},"query-input":{"@type":"PropertyValueSpecification","valueRequired":true,"valueName":"search_term_string"}}],"inLanguage":"pt-BR"},{"@type":"Person","@id":"https:\/\/www.gaveanews.com\/#\/schema\/person\/2ec14f73fb96be2caf28f91afb14749d","name":"Equipe G\u00e1vea News","image":{"@type":"ImageObject","inLanguage":"pt-BR","@id":"https:\/\/www.gaveanews.com\/#\/schema\/person\/image\/","url":"https:\/\/secure.gravatar.com\/avatar\/1e1956f1facbffd3f8fa53a326721950116b3b9dc9bd44939c01180fd4a745a9?s=96&d=mm&r=g","contentUrl":"https:\/\/secure.gravatar.com\/avatar\/1e1956f1facbffd3f8fa53a326721950116b3b9dc9bd44939c01180fd4a745a9?s=96&d=mm&r=g","caption":"Equipe G\u00e1vea News"}}]}},"_links":{"self":[{"href":"https:\/\/www.gaveanews.com\/index.php\/wp-json\/wp\/v2\/posts\/22372","targetHints":{"allow":["GET"]}}],"collection":[{"href":"https:\/\/www.gaveanews.com\/index.php\/wp-json\/wp\/v2\/posts"}],"about":[{"href":"https:\/\/www.gaveanews.com\/index.php\/wp-json\/wp\/v2\/types\/post"}],"author":[{"embeddable":true,"href":"https:\/\/www.gaveanews.com\/index.php\/wp-json\/wp\/v2\/users\/1"}],"replies":[{"embeddable":true,"href":"https:\/\/www.gaveanews.com\/index.php\/wp-json\/wp\/v2\/comments?post=22372"}],"version-history":[{"count":0,"href":"https:\/\/www.gaveanews.com\/index.php\/wp-json\/wp\/v2\/posts\/22372\/revisions"}],"wp:featuredmedia":[{"embeddable":true,"href":"https:\/\/www.gaveanews.com\/index.php\/wp-json\/wp\/v2\/media\/22380"}],"wp:attachment":[{"href":"https:\/\/www.gaveanews.com\/index.php\/wp-json\/wp\/v2\/media?parent=22372"}],"wp:term":[{"taxonomy":"category","embeddable":true,"href":"https:\/\/www.gaveanews.com\/index.php\/wp-json\/wp\/v2\/categories?post=22372"},{"taxonomy":"post_tag","embeddable":true,"href":"https:\/\/www.gaveanews.com\/index.php\/wp-json\/wp\/v2\/tags?post=22372"}],"curies":[{"name":"wp","href":"https:\/\/api.w.org\/{rel}","templated":true}]}}