{"id":223725,"date":"2025-02-05T20:05:00","date_gmt":"2025-02-05T23:05:00","guid":{"rendered":"https:\/\/www.gaveanews.com\/?p=223725"},"modified":"2025-02-05T18:28:03","modified_gmt":"2025-02-05T21:28:03","slug":"a-declaracao-de-cano-do-fluminense-direcionada-ao-vasco","status":"publish","type":"post","link":"https:\/\/www.gaveanews.com\/index.php\/2025\/02\/05\/a-declaracao-de-cano-do-fluminense-direcionada-ao-vasco\/","title":{"rendered":"A declara\u00e7\u00e3o de Cano, do Fluminense, direcionada ao Vasco"},"content":{"rendered":"\n<h2 class=\"wp-block-heading\" id=\"h-cano-reencontra-o-vasco-apos-superar-problemas-fisicos-e-iniciar-temporada-em-alta\">Cano reencontra o Vasco ap\u00f3s superar problemas f\u00edsicos e iniciar temporada em alta<\/h2>\n\n\n\n<p>Germ\u00e1n Cano inicia 2025 com um novo ritmo. Ap\u00f3s um ano de dificuldades f\u00edsicas e baixo rendimento dentro de campo, o atacante do Fluminense decidiu mudar sua prepara\u00e7\u00e3o para voltar ao melhor n\u00edvel. O primeiro desafio da temporada ser\u00e1 contra um velho conhecido: o Vasco. O confronto acontece nesta quarta-feira, \u00e0s 21h30, em Bras\u00edlia.<\/p>\n\n\n\n<p>Aos 37 anos, Cano se viu obrigado a reavaliar seu condicionamento ap\u00f3s uma temporada abaixo do esperado. Em 2024, ele marcou apenas sete gols e passou 56 dias afastado devido a uma inflama\u00e7\u00e3o no tend\u00e3o de Aquiles. O problema surgiu em mar\u00e7o, mas ele seguiu jogando com dores at\u00e9 julho, quando precisou interromper as atividades. O retorno aconteceu apenas em setembro, comprometendo seu desempenho no restante do ano.<\/p>\n\n\n\n<p>Diante desse cen\u00e1rio, o argentino optou por reduzir o per\u00edodo de f\u00e9rias. Ap\u00f3s um breve descanso de dez dias, seguiu para a Argentina, onde passou 15 dias treinando sob orienta\u00e7\u00e3o de um personal trainer que o acompanha h\u00e1 oito anos. A dedica\u00e7\u00e3o rendeu frutos: na reapresenta\u00e7\u00e3o ao Fluminense, Cano ficou entre os jogadores com melhor desempenho f\u00edsico na pr\u00e9-temporada, atr\u00e1s apenas de H\u00e9rcules.<\/p>\n\n\n\n<p>\u201cSabia que a conta chegaria. Joguei com muitas dores, mas n\u00e3o contava para ningu\u00e9m. Em 2024, a conta chegou. Quando se tem dor assim, tem que parar. Foi uma li\u00e7\u00e3o para mim para poder melhorar e fazer a diferen\u00e7a\u201d, revelou.<\/p>\n\n\n\n<p>O atacante tamb\u00e9m destacou o apoio recebido da torcida tricolor nos momentos dif\u00edceis. Mesmo sem entregar o desempenho esperado, ele sentiu respaldo das arquibancadas.<\/p>\n\n\n\n<p>\u201cA torcida sempre me apoiou. Foi um momento especial. Independentemente de tudo que aconteceu comigo, de n\u00e3o jogar, de n\u00e3o fazer gol, a torcida sempre me deu apoio. Na rua, nas redes sociais\u2026 Sempre deram o carinho que a gente precisa. Isso ajuda muito na parte mental.\u201d<\/p>\n\n\n\n<p>O reencontro com o Vasco tamb\u00e9m carrega um significado especial. Cano construiu uma rela\u00e7\u00e3o de respeito com o clube que o trouxe ao Brasil e valorizou esse v\u00ednculo antes do duelo.<\/p>\n\n\n\n<p>\u201cSempre recebi muito carinho nas redes sociais. Sempre vou estar agradecido porque foi o clube que confiou em mim, que abriu as portas no Brasil. Para mim, respeito \u00e9 muito importante.\u201d<\/p>\n","protected":false},"excerpt":{"rendered":"<p>Cano reencontra o Vasco ap\u00f3s superar problemas f\u00edsicos e iniciar temporada em alta Germ\u00e1n Cano inicia 2025 com um novo ritmo. Ap\u00f3s um ano de dificuldades f\u00edsicas e baixo rendimento dentro de campo, o atacante do Fluminense decidiu mudar sua prepara\u00e7\u00e3o para voltar ao melhor n\u00edvel. O primeiro desafio da temporada ser\u00e1 contra um velho [&hellip;]<\/p>\n","protected":false},"author":17,"featured_media":170376,"comment_status":"open","ping_status":"closed","sticky":false,"template":"","format":"standard","meta":{"footnotes":""},"categories":[145],"tags":[],"class_list":["post-223725","post","type-post","status-publish","format-standard","has-post-thumbnail","hentry","category-fluminense"],"yoast_head":"<!-- This site is optimized with the Yoast SEO Premium plugin v24.2 (Yoast SEO v26.9) - https:\/\/yoast.com\/product\/yoast-seo-premium-wordpress\/ -->\n<title>A declara\u00e7\u00e3o de Cano, do Fluminense, direcionada ao Vasco<\/title>\n<meta name=\"robots\" content=\"index, follow, max-snippet:-1, max-image-preview:large, max-video-preview:-1\" \/>\n<link rel=\"canonical\" href=\"https:\/\/www.gaveanews.com\/index.php\/2025\/02\/05\/a-declaracao-de-cano-do-fluminense-direcionada-ao-vasco\/\" \/>\n<meta property=\"og:locale\" content=\"pt_BR\" \/>\n<meta property=\"og:type\" content=\"article\" \/>\n<meta property=\"og:title\" content=\"A declara\u00e7\u00e3o de Cano, do Fluminense, direcionada ao Vasco\" \/>\n<meta property=\"og:description\" content=\"Cano reencontra o Vasco ap\u00f3s superar problemas f\u00edsicos e iniciar temporada em alta Germ\u00e1n Cano inicia 2025 com um novo ritmo. Ap\u00f3s um ano de dificuldades f\u00edsicas e baixo rendimento dentro de campo, o atacante do Fluminense decidiu mudar sua prepara\u00e7\u00e3o para voltar ao melhor n\u00edvel. O primeiro desafio da temporada ser\u00e1 contra um velho [&hellip;]\" \/>\n<meta property=\"og:url\" content=\"https:\/\/www.gaveanews.com\/index.php\/2025\/02\/05\/a-declaracao-de-cano-do-fluminense-direcionada-ao-vasco\/\" \/>\n<meta property=\"og:site_name\" content=\"G\u00e1vea News\" \/>\n<meta property=\"article:publisher\" content=\"https:\/\/facebook.com\/gaveaNews\/\" \/>\n<meta property=\"article:published_time\" content=\"2025-02-05T23:05:00+00:00\" \/>\n<meta property=\"og:image\" content=\"https:\/\/www.gaveanews.com\/wp-content\/uploads\/German-Cano-em-acao-pelo-Fluminense.webp\" \/>\n\t<meta property=\"og:image:width\" content=\"908\" \/>\n\t<meta property=\"og:image:height\" content=\"637\" \/>\n\t<meta property=\"og:image:type\" content=\"image\/jpeg\" \/>\n<meta name=\"author\" content=\"Geovanna Thomaz\" \/>\n<meta name=\"twitter:card\" content=\"summary_large_image\" \/>\n<meta name=\"twitter:label1\" content=\"Escrito por\" \/>\n\t<meta name=\"twitter:data1\" content=\"Geovanna Thomaz\" \/>\n\t<meta name=\"twitter:label2\" content=\"Est. tempo de leitura\" \/>\n\t<meta name=\"twitter:data2\" content=\"3 minutos\" \/>\n<script type=\"application\/ld+json\" class=\"yoast-schema-graph\">{\"@context\":\"https:\/\/schema.org\",\"@graph\":[{\"@type\":\"NewsArticle\",\"@id\":\"https:\/\/www.gaveanews.com\/index.php\/2025\/02\/05\/a-declaracao-de-cano-do-fluminense-direcionada-ao-vasco\/#article\",\"isPartOf\":{\"@id\":\"https:\/\/www.gaveanews.com\/index.php\/2025\/02\/05\/a-declaracao-de-cano-do-fluminense-direcionada-ao-vasco\/\"},\"author\":{\"name\":\"Geovanna Thomaz\",\"@id\":\"https:\/\/www.gaveanews.com\/#\/schema\/person\/f42654babcd2b2014a1a65af82b081f1\"},\"headline\":\"A declara\u00e7\u00e3o de Cano, do Fluminense, direcionada ao Vasco\",\"datePublished\":\"2025-02-05T23:05:00+00:00\",\"mainEntityOfPage\":{\"@id\":\"https:\/\/www.gaveanews.com\/index.php\/2025\/02\/05\/a-declaracao-de-cano-do-fluminense-direcionada-ao-vasco\/\"},\"wordCount\":408,\"commentCount\":0,\"image\":{\"@id\":\"https:\/\/www.gaveanews.com\/index.php\/2025\/02\/05\/a-declaracao-de-cano-do-fluminense-direcionada-ao-vasco\/#primaryimage\"},\"thumbnailUrl\":\"https:\/\/www.gaveanews.com\/wp-content\/uploads\/German-Cano-em-acao-pelo-Fluminense.webp\",\"articleSection\":[\"Fluminense\"],\"inLanguage\":\"pt-BR\",\"potentialAction\":[{\"@type\":\"CommentAction\",\"name\":\"Comment\",\"target\":[\"https:\/\/www.gaveanews.com\/index.php\/2025\/02\/05\/a-declaracao-de-cano-do-fluminense-direcionada-ao-vasco\/#respond\"]}],\"copyrightYear\":\"2025\",\"copyrightHolder\":{\"@id\":\"https:\/\/www.gaveanews.com\/#organization\"}},{\"@type\":\"WebPage\",\"@id\":\"https:\/\/www.gaveanews.com\/index.php\/2025\/02\/05\/a-declaracao-de-cano-do-fluminense-direcionada-ao-vasco\/\",\"url\":\"https:\/\/www.gaveanews.com\/index.php\/2025\/02\/05\/a-declaracao-de-cano-do-fluminense-direcionada-ao-vasco\/\",\"name\":\"A declara\u00e7\u00e3o de Cano, do Fluminense, direcionada ao Vasco\",\"isPartOf\":{\"@id\":\"https:\/\/www.gaveanews.com\/#website\"},\"primaryImageOfPage\":{\"@id\":\"https:\/\/www.gaveanews.com\/index.php\/2025\/02\/05\/a-declaracao-de-cano-do-fluminense-direcionada-ao-vasco\/#primaryimage\"},\"image\":{\"@id\":\"https:\/\/www.gaveanews.com\/index.php\/2025\/02\/05\/a-declaracao-de-cano-do-fluminense-direcionada-ao-vasco\/#primaryimage\"},\"thumbnailUrl\":\"https:\/\/www.gaveanews.com\/wp-content\/uploads\/German-Cano-em-acao-pelo-Fluminense.webp\",\"datePublished\":\"2025-02-05T23:05:00+00:00\",\"author\":{\"@id\":\"https:\/\/www.gaveanews.com\/#\/schema\/person\/f42654babcd2b2014a1a65af82b081f1\"},\"breadcrumb\":{\"@id\":\"https:\/\/www.gaveanews.com\/index.php\/2025\/02\/05\/a-declaracao-de-cano-do-fluminense-direcionada-ao-vasco\/#breadcrumb\"},\"inLanguage\":\"pt-BR\",\"potentialAction\":[{\"@type\":\"ReadAction\",\"target\":[\"https:\/\/www.gaveanews.com\/index.php\/2025\/02\/05\/a-declaracao-de-cano-do-fluminense-direcionada-ao-vasco\/\"]}]},{\"@type\":\"ImageObject\",\"inLanguage\":\"pt-BR\",\"@id\":\"https:\/\/www.gaveanews.com\/index.php\/2025\/02\/05\/a-declaracao-de-cano-do-fluminense-direcionada-ao-vasco\/#primaryimage\",\"url\":\"https:\/\/www.gaveanews.com\/wp-content\/uploads\/German-Cano-em-acao-pelo-Fluminense.webp\",\"contentUrl\":\"https:\/\/www.gaveanews.com\/wp-content\/uploads\/German-Cano-em-acao-pelo-Fluminense.webp\",\"width\":908,\"height\":637,\"caption\":\"Germ\u00e1n Cano em a\u00e7\u00e3o pelo Fluminense (Foto: Lucas Mer\u00e7on\/Fluminense)\"},{\"@type\":\"BreadcrumbList\",\"@id\":\"https:\/\/www.gaveanews.com\/index.php\/2025\/02\/05\/a-declaracao-de-cano-do-fluminense-direcionada-ao-vasco\/#breadcrumb\",\"itemListElement\":[{\"@type\":\"ListItem\",\"position\":1,\"name\":\"Home\",\"item\":\"https:\/\/www.gaveanews.com\/\"},{\"@type\":\"ListItem\",\"position\":2,\"name\":\"A declara\u00e7\u00e3o de Cano, do Fluminense, direcionada ao Vasco\"}]},{\"@type\":\"WebSite\",\"@id\":\"https:\/\/www.gaveanews.com\/#website\",\"url\":\"https:\/\/www.gaveanews.com\/\",\"name\":\"G\u00e1vea News\",\"description\":\"Veja todas as not\u00edcias sobre o Flamengo: Contrata\u00e7\u00f5es, categorias de base, resultados das partidas, tabela de classifica\u00e7\u00e3o, pr\u00f3ximos jogos!\",\"potentialAction\":[{\"@type\":\"SearchAction\",\"target\":{\"@type\":\"EntryPoint\",\"urlTemplate\":\"https:\/\/www.gaveanews.com\/?s={search_term_string}\"},\"query-input\":{\"@type\":\"PropertyValueSpecification\",\"valueRequired\":true,\"valueName\":\"search_term_string\"}}],\"inLanguage\":\"pt-BR\"},{\"@type\":\"Person\",\"@id\":\"https:\/\/www.gaveanews.com\/#\/schema\/person\/f42654babcd2b2014a1a65af82b081f1\",\"name\":\"Geovanna Thomaz\",\"image\":{\"@type\":\"ImageObject\",\"inLanguage\":\"pt-BR\",\"@id\":\"https:\/\/www.gaveanews.com\/#\/schema\/person\/image\/\",\"url\":\"https:\/\/secure.gravatar.com\/avatar\/4092073255489533afb558984b49b64268c47198af8623cc82a925ae9fb7118a?s=96&d=mm&r=g\",\"contentUrl\":\"https:\/\/secure.gravatar.com\/avatar\/4092073255489533afb558984b49b64268c47198af8623cc82a925ae9fb7118a?s=96&d=mm&r=g\",\"caption\":\"Geovanna Thomaz\"}}]}<\/script>\n<!-- \/ Yoast SEO Premium plugin. -->","yoast_head_json":{"title":"A declara\u00e7\u00e3o de Cano, do Fluminense, direcionada ao Vasco","robots":{"index":"index","follow":"follow","max-snippet":"max-snippet:-1","max-image-preview":"max-image-preview:large","max-video-preview":"max-video-preview:-1"},"canonical":"https:\/\/www.gaveanews.com\/index.php\/2025\/02\/05\/a-declaracao-de-cano-do-fluminense-direcionada-ao-vasco\/","og_locale":"pt_BR","og_type":"article","og_title":"A declara\u00e7\u00e3o de Cano, do Fluminense, direcionada ao Vasco","og_description":"Cano reencontra o Vasco ap\u00f3s superar problemas f\u00edsicos e iniciar temporada em alta Germ\u00e1n Cano inicia 2025 com um novo ritmo. Ap\u00f3s um ano de dificuldades f\u00edsicas e baixo rendimento dentro de campo, o atacante do Fluminense decidiu mudar sua prepara\u00e7\u00e3o para voltar ao melhor n\u00edvel. O primeiro desafio da temporada ser\u00e1 contra um velho [&hellip;]","og_url":"https:\/\/www.gaveanews.com\/index.php\/2025\/02\/05\/a-declaracao-de-cano-do-fluminense-direcionada-ao-vasco\/","og_site_name":"G\u00e1vea News","article_publisher":"https:\/\/facebook.com\/gaveaNews\/","article_published_time":"2025-02-05T23:05:00+00:00","og_image":[{"width":908,"height":637,"url":"https:\/\/www.gaveanews.com\/wp-content\/uploads\/German-Cano-em-acao-pelo-Fluminense.webp","type":"image\/jpeg"}],"author":"Geovanna Thomaz","twitter_card":"summary_large_image","twitter_misc":{"Escrito por":"Geovanna Thomaz","Est. tempo de leitura":"3 minutos"},"schema":{"@context":"https:\/\/schema.org","@graph":[{"@type":"NewsArticle","@id":"https:\/\/www.gaveanews.com\/index.php\/2025\/02\/05\/a-declaracao-de-cano-do-fluminense-direcionada-ao-vasco\/#article","isPartOf":{"@id":"https:\/\/www.gaveanews.com\/index.php\/2025\/02\/05\/a-declaracao-de-cano-do-fluminense-direcionada-ao-vasco\/"},"author":{"name":"Geovanna Thomaz","@id":"https:\/\/www.gaveanews.com\/#\/schema\/person\/f42654babcd2b2014a1a65af82b081f1"},"headline":"A declara\u00e7\u00e3o de Cano, do Fluminense, direcionada ao Vasco","datePublished":"2025-02-05T23:05:00+00:00","mainEntityOfPage":{"@id":"https:\/\/www.gaveanews.com\/index.php\/2025\/02\/05\/a-declaracao-de-cano-do-fluminense-direcionada-ao-vasco\/"},"wordCount":408,"commentCount":0,"image":{"@id":"https:\/\/www.gaveanews.com\/index.php\/2025\/02\/05\/a-declaracao-de-cano-do-fluminense-direcionada-ao-vasco\/#primaryimage"},"thumbnailUrl":"https:\/\/www.gaveanews.com\/wp-content\/uploads\/German-Cano-em-acao-pelo-Fluminense.webp","articleSection":["Fluminense"],"inLanguage":"pt-BR","potentialAction":[{"@type":"CommentAction","name":"Comment","target":["https:\/\/www.gaveanews.com\/index.php\/2025\/02\/05\/a-declaracao-de-cano-do-fluminense-direcionada-ao-vasco\/#respond"]}],"copyrightYear":"2025","copyrightHolder":{"@id":"https:\/\/www.gaveanews.com\/#organization"}},{"@type":"WebPage","@id":"https:\/\/www.gaveanews.com\/index.php\/2025\/02\/05\/a-declaracao-de-cano-do-fluminense-direcionada-ao-vasco\/","url":"https:\/\/www.gaveanews.com\/index.php\/2025\/02\/05\/a-declaracao-de-cano-do-fluminense-direcionada-ao-vasco\/","name":"A declara\u00e7\u00e3o de Cano, do Fluminense, direcionada ao Vasco","isPartOf":{"@id":"https:\/\/www.gaveanews.com\/#website"},"primaryImageOfPage":{"@id":"https:\/\/www.gaveanews.com\/index.php\/2025\/02\/05\/a-declaracao-de-cano-do-fluminense-direcionada-ao-vasco\/#primaryimage"},"image":{"@id":"https:\/\/www.gaveanews.com\/index.php\/2025\/02\/05\/a-declaracao-de-cano-do-fluminense-direcionada-ao-vasco\/#primaryimage"},"thumbnailUrl":"https:\/\/www.gaveanews.com\/wp-content\/uploads\/German-Cano-em-acao-pelo-Fluminense.webp","datePublished":"2025-02-05T23:05:00+00:00","author":{"@id":"https:\/\/www.gaveanews.com\/#\/schema\/person\/f42654babcd2b2014a1a65af82b081f1"},"breadcrumb":{"@id":"https:\/\/www.gaveanews.com\/index.php\/2025\/02\/05\/a-declaracao-de-cano-do-fluminense-direcionada-ao-vasco\/#breadcrumb"},"inLanguage":"pt-BR","potentialAction":[{"@type":"ReadAction","target":["https:\/\/www.gaveanews.com\/index.php\/2025\/02\/05\/a-declaracao-de-cano-do-fluminense-direcionada-ao-vasco\/"]}]},{"@type":"ImageObject","inLanguage":"pt-BR","@id":"https:\/\/www.gaveanews.com\/index.php\/2025\/02\/05\/a-declaracao-de-cano-do-fluminense-direcionada-ao-vasco\/#primaryimage","url":"https:\/\/www.gaveanews.com\/wp-content\/uploads\/German-Cano-em-acao-pelo-Fluminense.webp","contentUrl":"https:\/\/www.gaveanews.com\/wp-content\/uploads\/German-Cano-em-acao-pelo-Fluminense.webp","width":908,"height":637,"caption":"Germ\u00e1n Cano em a\u00e7\u00e3o pelo Fluminense (Foto: Lucas Mer\u00e7on\/Fluminense)"},{"@type":"BreadcrumbList","@id":"https:\/\/www.gaveanews.com\/index.php\/2025\/02\/05\/a-declaracao-de-cano-do-fluminense-direcionada-ao-vasco\/#breadcrumb","itemListElement":[{"@type":"ListItem","position":1,"name":"Home","item":"https:\/\/www.gaveanews.com\/"},{"@type":"ListItem","position":2,"name":"A declara\u00e7\u00e3o de Cano, do Fluminense, direcionada ao Vasco"}]},{"@type":"WebSite","@id":"https:\/\/www.gaveanews.com\/#website","url":"https:\/\/www.gaveanews.com\/","name":"G\u00e1vea News","description":"Veja todas as not\u00edcias sobre o Flamengo: Contrata\u00e7\u00f5es, categorias de base, resultados das partidas, tabela de classifica\u00e7\u00e3o, pr\u00f3ximos jogos!","potentialAction":[{"@type":"SearchAction","target":{"@type":"EntryPoint","urlTemplate":"https:\/\/www.gaveanews.com\/?s={search_term_string}"},"query-input":{"@type":"PropertyValueSpecification","valueRequired":true,"valueName":"search_term_string"}}],"inLanguage":"pt-BR"},{"@type":"Person","@id":"https:\/\/www.gaveanews.com\/#\/schema\/person\/f42654babcd2b2014a1a65af82b081f1","name":"Geovanna Thomaz","image":{"@type":"ImageObject","inLanguage":"pt-BR","@id":"https:\/\/www.gaveanews.com\/#\/schema\/person\/image\/","url":"https:\/\/secure.gravatar.com\/avatar\/4092073255489533afb558984b49b64268c47198af8623cc82a925ae9fb7118a?s=96&d=mm&r=g","contentUrl":"https:\/\/secure.gravatar.com\/avatar\/4092073255489533afb558984b49b64268c47198af8623cc82a925ae9fb7118a?s=96&d=mm&r=g","caption":"Geovanna Thomaz"}}]}},"_links":{"self":[{"href":"https:\/\/www.gaveanews.com\/index.php\/wp-json\/wp\/v2\/posts\/223725","targetHints":{"allow":["GET"]}}],"collection":[{"href":"https:\/\/www.gaveanews.com\/index.php\/wp-json\/wp\/v2\/posts"}],"about":[{"href":"https:\/\/www.gaveanews.com\/index.php\/wp-json\/wp\/v2\/types\/post"}],"author":[{"embeddable":true,"href":"https:\/\/www.gaveanews.com\/index.php\/wp-json\/wp\/v2\/users\/17"}],"replies":[{"embeddable":true,"href":"https:\/\/www.gaveanews.com\/index.php\/wp-json\/wp\/v2\/comments?post=223725"}],"version-history":[{"count":1,"href":"https:\/\/www.gaveanews.com\/index.php\/wp-json\/wp\/v2\/posts\/223725\/revisions"}],"predecessor-version":[{"id":223733,"href":"https:\/\/www.gaveanews.com\/index.php\/wp-json\/wp\/v2\/posts\/223725\/revisions\/223733"}],"wp:featuredmedia":[{"embeddable":true,"href":"https:\/\/www.gaveanews.com\/index.php\/wp-json\/wp\/v2\/media\/170376"}],"wp:attachment":[{"href":"https:\/\/www.gaveanews.com\/index.php\/wp-json\/wp\/v2\/media?parent=223725"}],"wp:term":[{"taxonomy":"category","embeddable":true,"href":"https:\/\/www.gaveanews.com\/index.php\/wp-json\/wp\/v2\/categories?post=223725"},{"taxonomy":"post_tag","embeddable":true,"href":"https:\/\/www.gaveanews.com\/index.php\/wp-json\/wp\/v2\/tags?post=223725"}],"curies":[{"name":"wp","href":"https:\/\/api.w.org\/{rel}","templated":true}]}}