{"id":223743,"date":"2025-02-06T12:05:00","date_gmt":"2025-02-06T15:05:00","guid":{"rendered":"https:\/\/www.gaveanews.com\/?p=223743"},"modified":"2025-02-06T12:01:26","modified_gmt":"2025-02-06T15:01:26","slug":"botafogo-muda-de-ideia-apos-primeira-proposta-por-rollheiser-ser-recusada","status":"publish","type":"post","link":"https:\/\/www.gaveanews.com\/index.php\/2025\/02\/06\/botafogo-muda-de-ideia-apos-primeira-proposta-por-rollheiser-ser-recusada\/","title":{"rendered":"Botafogo muda de ideia ap\u00f3s primeira proposta por Rollheiser ser recusada"},"content":{"rendered":"\n<p>No esfor\u00e7o para contratar novos jogadores, o Botafogo voltou seu olhar para um antigo anseio do time, o meia-atacante argentino Benjam\u00edn Rollheiser. De acordo com o GE, na quarta-feira (5), foi apresentada uma proposta ao Benfica, clube do jogador, com o objetivo de tentar sua compra definitiva.<\/p>\n\n\n\n<p>A proposta de 10 milh\u00f5es de euros (cerca de R$ 60,4 milh\u00f5es) seria suficiente para desvincular o meia-atacante do clube portugu\u00eas. Contudo, os dirigentes do Glorioso n\u00e3o est\u00e3o muito confiantes de que a negocia\u00e7\u00e3o ser\u00e1 finalizada com \u00eaxito devido a v\u00e1rios fatores.<\/p>\n\n\n\n<h2 class=\"wp-block-heading\" id=\"h-botafogo-tem-concorrencia-pelo-jogador\">Botafogo tem concorr\u00eancia pelo jogador <\/h2>\n\n\n\n<p>Botafogo tem concorr\u00eancia exemplo seria a competi\u00e7\u00e3o por Rollheiser. O Santos, al\u00e9m de demonstrar interesse no atacante do Benfica, tamb\u00e9m apresentou uma proposta aos encarnados para adquirir o jogador de forma definitiva. No entanto, a proposta do Santos \u00e9 inferior em termos monet\u00e1rios comparada \u00e0 apresentada pelos botafoguenses.<\/p>\n\n\n\n<figure class=\"wp-block-embed is-type-photo is-provider-flickr wp-block-embed-flickr\"><div class=\"wp-block-embed__wrapper\">\n<a href=\"https:\/\/www.flickr.com\/photos\/201636948@N07\/54309383388\/in\/dateposted-public\/\"><img loading=\"lazy\" decoding=\"async\" src=\"https:\/\/live.staticflickr.com\/65535\/54309383388_63030d50c9_z.webp\" alt=\"rollheiserbenfica-1536x864\" width=\"640\" height=\"360\" \/><\/a>\n<\/div><\/figure>\n\n\n\n<p>O Alvinegro Praiano fez uma oferta de cerca de US$ 5 milh\u00f5es (cerca de R$ 29 milh\u00f5es) pela metade dos direitos econ\u00f4micos do argentino. O ponto \u00e9 que os santistas estariam em vantagem na disputa pela contrata\u00e7\u00e3o do atleta, o que poderia levar o Botafogo a adotar uma atitude de cautela e at\u00e9 mesmo de certa pessimismo em rela\u00e7\u00e3o \u00e0 conclus\u00e3o do neg\u00f3cio.<\/p>\n\n\n\n<h2 class=\"wp-block-heading\" id=\"h-o-meia-atacante-e-um-desejo-antigo-da-diretoria-do-botafogo\">O meia-atacante \u00e9 um desejo antigo da diretoria do Botafogo<\/h2>\n\n\n\n<p>O Botafogo tem um sonho antigo com Rollheiser. No ano de 2024, a equipe de General Severiano demonstrou interesse no atleta, por\u00e9m, o argentino (que naquele momento defendia o Estudiantes) optou por aceitar a oferta do Benfica. Agora, afastado do clube portugu\u00eas, o Glorioso voltou a ser visado.<\/p>\n\n\n\n<p>A proposta inicial era para um empr\u00e9stimo, por\u00e9m, as \u00c1guias recusaram a proposta, indicando que apenas desejam a venda do meia-atacante. Agora, a proposta foi modificada com o objetivo de favorecer os cariocas na tentativa de negocia\u00e7\u00e3o.<\/p>\n","protected":false},"excerpt":{"rendered":"<p>No esfor\u00e7o para contratar novos jogadores, o Botafogo voltou seu olhar para um antigo anseio do time, o meia-atacante argentino Benjam\u00edn Rollheiser. De acordo com o GE, na quarta-feira (5), foi apresentada uma proposta ao Benfica, clube do jogador, com o objetivo de tentar sua compra definitiva. A proposta de 10 milh\u00f5es de euros (cerca [&hellip;]<\/p>\n","protected":false},"author":16,"featured_media":182060,"comment_status":"open","ping_status":"closed","sticky":false,"template":"","format":"standard","meta":{"footnotes":""},"categories":[138],"tags":[],"class_list":["post-223743","post","type-post","status-publish","format-standard","has-post-thumbnail","hentry","category-botafogo"],"yoast_head":"<!-- This site is optimized with the Yoast SEO Premium plugin v24.2 (Yoast SEO v26.9) - https:\/\/yoast.com\/product\/yoast-seo-premium-wordpress\/ -->\n<title>Botafogo muda de ideia ap\u00f3s primeira proposta por Rollheiser ser recusada<\/title>\n<meta name=\"robots\" content=\"index, follow, max-snippet:-1, max-image-preview:large, max-video-preview:-1\" \/>\n<link rel=\"canonical\" href=\"https:\/\/www.gaveanews.com\/index.php\/2025\/02\/06\/botafogo-muda-de-ideia-apos-primeira-proposta-por-rollheiser-ser-recusada\/\" \/>\n<meta property=\"og:locale\" content=\"pt_BR\" \/>\n<meta property=\"og:type\" content=\"article\" \/>\n<meta property=\"og:title\" content=\"Botafogo muda de ideia ap\u00f3s primeira proposta por Rollheiser ser recusada\" \/>\n<meta property=\"og:description\" content=\"No esfor\u00e7o para contratar novos jogadores, o Botafogo voltou seu olhar para um antigo anseio do time, o meia-atacante argentino Benjam\u00edn Rollheiser. De acordo com o GE, na quarta-feira (5), foi apresentada uma proposta ao Benfica, clube do jogador, com o objetivo de tentar sua compra definitiva. A proposta de 10 milh\u00f5es de euros (cerca [&hellip;]\" \/>\n<meta property=\"og:url\" content=\"https:\/\/www.gaveanews.com\/index.php\/2025\/02\/06\/botafogo-muda-de-ideia-apos-primeira-proposta-por-rollheiser-ser-recusada\/\" \/>\n<meta property=\"og:site_name\" content=\"G\u00e1vea News\" \/>\n<meta property=\"article:publisher\" content=\"https:\/\/facebook.com\/gaveaNews\/\" \/>\n<meta property=\"article:published_time\" content=\"2025-02-06T15:05:00+00:00\" \/>\n<meta property=\"og:image\" content=\"https:\/\/www.gaveanews.com\/wp-content\/uploads\/Escudo-do-Botafogo-1.webp\" \/>\n\t<meta property=\"og:image:width\" content=\"787\" \/>\n\t<meta property=\"og:image:height\" content=\"525\" \/>\n\t<meta property=\"og:image:type\" content=\"image\/webp\" \/>\n<meta name=\"author\" content=\"D\u00e9bora Figueiredo\" \/>\n<meta name=\"twitter:card\" content=\"summary_large_image\" \/>\n<meta name=\"twitter:label1\" content=\"Escrito por\" \/>\n\t<meta name=\"twitter:data1\" content=\"D\u00e9bora Figueiredo\" \/>\n\t<meta name=\"twitter:label2\" content=\"Est. tempo de leitura\" \/>\n\t<meta name=\"twitter:data2\" content=\"2 minutos\" \/>\n<script type=\"application\/ld+json\" class=\"yoast-schema-graph\">{\"@context\":\"https:\/\/schema.org\",\"@graph\":[{\"@type\":\"NewsArticle\",\"@id\":\"https:\/\/www.gaveanews.com\/index.php\/2025\/02\/06\/botafogo-muda-de-ideia-apos-primeira-proposta-por-rollheiser-ser-recusada\/#article\",\"isPartOf\":{\"@id\":\"https:\/\/www.gaveanews.com\/index.php\/2025\/02\/06\/botafogo-muda-de-ideia-apos-primeira-proposta-por-rollheiser-ser-recusada\/\"},\"author\":{\"name\":\"D\u00e9bora Figueiredo\",\"@id\":\"https:\/\/www.gaveanews.com\/#\/schema\/person\/37122681a8575a5c8db05a56f099a5e4\"},\"headline\":\"Botafogo muda de ideia ap\u00f3s primeira proposta por Rollheiser ser recusada\",\"datePublished\":\"2025-02-06T15:05:00+00:00\",\"mainEntityOfPage\":{\"@id\":\"https:\/\/www.gaveanews.com\/index.php\/2025\/02\/06\/botafogo-muda-de-ideia-apos-primeira-proposta-por-rollheiser-ser-recusada\/\"},\"wordCount\":336,\"commentCount\":0,\"image\":{\"@id\":\"https:\/\/www.gaveanews.com\/index.php\/2025\/02\/06\/botafogo-muda-de-ideia-apos-primeira-proposta-por-rollheiser-ser-recusada\/#primaryimage\"},\"thumbnailUrl\":\"https:\/\/www.gaveanews.com\/wp-content\/uploads\/Escudo-do-Botafogo-1.webp\",\"articleSection\":[\"Botafogo\"],\"inLanguage\":\"pt-BR\",\"potentialAction\":[{\"@type\":\"CommentAction\",\"name\":\"Comment\",\"target\":[\"https:\/\/www.gaveanews.com\/index.php\/2025\/02\/06\/botafogo-muda-de-ideia-apos-primeira-proposta-por-rollheiser-ser-recusada\/#respond\"]}],\"copyrightYear\":\"2025\",\"copyrightHolder\":{\"@id\":\"https:\/\/www.gaveanews.com\/#organization\"}},{\"@type\":\"WebPage\",\"@id\":\"https:\/\/www.gaveanews.com\/index.php\/2025\/02\/06\/botafogo-muda-de-ideia-apos-primeira-proposta-por-rollheiser-ser-recusada\/\",\"url\":\"https:\/\/www.gaveanews.com\/index.php\/2025\/02\/06\/botafogo-muda-de-ideia-apos-primeira-proposta-por-rollheiser-ser-recusada\/\",\"name\":\"Botafogo muda de ideia ap\u00f3s primeira proposta por Rollheiser ser recusada\",\"isPartOf\":{\"@id\":\"https:\/\/www.gaveanews.com\/#website\"},\"primaryImageOfPage\":{\"@id\":\"https:\/\/www.gaveanews.com\/index.php\/2025\/02\/06\/botafogo-muda-de-ideia-apos-primeira-proposta-por-rollheiser-ser-recusada\/#primaryimage\"},\"image\":{\"@id\":\"https:\/\/www.gaveanews.com\/index.php\/2025\/02\/06\/botafogo-muda-de-ideia-apos-primeira-proposta-por-rollheiser-ser-recusada\/#primaryimage\"},\"thumbnailUrl\":\"https:\/\/www.gaveanews.com\/wp-content\/uploads\/Escudo-do-Botafogo-1.webp\",\"datePublished\":\"2025-02-06T15:05:00+00:00\",\"author\":{\"@id\":\"https:\/\/www.gaveanews.com\/#\/schema\/person\/37122681a8575a5c8db05a56f099a5e4\"},\"breadcrumb\":{\"@id\":\"https:\/\/www.gaveanews.com\/index.php\/2025\/02\/06\/botafogo-muda-de-ideia-apos-primeira-proposta-por-rollheiser-ser-recusada\/#breadcrumb\"},\"inLanguage\":\"pt-BR\",\"potentialAction\":[{\"@type\":\"ReadAction\",\"target\":[\"https:\/\/www.gaveanews.com\/index.php\/2025\/02\/06\/botafogo-muda-de-ideia-apos-primeira-proposta-por-rollheiser-ser-recusada\/\"]}]},{\"@type\":\"ImageObject\",\"inLanguage\":\"pt-BR\",\"@id\":\"https:\/\/www.gaveanews.com\/index.php\/2025\/02\/06\/botafogo-muda-de-ideia-apos-primeira-proposta-por-rollheiser-ser-recusada\/#primaryimage\",\"url\":\"https:\/\/www.gaveanews.com\/wp-content\/uploads\/Escudo-do-Botafogo-1.webp\",\"contentUrl\":\"https:\/\/www.gaveanews.com\/wp-content\/uploads\/Escudo-do-Botafogo-1.webp\",\"width\":787,\"height\":525,\"caption\":\"Escudo do Botafogo (Foto: Reprodu\u00e7\u00e3o\/Botafogo)\"},{\"@type\":\"BreadcrumbList\",\"@id\":\"https:\/\/www.gaveanews.com\/index.php\/2025\/02\/06\/botafogo-muda-de-ideia-apos-primeira-proposta-por-rollheiser-ser-recusada\/#breadcrumb\",\"itemListElement\":[{\"@type\":\"ListItem\",\"position\":1,\"name\":\"Home\",\"item\":\"https:\/\/www.gaveanews.com\/\"},{\"@type\":\"ListItem\",\"position\":2,\"name\":\"Botafogo muda de ideia ap\u00f3s primeira proposta por Rollheiser ser recusada\"}]},{\"@type\":\"WebSite\",\"@id\":\"https:\/\/www.gaveanews.com\/#website\",\"url\":\"https:\/\/www.gaveanews.com\/\",\"name\":\"G\u00e1vea News\",\"description\":\"Veja todas as not\u00edcias sobre o Flamengo: Contrata\u00e7\u00f5es, categorias de base, resultados das partidas, tabela de classifica\u00e7\u00e3o, pr\u00f3ximos jogos!\",\"potentialAction\":[{\"@type\":\"SearchAction\",\"target\":{\"@type\":\"EntryPoint\",\"urlTemplate\":\"https:\/\/www.gaveanews.com\/?s={search_term_string}\"},\"query-input\":{\"@type\":\"PropertyValueSpecification\",\"valueRequired\":true,\"valueName\":\"search_term_string\"}}],\"inLanguage\":\"pt-BR\"},{\"@type\":\"Person\",\"@id\":\"https:\/\/www.gaveanews.com\/#\/schema\/person\/37122681a8575a5c8db05a56f099a5e4\",\"name\":\"D\u00e9bora Figueiredo\",\"image\":{\"@type\":\"ImageObject\",\"inLanguage\":\"pt-BR\",\"@id\":\"https:\/\/www.gaveanews.com\/#\/schema\/person\/image\/\",\"url\":\"https:\/\/secure.gravatar.com\/avatar\/1f44802859351588499d26f52aed1d15796ce17e67602895b72837c08018868d?s=96&d=mm&r=g\",\"contentUrl\":\"https:\/\/secure.gravatar.com\/avatar\/1f44802859351588499d26f52aed1d15796ce17e67602895b72837c08018868d?s=96&d=mm&r=g\",\"caption\":\"D\u00e9bora Figueiredo\"}}]}<\/script>\n<!-- \/ Yoast SEO Premium plugin. -->","yoast_head_json":{"title":"Botafogo muda de ideia ap\u00f3s primeira proposta por Rollheiser ser recusada","robots":{"index":"index","follow":"follow","max-snippet":"max-snippet:-1","max-image-preview":"max-image-preview:large","max-video-preview":"max-video-preview:-1"},"canonical":"https:\/\/www.gaveanews.com\/index.php\/2025\/02\/06\/botafogo-muda-de-ideia-apos-primeira-proposta-por-rollheiser-ser-recusada\/","og_locale":"pt_BR","og_type":"article","og_title":"Botafogo muda de ideia ap\u00f3s primeira proposta por Rollheiser ser recusada","og_description":"No esfor\u00e7o para contratar novos jogadores, o Botafogo voltou seu olhar para um antigo anseio do time, o meia-atacante argentino Benjam\u00edn Rollheiser. De acordo com o GE, na quarta-feira (5), foi apresentada uma proposta ao Benfica, clube do jogador, com o objetivo de tentar sua compra definitiva. A proposta de 10 milh\u00f5es de euros (cerca [&hellip;]","og_url":"https:\/\/www.gaveanews.com\/index.php\/2025\/02\/06\/botafogo-muda-de-ideia-apos-primeira-proposta-por-rollheiser-ser-recusada\/","og_site_name":"G\u00e1vea News","article_publisher":"https:\/\/facebook.com\/gaveaNews\/","article_published_time":"2025-02-06T15:05:00+00:00","og_image":[{"width":787,"height":525,"url":"https:\/\/www.gaveanews.com\/wp-content\/uploads\/Escudo-do-Botafogo-1.webp","type":"image\/webp"}],"author":"D\u00e9bora Figueiredo","twitter_card":"summary_large_image","twitter_misc":{"Escrito por":"D\u00e9bora Figueiredo","Est. tempo de leitura":"2 minutos"},"schema":{"@context":"https:\/\/schema.org","@graph":[{"@type":"NewsArticle","@id":"https:\/\/www.gaveanews.com\/index.php\/2025\/02\/06\/botafogo-muda-de-ideia-apos-primeira-proposta-por-rollheiser-ser-recusada\/#article","isPartOf":{"@id":"https:\/\/www.gaveanews.com\/index.php\/2025\/02\/06\/botafogo-muda-de-ideia-apos-primeira-proposta-por-rollheiser-ser-recusada\/"},"author":{"name":"D\u00e9bora Figueiredo","@id":"https:\/\/www.gaveanews.com\/#\/schema\/person\/37122681a8575a5c8db05a56f099a5e4"},"headline":"Botafogo muda de ideia ap\u00f3s primeira proposta por Rollheiser ser recusada","datePublished":"2025-02-06T15:05:00+00:00","mainEntityOfPage":{"@id":"https:\/\/www.gaveanews.com\/index.php\/2025\/02\/06\/botafogo-muda-de-ideia-apos-primeira-proposta-por-rollheiser-ser-recusada\/"},"wordCount":336,"commentCount":0,"image":{"@id":"https:\/\/www.gaveanews.com\/index.php\/2025\/02\/06\/botafogo-muda-de-ideia-apos-primeira-proposta-por-rollheiser-ser-recusada\/#primaryimage"},"thumbnailUrl":"https:\/\/www.gaveanews.com\/wp-content\/uploads\/Escudo-do-Botafogo-1.webp","articleSection":["Botafogo"],"inLanguage":"pt-BR","potentialAction":[{"@type":"CommentAction","name":"Comment","target":["https:\/\/www.gaveanews.com\/index.php\/2025\/02\/06\/botafogo-muda-de-ideia-apos-primeira-proposta-por-rollheiser-ser-recusada\/#respond"]}],"copyrightYear":"2025","copyrightHolder":{"@id":"https:\/\/www.gaveanews.com\/#organization"}},{"@type":"WebPage","@id":"https:\/\/www.gaveanews.com\/index.php\/2025\/02\/06\/botafogo-muda-de-ideia-apos-primeira-proposta-por-rollheiser-ser-recusada\/","url":"https:\/\/www.gaveanews.com\/index.php\/2025\/02\/06\/botafogo-muda-de-ideia-apos-primeira-proposta-por-rollheiser-ser-recusada\/","name":"Botafogo muda de ideia ap\u00f3s primeira proposta por Rollheiser ser recusada","isPartOf":{"@id":"https:\/\/www.gaveanews.com\/#website"},"primaryImageOfPage":{"@id":"https:\/\/www.gaveanews.com\/index.php\/2025\/02\/06\/botafogo-muda-de-ideia-apos-primeira-proposta-por-rollheiser-ser-recusada\/#primaryimage"},"image":{"@id":"https:\/\/www.gaveanews.com\/index.php\/2025\/02\/06\/botafogo-muda-de-ideia-apos-primeira-proposta-por-rollheiser-ser-recusada\/#primaryimage"},"thumbnailUrl":"https:\/\/www.gaveanews.com\/wp-content\/uploads\/Escudo-do-Botafogo-1.webp","datePublished":"2025-02-06T15:05:00+00:00","author":{"@id":"https:\/\/www.gaveanews.com\/#\/schema\/person\/37122681a8575a5c8db05a56f099a5e4"},"breadcrumb":{"@id":"https:\/\/www.gaveanews.com\/index.php\/2025\/02\/06\/botafogo-muda-de-ideia-apos-primeira-proposta-por-rollheiser-ser-recusada\/#breadcrumb"},"inLanguage":"pt-BR","potentialAction":[{"@type":"ReadAction","target":["https:\/\/www.gaveanews.com\/index.php\/2025\/02\/06\/botafogo-muda-de-ideia-apos-primeira-proposta-por-rollheiser-ser-recusada\/"]}]},{"@type":"ImageObject","inLanguage":"pt-BR","@id":"https:\/\/www.gaveanews.com\/index.php\/2025\/02\/06\/botafogo-muda-de-ideia-apos-primeira-proposta-por-rollheiser-ser-recusada\/#primaryimage","url":"https:\/\/www.gaveanews.com\/wp-content\/uploads\/Escudo-do-Botafogo-1.webp","contentUrl":"https:\/\/www.gaveanews.com\/wp-content\/uploads\/Escudo-do-Botafogo-1.webp","width":787,"height":525,"caption":"Escudo do Botafogo (Foto: Reprodu\u00e7\u00e3o\/Botafogo)"},{"@type":"BreadcrumbList","@id":"https:\/\/www.gaveanews.com\/index.php\/2025\/02\/06\/botafogo-muda-de-ideia-apos-primeira-proposta-por-rollheiser-ser-recusada\/#breadcrumb","itemListElement":[{"@type":"ListItem","position":1,"name":"Home","item":"https:\/\/www.gaveanews.com\/"},{"@type":"ListItem","position":2,"name":"Botafogo muda de ideia ap\u00f3s primeira proposta por Rollheiser ser recusada"}]},{"@type":"WebSite","@id":"https:\/\/www.gaveanews.com\/#website","url":"https:\/\/www.gaveanews.com\/","name":"G\u00e1vea News","description":"Veja todas as not\u00edcias sobre o Flamengo: Contrata\u00e7\u00f5es, categorias de base, resultados das partidas, tabela de classifica\u00e7\u00e3o, pr\u00f3ximos jogos!","potentialAction":[{"@type":"SearchAction","target":{"@type":"EntryPoint","urlTemplate":"https:\/\/www.gaveanews.com\/?s={search_term_string}"},"query-input":{"@type":"PropertyValueSpecification","valueRequired":true,"valueName":"search_term_string"}}],"inLanguage":"pt-BR"},{"@type":"Person","@id":"https:\/\/www.gaveanews.com\/#\/schema\/person\/37122681a8575a5c8db05a56f099a5e4","name":"D\u00e9bora Figueiredo","image":{"@type":"ImageObject","inLanguage":"pt-BR","@id":"https:\/\/www.gaveanews.com\/#\/schema\/person\/image\/","url":"https:\/\/secure.gravatar.com\/avatar\/1f44802859351588499d26f52aed1d15796ce17e67602895b72837c08018868d?s=96&d=mm&r=g","contentUrl":"https:\/\/secure.gravatar.com\/avatar\/1f44802859351588499d26f52aed1d15796ce17e67602895b72837c08018868d?s=96&d=mm&r=g","caption":"D\u00e9bora Figueiredo"}}]}},"_links":{"self":[{"href":"https:\/\/www.gaveanews.com\/index.php\/wp-json\/wp\/v2\/posts\/223743","targetHints":{"allow":["GET"]}}],"collection":[{"href":"https:\/\/www.gaveanews.com\/index.php\/wp-json\/wp\/v2\/posts"}],"about":[{"href":"https:\/\/www.gaveanews.com\/index.php\/wp-json\/wp\/v2\/types\/post"}],"author":[{"embeddable":true,"href":"https:\/\/www.gaveanews.com\/index.php\/wp-json\/wp\/v2\/users\/16"}],"replies":[{"embeddable":true,"href":"https:\/\/www.gaveanews.com\/index.php\/wp-json\/wp\/v2\/comments?post=223743"}],"version-history":[{"count":2,"href":"https:\/\/www.gaveanews.com\/index.php\/wp-json\/wp\/v2\/posts\/223743\/revisions"}],"predecessor-version":[{"id":224141,"href":"https:\/\/www.gaveanews.com\/index.php\/wp-json\/wp\/v2\/posts\/223743\/revisions\/224141"}],"wp:featuredmedia":[{"embeddable":true,"href":"https:\/\/www.gaveanews.com\/index.php\/wp-json\/wp\/v2\/media\/182060"}],"wp:attachment":[{"href":"https:\/\/www.gaveanews.com\/index.php\/wp-json\/wp\/v2\/media?parent=223743"}],"wp:term":[{"taxonomy":"category","embeddable":true,"href":"https:\/\/www.gaveanews.com\/index.php\/wp-json\/wp\/v2\/categories?post=223743"},{"taxonomy":"post_tag","embeddable":true,"href":"https:\/\/www.gaveanews.com\/index.php\/wp-json\/wp\/v2\/tags?post=223743"}],"curies":[{"name":"wp","href":"https:\/\/api.w.org\/{rel}","templated":true}]}}