{"id":223768,"date":"2025-02-05T19:20:00","date_gmt":"2025-02-05T22:20:00","guid":{"rendered":"https:\/\/www.gaveanews.com\/?p=223768"},"modified":"2025-02-05T18:33:53","modified_gmt":"2025-02-05T21:33:53","slug":"previsao-de-cicinho-mais-uma-compra-e-os-jogadores-que-ja-disputaram-a-copa-do-mundo-as-ultimas-noticias-do-corinthians","status":"publish","type":"post","link":"https:\/\/www.gaveanews.com\/index.php\/2025\/02\/05\/previsao-de-cicinho-mais-uma-compra-e-os-jogadores-que-ja-disputaram-a-copa-do-mundo-as-ultimas-noticias-do-corinthians\/","title":{"rendered":"Previs\u00e3o de Cicinho, mais uma compra e os jogadores que j\u00e1 disputaram a Copa do Mundo: as \u00faltimas not\u00edcias do Corinthians"},"content":{"rendered":"\n<p>Nas \u00faltimas horas, o foco das not\u00edcias sobre o Corinthians se concentram nos bastidores do clube, com destaques do dia a dia do time.<\/p>\n\n\n\n<p>Por conta deste contexto, leia abaixo um resumo preparado pela equipe do portal G\u00e1vea News para lhe manter muito bem informado!<\/p>\n\n\n\n<h2 class=\"wp-block-heading\" id=\"h-os-jogadores-que-ja-disputaram-a-copa-do-mundo\">Os jogadores que j\u00e1 disputaram a Copa do Mundo<\/h2>\n\n\n\n<p>O Campeonato Brasileiro de 2025 contar\u00e1 com diversos jogadores que j\u00e1 tiveram a experi\u00eancia de disputar uma Copa do Mundo, aumentando ainda mais o n\u00edvel t\u00e9cnico da competi\u00e7\u00e3o. Entre os destaques, Giorgian De Arrascaeta, do Flamengo, esteve presente nos Mundiais de 2018 e 2022 pelo Uruguai, marcando dois gols na vit\u00f3ria sobre Gana na \u00faltima edi\u00e7\u00e3o. Seu companheiro de equipe, Guillermo Varela, tamb\u00e9m disputou duas Copas pelo Uruguai, somando cinco partidas entre os torneios de 2018 e 2022 <strong><a href=\"https:\/\/www.gaveanews.com\/index.php\/2025\/02\/04\/arrascaeta-hulk-varela-de-la-cruz-bernard-alan-franco-felix-torres-os-jogadores-do-brasileirao-2025-que-ja-disputaram-a-copa-do-mundo\/\">(leia a mat\u00e9ria completa).<\/a><\/strong><\/p>\n\n\n\n<figure class=\"wp-block-image size-large is-resized\"><img loading=\"lazy\" decoding=\"async\" width=\"1024\" height=\"683\" src=\"http:\/\/www.gaveanews.com\/wp-content\/uploads\/Taca-da-Copa-do-Mundo-da-FIFA-1024x683.webp\" alt=\"\" class=\"wp-image-160516\" style=\"width:780px;height:auto\" srcset=\"https:\/\/www.gaveanews.com\/wp-content\/uploads\/Taca-da-Copa-do-Mundo-da-FIFA-1024x683.webp 1024w, https:\/\/www.gaveanews.com\/wp-content\/uploads\/Taca-da-Copa-do-Mundo-da-FIFA-300x200.webp 300w, https:\/\/www.gaveanews.com\/wp-content\/uploads\/Taca-da-Copa-do-Mundo-da-FIFA-768x512.webp 768w, https:\/\/www.gaveanews.com\/wp-content\/uploads\/Taca-da-Copa-do-Mundo-da-FIFA-630x420.webp 630w, https:\/\/www.gaveanews.com\/wp-content\/uploads\/Taca-da-Copa-do-Mundo-da-FIFA-1260x840.webp 1260w, https:\/\/www.gaveanews.com\/wp-content\/uploads\/Taca-da-Copa-do-Mundo-da-FIFA-640x427.webp 640w, https:\/\/www.gaveanews.com\/wp-content\/uploads\/Taca-da-Copa-do-Mundo-da-FIFA-1280x853.webp 1280w, https:\/\/www.gaveanews.com\/wp-content\/uploads\/Taca-da-Copa-do-Mundo-da-FIFA-681x454.webp 681w, https:\/\/www.gaveanews.com\/wp-content\/uploads\/Taca-da-Copa-do-Mundo-da-FIFA-100x67.webp 100w, https:\/\/www.gaveanews.com\/wp-content\/uploads\/Taca-da-Copa-do-Mundo-da-FIFA.webp 1338w\" sizes=\"auto, (max-width: 1024px) 100vw, 1024px\" \/><figcaption class=\"wp-element-caption\">Ta\u00e7a da Copa do Mundo da FIFA (Foto: Reprodu\u00e7\u00e3o\/Instagram)<\/figcaption><\/figure>\n\n\n\n<p>No Atl\u00e9tico-MG, Hulk e Bernard representaram o Brasil na Copa de 2014. Hulk foi titular em cinco partidas daquele Mundial, enquanto Bernard ganhou a dif\u00edcil miss\u00e3o de substituir Neymar na fat\u00eddica semifinal contra a Alemanha. <\/p>\n\n\n\n<p>O volante Alan Franco, do Galo, e o zagueiro F\u00e9lix Torres, do Corinthians, defenderam o Equador na edi\u00e7\u00e3o de 2022, com Torres contribuindo com uma assist\u00eancia. J\u00e1 Nicol\u00e1s De La Cruz, meia do Flamengo, atuou pelo Uruguai no mesmo torneio, entrando em campo contra Coreia do Sul e Gana.<\/p>\n\n\n\n<p>Com esses jogadores experientes, o Brasileir\u00e3o 2025 se fortalece ainda mais como uma das ligas mais competitivas do mundo. A presen\u00e7a de atletas que j\u00e1 atuaram no maior torneio de sele\u00e7\u00f5es refor\u00e7a a qualidade dos elencos e a expectativa dos torcedores. Cada um desses nomes traz consigo a bagagem de ter jogado contra os melhores do planeta, o que pode fazer a diferen\u00e7a na disputa pelo t\u00edtulo nacional.<\/p>\n\n\n\n<h2 class=\"wp-block-heading\" id=\"h-mais-uma-compra\">Mais uma compra<\/h2>\n\n\n\n<p>O Corinthians acertou a compra do zagueiro Caio Garcez, que estava no clube por empr\u00e9stimo do Uni\u00e3o Suzano. Ap\u00f3s se destacar na Copa S\u00e3o Paulo de Futebol J\u00fanior, o defensor chamou a aten\u00e7\u00e3o da diretoria, que decidiu exercer a cl\u00e1usula de compra. Para contar com o jogador em definitivo, o Tim\u00e3o desembolsar\u00e1 R$ 2 milh\u00f5es por 70% de seus direitos econ\u00f4micos. Aos 20 anos, Caio ser\u00e1 integrado ao elenco principal, j\u00e1 que ultrapassou a idade permitida para atuar nas categorias de base <strong><a href=\"https:\/\/www.gaveanews.com\/index.php\/2025\/02\/04\/negocio-fechado-corinthians-acerta-mais-uma-compra\/\">(leia a mat\u00e9ria completa).<\/a><\/strong><\/p>\n\n\n\n<blockquote class=\"instagram-media\" data-instgrm-permalink=\"https:\/\/www.instagram.com\/p\/C4TKkcCrTVQ\/?utm_source=ig_embed&amp;utm_campaign=loading\" data-instgrm-version=\"14\" style=\" background:#FFF; border:0; border-radius:3px; box-shadow:0 0 1px 0 rgba(0,0,0,0.5),0 1px 10px 0 rgba(0,0,0,0.15); margin: 1px; max-width:540px; min-width:326px; padding:0; width:99.375%; width:-webkit-calc(100% - 2px); width:calc(100% - 2px);\"><div style=\"padding:16px;\"> <a href=\"https:\/\/www.instagram.com\/p\/C4TKkcCrTVQ\/?utm_source=ig_embed&amp;utm_campaign=loading\" style=\" background:#FFFFFF; line-height:0; padding:0 0; text-align:center; text-decoration:none; width:100%;\" target=\"_blank\"> <div style=\" display: flex; flex-direction: row; align-items: center;\"> <div style=\"background-color: #F4F4F4; border-radius: 50%; flex-grow: 0; height: 40px; margin-right: 14px; width: 40px;\"><\/div> <div style=\"display: flex; flex-direction: column; flex-grow: 1; justify-content: center;\"> <div style=\" background-color: #F4F4F4; border-radius: 4px; flex-grow: 0; height: 14px; margin-bottom: 6px; width: 100px;\"><\/div> <div style=\" background-color: #F4F4F4; border-radius: 4px; flex-grow: 0; height: 14px; width: 60px;\"><\/div><\/div><\/div><div style=\"padding: 19% 0;\"><\/div> <div style=\"display:block; height:50px; margin:0 auto 12px; width:50px;\"><svg width=\"50px\" height=\"50px\" viewBox=\"0 0 60 60\" version=\"1.1\" xmlns=\"https:\/\/www.w3.org\/2000\/svg\" xmlns:xlink=\"https:\/\/www.w3.org\/1999\/xlink\"><g stroke=\"none\" stroke-width=\"1\" fill=\"none\" fill-rule=\"evenodd\"><g transform=\"translate(-511.000000, -20.000000)\" fill=\"#000000\"><g><path d=\"M556.869,30.41 C554.814,30.41 553.148,32.076 553.148,34.131 C553.148,36.186 554.814,37.852 556.869,37.852 C558.924,37.852 560.59,36.186 560.59,34.131 C560.59,32.076 558.924,30.41 556.869,30.41 M541,60.657 C535.114,60.657 530.342,55.887 530.342,50 C530.342,44.114 535.114,39.342 541,39.342 C546.887,39.342 551.658,44.114 551.658,50 C551.658,55.887 546.887,60.657 541,60.657 M541,33.886 C532.1,33.886 524.886,41.1 524.886,50 C524.886,58.899 532.1,66.113 541,66.113 C549.9,66.113 557.115,58.899 557.115,50 C557.115,41.1 549.9,33.886 541,33.886 M565.378,62.101 C565.244,65.022 564.756,66.606 564.346,67.663 C563.803,69.06 563.154,70.057 562.106,71.106 C561.058,72.155 560.06,72.803 558.662,73.347 C557.607,73.757 556.021,74.244 553.102,74.378 C549.944,74.521 548.997,74.552 541,74.552 C533.003,74.552 532.056,74.521 528.898,74.378 C525.979,74.244 524.393,73.757 523.338,73.347 C521.94,72.803 520.942,72.155 519.894,71.106 C518.846,70.057 518.197,69.06 517.654,67.663 C517.244,66.606 516.755,65.022 516.623,62.101 C516.479,58.943 516.448,57.996 516.448,50 C516.448,42.003 516.479,41.056 516.623,37.899 C516.755,34.978 517.244,33.391 517.654,32.338 C518.197,30.938 518.846,29.942 519.894,28.894 C520.942,27.846 521.94,27.196 523.338,26.654 C524.393,26.244 525.979,25.756 528.898,25.623 C532.057,25.479 533.004,25.448 541,25.448 C548.997,25.448 549.943,25.479 553.102,25.623 C556.021,25.756 557.607,26.244 558.662,26.654 C560.06,27.196 561.058,27.846 562.106,28.894 C563.154,29.942 563.803,30.938 564.346,32.338 C564.756,33.391 565.244,34.978 565.378,37.899 C565.522,41.056 565.552,42.003 565.552,50 C565.552,57.996 565.522,58.943 565.378,62.101 M570.82,37.631 C570.674,34.438 570.167,32.258 569.425,30.349 C568.659,28.377 567.633,26.702 565.965,25.035 C564.297,23.368 562.623,22.342 560.652,21.575 C558.743,20.834 556.562,20.326 553.369,20.18 C550.169,20.033 549.148,20 541,20 C532.853,20 531.831,20.033 528.631,20.18 C525.438,20.326 523.257,20.834 521.349,21.575 C519.376,22.342 517.703,23.368 516.035,25.035 C514.368,26.702 513.342,28.377 512.574,30.349 C511.834,32.258 511.326,34.438 511.181,37.631 C511.035,40.831 511,41.851 511,50 C511,58.147 511.035,59.17 511.181,62.369 C511.326,65.562 511.834,67.743 512.574,69.651 C513.342,71.625 514.368,73.296 516.035,74.965 C517.703,76.634 519.376,77.658 521.349,78.425 C523.257,79.167 525.438,79.673 528.631,79.82 C531.831,79.965 532.853,80.001 541,80.001 C549.148,80.001 550.169,79.965 553.369,79.82 C556.562,79.673 558.743,79.167 560.652,78.425 C562.623,77.658 564.297,76.634 565.965,74.965 C567.633,73.296 568.659,71.625 569.425,69.651 C570.167,67.743 570.674,65.562 570.82,62.369 C570.966,59.17 571,58.147 571,50 C571,41.851 570.966,40.831 570.82,37.631\"><\/path><\/g><\/g><\/g><\/svg><\/div><div style=\"padding-top: 8px;\"> <div style=\" color:#3897f0; font-family:Arial,sans-serif; font-size:14px; font-style:normal; font-weight:550; line-height:18px;\">Ver essa foto no Instagram<\/div><\/div><div style=\"padding: 12.5% 0;\"><\/div> <div style=\"display: flex; flex-direction: row; margin-bottom: 14px; align-items: center;\"><div> <div style=\"background-color: #F4F4F4; border-radius: 50%; height: 12.5px; width: 12.5px; transform: translateX(0px) translateY(7px);\"><\/div> <div style=\"background-color: #F4F4F4; height: 12.5px; transform: rotate(-45deg) translateX(3px) translateY(1px); width: 12.5px; flex-grow: 0; margin-right: 14px; margin-left: 2px;\"><\/div> <div style=\"background-color: #F4F4F4; border-radius: 50%; height: 12.5px; width: 12.5px; transform: translateX(9px) translateY(-18px);\"><\/div><\/div><div style=\"margin-left: 8px;\"> <div style=\" background-color: #F4F4F4; border-radius: 50%; flex-grow: 0; height: 20px; width: 20px;\"><\/div> <div style=\" width: 0; height: 0; border-top: 2px solid transparent; border-left: 6px solid #f4f4f4; border-bottom: 2px solid transparent; transform: translateX(16px) translateY(-4px) rotate(30deg)\"><\/div><\/div><div style=\"margin-left: auto;\"> <div style=\" width: 0px; border-top: 8px solid #F4F4F4; border-right: 8px solid transparent; transform: translateY(16px);\"><\/div> <div style=\" background-color: #F4F4F4; flex-grow: 0; height: 12px; width: 16px; transform: translateY(-4px);\"><\/div> <div style=\" width: 0; height: 0; border-top: 8px solid #F4F4F4; border-left: 8px solid transparent; transform: translateY(-4px) translateX(8px);\"><\/div><\/div><\/div> <div style=\"display: flex; flex-direction: column; flex-grow: 1; justify-content: center; margin-bottom: 24px;\"> <div style=\" background-color: #F4F4F4; border-radius: 4px; flex-grow: 0; height: 14px; margin-bottom: 6px; width: 224px;\"><\/div> <div style=\" background-color: #F4F4F4; border-radius: 4px; flex-grow: 0; height: 14px; width: 144px;\"><\/div><\/div><\/a><p style=\" color:#c9c8cd; font-family:Arial,sans-serif; font-size:14px; line-height:17px; margin-bottom:0; margin-top:8px; overflow:hidden; padding:8px 0 7px; text-align:center; text-overflow:ellipsis; white-space:nowrap;\"><a href=\"https:\/\/www.instagram.com\/p\/C4TKkcCrTVQ\/?utm_source=ig_embed&amp;utm_campaign=loading\" style=\" color:#c9c8cd; font-family:Arial,sans-serif; font-size:14px; font-style:normal; font-weight:normal; line-height:17px; text-decoration:none;\" target=\"_blank\">Uma publica\u00e7\u00e3o compartilhada por G A R C E Z (@caiogarcez_04)<\/a><\/p><\/div><\/blockquote>\n<script async src=\"\/\/www.instagram.com\/embed.js\"><\/script>\n\n\n\n<p>Originalmente lateral-esquerdo, Caio foi recuado para a zaga durante a Copinha e mostrou um desempenho s\u00f3lido, o que pesou a favor de sua contrata\u00e7\u00e3o. Al\u00e9m dele, a comiss\u00e3o t\u00e9cnica de Ram\u00f3n D\u00edaz tamb\u00e9m promoveu outros tr\u00eas jovens zagueiros ao elenco profissional: Fernando Vera, Guilherme Gama e Renato. O v\u00ednculo de empr\u00e9stimo do jogador terminaria em 28 de fevereiro, mas a boa avalia\u00e7\u00e3o levou o clube a antecipar a negocia\u00e7\u00e3o para garantir sua perman\u00eancia.<\/p>\n\n\n\n<p>Enquanto se movimenta para refor\u00e7ar o elenco, o Corinthians tamb\u00e9m trabalha para manter pe\u00e7as importantes. O clube j\u00e1 renovou com Andr\u00e9 Carrillo at\u00e9 2026, Breno Bidon at\u00e9 2029 e acertou a extens\u00e3o do empr\u00e9stimo de Maycon por mais uma temporada. Al\u00e9m disso, Romero seguir\u00e1 no time at\u00e9 o fim do ano. A diretoria ainda busca refor\u00e7os para quatro posi\u00e7\u00f5es priorit\u00e1rias: lateral-esquerdo, zagueiro canhoto, meio-campista e atacante, com novas contrata\u00e7\u00f5es previstas para os pr\u00f3ximos meses.<\/p>\n\n\n\n<h2 class=\"wp-block-heading\" id=\"h-previsao-de-cicinho\">Previs\u00e3o de Cicinho<\/h2>\n\n\n\n<p>O ex-jogador e comentarista Cicinho surpreendeu ao apontar o Santos como favorito ao t\u00edtulo do Paulist\u00e3o 2025. Em sua an\u00e1lise, ele destacou que, com Neymar em campo, nenhum outro time tem mais chances de conquistar a ta\u00e7a. O retorno do craque ao Peixe, que acontecer\u00e1 na partida contra o Botafogo-SP nesta quarta-feira (5), no dia de seu anivers\u00e1rio de 33 anos, tem sido um dos principais fatores para essa proje\u00e7\u00e3o otimista em rela\u00e7\u00e3o ao clube da Vila Belmiro <strong><a href=\"https:\/\/www.gaveanews.com\/index.php\/2025\/02\/04\/paulistao-2025-cicinho-aponta-favorito-ao-titulo\/\">(leia a mat\u00e9ria completa).<\/a><\/strong><\/p>\n\n\n\n<figure class=\"wp-block-image size-full\"><img loading=\"lazy\" decoding=\"async\" width=\"941\" height=\"589\" src=\"http:\/\/www.gaveanews.com\/wp-content\/uploads\/20210810-cicinho-arena-sbt.webp\" alt=\"\" class=\"wp-image-215675\" srcset=\"https:\/\/www.gaveanews.com\/wp-content\/uploads\/20210810-cicinho-arena-sbt.webp 941w, https:\/\/www.gaveanews.com\/wp-content\/uploads\/20210810-cicinho-arena-sbt-300x188.webp 300w, https:\/\/www.gaveanews.com\/wp-content\/uploads\/20210810-cicinho-arena-sbt-768x481.webp 768w, https:\/\/www.gaveanews.com\/wp-content\/uploads\/20210810-cicinho-arena-sbt-671x420.webp 671w, https:\/\/www.gaveanews.com\/wp-content\/uploads\/20210810-cicinho-arena-sbt-640x401.webp 640w, https:\/\/www.gaveanews.com\/wp-content\/uploads\/20210810-cicinho-arena-sbt-681x426.webp 681w, https:\/\/www.gaveanews.com\/wp-content\/uploads\/20210810-cicinho-arena-sbt-100x63.webp 100w\" sizes=\"auto, (max-width: 941px) 100vw, 941px\" \/><figcaption class=\"wp-element-caption\">Cicinho, comentarista do SBT (Foto: Reprodu\u00e7\u00e3o)<\/figcaption><\/figure>\n\n\n\n<p>Neymar impressionou nos treinos no CT do Santos, demonstrando estar totalmente recuperado da les\u00e3o muscular sofrida no Al-Hilal. Durante as atividades, atuou tanto como meia quanto como falso 9, mostrando boa mobilidade e preparo f\u00edsico. A expectativa \u00e9 de que ele jogue pelo menos 30 minutos em sua reestreia, o que j\u00e1 \u00e9 suficiente para mobilizar a torcida santista e os amantes do futebol.<\/p>\n\n\n\n<p>A volta do camisa 10 ao Brasil representa um grande impulso t\u00e9cnico e emocional para o Santos, que busca retomar o protagonismo no cen\u00e1rio nacional. Com a experi\u00eancia e qualidade de Neymar, a equipe ganha um diferencial importante na briga pelo t\u00edtulo estadual, o que refor\u00e7a a aposta de Cicinho de que o Peixe pode surpreender os concorrentes mais tradicionais, como Palmeiras, Corinthians e S\u00e3o Paulo.<\/p>\n","protected":false},"excerpt":{"rendered":"<p>Nas \u00faltimas horas, o foco das not\u00edcias sobre o Corinthians se concentram nos bastidores do clube, com destaques do dia a dia do time. Por conta deste contexto, leia abaixo um resumo preparado pela equipe do portal G\u00e1vea News para lhe manter muito bem informado! Os jogadores que j\u00e1 disputaram a Copa do Mundo O [&hellip;]<\/p>\n","protected":false},"author":27,"featured_media":146951,"comment_status":"open","ping_status":"closed","sticky":false,"template":"","format":"standard","meta":{"footnotes":""},"categories":[141],"tags":[],"class_list":["post-223768","post","type-post","status-publish","format-standard","has-post-thumbnail","hentry","category-corinthians"],"yoast_head":"<!-- This site is optimized with the Yoast SEO Premium plugin v24.2 (Yoast SEO v26.9) - https:\/\/yoast.com\/product\/yoast-seo-premium-wordpress\/ -->\n<title>Previs\u00e3o de Cicinho, mais uma compra e os jogadores que j\u00e1 disputaram a Copa do Mundo: as \u00faltimas not\u00edcias do Corinthians<\/title>\n<meta name=\"robots\" content=\"index, follow, max-snippet:-1, max-image-preview:large, max-video-preview:-1\" \/>\n<link rel=\"canonical\" href=\"https:\/\/www.gaveanews.com\/index.php\/2025\/02\/05\/previsao-de-cicinho-mais-uma-compra-e-os-jogadores-que-ja-disputaram-a-copa-do-mundo-as-ultimas-noticias-do-corinthians\/\" \/>\n<meta property=\"og:locale\" content=\"pt_BR\" \/>\n<meta property=\"og:type\" content=\"article\" \/>\n<meta property=\"og:title\" content=\"Previs\u00e3o de Cicinho, mais uma compra e os jogadores que j\u00e1 disputaram a Copa do Mundo: as \u00faltimas not\u00edcias do Corinthians\" \/>\n<meta property=\"og:description\" content=\"Nas \u00faltimas horas, o foco das not\u00edcias sobre o Corinthians se concentram nos bastidores do clube, com destaques do dia a dia do time. Por conta deste contexto, leia abaixo um resumo preparado pela equipe do portal G\u00e1vea News para lhe manter muito bem informado! Os jogadores que j\u00e1 disputaram a Copa do Mundo O [&hellip;]\" \/>\n<meta property=\"og:url\" content=\"https:\/\/www.gaveanews.com\/index.php\/2025\/02\/05\/previsao-de-cicinho-mais-uma-compra-e-os-jogadores-que-ja-disputaram-a-copa-do-mundo-as-ultimas-noticias-do-corinthians\/\" \/>\n<meta property=\"og:site_name\" content=\"G\u00e1vea News\" \/>\n<meta property=\"article:publisher\" content=\"https:\/\/facebook.com\/gaveaNews\/\" \/>\n<meta property=\"article:published_time\" content=\"2025-02-05T22:20:00+00:00\" \/>\n<meta property=\"og:image\" content=\"https:\/\/www.gaveanews.com\/wp-content\/uploads\/Escudo-do-Corinthians.webp\" \/>\n\t<meta property=\"og:image:width\" content=\"1000\" \/>\n\t<meta property=\"og:image:height\" content=\"667\" \/>\n\t<meta property=\"og:image:type\" content=\"image\/webp\" \/>\n<meta name=\"author\" content=\"Matheus Felipe\" \/>\n<meta name=\"twitter:card\" content=\"summary_large_image\" \/>\n<meta name=\"twitter:label1\" content=\"Escrito por\" \/>\n\t<meta name=\"twitter:data1\" content=\"Matheus Felipe\" \/>\n\t<meta name=\"twitter:label2\" content=\"Est. tempo de leitura\" \/>\n\t<meta name=\"twitter:data2\" content=\"5 minutos\" \/>\n<script type=\"application\/ld+json\" class=\"yoast-schema-graph\">{\"@context\":\"https:\/\/schema.org\",\"@graph\":[{\"@type\":\"NewsArticle\",\"@id\":\"https:\/\/www.gaveanews.com\/index.php\/2025\/02\/05\/previsao-de-cicinho-mais-uma-compra-e-os-jogadores-que-ja-disputaram-a-copa-do-mundo-as-ultimas-noticias-do-corinthians\/#article\",\"isPartOf\":{\"@id\":\"https:\/\/www.gaveanews.com\/index.php\/2025\/02\/05\/previsao-de-cicinho-mais-uma-compra-e-os-jogadores-que-ja-disputaram-a-copa-do-mundo-as-ultimas-noticias-do-corinthians\/\"},\"author\":{\"name\":\"Matheus Felipe\",\"@id\":\"https:\/\/www.gaveanews.com\/#\/schema\/person\/8207cd4627f56151707418bfc835b2fb\"},\"headline\":\"Previs\u00e3o de Cicinho, mais uma compra e os jogadores que j\u00e1 disputaram a Copa do Mundo: as \u00faltimas not\u00edcias do Corinthians\",\"datePublished\":\"2025-02-05T22:20:00+00:00\",\"mainEntityOfPage\":{\"@id\":\"https:\/\/www.gaveanews.com\/index.php\/2025\/02\/05\/previsao-de-cicinho-mais-uma-compra-e-os-jogadores-que-ja-disputaram-a-copa-do-mundo-as-ultimas-noticias-do-corinthians\/\"},\"wordCount\":853,\"commentCount\":0,\"image\":{\"@id\":\"https:\/\/www.gaveanews.com\/index.php\/2025\/02\/05\/previsao-de-cicinho-mais-uma-compra-e-os-jogadores-que-ja-disputaram-a-copa-do-mundo-as-ultimas-noticias-do-corinthians\/#primaryimage\"},\"thumbnailUrl\":\"https:\/\/www.gaveanews.com\/wp-content\/uploads\/Escudo-do-Corinthians.webp\",\"articleSection\":[\"Corinthians\"],\"inLanguage\":\"pt-BR\",\"potentialAction\":[{\"@type\":\"CommentAction\",\"name\":\"Comment\",\"target\":[\"https:\/\/www.gaveanews.com\/index.php\/2025\/02\/05\/previsao-de-cicinho-mais-uma-compra-e-os-jogadores-que-ja-disputaram-a-copa-do-mundo-as-ultimas-noticias-do-corinthians\/#respond\"]}],\"copyrightYear\":\"2025\",\"copyrightHolder\":{\"@id\":\"https:\/\/www.gaveanews.com\/#organization\"}},{\"@type\":\"WebPage\",\"@id\":\"https:\/\/www.gaveanews.com\/index.php\/2025\/02\/05\/previsao-de-cicinho-mais-uma-compra-e-os-jogadores-que-ja-disputaram-a-copa-do-mundo-as-ultimas-noticias-do-corinthians\/\",\"url\":\"https:\/\/www.gaveanews.com\/index.php\/2025\/02\/05\/previsao-de-cicinho-mais-uma-compra-e-os-jogadores-que-ja-disputaram-a-copa-do-mundo-as-ultimas-noticias-do-corinthians\/\",\"name\":\"Previs\u00e3o de Cicinho, mais uma compra e os jogadores que j\u00e1 disputaram a Copa do Mundo: as \u00faltimas not\u00edcias do Corinthians\",\"isPartOf\":{\"@id\":\"https:\/\/www.gaveanews.com\/#website\"},\"primaryImageOfPage\":{\"@id\":\"https:\/\/www.gaveanews.com\/index.php\/2025\/02\/05\/previsao-de-cicinho-mais-uma-compra-e-os-jogadores-que-ja-disputaram-a-copa-do-mundo-as-ultimas-noticias-do-corinthians\/#primaryimage\"},\"image\":{\"@id\":\"https:\/\/www.gaveanews.com\/index.php\/2025\/02\/05\/previsao-de-cicinho-mais-uma-compra-e-os-jogadores-que-ja-disputaram-a-copa-do-mundo-as-ultimas-noticias-do-corinthians\/#primaryimage\"},\"thumbnailUrl\":\"https:\/\/www.gaveanews.com\/wp-content\/uploads\/Escudo-do-Corinthians.webp\",\"datePublished\":\"2025-02-05T22:20:00+00:00\",\"author\":{\"@id\":\"https:\/\/www.gaveanews.com\/#\/schema\/person\/8207cd4627f56151707418bfc835b2fb\"},\"breadcrumb\":{\"@id\":\"https:\/\/www.gaveanews.com\/index.php\/2025\/02\/05\/previsao-de-cicinho-mais-uma-compra-e-os-jogadores-que-ja-disputaram-a-copa-do-mundo-as-ultimas-noticias-do-corinthians\/#breadcrumb\"},\"inLanguage\":\"pt-BR\",\"potentialAction\":[{\"@type\":\"ReadAction\",\"target\":[\"https:\/\/www.gaveanews.com\/index.php\/2025\/02\/05\/previsao-de-cicinho-mais-uma-compra-e-os-jogadores-que-ja-disputaram-a-copa-do-mundo-as-ultimas-noticias-do-corinthians\/\"]}]},{\"@type\":\"ImageObject\",\"inLanguage\":\"pt-BR\",\"@id\":\"https:\/\/www.gaveanews.com\/index.php\/2025\/02\/05\/previsao-de-cicinho-mais-uma-compra-e-os-jogadores-que-ja-disputaram-a-copa-do-mundo-as-ultimas-noticias-do-corinthians\/#primaryimage\",\"url\":\"https:\/\/www.gaveanews.com\/wp-content\/uploads\/Escudo-do-Corinthians.webp\",\"contentUrl\":\"https:\/\/www.gaveanews.com\/wp-content\/uploads\/Escudo-do-Corinthians.webp\",\"width\":1000,\"height\":667,\"caption\":\"Escudo do Corinthians (Foto Reprodu\u00e7\u00e3o\/Instagram)\"},{\"@type\":\"BreadcrumbList\",\"@id\":\"https:\/\/www.gaveanews.com\/index.php\/2025\/02\/05\/previsao-de-cicinho-mais-uma-compra-e-os-jogadores-que-ja-disputaram-a-copa-do-mundo-as-ultimas-noticias-do-corinthians\/#breadcrumb\",\"itemListElement\":[{\"@type\":\"ListItem\",\"position\":1,\"name\":\"Home\",\"item\":\"https:\/\/www.gaveanews.com\/\"},{\"@type\":\"ListItem\",\"position\":2,\"name\":\"Previs\u00e3o de Cicinho, mais uma compra e os jogadores que j\u00e1 disputaram a Copa do Mundo: as \u00faltimas not\u00edcias do Corinthians\"}]},{\"@type\":\"WebSite\",\"@id\":\"https:\/\/www.gaveanews.com\/#website\",\"url\":\"https:\/\/www.gaveanews.com\/\",\"name\":\"G\u00e1vea News\",\"description\":\"Veja todas as not\u00edcias sobre o Flamengo: Contrata\u00e7\u00f5es, categorias de base, resultados das partidas, tabela de classifica\u00e7\u00e3o, pr\u00f3ximos jogos!\",\"potentialAction\":[{\"@type\":\"SearchAction\",\"target\":{\"@type\":\"EntryPoint\",\"urlTemplate\":\"https:\/\/www.gaveanews.com\/?s={search_term_string}\"},\"query-input\":{\"@type\":\"PropertyValueSpecification\",\"valueRequired\":true,\"valueName\":\"search_term_string\"}}],\"inLanguage\":\"pt-BR\"},{\"@type\":\"Person\",\"@id\":\"https:\/\/www.gaveanews.com\/#\/schema\/person\/8207cd4627f56151707418bfc835b2fb\",\"name\":\"Matheus Felipe\",\"image\":{\"@type\":\"ImageObject\",\"inLanguage\":\"pt-BR\",\"@id\":\"https:\/\/www.gaveanews.com\/#\/schema\/person\/image\/\",\"url\":\"https:\/\/secure.gravatar.com\/avatar\/a452ffbed9130f726358b298bb3a99ce4bd3c5338411f8440e87e14d74c7c087?s=96&d=mm&r=g\",\"contentUrl\":\"https:\/\/secure.gravatar.com\/avatar\/a452ffbed9130f726358b298bb3a99ce4bd3c5338411f8440e87e14d74c7c087?s=96&d=mm&r=g\",\"caption\":\"Matheus Felipe\"}}]}<\/script>\n<!-- \/ Yoast SEO Premium plugin. -->","yoast_head_json":{"title":"Previs\u00e3o de Cicinho, mais uma compra e os jogadores que j\u00e1 disputaram a Copa do Mundo: as \u00faltimas not\u00edcias do Corinthians","robots":{"index":"index","follow":"follow","max-snippet":"max-snippet:-1","max-image-preview":"max-image-preview:large","max-video-preview":"max-video-preview:-1"},"canonical":"https:\/\/www.gaveanews.com\/index.php\/2025\/02\/05\/previsao-de-cicinho-mais-uma-compra-e-os-jogadores-que-ja-disputaram-a-copa-do-mundo-as-ultimas-noticias-do-corinthians\/","og_locale":"pt_BR","og_type":"article","og_title":"Previs\u00e3o de Cicinho, mais uma compra e os jogadores que j\u00e1 disputaram a Copa do Mundo: as \u00faltimas not\u00edcias do Corinthians","og_description":"Nas \u00faltimas horas, o foco das not\u00edcias sobre o Corinthians se concentram nos bastidores do clube, com destaques do dia a dia do time. Por conta deste contexto, leia abaixo um resumo preparado pela equipe do portal G\u00e1vea News para lhe manter muito bem informado! Os jogadores que j\u00e1 disputaram a Copa do Mundo O [&hellip;]","og_url":"https:\/\/www.gaveanews.com\/index.php\/2025\/02\/05\/previsao-de-cicinho-mais-uma-compra-e-os-jogadores-que-ja-disputaram-a-copa-do-mundo-as-ultimas-noticias-do-corinthians\/","og_site_name":"G\u00e1vea News","article_publisher":"https:\/\/facebook.com\/gaveaNews\/","article_published_time":"2025-02-05T22:20:00+00:00","og_image":[{"width":1000,"height":667,"url":"https:\/\/www.gaveanews.com\/wp-content\/uploads\/Escudo-do-Corinthians.webp","type":"image\/webp"}],"author":"Matheus Felipe","twitter_card":"summary_large_image","twitter_misc":{"Escrito por":"Matheus Felipe","Est. tempo de leitura":"5 minutos"},"schema":{"@context":"https:\/\/schema.org","@graph":[{"@type":"NewsArticle","@id":"https:\/\/www.gaveanews.com\/index.php\/2025\/02\/05\/previsao-de-cicinho-mais-uma-compra-e-os-jogadores-que-ja-disputaram-a-copa-do-mundo-as-ultimas-noticias-do-corinthians\/#article","isPartOf":{"@id":"https:\/\/www.gaveanews.com\/index.php\/2025\/02\/05\/previsao-de-cicinho-mais-uma-compra-e-os-jogadores-que-ja-disputaram-a-copa-do-mundo-as-ultimas-noticias-do-corinthians\/"},"author":{"name":"Matheus Felipe","@id":"https:\/\/www.gaveanews.com\/#\/schema\/person\/8207cd4627f56151707418bfc835b2fb"},"headline":"Previs\u00e3o de Cicinho, mais uma compra e os jogadores que j\u00e1 disputaram a Copa do Mundo: as \u00faltimas not\u00edcias do Corinthians","datePublished":"2025-02-05T22:20:00+00:00","mainEntityOfPage":{"@id":"https:\/\/www.gaveanews.com\/index.php\/2025\/02\/05\/previsao-de-cicinho-mais-uma-compra-e-os-jogadores-que-ja-disputaram-a-copa-do-mundo-as-ultimas-noticias-do-corinthians\/"},"wordCount":853,"commentCount":0,"image":{"@id":"https:\/\/www.gaveanews.com\/index.php\/2025\/02\/05\/previsao-de-cicinho-mais-uma-compra-e-os-jogadores-que-ja-disputaram-a-copa-do-mundo-as-ultimas-noticias-do-corinthians\/#primaryimage"},"thumbnailUrl":"https:\/\/www.gaveanews.com\/wp-content\/uploads\/Escudo-do-Corinthians.webp","articleSection":["Corinthians"],"inLanguage":"pt-BR","potentialAction":[{"@type":"CommentAction","name":"Comment","target":["https:\/\/www.gaveanews.com\/index.php\/2025\/02\/05\/previsao-de-cicinho-mais-uma-compra-e-os-jogadores-que-ja-disputaram-a-copa-do-mundo-as-ultimas-noticias-do-corinthians\/#respond"]}],"copyrightYear":"2025","copyrightHolder":{"@id":"https:\/\/www.gaveanews.com\/#organization"}},{"@type":"WebPage","@id":"https:\/\/www.gaveanews.com\/index.php\/2025\/02\/05\/previsao-de-cicinho-mais-uma-compra-e-os-jogadores-que-ja-disputaram-a-copa-do-mundo-as-ultimas-noticias-do-corinthians\/","url":"https:\/\/www.gaveanews.com\/index.php\/2025\/02\/05\/previsao-de-cicinho-mais-uma-compra-e-os-jogadores-que-ja-disputaram-a-copa-do-mundo-as-ultimas-noticias-do-corinthians\/","name":"Previs\u00e3o de Cicinho, mais uma compra e os jogadores que j\u00e1 disputaram a Copa do Mundo: as \u00faltimas not\u00edcias do Corinthians","isPartOf":{"@id":"https:\/\/www.gaveanews.com\/#website"},"primaryImageOfPage":{"@id":"https:\/\/www.gaveanews.com\/index.php\/2025\/02\/05\/previsao-de-cicinho-mais-uma-compra-e-os-jogadores-que-ja-disputaram-a-copa-do-mundo-as-ultimas-noticias-do-corinthians\/#primaryimage"},"image":{"@id":"https:\/\/www.gaveanews.com\/index.php\/2025\/02\/05\/previsao-de-cicinho-mais-uma-compra-e-os-jogadores-que-ja-disputaram-a-copa-do-mundo-as-ultimas-noticias-do-corinthians\/#primaryimage"},"thumbnailUrl":"https:\/\/www.gaveanews.com\/wp-content\/uploads\/Escudo-do-Corinthians.webp","datePublished":"2025-02-05T22:20:00+00:00","author":{"@id":"https:\/\/www.gaveanews.com\/#\/schema\/person\/8207cd4627f56151707418bfc835b2fb"},"breadcrumb":{"@id":"https:\/\/www.gaveanews.com\/index.php\/2025\/02\/05\/previsao-de-cicinho-mais-uma-compra-e-os-jogadores-que-ja-disputaram-a-copa-do-mundo-as-ultimas-noticias-do-corinthians\/#breadcrumb"},"inLanguage":"pt-BR","potentialAction":[{"@type":"ReadAction","target":["https:\/\/www.gaveanews.com\/index.php\/2025\/02\/05\/previsao-de-cicinho-mais-uma-compra-e-os-jogadores-que-ja-disputaram-a-copa-do-mundo-as-ultimas-noticias-do-corinthians\/"]}]},{"@type":"ImageObject","inLanguage":"pt-BR","@id":"https:\/\/www.gaveanews.com\/index.php\/2025\/02\/05\/previsao-de-cicinho-mais-uma-compra-e-os-jogadores-que-ja-disputaram-a-copa-do-mundo-as-ultimas-noticias-do-corinthians\/#primaryimage","url":"https:\/\/www.gaveanews.com\/wp-content\/uploads\/Escudo-do-Corinthians.webp","contentUrl":"https:\/\/www.gaveanews.com\/wp-content\/uploads\/Escudo-do-Corinthians.webp","width":1000,"height":667,"caption":"Escudo do Corinthians (Foto Reprodu\u00e7\u00e3o\/Instagram)"},{"@type":"BreadcrumbList","@id":"https:\/\/www.gaveanews.com\/index.php\/2025\/02\/05\/previsao-de-cicinho-mais-uma-compra-e-os-jogadores-que-ja-disputaram-a-copa-do-mundo-as-ultimas-noticias-do-corinthians\/#breadcrumb","itemListElement":[{"@type":"ListItem","position":1,"name":"Home","item":"https:\/\/www.gaveanews.com\/"},{"@type":"ListItem","position":2,"name":"Previs\u00e3o de Cicinho, mais uma compra e os jogadores que j\u00e1 disputaram a Copa do Mundo: as \u00faltimas not\u00edcias do Corinthians"}]},{"@type":"WebSite","@id":"https:\/\/www.gaveanews.com\/#website","url":"https:\/\/www.gaveanews.com\/","name":"G\u00e1vea News","description":"Veja todas as not\u00edcias sobre o Flamengo: Contrata\u00e7\u00f5es, categorias de base, resultados das partidas, tabela de classifica\u00e7\u00e3o, pr\u00f3ximos jogos!","potentialAction":[{"@type":"SearchAction","target":{"@type":"EntryPoint","urlTemplate":"https:\/\/www.gaveanews.com\/?s={search_term_string}"},"query-input":{"@type":"PropertyValueSpecification","valueRequired":true,"valueName":"search_term_string"}}],"inLanguage":"pt-BR"},{"@type":"Person","@id":"https:\/\/www.gaveanews.com\/#\/schema\/person\/8207cd4627f56151707418bfc835b2fb","name":"Matheus Felipe","image":{"@type":"ImageObject","inLanguage":"pt-BR","@id":"https:\/\/www.gaveanews.com\/#\/schema\/person\/image\/","url":"https:\/\/secure.gravatar.com\/avatar\/a452ffbed9130f726358b298bb3a99ce4bd3c5338411f8440e87e14d74c7c087?s=96&d=mm&r=g","contentUrl":"https:\/\/secure.gravatar.com\/avatar\/a452ffbed9130f726358b298bb3a99ce4bd3c5338411f8440e87e14d74c7c087?s=96&d=mm&r=g","caption":"Matheus Felipe"}}]}},"_links":{"self":[{"href":"https:\/\/www.gaveanews.com\/index.php\/wp-json\/wp\/v2\/posts\/223768","targetHints":{"allow":["GET"]}}],"collection":[{"href":"https:\/\/www.gaveanews.com\/index.php\/wp-json\/wp\/v2\/posts"}],"about":[{"href":"https:\/\/www.gaveanews.com\/index.php\/wp-json\/wp\/v2\/types\/post"}],"author":[{"embeddable":true,"href":"https:\/\/www.gaveanews.com\/index.php\/wp-json\/wp\/v2\/users\/27"}],"replies":[{"embeddable":true,"href":"https:\/\/www.gaveanews.com\/index.php\/wp-json\/wp\/v2\/comments?post=223768"}],"version-history":[{"count":1,"href":"https:\/\/www.gaveanews.com\/index.php\/wp-json\/wp\/v2\/posts\/223768\/revisions"}],"predecessor-version":[{"id":223834,"href":"https:\/\/www.gaveanews.com\/index.php\/wp-json\/wp\/v2\/posts\/223768\/revisions\/223834"}],"wp:featuredmedia":[{"embeddable":true,"href":"https:\/\/www.gaveanews.com\/index.php\/wp-json\/wp\/v2\/media\/146951"}],"wp:attachment":[{"href":"https:\/\/www.gaveanews.com\/index.php\/wp-json\/wp\/v2\/media?parent=223768"}],"wp:term":[{"taxonomy":"category","embeddable":true,"href":"https:\/\/www.gaveanews.com\/index.php\/wp-json\/wp\/v2\/categories?post=223768"},{"taxonomy":"post_tag","embeddable":true,"href":"https:\/\/www.gaveanews.com\/index.php\/wp-json\/wp\/v2\/tags?post=223768"}],"curies":[{"name":"wp","href":"https:\/\/api.w.org\/{rel}","templated":true}]}}