{"id":223772,"date":"2025-02-05T19:25:00","date_gmt":"2025-02-05T22:25:00","guid":{"rendered":"https:\/\/www.gaveanews.com\/?p=223772"},"modified":"2025-02-05T18:40:06","modified_gmt":"2025-02-05T21:40:06","slug":"situacao-de-valencia-previsao-de-milton-neves-e-os-jogadores-que-ja-disputaram-a-copa-do-mundo-as-ultimas-noticias-do-palmeiras","status":"publish","type":"post","link":"https:\/\/www.gaveanews.com\/index.php\/2025\/02\/05\/situacao-de-valencia-previsao-de-milton-neves-e-os-jogadores-que-ja-disputaram-a-copa-do-mundo-as-ultimas-noticias-do-palmeiras\/","title":{"rendered":"Situa\u00e7\u00e3o de Valencia, previs\u00e3o de Milton Neves e os jogadores que j\u00e1 disputaram a Copa do Mundo: as \u00faltimas not\u00edcias do Palmeiras"},"content":{"rendered":"\n<p>Nas \u00faltimas horas, o foco das not\u00edcias sobre o Palmeiras se concentram nos bastidores do clube, com destaques do dia a dia do time.<\/p>\n\n\n\n<p>Por conta deste contexto, leia abaixo um resumo preparado pela equipe do portal G\u00e1vea News para lhe manter muito bem informado!<\/p>\n\n\n\n<h2 class=\"wp-block-heading\" id=\"h-os-jogadores-que-ja-disputaram-a-copa-do-mundo\">Os jogadores que j\u00e1 disputaram a Copa do Mundo<\/h2>\n\n\n\n<p>O Campeonato Brasileiro de 2025 contar\u00e1 com diversos jogadores experientes que j\u00e1 disputaram a Copa do Mundo. Entre os destaques est\u00e1 Philippe Coutinho, do Vasco, que brilhou na edi\u00e7\u00e3o de 2018 com dois gols e duas assist\u00eancias. No Bahia, \u00c9verton Ribeiro tamb\u00e9m esteve presente no Mundial de 2022, enquanto Fagner, agora no Cruzeiro, foi titular da Sele\u00e7\u00e3o Brasileira em 2018 ap\u00f3s a les\u00e3o de Danilo. J\u00e1 Weverton, goleiro do Palmeiras, integrou o grupo do Brasil em 2022 e entrou em campo na goleada sobre a Coreia do Sul <a href=\"https:\/\/www.gaveanews.com\/index.php\/2025\/02\/04\/philippe-coutinho-everton-ribeiro-fagner-weverton-luiz-gustavo-plata-canobbio-os-jogadores-do-brasileirao-2025-que-ja-disputaram-a-copa-do-mundo\/\">(leia a mat\u00e9ria completa).<\/a><\/p>\n\n\n\n<figure class=\"wp-block-image size-full\"><img loading=\"lazy\" decoding=\"async\" width=\"799\" height=\"533\" src=\"http:\/\/www.gaveanews.com\/wp-content\/uploads\/Philippe-Coutinho-durante-apresentacao-ao-Vasco-da-Gama-em-Sao-Januario.webp\" alt=\"\" class=\"wp-image-153282\" srcset=\"https:\/\/www.gaveanews.com\/wp-content\/uploads\/Philippe-Coutinho-durante-apresentacao-ao-Vasco-da-Gama-em-Sao-Januario.webp 799w, https:\/\/www.gaveanews.com\/wp-content\/uploads\/Philippe-Coutinho-durante-apresentacao-ao-Vasco-da-Gama-em-Sao-Januario-300x200.webp 300w, https:\/\/www.gaveanews.com\/wp-content\/uploads\/Philippe-Coutinho-durante-apresentacao-ao-Vasco-da-Gama-em-Sao-Januario-768x512.webp 768w, https:\/\/www.gaveanews.com\/wp-content\/uploads\/Philippe-Coutinho-durante-apresentacao-ao-Vasco-da-Gama-em-Sao-Januario-630x420.webp 630w, https:\/\/www.gaveanews.com\/wp-content\/uploads\/Philippe-Coutinho-durante-apresentacao-ao-Vasco-da-Gama-em-Sao-Januario-640x427.webp 640w, https:\/\/www.gaveanews.com\/wp-content\/uploads\/Philippe-Coutinho-durante-apresentacao-ao-Vasco-da-Gama-em-Sao-Januario-681x454.webp 681w, https:\/\/www.gaveanews.com\/wp-content\/uploads\/Philippe-Coutinho-durante-apresentacao-ao-Vasco-da-Gama-em-Sao-Januario-100x67.webp 100w\" sizes=\"auto, (max-width: 799px) 100vw, 799px\" \/><figcaption class=\"wp-element-caption\">Philippe Coutinho durante apresenta\u00e7\u00e3o ao Vasco da Gama em S\u00e3o Janu\u00e1rio (Foto: Reprodu\u00e7\u00e3o\/Vasco)<\/figcaption><\/figure>\n\n\n\n<p>Al\u00e9m dos brasileiros, outros estrangeiros no Brasileir\u00e3o tamb\u00e9m trazem a experi\u00eancia de Copa do Mundo. O atacante equatoriano Gonzalo Plata, do Flamengo, jogou todas as partidas da fase de grupos do Mundial de 2022. <\/p>\n\n\n\n<p>Seu compatriota Alan Franco, volante do Atl\u00e9tico-MG, tamb\u00e9m esteve presente na campanha do Equador. Pelo Fluminense, Agust\u00edn Canobbio representou o Uruguai no mesmo torneio, entrando nos minutos finais da vit\u00f3ria sobre Gana.<\/p>\n\n\n\n<p>A presen\u00e7a desses jogadores refor\u00e7a a competitividade do Brasileir\u00e3o, trazendo um alto n\u00edvel t\u00e9cnico \u00e0 competi\u00e7\u00e3o. Com passagens pelo maior torneio de sele\u00e7\u00f5es do mundo, esses atletas carregam uma bagagem importante e podem fazer a diferen\u00e7a para suas equipes na busca por t\u00edtulos na temporada de 2025.<\/p>\n\n\n\n<h2 class=\"wp-block-heading\" id=\"h-previsao-de-milton-neves\">Previs\u00e3o de Milton Neves<\/h2>\n\n\n\n<p>O comentarista Milton Neves apontou o Palmeiras como favorito para o cl\u00e1ssico contra o Corinthians, marcado para a pr\u00f3xima quinta-feira (6), pelo Campeonato Paulista. Em sua coluna no <em>UOL Esporte<\/em>, ele destacou que a vit\u00f3ria do Verd\u00e3o sobre o Guarani sinaliza uma recupera\u00e7\u00e3o da equipe, que vinha de atua\u00e7\u00f5es abaixo do esperado. Para Neves, o time de Abel Ferreira chega embalado para o D\u00e9rbi, tornando o confronto ainda mais desafiador para o rival alvinegro <strong><a href=\"https:\/\/www.gaveanews.com\/index.php\/2025\/02\/03\/palmeiras-x-corinthians-milton-neves-aponta-favorito-no-classico\/\">(leia a mat\u00e9ria completa).<\/a><\/strong><\/p>\n\n\n\n<figure class=\"wp-block-image size-large\"><img loading=\"lazy\" decoding=\"async\" width=\"1024\" height=\"576\" src=\"http:\/\/www.gaveanews.com\/wp-content\/uploads\/Milton-Neves-durante-a-programacao-da-Bandeirantes-1024x576.webp\" alt=\"\" class=\"wp-image-166659\" srcset=\"https:\/\/www.gaveanews.com\/wp-content\/uploads\/Milton-Neves-durante-a-programacao-da-Bandeirantes-1024x576.webp 1024w, https:\/\/www.gaveanews.com\/wp-content\/uploads\/Milton-Neves-durante-a-programacao-da-Bandeirantes-300x169.webp 300w, https:\/\/www.gaveanews.com\/wp-content\/uploads\/Milton-Neves-durante-a-programacao-da-Bandeirantes-768x432.webp 768w, https:\/\/www.gaveanews.com\/wp-content\/uploads\/Milton-Neves-durante-a-programacao-da-Bandeirantes-747x420.webp 747w, https:\/\/www.gaveanews.com\/wp-content\/uploads\/Milton-Neves-durante-a-programacao-da-Bandeirantes-1493x840.webp 1493w, https:\/\/www.gaveanews.com\/wp-content\/uploads\/Milton-Neves-durante-a-programacao-da-Bandeirantes-640x360.webp 640w, https:\/\/www.gaveanews.com\/wp-content\/uploads\/Milton-Neves-durante-a-programacao-da-Bandeirantes-1280x720.webp 1280w, https:\/\/www.gaveanews.com\/wp-content\/uploads\/Milton-Neves-durante-a-programacao-da-Bandeirantes-681x383.webp 681w, https:\/\/www.gaveanews.com\/wp-content\/uploads\/Milton-Neves-durante-a-programacao-da-Bandeirantes-1362x766.webp 1362w, https:\/\/www.gaveanews.com\/wp-content\/uploads\/Milton-Neves-durante-a-programacao-da-Bandeirantes-100x56.webp 100w, https:\/\/www.gaveanews.com\/wp-content\/uploads\/Milton-Neves-durante-a-programacao-da-Bandeirantes.webp 1536w\" sizes=\"auto, (max-width: 1024px) 100vw, 1024px\" \/><figcaption class=\"wp-element-caption\">Milton Neves durante a programa\u00e7\u00e3o da Bandeirantes (Foto: Reprodu\u00e7\u00e3o\/Bandeirantes)<\/figcaption><\/figure>\n\n\n\n<p>Al\u00e9m de elogiar a evolu\u00e7\u00e3o do Palmeiras, Milton Neves exaltou o jovem Est\u00eav\u00e3o, de 17 anos, que tem sido pe\u00e7a fundamental no time. O comentarista acredita que o talento do atacante pode atrair gigantes europeus como Manchester City e Real Madrid, afirmando que o Chelsea, atual interessado, pode n\u00e3o ser um destino \u00e0 altura de seu potencial. A expectativa \u00e9 que o jogador tenha papel importante no cl\u00e1ssico contra o Corinthians.<\/p>\n\n\n\n<p>O hist\u00f3rico recente do confronto tamb\u00e9m favorece o Verd\u00e3o, que n\u00e3o perde para o Corinthians como mandante desde 2019. Nos \u00faltimos nove jogos entre as equipes no Allianz Parque ou na Arena Barueri, foram cinco vit\u00f3rias palmeirenses e quatro empates. Com isso, o Palmeiras busca ampliar sua invencibilidade diante do maior rival, enquanto o Tim\u00e3o tentar\u00e1 quebrar esse tabu e surpreender fora de casa.<\/p>\n\n\n\n<h2 class=\"wp-block-heading\" id=\"h-situacao-de-valencia\">Situa\u00e7\u00e3o de Valencia<\/h2>\n\n\n\n<p>O Palmeiras segue em busca de um centroavante para refor\u00e7ar seu elenco, e o nome de Enner Valencia, do Internacional, surgiu como uma op\u00e7\u00e3o interessante. Atendendo a um pedido de Abel Ferreira, o clube iniciou contatos com o Colorado para avaliar a viabilidade da negocia\u00e7\u00e3o. Atualmente, o \u00fanico atacante de \u00e1rea dispon\u00edvel no elenco alviverde \u00e9 Flaco L\u00f3pez, o que refor\u00e7a a necessidade de um refor\u00e7o para a posi\u00e7\u00e3o <strong><a href=\"https:\/\/www.gaveanews.com\/index.php\/2025\/02\/04\/com-aval-de-abel-ferreira-palmeiras-vai-buscar-atacante-no-internacional\/\">(leia a mat\u00e9ria completa).<\/a><\/strong><\/p>\n\n\n\n<figure class=\"wp-block-image size-full\"><img loading=\"lazy\" decoding=\"async\" width=\"900\" height=\"500\" src=\"http:\/\/www.gaveanews.com\/wp-content\/uploads\/Enner-Valencia-pelo-Internacional.webp\" alt=\"\" class=\"wp-image-167605\" srcset=\"https:\/\/www.gaveanews.com\/wp-content\/uploads\/Enner-Valencia-pelo-Internacional.webp 900w, https:\/\/www.gaveanews.com\/wp-content\/uploads\/Enner-Valencia-pelo-Internacional-300x167.webp 300w, https:\/\/www.gaveanews.com\/wp-content\/uploads\/Enner-Valencia-pelo-Internacional-768x427.webp 768w, https:\/\/www.gaveanews.com\/wp-content\/uploads\/Enner-Valencia-pelo-Internacional-756x420.webp 756w, https:\/\/www.gaveanews.com\/wp-content\/uploads\/Enner-Valencia-pelo-Internacional-640x356.webp 640w, https:\/\/www.gaveanews.com\/wp-content\/uploads\/Enner-Valencia-pelo-Internacional-681x378.webp 681w, https:\/\/www.gaveanews.com\/wp-content\/uploads\/Enner-Valencia-pelo-Internacional-100x56.webp 100w\" sizes=\"auto, (max-width: 900px) 100vw, 900px\" \/><figcaption class=\"wp-element-caption\">Enner Valencia pelo Internacional (Foto: Ricardo Duarte\/Internacional)<\/figcaption><\/figure>\n\n\n\n<p>Nos bastidores, h\u00e1 a possibilidade de um abatimento de d\u00edvida entre os clubes como parte do acordo, facilitando a transfer\u00eancia do equatoriano. Valencia tem contrato com o Internacional at\u00e9 2026 e est\u00e1 avaliado em aproximadamente 2 milh\u00f5es de euros, um valor acess\u00edvel para os padr\u00f5es do Palmeiras. No entanto, a diretoria ainda analisa outras op\u00e7\u00f5es no mercado antes de definir seu alvo principal.<\/p>\n\n\n\n<p>Al\u00e9m de Valencia, Rafael Borr\u00e9 tamb\u00e9m tem sido especulado como alternativa para o ataque palmeirense. Enquanto Borr\u00e9 \u00e9 um centroavante de \u00e1rea com hist\u00f3rico goleador, Valencia se destaca por sua movimenta\u00e7\u00e3o e versatilidade ofensiva. O Verd\u00e3o tamb\u00e9m monitora a situa\u00e7\u00e3o de Vitor Roque, do Barcelona, mas o jovem atacante demonstra interesse em permanecer na Europa. Com a janela de transfer\u00eancias se aproximando, o clube avalia suas op\u00e7\u00f5es para garantir um refor\u00e7o de peso no setor ofensivo.<\/p>\n","protected":false},"excerpt":{"rendered":"<p>Nas \u00faltimas horas, o foco das not\u00edcias sobre o Palmeiras se concentram nos bastidores do clube, com destaques do dia a dia do time. Por conta deste contexto, leia abaixo um resumo preparado pela equipe do portal G\u00e1vea News para lhe manter muito bem informado! Os jogadores que j\u00e1 disputaram a Copa do Mundo O [&hellip;]<\/p>\n","protected":false},"author":27,"featured_media":152159,"comment_status":"open","ping_status":"closed","sticky":false,"template":"","format":"standard","meta":{"footnotes":""},"categories":[150],"tags":[],"class_list":["post-223772","post","type-post","status-publish","format-standard","has-post-thumbnail","hentry","category-palmeiras"],"yoast_head":"<!-- This site is optimized with the Yoast SEO Premium plugin v24.2 (Yoast SEO v26.9) - https:\/\/yoast.com\/product\/yoast-seo-premium-wordpress\/ -->\n<title>Situa\u00e7\u00e3o de Valencia, previs\u00e3o de Milton Neves e os jogadores que j\u00e1 disputaram a Copa do Mundo: as \u00faltimas not\u00edcias do Palmeiras<\/title>\n<meta name=\"robots\" content=\"index, follow, max-snippet:-1, max-image-preview:large, max-video-preview:-1\" \/>\n<link rel=\"canonical\" href=\"https:\/\/www.gaveanews.com\/index.php\/2025\/02\/05\/situacao-de-valencia-previsao-de-milton-neves-e-os-jogadores-que-ja-disputaram-a-copa-do-mundo-as-ultimas-noticias-do-palmeiras\/\" \/>\n<meta property=\"og:locale\" content=\"pt_BR\" \/>\n<meta property=\"og:type\" content=\"article\" \/>\n<meta property=\"og:title\" content=\"Situa\u00e7\u00e3o de Valencia, previs\u00e3o de Milton Neves e os jogadores que j\u00e1 disputaram a Copa do Mundo: as \u00faltimas not\u00edcias do Palmeiras\" \/>\n<meta property=\"og:description\" content=\"Nas \u00faltimas horas, o foco das not\u00edcias sobre o Palmeiras se concentram nos bastidores do clube, com destaques do dia a dia do time. Por conta deste contexto, leia abaixo um resumo preparado pela equipe do portal G\u00e1vea News para lhe manter muito bem informado! Os jogadores que j\u00e1 disputaram a Copa do Mundo O [&hellip;]\" \/>\n<meta property=\"og:url\" content=\"https:\/\/www.gaveanews.com\/index.php\/2025\/02\/05\/situacao-de-valencia-previsao-de-milton-neves-e-os-jogadores-que-ja-disputaram-a-copa-do-mundo-as-ultimas-noticias-do-palmeiras\/\" \/>\n<meta property=\"og:site_name\" content=\"G\u00e1vea News\" \/>\n<meta property=\"article:publisher\" content=\"https:\/\/facebook.com\/gaveaNews\/\" \/>\n<meta property=\"article:published_time\" content=\"2025-02-05T22:25:00+00:00\" \/>\n<meta property=\"og:image\" content=\"https:\/\/www.gaveanews.com\/wp-content\/uploads\/Escudo-do-Palmeiras.webp\" \/>\n\t<meta property=\"og:image:width\" content=\"1000\" \/>\n\t<meta property=\"og:image:height\" content=\"667\" \/>\n\t<meta property=\"og:image:type\" content=\"image\/webp\" \/>\n<meta name=\"author\" content=\"Matheus Felipe\" \/>\n<meta name=\"twitter:card\" content=\"summary_large_image\" \/>\n<meta name=\"twitter:label1\" content=\"Escrito por\" \/>\n\t<meta name=\"twitter:data1\" content=\"Matheus Felipe\" \/>\n\t<meta name=\"twitter:label2\" content=\"Est. tempo de leitura\" \/>\n\t<meta name=\"twitter:data2\" content=\"5 minutos\" \/>\n<script type=\"application\/ld+json\" class=\"yoast-schema-graph\">{\"@context\":\"https:\/\/schema.org\",\"@graph\":[{\"@type\":\"NewsArticle\",\"@id\":\"https:\/\/www.gaveanews.com\/index.php\/2025\/02\/05\/situacao-de-valencia-previsao-de-milton-neves-e-os-jogadores-que-ja-disputaram-a-copa-do-mundo-as-ultimas-noticias-do-palmeiras\/#article\",\"isPartOf\":{\"@id\":\"https:\/\/www.gaveanews.com\/index.php\/2025\/02\/05\/situacao-de-valencia-previsao-de-milton-neves-e-os-jogadores-que-ja-disputaram-a-copa-do-mundo-as-ultimas-noticias-do-palmeiras\/\"},\"author\":{\"name\":\"Matheus Felipe\",\"@id\":\"https:\/\/www.gaveanews.com\/#\/schema\/person\/8207cd4627f56151707418bfc835b2fb\"},\"headline\":\"Situa\u00e7\u00e3o de Valencia, previs\u00e3o de Milton Neves e os jogadores que j\u00e1 disputaram a Copa do Mundo: as \u00faltimas not\u00edcias do Palmeiras\",\"datePublished\":\"2025-02-05T22:25:00+00:00\",\"mainEntityOfPage\":{\"@id\":\"https:\/\/www.gaveanews.com\/index.php\/2025\/02\/05\/situacao-de-valencia-previsao-de-milton-neves-e-os-jogadores-que-ja-disputaram-a-copa-do-mundo-as-ultimas-noticias-do-palmeiras\/\"},\"wordCount\":811,\"commentCount\":0,\"image\":{\"@id\":\"https:\/\/www.gaveanews.com\/index.php\/2025\/02\/05\/situacao-de-valencia-previsao-de-milton-neves-e-os-jogadores-que-ja-disputaram-a-copa-do-mundo-as-ultimas-noticias-do-palmeiras\/#primaryimage\"},\"thumbnailUrl\":\"https:\/\/www.gaveanews.com\/wp-content\/uploads\/Escudo-do-Palmeiras.webp\",\"articleSection\":[\"Palmeiras\"],\"inLanguage\":\"pt-BR\",\"potentialAction\":[{\"@type\":\"CommentAction\",\"name\":\"Comment\",\"target\":[\"https:\/\/www.gaveanews.com\/index.php\/2025\/02\/05\/situacao-de-valencia-previsao-de-milton-neves-e-os-jogadores-que-ja-disputaram-a-copa-do-mundo-as-ultimas-noticias-do-palmeiras\/#respond\"]}],\"copyrightYear\":\"2025\",\"copyrightHolder\":{\"@id\":\"https:\/\/www.gaveanews.com\/#organization\"}},{\"@type\":\"WebPage\",\"@id\":\"https:\/\/www.gaveanews.com\/index.php\/2025\/02\/05\/situacao-de-valencia-previsao-de-milton-neves-e-os-jogadores-que-ja-disputaram-a-copa-do-mundo-as-ultimas-noticias-do-palmeiras\/\",\"url\":\"https:\/\/www.gaveanews.com\/index.php\/2025\/02\/05\/situacao-de-valencia-previsao-de-milton-neves-e-os-jogadores-que-ja-disputaram-a-copa-do-mundo-as-ultimas-noticias-do-palmeiras\/\",\"name\":\"Situa\u00e7\u00e3o de Valencia, previs\u00e3o de Milton Neves e os jogadores que j\u00e1 disputaram a Copa do Mundo: as \u00faltimas not\u00edcias do Palmeiras\",\"isPartOf\":{\"@id\":\"https:\/\/www.gaveanews.com\/#website\"},\"primaryImageOfPage\":{\"@id\":\"https:\/\/www.gaveanews.com\/index.php\/2025\/02\/05\/situacao-de-valencia-previsao-de-milton-neves-e-os-jogadores-que-ja-disputaram-a-copa-do-mundo-as-ultimas-noticias-do-palmeiras\/#primaryimage\"},\"image\":{\"@id\":\"https:\/\/www.gaveanews.com\/index.php\/2025\/02\/05\/situacao-de-valencia-previsao-de-milton-neves-e-os-jogadores-que-ja-disputaram-a-copa-do-mundo-as-ultimas-noticias-do-palmeiras\/#primaryimage\"},\"thumbnailUrl\":\"https:\/\/www.gaveanews.com\/wp-content\/uploads\/Escudo-do-Palmeiras.webp\",\"datePublished\":\"2025-02-05T22:25:00+00:00\",\"author\":{\"@id\":\"https:\/\/www.gaveanews.com\/#\/schema\/person\/8207cd4627f56151707418bfc835b2fb\"},\"breadcrumb\":{\"@id\":\"https:\/\/www.gaveanews.com\/index.php\/2025\/02\/05\/situacao-de-valencia-previsao-de-milton-neves-e-os-jogadores-que-ja-disputaram-a-copa-do-mundo-as-ultimas-noticias-do-palmeiras\/#breadcrumb\"},\"inLanguage\":\"pt-BR\",\"potentialAction\":[{\"@type\":\"ReadAction\",\"target\":[\"https:\/\/www.gaveanews.com\/index.php\/2025\/02\/05\/situacao-de-valencia-previsao-de-milton-neves-e-os-jogadores-que-ja-disputaram-a-copa-do-mundo-as-ultimas-noticias-do-palmeiras\/\"]}]},{\"@type\":\"ImageObject\",\"inLanguage\":\"pt-BR\",\"@id\":\"https:\/\/www.gaveanews.com\/index.php\/2025\/02\/05\/situacao-de-valencia-previsao-de-milton-neves-e-os-jogadores-que-ja-disputaram-a-copa-do-mundo-as-ultimas-noticias-do-palmeiras\/#primaryimage\",\"url\":\"https:\/\/www.gaveanews.com\/wp-content\/uploads\/Escudo-do-Palmeiras.webp\",\"contentUrl\":\"https:\/\/www.gaveanews.com\/wp-content\/uploads\/Escudo-do-Palmeiras.webp\",\"width\":1000,\"height\":667,\"caption\":\"Escudo do Palmeiras (Foto Reprodu\u00e7\u00e3o\/Instagram)\"},{\"@type\":\"BreadcrumbList\",\"@id\":\"https:\/\/www.gaveanews.com\/index.php\/2025\/02\/05\/situacao-de-valencia-previsao-de-milton-neves-e-os-jogadores-que-ja-disputaram-a-copa-do-mundo-as-ultimas-noticias-do-palmeiras\/#breadcrumb\",\"itemListElement\":[{\"@type\":\"ListItem\",\"position\":1,\"name\":\"Home\",\"item\":\"https:\/\/www.gaveanews.com\/\"},{\"@type\":\"ListItem\",\"position\":2,\"name\":\"Situa\u00e7\u00e3o de Valencia, previs\u00e3o de Milton Neves e os jogadores que j\u00e1 disputaram a Copa do Mundo: as \u00faltimas not\u00edcias do Palmeiras\"}]},{\"@type\":\"WebSite\",\"@id\":\"https:\/\/www.gaveanews.com\/#website\",\"url\":\"https:\/\/www.gaveanews.com\/\",\"name\":\"G\u00e1vea News\",\"description\":\"Veja todas as not\u00edcias sobre o Flamengo: Contrata\u00e7\u00f5es, categorias de base, resultados das partidas, tabela de classifica\u00e7\u00e3o, pr\u00f3ximos jogos!\",\"potentialAction\":[{\"@type\":\"SearchAction\",\"target\":{\"@type\":\"EntryPoint\",\"urlTemplate\":\"https:\/\/www.gaveanews.com\/?s={search_term_string}\"},\"query-input\":{\"@type\":\"PropertyValueSpecification\",\"valueRequired\":true,\"valueName\":\"search_term_string\"}}],\"inLanguage\":\"pt-BR\"},{\"@type\":\"Person\",\"@id\":\"https:\/\/www.gaveanews.com\/#\/schema\/person\/8207cd4627f56151707418bfc835b2fb\",\"name\":\"Matheus Felipe\",\"image\":{\"@type\":\"ImageObject\",\"inLanguage\":\"pt-BR\",\"@id\":\"https:\/\/www.gaveanews.com\/#\/schema\/person\/image\/\",\"url\":\"https:\/\/secure.gravatar.com\/avatar\/a452ffbed9130f726358b298bb3a99ce4bd3c5338411f8440e87e14d74c7c087?s=96&d=mm&r=g\",\"contentUrl\":\"https:\/\/secure.gravatar.com\/avatar\/a452ffbed9130f726358b298bb3a99ce4bd3c5338411f8440e87e14d74c7c087?s=96&d=mm&r=g\",\"caption\":\"Matheus Felipe\"}}]}<\/script>\n<!-- \/ Yoast SEO Premium plugin. -->","yoast_head_json":{"title":"Situa\u00e7\u00e3o de Valencia, previs\u00e3o de Milton Neves e os jogadores que j\u00e1 disputaram a Copa do Mundo: as \u00faltimas not\u00edcias do Palmeiras","robots":{"index":"index","follow":"follow","max-snippet":"max-snippet:-1","max-image-preview":"max-image-preview:large","max-video-preview":"max-video-preview:-1"},"canonical":"https:\/\/www.gaveanews.com\/index.php\/2025\/02\/05\/situacao-de-valencia-previsao-de-milton-neves-e-os-jogadores-que-ja-disputaram-a-copa-do-mundo-as-ultimas-noticias-do-palmeiras\/","og_locale":"pt_BR","og_type":"article","og_title":"Situa\u00e7\u00e3o de Valencia, previs\u00e3o de Milton Neves e os jogadores que j\u00e1 disputaram a Copa do Mundo: as \u00faltimas not\u00edcias do Palmeiras","og_description":"Nas \u00faltimas horas, o foco das not\u00edcias sobre o Palmeiras se concentram nos bastidores do clube, com destaques do dia a dia do time. Por conta deste contexto, leia abaixo um resumo preparado pela equipe do portal G\u00e1vea News para lhe manter muito bem informado! Os jogadores que j\u00e1 disputaram a Copa do Mundo O [&hellip;]","og_url":"https:\/\/www.gaveanews.com\/index.php\/2025\/02\/05\/situacao-de-valencia-previsao-de-milton-neves-e-os-jogadores-que-ja-disputaram-a-copa-do-mundo-as-ultimas-noticias-do-palmeiras\/","og_site_name":"G\u00e1vea News","article_publisher":"https:\/\/facebook.com\/gaveaNews\/","article_published_time":"2025-02-05T22:25:00+00:00","og_image":[{"width":1000,"height":667,"url":"https:\/\/www.gaveanews.com\/wp-content\/uploads\/Escudo-do-Palmeiras.webp","type":"image\/webp"}],"author":"Matheus Felipe","twitter_card":"summary_large_image","twitter_misc":{"Escrito por":"Matheus Felipe","Est. tempo de leitura":"5 minutos"},"schema":{"@context":"https:\/\/schema.org","@graph":[{"@type":"NewsArticle","@id":"https:\/\/www.gaveanews.com\/index.php\/2025\/02\/05\/situacao-de-valencia-previsao-de-milton-neves-e-os-jogadores-que-ja-disputaram-a-copa-do-mundo-as-ultimas-noticias-do-palmeiras\/#article","isPartOf":{"@id":"https:\/\/www.gaveanews.com\/index.php\/2025\/02\/05\/situacao-de-valencia-previsao-de-milton-neves-e-os-jogadores-que-ja-disputaram-a-copa-do-mundo-as-ultimas-noticias-do-palmeiras\/"},"author":{"name":"Matheus Felipe","@id":"https:\/\/www.gaveanews.com\/#\/schema\/person\/8207cd4627f56151707418bfc835b2fb"},"headline":"Situa\u00e7\u00e3o de Valencia, previs\u00e3o de Milton Neves e os jogadores que j\u00e1 disputaram a Copa do Mundo: as \u00faltimas not\u00edcias do Palmeiras","datePublished":"2025-02-05T22:25:00+00:00","mainEntityOfPage":{"@id":"https:\/\/www.gaveanews.com\/index.php\/2025\/02\/05\/situacao-de-valencia-previsao-de-milton-neves-e-os-jogadores-que-ja-disputaram-a-copa-do-mundo-as-ultimas-noticias-do-palmeiras\/"},"wordCount":811,"commentCount":0,"image":{"@id":"https:\/\/www.gaveanews.com\/index.php\/2025\/02\/05\/situacao-de-valencia-previsao-de-milton-neves-e-os-jogadores-que-ja-disputaram-a-copa-do-mundo-as-ultimas-noticias-do-palmeiras\/#primaryimage"},"thumbnailUrl":"https:\/\/www.gaveanews.com\/wp-content\/uploads\/Escudo-do-Palmeiras.webp","articleSection":["Palmeiras"],"inLanguage":"pt-BR","potentialAction":[{"@type":"CommentAction","name":"Comment","target":["https:\/\/www.gaveanews.com\/index.php\/2025\/02\/05\/situacao-de-valencia-previsao-de-milton-neves-e-os-jogadores-que-ja-disputaram-a-copa-do-mundo-as-ultimas-noticias-do-palmeiras\/#respond"]}],"copyrightYear":"2025","copyrightHolder":{"@id":"https:\/\/www.gaveanews.com\/#organization"}},{"@type":"WebPage","@id":"https:\/\/www.gaveanews.com\/index.php\/2025\/02\/05\/situacao-de-valencia-previsao-de-milton-neves-e-os-jogadores-que-ja-disputaram-a-copa-do-mundo-as-ultimas-noticias-do-palmeiras\/","url":"https:\/\/www.gaveanews.com\/index.php\/2025\/02\/05\/situacao-de-valencia-previsao-de-milton-neves-e-os-jogadores-que-ja-disputaram-a-copa-do-mundo-as-ultimas-noticias-do-palmeiras\/","name":"Situa\u00e7\u00e3o de Valencia, previs\u00e3o de Milton Neves e os jogadores que j\u00e1 disputaram a Copa do Mundo: as \u00faltimas not\u00edcias do Palmeiras","isPartOf":{"@id":"https:\/\/www.gaveanews.com\/#website"},"primaryImageOfPage":{"@id":"https:\/\/www.gaveanews.com\/index.php\/2025\/02\/05\/situacao-de-valencia-previsao-de-milton-neves-e-os-jogadores-que-ja-disputaram-a-copa-do-mundo-as-ultimas-noticias-do-palmeiras\/#primaryimage"},"image":{"@id":"https:\/\/www.gaveanews.com\/index.php\/2025\/02\/05\/situacao-de-valencia-previsao-de-milton-neves-e-os-jogadores-que-ja-disputaram-a-copa-do-mundo-as-ultimas-noticias-do-palmeiras\/#primaryimage"},"thumbnailUrl":"https:\/\/www.gaveanews.com\/wp-content\/uploads\/Escudo-do-Palmeiras.webp","datePublished":"2025-02-05T22:25:00+00:00","author":{"@id":"https:\/\/www.gaveanews.com\/#\/schema\/person\/8207cd4627f56151707418bfc835b2fb"},"breadcrumb":{"@id":"https:\/\/www.gaveanews.com\/index.php\/2025\/02\/05\/situacao-de-valencia-previsao-de-milton-neves-e-os-jogadores-que-ja-disputaram-a-copa-do-mundo-as-ultimas-noticias-do-palmeiras\/#breadcrumb"},"inLanguage":"pt-BR","potentialAction":[{"@type":"ReadAction","target":["https:\/\/www.gaveanews.com\/index.php\/2025\/02\/05\/situacao-de-valencia-previsao-de-milton-neves-e-os-jogadores-que-ja-disputaram-a-copa-do-mundo-as-ultimas-noticias-do-palmeiras\/"]}]},{"@type":"ImageObject","inLanguage":"pt-BR","@id":"https:\/\/www.gaveanews.com\/index.php\/2025\/02\/05\/situacao-de-valencia-previsao-de-milton-neves-e-os-jogadores-que-ja-disputaram-a-copa-do-mundo-as-ultimas-noticias-do-palmeiras\/#primaryimage","url":"https:\/\/www.gaveanews.com\/wp-content\/uploads\/Escudo-do-Palmeiras.webp","contentUrl":"https:\/\/www.gaveanews.com\/wp-content\/uploads\/Escudo-do-Palmeiras.webp","width":1000,"height":667,"caption":"Escudo do Palmeiras (Foto Reprodu\u00e7\u00e3o\/Instagram)"},{"@type":"BreadcrumbList","@id":"https:\/\/www.gaveanews.com\/index.php\/2025\/02\/05\/situacao-de-valencia-previsao-de-milton-neves-e-os-jogadores-que-ja-disputaram-a-copa-do-mundo-as-ultimas-noticias-do-palmeiras\/#breadcrumb","itemListElement":[{"@type":"ListItem","position":1,"name":"Home","item":"https:\/\/www.gaveanews.com\/"},{"@type":"ListItem","position":2,"name":"Situa\u00e7\u00e3o de Valencia, previs\u00e3o de Milton Neves e os jogadores que j\u00e1 disputaram a Copa do Mundo: as \u00faltimas not\u00edcias do Palmeiras"}]},{"@type":"WebSite","@id":"https:\/\/www.gaveanews.com\/#website","url":"https:\/\/www.gaveanews.com\/","name":"G\u00e1vea News","description":"Veja todas as not\u00edcias sobre o Flamengo: Contrata\u00e7\u00f5es, categorias de base, resultados das partidas, tabela de classifica\u00e7\u00e3o, pr\u00f3ximos jogos!","potentialAction":[{"@type":"SearchAction","target":{"@type":"EntryPoint","urlTemplate":"https:\/\/www.gaveanews.com\/?s={search_term_string}"},"query-input":{"@type":"PropertyValueSpecification","valueRequired":true,"valueName":"search_term_string"}}],"inLanguage":"pt-BR"},{"@type":"Person","@id":"https:\/\/www.gaveanews.com\/#\/schema\/person\/8207cd4627f56151707418bfc835b2fb","name":"Matheus Felipe","image":{"@type":"ImageObject","inLanguage":"pt-BR","@id":"https:\/\/www.gaveanews.com\/#\/schema\/person\/image\/","url":"https:\/\/secure.gravatar.com\/avatar\/a452ffbed9130f726358b298bb3a99ce4bd3c5338411f8440e87e14d74c7c087?s=96&d=mm&r=g","contentUrl":"https:\/\/secure.gravatar.com\/avatar\/a452ffbed9130f726358b298bb3a99ce4bd3c5338411f8440e87e14d74c7c087?s=96&d=mm&r=g","caption":"Matheus Felipe"}}]}},"_links":{"self":[{"href":"https:\/\/www.gaveanews.com\/index.php\/wp-json\/wp\/v2\/posts\/223772","targetHints":{"allow":["GET"]}}],"collection":[{"href":"https:\/\/www.gaveanews.com\/index.php\/wp-json\/wp\/v2\/posts"}],"about":[{"href":"https:\/\/www.gaveanews.com\/index.php\/wp-json\/wp\/v2\/types\/post"}],"author":[{"embeddable":true,"href":"https:\/\/www.gaveanews.com\/index.php\/wp-json\/wp\/v2\/users\/27"}],"replies":[{"embeddable":true,"href":"https:\/\/www.gaveanews.com\/index.php\/wp-json\/wp\/v2\/comments?post=223772"}],"version-history":[{"count":1,"href":"https:\/\/www.gaveanews.com\/index.php\/wp-json\/wp\/v2\/posts\/223772\/revisions"}],"predecessor-version":[{"id":223839,"href":"https:\/\/www.gaveanews.com\/index.php\/wp-json\/wp\/v2\/posts\/223772\/revisions\/223839"}],"wp:featuredmedia":[{"embeddable":true,"href":"https:\/\/www.gaveanews.com\/index.php\/wp-json\/wp\/v2\/media\/152159"}],"wp:attachment":[{"href":"https:\/\/www.gaveanews.com\/index.php\/wp-json\/wp\/v2\/media?parent=223772"}],"wp:term":[{"taxonomy":"category","embeddable":true,"href":"https:\/\/www.gaveanews.com\/index.php\/wp-json\/wp\/v2\/categories?post=223772"},{"taxonomy":"post_tag","embeddable":true,"href":"https:\/\/www.gaveanews.com\/index.php\/wp-json\/wp\/v2\/tags?post=223772"}],"curies":[{"name":"wp","href":"https:\/\/api.w.org\/{rel}","templated":true}]}}