{"id":22398,"date":"2019-06-30T17:48:30","date_gmt":"2019-06-30T20:48:30","guid":{"rendered":"https:\/\/www.gaveanews.com\/?p=22398"},"modified":"2019-06-30T17:49:31","modified_gmt":"2019-06-30T20:49:31","slug":"jorge-jesus-da-indicios-que-utilizara-esquema-tatico-tao-criticado-por-abel-braga","status":"publish","type":"post","link":"https:\/\/www.gaveanews.com\/index.php\/2019\/06\/30\/jorge-jesus-da-indicios-que-utilizara-esquema-tatico-tao-criticado-por-abel-braga\/","title":{"rendered":"Jorge Jesus d\u00e1 ind\u00edcios que utilizar\u00e1 esquema t\u00e1tico t\u00e3o criticado por Abel Braga"},"content":{"rendered":"\n<p>Foi apenas um primeiro teste e com algumas adversidades, mas se o t\u00e9cnico Jorge Jesus mantiver a forma\u00e7\u00e3o que iniciou o jogo-treino contra o Madureira, na manh\u00e3 de ontem (29), na G\u00e1vea, o torcedor do Flamengo poder\u00e1 ver, em breve, uma equipe titular que tenha, do meio para frente, todos os refor\u00e7os da temporada at\u00e9 aqui. <\/p>\n\n\n\n<p>Esse era um ponto de disc\u00f3rdia com o t\u00e9cnico Abel Braga, que chegou a falar que tal escala\u00e7\u00e3o seria &#8220;time de \u00edndio&#8221;.<\/p>\n\n\n\n<p>O Flamengo iniciou o duelo com o Tricolor suburbano com o time considerado titular e uma forma\u00e7\u00e3o em uma esp\u00e9cie de 4-1-3-2. Ou seja, tinha apenas um volante, tr\u00eas jogadores na linha do meio de campo e dois \u00e0 frente, o que, com todos \u00e0 disposi\u00e7\u00e3o, pode ser que seja Cu\u00e9llar, Everton Ribeiro, Diego, Arrascaeta, Bruno Henrique e Gabigol.<\/p>\n\n\n\n<p>Na atividade de ontem, Jesus n\u00e3o tinha \u00e0 disposi\u00e7\u00e3o o colombiano Cuellar e o uruguaio Arrascaeta, por conta da disputa da Copa Am\u00e9rica, e Everton Ribeiro, em recupera\u00e7\u00e3o de um problema no tend\u00e3o calc\u00e2neo direito. Desta forma, Lucas Silva atuou pela direita e Vitinho pela esquerda, tendo Diego mais centralizado e fazendo a fun\u00e7\u00e3o de um segundo volante.<\/p>\n\n\n\n<p>Enquanto t\u00e9cnico do Flamengo, Abel Braga adotou o 4-3-3, utilizando dois volantes, um meia e tr\u00eas jogadores \u00e0 frente. Desta forma, Arrascaeta revezava com Diego e, vez por outra, Bruno Henrique. O fato de o uruguaio ser reserva gerou alguns protestos de torcedores.<\/p>\n\n\n\n<p>Durante o Campeonato Carioca, ap\u00f3s a partida contra o Boavista, em que terminou com um volante e cinco jogadores um pouco mais avan\u00e7ados, Abel apontou n\u00e3o ser imposs\u00edvel atuar desta forma, mas ressaltou riscos e chegou a brincar com uma enquete feita para saber a opini\u00e3o da torcida em rela\u00e7\u00e3o \u00e0 escala\u00e7\u00e3o ideal.<\/p>\n\n\n\n<p>&#8220;J\u00e1 teve enquete a\u00ed da equipe do Flamengo e a equipe que o pessoal quer \u00e9 aquela que\u2026 Parece equipe de \u00edndio [todo mundo ataca]. \u00c9 poss\u00edvel? \u00c9. Vai correr risco? Vai. Vai ter alguns problemas sem a bola? Vai, mas vai criar tamb\u00e9m para os advers\u00e1rios. N\u00e3o \u00e9 imposs\u00edvel jogar desta maneira que terminou, mas n\u00e3o pode desorganizar. Tem de saber que, sem a bola, tem fun\u00e7\u00f5es a cumprir&#8221;, disse, na ocasi\u00e3o.<\/p>\n\n\n\n<p>Em entrevista coletiva ap\u00f3s o triunfo sobre o Madureira, Diego citou essa obedi\u00eancia t\u00e1tica e intensidade pedidas por Jorge Jesus.<\/p>\n\n\n\n<p>&#8220;\u00c9 um sistema que j\u00e1 joguei em outras equipes, na forma de jogar. Logo que perder a bola, temos de estar sempre pr\u00f3ximos. Isso requer aten\u00e7\u00e3o e reatividade constantes. Esse tipo de situa\u00e7\u00e3o \u00e9 algo que temos de estar ligados e, com o tempo, vai ser mais automatizado. Intensidade com e sem bola \u00e9 algo que temos de estar atentos, que ele (Jesus) tem pedido muito&#8221;, apontou.<\/p>\n\n\n\n\n\n<p>Retirado de: UOL<\/p>\n","protected":false},"excerpt":{"rendered":"<p>Foi apenas um primeiro teste e com algumas adversidades, mas se o t\u00e9cnico Jorge Jesus mantiver a forma\u00e7\u00e3o que iniciou o jogo-treino contra o Madureira, na manh\u00e3 de ontem (29), na G\u00e1vea, o torcedor do Flamengo poder\u00e1 ver, em breve, uma equipe titular que tenha, do meio para frente, todos os refor\u00e7os da temporada at\u00e9 [&hellip;]<\/p>\n","protected":false},"author":1,"featured_media":22104,"comment_status":"open","ping_status":"open","sticky":false,"template":"","format":"standard","meta":{"footnotes":""},"categories":[1],"tags":[],"class_list":["post-22398","post","type-post","status-publish","format-standard","has-post-thumbnail","hentry","category-flamengo"],"yoast_head":"<!-- This site is optimized with the Yoast SEO Premium plugin v24.2 (Yoast SEO v26.9) - https:\/\/yoast.com\/product\/yoast-seo-premium-wordpress\/ -->\n<title>Jorge Jesus d\u00e1 ind\u00edcios que utilizar\u00e1 esquema t\u00e1tico t\u00e3o criticado por Abel Braga<\/title>\n<meta name=\"robots\" content=\"index, follow, max-snippet:-1, max-image-preview:large, max-video-preview:-1\" \/>\n<link rel=\"canonical\" href=\"https:\/\/www.gaveanews.com\/index.php\/2019\/06\/30\/jorge-jesus-da-indicios-que-utilizara-esquema-tatico-tao-criticado-por-abel-braga\/\" \/>\n<meta property=\"og:locale\" content=\"pt_BR\" \/>\n<meta property=\"og:type\" content=\"article\" \/>\n<meta property=\"og:title\" content=\"Jorge Jesus d\u00e1 ind\u00edcios que utilizar\u00e1 esquema t\u00e1tico t\u00e3o criticado por Abel Braga\" \/>\n<meta property=\"og:description\" content=\"Foi apenas um primeiro teste e com algumas adversidades, mas se o t\u00e9cnico Jorge Jesus mantiver a forma\u00e7\u00e3o que iniciou o jogo-treino contra o Madureira, na manh\u00e3 de ontem (29), na G\u00e1vea, o torcedor do Flamengo poder\u00e1 ver, em breve, uma equipe titular que tenha, do meio para frente, todos os refor\u00e7os da temporada at\u00e9 [&hellip;]\" \/>\n<meta property=\"og:url\" content=\"https:\/\/www.gaveanews.com\/index.php\/2019\/06\/30\/jorge-jesus-da-indicios-que-utilizara-esquema-tatico-tao-criticado-por-abel-braga\/\" \/>\n<meta property=\"og:site_name\" content=\"G\u00e1vea News\" \/>\n<meta property=\"article:publisher\" content=\"https:\/\/facebook.com\/gaveaNews\/\" \/>\n<meta property=\"article:published_time\" content=\"2019-06-30T20:48:30+00:00\" \/>\n<meta property=\"article:modified_time\" content=\"2019-06-30T20:49:31+00:00\" \/>\n<meta property=\"og:image\" content=\"https:\/\/www.gaveanews.com\/wp-content\/uploads\/2019\/06\/Jorge-Jesus-durante-treinamento-na-academia-do-Ninho-do-Urubu.webp\" \/>\n\t<meta property=\"og:image:width\" content=\"900\" \/>\n\t<meta property=\"og:image:height\" content=\"598\" \/>\n\t<meta property=\"og:image:type\" content=\"image\/jpeg\" \/>\n<meta name=\"author\" content=\"Equipe G\u00e1vea News\" \/>\n<meta name=\"twitter:card\" content=\"summary_large_image\" \/>\n<meta name=\"twitter:label1\" content=\"Escrito por\" \/>\n\t<meta name=\"twitter:data1\" content=\"Equipe G\u00e1vea News\" \/>\n\t<meta name=\"twitter:label2\" content=\"Est. tempo de leitura\" \/>\n\t<meta name=\"twitter:data2\" content=\"2 minutos\" \/>\n<script type=\"application\/ld+json\" class=\"yoast-schema-graph\">{\"@context\":\"https:\/\/schema.org\",\"@graph\":[{\"@type\":\"NewsArticle\",\"@id\":\"https:\/\/www.gaveanews.com\/index.php\/2019\/06\/30\/jorge-jesus-da-indicios-que-utilizara-esquema-tatico-tao-criticado-por-abel-braga\/#article\",\"isPartOf\":{\"@id\":\"https:\/\/www.gaveanews.com\/index.php\/2019\/06\/30\/jorge-jesus-da-indicios-que-utilizara-esquema-tatico-tao-criticado-por-abel-braga\/\"},\"author\":{\"name\":\"Equipe G\u00e1vea News\",\"@id\":\"https:\/\/www.gaveanews.com\/#\/schema\/person\/2ec14f73fb96be2caf28f91afb14749d\"},\"headline\":\"Jorge Jesus d\u00e1 ind\u00edcios que utilizar\u00e1 esquema t\u00e1tico t\u00e3o criticado por Abel Braga\",\"datePublished\":\"2019-06-30T20:48:30+00:00\",\"dateModified\":\"2019-06-30T20:49:31+00:00\",\"mainEntityOfPage\":{\"@id\":\"https:\/\/www.gaveanews.com\/index.php\/2019\/06\/30\/jorge-jesus-da-indicios-que-utilizara-esquema-tatico-tao-criticado-por-abel-braga\/\"},\"wordCount\":502,\"commentCount\":0,\"image\":{\"@id\":\"https:\/\/www.gaveanews.com\/index.php\/2019\/06\/30\/jorge-jesus-da-indicios-que-utilizara-esquema-tatico-tao-criticado-por-abel-braga\/#primaryimage\"},\"thumbnailUrl\":\"https:\/\/www.gaveanews.com\/wp-content\/uploads\/2019\/06\/Jorge-Jesus-durante-treinamento-na-academia-do-Ninho-do-Urubu.webp\",\"articleSection\":[\"Flamengo\"],\"inLanguage\":\"pt-BR\",\"potentialAction\":[{\"@type\":\"CommentAction\",\"name\":\"Comment\",\"target\":[\"https:\/\/www.gaveanews.com\/index.php\/2019\/06\/30\/jorge-jesus-da-indicios-que-utilizara-esquema-tatico-tao-criticado-por-abel-braga\/#respond\"]}],\"copyrightYear\":\"2019\",\"copyrightHolder\":{\"@id\":\"https:\/\/www.gaveanews.com\/#organization\"}},{\"@type\":\"WebPage\",\"@id\":\"https:\/\/www.gaveanews.com\/index.php\/2019\/06\/30\/jorge-jesus-da-indicios-que-utilizara-esquema-tatico-tao-criticado-por-abel-braga\/\",\"url\":\"https:\/\/www.gaveanews.com\/index.php\/2019\/06\/30\/jorge-jesus-da-indicios-que-utilizara-esquema-tatico-tao-criticado-por-abel-braga\/\",\"name\":\"Jorge Jesus d\u00e1 ind\u00edcios que utilizar\u00e1 esquema t\u00e1tico t\u00e3o criticado por Abel Braga\",\"isPartOf\":{\"@id\":\"https:\/\/www.gaveanews.com\/#website\"},\"primaryImageOfPage\":{\"@id\":\"https:\/\/www.gaveanews.com\/index.php\/2019\/06\/30\/jorge-jesus-da-indicios-que-utilizara-esquema-tatico-tao-criticado-por-abel-braga\/#primaryimage\"},\"image\":{\"@id\":\"https:\/\/www.gaveanews.com\/index.php\/2019\/06\/30\/jorge-jesus-da-indicios-que-utilizara-esquema-tatico-tao-criticado-por-abel-braga\/#primaryimage\"},\"thumbnailUrl\":\"https:\/\/www.gaveanews.com\/wp-content\/uploads\/2019\/06\/Jorge-Jesus-durante-treinamento-na-academia-do-Ninho-do-Urubu.webp\",\"datePublished\":\"2019-06-30T20:48:30+00:00\",\"dateModified\":\"2019-06-30T20:49:31+00:00\",\"author\":{\"@id\":\"https:\/\/www.gaveanews.com\/#\/schema\/person\/2ec14f73fb96be2caf28f91afb14749d\"},\"breadcrumb\":{\"@id\":\"https:\/\/www.gaveanews.com\/index.php\/2019\/06\/30\/jorge-jesus-da-indicios-que-utilizara-esquema-tatico-tao-criticado-por-abel-braga\/#breadcrumb\"},\"inLanguage\":\"pt-BR\",\"potentialAction\":[{\"@type\":\"ReadAction\",\"target\":[\"https:\/\/www.gaveanews.com\/index.php\/2019\/06\/30\/jorge-jesus-da-indicios-que-utilizara-esquema-tatico-tao-criticado-por-abel-braga\/\"]}]},{\"@type\":\"ImageObject\",\"inLanguage\":\"pt-BR\",\"@id\":\"https:\/\/www.gaveanews.com\/index.php\/2019\/06\/30\/jorge-jesus-da-indicios-que-utilizara-esquema-tatico-tao-criticado-por-abel-braga\/#primaryimage\",\"url\":\"https:\/\/www.gaveanews.com\/wp-content\/uploads\/2019\/06\/Jorge-Jesus-durante-treinamento-na-academia-do-Ninho-do-Urubu.webp\",\"contentUrl\":\"https:\/\/www.gaveanews.com\/wp-content\/uploads\/2019\/06\/Jorge-Jesus-durante-treinamento-na-academia-do-Ninho-do-Urubu.webp\",\"width\":900,\"height\":598,\"caption\":\"Jorge Jesus durante treinamento na academia do Ninho do Urubu (Foto: Alexandre Vidal\/Flamengo)\"},{\"@type\":\"BreadcrumbList\",\"@id\":\"https:\/\/www.gaveanews.com\/index.php\/2019\/06\/30\/jorge-jesus-da-indicios-que-utilizara-esquema-tatico-tao-criticado-por-abel-braga\/#breadcrumb\",\"itemListElement\":[{\"@type\":\"ListItem\",\"position\":1,\"name\":\"Home\",\"item\":\"https:\/\/www.gaveanews.com\/\"},{\"@type\":\"ListItem\",\"position\":2,\"name\":\"Jorge Jesus d\u00e1 ind\u00edcios que utilizar\u00e1 esquema t\u00e1tico t\u00e3o criticado por Abel Braga\"}]},{\"@type\":\"WebSite\",\"@id\":\"https:\/\/www.gaveanews.com\/#website\",\"url\":\"https:\/\/www.gaveanews.com\/\",\"name\":\"G\u00e1vea News\",\"description\":\"Veja todas as not\u00edcias sobre o Flamengo: Contrata\u00e7\u00f5es, categorias de base, resultados das partidas, tabela de classifica\u00e7\u00e3o, pr\u00f3ximos jogos!\",\"potentialAction\":[{\"@type\":\"SearchAction\",\"target\":{\"@type\":\"EntryPoint\",\"urlTemplate\":\"https:\/\/www.gaveanews.com\/?s={search_term_string}\"},\"query-input\":{\"@type\":\"PropertyValueSpecification\",\"valueRequired\":true,\"valueName\":\"search_term_string\"}}],\"inLanguage\":\"pt-BR\"},{\"@type\":\"Person\",\"@id\":\"https:\/\/www.gaveanews.com\/#\/schema\/person\/2ec14f73fb96be2caf28f91afb14749d\",\"name\":\"Equipe G\u00e1vea News\",\"image\":{\"@type\":\"ImageObject\",\"inLanguage\":\"pt-BR\",\"@id\":\"https:\/\/www.gaveanews.com\/#\/schema\/person\/image\/\",\"url\":\"https:\/\/secure.gravatar.com\/avatar\/1e1956f1facbffd3f8fa53a326721950116b3b9dc9bd44939c01180fd4a745a9?s=96&d=mm&r=g\",\"contentUrl\":\"https:\/\/secure.gravatar.com\/avatar\/1e1956f1facbffd3f8fa53a326721950116b3b9dc9bd44939c01180fd4a745a9?s=96&d=mm&r=g\",\"caption\":\"Equipe G\u00e1vea News\"}}]}<\/script>\n<!-- \/ Yoast SEO Premium plugin. -->","yoast_head_json":{"title":"Jorge Jesus d\u00e1 ind\u00edcios que utilizar\u00e1 esquema t\u00e1tico t\u00e3o criticado por Abel Braga","robots":{"index":"index","follow":"follow","max-snippet":"max-snippet:-1","max-image-preview":"max-image-preview:large","max-video-preview":"max-video-preview:-1"},"canonical":"https:\/\/www.gaveanews.com\/index.php\/2019\/06\/30\/jorge-jesus-da-indicios-que-utilizara-esquema-tatico-tao-criticado-por-abel-braga\/","og_locale":"pt_BR","og_type":"article","og_title":"Jorge Jesus d\u00e1 ind\u00edcios que utilizar\u00e1 esquema t\u00e1tico t\u00e3o criticado por Abel Braga","og_description":"Foi apenas um primeiro teste e com algumas adversidades, mas se o t\u00e9cnico Jorge Jesus mantiver a forma\u00e7\u00e3o que iniciou o jogo-treino contra o Madureira, na manh\u00e3 de ontem (29), na G\u00e1vea, o torcedor do Flamengo poder\u00e1 ver, em breve, uma equipe titular que tenha, do meio para frente, todos os refor\u00e7os da temporada at\u00e9 [&hellip;]","og_url":"https:\/\/www.gaveanews.com\/index.php\/2019\/06\/30\/jorge-jesus-da-indicios-que-utilizara-esquema-tatico-tao-criticado-por-abel-braga\/","og_site_name":"G\u00e1vea News","article_publisher":"https:\/\/facebook.com\/gaveaNews\/","article_published_time":"2019-06-30T20:48:30+00:00","article_modified_time":"2019-06-30T20:49:31+00:00","og_image":[{"width":900,"height":598,"url":"https:\/\/www.gaveanews.com\/wp-content\/uploads\/2019\/06\/Jorge-Jesus-durante-treinamento-na-academia-do-Ninho-do-Urubu.webp","type":"image\/jpeg"}],"author":"Equipe G\u00e1vea News","twitter_card":"summary_large_image","twitter_misc":{"Escrito por":"Equipe G\u00e1vea News","Est. tempo de leitura":"2 minutos"},"schema":{"@context":"https:\/\/schema.org","@graph":[{"@type":"NewsArticle","@id":"https:\/\/www.gaveanews.com\/index.php\/2019\/06\/30\/jorge-jesus-da-indicios-que-utilizara-esquema-tatico-tao-criticado-por-abel-braga\/#article","isPartOf":{"@id":"https:\/\/www.gaveanews.com\/index.php\/2019\/06\/30\/jorge-jesus-da-indicios-que-utilizara-esquema-tatico-tao-criticado-por-abel-braga\/"},"author":{"name":"Equipe G\u00e1vea News","@id":"https:\/\/www.gaveanews.com\/#\/schema\/person\/2ec14f73fb96be2caf28f91afb14749d"},"headline":"Jorge Jesus d\u00e1 ind\u00edcios que utilizar\u00e1 esquema t\u00e1tico t\u00e3o criticado por Abel Braga","datePublished":"2019-06-30T20:48:30+00:00","dateModified":"2019-06-30T20:49:31+00:00","mainEntityOfPage":{"@id":"https:\/\/www.gaveanews.com\/index.php\/2019\/06\/30\/jorge-jesus-da-indicios-que-utilizara-esquema-tatico-tao-criticado-por-abel-braga\/"},"wordCount":502,"commentCount":0,"image":{"@id":"https:\/\/www.gaveanews.com\/index.php\/2019\/06\/30\/jorge-jesus-da-indicios-que-utilizara-esquema-tatico-tao-criticado-por-abel-braga\/#primaryimage"},"thumbnailUrl":"https:\/\/www.gaveanews.com\/wp-content\/uploads\/2019\/06\/Jorge-Jesus-durante-treinamento-na-academia-do-Ninho-do-Urubu.webp","articleSection":["Flamengo"],"inLanguage":"pt-BR","potentialAction":[{"@type":"CommentAction","name":"Comment","target":["https:\/\/www.gaveanews.com\/index.php\/2019\/06\/30\/jorge-jesus-da-indicios-que-utilizara-esquema-tatico-tao-criticado-por-abel-braga\/#respond"]}],"copyrightYear":"2019","copyrightHolder":{"@id":"https:\/\/www.gaveanews.com\/#organization"}},{"@type":"WebPage","@id":"https:\/\/www.gaveanews.com\/index.php\/2019\/06\/30\/jorge-jesus-da-indicios-que-utilizara-esquema-tatico-tao-criticado-por-abel-braga\/","url":"https:\/\/www.gaveanews.com\/index.php\/2019\/06\/30\/jorge-jesus-da-indicios-que-utilizara-esquema-tatico-tao-criticado-por-abel-braga\/","name":"Jorge Jesus d\u00e1 ind\u00edcios que utilizar\u00e1 esquema t\u00e1tico t\u00e3o criticado por Abel Braga","isPartOf":{"@id":"https:\/\/www.gaveanews.com\/#website"},"primaryImageOfPage":{"@id":"https:\/\/www.gaveanews.com\/index.php\/2019\/06\/30\/jorge-jesus-da-indicios-que-utilizara-esquema-tatico-tao-criticado-por-abel-braga\/#primaryimage"},"image":{"@id":"https:\/\/www.gaveanews.com\/index.php\/2019\/06\/30\/jorge-jesus-da-indicios-que-utilizara-esquema-tatico-tao-criticado-por-abel-braga\/#primaryimage"},"thumbnailUrl":"https:\/\/www.gaveanews.com\/wp-content\/uploads\/2019\/06\/Jorge-Jesus-durante-treinamento-na-academia-do-Ninho-do-Urubu.webp","datePublished":"2019-06-30T20:48:30+00:00","dateModified":"2019-06-30T20:49:31+00:00","author":{"@id":"https:\/\/www.gaveanews.com\/#\/schema\/person\/2ec14f73fb96be2caf28f91afb14749d"},"breadcrumb":{"@id":"https:\/\/www.gaveanews.com\/index.php\/2019\/06\/30\/jorge-jesus-da-indicios-que-utilizara-esquema-tatico-tao-criticado-por-abel-braga\/#breadcrumb"},"inLanguage":"pt-BR","potentialAction":[{"@type":"ReadAction","target":["https:\/\/www.gaveanews.com\/index.php\/2019\/06\/30\/jorge-jesus-da-indicios-que-utilizara-esquema-tatico-tao-criticado-por-abel-braga\/"]}]},{"@type":"ImageObject","inLanguage":"pt-BR","@id":"https:\/\/www.gaveanews.com\/index.php\/2019\/06\/30\/jorge-jesus-da-indicios-que-utilizara-esquema-tatico-tao-criticado-por-abel-braga\/#primaryimage","url":"https:\/\/www.gaveanews.com\/wp-content\/uploads\/2019\/06\/Jorge-Jesus-durante-treinamento-na-academia-do-Ninho-do-Urubu.webp","contentUrl":"https:\/\/www.gaveanews.com\/wp-content\/uploads\/2019\/06\/Jorge-Jesus-durante-treinamento-na-academia-do-Ninho-do-Urubu.webp","width":900,"height":598,"caption":"Jorge Jesus durante treinamento na academia do Ninho do Urubu (Foto: Alexandre Vidal\/Flamengo)"},{"@type":"BreadcrumbList","@id":"https:\/\/www.gaveanews.com\/index.php\/2019\/06\/30\/jorge-jesus-da-indicios-que-utilizara-esquema-tatico-tao-criticado-por-abel-braga\/#breadcrumb","itemListElement":[{"@type":"ListItem","position":1,"name":"Home","item":"https:\/\/www.gaveanews.com\/"},{"@type":"ListItem","position":2,"name":"Jorge Jesus d\u00e1 ind\u00edcios que utilizar\u00e1 esquema t\u00e1tico t\u00e3o criticado por Abel Braga"}]},{"@type":"WebSite","@id":"https:\/\/www.gaveanews.com\/#website","url":"https:\/\/www.gaveanews.com\/","name":"G\u00e1vea News","description":"Veja todas as not\u00edcias sobre o Flamengo: Contrata\u00e7\u00f5es, categorias de base, resultados das partidas, tabela de classifica\u00e7\u00e3o, pr\u00f3ximos jogos!","potentialAction":[{"@type":"SearchAction","target":{"@type":"EntryPoint","urlTemplate":"https:\/\/www.gaveanews.com\/?s={search_term_string}"},"query-input":{"@type":"PropertyValueSpecification","valueRequired":true,"valueName":"search_term_string"}}],"inLanguage":"pt-BR"},{"@type":"Person","@id":"https:\/\/www.gaveanews.com\/#\/schema\/person\/2ec14f73fb96be2caf28f91afb14749d","name":"Equipe G\u00e1vea News","image":{"@type":"ImageObject","inLanguage":"pt-BR","@id":"https:\/\/www.gaveanews.com\/#\/schema\/person\/image\/","url":"https:\/\/secure.gravatar.com\/avatar\/1e1956f1facbffd3f8fa53a326721950116b3b9dc9bd44939c01180fd4a745a9?s=96&d=mm&r=g","contentUrl":"https:\/\/secure.gravatar.com\/avatar\/1e1956f1facbffd3f8fa53a326721950116b3b9dc9bd44939c01180fd4a745a9?s=96&d=mm&r=g","caption":"Equipe G\u00e1vea News"}}]}},"_links":{"self":[{"href":"https:\/\/www.gaveanews.com\/index.php\/wp-json\/wp\/v2\/posts\/22398","targetHints":{"allow":["GET"]}}],"collection":[{"href":"https:\/\/www.gaveanews.com\/index.php\/wp-json\/wp\/v2\/posts"}],"about":[{"href":"https:\/\/www.gaveanews.com\/index.php\/wp-json\/wp\/v2\/types\/post"}],"author":[{"embeddable":true,"href":"https:\/\/www.gaveanews.com\/index.php\/wp-json\/wp\/v2\/users\/1"}],"replies":[{"embeddable":true,"href":"https:\/\/www.gaveanews.com\/index.php\/wp-json\/wp\/v2\/comments?post=22398"}],"version-history":[{"count":0,"href":"https:\/\/www.gaveanews.com\/index.php\/wp-json\/wp\/v2\/posts\/22398\/revisions"}],"wp:featuredmedia":[{"embeddable":true,"href":"https:\/\/www.gaveanews.com\/index.php\/wp-json\/wp\/v2\/media\/22104"}],"wp:attachment":[{"href":"https:\/\/www.gaveanews.com\/index.php\/wp-json\/wp\/v2\/media?parent=22398"}],"wp:term":[{"taxonomy":"category","embeddable":true,"href":"https:\/\/www.gaveanews.com\/index.php\/wp-json\/wp\/v2\/categories?post=22398"},{"taxonomy":"post_tag","embeddable":true,"href":"https:\/\/www.gaveanews.com\/index.php\/wp-json\/wp\/v2\/tags?post=22398"}],"curies":[{"name":"wp","href":"https:\/\/api.w.org\/{rel}","templated":true}]}}