{"id":224109,"date":"2025-02-06T21:20:00","date_gmt":"2025-02-07T00:20:00","guid":{"rendered":"https:\/\/www.gaveanews.com\/?p=224109"},"modified":"2025-02-06T18:33:32","modified_gmt":"2025-02-06T21:33:32","slug":"santos-estreia-de-neymar-ganha-destaque-na-midia-internacional","status":"publish","type":"post","link":"https:\/\/www.gaveanews.com\/index.php\/2025\/02\/06\/santos-estreia-de-neymar-ganha-destaque-na-midia-internacional\/","title":{"rendered":"Santos: estreia de Neymar ganha destaque na m\u00eddia internacional"},"content":{"rendered":"\n<p>Ap\u00f3s 11 anos de espera, Neymar finalmente reestreou pelo Santos em uma partida contra o Botafogo-SP, realizada na \u00faltima quarta-feira (05).&nbsp;<\/p>\n\n\n\n<p>O jogo, que terminou empatado em 1 a 1, foi repleto de emo\u00e7\u00f5es e, n\u00e3o surpresa, atraiu os olhos do mundo. Jornais internacionais n\u00e3o pouparam elogios \u00e0 volta do astro e ao impacto imediato que ele causou, tanto dentro quanto fora de campo.<\/p>\n\n\n\n<h2 class=\"wp-block-heading\" id=\"h-a-repercussao-internacional-sobre-a-volta-de-neymar\">A repercuss\u00e3o internacional sobre a volta de Neymar<\/h2>\n\n\n\n<p>A reestreia de Neymar pelo Santos foi muito aguardada e, para muitos, a expectativa foi mais do que cumprida. A <em>Gazzetta dello Sport<\/em> descreveu o momento como &#8220;algo que o Brasil esperava h\u00e1 11 anos&#8221;, elogiando a volta do craque que, ao entrar em campo, fez a torcida vibrar novamente com seu talento.&nbsp;<\/p>\n\n\n\n<p>\u201cMal vestiu a bra\u00e7adeira de capit\u00e3o e o talento brasileiro voltou a iluminar o Est\u00e1dio Urbano Caldeira\u201d, escreveu o Gazzetta dello Sport.<\/p>\n\n\n\n<p>Al\u00e9m disso, o jornal <em>AS<\/em> chamou a aten\u00e7\u00e3o para o conturbado retorno de Neymar, relatando que os jogadores do Botafogo-SP tentaram parar o atacante a todo custo, resultando em uma marca\u00e7\u00e3o mais agressiva e faltas repetidas.&nbsp;<\/p>\n\n\n\n<p>O Santos at\u00e9 esteve no comando da partida, mas n\u00e3o conseguiu ser contundente para garantir a vit\u00f3ria.<\/p>\n\n\n\n<h2 class=\"wp-block-heading\" id=\"h-a-habilidade-de-neymar-sob-os-olhares-internacionais\">A habilidade de Neymar sob os olhares internacionais<\/h2>\n\n\n\n<p>Vale destacar que, apesar das investidas dos advers\u00e1rios, Neymar n\u00e3o deixou de brilhar. O jornal franc\u00eas <em>Marca<\/em> relatou que, ao come\u00e7ar a encadear jogadas pelo Santos, ele foi constantemente alvo de faltas, ficando no ch\u00e3o diversas vezes, mas, mesmo assim, mostrando sua habilidade e vis\u00e3o de jogo.&nbsp;<\/p>\n\n\n\n<p>O <em>Le Parisien<\/em> tamb\u00e9m destacou a performance do jogador, mencionando que Neymar quase fez um gol de ouro durante a partida.<\/p>\n\n\n\n<h2 class=\"wp-block-heading\" id=\"h-a-surpresa-de-neymar-em-sua-estreia-pelo-santos\">A surpresa de Neymar em sua estreia pelo Santos<\/h2>\n\n\n\n<p>Por fim, a <em>L&#8217;\u00c9quipe<\/em> foi ainda mais enf\u00e1tica em suas palavras: &#8220;Em sua primeira partida desde que voltou ao Santos, Neymar deu show.&#8221;&nbsp;<\/p>\n\n\n\n<p>O ve\u00edculo franc\u00eas comentou que o jogador surpreendeu a todos pela sua disposi\u00e7\u00e3o, jogando com energia e presen\u00e7a de esp\u00edrito, especialmente diante da fam\u00edlia e amigos, como o surfista Gabriel Medina e o jogador de v\u00f4lei Bruninho, que estavam nas arquibancadas para prestigiar o \u00eddolo.<\/p>\n\n\n\n<p>Com isso, Neymar n\u00e3o s\u00f3 reestreou pelo Santos, mas tamb\u00e9m fez com que a m\u00eddia internacional voltasse a olhar com aten\u00e7\u00e3o para o futebol brasileiro.&nbsp;<\/p>\n\n\n\n<p>Dessa maneira, a expectativa sobre seu futuro na equipe segue alta, e sua contribui\u00e7\u00e3o no Santos promete continuar a ser um ponto de destaque na temporada.<\/p>\n","protected":false},"excerpt":{"rendered":"<p>Ap\u00f3s 11 anos de espera, Neymar finalmente reestreou pelo Santos em uma partida contra o Botafogo-SP, realizada na \u00faltima quarta-feira (05).&nbsp; O jogo, que terminou empatado em 1 a 1, foi repleto de emo\u00e7\u00f5es e, n\u00e3o surpresa, atraiu os olhos do mundo. Jornais internacionais n\u00e3o pouparam elogios \u00e0 volta do astro e ao impacto imediato [&hellip;]<\/p>\n","protected":false},"author":25,"featured_media":221594,"comment_status":"open","ping_status":"closed","sticky":false,"template":"","format":"standard","meta":{"footnotes":""},"categories":[139],"tags":[],"class_list":["post-224109","post","type-post","status-publish","format-standard","has-post-thumbnail","hentry","category-santos"],"yoast_head":"<!-- This site is optimized with the Yoast SEO Premium plugin v24.2 (Yoast SEO v26.9) - https:\/\/yoast.com\/product\/yoast-seo-premium-wordpress\/ -->\n<title>Santos: estreia de Neymar ganha destaque na m\u00eddia internacional<\/title>\n<meta name=\"robots\" content=\"index, follow, max-snippet:-1, max-image-preview:large, max-video-preview:-1\" \/>\n<link rel=\"canonical\" href=\"https:\/\/www.gaveanews.com\/index.php\/2025\/02\/06\/santos-estreia-de-neymar-ganha-destaque-na-midia-internacional\/\" \/>\n<meta property=\"og:locale\" content=\"pt_BR\" \/>\n<meta property=\"og:type\" content=\"article\" \/>\n<meta property=\"og:title\" content=\"Santos: estreia de Neymar ganha destaque na m\u00eddia internacional\" \/>\n<meta property=\"og:description\" content=\"Ap\u00f3s 11 anos de espera, Neymar finalmente reestreou pelo Santos em uma partida contra o Botafogo-SP, realizada na \u00faltima quarta-feira (05).&nbsp; O jogo, que terminou empatado em 1 a 1, foi repleto de emo\u00e7\u00f5es e, n\u00e3o surpresa, atraiu os olhos do mundo. Jornais internacionais n\u00e3o pouparam elogios \u00e0 volta do astro e ao impacto imediato [&hellip;]\" \/>\n<meta property=\"og:url\" content=\"https:\/\/www.gaveanews.com\/index.php\/2025\/02\/06\/santos-estreia-de-neymar-ganha-destaque-na-midia-internacional\/\" \/>\n<meta property=\"og:site_name\" content=\"G\u00e1vea News\" \/>\n<meta property=\"article:publisher\" content=\"https:\/\/facebook.com\/gaveaNews\/\" \/>\n<meta property=\"article:published_time\" content=\"2025-02-07T00:20:00+00:00\" \/>\n<meta property=\"og:image\" content=\"https:\/\/www.gaveanews.com\/wp-content\/uploads\/Neymar-apresentado-pelo-Santos.webp\" \/>\n\t<meta property=\"og:image:width\" content=\"543\" \/>\n\t<meta property=\"og:image:height\" content=\"748\" \/>\n\t<meta property=\"og:image:type\" content=\"image\/jpeg\" \/>\n<meta name=\"author\" content=\"Rafaela Ladeira\" \/>\n<meta name=\"twitter:card\" content=\"summary_large_image\" \/>\n<meta name=\"twitter:label1\" content=\"Escrito por\" \/>\n\t<meta name=\"twitter:data1\" content=\"Rafaela Ladeira\" \/>\n\t<meta name=\"twitter:label2\" content=\"Est. tempo de leitura\" \/>\n\t<meta name=\"twitter:data2\" content=\"3 minutos\" \/>\n<script type=\"application\/ld+json\" class=\"yoast-schema-graph\">{\"@context\":\"https:\/\/schema.org\",\"@graph\":[{\"@type\":\"NewsArticle\",\"@id\":\"https:\/\/www.gaveanews.com\/index.php\/2025\/02\/06\/santos-estreia-de-neymar-ganha-destaque-na-midia-internacional\/#article\",\"isPartOf\":{\"@id\":\"https:\/\/www.gaveanews.com\/index.php\/2025\/02\/06\/santos-estreia-de-neymar-ganha-destaque-na-midia-internacional\/\"},\"author\":{\"name\":\"Rafaela Ladeira\",\"@id\":\"https:\/\/www.gaveanews.com\/#\/schema\/person\/0eb3e3fe1754f0205218538adbe8f5ed\"},\"headline\":\"Santos: estreia de Neymar ganha destaque na m\u00eddia internacional\",\"datePublished\":\"2025-02-07T00:20:00+00:00\",\"mainEntityOfPage\":{\"@id\":\"https:\/\/www.gaveanews.com\/index.php\/2025\/02\/06\/santos-estreia-de-neymar-ganha-destaque-na-midia-internacional\/\"},\"wordCount\":448,\"commentCount\":0,\"image\":{\"@id\":\"https:\/\/www.gaveanews.com\/index.php\/2025\/02\/06\/santos-estreia-de-neymar-ganha-destaque-na-midia-internacional\/#primaryimage\"},\"thumbnailUrl\":\"https:\/\/www.gaveanews.com\/wp-content\/uploads\/Neymar-apresentado-pelo-Santos.webp\",\"articleSection\":[\"Santos\"],\"inLanguage\":\"pt-BR\",\"potentialAction\":[{\"@type\":\"CommentAction\",\"name\":\"Comment\",\"target\":[\"https:\/\/www.gaveanews.com\/index.php\/2025\/02\/06\/santos-estreia-de-neymar-ganha-destaque-na-midia-internacional\/#respond\"]}],\"copyrightYear\":\"2025\",\"copyrightHolder\":{\"@id\":\"https:\/\/www.gaveanews.com\/#organization\"}},{\"@type\":\"WebPage\",\"@id\":\"https:\/\/www.gaveanews.com\/index.php\/2025\/02\/06\/santos-estreia-de-neymar-ganha-destaque-na-midia-internacional\/\",\"url\":\"https:\/\/www.gaveanews.com\/index.php\/2025\/02\/06\/santos-estreia-de-neymar-ganha-destaque-na-midia-internacional\/\",\"name\":\"Santos: estreia de Neymar ganha destaque na m\u00eddia internacional\",\"isPartOf\":{\"@id\":\"https:\/\/www.gaveanews.com\/#website\"},\"primaryImageOfPage\":{\"@id\":\"https:\/\/www.gaveanews.com\/index.php\/2025\/02\/06\/santos-estreia-de-neymar-ganha-destaque-na-midia-internacional\/#primaryimage\"},\"image\":{\"@id\":\"https:\/\/www.gaveanews.com\/index.php\/2025\/02\/06\/santos-estreia-de-neymar-ganha-destaque-na-midia-internacional\/#primaryimage\"},\"thumbnailUrl\":\"https:\/\/www.gaveanews.com\/wp-content\/uploads\/Neymar-apresentado-pelo-Santos.webp\",\"datePublished\":\"2025-02-07T00:20:00+00:00\",\"author\":{\"@id\":\"https:\/\/www.gaveanews.com\/#\/schema\/person\/0eb3e3fe1754f0205218538adbe8f5ed\"},\"breadcrumb\":{\"@id\":\"https:\/\/www.gaveanews.com\/index.php\/2025\/02\/06\/santos-estreia-de-neymar-ganha-destaque-na-midia-internacional\/#breadcrumb\"},\"inLanguage\":\"pt-BR\",\"potentialAction\":[{\"@type\":\"ReadAction\",\"target\":[\"https:\/\/www.gaveanews.com\/index.php\/2025\/02\/06\/santos-estreia-de-neymar-ganha-destaque-na-midia-internacional\/\"]}]},{\"@type\":\"ImageObject\",\"inLanguage\":\"pt-BR\",\"@id\":\"https:\/\/www.gaveanews.com\/index.php\/2025\/02\/06\/santos-estreia-de-neymar-ganha-destaque-na-midia-internacional\/#primaryimage\",\"url\":\"https:\/\/www.gaveanews.com\/wp-content\/uploads\/Neymar-apresentado-pelo-Santos.webp\",\"contentUrl\":\"https:\/\/www.gaveanews.com\/wp-content\/uploads\/Neymar-apresentado-pelo-Santos.webp\",\"width\":543,\"height\":748,\"caption\":\"Neymar apresentado pelo Santos (Foto: GuilhermeKastner \/ Santos FC)\"},{\"@type\":\"BreadcrumbList\",\"@id\":\"https:\/\/www.gaveanews.com\/index.php\/2025\/02\/06\/santos-estreia-de-neymar-ganha-destaque-na-midia-internacional\/#breadcrumb\",\"itemListElement\":[{\"@type\":\"ListItem\",\"position\":1,\"name\":\"Home\",\"item\":\"https:\/\/www.gaveanews.com\/\"},{\"@type\":\"ListItem\",\"position\":2,\"name\":\"Santos: estreia de Neymar ganha destaque na m\u00eddia internacional\"}]},{\"@type\":\"WebSite\",\"@id\":\"https:\/\/www.gaveanews.com\/#website\",\"url\":\"https:\/\/www.gaveanews.com\/\",\"name\":\"G\u00e1vea News\",\"description\":\"Veja todas as not\u00edcias sobre o Flamengo: Contrata\u00e7\u00f5es, categorias de base, resultados das partidas, tabela de classifica\u00e7\u00e3o, pr\u00f3ximos jogos!\",\"potentialAction\":[{\"@type\":\"SearchAction\",\"target\":{\"@type\":\"EntryPoint\",\"urlTemplate\":\"https:\/\/www.gaveanews.com\/?s={search_term_string}\"},\"query-input\":{\"@type\":\"PropertyValueSpecification\",\"valueRequired\":true,\"valueName\":\"search_term_string\"}}],\"inLanguage\":\"pt-BR\"},{\"@type\":\"Person\",\"@id\":\"https:\/\/www.gaveanews.com\/#\/schema\/person\/0eb3e3fe1754f0205218538adbe8f5ed\",\"name\":\"Rafaela Ladeira\",\"image\":{\"@type\":\"ImageObject\",\"inLanguage\":\"pt-BR\",\"@id\":\"https:\/\/www.gaveanews.com\/#\/schema\/person\/image\/\",\"url\":\"https:\/\/secure.gravatar.com\/avatar\/c31f513acffd85eacab5730cbdfdbbf59f21ba5aeada8cd890acea879fbb2455?s=96&d=mm&r=g\",\"contentUrl\":\"https:\/\/secure.gravatar.com\/avatar\/c31f513acffd85eacab5730cbdfdbbf59f21ba5aeada8cd890acea879fbb2455?s=96&d=mm&r=g\",\"caption\":\"Rafaela Ladeira\"}}]}<\/script>\n<!-- \/ Yoast SEO Premium plugin. -->","yoast_head_json":{"title":"Santos: estreia de Neymar ganha destaque na m\u00eddia internacional","robots":{"index":"index","follow":"follow","max-snippet":"max-snippet:-1","max-image-preview":"max-image-preview:large","max-video-preview":"max-video-preview:-1"},"canonical":"https:\/\/www.gaveanews.com\/index.php\/2025\/02\/06\/santos-estreia-de-neymar-ganha-destaque-na-midia-internacional\/","og_locale":"pt_BR","og_type":"article","og_title":"Santos: estreia de Neymar ganha destaque na m\u00eddia internacional","og_description":"Ap\u00f3s 11 anos de espera, Neymar finalmente reestreou pelo Santos em uma partida contra o Botafogo-SP, realizada na \u00faltima quarta-feira (05).&nbsp; O jogo, que terminou empatado em 1 a 1, foi repleto de emo\u00e7\u00f5es e, n\u00e3o surpresa, atraiu os olhos do mundo. Jornais internacionais n\u00e3o pouparam elogios \u00e0 volta do astro e ao impacto imediato [&hellip;]","og_url":"https:\/\/www.gaveanews.com\/index.php\/2025\/02\/06\/santos-estreia-de-neymar-ganha-destaque-na-midia-internacional\/","og_site_name":"G\u00e1vea News","article_publisher":"https:\/\/facebook.com\/gaveaNews\/","article_published_time":"2025-02-07T00:20:00+00:00","og_image":[{"width":543,"height":748,"url":"https:\/\/www.gaveanews.com\/wp-content\/uploads\/Neymar-apresentado-pelo-Santos.webp","type":"image\/jpeg"}],"author":"Rafaela Ladeira","twitter_card":"summary_large_image","twitter_misc":{"Escrito por":"Rafaela Ladeira","Est. tempo de leitura":"3 minutos"},"schema":{"@context":"https:\/\/schema.org","@graph":[{"@type":"NewsArticle","@id":"https:\/\/www.gaveanews.com\/index.php\/2025\/02\/06\/santos-estreia-de-neymar-ganha-destaque-na-midia-internacional\/#article","isPartOf":{"@id":"https:\/\/www.gaveanews.com\/index.php\/2025\/02\/06\/santos-estreia-de-neymar-ganha-destaque-na-midia-internacional\/"},"author":{"name":"Rafaela Ladeira","@id":"https:\/\/www.gaveanews.com\/#\/schema\/person\/0eb3e3fe1754f0205218538adbe8f5ed"},"headline":"Santos: estreia de Neymar ganha destaque na m\u00eddia internacional","datePublished":"2025-02-07T00:20:00+00:00","mainEntityOfPage":{"@id":"https:\/\/www.gaveanews.com\/index.php\/2025\/02\/06\/santos-estreia-de-neymar-ganha-destaque-na-midia-internacional\/"},"wordCount":448,"commentCount":0,"image":{"@id":"https:\/\/www.gaveanews.com\/index.php\/2025\/02\/06\/santos-estreia-de-neymar-ganha-destaque-na-midia-internacional\/#primaryimage"},"thumbnailUrl":"https:\/\/www.gaveanews.com\/wp-content\/uploads\/Neymar-apresentado-pelo-Santos.webp","articleSection":["Santos"],"inLanguage":"pt-BR","potentialAction":[{"@type":"CommentAction","name":"Comment","target":["https:\/\/www.gaveanews.com\/index.php\/2025\/02\/06\/santos-estreia-de-neymar-ganha-destaque-na-midia-internacional\/#respond"]}],"copyrightYear":"2025","copyrightHolder":{"@id":"https:\/\/www.gaveanews.com\/#organization"}},{"@type":"WebPage","@id":"https:\/\/www.gaveanews.com\/index.php\/2025\/02\/06\/santos-estreia-de-neymar-ganha-destaque-na-midia-internacional\/","url":"https:\/\/www.gaveanews.com\/index.php\/2025\/02\/06\/santos-estreia-de-neymar-ganha-destaque-na-midia-internacional\/","name":"Santos: estreia de Neymar ganha destaque na m\u00eddia internacional","isPartOf":{"@id":"https:\/\/www.gaveanews.com\/#website"},"primaryImageOfPage":{"@id":"https:\/\/www.gaveanews.com\/index.php\/2025\/02\/06\/santos-estreia-de-neymar-ganha-destaque-na-midia-internacional\/#primaryimage"},"image":{"@id":"https:\/\/www.gaveanews.com\/index.php\/2025\/02\/06\/santos-estreia-de-neymar-ganha-destaque-na-midia-internacional\/#primaryimage"},"thumbnailUrl":"https:\/\/www.gaveanews.com\/wp-content\/uploads\/Neymar-apresentado-pelo-Santos.webp","datePublished":"2025-02-07T00:20:00+00:00","author":{"@id":"https:\/\/www.gaveanews.com\/#\/schema\/person\/0eb3e3fe1754f0205218538adbe8f5ed"},"breadcrumb":{"@id":"https:\/\/www.gaveanews.com\/index.php\/2025\/02\/06\/santos-estreia-de-neymar-ganha-destaque-na-midia-internacional\/#breadcrumb"},"inLanguage":"pt-BR","potentialAction":[{"@type":"ReadAction","target":["https:\/\/www.gaveanews.com\/index.php\/2025\/02\/06\/santos-estreia-de-neymar-ganha-destaque-na-midia-internacional\/"]}]},{"@type":"ImageObject","inLanguage":"pt-BR","@id":"https:\/\/www.gaveanews.com\/index.php\/2025\/02\/06\/santos-estreia-de-neymar-ganha-destaque-na-midia-internacional\/#primaryimage","url":"https:\/\/www.gaveanews.com\/wp-content\/uploads\/Neymar-apresentado-pelo-Santos.webp","contentUrl":"https:\/\/www.gaveanews.com\/wp-content\/uploads\/Neymar-apresentado-pelo-Santos.webp","width":543,"height":748,"caption":"Neymar apresentado pelo Santos (Foto: GuilhermeKastner \/ Santos FC)"},{"@type":"BreadcrumbList","@id":"https:\/\/www.gaveanews.com\/index.php\/2025\/02\/06\/santos-estreia-de-neymar-ganha-destaque-na-midia-internacional\/#breadcrumb","itemListElement":[{"@type":"ListItem","position":1,"name":"Home","item":"https:\/\/www.gaveanews.com\/"},{"@type":"ListItem","position":2,"name":"Santos: estreia de Neymar ganha destaque na m\u00eddia internacional"}]},{"@type":"WebSite","@id":"https:\/\/www.gaveanews.com\/#website","url":"https:\/\/www.gaveanews.com\/","name":"G\u00e1vea News","description":"Veja todas as not\u00edcias sobre o Flamengo: Contrata\u00e7\u00f5es, categorias de base, resultados das partidas, tabela de classifica\u00e7\u00e3o, pr\u00f3ximos jogos!","potentialAction":[{"@type":"SearchAction","target":{"@type":"EntryPoint","urlTemplate":"https:\/\/www.gaveanews.com\/?s={search_term_string}"},"query-input":{"@type":"PropertyValueSpecification","valueRequired":true,"valueName":"search_term_string"}}],"inLanguage":"pt-BR"},{"@type":"Person","@id":"https:\/\/www.gaveanews.com\/#\/schema\/person\/0eb3e3fe1754f0205218538adbe8f5ed","name":"Rafaela Ladeira","image":{"@type":"ImageObject","inLanguage":"pt-BR","@id":"https:\/\/www.gaveanews.com\/#\/schema\/person\/image\/","url":"https:\/\/secure.gravatar.com\/avatar\/c31f513acffd85eacab5730cbdfdbbf59f21ba5aeada8cd890acea879fbb2455?s=96&d=mm&r=g","contentUrl":"https:\/\/secure.gravatar.com\/avatar\/c31f513acffd85eacab5730cbdfdbbf59f21ba5aeada8cd890acea879fbb2455?s=96&d=mm&r=g","caption":"Rafaela Ladeira"}}]}},"_links":{"self":[{"href":"https:\/\/www.gaveanews.com\/index.php\/wp-json\/wp\/v2\/posts\/224109","targetHints":{"allow":["GET"]}}],"collection":[{"href":"https:\/\/www.gaveanews.com\/index.php\/wp-json\/wp\/v2\/posts"}],"about":[{"href":"https:\/\/www.gaveanews.com\/index.php\/wp-json\/wp\/v2\/types\/post"}],"author":[{"embeddable":true,"href":"https:\/\/www.gaveanews.com\/index.php\/wp-json\/wp\/v2\/users\/25"}],"replies":[{"embeddable":true,"href":"https:\/\/www.gaveanews.com\/index.php\/wp-json\/wp\/v2\/comments?post=224109"}],"version-history":[{"count":1,"href":"https:\/\/www.gaveanews.com\/index.php\/wp-json\/wp\/v2\/posts\/224109\/revisions"}],"predecessor-version":[{"id":224110,"href":"https:\/\/www.gaveanews.com\/index.php\/wp-json\/wp\/v2\/posts\/224109\/revisions\/224110"}],"wp:featuredmedia":[{"embeddable":true,"href":"https:\/\/www.gaveanews.com\/index.php\/wp-json\/wp\/v2\/media\/221594"}],"wp:attachment":[{"href":"https:\/\/www.gaveanews.com\/index.php\/wp-json\/wp\/v2\/media?parent=224109"}],"wp:term":[{"taxonomy":"category","embeddable":true,"href":"https:\/\/www.gaveanews.com\/index.php\/wp-json\/wp\/v2\/categories?post=224109"},{"taxonomy":"post_tag","embeddable":true,"href":"https:\/\/www.gaveanews.com\/index.php\/wp-json\/wp\/v2\/tags?post=224109"}],"curies":[{"name":"wp","href":"https:\/\/api.w.org\/{rel}","templated":true}]}}