{"id":224195,"date":"2025-02-06T17:35:00","date_gmt":"2025-02-06T20:35:00","guid":{"rendered":"https:\/\/www.gaveanews.com\/?p=224195"},"modified":"2025-02-06T17:12:11","modified_gmt":"2025-02-06T20:12:11","slug":"publicacao-de-luan-preocupa-torcedores-do-sao-paulo","status":"publish","type":"post","link":"https:\/\/www.gaveanews.com\/index.php\/2025\/02\/06\/publicacao-de-luan-preocupa-torcedores-do-sao-paulo\/","title":{"rendered":"Publica\u00e7\u00e3o de Luan preocupa torcedores do S\u00e3o Paulo"},"content":{"rendered":"\n<p>Na noite de quarta-feira (05), uma live misteriosa feita por Luan, volante do S\u00e3o Paulo, gerou grande preocupa\u00e7\u00e3o entre os torcedores e amigos do jogador.&nbsp;<\/p>\n\n\n\n<p>Durante a transmiss\u00e3o no Instagram, o atleta apareceu em um ambiente totalmente escuro, e por alguns instantes, era poss\u00edvel ouvir seus solu\u00e7os, possivelmente de choro, o que deixou os seguidores alarmados e especulando sobre o que estaria acontecendo com o jogador.&nbsp;<\/p>\n\n\n\n<h2 class=\"wp-block-heading\" id=\"h-o-que-a-publicacao-revelou-sobre-o-momento-de-luan\">O que a publica\u00e7\u00e3o revelou sobre o momento de Luan<\/h2>\n\n\n\n<p>A preocupa\u00e7\u00e3o dos torcedores aumentou quando, no mesmo dia, o jogador postou uma foto em preto e branco, usando a camisa do Tricolor Paulista no Morumbi.&nbsp;<\/p>\n\n\n\n<p>A imagem, aparentemente simples, gerou uma enxurrada de mensagens de apoio dos seguidores, que tentaram confort\u00e1-lo em um momento que, aparentemente, seria de grande fragilidade.&nbsp;<\/p>\n\n\n\n<p>Muitos acreditam que Luan est\u00e1 passando por uma fase complicada, e essa combina\u00e7\u00e3o de atitudes deixou os seguidores ainda mais apreensivos.<\/p>\n\n\n\n<blockquote class=\"twitter-tweet\"><p lang=\"pt\" dir=\"ltr\">Luan abriu uma LIVE na rede vizinha aparentemente chorando MUITO. N\u00e3o temos como confirmar se era ele, pois estava tudo escuro, mas era um homem.<br><br>Esperemos que fique tudo bem. <a href=\"https:\/\/t.co\/jJt2W0BtGz\">pic.twitter.com\/jJt2W0BtGz<\/a><\/p>&mdash; Central do S\u00e3o Paulo (@centraIsaopaulo) <a href=\"https:\/\/twitter.com\/centraIsaopaulo\/status\/1887342521782558915?ref_src=twsrc%5Etfw\">February 6, 2025<\/a><\/blockquote> <script async src=\"https:\/\/platform.twitter.com\/widgets.js\" charset=\"utf-8\"><\/script>\n\n\n\n<h2 class=\"wp-block-heading\" id=\"h-a-resposta-da-torcida-e-o-apoio-ao-volante\">A resposta da torcida e o apoio ao volante<\/h2>\n\n\n\n<p>Vale destacar que, embora o comportamento de Luan tenha gerado incertezas, a torcida do S\u00e3o Paulo tem demonstrado apoio incondicional. Nos coment\u00e1rios das publica\u00e7\u00f5es, diversos torcedores pediram para que o jogador se mantivesse firme, destacando o carinho que ele possui entre os torcedores do clube.&nbsp;<\/p>\n\n\n\n<p>Muitos acreditam que esse momento delicado \u00e9 apenas uma fase passageira e se prontificaram a ajudar o atleta a super\u00e1-la.<\/p>\n\n\n\n<p>Embora ainda n\u00e3o se tenha uma explica\u00e7\u00e3o oficial, a press\u00e3o sobre jogadores profissionais, especialmente em clubes como o S\u00e3o Paulo, pode muitas vezes refletir em momentos de ansiedade ou dificuldades emocionais. A cobran\u00e7a por resultados e a vida p\u00fablica intensa acabam gerando um impacto emocional que, muitas vezes, n\u00e3o \u00e9 vis\u00edvel para o p\u00fablico.<\/p>\n\n\n\n<p>Dessa maneira, a situa\u00e7\u00e3o de Luan precisa ser acompanhada de perto, pois pode ser um sinal de que ele est\u00e1 enfrentando desafios pessoais. A ajuda externa, seja do clube ou dos familiares, pode ser crucial para o jogador superar qualquer momento dif\u00edcil.<\/p>\n\n\n\n<p>Com isso, torcedores e amigos aguardam um pronunciamento do jogador ou do clube para esclarecer o que realmente aconteceu e como Luan est\u00e1 lidando com essa fase.&nbsp;<\/p>\n\n\n\n<p>Essa transpar\u00eancia ser\u00e1 importante para a continuidade de sua recupera\u00e7\u00e3o emocional e para garantir que o atleta possa voltar a focar no futebol com confian\u00e7a e for\u00e7a renovada.<\/p>\n","protected":false},"excerpt":{"rendered":"<p>Na noite de quarta-feira (05), uma live misteriosa feita por Luan, volante do S\u00e3o Paulo, gerou grande preocupa\u00e7\u00e3o entre os torcedores e amigos do jogador.&nbsp; Durante a transmiss\u00e3o no Instagram, o atleta apareceu em um ambiente totalmente escuro, e por alguns instantes, era poss\u00edvel ouvir seus solu\u00e7os, possivelmente de choro, o que deixou os seguidores [&hellip;]<\/p>\n","protected":false},"author":25,"featured_media":154451,"comment_status":"open","ping_status":"closed","sticky":false,"template":"","format":"standard","meta":{"footnotes":""},"categories":[151],"tags":[],"class_list":["post-224195","post","type-post","status-publish","format-standard","has-post-thumbnail","hentry","category-sao-paulo"],"yoast_head":"<!-- This site is optimized with the Yoast SEO Premium plugin v24.2 (Yoast SEO v26.9) - https:\/\/yoast.com\/product\/yoast-seo-premium-wordpress\/ -->\n<title>Publica\u00e7\u00e3o de Luan preocupa torcedores do S\u00e3o Paulo<\/title>\n<meta name=\"robots\" content=\"index, follow, max-snippet:-1, max-image-preview:large, max-video-preview:-1\" \/>\n<link rel=\"canonical\" href=\"https:\/\/www.gaveanews.com\/index.php\/2025\/02\/06\/publicacao-de-luan-preocupa-torcedores-do-sao-paulo\/\" \/>\n<meta property=\"og:locale\" content=\"pt_BR\" \/>\n<meta property=\"og:type\" content=\"article\" \/>\n<meta property=\"og:title\" content=\"Publica\u00e7\u00e3o de Luan preocupa torcedores do S\u00e3o Paulo\" \/>\n<meta property=\"og:description\" content=\"Na noite de quarta-feira (05), uma live misteriosa feita por Luan, volante do S\u00e3o Paulo, gerou grande preocupa\u00e7\u00e3o entre os torcedores e amigos do jogador.&nbsp; Durante a transmiss\u00e3o no Instagram, o atleta apareceu em um ambiente totalmente escuro, e por alguns instantes, era poss\u00edvel ouvir seus solu\u00e7os, possivelmente de choro, o que deixou os seguidores [&hellip;]\" \/>\n<meta property=\"og:url\" content=\"https:\/\/www.gaveanews.com\/index.php\/2025\/02\/06\/publicacao-de-luan-preocupa-torcedores-do-sao-paulo\/\" \/>\n<meta property=\"og:site_name\" content=\"G\u00e1vea News\" \/>\n<meta property=\"article:publisher\" content=\"https:\/\/facebook.com\/gaveaNews\/\" \/>\n<meta property=\"article:published_time\" content=\"2025-02-06T20:35:00+00:00\" \/>\n<meta property=\"og:image\" content=\"https:\/\/www.gaveanews.com\/wp-content\/uploads\/Escudo-do-Sao-Paulo.webp\" \/>\n\t<meta property=\"og:image:width\" content=\"977\" \/>\n\t<meta property=\"og:image:height\" content=\"651\" \/>\n\t<meta property=\"og:image:type\" content=\"image\/webp\" \/>\n<meta name=\"author\" content=\"Rafaela Ladeira\" \/>\n<meta name=\"twitter:card\" content=\"summary_large_image\" \/>\n<meta name=\"twitter:label1\" content=\"Escrito por\" \/>\n\t<meta name=\"twitter:data1\" content=\"Rafaela Ladeira\" \/>\n\t<meta name=\"twitter:label2\" content=\"Est. tempo de leitura\" \/>\n\t<meta name=\"twitter:data2\" content=\"3 minutos\" \/>\n<script type=\"application\/ld+json\" class=\"yoast-schema-graph\">{\"@context\":\"https:\/\/schema.org\",\"@graph\":[{\"@type\":\"NewsArticle\",\"@id\":\"https:\/\/www.gaveanews.com\/index.php\/2025\/02\/06\/publicacao-de-luan-preocupa-torcedores-do-sao-paulo\/#article\",\"isPartOf\":{\"@id\":\"https:\/\/www.gaveanews.com\/index.php\/2025\/02\/06\/publicacao-de-luan-preocupa-torcedores-do-sao-paulo\/\"},\"author\":{\"name\":\"Rafaela Ladeira\",\"@id\":\"https:\/\/www.gaveanews.com\/#\/schema\/person\/0eb3e3fe1754f0205218538adbe8f5ed\"},\"headline\":\"Publica\u00e7\u00e3o de Luan preocupa torcedores do S\u00e3o Paulo\",\"datePublished\":\"2025-02-06T20:35:00+00:00\",\"mainEntityOfPage\":{\"@id\":\"https:\/\/www.gaveanews.com\/index.php\/2025\/02\/06\/publicacao-de-luan-preocupa-torcedores-do-sao-paulo\/\"},\"wordCount\":459,\"commentCount\":0,\"image\":{\"@id\":\"https:\/\/www.gaveanews.com\/index.php\/2025\/02\/06\/publicacao-de-luan-preocupa-torcedores-do-sao-paulo\/#primaryimage\"},\"thumbnailUrl\":\"https:\/\/www.gaveanews.com\/wp-content\/uploads\/Escudo-do-Sao-Paulo.webp\",\"articleSection\":[\"S\u00e3o Paulo\"],\"inLanguage\":\"pt-BR\",\"potentialAction\":[{\"@type\":\"CommentAction\",\"name\":\"Comment\",\"target\":[\"https:\/\/www.gaveanews.com\/index.php\/2025\/02\/06\/publicacao-de-luan-preocupa-torcedores-do-sao-paulo\/#respond\"]}],\"copyrightYear\":\"2025\",\"copyrightHolder\":{\"@id\":\"https:\/\/www.gaveanews.com\/#organization\"}},{\"@type\":\"WebPage\",\"@id\":\"https:\/\/www.gaveanews.com\/index.php\/2025\/02\/06\/publicacao-de-luan-preocupa-torcedores-do-sao-paulo\/\",\"url\":\"https:\/\/www.gaveanews.com\/index.php\/2025\/02\/06\/publicacao-de-luan-preocupa-torcedores-do-sao-paulo\/\",\"name\":\"Publica\u00e7\u00e3o de Luan preocupa torcedores do S\u00e3o Paulo\",\"isPartOf\":{\"@id\":\"https:\/\/www.gaveanews.com\/#website\"},\"primaryImageOfPage\":{\"@id\":\"https:\/\/www.gaveanews.com\/index.php\/2025\/02\/06\/publicacao-de-luan-preocupa-torcedores-do-sao-paulo\/#primaryimage\"},\"image\":{\"@id\":\"https:\/\/www.gaveanews.com\/index.php\/2025\/02\/06\/publicacao-de-luan-preocupa-torcedores-do-sao-paulo\/#primaryimage\"},\"thumbnailUrl\":\"https:\/\/www.gaveanews.com\/wp-content\/uploads\/Escudo-do-Sao-Paulo.webp\",\"datePublished\":\"2025-02-06T20:35:00+00:00\",\"author\":{\"@id\":\"https:\/\/www.gaveanews.com\/#\/schema\/person\/0eb3e3fe1754f0205218538adbe8f5ed\"},\"breadcrumb\":{\"@id\":\"https:\/\/www.gaveanews.com\/index.php\/2025\/02\/06\/publicacao-de-luan-preocupa-torcedores-do-sao-paulo\/#breadcrumb\"},\"inLanguage\":\"pt-BR\",\"potentialAction\":[{\"@type\":\"ReadAction\",\"target\":[\"https:\/\/www.gaveanews.com\/index.php\/2025\/02\/06\/publicacao-de-luan-preocupa-torcedores-do-sao-paulo\/\"]}]},{\"@type\":\"ImageObject\",\"inLanguage\":\"pt-BR\",\"@id\":\"https:\/\/www.gaveanews.com\/index.php\/2025\/02\/06\/publicacao-de-luan-preocupa-torcedores-do-sao-paulo\/#primaryimage\",\"url\":\"https:\/\/www.gaveanews.com\/wp-content\/uploads\/Escudo-do-Sao-Paulo.webp\",\"contentUrl\":\"https:\/\/www.gaveanews.com\/wp-content\/uploads\/Escudo-do-Sao-Paulo.webp\",\"width\":977,\"height\":651,\"caption\":\"Escudo do S\u00e3o Paulo (Foto: Reprodu\u00e7\u00e3o\/S\u00e3o Paulo)\"},{\"@type\":\"BreadcrumbList\",\"@id\":\"https:\/\/www.gaveanews.com\/index.php\/2025\/02\/06\/publicacao-de-luan-preocupa-torcedores-do-sao-paulo\/#breadcrumb\",\"itemListElement\":[{\"@type\":\"ListItem\",\"position\":1,\"name\":\"Home\",\"item\":\"https:\/\/www.gaveanews.com\/\"},{\"@type\":\"ListItem\",\"position\":2,\"name\":\"Publica\u00e7\u00e3o de Luan preocupa torcedores do S\u00e3o Paulo\"}]},{\"@type\":\"WebSite\",\"@id\":\"https:\/\/www.gaveanews.com\/#website\",\"url\":\"https:\/\/www.gaveanews.com\/\",\"name\":\"G\u00e1vea News\",\"description\":\"Veja todas as not\u00edcias sobre o Flamengo: Contrata\u00e7\u00f5es, categorias de base, resultados das partidas, tabela de classifica\u00e7\u00e3o, pr\u00f3ximos jogos!\",\"potentialAction\":[{\"@type\":\"SearchAction\",\"target\":{\"@type\":\"EntryPoint\",\"urlTemplate\":\"https:\/\/www.gaveanews.com\/?s={search_term_string}\"},\"query-input\":{\"@type\":\"PropertyValueSpecification\",\"valueRequired\":true,\"valueName\":\"search_term_string\"}}],\"inLanguage\":\"pt-BR\"},{\"@type\":\"Person\",\"@id\":\"https:\/\/www.gaveanews.com\/#\/schema\/person\/0eb3e3fe1754f0205218538adbe8f5ed\",\"name\":\"Rafaela Ladeira\",\"image\":{\"@type\":\"ImageObject\",\"inLanguage\":\"pt-BR\",\"@id\":\"https:\/\/www.gaveanews.com\/#\/schema\/person\/image\/\",\"url\":\"https:\/\/secure.gravatar.com\/avatar\/c31f513acffd85eacab5730cbdfdbbf59f21ba5aeada8cd890acea879fbb2455?s=96&d=mm&r=g\",\"contentUrl\":\"https:\/\/secure.gravatar.com\/avatar\/c31f513acffd85eacab5730cbdfdbbf59f21ba5aeada8cd890acea879fbb2455?s=96&d=mm&r=g\",\"caption\":\"Rafaela Ladeira\"}}]}<\/script>\n<!-- \/ Yoast SEO Premium plugin. -->","yoast_head_json":{"title":"Publica\u00e7\u00e3o de Luan preocupa torcedores do S\u00e3o Paulo","robots":{"index":"index","follow":"follow","max-snippet":"max-snippet:-1","max-image-preview":"max-image-preview:large","max-video-preview":"max-video-preview:-1"},"canonical":"https:\/\/www.gaveanews.com\/index.php\/2025\/02\/06\/publicacao-de-luan-preocupa-torcedores-do-sao-paulo\/","og_locale":"pt_BR","og_type":"article","og_title":"Publica\u00e7\u00e3o de Luan preocupa torcedores do S\u00e3o Paulo","og_description":"Na noite de quarta-feira (05), uma live misteriosa feita por Luan, volante do S\u00e3o Paulo, gerou grande preocupa\u00e7\u00e3o entre os torcedores e amigos do jogador.&nbsp; Durante a transmiss\u00e3o no Instagram, o atleta apareceu em um ambiente totalmente escuro, e por alguns instantes, era poss\u00edvel ouvir seus solu\u00e7os, possivelmente de choro, o que deixou os seguidores [&hellip;]","og_url":"https:\/\/www.gaveanews.com\/index.php\/2025\/02\/06\/publicacao-de-luan-preocupa-torcedores-do-sao-paulo\/","og_site_name":"G\u00e1vea News","article_publisher":"https:\/\/facebook.com\/gaveaNews\/","article_published_time":"2025-02-06T20:35:00+00:00","og_image":[{"width":977,"height":651,"url":"https:\/\/www.gaveanews.com\/wp-content\/uploads\/Escudo-do-Sao-Paulo.webp","type":"image\/webp"}],"author":"Rafaela Ladeira","twitter_card":"summary_large_image","twitter_misc":{"Escrito por":"Rafaela Ladeira","Est. tempo de leitura":"3 minutos"},"schema":{"@context":"https:\/\/schema.org","@graph":[{"@type":"NewsArticle","@id":"https:\/\/www.gaveanews.com\/index.php\/2025\/02\/06\/publicacao-de-luan-preocupa-torcedores-do-sao-paulo\/#article","isPartOf":{"@id":"https:\/\/www.gaveanews.com\/index.php\/2025\/02\/06\/publicacao-de-luan-preocupa-torcedores-do-sao-paulo\/"},"author":{"name":"Rafaela Ladeira","@id":"https:\/\/www.gaveanews.com\/#\/schema\/person\/0eb3e3fe1754f0205218538adbe8f5ed"},"headline":"Publica\u00e7\u00e3o de Luan preocupa torcedores do S\u00e3o Paulo","datePublished":"2025-02-06T20:35:00+00:00","mainEntityOfPage":{"@id":"https:\/\/www.gaveanews.com\/index.php\/2025\/02\/06\/publicacao-de-luan-preocupa-torcedores-do-sao-paulo\/"},"wordCount":459,"commentCount":0,"image":{"@id":"https:\/\/www.gaveanews.com\/index.php\/2025\/02\/06\/publicacao-de-luan-preocupa-torcedores-do-sao-paulo\/#primaryimage"},"thumbnailUrl":"https:\/\/www.gaveanews.com\/wp-content\/uploads\/Escudo-do-Sao-Paulo.webp","articleSection":["S\u00e3o Paulo"],"inLanguage":"pt-BR","potentialAction":[{"@type":"CommentAction","name":"Comment","target":["https:\/\/www.gaveanews.com\/index.php\/2025\/02\/06\/publicacao-de-luan-preocupa-torcedores-do-sao-paulo\/#respond"]}],"copyrightYear":"2025","copyrightHolder":{"@id":"https:\/\/www.gaveanews.com\/#organization"}},{"@type":"WebPage","@id":"https:\/\/www.gaveanews.com\/index.php\/2025\/02\/06\/publicacao-de-luan-preocupa-torcedores-do-sao-paulo\/","url":"https:\/\/www.gaveanews.com\/index.php\/2025\/02\/06\/publicacao-de-luan-preocupa-torcedores-do-sao-paulo\/","name":"Publica\u00e7\u00e3o de Luan preocupa torcedores do S\u00e3o Paulo","isPartOf":{"@id":"https:\/\/www.gaveanews.com\/#website"},"primaryImageOfPage":{"@id":"https:\/\/www.gaveanews.com\/index.php\/2025\/02\/06\/publicacao-de-luan-preocupa-torcedores-do-sao-paulo\/#primaryimage"},"image":{"@id":"https:\/\/www.gaveanews.com\/index.php\/2025\/02\/06\/publicacao-de-luan-preocupa-torcedores-do-sao-paulo\/#primaryimage"},"thumbnailUrl":"https:\/\/www.gaveanews.com\/wp-content\/uploads\/Escudo-do-Sao-Paulo.webp","datePublished":"2025-02-06T20:35:00+00:00","author":{"@id":"https:\/\/www.gaveanews.com\/#\/schema\/person\/0eb3e3fe1754f0205218538adbe8f5ed"},"breadcrumb":{"@id":"https:\/\/www.gaveanews.com\/index.php\/2025\/02\/06\/publicacao-de-luan-preocupa-torcedores-do-sao-paulo\/#breadcrumb"},"inLanguage":"pt-BR","potentialAction":[{"@type":"ReadAction","target":["https:\/\/www.gaveanews.com\/index.php\/2025\/02\/06\/publicacao-de-luan-preocupa-torcedores-do-sao-paulo\/"]}]},{"@type":"ImageObject","inLanguage":"pt-BR","@id":"https:\/\/www.gaveanews.com\/index.php\/2025\/02\/06\/publicacao-de-luan-preocupa-torcedores-do-sao-paulo\/#primaryimage","url":"https:\/\/www.gaveanews.com\/wp-content\/uploads\/Escudo-do-Sao-Paulo.webp","contentUrl":"https:\/\/www.gaveanews.com\/wp-content\/uploads\/Escudo-do-Sao-Paulo.webp","width":977,"height":651,"caption":"Escudo do S\u00e3o Paulo (Foto: Reprodu\u00e7\u00e3o\/S\u00e3o Paulo)"},{"@type":"BreadcrumbList","@id":"https:\/\/www.gaveanews.com\/index.php\/2025\/02\/06\/publicacao-de-luan-preocupa-torcedores-do-sao-paulo\/#breadcrumb","itemListElement":[{"@type":"ListItem","position":1,"name":"Home","item":"https:\/\/www.gaveanews.com\/"},{"@type":"ListItem","position":2,"name":"Publica\u00e7\u00e3o de Luan preocupa torcedores do S\u00e3o Paulo"}]},{"@type":"WebSite","@id":"https:\/\/www.gaveanews.com\/#website","url":"https:\/\/www.gaveanews.com\/","name":"G\u00e1vea News","description":"Veja todas as not\u00edcias sobre o Flamengo: Contrata\u00e7\u00f5es, categorias de base, resultados das partidas, tabela de classifica\u00e7\u00e3o, pr\u00f3ximos jogos!","potentialAction":[{"@type":"SearchAction","target":{"@type":"EntryPoint","urlTemplate":"https:\/\/www.gaveanews.com\/?s={search_term_string}"},"query-input":{"@type":"PropertyValueSpecification","valueRequired":true,"valueName":"search_term_string"}}],"inLanguage":"pt-BR"},{"@type":"Person","@id":"https:\/\/www.gaveanews.com\/#\/schema\/person\/0eb3e3fe1754f0205218538adbe8f5ed","name":"Rafaela Ladeira","image":{"@type":"ImageObject","inLanguage":"pt-BR","@id":"https:\/\/www.gaveanews.com\/#\/schema\/person\/image\/","url":"https:\/\/secure.gravatar.com\/avatar\/c31f513acffd85eacab5730cbdfdbbf59f21ba5aeada8cd890acea879fbb2455?s=96&d=mm&r=g","contentUrl":"https:\/\/secure.gravatar.com\/avatar\/c31f513acffd85eacab5730cbdfdbbf59f21ba5aeada8cd890acea879fbb2455?s=96&d=mm&r=g","caption":"Rafaela Ladeira"}}]}},"_links":{"self":[{"href":"https:\/\/www.gaveanews.com\/index.php\/wp-json\/wp\/v2\/posts\/224195","targetHints":{"allow":["GET"]}}],"collection":[{"href":"https:\/\/www.gaveanews.com\/index.php\/wp-json\/wp\/v2\/posts"}],"about":[{"href":"https:\/\/www.gaveanews.com\/index.php\/wp-json\/wp\/v2\/types\/post"}],"author":[{"embeddable":true,"href":"https:\/\/www.gaveanews.com\/index.php\/wp-json\/wp\/v2\/users\/25"}],"replies":[{"embeddable":true,"href":"https:\/\/www.gaveanews.com\/index.php\/wp-json\/wp\/v2\/comments?post=224195"}],"version-history":[{"count":1,"href":"https:\/\/www.gaveanews.com\/index.php\/wp-json\/wp\/v2\/posts\/224195\/revisions"}],"predecessor-version":[{"id":224197,"href":"https:\/\/www.gaveanews.com\/index.php\/wp-json\/wp\/v2\/posts\/224195\/revisions\/224197"}],"wp:featuredmedia":[{"embeddable":true,"href":"https:\/\/www.gaveanews.com\/index.php\/wp-json\/wp\/v2\/media\/154451"}],"wp:attachment":[{"href":"https:\/\/www.gaveanews.com\/index.php\/wp-json\/wp\/v2\/media?parent=224195"}],"wp:term":[{"taxonomy":"category","embeddable":true,"href":"https:\/\/www.gaveanews.com\/index.php\/wp-json\/wp\/v2\/categories?post=224195"},{"taxonomy":"post_tag","embeddable":true,"href":"https:\/\/www.gaveanews.com\/index.php\/wp-json\/wp\/v2\/tags?post=224195"}],"curies":[{"name":"wp","href":"https:\/\/api.w.org\/{rel}","templated":true}]}}