{"id":224218,"date":"2025-02-06T21:25:00","date_gmt":"2025-02-07T00:25:00","guid":{"rendered":"https:\/\/www.gaveanews.com\/?p=224218"},"modified":"2025-02-06T18:33:36","modified_gmt":"2025-02-06T21:33:36","slug":"gremio-x-internacional-a-declaracao-de-kaique-rocha","status":"publish","type":"post","link":"https:\/\/www.gaveanews.com\/index.php\/2025\/02\/06\/gremio-x-internacional-a-declaracao-de-kaique-rocha\/","title":{"rendered":"Gr\u00eamio x Internacional: a declara\u00e7\u00e3o de Ka\u00edque Rocha"},"content":{"rendered":"\n<p>O clima de decis\u00e3o j\u00e1 tomou conta do vesti\u00e1rio do Internacional. Ap\u00f3s a vit\u00f3ria convincente contra o Brasil de Pelotas, o zagueiro Ka\u00edque Rocha falou sobre como o elenco est\u00e1 imerso na prepara\u00e7\u00e3o para o aguardado Gre-Nal 444.&nbsp;<\/p>\n\n\n\n<p>O confronto, que acontece no s\u00e1bado (08), na Arena, marcar\u00e1 a 6\u00aa rodada da fase classificat\u00f3ria do Campeonato Ga\u00facho de 2025 e promete ser um dos mais emocionantes da temporada.<\/p>\n\n\n\n<h2 class=\"wp-block-heading\" id=\"h-gre-nal-ja-faz-parte-da-rotina-colorada\">Gre-Nal j\u00e1 faz parte da rotina colorada<\/h2>\n\n\n\n<p>O foco do Internacional agora \u00e9 totalmente voltado para o Gre-Nal, e Ka\u00edque Rocha deixou claro esse clima de expectativa.&nbsp;<\/p>\n\n\n\n<p>&#8220;J\u00e1 come\u00e7ou desde hoje [o clima do Gre-Nal]. Agora o foco \u00e9 total. Sabemos que s\u00e1bado \u00e9 um dia especial, como em todos os outros Gre-Nais. Vamos pela vit\u00f3ria&#8221;, afirmou o defensor, destacando o peso que o cl\u00e1ssico tem na hist\u00f3ria do clube e como isso impacta a prepara\u00e7\u00e3o dos jogadores.&nbsp;<\/p>\n\n\n\n<p>Al\u00e9m disso, Ka\u00edque enalteceu a import\u00e2ncia da lideran\u00e7a de Andr\u00e9s D\u2019Alessandro, atual diretor esportivo do Inter.&nbsp;<\/p>\n\n\n\n<p>&#8220;Ele \u00e9 uma figura impactante para a torcida, para o clube. \u00c9 um \u00eddolo do clube. Sabe muito bem como jogar um Gre-Nal. J\u00e1 est\u00e1 nos motivando para s\u00e1bado&#8221;, completou.<\/p>\n\n\n\n<h2 class=\"wp-block-heading\" id=\"h-a-mobilizacao-para-o-classico-sabado-e-guerra\">A mobiliza\u00e7\u00e3o para o cl\u00e1ssico: \u201cS\u00e1bado \u00e9 guerra\u201d<\/h2>\n\n\n\n<p>Ka\u00edque tamb\u00e9m detalhou o papel de D\u2019Alessandro na prepara\u00e7\u00e3o do time. &#8220;Gritos e tudo mais. S\u00e1bado \u00e9 guerra. E vamos para cima&#8221;, disse o zagueiro, ressaltando a intensidade que esse jogo exige.&nbsp;<\/p>\n\n\n\n<p>&#8220;J\u00e1 come\u00e7ou. Sab\u00edamos da import\u00e2ncia do jogo de hoje. Sab\u00edamos que se o Internacional perdesse hoje, ficaria em uma situa\u00e7\u00e3o meio chata. A partir de agora estamos com a cabe\u00e7a no Gre-Nal&#8221;, completou Ka\u00edque, destacando a import\u00e2ncia de manter a concentra\u00e7\u00e3o e a disciplina at\u00e9 o dia da partida.<\/p>\n\n\n\n<h2 class=\"wp-block-heading\" id=\"h-o-inter-e-o-lider-do-campeonato-gaucho\">O Inter \u00e9 o l\u00edder do Campeonato Ga\u00facho<\/h2>\n\n\n\n<p>Vale destacar que, ap\u00f3s a vit\u00f3ria por 3 a 0 sobre o Brasil-PEL, o Internacional alcan\u00e7ou a lideran\u00e7a geral do Campeonato Ga\u00facho. Com 13 pontos, o time de Porto Alegre ultrapassou o Gr\u00eamio, que ficou com 10 ap\u00f3s a derrota para o Juventude. Sendo assim, o Colorado se prepara para o Gre-Nal com a melhor campanha da competi\u00e7\u00e3o at\u00e9 agora.&nbsp;<\/p>\n\n\n\n<p>Com isso, a expectativa \u00e9 de um cl\u00e1ssico ainda mais acirrado, com os dois times disputando a lideran\u00e7a do torneio e, mais importante, a vantagem para as semifinais.<\/p>\n","protected":false},"excerpt":{"rendered":"<p>O clima de decis\u00e3o j\u00e1 tomou conta do vesti\u00e1rio do Internacional. Ap\u00f3s a vit\u00f3ria convincente contra o Brasil de Pelotas, o zagueiro Ka\u00edque Rocha falou sobre como o elenco est\u00e1 imerso na prepara\u00e7\u00e3o para o aguardado Gre-Nal 444.&nbsp; O confronto, que acontece no s\u00e1bado (08), na Arena, marcar\u00e1 a 6\u00aa rodada da fase classificat\u00f3ria do [&hellip;]<\/p>\n","protected":false},"author":25,"featured_media":170288,"comment_status":"open","ping_status":"closed","sticky":false,"template":"","format":"standard","meta":{"footnotes":""},"categories":[147,148],"tags":[],"class_list":["post-224218","post","type-post","status-publish","format-standard","has-post-thumbnail","hentry","category-gremio","category-internacional"],"yoast_head":"<!-- This site is optimized with the Yoast SEO Premium plugin v24.2 (Yoast SEO v26.9) - https:\/\/yoast.com\/product\/yoast-seo-premium-wordpress\/ -->\n<title>Gr\u00eamio x Internacional: a declara\u00e7\u00e3o de Ka\u00edque Rocha<\/title>\n<meta name=\"robots\" content=\"index, follow, max-snippet:-1, max-image-preview:large, max-video-preview:-1\" \/>\n<link rel=\"canonical\" href=\"https:\/\/www.gaveanews.com\/index.php\/2025\/02\/06\/gremio-x-internacional-a-declaracao-de-kaique-rocha\/\" \/>\n<meta property=\"og:locale\" content=\"pt_BR\" \/>\n<meta property=\"og:type\" content=\"article\" \/>\n<meta property=\"og:title\" content=\"Gr\u00eamio x Internacional: a declara\u00e7\u00e3o de Ka\u00edque Rocha\" \/>\n<meta property=\"og:description\" content=\"O clima de decis\u00e3o j\u00e1 tomou conta do vesti\u00e1rio do Internacional. Ap\u00f3s a vit\u00f3ria convincente contra o Brasil de Pelotas, o zagueiro Ka\u00edque Rocha falou sobre como o elenco est\u00e1 imerso na prepara\u00e7\u00e3o para o aguardado Gre-Nal 444.&nbsp; O confronto, que acontece no s\u00e1bado (08), na Arena, marcar\u00e1 a 6\u00aa rodada da fase classificat\u00f3ria do [&hellip;]\" \/>\n<meta property=\"og:url\" content=\"https:\/\/www.gaveanews.com\/index.php\/2025\/02\/06\/gremio-x-internacional-a-declaracao-de-kaique-rocha\/\" \/>\n<meta property=\"og:site_name\" content=\"G\u00e1vea News\" \/>\n<meta property=\"article:publisher\" content=\"https:\/\/facebook.com\/gaveaNews\/\" \/>\n<meta property=\"article:published_time\" content=\"2025-02-07T00:25:00+00:00\" \/>\n<meta property=\"og:image\" content=\"https:\/\/www.gaveanews.com\/wp-content\/uploads\/Kaique-Rocha-em-acao-pelo-Athletico-PR.webp\" \/>\n\t<meta property=\"og:image:width\" content=\"774\" \/>\n\t<meta property=\"og:image:height\" content=\"485\" \/>\n\t<meta property=\"og:image:type\" content=\"image\/jpeg\" \/>\n<meta name=\"author\" content=\"Rafaela Ladeira\" \/>\n<meta name=\"twitter:card\" content=\"summary_large_image\" \/>\n<meta name=\"twitter:label1\" content=\"Escrito por\" \/>\n\t<meta name=\"twitter:data1\" content=\"Rafaela Ladeira\" \/>\n\t<meta name=\"twitter:label2\" content=\"Est. tempo de leitura\" \/>\n\t<meta name=\"twitter:data2\" content=\"3 minutos\" \/>\n<script type=\"application\/ld+json\" class=\"yoast-schema-graph\">{\"@context\":\"https:\/\/schema.org\",\"@graph\":[{\"@type\":\"NewsArticle\",\"@id\":\"https:\/\/www.gaveanews.com\/index.php\/2025\/02\/06\/gremio-x-internacional-a-declaracao-de-kaique-rocha\/#article\",\"isPartOf\":{\"@id\":\"https:\/\/www.gaveanews.com\/index.php\/2025\/02\/06\/gremio-x-internacional-a-declaracao-de-kaique-rocha\/\"},\"author\":{\"name\":\"Rafaela Ladeira\",\"@id\":\"https:\/\/www.gaveanews.com\/#\/schema\/person\/0eb3e3fe1754f0205218538adbe8f5ed\"},\"headline\":\"Gr\u00eamio x Internacional: a declara\u00e7\u00e3o de Ka\u00edque Rocha\",\"datePublished\":\"2025-02-07T00:25:00+00:00\",\"mainEntityOfPage\":{\"@id\":\"https:\/\/www.gaveanews.com\/index.php\/2025\/02\/06\/gremio-x-internacional-a-declaracao-de-kaique-rocha\/\"},\"wordCount\":429,\"commentCount\":0,\"image\":{\"@id\":\"https:\/\/www.gaveanews.com\/index.php\/2025\/02\/06\/gremio-x-internacional-a-declaracao-de-kaique-rocha\/#primaryimage\"},\"thumbnailUrl\":\"https:\/\/www.gaveanews.com\/wp-content\/uploads\/Kaique-Rocha-em-acao-pelo-Athletico-PR.webp\",\"articleSection\":[\"Gr\u00eamio\",\"Internacional\"],\"inLanguage\":\"pt-BR\",\"potentialAction\":[{\"@type\":\"CommentAction\",\"name\":\"Comment\",\"target\":[\"https:\/\/www.gaveanews.com\/index.php\/2025\/02\/06\/gremio-x-internacional-a-declaracao-de-kaique-rocha\/#respond\"]}],\"copyrightYear\":\"2025\",\"copyrightHolder\":{\"@id\":\"https:\/\/www.gaveanews.com\/#organization\"}},{\"@type\":\"WebPage\",\"@id\":\"https:\/\/www.gaveanews.com\/index.php\/2025\/02\/06\/gremio-x-internacional-a-declaracao-de-kaique-rocha\/\",\"url\":\"https:\/\/www.gaveanews.com\/index.php\/2025\/02\/06\/gremio-x-internacional-a-declaracao-de-kaique-rocha\/\",\"name\":\"Gr\u00eamio x Internacional: a declara\u00e7\u00e3o de Ka\u00edque Rocha\",\"isPartOf\":{\"@id\":\"https:\/\/www.gaveanews.com\/#website\"},\"primaryImageOfPage\":{\"@id\":\"https:\/\/www.gaveanews.com\/index.php\/2025\/02\/06\/gremio-x-internacional-a-declaracao-de-kaique-rocha\/#primaryimage\"},\"image\":{\"@id\":\"https:\/\/www.gaveanews.com\/index.php\/2025\/02\/06\/gremio-x-internacional-a-declaracao-de-kaique-rocha\/#primaryimage\"},\"thumbnailUrl\":\"https:\/\/www.gaveanews.com\/wp-content\/uploads\/Kaique-Rocha-em-acao-pelo-Athletico-PR.webp\",\"datePublished\":\"2025-02-07T00:25:00+00:00\",\"author\":{\"@id\":\"https:\/\/www.gaveanews.com\/#\/schema\/person\/0eb3e3fe1754f0205218538adbe8f5ed\"},\"breadcrumb\":{\"@id\":\"https:\/\/www.gaveanews.com\/index.php\/2025\/02\/06\/gremio-x-internacional-a-declaracao-de-kaique-rocha\/#breadcrumb\"},\"inLanguage\":\"pt-BR\",\"potentialAction\":[{\"@type\":\"ReadAction\",\"target\":[\"https:\/\/www.gaveanews.com\/index.php\/2025\/02\/06\/gremio-x-internacional-a-declaracao-de-kaique-rocha\/\"]}]},{\"@type\":\"ImageObject\",\"inLanguage\":\"pt-BR\",\"@id\":\"https:\/\/www.gaveanews.com\/index.php\/2025\/02\/06\/gremio-x-internacional-a-declaracao-de-kaique-rocha\/#primaryimage\",\"url\":\"https:\/\/www.gaveanews.com\/wp-content\/uploads\/Kaique-Rocha-em-acao-pelo-Athletico-PR.webp\",\"contentUrl\":\"https:\/\/www.gaveanews.com\/wp-content\/uploads\/Kaique-Rocha-em-acao-pelo-Athletico-PR.webp\",\"width\":774,\"height\":485,\"caption\":\"Kaique Rocha em a\u00e7\u00e3o pelo Athletico-PR (Foto: Jos\u00e9 Tramontin\/CAP)\"},{\"@type\":\"BreadcrumbList\",\"@id\":\"https:\/\/www.gaveanews.com\/index.php\/2025\/02\/06\/gremio-x-internacional-a-declaracao-de-kaique-rocha\/#breadcrumb\",\"itemListElement\":[{\"@type\":\"ListItem\",\"position\":1,\"name\":\"Home\",\"item\":\"https:\/\/www.gaveanews.com\/\"},{\"@type\":\"ListItem\",\"position\":2,\"name\":\"Gr\u00eamio x Internacional: a declara\u00e7\u00e3o de Ka\u00edque Rocha\"}]},{\"@type\":\"WebSite\",\"@id\":\"https:\/\/www.gaveanews.com\/#website\",\"url\":\"https:\/\/www.gaveanews.com\/\",\"name\":\"G\u00e1vea News\",\"description\":\"Veja todas as not\u00edcias sobre o Flamengo: Contrata\u00e7\u00f5es, categorias de base, resultados das partidas, tabela de classifica\u00e7\u00e3o, pr\u00f3ximos jogos!\",\"potentialAction\":[{\"@type\":\"SearchAction\",\"target\":{\"@type\":\"EntryPoint\",\"urlTemplate\":\"https:\/\/www.gaveanews.com\/?s={search_term_string}\"},\"query-input\":{\"@type\":\"PropertyValueSpecification\",\"valueRequired\":true,\"valueName\":\"search_term_string\"}}],\"inLanguage\":\"pt-BR\"},{\"@type\":\"Person\",\"@id\":\"https:\/\/www.gaveanews.com\/#\/schema\/person\/0eb3e3fe1754f0205218538adbe8f5ed\",\"name\":\"Rafaela Ladeira\",\"image\":{\"@type\":\"ImageObject\",\"inLanguage\":\"pt-BR\",\"@id\":\"https:\/\/www.gaveanews.com\/#\/schema\/person\/image\/\",\"url\":\"https:\/\/secure.gravatar.com\/avatar\/c31f513acffd85eacab5730cbdfdbbf59f21ba5aeada8cd890acea879fbb2455?s=96&d=mm&r=g\",\"contentUrl\":\"https:\/\/secure.gravatar.com\/avatar\/c31f513acffd85eacab5730cbdfdbbf59f21ba5aeada8cd890acea879fbb2455?s=96&d=mm&r=g\",\"caption\":\"Rafaela Ladeira\"}}]}<\/script>\n<!-- \/ Yoast SEO Premium plugin. -->","yoast_head_json":{"title":"Gr\u00eamio x Internacional: a declara\u00e7\u00e3o de Ka\u00edque Rocha","robots":{"index":"index","follow":"follow","max-snippet":"max-snippet:-1","max-image-preview":"max-image-preview:large","max-video-preview":"max-video-preview:-1"},"canonical":"https:\/\/www.gaveanews.com\/index.php\/2025\/02\/06\/gremio-x-internacional-a-declaracao-de-kaique-rocha\/","og_locale":"pt_BR","og_type":"article","og_title":"Gr\u00eamio x Internacional: a declara\u00e7\u00e3o de Ka\u00edque Rocha","og_description":"O clima de decis\u00e3o j\u00e1 tomou conta do vesti\u00e1rio do Internacional. Ap\u00f3s a vit\u00f3ria convincente contra o Brasil de Pelotas, o zagueiro Ka\u00edque Rocha falou sobre como o elenco est\u00e1 imerso na prepara\u00e7\u00e3o para o aguardado Gre-Nal 444.&nbsp; O confronto, que acontece no s\u00e1bado (08), na Arena, marcar\u00e1 a 6\u00aa rodada da fase classificat\u00f3ria do [&hellip;]","og_url":"https:\/\/www.gaveanews.com\/index.php\/2025\/02\/06\/gremio-x-internacional-a-declaracao-de-kaique-rocha\/","og_site_name":"G\u00e1vea News","article_publisher":"https:\/\/facebook.com\/gaveaNews\/","article_published_time":"2025-02-07T00:25:00+00:00","og_image":[{"width":774,"height":485,"url":"https:\/\/www.gaveanews.com\/wp-content\/uploads\/Kaique-Rocha-em-acao-pelo-Athletico-PR.webp","type":"image\/jpeg"}],"author":"Rafaela Ladeira","twitter_card":"summary_large_image","twitter_misc":{"Escrito por":"Rafaela Ladeira","Est. tempo de leitura":"3 minutos"},"schema":{"@context":"https:\/\/schema.org","@graph":[{"@type":"NewsArticle","@id":"https:\/\/www.gaveanews.com\/index.php\/2025\/02\/06\/gremio-x-internacional-a-declaracao-de-kaique-rocha\/#article","isPartOf":{"@id":"https:\/\/www.gaveanews.com\/index.php\/2025\/02\/06\/gremio-x-internacional-a-declaracao-de-kaique-rocha\/"},"author":{"name":"Rafaela Ladeira","@id":"https:\/\/www.gaveanews.com\/#\/schema\/person\/0eb3e3fe1754f0205218538adbe8f5ed"},"headline":"Gr\u00eamio x Internacional: a declara\u00e7\u00e3o de Ka\u00edque Rocha","datePublished":"2025-02-07T00:25:00+00:00","mainEntityOfPage":{"@id":"https:\/\/www.gaveanews.com\/index.php\/2025\/02\/06\/gremio-x-internacional-a-declaracao-de-kaique-rocha\/"},"wordCount":429,"commentCount":0,"image":{"@id":"https:\/\/www.gaveanews.com\/index.php\/2025\/02\/06\/gremio-x-internacional-a-declaracao-de-kaique-rocha\/#primaryimage"},"thumbnailUrl":"https:\/\/www.gaveanews.com\/wp-content\/uploads\/Kaique-Rocha-em-acao-pelo-Athletico-PR.webp","articleSection":["Gr\u00eamio","Internacional"],"inLanguage":"pt-BR","potentialAction":[{"@type":"CommentAction","name":"Comment","target":["https:\/\/www.gaveanews.com\/index.php\/2025\/02\/06\/gremio-x-internacional-a-declaracao-de-kaique-rocha\/#respond"]}],"copyrightYear":"2025","copyrightHolder":{"@id":"https:\/\/www.gaveanews.com\/#organization"}},{"@type":"WebPage","@id":"https:\/\/www.gaveanews.com\/index.php\/2025\/02\/06\/gremio-x-internacional-a-declaracao-de-kaique-rocha\/","url":"https:\/\/www.gaveanews.com\/index.php\/2025\/02\/06\/gremio-x-internacional-a-declaracao-de-kaique-rocha\/","name":"Gr\u00eamio x Internacional: a declara\u00e7\u00e3o de Ka\u00edque Rocha","isPartOf":{"@id":"https:\/\/www.gaveanews.com\/#website"},"primaryImageOfPage":{"@id":"https:\/\/www.gaveanews.com\/index.php\/2025\/02\/06\/gremio-x-internacional-a-declaracao-de-kaique-rocha\/#primaryimage"},"image":{"@id":"https:\/\/www.gaveanews.com\/index.php\/2025\/02\/06\/gremio-x-internacional-a-declaracao-de-kaique-rocha\/#primaryimage"},"thumbnailUrl":"https:\/\/www.gaveanews.com\/wp-content\/uploads\/Kaique-Rocha-em-acao-pelo-Athletico-PR.webp","datePublished":"2025-02-07T00:25:00+00:00","author":{"@id":"https:\/\/www.gaveanews.com\/#\/schema\/person\/0eb3e3fe1754f0205218538adbe8f5ed"},"breadcrumb":{"@id":"https:\/\/www.gaveanews.com\/index.php\/2025\/02\/06\/gremio-x-internacional-a-declaracao-de-kaique-rocha\/#breadcrumb"},"inLanguage":"pt-BR","potentialAction":[{"@type":"ReadAction","target":["https:\/\/www.gaveanews.com\/index.php\/2025\/02\/06\/gremio-x-internacional-a-declaracao-de-kaique-rocha\/"]}]},{"@type":"ImageObject","inLanguage":"pt-BR","@id":"https:\/\/www.gaveanews.com\/index.php\/2025\/02\/06\/gremio-x-internacional-a-declaracao-de-kaique-rocha\/#primaryimage","url":"https:\/\/www.gaveanews.com\/wp-content\/uploads\/Kaique-Rocha-em-acao-pelo-Athletico-PR.webp","contentUrl":"https:\/\/www.gaveanews.com\/wp-content\/uploads\/Kaique-Rocha-em-acao-pelo-Athletico-PR.webp","width":774,"height":485,"caption":"Kaique Rocha em a\u00e7\u00e3o pelo Athletico-PR (Foto: Jos\u00e9 Tramontin\/CAP)"},{"@type":"BreadcrumbList","@id":"https:\/\/www.gaveanews.com\/index.php\/2025\/02\/06\/gremio-x-internacional-a-declaracao-de-kaique-rocha\/#breadcrumb","itemListElement":[{"@type":"ListItem","position":1,"name":"Home","item":"https:\/\/www.gaveanews.com\/"},{"@type":"ListItem","position":2,"name":"Gr\u00eamio x Internacional: a declara\u00e7\u00e3o de Ka\u00edque Rocha"}]},{"@type":"WebSite","@id":"https:\/\/www.gaveanews.com\/#website","url":"https:\/\/www.gaveanews.com\/","name":"G\u00e1vea News","description":"Veja todas as not\u00edcias sobre o Flamengo: Contrata\u00e7\u00f5es, categorias de base, resultados das partidas, tabela de classifica\u00e7\u00e3o, pr\u00f3ximos jogos!","potentialAction":[{"@type":"SearchAction","target":{"@type":"EntryPoint","urlTemplate":"https:\/\/www.gaveanews.com\/?s={search_term_string}"},"query-input":{"@type":"PropertyValueSpecification","valueRequired":true,"valueName":"search_term_string"}}],"inLanguage":"pt-BR"},{"@type":"Person","@id":"https:\/\/www.gaveanews.com\/#\/schema\/person\/0eb3e3fe1754f0205218538adbe8f5ed","name":"Rafaela Ladeira","image":{"@type":"ImageObject","inLanguage":"pt-BR","@id":"https:\/\/www.gaveanews.com\/#\/schema\/person\/image\/","url":"https:\/\/secure.gravatar.com\/avatar\/c31f513acffd85eacab5730cbdfdbbf59f21ba5aeada8cd890acea879fbb2455?s=96&d=mm&r=g","contentUrl":"https:\/\/secure.gravatar.com\/avatar\/c31f513acffd85eacab5730cbdfdbbf59f21ba5aeada8cd890acea879fbb2455?s=96&d=mm&r=g","caption":"Rafaela Ladeira"}}]}},"_links":{"self":[{"href":"https:\/\/www.gaveanews.com\/index.php\/wp-json\/wp\/v2\/posts\/224218","targetHints":{"allow":["GET"]}}],"collection":[{"href":"https:\/\/www.gaveanews.com\/index.php\/wp-json\/wp\/v2\/posts"}],"about":[{"href":"https:\/\/www.gaveanews.com\/index.php\/wp-json\/wp\/v2\/types\/post"}],"author":[{"embeddable":true,"href":"https:\/\/www.gaveanews.com\/index.php\/wp-json\/wp\/v2\/users\/25"}],"replies":[{"embeddable":true,"href":"https:\/\/www.gaveanews.com\/index.php\/wp-json\/wp\/v2\/comments?post=224218"}],"version-history":[{"count":1,"href":"https:\/\/www.gaveanews.com\/index.php\/wp-json\/wp\/v2\/posts\/224218\/revisions"}],"predecessor-version":[{"id":224219,"href":"https:\/\/www.gaveanews.com\/index.php\/wp-json\/wp\/v2\/posts\/224218\/revisions\/224219"}],"wp:featuredmedia":[{"embeddable":true,"href":"https:\/\/www.gaveanews.com\/index.php\/wp-json\/wp\/v2\/media\/170288"}],"wp:attachment":[{"href":"https:\/\/www.gaveanews.com\/index.php\/wp-json\/wp\/v2\/media?parent=224218"}],"wp:term":[{"taxonomy":"category","embeddable":true,"href":"https:\/\/www.gaveanews.com\/index.php\/wp-json\/wp\/v2\/categories?post=224218"},{"taxonomy":"post_tag","embeddable":true,"href":"https:\/\/www.gaveanews.com\/index.php\/wp-json\/wp\/v2\/tags?post=224218"}],"curies":[{"name":"wp","href":"https:\/\/api.w.org\/{rel}","templated":true}]}}