{"id":224274,"date":"2025-02-07T00:00:00","date_gmt":"2025-02-07T03:00:00","guid":{"rendered":"https:\/\/www.gaveanews.com\/?p=224274"},"modified":"2025-02-06T23:08:00","modified_gmt":"2025-02-07T02:08:00","slug":"renato-mauricio-prado-exalta-jogador-do-flamengo-genialidade","status":"publish","type":"post","link":"https:\/\/www.gaveanews.com\/index.php\/2025\/02\/07\/renato-mauricio-prado-exalta-jogador-do-flamengo-genialidade\/","title":{"rendered":"Renato Mauricio Prado exalta jogador do Flamengo: &#8220;genialidade&#8221;"},"content":{"rendered":"\n<h2 class=\"wp-block-heading\" id=\"h-renato-mauricio-prado-exalta-arrascaeta-e-projeta-escalacao-ideal-do-flamengo-para-2025\">Renato Maur\u00edcio Prado exalta Arrascaeta e projeta escala\u00e7\u00e3o ideal do Flamengo para 2025<\/h2>\n\n\n\n<p>Renato Maur\u00edcio Prado elogiou Giorgian De Arrascaeta, destacando a capacidade do uruguaio de decidir partidas com lances inesperados. Em seu canal no YouTube, o jornalista ressaltou a qualidade do meia, mas questionou sua condi\u00e7\u00e3o f\u00edsica para atuar durante os 90 minutos.<\/p>\n\n\n\n<figure class=\"wp-block-image size-large\"><img loading=\"lazy\" decoding=\"async\" width=\"1024\" height=\"671\" src=\"http:\/\/www.gaveanews.com\/wp-content\/uploads\/Arrascaeta-em-acao-pelo-Flamengo-1-1024x671.webp\" alt=\"\" class=\"wp-image-169509\" srcset=\"https:\/\/www.gaveanews.com\/wp-content\/uploads\/Arrascaeta-em-acao-pelo-Flamengo-1-1024x671.webp 1024w, https:\/\/www.gaveanews.com\/wp-content\/uploads\/Arrascaeta-em-acao-pelo-Flamengo-1-300x197.webp 300w, https:\/\/www.gaveanews.com\/wp-content\/uploads\/Arrascaeta-em-acao-pelo-Flamengo-1-768x503.webp 768w, https:\/\/www.gaveanews.com\/wp-content\/uploads\/Arrascaeta-em-acao-pelo-Flamengo-1-641x420.webp 641w, https:\/\/www.gaveanews.com\/wp-content\/uploads\/Arrascaeta-em-acao-pelo-Flamengo-1-640x420.webp 640w, https:\/\/www.gaveanews.com\/wp-content\/uploads\/Arrascaeta-em-acao-pelo-Flamengo-1-681x446.webp 681w, https:\/\/www.gaveanews.com\/wp-content\/uploads\/Arrascaeta-em-acao-pelo-Flamengo-1-100x66.webp 100w, https:\/\/www.gaveanews.com\/wp-content\/uploads\/Arrascaeta-em-acao-pelo-Flamengo-1.webp 1170w\" sizes=\"auto, (max-width: 1024px) 100vw, 1024px\" \/><figcaption class=\"wp-element-caption\">Arrascaeta em a\u00e7\u00e3o pelo Flamengo (Foto: Gilvan de Souza\/CRF)<\/figcaption><\/figure>\n\n\n\n<p>\u201cJogador como o Arrascaeta voc\u00ea sempre pode esperar alguma coisa. Ele deu um passe primoroso, passe obsceno. Sempre tem lance de genialidade quando ele joga, mas ser\u00e1 que ele est\u00e1 pronto para jogar 90 minutos?\u201d, comentou.<\/p>\n\n\n\n<p>Arrascaeta se consolidou como um dos principais nomes do futebol brasileiro nos \u00faltimos anos, sendo pe\u00e7a fundamental no Flamengo. No entanto, a \u00faltima temporada foi marcada por problemas f\u00edsicos, algo que afetou n\u00e3o s\u00f3 seu desempenho, mas tamb\u00e9m o de outros jogadores do elenco.<\/p>\n\n\n\n<p>Al\u00e9m de elogiar o camisa 14, Renato Maur\u00edcio Prado apontou sua escala\u00e7\u00e3o ideal para o Flamengo em 2025, incluindo poss\u00edveis refor\u00e7os.<\/p>\n\n\n\n<p>\u201cO titular, na minha cabe\u00e7a, seria esse: Rossi; Wesley, Danilo, L\u00e9o Ortiz e Alex Sandro; Jorginho, De La Cruz, Arrascaeta, Gerson e dois atacantes. Juninho e Cebolinha, por exemplo\u201d, declarou.<\/p>\n\n\n\n<p>Mesmo com essa forma\u00e7\u00e3o, o jornalista destacou que Luiz Ara\u00fajo vive grande fase e est\u00e1 \u201cpedindo passagem\u201d no time titular, assim como Bruno Henrique. Outra novidade ser\u00e1 o retorno de Pedro, previsto para o meio do ano.<\/p>\n\n\n\n<p>O nome de Jorginho, do Arsenal, ainda n\u00e3o foi confirmado como refor\u00e7o, mas h\u00e1 possibilidade de acerto para a disputa do Super Mundial de Clubes da FIFA, que acontecer\u00e1 entre junho e julho.<\/p>\n\n\n\n<p>Com a conquista da Supercopa do Brasil sobre o Botafogo, o Flamengo come\u00e7ou a temporada de forma positiva e entra novamente como um dos favoritos aos principais t\u00edtulos. Com um dos elencos mais fortes da Am\u00e9rica do Sul, a expectativa \u00e9 alta para o desempenho da equipe sob o comando de Filipe Lu\u00eds.<\/p>\n","protected":false},"excerpt":{"rendered":"<p>Renato Maur\u00edcio Prado exalta Arrascaeta e projeta escala\u00e7\u00e3o ideal do Flamengo para 2025 Renato Maur\u00edcio Prado elogiou Giorgian De Arrascaeta, destacando a capacidade do uruguaio de decidir partidas com lances inesperados. Em seu canal no YouTube, o jornalista ressaltou a qualidade do meia, mas questionou sua condi\u00e7\u00e3o f\u00edsica para atuar durante os 90 minutos. \u201cJogador [&hellip;]<\/p>\n","protected":false},"author":17,"featured_media":124684,"comment_status":"open","ping_status":"closed","sticky":false,"template":"","format":"standard","meta":{"footnotes":""},"categories":[1],"tags":[],"class_list":["post-224274","post","type-post","status-publish","format-standard","has-post-thumbnail","hentry","category-flamengo"],"yoast_head":"<!-- This site is optimized with the Yoast SEO Premium plugin v24.2 (Yoast SEO v26.9) - https:\/\/yoast.com\/product\/yoast-seo-premium-wordpress\/ -->\n<title>Renato Mauricio Prado exalta jogador do Flamengo: &quot;genialidade&quot;<\/title>\n<meta name=\"robots\" content=\"index, follow, max-snippet:-1, max-image-preview:large, max-video-preview:-1\" \/>\n<link rel=\"canonical\" href=\"https:\/\/www.gaveanews.com\/index.php\/2025\/02\/07\/renato-mauricio-prado-exalta-jogador-do-flamengo-genialidade\/\" \/>\n<meta property=\"og:locale\" content=\"pt_BR\" \/>\n<meta property=\"og:type\" content=\"article\" \/>\n<meta property=\"og:title\" content=\"Renato Mauricio Prado exalta jogador do Flamengo: &quot;genialidade&quot;\" \/>\n<meta property=\"og:description\" content=\"Renato Maur\u00edcio Prado exalta Arrascaeta e projeta escala\u00e7\u00e3o ideal do Flamengo para 2025 Renato Maur\u00edcio Prado elogiou Giorgian De Arrascaeta, destacando a capacidade do uruguaio de decidir partidas com lances inesperados. Em seu canal no YouTube, o jornalista ressaltou a qualidade do meia, mas questionou sua condi\u00e7\u00e3o f\u00edsica para atuar durante os 90 minutos. \u201cJogador [&hellip;]\" \/>\n<meta property=\"og:url\" content=\"https:\/\/www.gaveanews.com\/index.php\/2025\/02\/07\/renato-mauricio-prado-exalta-jogador-do-flamengo-genialidade\/\" \/>\n<meta property=\"og:site_name\" content=\"G\u00e1vea News\" \/>\n<meta property=\"article:publisher\" content=\"https:\/\/facebook.com\/gaveaNews\/\" \/>\n<meta property=\"article:published_time\" content=\"2025-02-07T03:00:00+00:00\" \/>\n<meta property=\"og:image\" content=\"https:\/\/www.gaveanews.com\/wp-content\/uploads\/escudoDoFlamengo.webp\" \/>\n\t<meta property=\"og:image:width\" content=\"1095\" \/>\n\t<meta property=\"og:image:height\" content=\"730\" \/>\n\t<meta property=\"og:image:type\" content=\"image\/webp\" \/>\n<meta name=\"author\" content=\"Geovanna Thomaz\" \/>\n<meta name=\"twitter:card\" content=\"summary_large_image\" \/>\n<meta name=\"twitter:label1\" content=\"Escrito por\" \/>\n\t<meta name=\"twitter:data1\" content=\"Geovanna Thomaz\" \/>\n\t<meta name=\"twitter:label2\" content=\"Est. tempo de leitura\" \/>\n\t<meta name=\"twitter:data2\" content=\"3 minutos\" \/>\n<script type=\"application\/ld+json\" class=\"yoast-schema-graph\">{\"@context\":\"https:\/\/schema.org\",\"@graph\":[{\"@type\":\"NewsArticle\",\"@id\":\"https:\/\/www.gaveanews.com\/index.php\/2025\/02\/07\/renato-mauricio-prado-exalta-jogador-do-flamengo-genialidade\/#article\",\"isPartOf\":{\"@id\":\"https:\/\/www.gaveanews.com\/index.php\/2025\/02\/07\/renato-mauricio-prado-exalta-jogador-do-flamengo-genialidade\/\"},\"author\":{\"name\":\"Geovanna Thomaz\",\"@id\":\"https:\/\/www.gaveanews.com\/#\/schema\/person\/f42654babcd2b2014a1a65af82b081f1\"},\"headline\":\"Renato Mauricio Prado exalta jogador do Flamengo: &#8220;genialidade&#8221;\",\"datePublished\":\"2025-02-07T03:00:00+00:00\",\"mainEntityOfPage\":{\"@id\":\"https:\/\/www.gaveanews.com\/index.php\/2025\/02\/07\/renato-mauricio-prado-exalta-jogador-do-flamengo-genialidade\/\"},\"wordCount\":345,\"commentCount\":0,\"image\":{\"@id\":\"https:\/\/www.gaveanews.com\/index.php\/2025\/02\/07\/renato-mauricio-prado-exalta-jogador-do-flamengo-genialidade\/#primaryimage\"},\"thumbnailUrl\":\"https:\/\/www.gaveanews.com\/wp-content\/uploads\/escudoDoFlamengo.webp\",\"articleSection\":[\"Flamengo\"],\"inLanguage\":\"pt-BR\",\"potentialAction\":[{\"@type\":\"CommentAction\",\"name\":\"Comment\",\"target\":[\"https:\/\/www.gaveanews.com\/index.php\/2025\/02\/07\/renato-mauricio-prado-exalta-jogador-do-flamengo-genialidade\/#respond\"]}],\"copyrightYear\":\"2025\",\"copyrightHolder\":{\"@id\":\"https:\/\/www.gaveanews.com\/#organization\"}},{\"@type\":\"WebPage\",\"@id\":\"https:\/\/www.gaveanews.com\/index.php\/2025\/02\/07\/renato-mauricio-prado-exalta-jogador-do-flamengo-genialidade\/\",\"url\":\"https:\/\/www.gaveanews.com\/index.php\/2025\/02\/07\/renato-mauricio-prado-exalta-jogador-do-flamengo-genialidade\/\",\"name\":\"Renato Mauricio Prado exalta jogador do Flamengo: \\\"genialidade\\\"\",\"isPartOf\":{\"@id\":\"https:\/\/www.gaveanews.com\/#website\"},\"primaryImageOfPage\":{\"@id\":\"https:\/\/www.gaveanews.com\/index.php\/2025\/02\/07\/renato-mauricio-prado-exalta-jogador-do-flamengo-genialidade\/#primaryimage\"},\"image\":{\"@id\":\"https:\/\/www.gaveanews.com\/index.php\/2025\/02\/07\/renato-mauricio-prado-exalta-jogador-do-flamengo-genialidade\/#primaryimage\"},\"thumbnailUrl\":\"https:\/\/www.gaveanews.com\/wp-content\/uploads\/escudoDoFlamengo.webp\",\"datePublished\":\"2025-02-07T03:00:00+00:00\",\"author\":{\"@id\":\"https:\/\/www.gaveanews.com\/#\/schema\/person\/f42654babcd2b2014a1a65af82b081f1\"},\"breadcrumb\":{\"@id\":\"https:\/\/www.gaveanews.com\/index.php\/2025\/02\/07\/renato-mauricio-prado-exalta-jogador-do-flamengo-genialidade\/#breadcrumb\"},\"inLanguage\":\"pt-BR\",\"potentialAction\":[{\"@type\":\"ReadAction\",\"target\":[\"https:\/\/www.gaveanews.com\/index.php\/2025\/02\/07\/renato-mauricio-prado-exalta-jogador-do-flamengo-genialidade\/\"]}]},{\"@type\":\"ImageObject\",\"inLanguage\":\"pt-BR\",\"@id\":\"https:\/\/www.gaveanews.com\/index.php\/2025\/02\/07\/renato-mauricio-prado-exalta-jogador-do-flamengo-genialidade\/#primaryimage\",\"url\":\"https:\/\/www.gaveanews.com\/wp-content\/uploads\/escudoDoFlamengo.webp\",\"contentUrl\":\"https:\/\/www.gaveanews.com\/wp-content\/uploads\/escudoDoFlamengo.webp\",\"width\":1095,\"height\":730,\"caption\":\"Centro de treinamento do Flamengo (Foto: Reprodu\u00e7\u00e3o)\"},{\"@type\":\"BreadcrumbList\",\"@id\":\"https:\/\/www.gaveanews.com\/index.php\/2025\/02\/07\/renato-mauricio-prado-exalta-jogador-do-flamengo-genialidade\/#breadcrumb\",\"itemListElement\":[{\"@type\":\"ListItem\",\"position\":1,\"name\":\"Home\",\"item\":\"https:\/\/www.gaveanews.com\/\"},{\"@type\":\"ListItem\",\"position\":2,\"name\":\"Renato Mauricio Prado exalta jogador do Flamengo: &#8220;genialidade&#8221;\"}]},{\"@type\":\"WebSite\",\"@id\":\"https:\/\/www.gaveanews.com\/#website\",\"url\":\"https:\/\/www.gaveanews.com\/\",\"name\":\"G\u00e1vea News\",\"description\":\"Veja todas as not\u00edcias sobre o Flamengo: Contrata\u00e7\u00f5es, categorias de base, resultados das partidas, tabela de classifica\u00e7\u00e3o, pr\u00f3ximos jogos!\",\"potentialAction\":[{\"@type\":\"SearchAction\",\"target\":{\"@type\":\"EntryPoint\",\"urlTemplate\":\"https:\/\/www.gaveanews.com\/?s={search_term_string}\"},\"query-input\":{\"@type\":\"PropertyValueSpecification\",\"valueRequired\":true,\"valueName\":\"search_term_string\"}}],\"inLanguage\":\"pt-BR\"},{\"@type\":\"Person\",\"@id\":\"https:\/\/www.gaveanews.com\/#\/schema\/person\/f42654babcd2b2014a1a65af82b081f1\",\"name\":\"Geovanna Thomaz\",\"image\":{\"@type\":\"ImageObject\",\"inLanguage\":\"pt-BR\",\"@id\":\"https:\/\/www.gaveanews.com\/#\/schema\/person\/image\/\",\"url\":\"https:\/\/secure.gravatar.com\/avatar\/4092073255489533afb558984b49b64268c47198af8623cc82a925ae9fb7118a?s=96&d=mm&r=g\",\"contentUrl\":\"https:\/\/secure.gravatar.com\/avatar\/4092073255489533afb558984b49b64268c47198af8623cc82a925ae9fb7118a?s=96&d=mm&r=g\",\"caption\":\"Geovanna Thomaz\"}}]}<\/script>\n<!-- \/ Yoast SEO Premium plugin. -->","yoast_head_json":{"title":"Renato Mauricio Prado exalta jogador do Flamengo: \"genialidade\"","robots":{"index":"index","follow":"follow","max-snippet":"max-snippet:-1","max-image-preview":"max-image-preview:large","max-video-preview":"max-video-preview:-1"},"canonical":"https:\/\/www.gaveanews.com\/index.php\/2025\/02\/07\/renato-mauricio-prado-exalta-jogador-do-flamengo-genialidade\/","og_locale":"pt_BR","og_type":"article","og_title":"Renato Mauricio Prado exalta jogador do Flamengo: \"genialidade\"","og_description":"Renato Maur\u00edcio Prado exalta Arrascaeta e projeta escala\u00e7\u00e3o ideal do Flamengo para 2025 Renato Maur\u00edcio Prado elogiou Giorgian De Arrascaeta, destacando a capacidade do uruguaio de decidir partidas com lances inesperados. Em seu canal no YouTube, o jornalista ressaltou a qualidade do meia, mas questionou sua condi\u00e7\u00e3o f\u00edsica para atuar durante os 90 minutos. \u201cJogador [&hellip;]","og_url":"https:\/\/www.gaveanews.com\/index.php\/2025\/02\/07\/renato-mauricio-prado-exalta-jogador-do-flamengo-genialidade\/","og_site_name":"G\u00e1vea News","article_publisher":"https:\/\/facebook.com\/gaveaNews\/","article_published_time":"2025-02-07T03:00:00+00:00","og_image":[{"width":1095,"height":730,"url":"https:\/\/www.gaveanews.com\/wp-content\/uploads\/escudoDoFlamengo.webp","type":"image\/webp"}],"author":"Geovanna Thomaz","twitter_card":"summary_large_image","twitter_misc":{"Escrito por":"Geovanna Thomaz","Est. tempo de leitura":"3 minutos"},"schema":{"@context":"https:\/\/schema.org","@graph":[{"@type":"NewsArticle","@id":"https:\/\/www.gaveanews.com\/index.php\/2025\/02\/07\/renato-mauricio-prado-exalta-jogador-do-flamengo-genialidade\/#article","isPartOf":{"@id":"https:\/\/www.gaveanews.com\/index.php\/2025\/02\/07\/renato-mauricio-prado-exalta-jogador-do-flamengo-genialidade\/"},"author":{"name":"Geovanna Thomaz","@id":"https:\/\/www.gaveanews.com\/#\/schema\/person\/f42654babcd2b2014a1a65af82b081f1"},"headline":"Renato Mauricio Prado exalta jogador do Flamengo: &#8220;genialidade&#8221;","datePublished":"2025-02-07T03:00:00+00:00","mainEntityOfPage":{"@id":"https:\/\/www.gaveanews.com\/index.php\/2025\/02\/07\/renato-mauricio-prado-exalta-jogador-do-flamengo-genialidade\/"},"wordCount":345,"commentCount":0,"image":{"@id":"https:\/\/www.gaveanews.com\/index.php\/2025\/02\/07\/renato-mauricio-prado-exalta-jogador-do-flamengo-genialidade\/#primaryimage"},"thumbnailUrl":"https:\/\/www.gaveanews.com\/wp-content\/uploads\/escudoDoFlamengo.webp","articleSection":["Flamengo"],"inLanguage":"pt-BR","potentialAction":[{"@type":"CommentAction","name":"Comment","target":["https:\/\/www.gaveanews.com\/index.php\/2025\/02\/07\/renato-mauricio-prado-exalta-jogador-do-flamengo-genialidade\/#respond"]}],"copyrightYear":"2025","copyrightHolder":{"@id":"https:\/\/www.gaveanews.com\/#organization"}},{"@type":"WebPage","@id":"https:\/\/www.gaveanews.com\/index.php\/2025\/02\/07\/renato-mauricio-prado-exalta-jogador-do-flamengo-genialidade\/","url":"https:\/\/www.gaveanews.com\/index.php\/2025\/02\/07\/renato-mauricio-prado-exalta-jogador-do-flamengo-genialidade\/","name":"Renato Mauricio Prado exalta jogador do Flamengo: \"genialidade\"","isPartOf":{"@id":"https:\/\/www.gaveanews.com\/#website"},"primaryImageOfPage":{"@id":"https:\/\/www.gaveanews.com\/index.php\/2025\/02\/07\/renato-mauricio-prado-exalta-jogador-do-flamengo-genialidade\/#primaryimage"},"image":{"@id":"https:\/\/www.gaveanews.com\/index.php\/2025\/02\/07\/renato-mauricio-prado-exalta-jogador-do-flamengo-genialidade\/#primaryimage"},"thumbnailUrl":"https:\/\/www.gaveanews.com\/wp-content\/uploads\/escudoDoFlamengo.webp","datePublished":"2025-02-07T03:00:00+00:00","author":{"@id":"https:\/\/www.gaveanews.com\/#\/schema\/person\/f42654babcd2b2014a1a65af82b081f1"},"breadcrumb":{"@id":"https:\/\/www.gaveanews.com\/index.php\/2025\/02\/07\/renato-mauricio-prado-exalta-jogador-do-flamengo-genialidade\/#breadcrumb"},"inLanguage":"pt-BR","potentialAction":[{"@type":"ReadAction","target":["https:\/\/www.gaveanews.com\/index.php\/2025\/02\/07\/renato-mauricio-prado-exalta-jogador-do-flamengo-genialidade\/"]}]},{"@type":"ImageObject","inLanguage":"pt-BR","@id":"https:\/\/www.gaveanews.com\/index.php\/2025\/02\/07\/renato-mauricio-prado-exalta-jogador-do-flamengo-genialidade\/#primaryimage","url":"https:\/\/www.gaveanews.com\/wp-content\/uploads\/escudoDoFlamengo.webp","contentUrl":"https:\/\/www.gaveanews.com\/wp-content\/uploads\/escudoDoFlamengo.webp","width":1095,"height":730,"caption":"Centro de treinamento do Flamengo (Foto: Reprodu\u00e7\u00e3o)"},{"@type":"BreadcrumbList","@id":"https:\/\/www.gaveanews.com\/index.php\/2025\/02\/07\/renato-mauricio-prado-exalta-jogador-do-flamengo-genialidade\/#breadcrumb","itemListElement":[{"@type":"ListItem","position":1,"name":"Home","item":"https:\/\/www.gaveanews.com\/"},{"@type":"ListItem","position":2,"name":"Renato Mauricio Prado exalta jogador do Flamengo: &#8220;genialidade&#8221;"}]},{"@type":"WebSite","@id":"https:\/\/www.gaveanews.com\/#website","url":"https:\/\/www.gaveanews.com\/","name":"G\u00e1vea News","description":"Veja todas as not\u00edcias sobre o Flamengo: Contrata\u00e7\u00f5es, categorias de base, resultados das partidas, tabela de classifica\u00e7\u00e3o, pr\u00f3ximos jogos!","potentialAction":[{"@type":"SearchAction","target":{"@type":"EntryPoint","urlTemplate":"https:\/\/www.gaveanews.com\/?s={search_term_string}"},"query-input":{"@type":"PropertyValueSpecification","valueRequired":true,"valueName":"search_term_string"}}],"inLanguage":"pt-BR"},{"@type":"Person","@id":"https:\/\/www.gaveanews.com\/#\/schema\/person\/f42654babcd2b2014a1a65af82b081f1","name":"Geovanna Thomaz","image":{"@type":"ImageObject","inLanguage":"pt-BR","@id":"https:\/\/www.gaveanews.com\/#\/schema\/person\/image\/","url":"https:\/\/secure.gravatar.com\/avatar\/4092073255489533afb558984b49b64268c47198af8623cc82a925ae9fb7118a?s=96&d=mm&r=g","contentUrl":"https:\/\/secure.gravatar.com\/avatar\/4092073255489533afb558984b49b64268c47198af8623cc82a925ae9fb7118a?s=96&d=mm&r=g","caption":"Geovanna Thomaz"}}]}},"_links":{"self":[{"href":"https:\/\/www.gaveanews.com\/index.php\/wp-json\/wp\/v2\/posts\/224274","targetHints":{"allow":["GET"]}}],"collection":[{"href":"https:\/\/www.gaveanews.com\/index.php\/wp-json\/wp\/v2\/posts"}],"about":[{"href":"https:\/\/www.gaveanews.com\/index.php\/wp-json\/wp\/v2\/types\/post"}],"author":[{"embeddable":true,"href":"https:\/\/www.gaveanews.com\/index.php\/wp-json\/wp\/v2\/users\/17"}],"replies":[{"embeddable":true,"href":"https:\/\/www.gaveanews.com\/index.php\/wp-json\/wp\/v2\/comments?post=224274"}],"version-history":[{"count":2,"href":"https:\/\/www.gaveanews.com\/index.php\/wp-json\/wp\/v2\/posts\/224274\/revisions"}],"predecessor-version":[{"id":224276,"href":"https:\/\/www.gaveanews.com\/index.php\/wp-json\/wp\/v2\/posts\/224274\/revisions\/224276"}],"wp:featuredmedia":[{"embeddable":true,"href":"https:\/\/www.gaveanews.com\/index.php\/wp-json\/wp\/v2\/media\/124684"}],"wp:attachment":[{"href":"https:\/\/www.gaveanews.com\/index.php\/wp-json\/wp\/v2\/media?parent=224274"}],"wp:term":[{"taxonomy":"category","embeddable":true,"href":"https:\/\/www.gaveanews.com\/index.php\/wp-json\/wp\/v2\/categories?post=224274"},{"taxonomy":"post_tag","embeddable":true,"href":"https:\/\/www.gaveanews.com\/index.php\/wp-json\/wp\/v2\/tags?post=224274"}],"curies":[{"name":"wp","href":"https:\/\/api.w.org\/{rel}","templated":true}]}}