{"id":224302,"date":"2025-02-06T23:55:00","date_gmt":"2025-02-07T02:55:00","guid":{"rendered":"https:\/\/www.gaveanews.com\/?p=224302"},"modified":"2025-02-06T23:17:56","modified_gmt":"2025-02-07T02:17:56","slug":"gremio-rodrigo-ely-e-procurado-por-clube-da-europa","status":"publish","type":"post","link":"https:\/\/www.gaveanews.com\/index.php\/2025\/02\/06\/gremio-rodrigo-ely-e-procurado-por-clube-da-europa\/","title":{"rendered":"Gr\u00eamio: Rodrigo Ely \u00e9 procurado por clube da Europa"},"content":{"rendered":"\n<h2 class=\"wp-block-heading\" id=\"h-gremio-pode-perder-rodrigo-ely-para-o-almeria-mas-negocia-renovacao-de-contrato\">Gr\u00eamio pode perder Rodrigo Ely para o Almeria, mas negocia renova\u00e7\u00e3o de contrato<\/h2>\n\n\n\n<p>O Gr\u00eamio pode enfrentar uma perda importante nesta janela de transfer\u00eancias, j\u00e1 que o zagueiro Rodrigo Ely est\u00e1 na mira do Almeria, da Espanha. O interesse no jogador foi confirmado pelo CEO do clube espanhol, Mohamed El Assy, em entrevista coletiva nesta quinta-feira (6\/2). Segundo ele, Ely foi a escolha tanto do treinador Juan Francisco Ferrer Sicilia, conhecido como Rubi, quanto da diretoria, para dar a qualidade e lideran\u00e7a que a equipe necessita. O CEO destacou que, sem a op\u00e7\u00e3o de Rodrigo Ely, a comiss\u00e3o t\u00e9cnica do Almeria n\u00e3o via necessidade de refor\u00e7ar a defesa.<\/p>\n\n\n\n<p>Rodrigo Ely, de 31 anos, tem se destacado no Gr\u00eamio desde sua chegada, mas o Almeria, seu ex-clube, quer traz\u00ea-lo de volta \u00e0 Espanha. A negocia\u00e7\u00e3o, no entanto, n\u00e3o ser\u00e1 simples, j\u00e1 que o Gr\u00eamio demonstrou em diversas ocasi\u00f5es n\u00e3o ter interesse em negociar o atleta neste momento. De acordo com o jornalista Diego Torbes, o Tricolor pretende abrir conversas nas pr\u00f3ximas semanas para tratar da renova\u00e7\u00e3o do contrato com Rodrigo Ely. O objetivo do clube ga\u00facho \u00e9 estender o v\u00ednculo do jogador por mais dois anos, o que pode dificultar a sa\u00edda do defensor para o futebol europeu.<\/p>\n\n\n\n<p>Al\u00e9m de tentar segurar Rodrigo Ely, o Gr\u00eamio tamb\u00e9m est\u00e1 de olho no mercado para refor\u00e7ar seu elenco. Um dos alvos da equipe \u00e9 o zagueiro colombiano Willer Ditta, do Cruz Azul, do M\u00e9xico. No entanto, a negocia\u00e7\u00e3o pelo defensor de 28 anos envolve valores elevados, o que pode dificultar a transfer\u00eancia.<\/p>\n\n\n\n<p>Segundo o portal RTI Esporte, o Gr\u00eamio precisaria pagar 7 milh\u00f5es de d\u00f3lares (aproximadamente R$ 41 milh\u00f5es) para contratar Willer Ditta. Al\u00e9m disso, o jogador exigiria um sal\u00e1rio de 150 mil d\u00f3lares mensais (cerca de R$ 870 mil), o que representa uma grande negocia\u00e7\u00e3o financeira para o clube.<\/p>\n\n\n\n<p>Ditta, que tem contrato com o Cruz Azul at\u00e9 2028, \u00e9 considerado um dos destaques da defesa mexicana, e seu nome ganhou for\u00e7a nos \u00faltimos dias como refor\u00e7o para o setor defensivo do Gr\u00eamio. No entanto, o alto valor de sua contrata\u00e7\u00e3o e os custos envolvidos podem ser um obst\u00e1culo para que o Tricolor consiga concluir a negocia\u00e7\u00e3o com sucesso.<\/p>\n\n\n\n<p>Assim, o Gr\u00eamio segue com importantes decis\u00f5es para tomar nesta janela de transfer\u00eancias, com o futuro de Rodrigo Ely ainda em aberto e a tentativa de refor\u00e7ar o setor defensivo com a contrata\u00e7\u00e3o de Willer Ditta.<\/p>\n","protected":false},"excerpt":{"rendered":"<p>Gr\u00eamio pode perder Rodrigo Ely para o Almeria, mas negocia renova\u00e7\u00e3o de contrato O Gr\u00eamio pode enfrentar uma perda importante nesta janela de transfer\u00eancias, j\u00e1 que o zagueiro Rodrigo Ely est\u00e1 na mira do Almeria, da Espanha. O interesse no jogador foi confirmado pelo CEO do clube espanhol, Mohamed El Assy, em entrevista coletiva nesta [&hellip;]<\/p>\n","protected":false},"author":17,"featured_media":167370,"comment_status":"open","ping_status":"closed","sticky":false,"template":"","format":"standard","meta":{"footnotes":""},"categories":[147],"tags":[],"class_list":["post-224302","post","type-post","status-publish","format-standard","has-post-thumbnail","hentry","category-gremio"],"yoast_head":"<!-- This site is optimized with the Yoast SEO Premium plugin v24.2 (Yoast SEO v26.9) - https:\/\/yoast.com\/product\/yoast-seo-premium-wordpress\/ -->\n<title>Gr\u00eamio: Rodrigo Ely \u00e9 procurado por clube da Europa<\/title>\n<meta name=\"robots\" content=\"index, follow, max-snippet:-1, max-image-preview:large, max-video-preview:-1\" \/>\n<link rel=\"canonical\" href=\"https:\/\/www.gaveanews.com\/index.php\/2025\/02\/06\/gremio-rodrigo-ely-e-procurado-por-clube-da-europa\/\" \/>\n<meta property=\"og:locale\" content=\"pt_BR\" \/>\n<meta property=\"og:type\" content=\"article\" \/>\n<meta property=\"og:title\" content=\"Gr\u00eamio: Rodrigo Ely \u00e9 procurado por clube da Europa\" \/>\n<meta property=\"og:description\" content=\"Gr\u00eamio pode perder Rodrigo Ely para o Almeria, mas negocia renova\u00e7\u00e3o de contrato O Gr\u00eamio pode enfrentar uma perda importante nesta janela de transfer\u00eancias, j\u00e1 que o zagueiro Rodrigo Ely est\u00e1 na mira do Almeria, da Espanha. O interesse no jogador foi confirmado pelo CEO do clube espanhol, Mohamed El Assy, em entrevista coletiva nesta [&hellip;]\" \/>\n<meta property=\"og:url\" content=\"https:\/\/www.gaveanews.com\/index.php\/2025\/02\/06\/gremio-rodrigo-ely-e-procurado-por-clube-da-europa\/\" \/>\n<meta property=\"og:site_name\" content=\"G\u00e1vea News\" \/>\n<meta property=\"article:publisher\" content=\"https:\/\/facebook.com\/gaveaNews\/\" \/>\n<meta property=\"article:published_time\" content=\"2025-02-07T02:55:00+00:00\" \/>\n<meta property=\"og:image\" content=\"https:\/\/www.gaveanews.com\/wp-content\/uploads\/Rodrigo-Ely-pelo-Gremio.webp\" \/>\n\t<meta property=\"og:image:width\" content=\"1400\" \/>\n\t<meta property=\"og:image:height\" content=\"932\" \/>\n\t<meta property=\"og:image:type\" content=\"image\/jpeg\" \/>\n<meta name=\"author\" content=\"Geovanna Thomaz\" \/>\n<meta name=\"twitter:card\" content=\"summary_large_image\" \/>\n<meta name=\"twitter:label1\" content=\"Escrito por\" \/>\n\t<meta name=\"twitter:data1\" content=\"Geovanna Thomaz\" \/>\n\t<meta name=\"twitter:label2\" content=\"Est. tempo de leitura\" \/>\n\t<meta name=\"twitter:data2\" content=\"3 minutos\" \/>\n<script type=\"application\/ld+json\" class=\"yoast-schema-graph\">{\"@context\":\"https:\/\/schema.org\",\"@graph\":[{\"@type\":\"NewsArticle\",\"@id\":\"https:\/\/www.gaveanews.com\/index.php\/2025\/02\/06\/gremio-rodrigo-ely-e-procurado-por-clube-da-europa\/#article\",\"isPartOf\":{\"@id\":\"https:\/\/www.gaveanews.com\/index.php\/2025\/02\/06\/gremio-rodrigo-ely-e-procurado-por-clube-da-europa\/\"},\"author\":{\"name\":\"Geovanna Thomaz\",\"@id\":\"https:\/\/www.gaveanews.com\/#\/schema\/person\/f42654babcd2b2014a1a65af82b081f1\"},\"headline\":\"Gr\u00eamio: Rodrigo Ely \u00e9 procurado por clube da Europa\",\"datePublished\":\"2025-02-07T02:55:00+00:00\",\"mainEntityOfPage\":{\"@id\":\"https:\/\/www.gaveanews.com\/index.php\/2025\/02\/06\/gremio-rodrigo-ely-e-procurado-por-clube-da-europa\/\"},\"wordCount\":448,\"commentCount\":0,\"image\":{\"@id\":\"https:\/\/www.gaveanews.com\/index.php\/2025\/02\/06\/gremio-rodrigo-ely-e-procurado-por-clube-da-europa\/#primaryimage\"},\"thumbnailUrl\":\"https:\/\/www.gaveanews.com\/wp-content\/uploads\/Rodrigo-Ely-pelo-Gremio.webp\",\"articleSection\":[\"Gr\u00eamio\"],\"inLanguage\":\"pt-BR\",\"potentialAction\":[{\"@type\":\"CommentAction\",\"name\":\"Comment\",\"target\":[\"https:\/\/www.gaveanews.com\/index.php\/2025\/02\/06\/gremio-rodrigo-ely-e-procurado-por-clube-da-europa\/#respond\"]}],\"copyrightYear\":\"2025\",\"copyrightHolder\":{\"@id\":\"https:\/\/www.gaveanews.com\/#organization\"}},{\"@type\":\"WebPage\",\"@id\":\"https:\/\/www.gaveanews.com\/index.php\/2025\/02\/06\/gremio-rodrigo-ely-e-procurado-por-clube-da-europa\/\",\"url\":\"https:\/\/www.gaveanews.com\/index.php\/2025\/02\/06\/gremio-rodrigo-ely-e-procurado-por-clube-da-europa\/\",\"name\":\"Gr\u00eamio: Rodrigo Ely \u00e9 procurado por clube da Europa\",\"isPartOf\":{\"@id\":\"https:\/\/www.gaveanews.com\/#website\"},\"primaryImageOfPage\":{\"@id\":\"https:\/\/www.gaveanews.com\/index.php\/2025\/02\/06\/gremio-rodrigo-ely-e-procurado-por-clube-da-europa\/#primaryimage\"},\"image\":{\"@id\":\"https:\/\/www.gaveanews.com\/index.php\/2025\/02\/06\/gremio-rodrigo-ely-e-procurado-por-clube-da-europa\/#primaryimage\"},\"thumbnailUrl\":\"https:\/\/www.gaveanews.com\/wp-content\/uploads\/Rodrigo-Ely-pelo-Gremio.webp\",\"datePublished\":\"2025-02-07T02:55:00+00:00\",\"author\":{\"@id\":\"https:\/\/www.gaveanews.com\/#\/schema\/person\/f42654babcd2b2014a1a65af82b081f1\"},\"breadcrumb\":{\"@id\":\"https:\/\/www.gaveanews.com\/index.php\/2025\/02\/06\/gremio-rodrigo-ely-e-procurado-por-clube-da-europa\/#breadcrumb\"},\"inLanguage\":\"pt-BR\",\"potentialAction\":[{\"@type\":\"ReadAction\",\"target\":[\"https:\/\/www.gaveanews.com\/index.php\/2025\/02\/06\/gremio-rodrigo-ely-e-procurado-por-clube-da-europa\/\"]}]},{\"@type\":\"ImageObject\",\"inLanguage\":\"pt-BR\",\"@id\":\"https:\/\/www.gaveanews.com\/index.php\/2025\/02\/06\/gremio-rodrigo-ely-e-procurado-por-clube-da-europa\/#primaryimage\",\"url\":\"https:\/\/www.gaveanews.com\/wp-content\/uploads\/Rodrigo-Ely-pelo-Gremio.webp\",\"contentUrl\":\"https:\/\/www.gaveanews.com\/wp-content\/uploads\/Rodrigo-Ely-pelo-Gremio.webp\",\"width\":1400,\"height\":932,\"caption\":\"Rodrigo Ely pelo Gr\u00eamio (Foto: Lucas Uebel\/Gr\u00eamio)\"},{\"@type\":\"BreadcrumbList\",\"@id\":\"https:\/\/www.gaveanews.com\/index.php\/2025\/02\/06\/gremio-rodrigo-ely-e-procurado-por-clube-da-europa\/#breadcrumb\",\"itemListElement\":[{\"@type\":\"ListItem\",\"position\":1,\"name\":\"Home\",\"item\":\"https:\/\/www.gaveanews.com\/\"},{\"@type\":\"ListItem\",\"position\":2,\"name\":\"Gr\u00eamio: Rodrigo Ely \u00e9 procurado por clube da Europa\"}]},{\"@type\":\"WebSite\",\"@id\":\"https:\/\/www.gaveanews.com\/#website\",\"url\":\"https:\/\/www.gaveanews.com\/\",\"name\":\"G\u00e1vea News\",\"description\":\"Veja todas as not\u00edcias sobre o Flamengo: Contrata\u00e7\u00f5es, categorias de base, resultados das partidas, tabela de classifica\u00e7\u00e3o, pr\u00f3ximos jogos!\",\"potentialAction\":[{\"@type\":\"SearchAction\",\"target\":{\"@type\":\"EntryPoint\",\"urlTemplate\":\"https:\/\/www.gaveanews.com\/?s={search_term_string}\"},\"query-input\":{\"@type\":\"PropertyValueSpecification\",\"valueRequired\":true,\"valueName\":\"search_term_string\"}}],\"inLanguage\":\"pt-BR\"},{\"@type\":\"Person\",\"@id\":\"https:\/\/www.gaveanews.com\/#\/schema\/person\/f42654babcd2b2014a1a65af82b081f1\",\"name\":\"Geovanna Thomaz\",\"image\":{\"@type\":\"ImageObject\",\"inLanguage\":\"pt-BR\",\"@id\":\"https:\/\/www.gaveanews.com\/#\/schema\/person\/image\/\",\"url\":\"https:\/\/secure.gravatar.com\/avatar\/4092073255489533afb558984b49b64268c47198af8623cc82a925ae9fb7118a?s=96&d=mm&r=g\",\"contentUrl\":\"https:\/\/secure.gravatar.com\/avatar\/4092073255489533afb558984b49b64268c47198af8623cc82a925ae9fb7118a?s=96&d=mm&r=g\",\"caption\":\"Geovanna Thomaz\"}}]}<\/script>\n<!-- \/ Yoast SEO Premium plugin. -->","yoast_head_json":{"title":"Gr\u00eamio: Rodrigo Ely \u00e9 procurado por clube da Europa","robots":{"index":"index","follow":"follow","max-snippet":"max-snippet:-1","max-image-preview":"max-image-preview:large","max-video-preview":"max-video-preview:-1"},"canonical":"https:\/\/www.gaveanews.com\/index.php\/2025\/02\/06\/gremio-rodrigo-ely-e-procurado-por-clube-da-europa\/","og_locale":"pt_BR","og_type":"article","og_title":"Gr\u00eamio: Rodrigo Ely \u00e9 procurado por clube da Europa","og_description":"Gr\u00eamio pode perder Rodrigo Ely para o Almeria, mas negocia renova\u00e7\u00e3o de contrato O Gr\u00eamio pode enfrentar uma perda importante nesta janela de transfer\u00eancias, j\u00e1 que o zagueiro Rodrigo Ely est\u00e1 na mira do Almeria, da Espanha. O interesse no jogador foi confirmado pelo CEO do clube espanhol, Mohamed El Assy, em entrevista coletiva nesta [&hellip;]","og_url":"https:\/\/www.gaveanews.com\/index.php\/2025\/02\/06\/gremio-rodrigo-ely-e-procurado-por-clube-da-europa\/","og_site_name":"G\u00e1vea News","article_publisher":"https:\/\/facebook.com\/gaveaNews\/","article_published_time":"2025-02-07T02:55:00+00:00","og_image":[{"width":1400,"height":932,"url":"https:\/\/www.gaveanews.com\/wp-content\/uploads\/Rodrigo-Ely-pelo-Gremio.webp","type":"image\/jpeg"}],"author":"Geovanna Thomaz","twitter_card":"summary_large_image","twitter_misc":{"Escrito por":"Geovanna Thomaz","Est. tempo de leitura":"3 minutos"},"schema":{"@context":"https:\/\/schema.org","@graph":[{"@type":"NewsArticle","@id":"https:\/\/www.gaveanews.com\/index.php\/2025\/02\/06\/gremio-rodrigo-ely-e-procurado-por-clube-da-europa\/#article","isPartOf":{"@id":"https:\/\/www.gaveanews.com\/index.php\/2025\/02\/06\/gremio-rodrigo-ely-e-procurado-por-clube-da-europa\/"},"author":{"name":"Geovanna Thomaz","@id":"https:\/\/www.gaveanews.com\/#\/schema\/person\/f42654babcd2b2014a1a65af82b081f1"},"headline":"Gr\u00eamio: Rodrigo Ely \u00e9 procurado por clube da Europa","datePublished":"2025-02-07T02:55:00+00:00","mainEntityOfPage":{"@id":"https:\/\/www.gaveanews.com\/index.php\/2025\/02\/06\/gremio-rodrigo-ely-e-procurado-por-clube-da-europa\/"},"wordCount":448,"commentCount":0,"image":{"@id":"https:\/\/www.gaveanews.com\/index.php\/2025\/02\/06\/gremio-rodrigo-ely-e-procurado-por-clube-da-europa\/#primaryimage"},"thumbnailUrl":"https:\/\/www.gaveanews.com\/wp-content\/uploads\/Rodrigo-Ely-pelo-Gremio.webp","articleSection":["Gr\u00eamio"],"inLanguage":"pt-BR","potentialAction":[{"@type":"CommentAction","name":"Comment","target":["https:\/\/www.gaveanews.com\/index.php\/2025\/02\/06\/gremio-rodrigo-ely-e-procurado-por-clube-da-europa\/#respond"]}],"copyrightYear":"2025","copyrightHolder":{"@id":"https:\/\/www.gaveanews.com\/#organization"}},{"@type":"WebPage","@id":"https:\/\/www.gaveanews.com\/index.php\/2025\/02\/06\/gremio-rodrigo-ely-e-procurado-por-clube-da-europa\/","url":"https:\/\/www.gaveanews.com\/index.php\/2025\/02\/06\/gremio-rodrigo-ely-e-procurado-por-clube-da-europa\/","name":"Gr\u00eamio: Rodrigo Ely \u00e9 procurado por clube da Europa","isPartOf":{"@id":"https:\/\/www.gaveanews.com\/#website"},"primaryImageOfPage":{"@id":"https:\/\/www.gaveanews.com\/index.php\/2025\/02\/06\/gremio-rodrigo-ely-e-procurado-por-clube-da-europa\/#primaryimage"},"image":{"@id":"https:\/\/www.gaveanews.com\/index.php\/2025\/02\/06\/gremio-rodrigo-ely-e-procurado-por-clube-da-europa\/#primaryimage"},"thumbnailUrl":"https:\/\/www.gaveanews.com\/wp-content\/uploads\/Rodrigo-Ely-pelo-Gremio.webp","datePublished":"2025-02-07T02:55:00+00:00","author":{"@id":"https:\/\/www.gaveanews.com\/#\/schema\/person\/f42654babcd2b2014a1a65af82b081f1"},"breadcrumb":{"@id":"https:\/\/www.gaveanews.com\/index.php\/2025\/02\/06\/gremio-rodrigo-ely-e-procurado-por-clube-da-europa\/#breadcrumb"},"inLanguage":"pt-BR","potentialAction":[{"@type":"ReadAction","target":["https:\/\/www.gaveanews.com\/index.php\/2025\/02\/06\/gremio-rodrigo-ely-e-procurado-por-clube-da-europa\/"]}]},{"@type":"ImageObject","inLanguage":"pt-BR","@id":"https:\/\/www.gaveanews.com\/index.php\/2025\/02\/06\/gremio-rodrigo-ely-e-procurado-por-clube-da-europa\/#primaryimage","url":"https:\/\/www.gaveanews.com\/wp-content\/uploads\/Rodrigo-Ely-pelo-Gremio.webp","contentUrl":"https:\/\/www.gaveanews.com\/wp-content\/uploads\/Rodrigo-Ely-pelo-Gremio.webp","width":1400,"height":932,"caption":"Rodrigo Ely pelo Gr\u00eamio (Foto: Lucas Uebel\/Gr\u00eamio)"},{"@type":"BreadcrumbList","@id":"https:\/\/www.gaveanews.com\/index.php\/2025\/02\/06\/gremio-rodrigo-ely-e-procurado-por-clube-da-europa\/#breadcrumb","itemListElement":[{"@type":"ListItem","position":1,"name":"Home","item":"https:\/\/www.gaveanews.com\/"},{"@type":"ListItem","position":2,"name":"Gr\u00eamio: Rodrigo Ely \u00e9 procurado por clube da Europa"}]},{"@type":"WebSite","@id":"https:\/\/www.gaveanews.com\/#website","url":"https:\/\/www.gaveanews.com\/","name":"G\u00e1vea News","description":"Veja todas as not\u00edcias sobre o Flamengo: Contrata\u00e7\u00f5es, categorias de base, resultados das partidas, tabela de classifica\u00e7\u00e3o, pr\u00f3ximos jogos!","potentialAction":[{"@type":"SearchAction","target":{"@type":"EntryPoint","urlTemplate":"https:\/\/www.gaveanews.com\/?s={search_term_string}"},"query-input":{"@type":"PropertyValueSpecification","valueRequired":true,"valueName":"search_term_string"}}],"inLanguage":"pt-BR"},{"@type":"Person","@id":"https:\/\/www.gaveanews.com\/#\/schema\/person\/f42654babcd2b2014a1a65af82b081f1","name":"Geovanna Thomaz","image":{"@type":"ImageObject","inLanguage":"pt-BR","@id":"https:\/\/www.gaveanews.com\/#\/schema\/person\/image\/","url":"https:\/\/secure.gravatar.com\/avatar\/4092073255489533afb558984b49b64268c47198af8623cc82a925ae9fb7118a?s=96&d=mm&r=g","contentUrl":"https:\/\/secure.gravatar.com\/avatar\/4092073255489533afb558984b49b64268c47198af8623cc82a925ae9fb7118a?s=96&d=mm&r=g","caption":"Geovanna Thomaz"}}]}},"_links":{"self":[{"href":"https:\/\/www.gaveanews.com\/index.php\/wp-json\/wp\/v2\/posts\/224302","targetHints":{"allow":["GET"]}}],"collection":[{"href":"https:\/\/www.gaveanews.com\/index.php\/wp-json\/wp\/v2\/posts"}],"about":[{"href":"https:\/\/www.gaveanews.com\/index.php\/wp-json\/wp\/v2\/types\/post"}],"author":[{"embeddable":true,"href":"https:\/\/www.gaveanews.com\/index.php\/wp-json\/wp\/v2\/users\/17"}],"replies":[{"embeddable":true,"href":"https:\/\/www.gaveanews.com\/index.php\/wp-json\/wp\/v2\/comments?post=224302"}],"version-history":[{"count":1,"href":"https:\/\/www.gaveanews.com\/index.php\/wp-json\/wp\/v2\/posts\/224302\/revisions"}],"predecessor-version":[{"id":224306,"href":"https:\/\/www.gaveanews.com\/index.php\/wp-json\/wp\/v2\/posts\/224302\/revisions\/224306"}],"wp:featuredmedia":[{"embeddable":true,"href":"https:\/\/www.gaveanews.com\/index.php\/wp-json\/wp\/v2\/media\/167370"}],"wp:attachment":[{"href":"https:\/\/www.gaveanews.com\/index.php\/wp-json\/wp\/v2\/media?parent=224302"}],"wp:term":[{"taxonomy":"category","embeddable":true,"href":"https:\/\/www.gaveanews.com\/index.php\/wp-json\/wp\/v2\/categories?post=224302"},{"taxonomy":"post_tag","embeddable":true,"href":"https:\/\/www.gaveanews.com\/index.php\/wp-json\/wp\/v2\/tags?post=224302"}],"curies":[{"name":"wp","href":"https:\/\/api.w.org\/{rel}","templated":true}]}}