{"id":224308,"date":"2025-02-06T19:30:00","date_gmt":"2025-02-06T22:30:00","guid":{"rendered":"https:\/\/www.gaveanews.com\/?p=224308"},"modified":"2025-02-06T19:16:13","modified_gmt":"2025-02-06T22:16:13","slug":"reforco-para-partida-declaracao-de-neto-e-detalhes-do-aviao-as-ultimas-noticias-do-sao-paulo","status":"publish","type":"post","link":"https:\/\/www.gaveanews.com\/index.php\/2025\/02\/06\/reforco-para-partida-declaracao-de-neto-e-detalhes-do-aviao-as-ultimas-noticias-do-sao-paulo\/","title":{"rendered":"Refor\u00e7o para partida, declara\u00e7\u00e3o de Neto e detalhes do avi\u00e3o: as \u00faltimas not\u00edcias do S\u00e3o Paulo"},"content":{"rendered":"\n<p>Nas \u00faltimas horas, o foco das not\u00edcias sobre o S\u00e3o Paulo se concentram nos bastidores do<br>clube, com destaques do dia a dia do time.<\/p>\n\n\n\n<p>Por conta deste contexto, leia abaixo um resumo preparado pela equipe do portal G\u00e1vea News para lhe manter muito bem informado!<\/p>\n\n\n\n<h2 class=\"wp-block-heading\" id=\"h-detalhes-do-aviao\">Detalhes do avi\u00e3o <\/h2>\n\n\n\n<p>O S\u00e3o Paulo anunciou que passar\u00e1 a utilizar o Boeing 737-700 Next Generation (NG) para o transporte de sua delega\u00e7\u00e3o em jogos fora de casa. A aeronave, que j\u00e1 est\u00e1 em solo brasileiro, ser\u00e1 operada pela companhia Sideral e permitir\u00e1 ao clube maior autonomia na defini\u00e7\u00e3o de hor\u00e1rios de voos, sem depender da malha a\u00e9rea comercial. Com essa mudan\u00e7a, o Tricolor busca otimizar a log\u00edstica de deslocamentos e oferecer mais conforto aos jogadores (<strong><a href=\"https:\/\/www.gaveanews.com\/index.php\/2025\/02\/05\/veja-detalhes-sobre-o-aviao-do-sao-paulo\/\">leia a mat\u00e9ria completa).<\/a><\/strong><\/p>\n\n\n\n<figure class=\"wp-block-image size-large\"><img loading=\"lazy\" decoding=\"async\" width=\"1024\" height=\"643\" src=\"http:\/\/www.gaveanews.com\/wp-content\/uploads\/Aviao-decolando-1024x643.webp\" alt=\"\" class=\"wp-image-165464\" srcset=\"https:\/\/www.gaveanews.com\/wp-content\/uploads\/Aviao-decolando-1024x643.webp 1024w, https:\/\/www.gaveanews.com\/wp-content\/uploads\/Aviao-decolando-300x188.webp 300w, https:\/\/www.gaveanews.com\/wp-content\/uploads\/Aviao-decolando-768x482.webp 768w, https:\/\/www.gaveanews.com\/wp-content\/uploads\/Aviao-decolando-669x420.webp 669w, https:\/\/www.gaveanews.com\/wp-content\/uploads\/Aviao-decolando-640x402.webp 640w, https:\/\/www.gaveanews.com\/wp-content\/uploads\/Aviao-decolando-1280x803.webp 1280w, https:\/\/www.gaveanews.com\/wp-content\/uploads\/Aviao-decolando-681x427.webp 681w, https:\/\/www.gaveanews.com\/wp-content\/uploads\/Aviao-decolando-100x63.webp 100w, https:\/\/www.gaveanews.com\/wp-content\/uploads\/Aviao-decolando.webp 1300w\" sizes=\"auto, (max-width: 1024px) 100vw, 1024px\" \/><figcaption class=\"wp-element-caption\">Avi\u00e3o decolando (Foto: Pexels)<\/figcaption><\/figure>\n\n\n\n<p>O avi\u00e3o, originalmente projetado para 140 passageiros, foi modificado para acomodar apenas 64 assentos, garantindo mais espa\u00e7o para os atletas se recuperarem durante as viagens. <\/p>\n\n\n\n<p>Al\u00e9m disso, o clube implementar\u00e1 um controle rigoroso sobre a alimenta\u00e7\u00e3o dos jogadores durante os trajetos, seguindo um planejamento nutricional adequado. Outra vantagem \u00e9 a autonomia da aeronave, que permitir\u00e1 voos diretos para qualquer destino na Am\u00e9rica do Sul, eliminando a necessidade de escalas.<\/p>\n\n\n\n<p>O Boeing 737-700 NG tem especifica\u00e7\u00f5es robustas, com velocidade de cruzeiro de 850 km\/h e alcance de at\u00e9 5.500 quil\u00f4metros. Com essa iniciativa, o S\u00e3o Paulo moderniza sua log\u00edstica, proporcionando melhores condi\u00e7\u00f5es de deslocamento para seus atletas e refor\u00e7ando sua estrutura de alto n\u00edvel para a temporada de 2025.<\/p>\n\n\n\n<h2 class=\"wp-block-heading\" id=\"h-declaracao-de-neto\">Declara\u00e7\u00e3o de Neto<\/h2>\n\n\n\n<p>Durante o programa <em>Os Donos da Bola<\/em>, Craque Neto rasgou elogios ao jovem atacante Ryan Francisco, do S\u00e3o Paulo, classificando-o como &#8220;um diamante&#8221; do futebol brasileiro. O comentarista tamb\u00e9m questionou como o Palmeiras deixou o jogador sair de suas categorias de base. Ryan foi um dos grandes destaques da Copa S\u00e3o Paulo de Futebol J\u00fanior, onde foi campe\u00e3o, eleito o melhor jogador e terminou como artilheiro da competi\u00e7\u00e3o, com dez gols marcados<strong><a href=\"https:\/\/www.gaveanews.com\/index.php\/2025\/02\/04\/craque-neto-rasga-elogios-para-atacante-do-sao-paulo-um-diamante\/\"> (leia a mat\u00e9ria completa).<\/a><\/strong><\/p>\n\n\n\n<figure class=\"wp-block-image size-full\"><img loading=\"lazy\" decoding=\"async\" width=\"846\" height=\"476\" src=\"http:\/\/www.gaveanews.com\/wp-content\/uploads\/Comentarista-Neto-em-programa-da-Band.webp\" alt=\"\" class=\"wp-image-71983\" srcset=\"https:\/\/www.gaveanews.com\/wp-content\/uploads\/Comentarista-Neto-em-programa-da-Band.webp 846w, https:\/\/www.gaveanews.com\/wp-content\/uploads\/Comentarista-Neto-em-programa-da-Band-300x169.webp 300w, https:\/\/www.gaveanews.com\/wp-content\/uploads\/Comentarista-Neto-em-programa-da-Band-768x432.webp 768w, https:\/\/www.gaveanews.com\/wp-content\/uploads\/Comentarista-Neto-em-programa-da-Band-746x420.webp 746w, https:\/\/www.gaveanews.com\/wp-content\/uploads\/Comentarista-Neto-em-programa-da-Band-640x360.webp 640w, https:\/\/www.gaveanews.com\/wp-content\/uploads\/Comentarista-Neto-em-programa-da-Band-681x383.webp 681w, https:\/\/www.gaveanews.com\/wp-content\/uploads\/Comentarista-Neto-em-programa-da-Band-100x56.webp 100w\" sizes=\"auto, (max-width: 846px) 100vw, 846px\" \/><figcaption class=\"wp-element-caption\">Comentarista Neto em programa da Band (Foto: Reprodu\u00e7\u00e3o\/Band)<\/figcaption><\/figure>\n\n\n\n<p>No profissional, o atacante j\u00e1 come\u00e7ou a mostrar seu talento. No \u00faltimo jogo do S\u00e3o Paulo pelo Campeonato Paulista, contra a Portuguesa, ele entrou nos minutos finais e garantiu a vit\u00f3ria com um gol decisivo no Pacaembu. Com apenas quatro partidas disputadas na equipe principal, Ryan Francisco demonstra grande potencial e deve receber mais oportunidades do t\u00e9cnico Luis Zubeld\u00eda, especialmente no pr\u00f3ximo confronto contra o Mirassol.<\/p>\n\n\n\n<p>Al\u00e9m de exaltar Ryan, Neto tamb\u00e9m elogiou Est\u00eav\u00e3o, jovem promessa do Palmeiras, comparando seu estilo de jogo ao de Neymar. Segundo o comentarista, embora Neymar esteja em um n\u00edvel superior, Est\u00eav\u00e3o tem qualidades que podem lev\u00e1-lo a um grande futuro. Enquanto isso, o S\u00e3o Paulo segue se preparando para os pr\u00f3ximos desafios, com Ryan Francisco ganhando cada vez mais espa\u00e7o no elenco principal.<\/p>\n\n\n\n<h2 class=\"wp-block-heading\" id=\"h-reforco-para-partida\">Refor\u00e7o para partida<\/h2>\n\n\n\n<p>O t\u00e9cnico Luis Zubeld\u00eda pode contar com refor\u00e7os defensivos para o pr\u00f3ximo jogo do S\u00e3o Paulo contra o Mirassol, pelo Campeonato Paulista. O zagueiro Alan Franco, que ficou fora do cl\u00e1ssico contra o Santos devido a desgaste muscular, participou parcialmente do treino e pode ser relacionado para a partida. Outra novidade foi a presen\u00e7a do lateral-direito C\u00e9dric Soares, rec\u00e9m-contratado, que treinou com o elenco, mas ainda precisa de mais sess\u00f5es para estar totalmente preparado <strong><a href=\"https:\/\/www.gaveanews.com\/index.php\/2025\/02\/04\/luis-zubeldia-pode-ganhar-reforco-para-o-proximo-jogo-do-sao-paulo\/\">(leia a mat\u00e9ria completa).<\/a><\/strong><\/p>\n\n\n\n<figure class=\"wp-block-image size-large\"><img loading=\"lazy\" decoding=\"async\" width=\"1024\" height=\"683\" src=\"http:\/\/www.gaveanews.com\/wp-content\/uploads\/Luis-Francisco-Zubeldia-treinador-do-Sao-Paulo-durante-partida-da-Copa-do-Brasil-2024-1024x683.webp\" alt=\"\" class=\"wp-image-155699\" srcset=\"https:\/\/www.gaveanews.com\/wp-content\/uploads\/Luis-Francisco-Zubeldia-treinador-do-Sao-Paulo-durante-partida-da-Copa-do-Brasil-2024-1024x683.webp 1024w, https:\/\/www.gaveanews.com\/wp-content\/uploads\/Luis-Francisco-Zubeldia-treinador-do-Sao-Paulo-durante-partida-da-Copa-do-Brasil-2024-300x200.webp 300w, https:\/\/www.gaveanews.com\/wp-content\/uploads\/Luis-Francisco-Zubeldia-treinador-do-Sao-Paulo-durante-partida-da-Copa-do-Brasil-2024-768x512.webp 768w, https:\/\/www.gaveanews.com\/wp-content\/uploads\/Luis-Francisco-Zubeldia-treinador-do-Sao-Paulo-durante-partida-da-Copa-do-Brasil-2024-630x420.webp 630w, https:\/\/www.gaveanews.com\/wp-content\/uploads\/Luis-Francisco-Zubeldia-treinador-do-Sao-Paulo-durante-partida-da-Copa-do-Brasil-2024-1260x840.webp 1260w, https:\/\/www.gaveanews.com\/wp-content\/uploads\/Luis-Francisco-Zubeldia-treinador-do-Sao-Paulo-durante-partida-da-Copa-do-Brasil-2024-640x427.webp 640w, https:\/\/www.gaveanews.com\/wp-content\/uploads\/Luis-Francisco-Zubeldia-treinador-do-Sao-Paulo-durante-partida-da-Copa-do-Brasil-2024-1280x854.webp 1280w, https:\/\/www.gaveanews.com\/wp-content\/uploads\/Luis-Francisco-Zubeldia-treinador-do-Sao-Paulo-durante-partida-da-Copa-do-Brasil-2024-681x454.webp 681w, https:\/\/www.gaveanews.com\/wp-content\/uploads\/Luis-Francisco-Zubeldia-treinador-do-Sao-Paulo-durante-partida-da-Copa-do-Brasil-2024-100x67.webp 100w, https:\/\/www.gaveanews.com\/wp-content\/uploads\/Luis-Francisco-Zubeldia-treinador-do-Sao-Paulo-durante-partida-da-Copa-do-Brasil-2024.webp 1333w\" sizes=\"auto, (max-width: 1024px) 100vw, 1024px\" \/><figcaption class=\"wp-element-caption\">Luis Francisco Zubeld\u00eda, treinador do S\u00e3o Paulo durante partida da Copa do Brasil 2024 (Foto: Rubens Chiri e Paulo Pinto\/S\u00e3o Paulo)<\/figcaption><\/figure>\n\n\n\n<p>Zubeld\u00eda dividiu o elenco em dois grupos no treino: os titulares contra o Santos realizaram atividades regenerativas, enquanto os demais participaram de um jogo-treino. O t\u00e9cnico tem adotado um rod\u00edzio na equipe para evitar desgaste f\u00edsico ao longo do Paulist\u00e3o. Al\u00e9m dos refor\u00e7os experientes, o S\u00e3o Paulo tamb\u00e9m contou com jogadores da base no treino, como Cuiabano, Lino, Samuel e Ryan Francisco, que j\u00e1 marcou seu primeiro gol pelo time profissional.<\/p>\n\n\n\n<p>O Tricolor volta a atuar no Morumbi ap\u00f3s dois jogos como visitante e busca se recuperar da derrota no cl\u00e1ssico para o Santos. O \u00faltimo treino antes da partida acontece na ter\u00e7a-feira, e a escala\u00e7\u00e3o final depender\u00e1 da evolu\u00e7\u00e3o f\u00edsica dos atletas. O confronto contra o Mirassol ser\u00e1 na quarta-feira (5), \u00e0s 19h30.<\/p>\n","protected":false},"excerpt":{"rendered":"<p>Nas \u00faltimas horas, o foco das not\u00edcias sobre o S\u00e3o Paulo se concentram nos bastidores doclube, com destaques do dia a dia do time. Por conta deste contexto, leia abaixo um resumo preparado pela equipe do portal G\u00e1vea News para lhe manter muito bem informado! Detalhes do avi\u00e3o O S\u00e3o Paulo anunciou que passar\u00e1 a [&hellip;]<\/p>\n","protected":false},"author":27,"featured_media":157734,"comment_status":"open","ping_status":"closed","sticky":false,"template":"","format":"standard","meta":{"footnotes":""},"categories":[151],"tags":[],"class_list":["post-224308","post","type-post","status-publish","format-standard","has-post-thumbnail","hentry","category-sao-paulo"],"yoast_head":"<!-- This site is optimized with the Yoast SEO Premium plugin v24.2 (Yoast SEO v26.9) - https:\/\/yoast.com\/product\/yoast-seo-premium-wordpress\/ -->\n<title>Refor\u00e7o para partida, declara\u00e7\u00e3o de Neto e detalhes do avi\u00e3o: as \u00faltimas not\u00edcias do S\u00e3o Paulo<\/title>\n<meta name=\"robots\" content=\"index, follow, max-snippet:-1, max-image-preview:large, max-video-preview:-1\" \/>\n<link rel=\"canonical\" href=\"https:\/\/www.gaveanews.com\/index.php\/2025\/02\/06\/reforco-para-partida-declaracao-de-neto-e-detalhes-do-aviao-as-ultimas-noticias-do-sao-paulo\/\" \/>\n<meta property=\"og:locale\" content=\"pt_BR\" \/>\n<meta property=\"og:type\" content=\"article\" \/>\n<meta property=\"og:title\" content=\"Refor\u00e7o para partida, declara\u00e7\u00e3o de Neto e detalhes do avi\u00e3o: as \u00faltimas not\u00edcias do S\u00e3o Paulo\" \/>\n<meta property=\"og:description\" content=\"Nas \u00faltimas horas, o foco das not\u00edcias sobre o S\u00e3o Paulo se concentram nos bastidores doclube, com destaques do dia a dia do time. Por conta deste contexto, leia abaixo um resumo preparado pela equipe do portal G\u00e1vea News para lhe manter muito bem informado! Detalhes do avi\u00e3o O S\u00e3o Paulo anunciou que passar\u00e1 a [&hellip;]\" \/>\n<meta property=\"og:url\" content=\"https:\/\/www.gaveanews.com\/index.php\/2025\/02\/06\/reforco-para-partida-declaracao-de-neto-e-detalhes-do-aviao-as-ultimas-noticias-do-sao-paulo\/\" \/>\n<meta property=\"og:site_name\" content=\"G\u00e1vea News\" \/>\n<meta property=\"article:publisher\" content=\"https:\/\/facebook.com\/gaveaNews\/\" \/>\n<meta property=\"article:published_time\" content=\"2025-02-06T22:30:00+00:00\" \/>\n<meta property=\"og:image\" content=\"https:\/\/www.gaveanews.com\/wp-content\/uploads\/Elenco-do-Sao-Paulo.webp\" \/>\n\t<meta property=\"og:image:width\" content=\"1242\" \/>\n\t<meta property=\"og:image:height\" content=\"1235\" \/>\n\t<meta property=\"og:image:type\" content=\"image\/jpeg\" \/>\n<meta name=\"author\" content=\"Matheus Felipe\" \/>\n<meta name=\"twitter:card\" content=\"summary_large_image\" \/>\n<meta name=\"twitter:label1\" content=\"Escrito por\" \/>\n\t<meta name=\"twitter:data1\" content=\"Matheus Felipe\" \/>\n\t<meta name=\"twitter:label2\" content=\"Est. tempo de leitura\" \/>\n\t<meta name=\"twitter:data2\" content=\"5 minutos\" \/>\n<script type=\"application\/ld+json\" class=\"yoast-schema-graph\">{\"@context\":\"https:\/\/schema.org\",\"@graph\":[{\"@type\":\"NewsArticle\",\"@id\":\"https:\/\/www.gaveanews.com\/index.php\/2025\/02\/06\/reforco-para-partida-declaracao-de-neto-e-detalhes-do-aviao-as-ultimas-noticias-do-sao-paulo\/#article\",\"isPartOf\":{\"@id\":\"https:\/\/www.gaveanews.com\/index.php\/2025\/02\/06\/reforco-para-partida-declaracao-de-neto-e-detalhes-do-aviao-as-ultimas-noticias-do-sao-paulo\/\"},\"author\":{\"name\":\"Matheus Felipe\",\"@id\":\"https:\/\/www.gaveanews.com\/#\/schema\/person\/8207cd4627f56151707418bfc835b2fb\"},\"headline\":\"Refor\u00e7o para partida, declara\u00e7\u00e3o de Neto e detalhes do avi\u00e3o: as \u00faltimas not\u00edcias do S\u00e3o Paulo\",\"datePublished\":\"2025-02-06T22:30:00+00:00\",\"mainEntityOfPage\":{\"@id\":\"https:\/\/www.gaveanews.com\/index.php\/2025\/02\/06\/reforco-para-partida-declaracao-de-neto-e-detalhes-do-aviao-as-ultimas-noticias-do-sao-paulo\/\"},\"wordCount\":786,\"commentCount\":0,\"image\":{\"@id\":\"https:\/\/www.gaveanews.com\/index.php\/2025\/02\/06\/reforco-para-partida-declaracao-de-neto-e-detalhes-do-aviao-as-ultimas-noticias-do-sao-paulo\/#primaryimage\"},\"thumbnailUrl\":\"https:\/\/www.gaveanews.com\/wp-content\/uploads\/Elenco-do-Sao-Paulo.webp\",\"articleSection\":[\"S\u00e3o Paulo\"],\"inLanguage\":\"pt-BR\",\"potentialAction\":[{\"@type\":\"CommentAction\",\"name\":\"Comment\",\"target\":[\"https:\/\/www.gaveanews.com\/index.php\/2025\/02\/06\/reforco-para-partida-declaracao-de-neto-e-detalhes-do-aviao-as-ultimas-noticias-do-sao-paulo\/#respond\"]}],\"copyrightYear\":\"2025\",\"copyrightHolder\":{\"@id\":\"https:\/\/www.gaveanews.com\/#organization\"}},{\"@type\":\"WebPage\",\"@id\":\"https:\/\/www.gaveanews.com\/index.php\/2025\/02\/06\/reforco-para-partida-declaracao-de-neto-e-detalhes-do-aviao-as-ultimas-noticias-do-sao-paulo\/\",\"url\":\"https:\/\/www.gaveanews.com\/index.php\/2025\/02\/06\/reforco-para-partida-declaracao-de-neto-e-detalhes-do-aviao-as-ultimas-noticias-do-sao-paulo\/\",\"name\":\"Refor\u00e7o para partida, declara\u00e7\u00e3o de Neto e detalhes do avi\u00e3o: as \u00faltimas not\u00edcias do S\u00e3o Paulo\",\"isPartOf\":{\"@id\":\"https:\/\/www.gaveanews.com\/#website\"},\"primaryImageOfPage\":{\"@id\":\"https:\/\/www.gaveanews.com\/index.php\/2025\/02\/06\/reforco-para-partida-declaracao-de-neto-e-detalhes-do-aviao-as-ultimas-noticias-do-sao-paulo\/#primaryimage\"},\"image\":{\"@id\":\"https:\/\/www.gaveanews.com\/index.php\/2025\/02\/06\/reforco-para-partida-declaracao-de-neto-e-detalhes-do-aviao-as-ultimas-noticias-do-sao-paulo\/#primaryimage\"},\"thumbnailUrl\":\"https:\/\/www.gaveanews.com\/wp-content\/uploads\/Elenco-do-Sao-Paulo.webp\",\"datePublished\":\"2025-02-06T22:30:00+00:00\",\"author\":{\"@id\":\"https:\/\/www.gaveanews.com\/#\/schema\/person\/8207cd4627f56151707418bfc835b2fb\"},\"breadcrumb\":{\"@id\":\"https:\/\/www.gaveanews.com\/index.php\/2025\/02\/06\/reforco-para-partida-declaracao-de-neto-e-detalhes-do-aviao-as-ultimas-noticias-do-sao-paulo\/#breadcrumb\"},\"inLanguage\":\"pt-BR\",\"potentialAction\":[{\"@type\":\"ReadAction\",\"target\":[\"https:\/\/www.gaveanews.com\/index.php\/2025\/02\/06\/reforco-para-partida-declaracao-de-neto-e-detalhes-do-aviao-as-ultimas-noticias-do-sao-paulo\/\"]}]},{\"@type\":\"ImageObject\",\"inLanguage\":\"pt-BR\",\"@id\":\"https:\/\/www.gaveanews.com\/index.php\/2025\/02\/06\/reforco-para-partida-declaracao-de-neto-e-detalhes-do-aviao-as-ultimas-noticias-do-sao-paulo\/#primaryimage\",\"url\":\"https:\/\/www.gaveanews.com\/wp-content\/uploads\/Elenco-do-Sao-Paulo.webp\",\"contentUrl\":\"https:\/\/www.gaveanews.com\/wp-content\/uploads\/Elenco-do-Sao-Paulo.webp\",\"width\":1242,\"height\":1235,\"caption\":\"Elenco do S\u00e3o Paulo (Foto: Reprodu\u00e7\u00e3o\/Instagram)\"},{\"@type\":\"BreadcrumbList\",\"@id\":\"https:\/\/www.gaveanews.com\/index.php\/2025\/02\/06\/reforco-para-partida-declaracao-de-neto-e-detalhes-do-aviao-as-ultimas-noticias-do-sao-paulo\/#breadcrumb\",\"itemListElement\":[{\"@type\":\"ListItem\",\"position\":1,\"name\":\"Home\",\"item\":\"https:\/\/www.gaveanews.com\/\"},{\"@type\":\"ListItem\",\"position\":2,\"name\":\"Refor\u00e7o para partida, declara\u00e7\u00e3o de Neto e detalhes do avi\u00e3o: as \u00faltimas not\u00edcias do S\u00e3o Paulo\"}]},{\"@type\":\"WebSite\",\"@id\":\"https:\/\/www.gaveanews.com\/#website\",\"url\":\"https:\/\/www.gaveanews.com\/\",\"name\":\"G\u00e1vea News\",\"description\":\"Veja todas as not\u00edcias sobre o Flamengo: Contrata\u00e7\u00f5es, categorias de base, resultados das partidas, tabela de classifica\u00e7\u00e3o, pr\u00f3ximos jogos!\",\"potentialAction\":[{\"@type\":\"SearchAction\",\"target\":{\"@type\":\"EntryPoint\",\"urlTemplate\":\"https:\/\/www.gaveanews.com\/?s={search_term_string}\"},\"query-input\":{\"@type\":\"PropertyValueSpecification\",\"valueRequired\":true,\"valueName\":\"search_term_string\"}}],\"inLanguage\":\"pt-BR\"},{\"@type\":\"Person\",\"@id\":\"https:\/\/www.gaveanews.com\/#\/schema\/person\/8207cd4627f56151707418bfc835b2fb\",\"name\":\"Matheus Felipe\",\"image\":{\"@type\":\"ImageObject\",\"inLanguage\":\"pt-BR\",\"@id\":\"https:\/\/www.gaveanews.com\/#\/schema\/person\/image\/\",\"url\":\"https:\/\/secure.gravatar.com\/avatar\/a452ffbed9130f726358b298bb3a99ce4bd3c5338411f8440e87e14d74c7c087?s=96&d=mm&r=g\",\"contentUrl\":\"https:\/\/secure.gravatar.com\/avatar\/a452ffbed9130f726358b298bb3a99ce4bd3c5338411f8440e87e14d74c7c087?s=96&d=mm&r=g\",\"caption\":\"Matheus Felipe\"}}]}<\/script>\n<!-- \/ Yoast SEO Premium plugin. -->","yoast_head_json":{"title":"Refor\u00e7o para partida, declara\u00e7\u00e3o de Neto e detalhes do avi\u00e3o: as \u00faltimas not\u00edcias do S\u00e3o Paulo","robots":{"index":"index","follow":"follow","max-snippet":"max-snippet:-1","max-image-preview":"max-image-preview:large","max-video-preview":"max-video-preview:-1"},"canonical":"https:\/\/www.gaveanews.com\/index.php\/2025\/02\/06\/reforco-para-partida-declaracao-de-neto-e-detalhes-do-aviao-as-ultimas-noticias-do-sao-paulo\/","og_locale":"pt_BR","og_type":"article","og_title":"Refor\u00e7o para partida, declara\u00e7\u00e3o de Neto e detalhes do avi\u00e3o: as \u00faltimas not\u00edcias do S\u00e3o Paulo","og_description":"Nas \u00faltimas horas, o foco das not\u00edcias sobre o S\u00e3o Paulo se concentram nos bastidores doclube, com destaques do dia a dia do time. Por conta deste contexto, leia abaixo um resumo preparado pela equipe do portal G\u00e1vea News para lhe manter muito bem informado! Detalhes do avi\u00e3o O S\u00e3o Paulo anunciou que passar\u00e1 a [&hellip;]","og_url":"https:\/\/www.gaveanews.com\/index.php\/2025\/02\/06\/reforco-para-partida-declaracao-de-neto-e-detalhes-do-aviao-as-ultimas-noticias-do-sao-paulo\/","og_site_name":"G\u00e1vea News","article_publisher":"https:\/\/facebook.com\/gaveaNews\/","article_published_time":"2025-02-06T22:30:00+00:00","og_image":[{"width":1242,"height":1235,"url":"https:\/\/www.gaveanews.com\/wp-content\/uploads\/Elenco-do-Sao-Paulo.webp","type":"image\/jpeg"}],"author":"Matheus Felipe","twitter_card":"summary_large_image","twitter_misc":{"Escrito por":"Matheus Felipe","Est. tempo de leitura":"5 minutos"},"schema":{"@context":"https:\/\/schema.org","@graph":[{"@type":"NewsArticle","@id":"https:\/\/www.gaveanews.com\/index.php\/2025\/02\/06\/reforco-para-partida-declaracao-de-neto-e-detalhes-do-aviao-as-ultimas-noticias-do-sao-paulo\/#article","isPartOf":{"@id":"https:\/\/www.gaveanews.com\/index.php\/2025\/02\/06\/reforco-para-partida-declaracao-de-neto-e-detalhes-do-aviao-as-ultimas-noticias-do-sao-paulo\/"},"author":{"name":"Matheus Felipe","@id":"https:\/\/www.gaveanews.com\/#\/schema\/person\/8207cd4627f56151707418bfc835b2fb"},"headline":"Refor\u00e7o para partida, declara\u00e7\u00e3o de Neto e detalhes do avi\u00e3o: as \u00faltimas not\u00edcias do S\u00e3o Paulo","datePublished":"2025-02-06T22:30:00+00:00","mainEntityOfPage":{"@id":"https:\/\/www.gaveanews.com\/index.php\/2025\/02\/06\/reforco-para-partida-declaracao-de-neto-e-detalhes-do-aviao-as-ultimas-noticias-do-sao-paulo\/"},"wordCount":786,"commentCount":0,"image":{"@id":"https:\/\/www.gaveanews.com\/index.php\/2025\/02\/06\/reforco-para-partida-declaracao-de-neto-e-detalhes-do-aviao-as-ultimas-noticias-do-sao-paulo\/#primaryimage"},"thumbnailUrl":"https:\/\/www.gaveanews.com\/wp-content\/uploads\/Elenco-do-Sao-Paulo.webp","articleSection":["S\u00e3o Paulo"],"inLanguage":"pt-BR","potentialAction":[{"@type":"CommentAction","name":"Comment","target":["https:\/\/www.gaveanews.com\/index.php\/2025\/02\/06\/reforco-para-partida-declaracao-de-neto-e-detalhes-do-aviao-as-ultimas-noticias-do-sao-paulo\/#respond"]}],"copyrightYear":"2025","copyrightHolder":{"@id":"https:\/\/www.gaveanews.com\/#organization"}},{"@type":"WebPage","@id":"https:\/\/www.gaveanews.com\/index.php\/2025\/02\/06\/reforco-para-partida-declaracao-de-neto-e-detalhes-do-aviao-as-ultimas-noticias-do-sao-paulo\/","url":"https:\/\/www.gaveanews.com\/index.php\/2025\/02\/06\/reforco-para-partida-declaracao-de-neto-e-detalhes-do-aviao-as-ultimas-noticias-do-sao-paulo\/","name":"Refor\u00e7o para partida, declara\u00e7\u00e3o de Neto e detalhes do avi\u00e3o: as \u00faltimas not\u00edcias do S\u00e3o Paulo","isPartOf":{"@id":"https:\/\/www.gaveanews.com\/#website"},"primaryImageOfPage":{"@id":"https:\/\/www.gaveanews.com\/index.php\/2025\/02\/06\/reforco-para-partida-declaracao-de-neto-e-detalhes-do-aviao-as-ultimas-noticias-do-sao-paulo\/#primaryimage"},"image":{"@id":"https:\/\/www.gaveanews.com\/index.php\/2025\/02\/06\/reforco-para-partida-declaracao-de-neto-e-detalhes-do-aviao-as-ultimas-noticias-do-sao-paulo\/#primaryimage"},"thumbnailUrl":"https:\/\/www.gaveanews.com\/wp-content\/uploads\/Elenco-do-Sao-Paulo.webp","datePublished":"2025-02-06T22:30:00+00:00","author":{"@id":"https:\/\/www.gaveanews.com\/#\/schema\/person\/8207cd4627f56151707418bfc835b2fb"},"breadcrumb":{"@id":"https:\/\/www.gaveanews.com\/index.php\/2025\/02\/06\/reforco-para-partida-declaracao-de-neto-e-detalhes-do-aviao-as-ultimas-noticias-do-sao-paulo\/#breadcrumb"},"inLanguage":"pt-BR","potentialAction":[{"@type":"ReadAction","target":["https:\/\/www.gaveanews.com\/index.php\/2025\/02\/06\/reforco-para-partida-declaracao-de-neto-e-detalhes-do-aviao-as-ultimas-noticias-do-sao-paulo\/"]}]},{"@type":"ImageObject","inLanguage":"pt-BR","@id":"https:\/\/www.gaveanews.com\/index.php\/2025\/02\/06\/reforco-para-partida-declaracao-de-neto-e-detalhes-do-aviao-as-ultimas-noticias-do-sao-paulo\/#primaryimage","url":"https:\/\/www.gaveanews.com\/wp-content\/uploads\/Elenco-do-Sao-Paulo.webp","contentUrl":"https:\/\/www.gaveanews.com\/wp-content\/uploads\/Elenco-do-Sao-Paulo.webp","width":1242,"height":1235,"caption":"Elenco do S\u00e3o Paulo (Foto: Reprodu\u00e7\u00e3o\/Instagram)"},{"@type":"BreadcrumbList","@id":"https:\/\/www.gaveanews.com\/index.php\/2025\/02\/06\/reforco-para-partida-declaracao-de-neto-e-detalhes-do-aviao-as-ultimas-noticias-do-sao-paulo\/#breadcrumb","itemListElement":[{"@type":"ListItem","position":1,"name":"Home","item":"https:\/\/www.gaveanews.com\/"},{"@type":"ListItem","position":2,"name":"Refor\u00e7o para partida, declara\u00e7\u00e3o de Neto e detalhes do avi\u00e3o: as \u00faltimas not\u00edcias do S\u00e3o Paulo"}]},{"@type":"WebSite","@id":"https:\/\/www.gaveanews.com\/#website","url":"https:\/\/www.gaveanews.com\/","name":"G\u00e1vea News","description":"Veja todas as not\u00edcias sobre o Flamengo: Contrata\u00e7\u00f5es, categorias de base, resultados das partidas, tabela de classifica\u00e7\u00e3o, pr\u00f3ximos jogos!","potentialAction":[{"@type":"SearchAction","target":{"@type":"EntryPoint","urlTemplate":"https:\/\/www.gaveanews.com\/?s={search_term_string}"},"query-input":{"@type":"PropertyValueSpecification","valueRequired":true,"valueName":"search_term_string"}}],"inLanguage":"pt-BR"},{"@type":"Person","@id":"https:\/\/www.gaveanews.com\/#\/schema\/person\/8207cd4627f56151707418bfc835b2fb","name":"Matheus Felipe","image":{"@type":"ImageObject","inLanguage":"pt-BR","@id":"https:\/\/www.gaveanews.com\/#\/schema\/person\/image\/","url":"https:\/\/secure.gravatar.com\/avatar\/a452ffbed9130f726358b298bb3a99ce4bd3c5338411f8440e87e14d74c7c087?s=96&d=mm&r=g","contentUrl":"https:\/\/secure.gravatar.com\/avatar\/a452ffbed9130f726358b298bb3a99ce4bd3c5338411f8440e87e14d74c7c087?s=96&d=mm&r=g","caption":"Matheus Felipe"}}]}},"_links":{"self":[{"href":"https:\/\/www.gaveanews.com\/index.php\/wp-json\/wp\/v2\/posts\/224308","targetHints":{"allow":["GET"]}}],"collection":[{"href":"https:\/\/www.gaveanews.com\/index.php\/wp-json\/wp\/v2\/posts"}],"about":[{"href":"https:\/\/www.gaveanews.com\/index.php\/wp-json\/wp\/v2\/types\/post"}],"author":[{"embeddable":true,"href":"https:\/\/www.gaveanews.com\/index.php\/wp-json\/wp\/v2\/users\/27"}],"replies":[{"embeddable":true,"href":"https:\/\/www.gaveanews.com\/index.php\/wp-json\/wp\/v2\/comments?post=224308"}],"version-history":[{"count":1,"href":"https:\/\/www.gaveanews.com\/index.php\/wp-json\/wp\/v2\/posts\/224308\/revisions"}],"predecessor-version":[{"id":224311,"href":"https:\/\/www.gaveanews.com\/index.php\/wp-json\/wp\/v2\/posts\/224308\/revisions\/224311"}],"wp:featuredmedia":[{"embeddable":true,"href":"https:\/\/www.gaveanews.com\/index.php\/wp-json\/wp\/v2\/media\/157734"}],"wp:attachment":[{"href":"https:\/\/www.gaveanews.com\/index.php\/wp-json\/wp\/v2\/media?parent=224308"}],"wp:term":[{"taxonomy":"category","embeddable":true,"href":"https:\/\/www.gaveanews.com\/index.php\/wp-json\/wp\/v2\/categories?post=224308"},{"taxonomy":"post_tag","embeddable":true,"href":"https:\/\/www.gaveanews.com\/index.php\/wp-json\/wp\/v2\/tags?post=224308"}],"curies":[{"name":"wp","href":"https:\/\/api.w.org\/{rel}","templated":true}]}}