{"id":224314,"date":"2025-02-06T19:40:00","date_gmt":"2025-02-06T22:40:00","guid":{"rendered":"https:\/\/www.gaveanews.com\/?p=224314"},"modified":"2025-02-06T19:25:57","modified_gmt":"2025-02-06T22:25:57","slug":"estreia-de-mauricio-lemos-venda-de-saf-e-provocacao-ao-rival-as-ultimas-noticias-do-vasco","status":"publish","type":"post","link":"https:\/\/www.gaveanews.com\/index.php\/2025\/02\/06\/estreia-de-mauricio-lemos-venda-de-saf-e-provocacao-ao-rival-as-ultimas-noticias-do-vasco\/","title":{"rendered":"Estreia de Maur\u00edcio Lemos, venda de SAF e provoca\u00e7\u00e3o ao rival: as \u00faltimas not\u00edcias do Vasco"},"content":{"rendered":"\n<p>Nas \u00faltimas horas, o foco das not\u00edcias sobre o Vasco se concentram nos bastidores do<br>clube, com destaques do dia a dia do time.<\/p>\n\n\n\n<p>Por conta deste contexto, leia abaixo um resumo preparado pela equipe do portal G\u00e1vea News para lhe manter muito bem informado!<\/p>\n\n\n\n<h2 class=\"wp-block-heading\" id=\"h-provocacao-ao-rival\">Provoca\u00e7\u00e3o ao rival<\/h2>\n\n\n\n<p>O cl\u00e1ssico entre Vasco e Fluminense, v\u00e1lido pela oitava rodada do Campeonato Carioca, j\u00e1 come\u00e7ou com provoca\u00e7\u00f5es antes mesmo de a bola rolar. Torcedores cruzmaltinos colaram adesivos nas lixeiras do Est\u00e1dio Man\u00e9 Garrincha, em Bras\u00edlia, com os escudos do Fluminense, Flamengo e Corinthians sendo jogados no lixo, em uma provoca\u00e7\u00e3o direta aos rivais. A a\u00e7\u00e3o rapidamente repercutiu nas redes sociais, acirrando ainda mais o clima do duelo <strong><a href=\"https:\/\/www.gaveanews.com\/index.php\/2025\/02\/05\/vasco-x-fluminense-torcedores-cruzmaltinos-provocam-rivais-antes-do-classico\/\">(leia a mat\u00e9ria completa).<\/a><\/strong><\/p>\n\n\n\n<figure class=\"wp-block-image size-full\"><img loading=\"lazy\" decoding=\"async\" width=\"729\" height=\"400\" src=\"http:\/\/www.gaveanews.com\/wp-content\/uploads\/vasco-x-fluminense-guia-729x400-1.webp\" alt=\"\" class=\"wp-image-157657\" srcset=\"https:\/\/www.gaveanews.com\/wp-content\/uploads\/vasco-x-fluminense-guia-729x400-1.webp 729w, https:\/\/www.gaveanews.com\/wp-content\/uploads\/vasco-x-fluminense-guia-729x400-1-300x165.webp 300w, https:\/\/www.gaveanews.com\/wp-content\/uploads\/vasco-x-fluminense-guia-729x400-1-640x350.webp 640w, https:\/\/www.gaveanews.com\/wp-content\/uploads\/vasco-x-fluminense-guia-729x400-1-681x374.webp 681w, https:\/\/www.gaveanews.com\/wp-content\/uploads\/vasco-x-fluminense-guia-729x400-1-100x55.webp 100w\" sizes=\"auto, (max-width: 729px) 100vw, 729px\" \/><figcaption class=\"wp-element-caption\">Vasco x Fluminense se enfrentam neste s\u00e1bado no cl\u00e1ssico carioca do dia (Foto: Leandro Amorim\/Vasco)<br><br><\/figcaption><\/figure>\n\n\n\n<p>Dentro de campo, o Vasco chega embalado para o confronto, ocupando a segunda coloca\u00e7\u00e3o do Campeonato Carioca com 13 pontos em sete partidas. A equipe comandada por F\u00e1bio Carille segue invicta na competi\u00e7\u00e3o, com tr\u00eas vit\u00f3rias e quatro empates, ficando atr\u00e1s do Volta Redonda apenas nos crit\u00e9rios de desempate. <\/p>\n\n\n\n<p>O t\u00e9cnico deve escalar for\u00e7a m\u00e1xima, mas enfrenta alguns desfalques, como Adson, David e Estrella, que est\u00e3o lesionados, al\u00e9m do zagueiro Maur\u00edcio Lemos, ainda em recupera\u00e7\u00e3o f\u00edsica.<\/p>\n\n\n\n<p>O jogo acontece nesta quarta-feira (5), \u00e0s 21h30 (de Bras\u00edlia), no Man\u00e9 Garrincha, com transmiss\u00e3o da Band, do canal GOAT (YouTube) e do Premiere. A partida promete ser eletrizante, com o Vasco buscando a lideran\u00e7a do torneio e o Fluminense tentando se recuperar na tabela.<\/p>\n\n\n\n<h2 class=\"wp-block-heading\" id=\"h-venda-de-saf\">Venda de SAF<\/h2>\n\n\n\n<p>O Vasco segue em negocia\u00e7\u00f5es para vender sua SAF e tem uma reuni\u00e3o pr\u00e9-agendada com o empres\u00e1rio grego Evangelos Marinakis, prevista para o final de fevereiro ou in\u00edcio de mar\u00e7o. Segundo o jornalista Lucas Pedrosa, representantes do clube e do investidor j\u00e1 retomaram os contatos, e a expectativa \u00e9 que o encontro seja mais objetivo, focado nos valores e no projeto esportivo<strong><a href=\"https:\/\/www.gaveanews.com\/index.php\/2025\/02\/05\/lucas-pedrosa-atualiza-venda-da-saf-do-vasco-para-evangelos-marinakis\/\"> (leia a mat\u00e9ria completa).<\/a><\/strong><\/p>\n\n\n\n<figure class=\"wp-block-image size-full\"><img loading=\"lazy\" decoding=\"async\" width=\"915\" height=\"585\" src=\"http:\/\/www.gaveanews.com\/wp-content\/uploads\/Evangelos-Marinakis-magnata-bilionario.webp\" alt=\"\" class=\"wp-image-194527\" srcset=\"https:\/\/www.gaveanews.com\/wp-content\/uploads\/Evangelos-Marinakis-magnata-bilionario.webp 915w, https:\/\/www.gaveanews.com\/wp-content\/uploads\/Evangelos-Marinakis-magnata-bilionario-300x192.webp 300w, https:\/\/www.gaveanews.com\/wp-content\/uploads\/Evangelos-Marinakis-magnata-bilionario-768x491.webp 768w, https:\/\/www.gaveanews.com\/wp-content\/uploads\/Evangelos-Marinakis-magnata-bilionario-657x420.webp 657w, https:\/\/www.gaveanews.com\/wp-content\/uploads\/Evangelos-Marinakis-magnata-bilionario-640x409.webp 640w, https:\/\/www.gaveanews.com\/wp-content\/uploads\/Evangelos-Marinakis-magnata-bilionario-681x435.webp 681w, https:\/\/www.gaveanews.com\/wp-content\/uploads\/Evangelos-Marinakis-magnata-bilionario-100x64.webp 100w\" sizes=\"auto, (max-width: 915px) 100vw, 915px\" \/><figcaption class=\"wp-element-caption\">Evangelos Marinakis, magnata bilion\u00e1rio (Foto: Reprodu\u00e7\u00e3o\/Instagram)<\/figcaption><\/figure>\n\n\n\n<p>Marinakis, que \u00e9 dono do Nottingham Forest, priorizou a janela de transfer\u00eancias do futebol ingl\u00eas antes de avan\u00e7ar nas conversas com o Vasco. Agora, o clube carioca busca uma defini\u00e7\u00e3o para garantir investimentos no futebol e fortalecer sua estrutura financeira. No entanto, a diretoria n\u00e3o depende exclusivamente do empres\u00e1rio grego e mant\u00e9m conversas com outros investidores.<\/p>\n\n\n\n<p>A venda da SAF \u00e9 uma das prioridades da gest\u00e3o Pedrinho, que busca um parceiro estrat\u00e9gico para ajudar no crescimento do clube. Enquanto isso, o Vasco segue disputando o Campeonato Carioca e planejando refor\u00e7os, com a expectativa de que a defini\u00e7\u00e3o sobre o futuro da SAF influencie diretamente a capacidade de investimento do time para os pr\u00f3ximos anos.<\/p>\n\n\n\n<h2 class=\"wp-block-heading\" id=\"h-estreia-de-mauricio-lemos\">Estreia de Maur\u00edcio Lemos<\/h2>\n\n\n\n<p>O zagueiro Maur\u00edcio Lemos, refor\u00e7o do Vasco para 2025, ainda n\u00e3o tem data exata para sua estreia. O uruguaio, que treina com o elenco h\u00e1 tr\u00eas semanas, segue em recondicionamento f\u00edsico para atingir o mesmo n\u00edvel dos titulares. A comiss\u00e3o t\u00e9cnica adota uma abordagem cautelosa para evitar novas les\u00f5es, j\u00e1 que o defensor enfrentou problemas f\u00edsicos em 2024 <strong><a href=\"https:\/\/www.gaveanews.com\/index.php\/2025\/02\/05\/quando-mauricio-lemos-vai-estrear-pelo-vasco\/\">(leia a mat\u00e9ria completa).<\/a><\/strong><\/p>\n\n\n\n<figure class=\"wp-block-image size-large\"><img loading=\"lazy\" decoding=\"async\" width=\"834\" height=\"1024\" src=\"http:\/\/www.gaveanews.com\/wp-content\/uploads\/Mauricio-Lemos-com-a-camisa-do-Atletico-MG-834x1024.webp\" alt=\"\" class=\"wp-image-153916\" srcset=\"https:\/\/www.gaveanews.com\/wp-content\/uploads\/Mauricio-Lemos-com-a-camisa-do-Atletico-MG-834x1024.webp 834w, https:\/\/www.gaveanews.com\/wp-content\/uploads\/Mauricio-Lemos-com-a-camisa-do-Atletico-MG-244x300.webp 244w, https:\/\/www.gaveanews.com\/wp-content\/uploads\/Mauricio-Lemos-com-a-camisa-do-Atletico-MG-768x943.webp 768w, https:\/\/www.gaveanews.com\/wp-content\/uploads\/Mauricio-Lemos-com-a-camisa-do-Atletico-MG-342x420.webp 342w, https:\/\/www.gaveanews.com\/wp-content\/uploads\/Mauricio-Lemos-com-a-camisa-do-Atletico-MG-684x840.webp 684w, https:\/\/www.gaveanews.com\/wp-content\/uploads\/Mauricio-Lemos-com-a-camisa-do-Atletico-MG-640x786.webp 640w, https:\/\/www.gaveanews.com\/wp-content\/uploads\/Mauricio-Lemos-com-a-camisa-do-Atletico-MG-681x836.webp 681w, https:\/\/www.gaveanews.com\/wp-content\/uploads\/Mauricio-Lemos-com-a-camisa-do-Atletico-MG-100x123.webp 100w, https:\/\/www.gaveanews.com\/wp-content\/uploads\/Mauricio-Lemos-com-a-camisa-do-Atletico-MG.webp 1075w\" sizes=\"auto, (max-width: 834px) 100vw, 834px\" \/><figcaption class=\"wp-element-caption\">Maur\u00edcio Lemos com a camisa do Atl\u00e9tico-MG (Foto: Reprodu\u00e7\u00e3o\/Atl\u00e9tico-MG)<\/figcaption><\/figure>\n\n\n\n<p>Lemos tem participado de atividades coletivas e individuais, mas o clube mant\u00e9m um plano espec\u00edfico para recuperar sua melhor forma. Segundo o portal <em>GE<\/em>, ele est\u00e1 na reta final de sua &#8220;pr\u00e9-temporada particular&#8221; e pode estar dispon\u00edvel ainda durante a Ta\u00e7a Guanabara. O Vasco tem confrontos importantes pela competi\u00e7\u00e3o, incluindo duelos contra Flamengo, Botafogo e Fluminense.<\/p>\n\n\n\n<p>O jogador disputou apenas quatro partidas oficiais desde junho de 2023, com sua \u00faltima atua\u00e7\u00e3o completa ocorrendo em novembro pelo Atl\u00e9tico-MG. A diretoria do Vasco mant\u00e9m otimismo e acredita que a prepara\u00e7\u00e3o gradual ajudar\u00e1 Lemos a retomar a confian\u00e7a e contribuir ao longo da temporada. Enquanto isso, a equipe segue focada nos desafios do Campeonato Carioca, equilibrando a busca por resultados com o planejamento a m\u00e9dio prazo.<\/p>\n","protected":false},"excerpt":{"rendered":"<p>Nas \u00faltimas horas, o foco das not\u00edcias sobre o Vasco se concentram nos bastidores doclube, com destaques do dia a dia do time. Por conta deste contexto, leia abaixo um resumo preparado pela equipe do portal G\u00e1vea News para lhe manter muito bem informado! Provoca\u00e7\u00e3o ao rival O cl\u00e1ssico entre Vasco e Fluminense, v\u00e1lido pela [&hellip;]<\/p>\n","protected":false},"author":27,"featured_media":161261,"comment_status":"open","ping_status":"closed","sticky":false,"template":"","format":"standard","meta":{"footnotes":""},"categories":[152],"tags":[],"class_list":["post-224314","post","type-post","status-publish","format-standard","has-post-thumbnail","hentry","category-vasco"],"yoast_head":"<!-- This site is optimized with the Yoast SEO Premium plugin v24.2 (Yoast SEO v26.9) - https:\/\/yoast.com\/product\/yoast-seo-premium-wordpress\/ -->\n<title>Estreia de Maur\u00edcio Lemos, venda de SAF e provoca\u00e7\u00e3o ao rival: as \u00faltimas not\u00edcias do Vasco<\/title>\n<meta name=\"robots\" content=\"index, follow, max-snippet:-1, max-image-preview:large, max-video-preview:-1\" \/>\n<link rel=\"canonical\" href=\"https:\/\/www.gaveanews.com\/index.php\/2025\/02\/06\/estreia-de-mauricio-lemos-venda-de-saf-e-provocacao-ao-rival-as-ultimas-noticias-do-vasco\/\" \/>\n<meta property=\"og:locale\" content=\"pt_BR\" \/>\n<meta property=\"og:type\" content=\"article\" \/>\n<meta property=\"og:title\" content=\"Estreia de Maur\u00edcio Lemos, venda de SAF e provoca\u00e7\u00e3o ao rival: as \u00faltimas not\u00edcias do Vasco\" \/>\n<meta property=\"og:description\" content=\"Nas \u00faltimas horas, o foco das not\u00edcias sobre o Vasco se concentram nos bastidores doclube, com destaques do dia a dia do time. Por conta deste contexto, leia abaixo um resumo preparado pela equipe do portal G\u00e1vea News para lhe manter muito bem informado! Provoca\u00e7\u00e3o ao rival O cl\u00e1ssico entre Vasco e Fluminense, v\u00e1lido pela [&hellip;]\" \/>\n<meta property=\"og:url\" content=\"https:\/\/www.gaveanews.com\/index.php\/2025\/02\/06\/estreia-de-mauricio-lemos-venda-de-saf-e-provocacao-ao-rival-as-ultimas-noticias-do-vasco\/\" \/>\n<meta property=\"og:site_name\" content=\"G\u00e1vea News\" \/>\n<meta property=\"article:publisher\" content=\"https:\/\/facebook.com\/gaveaNews\/\" \/>\n<meta property=\"article:published_time\" content=\"2025-02-06T22:40:00+00:00\" \/>\n<meta property=\"og:image\" content=\"https:\/\/www.gaveanews.com\/wp-content\/uploads\/Camisa-do-Vasco-2024.webp\" \/>\n\t<meta property=\"og:image:width\" content=\"1059\" \/>\n\t<meta property=\"og:image:height\" content=\"794\" \/>\n\t<meta property=\"og:image:type\" content=\"image\/webp\" \/>\n<meta name=\"author\" content=\"Matheus Felipe\" \/>\n<meta name=\"twitter:card\" content=\"summary_large_image\" \/>\n<meta name=\"twitter:label1\" content=\"Escrito por\" \/>\n\t<meta name=\"twitter:data1\" content=\"Matheus Felipe\" \/>\n\t<meta name=\"twitter:label2\" content=\"Est. tempo de leitura\" \/>\n\t<meta name=\"twitter:data2\" content=\"5 minutos\" \/>\n<script type=\"application\/ld+json\" class=\"yoast-schema-graph\">{\"@context\":\"https:\/\/schema.org\",\"@graph\":[{\"@type\":\"NewsArticle\",\"@id\":\"https:\/\/www.gaveanews.com\/index.php\/2025\/02\/06\/estreia-de-mauricio-lemos-venda-de-saf-e-provocacao-ao-rival-as-ultimas-noticias-do-vasco\/#article\",\"isPartOf\":{\"@id\":\"https:\/\/www.gaveanews.com\/index.php\/2025\/02\/06\/estreia-de-mauricio-lemos-venda-de-saf-e-provocacao-ao-rival-as-ultimas-noticias-do-vasco\/\"},\"author\":{\"name\":\"Matheus Felipe\",\"@id\":\"https:\/\/www.gaveanews.com\/#\/schema\/person\/8207cd4627f56151707418bfc835b2fb\"},\"headline\":\"Estreia de Maur\u00edcio Lemos, venda de SAF e provoca\u00e7\u00e3o ao rival: as \u00faltimas not\u00edcias do Vasco\",\"datePublished\":\"2025-02-06T22:40:00+00:00\",\"mainEntityOfPage\":{\"@id\":\"https:\/\/www.gaveanews.com\/index.php\/2025\/02\/06\/estreia-de-mauricio-lemos-venda-de-saf-e-provocacao-ao-rival-as-ultimas-noticias-do-vasco\/\"},\"wordCount\":736,\"commentCount\":0,\"image\":{\"@id\":\"https:\/\/www.gaveanews.com\/index.php\/2025\/02\/06\/estreia-de-mauricio-lemos-venda-de-saf-e-provocacao-ao-rival-as-ultimas-noticias-do-vasco\/#primaryimage\"},\"thumbnailUrl\":\"https:\/\/www.gaveanews.com\/wp-content\/uploads\/Camisa-do-Vasco-2024.webp\",\"articleSection\":[\"Vasco\"],\"inLanguage\":\"pt-BR\",\"potentialAction\":[{\"@type\":\"CommentAction\",\"name\":\"Comment\",\"target\":[\"https:\/\/www.gaveanews.com\/index.php\/2025\/02\/06\/estreia-de-mauricio-lemos-venda-de-saf-e-provocacao-ao-rival-as-ultimas-noticias-do-vasco\/#respond\"]}],\"copyrightYear\":\"2025\",\"copyrightHolder\":{\"@id\":\"https:\/\/www.gaveanews.com\/#organization\"}},{\"@type\":\"WebPage\",\"@id\":\"https:\/\/www.gaveanews.com\/index.php\/2025\/02\/06\/estreia-de-mauricio-lemos-venda-de-saf-e-provocacao-ao-rival-as-ultimas-noticias-do-vasco\/\",\"url\":\"https:\/\/www.gaveanews.com\/index.php\/2025\/02\/06\/estreia-de-mauricio-lemos-venda-de-saf-e-provocacao-ao-rival-as-ultimas-noticias-do-vasco\/\",\"name\":\"Estreia de Maur\u00edcio Lemos, venda de SAF e provoca\u00e7\u00e3o ao rival: as \u00faltimas not\u00edcias do Vasco\",\"isPartOf\":{\"@id\":\"https:\/\/www.gaveanews.com\/#website\"},\"primaryImageOfPage\":{\"@id\":\"https:\/\/www.gaveanews.com\/index.php\/2025\/02\/06\/estreia-de-mauricio-lemos-venda-de-saf-e-provocacao-ao-rival-as-ultimas-noticias-do-vasco\/#primaryimage\"},\"image\":{\"@id\":\"https:\/\/www.gaveanews.com\/index.php\/2025\/02\/06\/estreia-de-mauricio-lemos-venda-de-saf-e-provocacao-ao-rival-as-ultimas-noticias-do-vasco\/#primaryimage\"},\"thumbnailUrl\":\"https:\/\/www.gaveanews.com\/wp-content\/uploads\/Camisa-do-Vasco-2024.webp\",\"datePublished\":\"2025-02-06T22:40:00+00:00\",\"author\":{\"@id\":\"https:\/\/www.gaveanews.com\/#\/schema\/person\/8207cd4627f56151707418bfc835b2fb\"},\"breadcrumb\":{\"@id\":\"https:\/\/www.gaveanews.com\/index.php\/2025\/02\/06\/estreia-de-mauricio-lemos-venda-de-saf-e-provocacao-ao-rival-as-ultimas-noticias-do-vasco\/#breadcrumb\"},\"inLanguage\":\"pt-BR\",\"potentialAction\":[{\"@type\":\"ReadAction\",\"target\":[\"https:\/\/www.gaveanews.com\/index.php\/2025\/02\/06\/estreia-de-mauricio-lemos-venda-de-saf-e-provocacao-ao-rival-as-ultimas-noticias-do-vasco\/\"]}]},{\"@type\":\"ImageObject\",\"inLanguage\":\"pt-BR\",\"@id\":\"https:\/\/www.gaveanews.com\/index.php\/2025\/02\/06\/estreia-de-mauricio-lemos-venda-de-saf-e-provocacao-ao-rival-as-ultimas-noticias-do-vasco\/#primaryimage\",\"url\":\"https:\/\/www.gaveanews.com\/wp-content\/uploads\/Camisa-do-Vasco-2024.webp\",\"contentUrl\":\"https:\/\/www.gaveanews.com\/wp-content\/uploads\/Camisa-do-Vasco-2024.webp\",\"width\":1059,\"height\":794,\"caption\":\"Camisa do Vasco 2024 (Foto: Reprodu\u00e7\u00e3o\/Instagram)\"},{\"@type\":\"BreadcrumbList\",\"@id\":\"https:\/\/www.gaveanews.com\/index.php\/2025\/02\/06\/estreia-de-mauricio-lemos-venda-de-saf-e-provocacao-ao-rival-as-ultimas-noticias-do-vasco\/#breadcrumb\",\"itemListElement\":[{\"@type\":\"ListItem\",\"position\":1,\"name\":\"Home\",\"item\":\"https:\/\/www.gaveanews.com\/\"},{\"@type\":\"ListItem\",\"position\":2,\"name\":\"Estreia de Maur\u00edcio Lemos, venda de SAF e provoca\u00e7\u00e3o ao rival: as \u00faltimas not\u00edcias do Vasco\"}]},{\"@type\":\"WebSite\",\"@id\":\"https:\/\/www.gaveanews.com\/#website\",\"url\":\"https:\/\/www.gaveanews.com\/\",\"name\":\"G\u00e1vea News\",\"description\":\"Veja todas as not\u00edcias sobre o Flamengo: Contrata\u00e7\u00f5es, categorias de base, resultados das partidas, tabela de classifica\u00e7\u00e3o, pr\u00f3ximos jogos!\",\"potentialAction\":[{\"@type\":\"SearchAction\",\"target\":{\"@type\":\"EntryPoint\",\"urlTemplate\":\"https:\/\/www.gaveanews.com\/?s={search_term_string}\"},\"query-input\":{\"@type\":\"PropertyValueSpecification\",\"valueRequired\":true,\"valueName\":\"search_term_string\"}}],\"inLanguage\":\"pt-BR\"},{\"@type\":\"Person\",\"@id\":\"https:\/\/www.gaveanews.com\/#\/schema\/person\/8207cd4627f56151707418bfc835b2fb\",\"name\":\"Matheus Felipe\",\"image\":{\"@type\":\"ImageObject\",\"inLanguage\":\"pt-BR\",\"@id\":\"https:\/\/www.gaveanews.com\/#\/schema\/person\/image\/\",\"url\":\"https:\/\/secure.gravatar.com\/avatar\/a452ffbed9130f726358b298bb3a99ce4bd3c5338411f8440e87e14d74c7c087?s=96&d=mm&r=g\",\"contentUrl\":\"https:\/\/secure.gravatar.com\/avatar\/a452ffbed9130f726358b298bb3a99ce4bd3c5338411f8440e87e14d74c7c087?s=96&d=mm&r=g\",\"caption\":\"Matheus Felipe\"}}]}<\/script>\n<!-- \/ Yoast SEO Premium plugin. -->","yoast_head_json":{"title":"Estreia de Maur\u00edcio Lemos, venda de SAF e provoca\u00e7\u00e3o ao rival: as \u00faltimas not\u00edcias do Vasco","robots":{"index":"index","follow":"follow","max-snippet":"max-snippet:-1","max-image-preview":"max-image-preview:large","max-video-preview":"max-video-preview:-1"},"canonical":"https:\/\/www.gaveanews.com\/index.php\/2025\/02\/06\/estreia-de-mauricio-lemos-venda-de-saf-e-provocacao-ao-rival-as-ultimas-noticias-do-vasco\/","og_locale":"pt_BR","og_type":"article","og_title":"Estreia de Maur\u00edcio Lemos, venda de SAF e provoca\u00e7\u00e3o ao rival: as \u00faltimas not\u00edcias do Vasco","og_description":"Nas \u00faltimas horas, o foco das not\u00edcias sobre o Vasco se concentram nos bastidores doclube, com destaques do dia a dia do time. Por conta deste contexto, leia abaixo um resumo preparado pela equipe do portal G\u00e1vea News para lhe manter muito bem informado! Provoca\u00e7\u00e3o ao rival O cl\u00e1ssico entre Vasco e Fluminense, v\u00e1lido pela [&hellip;]","og_url":"https:\/\/www.gaveanews.com\/index.php\/2025\/02\/06\/estreia-de-mauricio-lemos-venda-de-saf-e-provocacao-ao-rival-as-ultimas-noticias-do-vasco\/","og_site_name":"G\u00e1vea News","article_publisher":"https:\/\/facebook.com\/gaveaNews\/","article_published_time":"2025-02-06T22:40:00+00:00","og_image":[{"width":1059,"height":794,"url":"https:\/\/www.gaveanews.com\/wp-content\/uploads\/Camisa-do-Vasco-2024.webp","type":"image\/webp"}],"author":"Matheus Felipe","twitter_card":"summary_large_image","twitter_misc":{"Escrito por":"Matheus Felipe","Est. tempo de leitura":"5 minutos"},"schema":{"@context":"https:\/\/schema.org","@graph":[{"@type":"NewsArticle","@id":"https:\/\/www.gaveanews.com\/index.php\/2025\/02\/06\/estreia-de-mauricio-lemos-venda-de-saf-e-provocacao-ao-rival-as-ultimas-noticias-do-vasco\/#article","isPartOf":{"@id":"https:\/\/www.gaveanews.com\/index.php\/2025\/02\/06\/estreia-de-mauricio-lemos-venda-de-saf-e-provocacao-ao-rival-as-ultimas-noticias-do-vasco\/"},"author":{"name":"Matheus Felipe","@id":"https:\/\/www.gaveanews.com\/#\/schema\/person\/8207cd4627f56151707418bfc835b2fb"},"headline":"Estreia de Maur\u00edcio Lemos, venda de SAF e provoca\u00e7\u00e3o ao rival: as \u00faltimas not\u00edcias do Vasco","datePublished":"2025-02-06T22:40:00+00:00","mainEntityOfPage":{"@id":"https:\/\/www.gaveanews.com\/index.php\/2025\/02\/06\/estreia-de-mauricio-lemos-venda-de-saf-e-provocacao-ao-rival-as-ultimas-noticias-do-vasco\/"},"wordCount":736,"commentCount":0,"image":{"@id":"https:\/\/www.gaveanews.com\/index.php\/2025\/02\/06\/estreia-de-mauricio-lemos-venda-de-saf-e-provocacao-ao-rival-as-ultimas-noticias-do-vasco\/#primaryimage"},"thumbnailUrl":"https:\/\/www.gaveanews.com\/wp-content\/uploads\/Camisa-do-Vasco-2024.webp","articleSection":["Vasco"],"inLanguage":"pt-BR","potentialAction":[{"@type":"CommentAction","name":"Comment","target":["https:\/\/www.gaveanews.com\/index.php\/2025\/02\/06\/estreia-de-mauricio-lemos-venda-de-saf-e-provocacao-ao-rival-as-ultimas-noticias-do-vasco\/#respond"]}],"copyrightYear":"2025","copyrightHolder":{"@id":"https:\/\/www.gaveanews.com\/#organization"}},{"@type":"WebPage","@id":"https:\/\/www.gaveanews.com\/index.php\/2025\/02\/06\/estreia-de-mauricio-lemos-venda-de-saf-e-provocacao-ao-rival-as-ultimas-noticias-do-vasco\/","url":"https:\/\/www.gaveanews.com\/index.php\/2025\/02\/06\/estreia-de-mauricio-lemos-venda-de-saf-e-provocacao-ao-rival-as-ultimas-noticias-do-vasco\/","name":"Estreia de Maur\u00edcio Lemos, venda de SAF e provoca\u00e7\u00e3o ao rival: as \u00faltimas not\u00edcias do Vasco","isPartOf":{"@id":"https:\/\/www.gaveanews.com\/#website"},"primaryImageOfPage":{"@id":"https:\/\/www.gaveanews.com\/index.php\/2025\/02\/06\/estreia-de-mauricio-lemos-venda-de-saf-e-provocacao-ao-rival-as-ultimas-noticias-do-vasco\/#primaryimage"},"image":{"@id":"https:\/\/www.gaveanews.com\/index.php\/2025\/02\/06\/estreia-de-mauricio-lemos-venda-de-saf-e-provocacao-ao-rival-as-ultimas-noticias-do-vasco\/#primaryimage"},"thumbnailUrl":"https:\/\/www.gaveanews.com\/wp-content\/uploads\/Camisa-do-Vasco-2024.webp","datePublished":"2025-02-06T22:40:00+00:00","author":{"@id":"https:\/\/www.gaveanews.com\/#\/schema\/person\/8207cd4627f56151707418bfc835b2fb"},"breadcrumb":{"@id":"https:\/\/www.gaveanews.com\/index.php\/2025\/02\/06\/estreia-de-mauricio-lemos-venda-de-saf-e-provocacao-ao-rival-as-ultimas-noticias-do-vasco\/#breadcrumb"},"inLanguage":"pt-BR","potentialAction":[{"@type":"ReadAction","target":["https:\/\/www.gaveanews.com\/index.php\/2025\/02\/06\/estreia-de-mauricio-lemos-venda-de-saf-e-provocacao-ao-rival-as-ultimas-noticias-do-vasco\/"]}]},{"@type":"ImageObject","inLanguage":"pt-BR","@id":"https:\/\/www.gaveanews.com\/index.php\/2025\/02\/06\/estreia-de-mauricio-lemos-venda-de-saf-e-provocacao-ao-rival-as-ultimas-noticias-do-vasco\/#primaryimage","url":"https:\/\/www.gaveanews.com\/wp-content\/uploads\/Camisa-do-Vasco-2024.webp","contentUrl":"https:\/\/www.gaveanews.com\/wp-content\/uploads\/Camisa-do-Vasco-2024.webp","width":1059,"height":794,"caption":"Camisa do Vasco 2024 (Foto: Reprodu\u00e7\u00e3o\/Instagram)"},{"@type":"BreadcrumbList","@id":"https:\/\/www.gaveanews.com\/index.php\/2025\/02\/06\/estreia-de-mauricio-lemos-venda-de-saf-e-provocacao-ao-rival-as-ultimas-noticias-do-vasco\/#breadcrumb","itemListElement":[{"@type":"ListItem","position":1,"name":"Home","item":"https:\/\/www.gaveanews.com\/"},{"@type":"ListItem","position":2,"name":"Estreia de Maur\u00edcio Lemos, venda de SAF e provoca\u00e7\u00e3o ao rival: as \u00faltimas not\u00edcias do Vasco"}]},{"@type":"WebSite","@id":"https:\/\/www.gaveanews.com\/#website","url":"https:\/\/www.gaveanews.com\/","name":"G\u00e1vea News","description":"Veja todas as not\u00edcias sobre o Flamengo: Contrata\u00e7\u00f5es, categorias de base, resultados das partidas, tabela de classifica\u00e7\u00e3o, pr\u00f3ximos jogos!","potentialAction":[{"@type":"SearchAction","target":{"@type":"EntryPoint","urlTemplate":"https:\/\/www.gaveanews.com\/?s={search_term_string}"},"query-input":{"@type":"PropertyValueSpecification","valueRequired":true,"valueName":"search_term_string"}}],"inLanguage":"pt-BR"},{"@type":"Person","@id":"https:\/\/www.gaveanews.com\/#\/schema\/person\/8207cd4627f56151707418bfc835b2fb","name":"Matheus Felipe","image":{"@type":"ImageObject","inLanguage":"pt-BR","@id":"https:\/\/www.gaveanews.com\/#\/schema\/person\/image\/","url":"https:\/\/secure.gravatar.com\/avatar\/a452ffbed9130f726358b298bb3a99ce4bd3c5338411f8440e87e14d74c7c087?s=96&d=mm&r=g","contentUrl":"https:\/\/secure.gravatar.com\/avatar\/a452ffbed9130f726358b298bb3a99ce4bd3c5338411f8440e87e14d74c7c087?s=96&d=mm&r=g","caption":"Matheus Felipe"}}]}},"_links":{"self":[{"href":"https:\/\/www.gaveanews.com\/index.php\/wp-json\/wp\/v2\/posts\/224314","targetHints":{"allow":["GET"]}}],"collection":[{"href":"https:\/\/www.gaveanews.com\/index.php\/wp-json\/wp\/v2\/posts"}],"about":[{"href":"https:\/\/www.gaveanews.com\/index.php\/wp-json\/wp\/v2\/types\/post"}],"author":[{"embeddable":true,"href":"https:\/\/www.gaveanews.com\/index.php\/wp-json\/wp\/v2\/users\/27"}],"replies":[{"embeddable":true,"href":"https:\/\/www.gaveanews.com\/index.php\/wp-json\/wp\/v2\/comments?post=224314"}],"version-history":[{"count":1,"href":"https:\/\/www.gaveanews.com\/index.php\/wp-json\/wp\/v2\/posts\/224314\/revisions"}],"predecessor-version":[{"id":224316,"href":"https:\/\/www.gaveanews.com\/index.php\/wp-json\/wp\/v2\/posts\/224314\/revisions\/224316"}],"wp:featuredmedia":[{"embeddable":true,"href":"https:\/\/www.gaveanews.com\/index.php\/wp-json\/wp\/v2\/media\/161261"}],"wp:attachment":[{"href":"https:\/\/www.gaveanews.com\/index.php\/wp-json\/wp\/v2\/media?parent=224314"}],"wp:term":[{"taxonomy":"category","embeddable":true,"href":"https:\/\/www.gaveanews.com\/index.php\/wp-json\/wp\/v2\/categories?post=224314"},{"taxonomy":"post_tag","embeddable":true,"href":"https:\/\/www.gaveanews.com\/index.php\/wp-json\/wp\/v2\/tags?post=224314"}],"curies":[{"name":"wp","href":"https:\/\/api.w.org\/{rel}","templated":true}]}}