{"id":224317,"date":"2025-02-06T19:45:00","date_gmt":"2025-02-06T22:45:00","guid":{"rendered":"https:\/\/www.gaveanews.com\/?p=224317"},"modified":"2025-02-06T20:38:56","modified_gmt":"2025-02-06T23:38:56","slug":"chegada-de-ex-barcelona-neymar-chama-atencao-e-volta-aos-treinos-as-ultimas-noticias-do-santos","status":"publish","type":"post","link":"https:\/\/www.gaveanews.com\/index.php\/2025\/02\/06\/chegada-de-ex-barcelona-neymar-chama-atencao-e-volta-aos-treinos-as-ultimas-noticias-do-santos\/","title":{"rendered":"Chegada de ex-Barcelona, Neymar chama aten\u00e7\u00e3o e volta aos treinos: as \u00faltimas not\u00edcias do Santos"},"content":{"rendered":"\n<p>Nas \u00faltimas horas, o foco das not\u00edcias sobre o Santos se concentram nos bastidores do clube, com destaques do dia a dia do time.<\/p>\n\n\n\n<p>Por conta deste contexto, leia abaixo um resumo preparado pela equipe do portal G\u00e1vea News para lhe manter muito bem informado!<\/p>\n\n\n\n<h2 class=\"wp-block-heading\" id=\"h-volta-aos-treinos\">Volta aos treinos<\/h2>\n\n\n\n<p>O goleiro Rodrigo Falc\u00e3o, do Santos, est\u00e1 em fase final de recupera\u00e7\u00e3o e deve voltar aos treinos no final de fevereiro. O jovem arqueiro sofreu uma fratura no quinto metacarpo da m\u00e3o, o que o impediu de disputar a Copinha e adiou sua reintegra\u00e7\u00e3o ao elenco. Curiosamente, essa seria sua reestreia ap\u00f3s outra les\u00e3o grave, que incluiu uma fratura no ligamento cruzado anterior (LCA) e no menisco, afastando-o dos gramados por meses<strong><a href=\"https:\/\/www.gaveanews.com\/index.php\/2025\/02\/04\/santos-apos-fratura-ele-so-vai-voltar-a-treinar-no-final-do-mes\/\"> (leia a mat\u00e9ria completa).<\/a><\/strong><\/p>\n\n\n\n<blockquote class=\"instagram-media\" data-instgrm-permalink=\"https:\/\/www.instagram.com\/p\/C3GFGmVA-zI\/?utm_source=ig_embed&amp;utm_campaign=loading\" data-instgrm-version=\"14\" style=\" background:#FFF; border:0; border-radius:3px; box-shadow:0 0 1px 0 rgba(0,0,0,0.5),0 1px 10px 0 rgba(0,0,0,0.15); margin: 1px; max-width:540px; min-width:326px; padding:0; width:99.375%; width:-webkit-calc(100% - 2px); width:calc(100% - 2px);\"><div style=\"padding:16px;\"> <a href=\"https:\/\/www.instagram.com\/p\/C3GFGmVA-zI\/?utm_source=ig_embed&amp;utm_campaign=loading\" style=\" background:#FFFFFF; line-height:0; padding:0 0; text-align:center; text-decoration:none; width:100%;\" target=\"_blank\"> <div style=\" display: flex; flex-direction: row; align-items: center;\"> <div style=\"background-color: #F4F4F4; border-radius: 50%; flex-grow: 0; height: 40px; margin-right: 14px; width: 40px;\"><\/div> <div style=\"display: flex; flex-direction: column; flex-grow: 1; justify-content: center;\"> <div style=\" background-color: #F4F4F4; border-radius: 4px; flex-grow: 0; height: 14px; margin-bottom: 6px; width: 100px;\"><\/div> <div style=\" background-color: #F4F4F4; border-radius: 4px; flex-grow: 0; height: 14px; width: 60px;\"><\/div><\/div><\/div><div style=\"padding: 19% 0;\"><\/div> <div style=\"display:block; height:50px; margin:0 auto 12px; width:50px;\"><svg width=\"50px\" height=\"50px\" viewBox=\"0 0 60 60\" version=\"1.1\" xmlns=\"https:\/\/www.w3.org\/2000\/svg\" xmlns:xlink=\"https:\/\/www.w3.org\/1999\/xlink\"><g stroke=\"none\" stroke-width=\"1\" fill=\"none\" fill-rule=\"evenodd\"><g transform=\"translate(-511.000000, -20.000000)\" fill=\"#000000\"><g><path d=\"M556.869,30.41 C554.814,30.41 553.148,32.076 553.148,34.131 C553.148,36.186 554.814,37.852 556.869,37.852 C558.924,37.852 560.59,36.186 560.59,34.131 C560.59,32.076 558.924,30.41 556.869,30.41 M541,60.657 C535.114,60.657 530.342,55.887 530.342,50 C530.342,44.114 535.114,39.342 541,39.342 C546.887,39.342 551.658,44.114 551.658,50 C551.658,55.887 546.887,60.657 541,60.657 M541,33.886 C532.1,33.886 524.886,41.1 524.886,50 C524.886,58.899 532.1,66.113 541,66.113 C549.9,66.113 557.115,58.899 557.115,50 C557.115,41.1 549.9,33.886 541,33.886 M565.378,62.101 C565.244,65.022 564.756,66.606 564.346,67.663 C563.803,69.06 563.154,70.057 562.106,71.106 C561.058,72.155 560.06,72.803 558.662,73.347 C557.607,73.757 556.021,74.244 553.102,74.378 C549.944,74.521 548.997,74.552 541,74.552 C533.003,74.552 532.056,74.521 528.898,74.378 C525.979,74.244 524.393,73.757 523.338,73.347 C521.94,72.803 520.942,72.155 519.894,71.106 C518.846,70.057 518.197,69.06 517.654,67.663 C517.244,66.606 516.755,65.022 516.623,62.101 C516.479,58.943 516.448,57.996 516.448,50 C516.448,42.003 516.479,41.056 516.623,37.899 C516.755,34.978 517.244,33.391 517.654,32.338 C518.197,30.938 518.846,29.942 519.894,28.894 C520.942,27.846 521.94,27.196 523.338,26.654 C524.393,26.244 525.979,25.756 528.898,25.623 C532.057,25.479 533.004,25.448 541,25.448 C548.997,25.448 549.943,25.479 553.102,25.623 C556.021,25.756 557.607,26.244 558.662,26.654 C560.06,27.196 561.058,27.846 562.106,28.894 C563.154,29.942 563.803,30.938 564.346,32.338 C564.756,33.391 565.244,34.978 565.378,37.899 C565.522,41.056 565.552,42.003 565.552,50 C565.552,57.996 565.522,58.943 565.378,62.101 M570.82,37.631 C570.674,34.438 570.167,32.258 569.425,30.349 C568.659,28.377 567.633,26.702 565.965,25.035 C564.297,23.368 562.623,22.342 560.652,21.575 C558.743,20.834 556.562,20.326 553.369,20.18 C550.169,20.033 549.148,20 541,20 C532.853,20 531.831,20.033 528.631,20.18 C525.438,20.326 523.257,20.834 521.349,21.575 C519.376,22.342 517.703,23.368 516.035,25.035 C514.368,26.702 513.342,28.377 512.574,30.349 C511.834,32.258 511.326,34.438 511.181,37.631 C511.035,40.831 511,41.851 511,50 C511,58.147 511.035,59.17 511.181,62.369 C511.326,65.562 511.834,67.743 512.574,69.651 C513.342,71.625 514.368,73.296 516.035,74.965 C517.703,76.634 519.376,77.658 521.349,78.425 C523.257,79.167 525.438,79.673 528.631,79.82 C531.831,79.965 532.853,80.001 541,80.001 C549.148,80.001 550.169,79.965 553.369,79.82 C556.562,79.673 558.743,79.167 560.652,78.425 C562.623,77.658 564.297,76.634 565.965,74.965 C567.633,73.296 568.659,71.625 569.425,69.651 C570.167,67.743 570.674,65.562 570.82,62.369 C570.966,59.17 571,58.147 571,50 C571,41.851 570.966,40.831 570.82,37.631\"><\/path><\/g><\/g><\/g><\/svg><\/div><div style=\"padding-top: 8px;\"> <div style=\" color:#3897f0; font-family:Arial,sans-serif; font-size:14px; font-style:normal; font-weight:550; line-height:18px;\">Ver essa foto no Instagram<\/div><\/div><div style=\"padding: 12.5% 0;\"><\/div> <div style=\"display: flex; flex-direction: row; margin-bottom: 14px; align-items: center;\"><div> <div style=\"background-color: #F4F4F4; border-radius: 50%; height: 12.5px; width: 12.5px; transform: translateX(0px) translateY(7px);\"><\/div> <div style=\"background-color: #F4F4F4; height: 12.5px; transform: rotate(-45deg) translateX(3px) translateY(1px); width: 12.5px; flex-grow: 0; margin-right: 14px; margin-left: 2px;\"><\/div> <div style=\"background-color: #F4F4F4; border-radius: 50%; height: 12.5px; width: 12.5px; transform: translateX(9px) translateY(-18px);\"><\/div><\/div><div style=\"margin-left: 8px;\"> <div style=\" background-color: #F4F4F4; border-radius: 50%; flex-grow: 0; height: 20px; width: 20px;\"><\/div> <div style=\" width: 0; height: 0; border-top: 2px solid transparent; border-left: 6px solid #f4f4f4; border-bottom: 2px solid transparent; transform: translateX(16px) translateY(-4px) rotate(30deg)\"><\/div><\/div><div style=\"margin-left: auto;\"> <div style=\" width: 0px; border-top: 8px solid #F4F4F4; border-right: 8px solid transparent; transform: translateY(16px);\"><\/div> <div style=\" background-color: #F4F4F4; flex-grow: 0; height: 12px; width: 16px; transform: translateY(-4px);\"><\/div> <div style=\" width: 0; height: 0; border-top: 8px solid #F4F4F4; border-left: 8px solid transparent; transform: translateY(-4px) translateX(8px);\"><\/div><\/div><\/div> <div style=\"display: flex; flex-direction: column; flex-grow: 1; justify-content: center; margin-bottom: 24px;\"> <div style=\" background-color: #F4F4F4; border-radius: 4px; flex-grow: 0; height: 14px; margin-bottom: 6px; width: 224px;\"><\/div> <div style=\" background-color: #F4F4F4; border-radius: 4px; flex-grow: 0; height: 14px; width: 144px;\"><\/div><\/div><\/a><p style=\" color:#c9c8cd; font-family:Arial,sans-serif; font-size:14px; line-height:17px; margin-bottom:0; margin-top:8px; overflow:hidden; padding:8px 0 7px; text-align:center; text-overflow:ellipsis; white-space:nowrap;\"><a href=\"https:\/\/www.instagram.com\/p\/C3GFGmVA-zI\/?utm_source=ig_embed&amp;utm_campaign=loading\" style=\" color:#c9c8cd; font-family:Arial,sans-serif; font-size:14px; font-style:normal; font-weight:normal; line-height:17px; text-decoration:none;\" target=\"_blank\">Uma publica\u00e7\u00e3o compartilhada por Rodrigo Falca\u0303o (@ro_falcao05)<\/a><\/p><\/div><\/blockquote>\n<script async src=\"\/\/www.instagram.com\/embed.js\"><\/script>\n\n\n\n<p>Falc\u00e3o, que recentemente renovou contrato com o Santos at\u00e9 outubro de 2026, vinha sendo integrado ao elenco profissional antes da les\u00e3o. <\/p>\n\n\n\n<p>Ele chegou a ser inscrito na Lista B do Campeonato Paulista e figurou no banco de reservas em partidas importantes, como contra Botafogo-SP, Ponte Preta e Palmeiras. Seu nome tamb\u00e9m despertou interesse internacional, e o Al-Nassr, da Ar\u00e1bia Saudita, tentou contrat\u00e1-lo, mas a proposta foi recusada tanto pelo jogador quanto pelo clube.<\/p>\n\n\n\n<p>Com um hist\u00f3rico de dedica\u00e7\u00e3o ao Santos desde as categorias de base, Falc\u00e3o tem o sonho de se firmar como goleiro titular do time profissional. Agora, ele segue focado na recupera\u00e7\u00e3o para retomar sua trajet\u00f3ria e se consolidar como uma das grandes promessas da equipe. A torcida santista aguarda ansiosa pelo retorno do jovem goleiro aos gramados.<\/p>\n\n\n\n<h2 class=\"wp-block-heading\" id=\"h-neymar-chama-atencao\">Neymar chama aten\u00e7\u00e3o<\/h2>\n\n\n\n<p>Neymar chamou aten\u00e7\u00e3o durante seu primeiro treinamento no Santos, demonstrando estar bem fisicamente e recuperado da les\u00e3o na coxa. O atacante participou das atividades no CT Rei Pel\u00e9 e pode estrear pelo Peixe j\u00e1 no Campeonato Paulista. A expectativa da torcida cresce para v\u00ea-lo novamente em campo ap\u00f3s um longo per\u00edodo afastado por contus\u00f5es<strong><a href=\"https:\/\/www.gaveanews.com\/index.php\/2025\/02\/04\/neymar-chama-atencao-durante-treinamento-do-santos\/\"> (leia a mat\u00e9ria completa).<\/a><\/strong><\/p>\n\n\n\n<figure class=\"wp-block-image size-full\"><img loading=\"lazy\" decoding=\"async\" width=\"517\" height=\"689\" src=\"http:\/\/www.gaveanews.com\/wp-content\/uploads\/Neymar-pelo-Santos.webp\" alt=\"\" class=\"wp-image-221596\"\/><figcaption class=\"wp-element-caption\">Neymar pelo Santos (Foto: GuilhermeKastner \/ Santos FC)<\/figcaption><\/figure>\n\n\n\n<p>O jogador foi apresentado na Vila Belmiro no dia 31 de janeiro, em um evento festivo, e assinou contrato at\u00e9 o meio do ano, quando se encerra seu v\u00ednculo com o Al-Hilal. Para retornar ao Brasil, Neymar aceitou uma grande redu\u00e7\u00e3o salarial, passando de R$ 100 milh\u00f5es mensais no clube saudita para cerca de R$ 960 mil no Santos, valor que ainda o coloca entre os mais bem pagos do pa\u00eds.<\/p>\n\n\n\n<p>Apesar das preocupa\u00e7\u00f5es sobre seu hist\u00f3rico recente de les\u00f5es, o craque mostrou boa movimenta\u00e7\u00e3o nos treinamentos com os reservas do Santos. Com isso, ele pode ser relacionado para o jogo contra o Botafogo-SP, nesta quarta-feira (5), \u00e0s 21h35, na Vila Belmiro. Caso entre em campo, ser\u00e1 sua primeira partida oficial pelo Peixe desde 2013.<\/p>\n\n\n\n<h2 class=\"wp-block-heading\" id=\"h-chegada-de-ex-barcelona\">Chegada de ex-Barcelona<\/h2>\n\n\n\n<p>O Santos est\u00e1 pr\u00f3ximo de anunciar a contrata\u00e7\u00e3o de Rafinha Alc\u00e2ntara, ex-Barcelona e PSG, que deseja atuar ao lado de Neymar na equipe. O meio-campista aceitou reduzir seu sal\u00e1rio em at\u00e9 70% para viabilizar o acordo, tornando-se uma op\u00e7\u00e3o vi\u00e1vel para o clube da Vila Belmiro. A influ\u00eancia de Neymar na negocia\u00e7\u00e3o foi um fator determinante para que o Peixe superasse a concorr\u00eancia de outros clubes brasileiros, como Flamengo, Palmeiras e Vasco, que desistiram do jogador devido ao alto custo da opera\u00e7\u00e3o <strong><a href=\"https:\/\/www.gaveanews.com\/index.php\/2025\/02\/04\/ex-barcelona-quer-jogar-no-santos-com-neymar\/\">(leia a mat\u00e9ria completa).<\/a><\/strong><\/p>\n\n\n\n<figure class=\"wp-block-image size-full\"><img loading=\"lazy\" decoding=\"async\" width=\"800\" height=\"450\" src=\"http:\/\/www.gaveanews.com\/wp-content\/uploads\/rafinha-alcantara-em-acao-pelo-al-arabi-do-catar-21533_800x450.webp\" alt=\"\" class=\"wp-image-143644\" srcset=\"https:\/\/www.gaveanews.com\/wp-content\/uploads\/rafinha-alcantara-em-acao-pelo-al-arabi-do-catar-21533_800x450.webp 800w, https:\/\/www.gaveanews.com\/wp-content\/uploads\/rafinha-alcantara-em-acao-pelo-al-arabi-do-catar-21533_800x450-300x169.webp 300w, https:\/\/www.gaveanews.com\/wp-content\/uploads\/rafinha-alcantara-em-acao-pelo-al-arabi-do-catar-21533_800x450-768x432.webp 768w, https:\/\/www.gaveanews.com\/wp-content\/uploads\/rafinha-alcantara-em-acao-pelo-al-arabi-do-catar-21533_800x450-747x420.webp 747w, https:\/\/www.gaveanews.com\/wp-content\/uploads\/rafinha-alcantara-em-acao-pelo-al-arabi-do-catar-21533_800x450-640x360.webp 640w, https:\/\/www.gaveanews.com\/wp-content\/uploads\/rafinha-alcantara-em-acao-pelo-al-arabi-do-catar-21533_800x450-681x383.webp 681w, https:\/\/www.gaveanews.com\/wp-content\/uploads\/rafinha-alcantara-em-acao-pelo-al-arabi-do-catar-21533_800x450-100x56.webp 100w\" sizes=\"auto, (max-width: 800px) 100vw, 800px\" \/><figcaption class=\"wp-element-caption\">Reprodu\u00e7\u00e3o\/Instagram (@rafalcantara)\n<\/figcaption><\/figure>\n\n\n\n<p>Rafinha j\u00e1 havia sido sondado pelo Santos em janeiro, antes da chegada de Neymar, mas optou por aguardar outras oportunidades no mercado. Agora, com um cen\u00e1rio mais favor\u00e1vel, as conversas avan\u00e7aram, e ele pode ser anunciado em breve. O jogador chegaria para ser titular no esquema do t\u00e9cnico Pedro Caixinha, agregando experi\u00eancia e qualidade ao meio-campo do time.<\/p>\n\n\n\n<p>O Santos continua refor\u00e7ando seu elenco para a temporada e v\u00ea a contrata\u00e7\u00e3o de Rafinha como um grande passo na busca por t\u00edtulos. Com a expectativa de oficializa\u00e7\u00e3o do acordo nos pr\u00f3ximos dias, a torcida aguarda ansiosamente o desfecho positivo dessa negocia\u00e7\u00e3o.<\/p>\n","protected":false},"excerpt":{"rendered":"<p>Nas \u00faltimas horas, o foco das not\u00edcias sobre o Santos se concentram nos bastidores do clube, com destaques do dia a dia do time. Por conta deste contexto, leia abaixo um resumo preparado pela equipe do portal G\u00e1vea News para lhe manter muito bem informado! Volta aos treinos O goleiro Rodrigo Falc\u00e3o, do Santos, est\u00e1 [&hellip;]<\/p>\n","protected":false},"author":27,"featured_media":221593,"comment_status":"open","ping_status":"closed","sticky":false,"template":"","format":"standard","meta":{"footnotes":""},"categories":[139],"tags":[],"class_list":["post-224317","post","type-post","status-publish","format-standard","has-post-thumbnail","hentry","category-santos"],"yoast_head":"<!-- This site is optimized with the Yoast SEO Premium plugin v24.2 (Yoast SEO v26.9) - https:\/\/yoast.com\/product\/yoast-seo-premium-wordpress\/ -->\n<title>Chegada de ex-Barcelona, Neymar chama aten\u00e7\u00e3o e volta aos treinos: as \u00faltimas not\u00edcias do Santos<\/title>\n<meta name=\"robots\" content=\"index, follow, max-snippet:-1, max-image-preview:large, max-video-preview:-1\" \/>\n<link rel=\"canonical\" href=\"https:\/\/www.gaveanews.com\/index.php\/2025\/02\/06\/chegada-de-ex-barcelona-neymar-chama-atencao-e-volta-aos-treinos-as-ultimas-noticias-do-santos\/\" \/>\n<meta property=\"og:locale\" content=\"pt_BR\" \/>\n<meta property=\"og:type\" content=\"article\" \/>\n<meta property=\"og:title\" content=\"Chegada de ex-Barcelona, Neymar chama aten\u00e7\u00e3o e volta aos treinos: as \u00faltimas not\u00edcias do Santos\" \/>\n<meta property=\"og:description\" content=\"Nas \u00faltimas horas, o foco das not\u00edcias sobre o Santos se concentram nos bastidores do clube, com destaques do dia a dia do time. Por conta deste contexto, leia abaixo um resumo preparado pela equipe do portal G\u00e1vea News para lhe manter muito bem informado! Volta aos treinos O goleiro Rodrigo Falc\u00e3o, do Santos, est\u00e1 [&hellip;]\" \/>\n<meta property=\"og:url\" content=\"https:\/\/www.gaveanews.com\/index.php\/2025\/02\/06\/chegada-de-ex-barcelona-neymar-chama-atencao-e-volta-aos-treinos-as-ultimas-noticias-do-santos\/\" \/>\n<meta property=\"og:site_name\" content=\"G\u00e1vea News\" \/>\n<meta property=\"article:publisher\" content=\"https:\/\/facebook.com\/gaveaNews\/\" \/>\n<meta property=\"article:published_time\" content=\"2025-02-06T22:45:00+00:00\" \/>\n<meta property=\"article:modified_time\" content=\"2025-02-06T23:38:56+00:00\" \/>\n<meta property=\"og:image\" content=\"http:\/\/www.gaveanews.com\/wp-content\/uploads\/Neymar-volta-ao-Santos.webp\" \/>\n\t<meta property=\"og:image:width\" content=\"573\" \/>\n\t<meta property=\"og:image:height\" content=\"636\" \/>\n\t<meta property=\"og:image:type\" content=\"image\/jpeg\" \/>\n<meta name=\"author\" content=\"Matheus Felipe\" \/>\n<meta name=\"twitter:card\" content=\"summary_large_image\" \/>\n<meta name=\"twitter:label1\" content=\"Escrito por\" \/>\n\t<meta name=\"twitter:data1\" content=\"Matheus Felipe\" \/>\n\t<meta name=\"twitter:label2\" content=\"Est. tempo de leitura\" \/>\n\t<meta name=\"twitter:data2\" content=\"5 minutos\" \/>\n<script type=\"application\/ld+json\" class=\"yoast-schema-graph\">{\"@context\":\"https:\/\/schema.org\",\"@graph\":[{\"@type\":\"NewsArticle\",\"@id\":\"https:\/\/www.gaveanews.com\/index.php\/2025\/02\/06\/chegada-de-ex-barcelona-neymar-chama-atencao-e-volta-aos-treinos-as-ultimas-noticias-do-santos\/#article\",\"isPartOf\":{\"@id\":\"https:\/\/www.gaveanews.com\/index.php\/2025\/02\/06\/chegada-de-ex-barcelona-neymar-chama-atencao-e-volta-aos-treinos-as-ultimas-noticias-do-santos\/\"},\"author\":{\"name\":\"Matheus Felipe\",\"@id\":\"https:\/\/www.gaveanews.com\/#\/schema\/person\/8207cd4627f56151707418bfc835b2fb\"},\"headline\":\"Chegada de ex-Barcelona, Neymar chama aten\u00e7\u00e3o e volta aos treinos: as \u00faltimas not\u00edcias do Santos\",\"datePublished\":\"2025-02-06T22:45:00+00:00\",\"dateModified\":\"2025-02-06T23:38:56+00:00\",\"mainEntityOfPage\":{\"@id\":\"https:\/\/www.gaveanews.com\/index.php\/2025\/02\/06\/chegada-de-ex-barcelona-neymar-chama-atencao-e-volta-aos-treinos-as-ultimas-noticias-do-santos\/\"},\"wordCount\":722,\"commentCount\":0,\"image\":{\"@id\":\"https:\/\/www.gaveanews.com\/index.php\/2025\/02\/06\/chegada-de-ex-barcelona-neymar-chama-atencao-e-volta-aos-treinos-as-ultimas-noticias-do-santos\/#primaryimage\"},\"thumbnailUrl\":\"https:\/\/www.gaveanews.com\/wp-content\/uploads\/Neymar-volta-ao-Santos.webp\",\"articleSection\":[\"Santos\"],\"inLanguage\":\"pt-BR\",\"potentialAction\":[{\"@type\":\"CommentAction\",\"name\":\"Comment\",\"target\":[\"https:\/\/www.gaveanews.com\/index.php\/2025\/02\/06\/chegada-de-ex-barcelona-neymar-chama-atencao-e-volta-aos-treinos-as-ultimas-noticias-do-santos\/#respond\"]}],\"copyrightYear\":\"2025\",\"copyrightHolder\":{\"@id\":\"https:\/\/www.gaveanews.com\/#organization\"}},{\"@type\":\"WebPage\",\"@id\":\"https:\/\/www.gaveanews.com\/index.php\/2025\/02\/06\/chegada-de-ex-barcelona-neymar-chama-atencao-e-volta-aos-treinos-as-ultimas-noticias-do-santos\/\",\"url\":\"https:\/\/www.gaveanews.com\/index.php\/2025\/02\/06\/chegada-de-ex-barcelona-neymar-chama-atencao-e-volta-aos-treinos-as-ultimas-noticias-do-santos\/\",\"name\":\"Chegada de ex-Barcelona, Neymar chama aten\u00e7\u00e3o e volta aos treinos: as \u00faltimas not\u00edcias do Santos\",\"isPartOf\":{\"@id\":\"https:\/\/www.gaveanews.com\/#website\"},\"primaryImageOfPage\":{\"@id\":\"https:\/\/www.gaveanews.com\/index.php\/2025\/02\/06\/chegada-de-ex-barcelona-neymar-chama-atencao-e-volta-aos-treinos-as-ultimas-noticias-do-santos\/#primaryimage\"},\"image\":{\"@id\":\"https:\/\/www.gaveanews.com\/index.php\/2025\/02\/06\/chegada-de-ex-barcelona-neymar-chama-atencao-e-volta-aos-treinos-as-ultimas-noticias-do-santos\/#primaryimage\"},\"thumbnailUrl\":\"https:\/\/www.gaveanews.com\/wp-content\/uploads\/Neymar-volta-ao-Santos.webp\",\"datePublished\":\"2025-02-06T22:45:00+00:00\",\"dateModified\":\"2025-02-06T23:38:56+00:00\",\"author\":{\"@id\":\"https:\/\/www.gaveanews.com\/#\/schema\/person\/8207cd4627f56151707418bfc835b2fb\"},\"breadcrumb\":{\"@id\":\"https:\/\/www.gaveanews.com\/index.php\/2025\/02\/06\/chegada-de-ex-barcelona-neymar-chama-atencao-e-volta-aos-treinos-as-ultimas-noticias-do-santos\/#breadcrumb\"},\"inLanguage\":\"pt-BR\",\"potentialAction\":[{\"@type\":\"ReadAction\",\"target\":[\"https:\/\/www.gaveanews.com\/index.php\/2025\/02\/06\/chegada-de-ex-barcelona-neymar-chama-atencao-e-volta-aos-treinos-as-ultimas-noticias-do-santos\/\"]}]},{\"@type\":\"ImageObject\",\"inLanguage\":\"pt-BR\",\"@id\":\"https:\/\/www.gaveanews.com\/index.php\/2025\/02\/06\/chegada-de-ex-barcelona-neymar-chama-atencao-e-volta-aos-treinos-as-ultimas-noticias-do-santos\/#primaryimage\",\"url\":\"https:\/\/www.gaveanews.com\/wp-content\/uploads\/Neymar-volta-ao-Santos.webp\",\"contentUrl\":\"https:\/\/www.gaveanews.com\/wp-content\/uploads\/Neymar-volta-ao-Santos.webp\",\"width\":573,\"height\":636,\"caption\":\"Neymar volta ao Santos (Foto: GuilhermeKastner \/ Santos FC)\"},{\"@type\":\"BreadcrumbList\",\"@id\":\"https:\/\/www.gaveanews.com\/index.php\/2025\/02\/06\/chegada-de-ex-barcelona-neymar-chama-atencao-e-volta-aos-treinos-as-ultimas-noticias-do-santos\/#breadcrumb\",\"itemListElement\":[{\"@type\":\"ListItem\",\"position\":1,\"name\":\"Home\",\"item\":\"https:\/\/www.gaveanews.com\/\"},{\"@type\":\"ListItem\",\"position\":2,\"name\":\"Chegada de ex-Barcelona, Neymar chama aten\u00e7\u00e3o e volta aos treinos: as \u00faltimas not\u00edcias do Santos\"}]},{\"@type\":\"WebSite\",\"@id\":\"https:\/\/www.gaveanews.com\/#website\",\"url\":\"https:\/\/www.gaveanews.com\/\",\"name\":\"G\u00e1vea News\",\"description\":\"Veja todas as not\u00edcias sobre o Flamengo: Contrata\u00e7\u00f5es, categorias de base, resultados das partidas, tabela de classifica\u00e7\u00e3o, pr\u00f3ximos jogos!\",\"potentialAction\":[{\"@type\":\"SearchAction\",\"target\":{\"@type\":\"EntryPoint\",\"urlTemplate\":\"https:\/\/www.gaveanews.com\/?s={search_term_string}\"},\"query-input\":{\"@type\":\"PropertyValueSpecification\",\"valueRequired\":true,\"valueName\":\"search_term_string\"}}],\"inLanguage\":\"pt-BR\"},{\"@type\":\"Person\",\"@id\":\"https:\/\/www.gaveanews.com\/#\/schema\/person\/8207cd4627f56151707418bfc835b2fb\",\"name\":\"Matheus Felipe\",\"image\":{\"@type\":\"ImageObject\",\"inLanguage\":\"pt-BR\",\"@id\":\"https:\/\/www.gaveanews.com\/#\/schema\/person\/image\/\",\"url\":\"https:\/\/secure.gravatar.com\/avatar\/a452ffbed9130f726358b298bb3a99ce4bd3c5338411f8440e87e14d74c7c087?s=96&d=mm&r=g\",\"contentUrl\":\"https:\/\/secure.gravatar.com\/avatar\/a452ffbed9130f726358b298bb3a99ce4bd3c5338411f8440e87e14d74c7c087?s=96&d=mm&r=g\",\"caption\":\"Matheus Felipe\"}}]}<\/script>\n<!-- \/ Yoast SEO Premium plugin. -->","yoast_head_json":{"title":"Chegada de ex-Barcelona, Neymar chama aten\u00e7\u00e3o e volta aos treinos: as \u00faltimas not\u00edcias do Santos","robots":{"index":"index","follow":"follow","max-snippet":"max-snippet:-1","max-image-preview":"max-image-preview:large","max-video-preview":"max-video-preview:-1"},"canonical":"https:\/\/www.gaveanews.com\/index.php\/2025\/02\/06\/chegada-de-ex-barcelona-neymar-chama-atencao-e-volta-aos-treinos-as-ultimas-noticias-do-santos\/","og_locale":"pt_BR","og_type":"article","og_title":"Chegada de ex-Barcelona, Neymar chama aten\u00e7\u00e3o e volta aos treinos: as \u00faltimas not\u00edcias do Santos","og_description":"Nas \u00faltimas horas, o foco das not\u00edcias sobre o Santos se concentram nos bastidores do clube, com destaques do dia a dia do time. Por conta deste contexto, leia abaixo um resumo preparado pela equipe do portal G\u00e1vea News para lhe manter muito bem informado! Volta aos treinos O goleiro Rodrigo Falc\u00e3o, do Santos, est\u00e1 [&hellip;]","og_url":"https:\/\/www.gaveanews.com\/index.php\/2025\/02\/06\/chegada-de-ex-barcelona-neymar-chama-atencao-e-volta-aos-treinos-as-ultimas-noticias-do-santos\/","og_site_name":"G\u00e1vea News","article_publisher":"https:\/\/facebook.com\/gaveaNews\/","article_published_time":"2025-02-06T22:45:00+00:00","article_modified_time":"2025-02-06T23:38:56+00:00","og_image":[{"width":573,"height":636,"url":"http:\/\/www.gaveanews.com\/wp-content\/uploads\/Neymar-volta-ao-Santos.webp","type":"image\/jpeg"}],"author":"Matheus Felipe","twitter_card":"summary_large_image","twitter_misc":{"Escrito por":"Matheus Felipe","Est. tempo de leitura":"5 minutos"},"schema":{"@context":"https:\/\/schema.org","@graph":[{"@type":"NewsArticle","@id":"https:\/\/www.gaveanews.com\/index.php\/2025\/02\/06\/chegada-de-ex-barcelona-neymar-chama-atencao-e-volta-aos-treinos-as-ultimas-noticias-do-santos\/#article","isPartOf":{"@id":"https:\/\/www.gaveanews.com\/index.php\/2025\/02\/06\/chegada-de-ex-barcelona-neymar-chama-atencao-e-volta-aos-treinos-as-ultimas-noticias-do-santos\/"},"author":{"name":"Matheus Felipe","@id":"https:\/\/www.gaveanews.com\/#\/schema\/person\/8207cd4627f56151707418bfc835b2fb"},"headline":"Chegada de ex-Barcelona, Neymar chama aten\u00e7\u00e3o e volta aos treinos: as \u00faltimas not\u00edcias do Santos","datePublished":"2025-02-06T22:45:00+00:00","dateModified":"2025-02-06T23:38:56+00:00","mainEntityOfPage":{"@id":"https:\/\/www.gaveanews.com\/index.php\/2025\/02\/06\/chegada-de-ex-barcelona-neymar-chama-atencao-e-volta-aos-treinos-as-ultimas-noticias-do-santos\/"},"wordCount":722,"commentCount":0,"image":{"@id":"https:\/\/www.gaveanews.com\/index.php\/2025\/02\/06\/chegada-de-ex-barcelona-neymar-chama-atencao-e-volta-aos-treinos-as-ultimas-noticias-do-santos\/#primaryimage"},"thumbnailUrl":"https:\/\/www.gaveanews.com\/wp-content\/uploads\/Neymar-volta-ao-Santos.webp","articleSection":["Santos"],"inLanguage":"pt-BR","potentialAction":[{"@type":"CommentAction","name":"Comment","target":["https:\/\/www.gaveanews.com\/index.php\/2025\/02\/06\/chegada-de-ex-barcelona-neymar-chama-atencao-e-volta-aos-treinos-as-ultimas-noticias-do-santos\/#respond"]}],"copyrightYear":"2025","copyrightHolder":{"@id":"https:\/\/www.gaveanews.com\/#organization"}},{"@type":"WebPage","@id":"https:\/\/www.gaveanews.com\/index.php\/2025\/02\/06\/chegada-de-ex-barcelona-neymar-chama-atencao-e-volta-aos-treinos-as-ultimas-noticias-do-santos\/","url":"https:\/\/www.gaveanews.com\/index.php\/2025\/02\/06\/chegada-de-ex-barcelona-neymar-chama-atencao-e-volta-aos-treinos-as-ultimas-noticias-do-santos\/","name":"Chegada de ex-Barcelona, Neymar chama aten\u00e7\u00e3o e volta aos treinos: as \u00faltimas not\u00edcias do Santos","isPartOf":{"@id":"https:\/\/www.gaveanews.com\/#website"},"primaryImageOfPage":{"@id":"https:\/\/www.gaveanews.com\/index.php\/2025\/02\/06\/chegada-de-ex-barcelona-neymar-chama-atencao-e-volta-aos-treinos-as-ultimas-noticias-do-santos\/#primaryimage"},"image":{"@id":"https:\/\/www.gaveanews.com\/index.php\/2025\/02\/06\/chegada-de-ex-barcelona-neymar-chama-atencao-e-volta-aos-treinos-as-ultimas-noticias-do-santos\/#primaryimage"},"thumbnailUrl":"https:\/\/www.gaveanews.com\/wp-content\/uploads\/Neymar-volta-ao-Santos.webp","datePublished":"2025-02-06T22:45:00+00:00","dateModified":"2025-02-06T23:38:56+00:00","author":{"@id":"https:\/\/www.gaveanews.com\/#\/schema\/person\/8207cd4627f56151707418bfc835b2fb"},"breadcrumb":{"@id":"https:\/\/www.gaveanews.com\/index.php\/2025\/02\/06\/chegada-de-ex-barcelona-neymar-chama-atencao-e-volta-aos-treinos-as-ultimas-noticias-do-santos\/#breadcrumb"},"inLanguage":"pt-BR","potentialAction":[{"@type":"ReadAction","target":["https:\/\/www.gaveanews.com\/index.php\/2025\/02\/06\/chegada-de-ex-barcelona-neymar-chama-atencao-e-volta-aos-treinos-as-ultimas-noticias-do-santos\/"]}]},{"@type":"ImageObject","inLanguage":"pt-BR","@id":"https:\/\/www.gaveanews.com\/index.php\/2025\/02\/06\/chegada-de-ex-barcelona-neymar-chama-atencao-e-volta-aos-treinos-as-ultimas-noticias-do-santos\/#primaryimage","url":"https:\/\/www.gaveanews.com\/wp-content\/uploads\/Neymar-volta-ao-Santos.webp","contentUrl":"https:\/\/www.gaveanews.com\/wp-content\/uploads\/Neymar-volta-ao-Santos.webp","width":573,"height":636,"caption":"Neymar volta ao Santos (Foto: GuilhermeKastner \/ Santos FC)"},{"@type":"BreadcrumbList","@id":"https:\/\/www.gaveanews.com\/index.php\/2025\/02\/06\/chegada-de-ex-barcelona-neymar-chama-atencao-e-volta-aos-treinos-as-ultimas-noticias-do-santos\/#breadcrumb","itemListElement":[{"@type":"ListItem","position":1,"name":"Home","item":"https:\/\/www.gaveanews.com\/"},{"@type":"ListItem","position":2,"name":"Chegada de ex-Barcelona, Neymar chama aten\u00e7\u00e3o e volta aos treinos: as \u00faltimas not\u00edcias do Santos"}]},{"@type":"WebSite","@id":"https:\/\/www.gaveanews.com\/#website","url":"https:\/\/www.gaveanews.com\/","name":"G\u00e1vea News","description":"Veja todas as not\u00edcias sobre o Flamengo: Contrata\u00e7\u00f5es, categorias de base, resultados das partidas, tabela de classifica\u00e7\u00e3o, pr\u00f3ximos jogos!","potentialAction":[{"@type":"SearchAction","target":{"@type":"EntryPoint","urlTemplate":"https:\/\/www.gaveanews.com\/?s={search_term_string}"},"query-input":{"@type":"PropertyValueSpecification","valueRequired":true,"valueName":"search_term_string"}}],"inLanguage":"pt-BR"},{"@type":"Person","@id":"https:\/\/www.gaveanews.com\/#\/schema\/person\/8207cd4627f56151707418bfc835b2fb","name":"Matheus Felipe","image":{"@type":"ImageObject","inLanguage":"pt-BR","@id":"https:\/\/www.gaveanews.com\/#\/schema\/person\/image\/","url":"https:\/\/secure.gravatar.com\/avatar\/a452ffbed9130f726358b298bb3a99ce4bd3c5338411f8440e87e14d74c7c087?s=96&d=mm&r=g","contentUrl":"https:\/\/secure.gravatar.com\/avatar\/a452ffbed9130f726358b298bb3a99ce4bd3c5338411f8440e87e14d74c7c087?s=96&d=mm&r=g","caption":"Matheus Felipe"}}]}},"_links":{"self":[{"href":"https:\/\/www.gaveanews.com\/index.php\/wp-json\/wp\/v2\/posts\/224317","targetHints":{"allow":["GET"]}}],"collection":[{"href":"https:\/\/www.gaveanews.com\/index.php\/wp-json\/wp\/v2\/posts"}],"about":[{"href":"https:\/\/www.gaveanews.com\/index.php\/wp-json\/wp\/v2\/types\/post"}],"author":[{"embeddable":true,"href":"https:\/\/www.gaveanews.com\/index.php\/wp-json\/wp\/v2\/users\/27"}],"replies":[{"embeddable":true,"href":"https:\/\/www.gaveanews.com\/index.php\/wp-json\/wp\/v2\/comments?post=224317"}],"version-history":[{"count":2,"href":"https:\/\/www.gaveanews.com\/index.php\/wp-json\/wp\/v2\/posts\/224317\/revisions"}],"predecessor-version":[{"id":224392,"href":"https:\/\/www.gaveanews.com\/index.php\/wp-json\/wp\/v2\/posts\/224317\/revisions\/224392"}],"wp:featuredmedia":[{"embeddable":true,"href":"https:\/\/www.gaveanews.com\/index.php\/wp-json\/wp\/v2\/media\/221593"}],"wp:attachment":[{"href":"https:\/\/www.gaveanews.com\/index.php\/wp-json\/wp\/v2\/media?parent=224317"}],"wp:term":[{"taxonomy":"category","embeddable":true,"href":"https:\/\/www.gaveanews.com\/index.php\/wp-json\/wp\/v2\/categories?post=224317"},{"taxonomy":"post_tag","embeddable":true,"href":"https:\/\/www.gaveanews.com\/index.php\/wp-json\/wp\/v2\/tags?post=224317"}],"curies":[{"name":"wp","href":"https:\/\/api.w.org\/{rel}","templated":true}]}}