{"id":224331,"date":"2025-02-06T20:05:00","date_gmt":"2025-02-06T23:05:00","guid":{"rendered":"https:\/\/www.gaveanews.com\/?p=224331"},"modified":"2025-02-06T19:50:07","modified_gmt":"2025-02-06T22:50:07","slug":"situacao-de-junior-santos-desfalques-para-o-classico-e-recado-para-hulk-as-ultimas-noticias-do-atletico-mg","status":"publish","type":"post","link":"https:\/\/www.gaveanews.com\/index.php\/2025\/02\/06\/situacao-de-junior-santos-desfalques-para-o-classico-e-recado-para-hulk-as-ultimas-noticias-do-atletico-mg\/","title":{"rendered":"Situa\u00e7\u00e3o de J\u00fanior Santos, desfalques para o cl\u00e1ssico e recado para Hulk: as \u00faltimas not\u00edcias do Atl\u00e9tico-MG"},"content":{"rendered":"\n<p>Nas \u00faltimas horas, o foco das not\u00edcias sobre o Atl\u00e9tico-MG se concentram nos bastidores do clube, com destaques do dia a dia do time.<\/p>\n\n\n\n<p>Por conta deste contexto, leia abaixo um resumo preparado pela equipe do portal G\u00e1vea News para lhe manter muito bem informado!<\/p>\n\n\n\n<h2 class=\"wp-block-heading\" id=\"h-recado-para-hulk\">Recado para Hulk<\/h2>\n\n\n\n<p>O comentarista Henrique Fernandes elogiou a parceria entre Hulk e Gustavo Scarpa no Atl\u00e9tico-MG, destacando a import\u00e2ncia da mudan\u00e7a t\u00e1tica promovida pelo t\u00e9cnico Cuca. No \u00faltimo jogo contra o Athletic, pelo Campeonato Mineiro, Scarpa deu a assist\u00eancia para o gol de Hulk, repetindo a jogada que garantiu a vit\u00f3ria contra o Villa Nova. Fernandes ressaltou que a nova posi\u00e7\u00e3o centralizada do meia tem potencializado sua participa\u00e7\u00e3o ofensiva e facilitado a conex\u00e3o com Hulk<strong><a href=\"https:\/\/www.gaveanews.com\/index.php\/2025\/02\/05\/atletico-mg-a-declaracao-de-henrique-fernandes-direcionada-a-hulk-e-gustavo-scarpa\/\"> (leia a mat\u00e9ria completa).<\/a><\/strong><\/p>\n\n\n\n<figure class=\"wp-block-image size-large\"><img loading=\"lazy\" decoding=\"async\" width=\"1024\" height=\"822\" src=\"http:\/\/www.gaveanews.com\/wp-content\/uploads\/Hulk-em-acao-pelo-Atletico-MG-1024x822.webp\" alt=\"\" class=\"wp-image-183983\" srcset=\"https:\/\/www.gaveanews.com\/wp-content\/uploads\/Hulk-em-acao-pelo-Atletico-MG-1024x822.webp 1024w, https:\/\/www.gaveanews.com\/wp-content\/uploads\/Hulk-em-acao-pelo-Atletico-MG-300x241.webp 300w, https:\/\/www.gaveanews.com\/wp-content\/uploads\/Hulk-em-acao-pelo-Atletico-MG-768x616.webp 768w, https:\/\/www.gaveanews.com\/wp-content\/uploads\/Hulk-em-acao-pelo-Atletico-MG-523x420.webp 523w, https:\/\/www.gaveanews.com\/wp-content\/uploads\/Hulk-em-acao-pelo-Atletico-MG-1046x840.webp 1046w, https:\/\/www.gaveanews.com\/wp-content\/uploads\/Hulk-em-acao-pelo-Atletico-MG-640x514.webp 640w, https:\/\/www.gaveanews.com\/wp-content\/uploads\/Hulk-em-acao-pelo-Atletico-MG-1280x1027.webp 1280w, https:\/\/www.gaveanews.com\/wp-content\/uploads\/Hulk-em-acao-pelo-Atletico-MG-681x547.webp 681w, https:\/\/www.gaveanews.com\/wp-content\/uploads\/Hulk-em-acao-pelo-Atletico-MG-100x80.webp 100w, https:\/\/www.gaveanews.com\/wp-content\/uploads\/Hulk-em-acao-pelo-Atletico-MG.webp 1328w\" sizes=\"auto, (max-width: 1024px) 100vw, 1024px\" \/><figcaption class=\"wp-element-caption\">Hulk em a\u00e7\u00e3o pelo Atl\u00e9tico-MG (Foto: Pedro Souza\/Atletico)\n<\/figcaption><\/figure>\n\n\n\n<p>Sob o comando de Gabriel Milito no ano anterior, Scarpa atuava mais aberto pelo lado direito, o que limitava sua influ\u00eancia na constru\u00e7\u00e3o das jogadas. Com Cuca, o jogador passou a atuar pelo centro, tornando-se mais din\u00e2mico e conseguindo dar passes decisivos. <\/p>\n\n\n\n<p>Segundo o comentarista, essa mudan\u00e7a foi fundamental para que a equipe aproveitasse melhor a qualidade t\u00e9cnica do meio-campista.<\/p>\n\n\n\n<p>O Atl\u00e9tico-MG agora se prepara para o cl\u00e1ssico contra o Cruzeiro, que acontecer\u00e1 no domingo (09), no Mineir\u00e3o, pela s\u00e9tima rodada do Campeonato Mineiro. A expectativa \u00e9 que a parceria entre Scarpa e Hulk continue sendo um diferencial para o Galo na busca por mais uma vit\u00f3ria na temporada.<\/p>\n\n\n\n<h2 class=\"wp-block-heading\" id=\"h-desfalques-para-o-classico\">Desfalques para o cl\u00e1ssico<\/h2>\n\n\n\n<p>O t\u00e9cnico Cuca pode ter at\u00e9 seis desfalques no Atl\u00e9tico-MG para o cl\u00e1ssico contra o Cruzeiro, que acontece no domingo (9), \u00e0s 16h, no Mineir\u00e3o, pela s\u00e9tima rodada do Campeonato Mineiro. A principal aus\u00eancia confirmada \u00e9 a do atacante J\u00fanior Santos, suspenso ap\u00f3s ser expulso na vit\u00f3ria sobre o Athletic. O jogador ainda n\u00e3o marcou gols nem deu assist\u00eancias desde sua chegada ao clube<strong><a href=\"https:\/\/www.gaveanews.com\/index.php\/2025\/02\/05\/cruzeiro-x-atletico-mg-cuca-pode-ter-ate-seis-desfalques\/\"> (leia a mat\u00e9ria completa).<\/a><\/strong><\/p>\n\n\n\n<figure class=\"wp-block-image size-full\"><img loading=\"lazy\" decoding=\"async\" width=\"1024\" height=\"683\" src=\"http:\/\/www.gaveanews.com\/wp-content\/uploads\/Cuca-tecnico-do-Atletico-MG.webp\" alt=\"\" class=\"wp-image-68026\" srcset=\"https:\/\/www.gaveanews.com\/wp-content\/uploads\/Cuca-tecnico-do-Atletico-MG.webp 1024w, https:\/\/www.gaveanews.com\/wp-content\/uploads\/Cuca-tecnico-do-Atletico-MG-300x200.webp 300w, https:\/\/www.gaveanews.com\/wp-content\/uploads\/Cuca-tecnico-do-Atletico-MG-768x512.webp 768w, https:\/\/www.gaveanews.com\/wp-content\/uploads\/Cuca-tecnico-do-Atletico-MG-630x420.webp 630w, https:\/\/www.gaveanews.com\/wp-content\/uploads\/Cuca-tecnico-do-Atletico-MG-640x427.webp 640w, https:\/\/www.gaveanews.com\/wp-content\/uploads\/Cuca-tecnico-do-Atletico-MG-681x454.webp 681w, https:\/\/www.gaveanews.com\/wp-content\/uploads\/Cuca-tecnico-do-Atletico-MG-1022x683.webp 1022w, https:\/\/www.gaveanews.com\/wp-content\/uploads\/Cuca-tecnico-do-Atletico-MG-100x67.webp 100w\" sizes=\"auto, (max-width: 1024px) 100vw, 1024px\" \/><figcaption class=\"wp-element-caption\">Cuca como treinador do Atl\u00e9tico-MG (Foto: Bruno Cantini\/Atl\u00e9tico-MG)<\/figcaption><\/figure>\n\n\n\n<p>Outros jogadores s\u00e3o d\u00favidas para a partida. O meio-campista Patrick Silva segue em recupera\u00e7\u00e3o f\u00edsica e n\u00e3o tem presen\u00e7a garantida. J\u00e1 o atacante Tom\u00e1s Cuello sentiu dores no tornozelo na \u00faltima partida e pode desfalcar o time. Caso a les\u00e3o de Cuello se confirme, a tend\u00eancia \u00e9 que Hulk tenha Deyverson como companheiro de ataque.<\/p>\n\n\n\n<p>Al\u00e9m disso, o Atl\u00e9tico-MG n\u00e3o contar\u00e1 com os jovens Cadu e Caio Maia, ambos com les\u00f5es no joelho, e com Alisson, que est\u00e1 disputando o Sul-Americano Sub-20 pela Sele\u00e7\u00e3o Brasileira. Com essas baixas, Cuca ter\u00e1 desafios para montar o time ideal e buscar uma vit\u00f3ria no cl\u00e1ssico mineiro.<\/p>\n\n\n\n<h2 class=\"wp-block-heading\" id=\"h-situacao-de-junior-santos\">Situa\u00e7\u00e3o de J\u00fanior Santos<\/h2>\n\n\n\n<p>O Atl\u00e9tico-MG ter\u00e1 um desfalque importante para o cl\u00e1ssico contra o Cruzeiro no pr\u00f3ximo domingo (9). O atacante J\u00fanior Santos, principal refor\u00e7o da equipe para 2025, foi expulso na vit\u00f3ria por 1 a 0 sobre o Athletic e est\u00e1 fora do confronto. O jogador recebeu dois cart\u00f5es amarelos, sendo o segundo nos minutos finais da partida, ap\u00f3s um pis\u00e3o em um advers\u00e1rio. Com isso, ele cumprir\u00e1 suspens\u00e3o autom\u00e1tica no duelo contra o maior rival <strong><a href=\"https:\/\/www.gaveanews.com\/index.php\/2025\/02\/05\/atletico-mg-perde-jogador-importante-para-o-classico-contra-o-cruzeiro\/\">(leia a mat\u00e9ria completa).<\/a><\/strong><\/p>\n\n\n\n<figure class=\"wp-block-image size-large\"><img loading=\"lazy\" decoding=\"async\" width=\"1024\" height=\"768\" src=\"http:\/\/www.gaveanews.com\/wp-content\/uploads\/Junior-Santos-com-a-camisa-do-Botafogo-em-2024-1024x768.webp\" alt=\"\" class=\"wp-image-154845\" srcset=\"https:\/\/www.gaveanews.com\/wp-content\/uploads\/Junior-Santos-com-a-camisa-do-Botafogo-em-2024-1024x768.webp 1024w, https:\/\/www.gaveanews.com\/wp-content\/uploads\/Junior-Santos-com-a-camisa-do-Botafogo-em-2024-300x225.webp 300w, https:\/\/www.gaveanews.com\/wp-content\/uploads\/Junior-Santos-com-a-camisa-do-Botafogo-em-2024-768x576.webp 768w, https:\/\/www.gaveanews.com\/wp-content\/uploads\/Junior-Santos-com-a-camisa-do-Botafogo-em-2024-560x420.webp 560w, https:\/\/www.gaveanews.com\/wp-content\/uploads\/Junior-Santos-com-a-camisa-do-Botafogo-em-2024-1119x840.webp 1119w, https:\/\/www.gaveanews.com\/wp-content\/uploads\/Junior-Santos-com-a-camisa-do-Botafogo-em-2024-80x60.webp 80w, https:\/\/www.gaveanews.com\/wp-content\/uploads\/Junior-Santos-com-a-camisa-do-Botafogo-em-2024-160x120.webp 160w, https:\/\/www.gaveanews.com\/wp-content\/uploads\/Junior-Santos-com-a-camisa-do-Botafogo-em-2024-100x75.webp 100w, https:\/\/www.gaveanews.com\/wp-content\/uploads\/Junior-Santos-com-a-camisa-do-Botafogo-em-2024-200x150.webp 200w, https:\/\/www.gaveanews.com\/wp-content\/uploads\/Junior-Santos-com-a-camisa-do-Botafogo-em-2024-180x135.webp 180w, https:\/\/www.gaveanews.com\/wp-content\/uploads\/Junior-Santos-com-a-camisa-do-Botafogo-em-2024-360x270.webp 360w, https:\/\/www.gaveanews.com\/wp-content\/uploads\/Junior-Santos-com-a-camisa-do-Botafogo-em-2024-238x178.webp 238w, https:\/\/www.gaveanews.com\/wp-content\/uploads\/Junior-Santos-com-a-camisa-do-Botafogo-em-2024-476x356.webp 476w, https:\/\/www.gaveanews.com\/wp-content\/uploads\/Junior-Santos-com-a-camisa-do-Botafogo-em-2024-640x480.webp 640w, https:\/\/www.gaveanews.com\/wp-content\/uploads\/Junior-Santos-com-a-camisa-do-Botafogo-em-2024-681x511.webp 681w, https:\/\/www.gaveanews.com\/wp-content\/uploads\/Junior-Santos-com-a-camisa-do-Botafogo-em-2024.webp 1242w\" sizes=\"auto, (max-width: 1024px) 100vw, 1024px\" \/><figcaption class=\"wp-element-caption\">Junior Santos com a camisa do Botafogo em 2024 (Foto: Reprodu\u00e7\u00e3o\/Instagram)<\/figcaption><\/figure>\n\n\n\n<p>A partida contra o Athletic foi apenas o terceiro jogo de J\u00fanior Santos pelo Galo. Ele come\u00e7ou no banco, mas entrou ainda no primeiro tempo para substituir Tom\u00e1s Cuello, que saiu lesionado. Ap\u00f3s a expuls\u00e3o, o atacante se manifestou e discordou da decis\u00e3o do \u00e1rbitro, alegando que nunca havia sido expulso no Brasil e que a puni\u00e7\u00e3o foi precipitada. Ele destacou que estava apenas tentando ajudar na marca\u00e7\u00e3o e lamentou n\u00e3o poder atuar no cl\u00e1ssico.<\/p>\n\n\n\n<p>Mesmo sem J\u00fanior Santos, o Atl\u00e9tico-MG buscar\u00e1 manter o bom momento no Campeonato Mineiro. O time segue invicto na competi\u00e7\u00e3o e ter\u00e1 a oportunidade de enfrentar um Cruzeiro que tamb\u00e9m est\u00e1 em ascens\u00e3o, sob o comando do rec\u00e9m-chegado t\u00e9cnico Leonardo Jardim. O cl\u00e1ssico ser\u00e1 disputado no Mineir\u00e3o, \u00e0s 16h (hor\u00e1rio de Bras\u00edlia).<\/p>\n","protected":false},"excerpt":{"rendered":"<p>Nas \u00faltimas horas, o foco das not\u00edcias sobre o Atl\u00e9tico-MG se concentram nos bastidores do clube, com destaques do dia a dia do time. Por conta deste contexto, leia abaixo um resumo preparado pela equipe do portal G\u00e1vea News para lhe manter muito bem informado! Recado para Hulk O comentarista Henrique Fernandes elogiou a parceria [&hellip;]<\/p>\n","protected":false},"author":27,"featured_media":153999,"comment_status":"open","ping_status":"closed","sticky":false,"template":"","format":"standard","meta":{"footnotes":""},"categories":[136],"tags":[],"class_list":["post-224331","post","type-post","status-publish","format-standard","has-post-thumbnail","hentry","category-atletico-mg"],"yoast_head":"<!-- This site is optimized with the Yoast SEO Premium plugin v24.2 (Yoast SEO v26.9) - https:\/\/yoast.com\/product\/yoast-seo-premium-wordpress\/ -->\n<title>Situa\u00e7\u00e3o de J\u00fanior Santos, desfalques para o cl\u00e1ssico e recado para Hulk: as \u00faltimas not\u00edcias do Atl\u00e9tico-MG<\/title>\n<meta name=\"robots\" content=\"index, follow, max-snippet:-1, max-image-preview:large, max-video-preview:-1\" \/>\n<link rel=\"canonical\" href=\"https:\/\/www.gaveanews.com\/index.php\/2025\/02\/06\/situacao-de-junior-santos-desfalques-para-o-classico-e-recado-para-hulk-as-ultimas-noticias-do-atletico-mg\/\" \/>\n<meta property=\"og:locale\" content=\"pt_BR\" \/>\n<meta property=\"og:type\" content=\"article\" \/>\n<meta property=\"og:title\" content=\"Situa\u00e7\u00e3o de J\u00fanior Santos, desfalques para o cl\u00e1ssico e recado para Hulk: as \u00faltimas not\u00edcias do Atl\u00e9tico-MG\" \/>\n<meta property=\"og:description\" content=\"Nas \u00faltimas horas, o foco das not\u00edcias sobre o Atl\u00e9tico-MG se concentram nos bastidores do clube, com destaques do dia a dia do time. Por conta deste contexto, leia abaixo um resumo preparado pela equipe do portal G\u00e1vea News para lhe manter muito bem informado! Recado para Hulk O comentarista Henrique Fernandes elogiou a parceria [&hellip;]\" \/>\n<meta property=\"og:url\" content=\"https:\/\/www.gaveanews.com\/index.php\/2025\/02\/06\/situacao-de-junior-santos-desfalques-para-o-classico-e-recado-para-hulk-as-ultimas-noticias-do-atletico-mg\/\" \/>\n<meta property=\"og:site_name\" content=\"G\u00e1vea News\" \/>\n<meta property=\"article:publisher\" content=\"https:\/\/facebook.com\/gaveaNews\/\" \/>\n<meta property=\"article:published_time\" content=\"2025-02-06T23:05:00+00:00\" \/>\n<meta property=\"og:image\" content=\"https:\/\/www.gaveanews.com\/wp-content\/uploads\/Estadio-do-Atletico-MG.webp\" \/>\n\t<meta property=\"og:image:width\" content=\"900\" \/>\n\t<meta property=\"og:image:height\" content=\"600\" \/>\n\t<meta property=\"og:image:type\" content=\"image\/webp\" \/>\n<meta name=\"author\" content=\"Matheus Felipe\" \/>\n<meta name=\"twitter:card\" content=\"summary_large_image\" \/>\n<meta name=\"twitter:label1\" content=\"Escrito por\" \/>\n\t<meta name=\"twitter:data1\" content=\"Matheus Felipe\" \/>\n\t<meta name=\"twitter:label2\" content=\"Est. tempo de leitura\" \/>\n\t<meta name=\"twitter:data2\" content=\"5 minutos\" \/>\n<script type=\"application\/ld+json\" class=\"yoast-schema-graph\">{\"@context\":\"https:\/\/schema.org\",\"@graph\":[{\"@type\":\"NewsArticle\",\"@id\":\"https:\/\/www.gaveanews.com\/index.php\/2025\/02\/06\/situacao-de-junior-santos-desfalques-para-o-classico-e-recado-para-hulk-as-ultimas-noticias-do-atletico-mg\/#article\",\"isPartOf\":{\"@id\":\"https:\/\/www.gaveanews.com\/index.php\/2025\/02\/06\/situacao-de-junior-santos-desfalques-para-o-classico-e-recado-para-hulk-as-ultimas-noticias-do-atletico-mg\/\"},\"author\":{\"name\":\"Matheus Felipe\",\"@id\":\"https:\/\/www.gaveanews.com\/#\/schema\/person\/8207cd4627f56151707418bfc835b2fb\"},\"headline\":\"Situa\u00e7\u00e3o de J\u00fanior Santos, desfalques para o cl\u00e1ssico e recado para Hulk: as \u00faltimas not\u00edcias do Atl\u00e9tico-MG\",\"datePublished\":\"2025-02-06T23:05:00+00:00\",\"mainEntityOfPage\":{\"@id\":\"https:\/\/www.gaveanews.com\/index.php\/2025\/02\/06\/situacao-de-junior-santos-desfalques-para-o-classico-e-recado-para-hulk-as-ultimas-noticias-do-atletico-mg\/\"},\"wordCount\":754,\"commentCount\":0,\"image\":{\"@id\":\"https:\/\/www.gaveanews.com\/index.php\/2025\/02\/06\/situacao-de-junior-santos-desfalques-para-o-classico-e-recado-para-hulk-as-ultimas-noticias-do-atletico-mg\/#primaryimage\"},\"thumbnailUrl\":\"https:\/\/www.gaveanews.com\/wp-content\/uploads\/Estadio-do-Atletico-MG.webp\",\"articleSection\":[\"Atl\u00e9tico-MG\"],\"inLanguage\":\"pt-BR\",\"potentialAction\":[{\"@type\":\"CommentAction\",\"name\":\"Comment\",\"target\":[\"https:\/\/www.gaveanews.com\/index.php\/2025\/02\/06\/situacao-de-junior-santos-desfalques-para-o-classico-e-recado-para-hulk-as-ultimas-noticias-do-atletico-mg\/#respond\"]}],\"copyrightYear\":\"2025\",\"copyrightHolder\":{\"@id\":\"https:\/\/www.gaveanews.com\/#organization\"}},{\"@type\":\"WebPage\",\"@id\":\"https:\/\/www.gaveanews.com\/index.php\/2025\/02\/06\/situacao-de-junior-santos-desfalques-para-o-classico-e-recado-para-hulk-as-ultimas-noticias-do-atletico-mg\/\",\"url\":\"https:\/\/www.gaveanews.com\/index.php\/2025\/02\/06\/situacao-de-junior-santos-desfalques-para-o-classico-e-recado-para-hulk-as-ultimas-noticias-do-atletico-mg\/\",\"name\":\"Situa\u00e7\u00e3o de J\u00fanior Santos, desfalques para o cl\u00e1ssico e recado para Hulk: as \u00faltimas not\u00edcias do Atl\u00e9tico-MG\",\"isPartOf\":{\"@id\":\"https:\/\/www.gaveanews.com\/#website\"},\"primaryImageOfPage\":{\"@id\":\"https:\/\/www.gaveanews.com\/index.php\/2025\/02\/06\/situacao-de-junior-santos-desfalques-para-o-classico-e-recado-para-hulk-as-ultimas-noticias-do-atletico-mg\/#primaryimage\"},\"image\":{\"@id\":\"https:\/\/www.gaveanews.com\/index.php\/2025\/02\/06\/situacao-de-junior-santos-desfalques-para-o-classico-e-recado-para-hulk-as-ultimas-noticias-do-atletico-mg\/#primaryimage\"},\"thumbnailUrl\":\"https:\/\/www.gaveanews.com\/wp-content\/uploads\/Estadio-do-Atletico-MG.webp\",\"datePublished\":\"2025-02-06T23:05:00+00:00\",\"author\":{\"@id\":\"https:\/\/www.gaveanews.com\/#\/schema\/person\/8207cd4627f56151707418bfc835b2fb\"},\"breadcrumb\":{\"@id\":\"https:\/\/www.gaveanews.com\/index.php\/2025\/02\/06\/situacao-de-junior-santos-desfalques-para-o-classico-e-recado-para-hulk-as-ultimas-noticias-do-atletico-mg\/#breadcrumb\"},\"inLanguage\":\"pt-BR\",\"potentialAction\":[{\"@type\":\"ReadAction\",\"target\":[\"https:\/\/www.gaveanews.com\/index.php\/2025\/02\/06\/situacao-de-junior-santos-desfalques-para-o-classico-e-recado-para-hulk-as-ultimas-noticias-do-atletico-mg\/\"]}]},{\"@type\":\"ImageObject\",\"inLanguage\":\"pt-BR\",\"@id\":\"https:\/\/www.gaveanews.com\/index.php\/2025\/02\/06\/situacao-de-junior-santos-desfalques-para-o-classico-e-recado-para-hulk-as-ultimas-noticias-do-atletico-mg\/#primaryimage\",\"url\":\"https:\/\/www.gaveanews.com\/wp-content\/uploads\/Estadio-do-Atletico-MG.webp\",\"contentUrl\":\"https:\/\/www.gaveanews.com\/wp-content\/uploads\/Estadio-do-Atletico-MG.webp\",\"width\":900,\"height\":600,\"caption\":\"Arena MRV, est\u00e1dio do Atl\u00e9tico-MG (Foto: Reprodu\u00e7\u00e3o\/Atl\u00e9tico)\"},{\"@type\":\"BreadcrumbList\",\"@id\":\"https:\/\/www.gaveanews.com\/index.php\/2025\/02\/06\/situacao-de-junior-santos-desfalques-para-o-classico-e-recado-para-hulk-as-ultimas-noticias-do-atletico-mg\/#breadcrumb\",\"itemListElement\":[{\"@type\":\"ListItem\",\"position\":1,\"name\":\"Home\",\"item\":\"https:\/\/www.gaveanews.com\/\"},{\"@type\":\"ListItem\",\"position\":2,\"name\":\"Situa\u00e7\u00e3o de J\u00fanior Santos, desfalques para o cl\u00e1ssico e recado para Hulk: as \u00faltimas not\u00edcias do Atl\u00e9tico-MG\"}]},{\"@type\":\"WebSite\",\"@id\":\"https:\/\/www.gaveanews.com\/#website\",\"url\":\"https:\/\/www.gaveanews.com\/\",\"name\":\"G\u00e1vea News\",\"description\":\"Veja todas as not\u00edcias sobre o Flamengo: Contrata\u00e7\u00f5es, categorias de base, resultados das partidas, tabela de classifica\u00e7\u00e3o, pr\u00f3ximos jogos!\",\"potentialAction\":[{\"@type\":\"SearchAction\",\"target\":{\"@type\":\"EntryPoint\",\"urlTemplate\":\"https:\/\/www.gaveanews.com\/?s={search_term_string}\"},\"query-input\":{\"@type\":\"PropertyValueSpecification\",\"valueRequired\":true,\"valueName\":\"search_term_string\"}}],\"inLanguage\":\"pt-BR\"},{\"@type\":\"Person\",\"@id\":\"https:\/\/www.gaveanews.com\/#\/schema\/person\/8207cd4627f56151707418bfc835b2fb\",\"name\":\"Matheus Felipe\",\"image\":{\"@type\":\"ImageObject\",\"inLanguage\":\"pt-BR\",\"@id\":\"https:\/\/www.gaveanews.com\/#\/schema\/person\/image\/\",\"url\":\"https:\/\/secure.gravatar.com\/avatar\/a452ffbed9130f726358b298bb3a99ce4bd3c5338411f8440e87e14d74c7c087?s=96&d=mm&r=g\",\"contentUrl\":\"https:\/\/secure.gravatar.com\/avatar\/a452ffbed9130f726358b298bb3a99ce4bd3c5338411f8440e87e14d74c7c087?s=96&d=mm&r=g\",\"caption\":\"Matheus Felipe\"}}]}<\/script>\n<!-- \/ Yoast SEO Premium plugin. -->","yoast_head_json":{"title":"Situa\u00e7\u00e3o de J\u00fanior Santos, desfalques para o cl\u00e1ssico e recado para Hulk: as \u00faltimas not\u00edcias do Atl\u00e9tico-MG","robots":{"index":"index","follow":"follow","max-snippet":"max-snippet:-1","max-image-preview":"max-image-preview:large","max-video-preview":"max-video-preview:-1"},"canonical":"https:\/\/www.gaveanews.com\/index.php\/2025\/02\/06\/situacao-de-junior-santos-desfalques-para-o-classico-e-recado-para-hulk-as-ultimas-noticias-do-atletico-mg\/","og_locale":"pt_BR","og_type":"article","og_title":"Situa\u00e7\u00e3o de J\u00fanior Santos, desfalques para o cl\u00e1ssico e recado para Hulk: as \u00faltimas not\u00edcias do Atl\u00e9tico-MG","og_description":"Nas \u00faltimas horas, o foco das not\u00edcias sobre o Atl\u00e9tico-MG se concentram nos bastidores do clube, com destaques do dia a dia do time. Por conta deste contexto, leia abaixo um resumo preparado pela equipe do portal G\u00e1vea News para lhe manter muito bem informado! Recado para Hulk O comentarista Henrique Fernandes elogiou a parceria [&hellip;]","og_url":"https:\/\/www.gaveanews.com\/index.php\/2025\/02\/06\/situacao-de-junior-santos-desfalques-para-o-classico-e-recado-para-hulk-as-ultimas-noticias-do-atletico-mg\/","og_site_name":"G\u00e1vea News","article_publisher":"https:\/\/facebook.com\/gaveaNews\/","article_published_time":"2025-02-06T23:05:00+00:00","og_image":[{"width":900,"height":600,"url":"https:\/\/www.gaveanews.com\/wp-content\/uploads\/Estadio-do-Atletico-MG.webp","type":"image\/webp"}],"author":"Matheus Felipe","twitter_card":"summary_large_image","twitter_misc":{"Escrito por":"Matheus Felipe","Est. tempo de leitura":"5 minutos"},"schema":{"@context":"https:\/\/schema.org","@graph":[{"@type":"NewsArticle","@id":"https:\/\/www.gaveanews.com\/index.php\/2025\/02\/06\/situacao-de-junior-santos-desfalques-para-o-classico-e-recado-para-hulk-as-ultimas-noticias-do-atletico-mg\/#article","isPartOf":{"@id":"https:\/\/www.gaveanews.com\/index.php\/2025\/02\/06\/situacao-de-junior-santos-desfalques-para-o-classico-e-recado-para-hulk-as-ultimas-noticias-do-atletico-mg\/"},"author":{"name":"Matheus Felipe","@id":"https:\/\/www.gaveanews.com\/#\/schema\/person\/8207cd4627f56151707418bfc835b2fb"},"headline":"Situa\u00e7\u00e3o de J\u00fanior Santos, desfalques para o cl\u00e1ssico e recado para Hulk: as \u00faltimas not\u00edcias do Atl\u00e9tico-MG","datePublished":"2025-02-06T23:05:00+00:00","mainEntityOfPage":{"@id":"https:\/\/www.gaveanews.com\/index.php\/2025\/02\/06\/situacao-de-junior-santos-desfalques-para-o-classico-e-recado-para-hulk-as-ultimas-noticias-do-atletico-mg\/"},"wordCount":754,"commentCount":0,"image":{"@id":"https:\/\/www.gaveanews.com\/index.php\/2025\/02\/06\/situacao-de-junior-santos-desfalques-para-o-classico-e-recado-para-hulk-as-ultimas-noticias-do-atletico-mg\/#primaryimage"},"thumbnailUrl":"https:\/\/www.gaveanews.com\/wp-content\/uploads\/Estadio-do-Atletico-MG.webp","articleSection":["Atl\u00e9tico-MG"],"inLanguage":"pt-BR","potentialAction":[{"@type":"CommentAction","name":"Comment","target":["https:\/\/www.gaveanews.com\/index.php\/2025\/02\/06\/situacao-de-junior-santos-desfalques-para-o-classico-e-recado-para-hulk-as-ultimas-noticias-do-atletico-mg\/#respond"]}],"copyrightYear":"2025","copyrightHolder":{"@id":"https:\/\/www.gaveanews.com\/#organization"}},{"@type":"WebPage","@id":"https:\/\/www.gaveanews.com\/index.php\/2025\/02\/06\/situacao-de-junior-santos-desfalques-para-o-classico-e-recado-para-hulk-as-ultimas-noticias-do-atletico-mg\/","url":"https:\/\/www.gaveanews.com\/index.php\/2025\/02\/06\/situacao-de-junior-santos-desfalques-para-o-classico-e-recado-para-hulk-as-ultimas-noticias-do-atletico-mg\/","name":"Situa\u00e7\u00e3o de J\u00fanior Santos, desfalques para o cl\u00e1ssico e recado para Hulk: as \u00faltimas not\u00edcias do Atl\u00e9tico-MG","isPartOf":{"@id":"https:\/\/www.gaveanews.com\/#website"},"primaryImageOfPage":{"@id":"https:\/\/www.gaveanews.com\/index.php\/2025\/02\/06\/situacao-de-junior-santos-desfalques-para-o-classico-e-recado-para-hulk-as-ultimas-noticias-do-atletico-mg\/#primaryimage"},"image":{"@id":"https:\/\/www.gaveanews.com\/index.php\/2025\/02\/06\/situacao-de-junior-santos-desfalques-para-o-classico-e-recado-para-hulk-as-ultimas-noticias-do-atletico-mg\/#primaryimage"},"thumbnailUrl":"https:\/\/www.gaveanews.com\/wp-content\/uploads\/Estadio-do-Atletico-MG.webp","datePublished":"2025-02-06T23:05:00+00:00","author":{"@id":"https:\/\/www.gaveanews.com\/#\/schema\/person\/8207cd4627f56151707418bfc835b2fb"},"breadcrumb":{"@id":"https:\/\/www.gaveanews.com\/index.php\/2025\/02\/06\/situacao-de-junior-santos-desfalques-para-o-classico-e-recado-para-hulk-as-ultimas-noticias-do-atletico-mg\/#breadcrumb"},"inLanguage":"pt-BR","potentialAction":[{"@type":"ReadAction","target":["https:\/\/www.gaveanews.com\/index.php\/2025\/02\/06\/situacao-de-junior-santos-desfalques-para-o-classico-e-recado-para-hulk-as-ultimas-noticias-do-atletico-mg\/"]}]},{"@type":"ImageObject","inLanguage":"pt-BR","@id":"https:\/\/www.gaveanews.com\/index.php\/2025\/02\/06\/situacao-de-junior-santos-desfalques-para-o-classico-e-recado-para-hulk-as-ultimas-noticias-do-atletico-mg\/#primaryimage","url":"https:\/\/www.gaveanews.com\/wp-content\/uploads\/Estadio-do-Atletico-MG.webp","contentUrl":"https:\/\/www.gaveanews.com\/wp-content\/uploads\/Estadio-do-Atletico-MG.webp","width":900,"height":600,"caption":"Arena MRV, est\u00e1dio do Atl\u00e9tico-MG (Foto: Reprodu\u00e7\u00e3o\/Atl\u00e9tico)"},{"@type":"BreadcrumbList","@id":"https:\/\/www.gaveanews.com\/index.php\/2025\/02\/06\/situacao-de-junior-santos-desfalques-para-o-classico-e-recado-para-hulk-as-ultimas-noticias-do-atletico-mg\/#breadcrumb","itemListElement":[{"@type":"ListItem","position":1,"name":"Home","item":"https:\/\/www.gaveanews.com\/"},{"@type":"ListItem","position":2,"name":"Situa\u00e7\u00e3o de J\u00fanior Santos, desfalques para o cl\u00e1ssico e recado para Hulk: as \u00faltimas not\u00edcias do Atl\u00e9tico-MG"}]},{"@type":"WebSite","@id":"https:\/\/www.gaveanews.com\/#website","url":"https:\/\/www.gaveanews.com\/","name":"G\u00e1vea News","description":"Veja todas as not\u00edcias sobre o Flamengo: Contrata\u00e7\u00f5es, categorias de base, resultados das partidas, tabela de classifica\u00e7\u00e3o, pr\u00f3ximos jogos!","potentialAction":[{"@type":"SearchAction","target":{"@type":"EntryPoint","urlTemplate":"https:\/\/www.gaveanews.com\/?s={search_term_string}"},"query-input":{"@type":"PropertyValueSpecification","valueRequired":true,"valueName":"search_term_string"}}],"inLanguage":"pt-BR"},{"@type":"Person","@id":"https:\/\/www.gaveanews.com\/#\/schema\/person\/8207cd4627f56151707418bfc835b2fb","name":"Matheus Felipe","image":{"@type":"ImageObject","inLanguage":"pt-BR","@id":"https:\/\/www.gaveanews.com\/#\/schema\/person\/image\/","url":"https:\/\/secure.gravatar.com\/avatar\/a452ffbed9130f726358b298bb3a99ce4bd3c5338411f8440e87e14d74c7c087?s=96&d=mm&r=g","contentUrl":"https:\/\/secure.gravatar.com\/avatar\/a452ffbed9130f726358b298bb3a99ce4bd3c5338411f8440e87e14d74c7c087?s=96&d=mm&r=g","caption":"Matheus Felipe"}}]}},"_links":{"self":[{"href":"https:\/\/www.gaveanews.com\/index.php\/wp-json\/wp\/v2\/posts\/224331","targetHints":{"allow":["GET"]}}],"collection":[{"href":"https:\/\/www.gaveanews.com\/index.php\/wp-json\/wp\/v2\/posts"}],"about":[{"href":"https:\/\/www.gaveanews.com\/index.php\/wp-json\/wp\/v2\/types\/post"}],"author":[{"embeddable":true,"href":"https:\/\/www.gaveanews.com\/index.php\/wp-json\/wp\/v2\/users\/27"}],"replies":[{"embeddable":true,"href":"https:\/\/www.gaveanews.com\/index.php\/wp-json\/wp\/v2\/comments?post=224331"}],"version-history":[{"count":1,"href":"https:\/\/www.gaveanews.com\/index.php\/wp-json\/wp\/v2\/posts\/224331\/revisions"}],"predecessor-version":[{"id":224335,"href":"https:\/\/www.gaveanews.com\/index.php\/wp-json\/wp\/v2\/posts\/224331\/revisions\/224335"}],"wp:featuredmedia":[{"embeddable":true,"href":"https:\/\/www.gaveanews.com\/index.php\/wp-json\/wp\/v2\/media\/153999"}],"wp:attachment":[{"href":"https:\/\/www.gaveanews.com\/index.php\/wp-json\/wp\/v2\/media?parent=224331"}],"wp:term":[{"taxonomy":"category","embeddable":true,"href":"https:\/\/www.gaveanews.com\/index.php\/wp-json\/wp\/v2\/categories?post=224331"},{"taxonomy":"post_tag","embeddable":true,"href":"https:\/\/www.gaveanews.com\/index.php\/wp-json\/wp\/v2\/tags?post=224331"}],"curies":[{"name":"wp","href":"https:\/\/api.w.org\/{rel}","templated":true}]}}