{"id":224348,"date":"2025-02-07T00:05:00","date_gmt":"2025-02-07T03:05:00","guid":{"rendered":"https:\/\/www.gaveanews.com\/?p=224348"},"modified":"2025-02-06T23:21:23","modified_gmt":"2025-02-07T02:21:23","slug":"cruzeiro-liga-sinal-de-alerta-para-dois-jogadores-para-o-classico-contra-o-atletico-mg","status":"publish","type":"post","link":"https:\/\/www.gaveanews.com\/index.php\/2025\/02\/07\/cruzeiro-liga-sinal-de-alerta-para-dois-jogadores-para-o-classico-contra-o-atletico-mg\/","title":{"rendered":"Cruzeiro liga sinal de alerta para dois jogadores para o cl\u00e1ssico contra o Atl\u00e9tico-MG"},"content":{"rendered":"\n<h2 class=\"wp-block-heading\" id=\"h-cruzeiro-tem-dois-jogadores-pendurados-para-o-classico-contra-o-atletico-mg-no-mineirao\">Cruzeiro tem dois jogadores pendurados para o cl\u00e1ssico contra o Atl\u00e9tico-MG no Mineir\u00e3o<\/h2>\n\n\n\n<p>Ap\u00f3s o empate contra o Am\u00e9rica-MG no Independ\u00eancia, o Cruzeiro ter\u00e1 dois jogadores pendurados para o cl\u00e1ssico contra o Atl\u00e9tico-MG, v\u00e1lido pela 7\u00aa rodada do Campeonato Mineiro. A partida ser\u00e1 disputada no domingo (9), \u00e0s 16h (de Bras\u00edlia), no Mineir\u00e3o, em Belo Horizonte.<\/p>\n\n\n\n<p>A comiss\u00e3o t\u00e9cnica da Raposa, comandada pelo auxiliar Wesley Carvalho, precisa ficar atenta \u00e0 situa\u00e7\u00e3o do zagueiro Fabr\u00edcio Bruno e do volante Lucas Romero, que entram em campo com dois cart\u00f5es amarelos acumulados. Caso sejam advertidos novamente, ficar\u00e3o suspensos para a \u00faltima rodada da fase de grupos do Estadual.<\/p>\n\n\n\n<figure class=\"wp-block-image size-full\"><img loading=\"lazy\" decoding=\"async\" width=\"473\" height=\"575\" src=\"http:\/\/www.gaveanews.com\/wp-content\/uploads\/Fabricio-Bruno-pelo-Cruzeiro.webp\" alt=\"\" class=\"wp-image-213420\" srcset=\"https:\/\/www.gaveanews.com\/wp-content\/uploads\/Fabricio-Bruno-pelo-Cruzeiro.webp 473w, https:\/\/www.gaveanews.com\/wp-content\/uploads\/Fabricio-Bruno-pelo-Cruzeiro-247x300.webp 247w, https:\/\/www.gaveanews.com\/wp-content\/uploads\/Fabricio-Bruno-pelo-Cruzeiro-345x420.webp 345w, https:\/\/www.gaveanews.com\/wp-content\/uploads\/Fabricio-Bruno-pelo-Cruzeiro-100x122.webp 100w\" sizes=\"auto, (max-width: 473px) 100vw, 473px\" \/><figcaption class=\"wp-element-caption\">Fabr\u00edcio Bruno pelo Cruzeiro (Foto: Gustavo Aleixo\/Cruzeiro)\n\n<\/figcaption><\/figure>\n\n\n\n<p>Na \u00faltima quarta-feira (5), Romero conseguiu escapar da puni\u00e7\u00e3o contra o Am\u00e9rica-MG, mas segue pendurado para os pr\u00f3ximos compromissos. O capit\u00e3o do Cruzeiro recebeu cart\u00e3o amarelo na derrota por 1 a 0 para o Athletic, na 2\u00aa rodada, e na goleada por 4 a 1 sobre o Itabirito, na 4\u00aa rodada. J\u00e1 Fabr\u00edcio Bruno tamb\u00e9m foi advertido na partida contra o Athletic e voltou a ser punido no empate contra o Am\u00e9rica-MG, na 6\u00aa rodada.<\/p>\n\n\n\n<figure class=\"wp-block-image size-full\"><img loading=\"lazy\" decoding=\"async\" width=\"665\" height=\"500\" src=\"http:\/\/www.gaveanews.com\/wp-content\/uploads\/Lucas-Romero-pelo-Cruzeiro.webp\" alt=\"\" class=\"wp-image-170359\" srcset=\"https:\/\/www.gaveanews.com\/wp-content\/uploads\/Lucas-Romero-pelo-Cruzeiro.webp 665w, https:\/\/www.gaveanews.com\/wp-content\/uploads\/Lucas-Romero-pelo-Cruzeiro-300x226.webp 300w, https:\/\/www.gaveanews.com\/wp-content\/uploads\/Lucas-Romero-pelo-Cruzeiro-559x420.webp 559w, https:\/\/www.gaveanews.com\/wp-content\/uploads\/Lucas-Romero-pelo-Cruzeiro-80x60.webp 80w, https:\/\/www.gaveanews.com\/wp-content\/uploads\/Lucas-Romero-pelo-Cruzeiro-160x120.webp 160w, https:\/\/www.gaveanews.com\/wp-content\/uploads\/Lucas-Romero-pelo-Cruzeiro-100x75.webp 100w, https:\/\/www.gaveanews.com\/wp-content\/uploads\/Lucas-Romero-pelo-Cruzeiro-200x150.webp 200w, https:\/\/www.gaveanews.com\/wp-content\/uploads\/Lucas-Romero-pelo-Cruzeiro-180x135.webp 180w, https:\/\/www.gaveanews.com\/wp-content\/uploads\/Lucas-Romero-pelo-Cruzeiro-360x270.webp 360w, https:\/\/www.gaveanews.com\/wp-content\/uploads\/Lucas-Romero-pelo-Cruzeiro-238x178.webp 238w, https:\/\/www.gaveanews.com\/wp-content\/uploads\/Lucas-Romero-pelo-Cruzeiro-640x481.webp 640w\" sizes=\"auto, (max-width: 665px) 100vw, 665px\" \/><figcaption class=\"wp-element-caption\">Lucas Romero pelo Cruzeiro (Foto: Bruno Haddad\/Cruzeiro)<\/figcaption><\/figure>\n\n\n\n<p>A situa\u00e7\u00e3o preocupa o Cruzeiro, que busca garantir sua vaga nas semifinais do Campeonato Mineiro. Com 10 pontos, a equipe pode selar a classifica\u00e7\u00e3o antecipada caso ven\u00e7a o Am\u00e9rica-MG e conte com derrota do Aymor\u00e9s, al\u00e9m de qualquer trope\u00e7o do Pouso Alegre. O time celeste chega embalado por vit\u00f3rias sobre Itabirito e Uberl\u00e2ndia nas \u00faltimas rodadas.<\/p>\n\n\n\n<p>Do outro lado, o Am\u00e9rica-MG tamb\u00e9m tem objetivos importantes na competi\u00e7\u00e3o. A equipe comandada por Cauan de Almeida soma 11 pontos e ainda briga pela lideran\u00e7a do Grupo B. Para ultrapassar o Athletic, que tem 12 pontos e duas vit\u00f3rias a mais, o Coelho precisa vencer o cl\u00e1ssico. O time americano chega ao confronto motivado ap\u00f3s superar o Betim fora de casa na \u00faltima rodada.<\/p>\n\n\n\n<p>Com expectativa de um p\u00fablico superior a 60 mil torcedores no Mineir\u00e3o, o cl\u00e1ssico entre Cruzeiro e Atl\u00e9tico-MG promete ser um dos jogos mais disputados da fase de grupos do Campeonato Mineiro. Al\u00e9m da rivalidade, a partida pode definir os rumos das equipes na reta final da competi\u00e7\u00e3o.<\/p>\n","protected":false},"excerpt":{"rendered":"<p>Cruzeiro tem dois jogadores pendurados para o cl\u00e1ssico contra o Atl\u00e9tico-MG no Mineir\u00e3o Ap\u00f3s o empate contra o Am\u00e9rica-MG no Independ\u00eancia, o Cruzeiro ter\u00e1 dois jogadores pendurados para o cl\u00e1ssico contra o Atl\u00e9tico-MG, v\u00e1lido pela 7\u00aa rodada do Campeonato Mineiro. A partida ser\u00e1 disputada no domingo (9), \u00e0s 16h (de Bras\u00edlia), no Mineir\u00e3o, em Belo [&hellip;]<\/p>\n","protected":false},"author":17,"featured_media":175601,"comment_status":"open","ping_status":"closed","sticky":false,"template":"","format":"standard","meta":{"footnotes":""},"categories":[143],"tags":[],"class_list":["post-224348","post","type-post","status-publish","format-standard","has-post-thumbnail","hentry","category-cruzeiro"],"yoast_head":"<!-- This site is optimized with the Yoast SEO Premium plugin v24.2 (Yoast SEO v26.9) - https:\/\/yoast.com\/product\/yoast-seo-premium-wordpress\/ -->\n<title>Cruzeiro liga sinal de alerta para dois jogadores para o cl\u00e1ssico contra o Atl\u00e9tico-MG<\/title>\n<meta name=\"robots\" content=\"index, follow, max-snippet:-1, max-image-preview:large, max-video-preview:-1\" \/>\n<link rel=\"canonical\" href=\"https:\/\/www.gaveanews.com\/index.php\/2025\/02\/07\/cruzeiro-liga-sinal-de-alerta-para-dois-jogadores-para-o-classico-contra-o-atletico-mg\/\" \/>\n<meta property=\"og:locale\" content=\"pt_BR\" \/>\n<meta property=\"og:type\" content=\"article\" \/>\n<meta property=\"og:title\" content=\"Cruzeiro liga sinal de alerta para dois jogadores para o cl\u00e1ssico contra o Atl\u00e9tico-MG\" \/>\n<meta property=\"og:description\" content=\"Cruzeiro tem dois jogadores pendurados para o cl\u00e1ssico contra o Atl\u00e9tico-MG no Mineir\u00e3o Ap\u00f3s o empate contra o Am\u00e9rica-MG no Independ\u00eancia, o Cruzeiro ter\u00e1 dois jogadores pendurados para o cl\u00e1ssico contra o Atl\u00e9tico-MG, v\u00e1lido pela 7\u00aa rodada do Campeonato Mineiro. A partida ser\u00e1 disputada no domingo (9), \u00e0s 16h (de Bras\u00edlia), no Mineir\u00e3o, em Belo [&hellip;]\" \/>\n<meta property=\"og:url\" content=\"https:\/\/www.gaveanews.com\/index.php\/2025\/02\/07\/cruzeiro-liga-sinal-de-alerta-para-dois-jogadores-para-o-classico-contra-o-atletico-mg\/\" \/>\n<meta property=\"og:site_name\" content=\"G\u00e1vea News\" \/>\n<meta property=\"article:publisher\" content=\"https:\/\/facebook.com\/gaveaNews\/\" \/>\n<meta property=\"article:published_time\" content=\"2025-02-07T03:05:00+00:00\" \/>\n<meta property=\"og:image\" content=\"https:\/\/www.gaveanews.com\/wp-content\/uploads\/Bandeira-do-Cruzeiro.webp\" \/>\n\t<meta property=\"og:image:width\" content=\"1062\" \/>\n\t<meta property=\"og:image:height\" content=\"708\" \/>\n\t<meta property=\"og:image:type\" content=\"image\/webp\" \/>\n<meta name=\"author\" content=\"Geovanna Thomaz\" \/>\n<meta name=\"twitter:card\" content=\"summary_large_image\" \/>\n<meta name=\"twitter:label1\" content=\"Escrito por\" \/>\n\t<meta name=\"twitter:data1\" content=\"Geovanna Thomaz\" \/>\n\t<meta name=\"twitter:label2\" content=\"Est. tempo de leitura\" \/>\n\t<meta name=\"twitter:data2\" content=\"3 minutos\" \/>\n<script type=\"application\/ld+json\" class=\"yoast-schema-graph\">{\"@context\":\"https:\/\/schema.org\",\"@graph\":[{\"@type\":\"NewsArticle\",\"@id\":\"https:\/\/www.gaveanews.com\/index.php\/2025\/02\/07\/cruzeiro-liga-sinal-de-alerta-para-dois-jogadores-para-o-classico-contra-o-atletico-mg\/#article\",\"isPartOf\":{\"@id\":\"https:\/\/www.gaveanews.com\/index.php\/2025\/02\/07\/cruzeiro-liga-sinal-de-alerta-para-dois-jogadores-para-o-classico-contra-o-atletico-mg\/\"},\"author\":{\"name\":\"Geovanna Thomaz\",\"@id\":\"https:\/\/www.gaveanews.com\/#\/schema\/person\/f42654babcd2b2014a1a65af82b081f1\"},\"headline\":\"Cruzeiro liga sinal de alerta para dois jogadores para o cl\u00e1ssico contra o Atl\u00e9tico-MG\",\"datePublished\":\"2025-02-07T03:05:00+00:00\",\"mainEntityOfPage\":{\"@id\":\"https:\/\/www.gaveanews.com\/index.php\/2025\/02\/07\/cruzeiro-liga-sinal-de-alerta-para-dois-jogadores-para-o-classico-contra-o-atletico-mg\/\"},\"wordCount\":414,\"commentCount\":0,\"image\":{\"@id\":\"https:\/\/www.gaveanews.com\/index.php\/2025\/02\/07\/cruzeiro-liga-sinal-de-alerta-para-dois-jogadores-para-o-classico-contra-o-atletico-mg\/#primaryimage\"},\"thumbnailUrl\":\"https:\/\/www.gaveanews.com\/wp-content\/uploads\/Bandeira-do-Cruzeiro.webp\",\"articleSection\":[\"Cruzeiro\"],\"inLanguage\":\"pt-BR\",\"potentialAction\":[{\"@type\":\"CommentAction\",\"name\":\"Comment\",\"target\":[\"https:\/\/www.gaveanews.com\/index.php\/2025\/02\/07\/cruzeiro-liga-sinal-de-alerta-para-dois-jogadores-para-o-classico-contra-o-atletico-mg\/#respond\"]}],\"copyrightYear\":\"2025\",\"copyrightHolder\":{\"@id\":\"https:\/\/www.gaveanews.com\/#organization\"}},{\"@type\":\"WebPage\",\"@id\":\"https:\/\/www.gaveanews.com\/index.php\/2025\/02\/07\/cruzeiro-liga-sinal-de-alerta-para-dois-jogadores-para-o-classico-contra-o-atletico-mg\/\",\"url\":\"https:\/\/www.gaveanews.com\/index.php\/2025\/02\/07\/cruzeiro-liga-sinal-de-alerta-para-dois-jogadores-para-o-classico-contra-o-atletico-mg\/\",\"name\":\"Cruzeiro liga sinal de alerta para dois jogadores para o cl\u00e1ssico contra o Atl\u00e9tico-MG\",\"isPartOf\":{\"@id\":\"https:\/\/www.gaveanews.com\/#website\"},\"primaryImageOfPage\":{\"@id\":\"https:\/\/www.gaveanews.com\/index.php\/2025\/02\/07\/cruzeiro-liga-sinal-de-alerta-para-dois-jogadores-para-o-classico-contra-o-atletico-mg\/#primaryimage\"},\"image\":{\"@id\":\"https:\/\/www.gaveanews.com\/index.php\/2025\/02\/07\/cruzeiro-liga-sinal-de-alerta-para-dois-jogadores-para-o-classico-contra-o-atletico-mg\/#primaryimage\"},\"thumbnailUrl\":\"https:\/\/www.gaveanews.com\/wp-content\/uploads\/Bandeira-do-Cruzeiro.webp\",\"datePublished\":\"2025-02-07T03:05:00+00:00\",\"author\":{\"@id\":\"https:\/\/www.gaveanews.com\/#\/schema\/person\/f42654babcd2b2014a1a65af82b081f1\"},\"breadcrumb\":{\"@id\":\"https:\/\/www.gaveanews.com\/index.php\/2025\/02\/07\/cruzeiro-liga-sinal-de-alerta-para-dois-jogadores-para-o-classico-contra-o-atletico-mg\/#breadcrumb\"},\"inLanguage\":\"pt-BR\",\"potentialAction\":[{\"@type\":\"ReadAction\",\"target\":[\"https:\/\/www.gaveanews.com\/index.php\/2025\/02\/07\/cruzeiro-liga-sinal-de-alerta-para-dois-jogadores-para-o-classico-contra-o-atletico-mg\/\"]}]},{\"@type\":\"ImageObject\",\"inLanguage\":\"pt-BR\",\"@id\":\"https:\/\/www.gaveanews.com\/index.php\/2025\/02\/07\/cruzeiro-liga-sinal-de-alerta-para-dois-jogadores-para-o-classico-contra-o-atletico-mg\/#primaryimage\",\"url\":\"https:\/\/www.gaveanews.com\/wp-content\/uploads\/Bandeira-do-Cruzeiro.webp\",\"contentUrl\":\"https:\/\/www.gaveanews.com\/wp-content\/uploads\/Bandeira-do-Cruzeiro.webp\",\"width\":1062,\"height\":708,\"caption\":\"Bandeira do Cruzeiro (Foto: Reprodu\u00e7\u00e3o\/Cruzeiro)\"},{\"@type\":\"BreadcrumbList\",\"@id\":\"https:\/\/www.gaveanews.com\/index.php\/2025\/02\/07\/cruzeiro-liga-sinal-de-alerta-para-dois-jogadores-para-o-classico-contra-o-atletico-mg\/#breadcrumb\",\"itemListElement\":[{\"@type\":\"ListItem\",\"position\":1,\"name\":\"Home\",\"item\":\"https:\/\/www.gaveanews.com\/\"},{\"@type\":\"ListItem\",\"position\":2,\"name\":\"Cruzeiro liga sinal de alerta para dois jogadores para o cl\u00e1ssico contra o Atl\u00e9tico-MG\"}]},{\"@type\":\"WebSite\",\"@id\":\"https:\/\/www.gaveanews.com\/#website\",\"url\":\"https:\/\/www.gaveanews.com\/\",\"name\":\"G\u00e1vea News\",\"description\":\"Veja todas as not\u00edcias sobre o Flamengo: Contrata\u00e7\u00f5es, categorias de base, resultados das partidas, tabela de classifica\u00e7\u00e3o, pr\u00f3ximos jogos!\",\"potentialAction\":[{\"@type\":\"SearchAction\",\"target\":{\"@type\":\"EntryPoint\",\"urlTemplate\":\"https:\/\/www.gaveanews.com\/?s={search_term_string}\"},\"query-input\":{\"@type\":\"PropertyValueSpecification\",\"valueRequired\":true,\"valueName\":\"search_term_string\"}}],\"inLanguage\":\"pt-BR\"},{\"@type\":\"Person\",\"@id\":\"https:\/\/www.gaveanews.com\/#\/schema\/person\/f42654babcd2b2014a1a65af82b081f1\",\"name\":\"Geovanna Thomaz\",\"image\":{\"@type\":\"ImageObject\",\"inLanguage\":\"pt-BR\",\"@id\":\"https:\/\/www.gaveanews.com\/#\/schema\/person\/image\/\",\"url\":\"https:\/\/secure.gravatar.com\/avatar\/4092073255489533afb558984b49b64268c47198af8623cc82a925ae9fb7118a?s=96&d=mm&r=g\",\"contentUrl\":\"https:\/\/secure.gravatar.com\/avatar\/4092073255489533afb558984b49b64268c47198af8623cc82a925ae9fb7118a?s=96&d=mm&r=g\",\"caption\":\"Geovanna Thomaz\"}}]}<\/script>\n<!-- \/ Yoast SEO Premium plugin. -->","yoast_head_json":{"title":"Cruzeiro liga sinal de alerta para dois jogadores para o cl\u00e1ssico contra o Atl\u00e9tico-MG","robots":{"index":"index","follow":"follow","max-snippet":"max-snippet:-1","max-image-preview":"max-image-preview:large","max-video-preview":"max-video-preview:-1"},"canonical":"https:\/\/www.gaveanews.com\/index.php\/2025\/02\/07\/cruzeiro-liga-sinal-de-alerta-para-dois-jogadores-para-o-classico-contra-o-atletico-mg\/","og_locale":"pt_BR","og_type":"article","og_title":"Cruzeiro liga sinal de alerta para dois jogadores para o cl\u00e1ssico contra o Atl\u00e9tico-MG","og_description":"Cruzeiro tem dois jogadores pendurados para o cl\u00e1ssico contra o Atl\u00e9tico-MG no Mineir\u00e3o Ap\u00f3s o empate contra o Am\u00e9rica-MG no Independ\u00eancia, o Cruzeiro ter\u00e1 dois jogadores pendurados para o cl\u00e1ssico contra o Atl\u00e9tico-MG, v\u00e1lido pela 7\u00aa rodada do Campeonato Mineiro. A partida ser\u00e1 disputada no domingo (9), \u00e0s 16h (de Bras\u00edlia), no Mineir\u00e3o, em Belo [&hellip;]","og_url":"https:\/\/www.gaveanews.com\/index.php\/2025\/02\/07\/cruzeiro-liga-sinal-de-alerta-para-dois-jogadores-para-o-classico-contra-o-atletico-mg\/","og_site_name":"G\u00e1vea News","article_publisher":"https:\/\/facebook.com\/gaveaNews\/","article_published_time":"2025-02-07T03:05:00+00:00","og_image":[{"width":1062,"height":708,"url":"https:\/\/www.gaveanews.com\/wp-content\/uploads\/Bandeira-do-Cruzeiro.webp","type":"image\/webp"}],"author":"Geovanna Thomaz","twitter_card":"summary_large_image","twitter_misc":{"Escrito por":"Geovanna Thomaz","Est. tempo de leitura":"3 minutos"},"schema":{"@context":"https:\/\/schema.org","@graph":[{"@type":"NewsArticle","@id":"https:\/\/www.gaveanews.com\/index.php\/2025\/02\/07\/cruzeiro-liga-sinal-de-alerta-para-dois-jogadores-para-o-classico-contra-o-atletico-mg\/#article","isPartOf":{"@id":"https:\/\/www.gaveanews.com\/index.php\/2025\/02\/07\/cruzeiro-liga-sinal-de-alerta-para-dois-jogadores-para-o-classico-contra-o-atletico-mg\/"},"author":{"name":"Geovanna Thomaz","@id":"https:\/\/www.gaveanews.com\/#\/schema\/person\/f42654babcd2b2014a1a65af82b081f1"},"headline":"Cruzeiro liga sinal de alerta para dois jogadores para o cl\u00e1ssico contra o Atl\u00e9tico-MG","datePublished":"2025-02-07T03:05:00+00:00","mainEntityOfPage":{"@id":"https:\/\/www.gaveanews.com\/index.php\/2025\/02\/07\/cruzeiro-liga-sinal-de-alerta-para-dois-jogadores-para-o-classico-contra-o-atletico-mg\/"},"wordCount":414,"commentCount":0,"image":{"@id":"https:\/\/www.gaveanews.com\/index.php\/2025\/02\/07\/cruzeiro-liga-sinal-de-alerta-para-dois-jogadores-para-o-classico-contra-o-atletico-mg\/#primaryimage"},"thumbnailUrl":"https:\/\/www.gaveanews.com\/wp-content\/uploads\/Bandeira-do-Cruzeiro.webp","articleSection":["Cruzeiro"],"inLanguage":"pt-BR","potentialAction":[{"@type":"CommentAction","name":"Comment","target":["https:\/\/www.gaveanews.com\/index.php\/2025\/02\/07\/cruzeiro-liga-sinal-de-alerta-para-dois-jogadores-para-o-classico-contra-o-atletico-mg\/#respond"]}],"copyrightYear":"2025","copyrightHolder":{"@id":"https:\/\/www.gaveanews.com\/#organization"}},{"@type":"WebPage","@id":"https:\/\/www.gaveanews.com\/index.php\/2025\/02\/07\/cruzeiro-liga-sinal-de-alerta-para-dois-jogadores-para-o-classico-contra-o-atletico-mg\/","url":"https:\/\/www.gaveanews.com\/index.php\/2025\/02\/07\/cruzeiro-liga-sinal-de-alerta-para-dois-jogadores-para-o-classico-contra-o-atletico-mg\/","name":"Cruzeiro liga sinal de alerta para dois jogadores para o cl\u00e1ssico contra o Atl\u00e9tico-MG","isPartOf":{"@id":"https:\/\/www.gaveanews.com\/#website"},"primaryImageOfPage":{"@id":"https:\/\/www.gaveanews.com\/index.php\/2025\/02\/07\/cruzeiro-liga-sinal-de-alerta-para-dois-jogadores-para-o-classico-contra-o-atletico-mg\/#primaryimage"},"image":{"@id":"https:\/\/www.gaveanews.com\/index.php\/2025\/02\/07\/cruzeiro-liga-sinal-de-alerta-para-dois-jogadores-para-o-classico-contra-o-atletico-mg\/#primaryimage"},"thumbnailUrl":"https:\/\/www.gaveanews.com\/wp-content\/uploads\/Bandeira-do-Cruzeiro.webp","datePublished":"2025-02-07T03:05:00+00:00","author":{"@id":"https:\/\/www.gaveanews.com\/#\/schema\/person\/f42654babcd2b2014a1a65af82b081f1"},"breadcrumb":{"@id":"https:\/\/www.gaveanews.com\/index.php\/2025\/02\/07\/cruzeiro-liga-sinal-de-alerta-para-dois-jogadores-para-o-classico-contra-o-atletico-mg\/#breadcrumb"},"inLanguage":"pt-BR","potentialAction":[{"@type":"ReadAction","target":["https:\/\/www.gaveanews.com\/index.php\/2025\/02\/07\/cruzeiro-liga-sinal-de-alerta-para-dois-jogadores-para-o-classico-contra-o-atletico-mg\/"]}]},{"@type":"ImageObject","inLanguage":"pt-BR","@id":"https:\/\/www.gaveanews.com\/index.php\/2025\/02\/07\/cruzeiro-liga-sinal-de-alerta-para-dois-jogadores-para-o-classico-contra-o-atletico-mg\/#primaryimage","url":"https:\/\/www.gaveanews.com\/wp-content\/uploads\/Bandeira-do-Cruzeiro.webp","contentUrl":"https:\/\/www.gaveanews.com\/wp-content\/uploads\/Bandeira-do-Cruzeiro.webp","width":1062,"height":708,"caption":"Bandeira do Cruzeiro (Foto: Reprodu\u00e7\u00e3o\/Cruzeiro)"},{"@type":"BreadcrumbList","@id":"https:\/\/www.gaveanews.com\/index.php\/2025\/02\/07\/cruzeiro-liga-sinal-de-alerta-para-dois-jogadores-para-o-classico-contra-o-atletico-mg\/#breadcrumb","itemListElement":[{"@type":"ListItem","position":1,"name":"Home","item":"https:\/\/www.gaveanews.com\/"},{"@type":"ListItem","position":2,"name":"Cruzeiro liga sinal de alerta para dois jogadores para o cl\u00e1ssico contra o Atl\u00e9tico-MG"}]},{"@type":"WebSite","@id":"https:\/\/www.gaveanews.com\/#website","url":"https:\/\/www.gaveanews.com\/","name":"G\u00e1vea News","description":"Veja todas as not\u00edcias sobre o Flamengo: Contrata\u00e7\u00f5es, categorias de base, resultados das partidas, tabela de classifica\u00e7\u00e3o, pr\u00f3ximos jogos!","potentialAction":[{"@type":"SearchAction","target":{"@type":"EntryPoint","urlTemplate":"https:\/\/www.gaveanews.com\/?s={search_term_string}"},"query-input":{"@type":"PropertyValueSpecification","valueRequired":true,"valueName":"search_term_string"}}],"inLanguage":"pt-BR"},{"@type":"Person","@id":"https:\/\/www.gaveanews.com\/#\/schema\/person\/f42654babcd2b2014a1a65af82b081f1","name":"Geovanna Thomaz","image":{"@type":"ImageObject","inLanguage":"pt-BR","@id":"https:\/\/www.gaveanews.com\/#\/schema\/person\/image\/","url":"https:\/\/secure.gravatar.com\/avatar\/4092073255489533afb558984b49b64268c47198af8623cc82a925ae9fb7118a?s=96&d=mm&r=g","contentUrl":"https:\/\/secure.gravatar.com\/avatar\/4092073255489533afb558984b49b64268c47198af8623cc82a925ae9fb7118a?s=96&d=mm&r=g","caption":"Geovanna Thomaz"}}]}},"_links":{"self":[{"href":"https:\/\/www.gaveanews.com\/index.php\/wp-json\/wp\/v2\/posts\/224348","targetHints":{"allow":["GET"]}}],"collection":[{"href":"https:\/\/www.gaveanews.com\/index.php\/wp-json\/wp\/v2\/posts"}],"about":[{"href":"https:\/\/www.gaveanews.com\/index.php\/wp-json\/wp\/v2\/types\/post"}],"author":[{"embeddable":true,"href":"https:\/\/www.gaveanews.com\/index.php\/wp-json\/wp\/v2\/users\/17"}],"replies":[{"embeddable":true,"href":"https:\/\/www.gaveanews.com\/index.php\/wp-json\/wp\/v2\/comments?post=224348"}],"version-history":[{"count":1,"href":"https:\/\/www.gaveanews.com\/index.php\/wp-json\/wp\/v2\/posts\/224348\/revisions"}],"predecessor-version":[{"id":224351,"href":"https:\/\/www.gaveanews.com\/index.php\/wp-json\/wp\/v2\/posts\/224348\/revisions\/224351"}],"wp:featuredmedia":[{"embeddable":true,"href":"https:\/\/www.gaveanews.com\/index.php\/wp-json\/wp\/v2\/media\/175601"}],"wp:attachment":[{"href":"https:\/\/www.gaveanews.com\/index.php\/wp-json\/wp\/v2\/media?parent=224348"}],"wp:term":[{"taxonomy":"category","embeddable":true,"href":"https:\/\/www.gaveanews.com\/index.php\/wp-json\/wp\/v2\/categories?post=224348"},{"taxonomy":"post_tag","embeddable":true,"href":"https:\/\/www.gaveanews.com\/index.php\/wp-json\/wp\/v2\/tags?post=224348"}],"curies":[{"name":"wp","href":"https:\/\/api.w.org\/{rel}","templated":true}]}}