{"id":224370,"date":"2025-02-06T20:35:00","date_gmt":"2025-02-06T23:35:00","guid":{"rendered":"https:\/\/www.gaveanews.com\/?p=224370"},"modified":"2025-02-06T20:26:50","modified_gmt":"2025-02-06T23:26:50","slug":"comparacao-de-capitaes-provocacao-de-rival-e-declaracao-de-cano-as-ultimas-noticias-do-fluminense","status":"publish","type":"post","link":"https:\/\/www.gaveanews.com\/index.php\/2025\/02\/06\/comparacao-de-capitaes-provocacao-de-rival-e-declaracao-de-cano-as-ultimas-noticias-do-fluminense\/","title":{"rendered":"Compara\u00e7\u00e3o de capit\u00e3es, provoca\u00e7\u00e3o de rival e declara\u00e7\u00e3o de Cano: as \u00faltimas not\u00edcias do Fluminense"},"content":{"rendered":"\n<p>Nas \u00faltimas horas, o foco das not\u00edcias sobre o Fluminense se concentram nos bastidores do clube, com destaques do dia a dia do time.<\/p>\n\n\n\n<p>Por conta deste contexto, leia abaixo um resumo preparado pela equipe do portal G\u00e1vea News para lhe manter muito bem informado!<\/p>\n\n\n\n<h2 class=\"wp-block-heading\" id=\"h-declaracao-de-cano\">Declara\u00e7\u00e3o de Cano<\/h2>\n\n\n\n<p>Germ\u00e1n Cano, atacante do Fluminense, reencontrar\u00e1 o Vasco nesta quarta-feira (05) em Bras\u00edlia, ap\u00f3s um ano complicado por problemas f\u00edsicos. O argentino passou 2024 lidando com uma inflama\u00e7\u00e3o no tend\u00e3o de Aquiles, que o afastou dos gramados por 56 dias e comprometeu seu rendimento, resultando em apenas sete gols na temporada. Para 2025, ele adotou uma prepara\u00e7\u00e3o especial e intensificou seus treinamentos, buscando recuperar a melhor forma f\u00edsica <strong><a href=\"https:\/\/www.gaveanews.com\/index.php\/2025\/02\/05\/a-declaracao-de-cano-do-fluminense-direcionada-ao-vasco\/\">(leia a mat\u00e9ria completa).<\/a><\/strong><\/p>\n\n\n\n<figure class=\"wp-block-image size-full\"><img loading=\"lazy\" decoding=\"async\" width=\"908\" height=\"637\" src=\"http:\/\/www.gaveanews.com\/wp-content\/uploads\/German-Cano-em-acao-pelo-Fluminense.webp\" alt=\"\" class=\"wp-image-170376\" srcset=\"https:\/\/www.gaveanews.com\/wp-content\/uploads\/German-Cano-em-acao-pelo-Fluminense.webp 908w, https:\/\/www.gaveanews.com\/wp-content\/uploads\/German-Cano-em-acao-pelo-Fluminense-300x210.webp 300w, https:\/\/www.gaveanews.com\/wp-content\/uploads\/German-Cano-em-acao-pelo-Fluminense-768x539.webp 768w, https:\/\/www.gaveanews.com\/wp-content\/uploads\/German-Cano-em-acao-pelo-Fluminense-599x420.webp 599w, https:\/\/www.gaveanews.com\/wp-content\/uploads\/German-Cano-em-acao-pelo-Fluminense-640x449.webp 640w, https:\/\/www.gaveanews.com\/wp-content\/uploads\/German-Cano-em-acao-pelo-Fluminense-681x478.webp 681w, https:\/\/www.gaveanews.com\/wp-content\/uploads\/German-Cano-em-acao-pelo-Fluminense-100x70.webp 100w\" sizes=\"auto, (max-width: 908px) 100vw, 908px\" \/><figcaption class=\"wp-element-caption\">Germ\u00e1n Cano em a\u00e7\u00e3o pelo Fluminense (Foto: Lucas Mer\u00e7on\/Fluminense)<\/figcaption><\/figure>\n\n\n\n<p>Durante a pr\u00e9-temporada, Cano reduziu suas f\u00e9rias e trabalhou sob a orienta\u00e7\u00e3o de um personal trainer na Argentina, o que resultou em um dos melhores desempenhos f\u00edsicos do elenco tricolor. <\/p>\n\n\n\n<p>O atacante tamb\u00e9m destacou o apoio da torcida do Fluminense nos momentos dif\u00edceis, afirmando que o carinho recebido foi essencial para sua recupera\u00e7\u00e3o mental e motivacional.<\/p>\n\n\n\n<p>Sobre o reencontro com o Vasco, Cano demonstrou respeito pelo clube que o trouxe ao Brasil e destacou sua gratid\u00e3o pela oportunidade que recebeu. Mesmo vestindo as cores do Fluminense, ele reconhece a import\u00e2ncia do Cruzmaltino em sua carreira e afirmou que sempre ter\u00e1 considera\u00e7\u00e3o pela equipe e sua torcida.<\/p>\n\n\n\n<h2 class=\"wp-block-heading\" id=\"h-provocacao-de-rival\">Provoca\u00e7\u00e3o de rival<\/h2>\n\n\n\n<p>O cl\u00e1ssico entre Vasco e Fluminense, v\u00e1lido pela oitava rodada do Campeonato Carioca, acontece nesta quarta-feira (05\/02) no Est\u00e1dio Man\u00e9 Garrincha, em Bras\u00edlia. O confronto promete ser acirrado, com o Vasco ocupando a segunda posi\u00e7\u00e3o na tabela, invicto at\u00e9 o momento, e buscando manter-se na briga pela lideran\u00e7a. O Fluminense, por sua vez, precisa da vit\u00f3ria para seguir competitivo no torneio <strong><a href=\"https:\/\/www.gaveanews.com\/index.php\/2025\/02\/05\/vasco-x-fluminense-torcedores-cruzmaltinos-provocam-rivais-antes-do-classico\/\">(leia a mat\u00e9ria completa).<\/a><\/strong><\/p>\n\n\n\n<figure class=\"wp-block-image size-full\"><img loading=\"lazy\" decoding=\"async\" width=\"729\" height=\"400\" src=\"http:\/\/www.gaveanews.com\/wp-content\/uploads\/vasco-x-fluminense-guia-729x400-1.webp\" alt=\"\" class=\"wp-image-157657\" srcset=\"https:\/\/www.gaveanews.com\/wp-content\/uploads\/vasco-x-fluminense-guia-729x400-1.webp 729w, https:\/\/www.gaveanews.com\/wp-content\/uploads\/vasco-x-fluminense-guia-729x400-1-300x165.webp 300w, https:\/\/www.gaveanews.com\/wp-content\/uploads\/vasco-x-fluminense-guia-729x400-1-640x350.webp 640w, https:\/\/www.gaveanews.com\/wp-content\/uploads\/vasco-x-fluminense-guia-729x400-1-681x374.webp 681w, https:\/\/www.gaveanews.com\/wp-content\/uploads\/vasco-x-fluminense-guia-729x400-1-100x55.webp 100w\" sizes=\"auto, (max-width: 729px) 100vw, 729px\" \/><figcaption class=\"wp-element-caption\">Vasco x Fluminense se enfrentam neste s\u00e1bado no cl\u00e1ssico carioca do dia (Foto: Leandro Amorim\/Vasco)\n\n<\/figcaption><\/figure>\n\n\n\n<p>Antes mesmo da bola rolar, a rivalidade entre os clubes ganhou um cap\u00edtulo \u00e0 parte. Torcedores do Vasco colaram adesivos provocativos nas lixeiras do est\u00e1dio, contendo os escudos de Fluminense, Flamengo e Corinthians acompanhados da frase \u201cJogue o lixo no lixo\u201d. A atitude gerou repercuss\u00e3o nas redes sociais, evidenciando o clima de provoca\u00e7\u00e3o que antecede o confronto.<\/p>\n\n\n\n<p>No campo, o t\u00e9cnico F\u00e1bio Carille levar\u00e1 a campo o que tem de melhor, mas enfrenta desfalques importantes, como Adson, David e Estrella, al\u00e9m da incerteza sobre Paulo Henrique, que pode dar lugar a Puma Rodr\u00edguez na lateral direita. A partida ser\u00e1 transmitida pela Band (TV aberta), Canal GOAT (YouTube) e Premiere, com in\u00edcio \u00e0s 21h30 (hor\u00e1rio de Bras\u00edlia).<\/p>\n\n\n\n<h2 class=\"wp-block-heading\" id=\"h-comparacao-de-capitaes\">Compara\u00e7\u00e3o de capit\u00e3es<\/h2>\n\n\n\n<p>Um v\u00eddeo comparando as declara\u00e7\u00f5es de Gerson, do Flamengo, e Thiago Silva, do Fluminense, viralizou nas redes sociais e gerou debates sobre a percep\u00e7\u00e3o da press\u00e3o no futebol. Enquanto Gerson afirmou que &#8220;press\u00e3o de verdade&#8221; \u00e9 a vivida por trabalhadores que lutam para sustentar suas fam\u00edlias, Thiago Silva desabafou sobre as cr\u00edticas recebidas e ponderou se vale a pena estar longe da fam\u00edlia para lidar com cobran\u00e7as no futebol brasileiro <strong><a href=\"https:\/\/www.gaveanews.com\/index.php\/2025\/02\/05\/video-com-comparacao-entre-declaracoes-de-gerson-e-thiago-silva-viraliza\/\">(leia a mat\u00e9ria completa).<\/a><\/strong><\/p>\n\n\n\n<figure class=\"wp-block-image size-large\"><img loading=\"lazy\" decoding=\"async\" width=\"820\" height=\"1024\" src=\"http:\/\/www.gaveanews.com\/wp-content\/uploads\/Thiago-Silva-durante-o-jogo-entre-Fluminense-x-Palmeiras-pelo-Brasileirao-2024-no-estadio-do-Maracana-820x1024.webp\" alt=\"\" class=\"wp-image-154489\" srcset=\"https:\/\/www.gaveanews.com\/wp-content\/uploads\/Thiago-Silva-durante-o-jogo-entre-Fluminense-x-Palmeiras-pelo-Brasileirao-2024-no-estadio-do-Maracana-820x1024.webp 820w, https:\/\/www.gaveanews.com\/wp-content\/uploads\/Thiago-Silva-durante-o-jogo-entre-Fluminense-x-Palmeiras-pelo-Brasileirao-2024-no-estadio-do-Maracana-240x300.webp 240w, https:\/\/www.gaveanews.com\/wp-content\/uploads\/Thiago-Silva-durante-o-jogo-entre-Fluminense-x-Palmeiras-pelo-Brasileirao-2024-no-estadio-do-Maracana-768x960.webp 768w, https:\/\/www.gaveanews.com\/wp-content\/uploads\/Thiago-Silva-durante-o-jogo-entre-Fluminense-x-Palmeiras-pelo-Brasileirao-2024-no-estadio-do-Maracana-1229x1536.webp 1229w, https:\/\/www.gaveanews.com\/wp-content\/uploads\/Thiago-Silva-durante-o-jogo-entre-Fluminense-x-Palmeiras-pelo-Brasileirao-2024-no-estadio-do-Maracana-336x420.webp 336w, https:\/\/www.gaveanews.com\/wp-content\/uploads\/Thiago-Silva-durante-o-jogo-entre-Fluminense-x-Palmeiras-pelo-Brasileirao-2024-no-estadio-do-Maracana-672x840.webp 672w, https:\/\/www.gaveanews.com\/wp-content\/uploads\/Thiago-Silva-durante-o-jogo-entre-Fluminense-x-Palmeiras-pelo-Brasileirao-2024-no-estadio-do-Maracana-640x800.webp 640w, https:\/\/www.gaveanews.com\/wp-content\/uploads\/Thiago-Silva-durante-o-jogo-entre-Fluminense-x-Palmeiras-pelo-Brasileirao-2024-no-estadio-do-Maracana-1280x1599.webp 1280w, https:\/\/www.gaveanews.com\/wp-content\/uploads\/Thiago-Silva-durante-o-jogo-entre-Fluminense-x-Palmeiras-pelo-Brasileirao-2024-no-estadio-do-Maracana-681x851.webp 681w, https:\/\/www.gaveanews.com\/wp-content\/uploads\/Thiago-Silva-durante-o-jogo-entre-Fluminense-x-Palmeiras-pelo-Brasileirao-2024-no-estadio-do-Maracana-1362x1702.webp 1362w, https:\/\/www.gaveanews.com\/wp-content\/uploads\/Thiago-Silva-durante-o-jogo-entre-Fluminense-x-Palmeiras-pelo-Brasileirao-2024-no-estadio-do-Maracana-100x125.webp 100w, https:\/\/www.gaveanews.com\/wp-content\/uploads\/Thiago-Silva-durante-o-jogo-entre-Fluminense-x-Palmeiras-pelo-Brasileirao-2024-no-estadio-do-Maracana.webp 1639w\" sizes=\"auto, (max-width: 820px) 100vw, 820px\" \/><figcaption class=\"wp-element-caption\">Thiago Silva durante o jogo entre Fluminense x Palmeiras pelo Brasileir\u00e3o 2024 no est\u00e1dio do Maracan\u00e3 (Foto: Lucas Mer\u00e7on\/Fluminense)<\/figcaption><\/figure>\n\n\n\n<p>Ap\u00f3s a conquista da Supercopa do Brasil pelo Flamengo, Gerson destacou que se considera privilegiado por ser jogador e que a verdadeira press\u00e3o est\u00e1 no cotidiano de quem acorda cedo para trabalhar. Sua fala foi elogiada por torcedores e analistas, sendo vista como uma demonstra\u00e7\u00e3o de consci\u00eancia social.<\/p>\n\n\n\n<p>Por outro lado, Thiago Silva, ao comentar a fase ruim do Fluminense, disse que as cr\u00edticas da torcida o fazem questionar se vale a pena estar no Brasil, j\u00e1 que sua fam\u00edlia permanece em Londres. Essa declara\u00e7\u00e3o foi interpretada por parte da torcida como um sinal de insatisfa\u00e7\u00e3o, aumentando a press\u00e3o sobre o zagueiro. A compara\u00e7\u00e3o entre as falas refor\u00e7ou a discuss\u00e3o sobre como jogadores encaram a press\u00e3o no futebol.<\/p>\n","protected":false},"excerpt":{"rendered":"<p>Nas \u00faltimas horas, o foco das not\u00edcias sobre o Fluminense se concentram nos bastidores do clube, com destaques do dia a dia do time. Por conta deste contexto, leia abaixo um resumo preparado pela equipe do portal G\u00e1vea News para lhe manter muito bem informado! Declara\u00e7\u00e3o de Cano Germ\u00e1n Cano, atacante do Fluminense, reencontrar\u00e1 o [&hellip;]<\/p>\n","protected":false},"author":27,"featured_media":152557,"comment_status":"open","ping_status":"closed","sticky":false,"template":"","format":"standard","meta":{"footnotes":""},"categories":[145],"tags":[],"class_list":["post-224370","post","type-post","status-publish","format-standard","has-post-thumbnail","hentry","category-fluminense"],"yoast_head":"<!-- This site is optimized with the Yoast SEO Premium plugin v24.2 (Yoast SEO v26.9) - https:\/\/yoast.com\/product\/yoast-seo-premium-wordpress\/ -->\n<title>Compara\u00e7\u00e3o de capit\u00e3es, provoca\u00e7\u00e3o de rival e declara\u00e7\u00e3o de Cano: as \u00faltimas not\u00edcias do Fluminense<\/title>\n<meta name=\"robots\" content=\"index, follow, max-snippet:-1, max-image-preview:large, max-video-preview:-1\" \/>\n<link rel=\"canonical\" href=\"https:\/\/www.gaveanews.com\/index.php\/2025\/02\/06\/comparacao-de-capitaes-provocacao-de-rival-e-declaracao-de-cano-as-ultimas-noticias-do-fluminense\/\" \/>\n<meta property=\"og:locale\" content=\"pt_BR\" \/>\n<meta property=\"og:type\" content=\"article\" \/>\n<meta property=\"og:title\" content=\"Compara\u00e7\u00e3o de capit\u00e3es, provoca\u00e7\u00e3o de rival e declara\u00e7\u00e3o de Cano: as \u00faltimas not\u00edcias do Fluminense\" \/>\n<meta property=\"og:description\" content=\"Nas \u00faltimas horas, o foco das not\u00edcias sobre o Fluminense se concentram nos bastidores do clube, com destaques do dia a dia do time. Por conta deste contexto, leia abaixo um resumo preparado pela equipe do portal G\u00e1vea News para lhe manter muito bem informado! Declara\u00e7\u00e3o de Cano Germ\u00e1n Cano, atacante do Fluminense, reencontrar\u00e1 o [&hellip;]\" \/>\n<meta property=\"og:url\" content=\"https:\/\/www.gaveanews.com\/index.php\/2025\/02\/06\/comparacao-de-capitaes-provocacao-de-rival-e-declaracao-de-cano-as-ultimas-noticias-do-fluminense\/\" \/>\n<meta property=\"og:site_name\" content=\"G\u00e1vea News\" \/>\n<meta property=\"article:publisher\" content=\"https:\/\/facebook.com\/gaveaNews\/\" \/>\n<meta property=\"article:published_time\" content=\"2025-02-06T23:35:00+00:00\" \/>\n<meta property=\"og:image\" content=\"https:\/\/www.gaveanews.com\/wp-content\/uploads\/Jogadores-do-Fluminense-em-2024.webp\" \/>\n\t<meta property=\"og:image:width\" content=\"1440\" \/>\n\t<meta property=\"og:image:height\" content=\"1080\" \/>\n\t<meta property=\"og:image:type\" content=\"image\/webp\" \/>\n<meta name=\"author\" content=\"Matheus Felipe\" \/>\n<meta name=\"twitter:card\" content=\"summary_large_image\" \/>\n<meta name=\"twitter:label1\" content=\"Escrito por\" \/>\n\t<meta name=\"twitter:data1\" content=\"Matheus Felipe\" \/>\n\t<meta name=\"twitter:label2\" content=\"Est. tempo de leitura\" \/>\n\t<meta name=\"twitter:data2\" content=\"5 minutos\" \/>\n<script type=\"application\/ld+json\" class=\"yoast-schema-graph\">{\"@context\":\"https:\/\/schema.org\",\"@graph\":[{\"@type\":\"NewsArticle\",\"@id\":\"https:\/\/www.gaveanews.com\/index.php\/2025\/02\/06\/comparacao-de-capitaes-provocacao-de-rival-e-declaracao-de-cano-as-ultimas-noticias-do-fluminense\/#article\",\"isPartOf\":{\"@id\":\"https:\/\/www.gaveanews.com\/index.php\/2025\/02\/06\/comparacao-de-capitaes-provocacao-de-rival-e-declaracao-de-cano-as-ultimas-noticias-do-fluminense\/\"},\"author\":{\"name\":\"Matheus Felipe\",\"@id\":\"https:\/\/www.gaveanews.com\/#\/schema\/person\/8207cd4627f56151707418bfc835b2fb\"},\"headline\":\"Compara\u00e7\u00e3o de capit\u00e3es, provoca\u00e7\u00e3o de rival e declara\u00e7\u00e3o de Cano: as \u00faltimas not\u00edcias do Fluminense\",\"datePublished\":\"2025-02-06T23:35:00+00:00\",\"mainEntityOfPage\":{\"@id\":\"https:\/\/www.gaveanews.com\/index.php\/2025\/02\/06\/comparacao-de-capitaes-provocacao-de-rival-e-declaracao-de-cano-as-ultimas-noticias-do-fluminense\/\"},\"wordCount\":738,\"commentCount\":0,\"image\":{\"@id\":\"https:\/\/www.gaveanews.com\/index.php\/2025\/02\/06\/comparacao-de-capitaes-provocacao-de-rival-e-declaracao-de-cano-as-ultimas-noticias-do-fluminense\/#primaryimage\"},\"thumbnailUrl\":\"https:\/\/www.gaveanews.com\/wp-content\/uploads\/Jogadores-do-Fluminense-em-2024.webp\",\"articleSection\":[\"Fluminense\"],\"inLanguage\":\"pt-BR\",\"potentialAction\":[{\"@type\":\"CommentAction\",\"name\":\"Comment\",\"target\":[\"https:\/\/www.gaveanews.com\/index.php\/2025\/02\/06\/comparacao-de-capitaes-provocacao-de-rival-e-declaracao-de-cano-as-ultimas-noticias-do-fluminense\/#respond\"]}],\"copyrightYear\":\"2025\",\"copyrightHolder\":{\"@id\":\"https:\/\/www.gaveanews.com\/#organization\"}},{\"@type\":\"WebPage\",\"@id\":\"https:\/\/www.gaveanews.com\/index.php\/2025\/02\/06\/comparacao-de-capitaes-provocacao-de-rival-e-declaracao-de-cano-as-ultimas-noticias-do-fluminense\/\",\"url\":\"https:\/\/www.gaveanews.com\/index.php\/2025\/02\/06\/comparacao-de-capitaes-provocacao-de-rival-e-declaracao-de-cano-as-ultimas-noticias-do-fluminense\/\",\"name\":\"Compara\u00e7\u00e3o de capit\u00e3es, provoca\u00e7\u00e3o de rival e declara\u00e7\u00e3o de Cano: as \u00faltimas not\u00edcias do Fluminense\",\"isPartOf\":{\"@id\":\"https:\/\/www.gaveanews.com\/#website\"},\"primaryImageOfPage\":{\"@id\":\"https:\/\/www.gaveanews.com\/index.php\/2025\/02\/06\/comparacao-de-capitaes-provocacao-de-rival-e-declaracao-de-cano-as-ultimas-noticias-do-fluminense\/#primaryimage\"},\"image\":{\"@id\":\"https:\/\/www.gaveanews.com\/index.php\/2025\/02\/06\/comparacao-de-capitaes-provocacao-de-rival-e-declaracao-de-cano-as-ultimas-noticias-do-fluminense\/#primaryimage\"},\"thumbnailUrl\":\"https:\/\/www.gaveanews.com\/wp-content\/uploads\/Jogadores-do-Fluminense-em-2024.webp\",\"datePublished\":\"2025-02-06T23:35:00+00:00\",\"author\":{\"@id\":\"https:\/\/www.gaveanews.com\/#\/schema\/person\/8207cd4627f56151707418bfc835b2fb\"},\"breadcrumb\":{\"@id\":\"https:\/\/www.gaveanews.com\/index.php\/2025\/02\/06\/comparacao-de-capitaes-provocacao-de-rival-e-declaracao-de-cano-as-ultimas-noticias-do-fluminense\/#breadcrumb\"},\"inLanguage\":\"pt-BR\",\"potentialAction\":[{\"@type\":\"ReadAction\",\"target\":[\"https:\/\/www.gaveanews.com\/index.php\/2025\/02\/06\/comparacao-de-capitaes-provocacao-de-rival-e-declaracao-de-cano-as-ultimas-noticias-do-fluminense\/\"]}]},{\"@type\":\"ImageObject\",\"inLanguage\":\"pt-BR\",\"@id\":\"https:\/\/www.gaveanews.com\/index.php\/2025\/02\/06\/comparacao-de-capitaes-provocacao-de-rival-e-declaracao-de-cano-as-ultimas-noticias-do-fluminense\/#primaryimage\",\"url\":\"https:\/\/www.gaveanews.com\/wp-content\/uploads\/Jogadores-do-Fluminense-em-2024.webp\",\"contentUrl\":\"https:\/\/www.gaveanews.com\/wp-content\/uploads\/Jogadores-do-Fluminense-em-2024.webp\",\"width\":1440,\"height\":1080,\"caption\":\"Jogadores do Fluminense em 2024 (Foto: Reprodu\u00e7\u00e3o\/Fluminense)\"},{\"@type\":\"BreadcrumbList\",\"@id\":\"https:\/\/www.gaveanews.com\/index.php\/2025\/02\/06\/comparacao-de-capitaes-provocacao-de-rival-e-declaracao-de-cano-as-ultimas-noticias-do-fluminense\/#breadcrumb\",\"itemListElement\":[{\"@type\":\"ListItem\",\"position\":1,\"name\":\"Home\",\"item\":\"https:\/\/www.gaveanews.com\/\"},{\"@type\":\"ListItem\",\"position\":2,\"name\":\"Compara\u00e7\u00e3o de capit\u00e3es, provoca\u00e7\u00e3o de rival e declara\u00e7\u00e3o de Cano: as \u00faltimas not\u00edcias do Fluminense\"}]},{\"@type\":\"WebSite\",\"@id\":\"https:\/\/www.gaveanews.com\/#website\",\"url\":\"https:\/\/www.gaveanews.com\/\",\"name\":\"G\u00e1vea News\",\"description\":\"Veja todas as not\u00edcias sobre o Flamengo: Contrata\u00e7\u00f5es, categorias de base, resultados das partidas, tabela de classifica\u00e7\u00e3o, pr\u00f3ximos jogos!\",\"potentialAction\":[{\"@type\":\"SearchAction\",\"target\":{\"@type\":\"EntryPoint\",\"urlTemplate\":\"https:\/\/www.gaveanews.com\/?s={search_term_string}\"},\"query-input\":{\"@type\":\"PropertyValueSpecification\",\"valueRequired\":true,\"valueName\":\"search_term_string\"}}],\"inLanguage\":\"pt-BR\"},{\"@type\":\"Person\",\"@id\":\"https:\/\/www.gaveanews.com\/#\/schema\/person\/8207cd4627f56151707418bfc835b2fb\",\"name\":\"Matheus Felipe\",\"image\":{\"@type\":\"ImageObject\",\"inLanguage\":\"pt-BR\",\"@id\":\"https:\/\/www.gaveanews.com\/#\/schema\/person\/image\/\",\"url\":\"https:\/\/secure.gravatar.com\/avatar\/a452ffbed9130f726358b298bb3a99ce4bd3c5338411f8440e87e14d74c7c087?s=96&d=mm&r=g\",\"contentUrl\":\"https:\/\/secure.gravatar.com\/avatar\/a452ffbed9130f726358b298bb3a99ce4bd3c5338411f8440e87e14d74c7c087?s=96&d=mm&r=g\",\"caption\":\"Matheus Felipe\"}}]}<\/script>\n<!-- \/ Yoast SEO Premium plugin. -->","yoast_head_json":{"title":"Compara\u00e7\u00e3o de capit\u00e3es, provoca\u00e7\u00e3o de rival e declara\u00e7\u00e3o de Cano: as \u00faltimas not\u00edcias do Fluminense","robots":{"index":"index","follow":"follow","max-snippet":"max-snippet:-1","max-image-preview":"max-image-preview:large","max-video-preview":"max-video-preview:-1"},"canonical":"https:\/\/www.gaveanews.com\/index.php\/2025\/02\/06\/comparacao-de-capitaes-provocacao-de-rival-e-declaracao-de-cano-as-ultimas-noticias-do-fluminense\/","og_locale":"pt_BR","og_type":"article","og_title":"Compara\u00e7\u00e3o de capit\u00e3es, provoca\u00e7\u00e3o de rival e declara\u00e7\u00e3o de Cano: as \u00faltimas not\u00edcias do Fluminense","og_description":"Nas \u00faltimas horas, o foco das not\u00edcias sobre o Fluminense se concentram nos bastidores do clube, com destaques do dia a dia do time. Por conta deste contexto, leia abaixo um resumo preparado pela equipe do portal G\u00e1vea News para lhe manter muito bem informado! Declara\u00e7\u00e3o de Cano Germ\u00e1n Cano, atacante do Fluminense, reencontrar\u00e1 o [&hellip;]","og_url":"https:\/\/www.gaveanews.com\/index.php\/2025\/02\/06\/comparacao-de-capitaes-provocacao-de-rival-e-declaracao-de-cano-as-ultimas-noticias-do-fluminense\/","og_site_name":"G\u00e1vea News","article_publisher":"https:\/\/facebook.com\/gaveaNews\/","article_published_time":"2025-02-06T23:35:00+00:00","og_image":[{"width":1440,"height":1080,"url":"https:\/\/www.gaveanews.com\/wp-content\/uploads\/Jogadores-do-Fluminense-em-2024.webp","type":"image\/webp"}],"author":"Matheus Felipe","twitter_card":"summary_large_image","twitter_misc":{"Escrito por":"Matheus Felipe","Est. tempo de leitura":"5 minutos"},"schema":{"@context":"https:\/\/schema.org","@graph":[{"@type":"NewsArticle","@id":"https:\/\/www.gaveanews.com\/index.php\/2025\/02\/06\/comparacao-de-capitaes-provocacao-de-rival-e-declaracao-de-cano-as-ultimas-noticias-do-fluminense\/#article","isPartOf":{"@id":"https:\/\/www.gaveanews.com\/index.php\/2025\/02\/06\/comparacao-de-capitaes-provocacao-de-rival-e-declaracao-de-cano-as-ultimas-noticias-do-fluminense\/"},"author":{"name":"Matheus Felipe","@id":"https:\/\/www.gaveanews.com\/#\/schema\/person\/8207cd4627f56151707418bfc835b2fb"},"headline":"Compara\u00e7\u00e3o de capit\u00e3es, provoca\u00e7\u00e3o de rival e declara\u00e7\u00e3o de Cano: as \u00faltimas not\u00edcias do Fluminense","datePublished":"2025-02-06T23:35:00+00:00","mainEntityOfPage":{"@id":"https:\/\/www.gaveanews.com\/index.php\/2025\/02\/06\/comparacao-de-capitaes-provocacao-de-rival-e-declaracao-de-cano-as-ultimas-noticias-do-fluminense\/"},"wordCount":738,"commentCount":0,"image":{"@id":"https:\/\/www.gaveanews.com\/index.php\/2025\/02\/06\/comparacao-de-capitaes-provocacao-de-rival-e-declaracao-de-cano-as-ultimas-noticias-do-fluminense\/#primaryimage"},"thumbnailUrl":"https:\/\/www.gaveanews.com\/wp-content\/uploads\/Jogadores-do-Fluminense-em-2024.webp","articleSection":["Fluminense"],"inLanguage":"pt-BR","potentialAction":[{"@type":"CommentAction","name":"Comment","target":["https:\/\/www.gaveanews.com\/index.php\/2025\/02\/06\/comparacao-de-capitaes-provocacao-de-rival-e-declaracao-de-cano-as-ultimas-noticias-do-fluminense\/#respond"]}],"copyrightYear":"2025","copyrightHolder":{"@id":"https:\/\/www.gaveanews.com\/#organization"}},{"@type":"WebPage","@id":"https:\/\/www.gaveanews.com\/index.php\/2025\/02\/06\/comparacao-de-capitaes-provocacao-de-rival-e-declaracao-de-cano-as-ultimas-noticias-do-fluminense\/","url":"https:\/\/www.gaveanews.com\/index.php\/2025\/02\/06\/comparacao-de-capitaes-provocacao-de-rival-e-declaracao-de-cano-as-ultimas-noticias-do-fluminense\/","name":"Compara\u00e7\u00e3o de capit\u00e3es, provoca\u00e7\u00e3o de rival e declara\u00e7\u00e3o de Cano: as \u00faltimas not\u00edcias do Fluminense","isPartOf":{"@id":"https:\/\/www.gaveanews.com\/#website"},"primaryImageOfPage":{"@id":"https:\/\/www.gaveanews.com\/index.php\/2025\/02\/06\/comparacao-de-capitaes-provocacao-de-rival-e-declaracao-de-cano-as-ultimas-noticias-do-fluminense\/#primaryimage"},"image":{"@id":"https:\/\/www.gaveanews.com\/index.php\/2025\/02\/06\/comparacao-de-capitaes-provocacao-de-rival-e-declaracao-de-cano-as-ultimas-noticias-do-fluminense\/#primaryimage"},"thumbnailUrl":"https:\/\/www.gaveanews.com\/wp-content\/uploads\/Jogadores-do-Fluminense-em-2024.webp","datePublished":"2025-02-06T23:35:00+00:00","author":{"@id":"https:\/\/www.gaveanews.com\/#\/schema\/person\/8207cd4627f56151707418bfc835b2fb"},"breadcrumb":{"@id":"https:\/\/www.gaveanews.com\/index.php\/2025\/02\/06\/comparacao-de-capitaes-provocacao-de-rival-e-declaracao-de-cano-as-ultimas-noticias-do-fluminense\/#breadcrumb"},"inLanguage":"pt-BR","potentialAction":[{"@type":"ReadAction","target":["https:\/\/www.gaveanews.com\/index.php\/2025\/02\/06\/comparacao-de-capitaes-provocacao-de-rival-e-declaracao-de-cano-as-ultimas-noticias-do-fluminense\/"]}]},{"@type":"ImageObject","inLanguage":"pt-BR","@id":"https:\/\/www.gaveanews.com\/index.php\/2025\/02\/06\/comparacao-de-capitaes-provocacao-de-rival-e-declaracao-de-cano-as-ultimas-noticias-do-fluminense\/#primaryimage","url":"https:\/\/www.gaveanews.com\/wp-content\/uploads\/Jogadores-do-Fluminense-em-2024.webp","contentUrl":"https:\/\/www.gaveanews.com\/wp-content\/uploads\/Jogadores-do-Fluminense-em-2024.webp","width":1440,"height":1080,"caption":"Jogadores do Fluminense em 2024 (Foto: Reprodu\u00e7\u00e3o\/Fluminense)"},{"@type":"BreadcrumbList","@id":"https:\/\/www.gaveanews.com\/index.php\/2025\/02\/06\/comparacao-de-capitaes-provocacao-de-rival-e-declaracao-de-cano-as-ultimas-noticias-do-fluminense\/#breadcrumb","itemListElement":[{"@type":"ListItem","position":1,"name":"Home","item":"https:\/\/www.gaveanews.com\/"},{"@type":"ListItem","position":2,"name":"Compara\u00e7\u00e3o de capit\u00e3es, provoca\u00e7\u00e3o de rival e declara\u00e7\u00e3o de Cano: as \u00faltimas not\u00edcias do Fluminense"}]},{"@type":"WebSite","@id":"https:\/\/www.gaveanews.com\/#website","url":"https:\/\/www.gaveanews.com\/","name":"G\u00e1vea News","description":"Veja todas as not\u00edcias sobre o Flamengo: Contrata\u00e7\u00f5es, categorias de base, resultados das partidas, tabela de classifica\u00e7\u00e3o, pr\u00f3ximos jogos!","potentialAction":[{"@type":"SearchAction","target":{"@type":"EntryPoint","urlTemplate":"https:\/\/www.gaveanews.com\/?s={search_term_string}"},"query-input":{"@type":"PropertyValueSpecification","valueRequired":true,"valueName":"search_term_string"}}],"inLanguage":"pt-BR"},{"@type":"Person","@id":"https:\/\/www.gaveanews.com\/#\/schema\/person\/8207cd4627f56151707418bfc835b2fb","name":"Matheus Felipe","image":{"@type":"ImageObject","inLanguage":"pt-BR","@id":"https:\/\/www.gaveanews.com\/#\/schema\/person\/image\/","url":"https:\/\/secure.gravatar.com\/avatar\/a452ffbed9130f726358b298bb3a99ce4bd3c5338411f8440e87e14d74c7c087?s=96&d=mm&r=g","contentUrl":"https:\/\/secure.gravatar.com\/avatar\/a452ffbed9130f726358b298bb3a99ce4bd3c5338411f8440e87e14d74c7c087?s=96&d=mm&r=g","caption":"Matheus Felipe"}}]}},"_links":{"self":[{"href":"https:\/\/www.gaveanews.com\/index.php\/wp-json\/wp\/v2\/posts\/224370","targetHints":{"allow":["GET"]}}],"collection":[{"href":"https:\/\/www.gaveanews.com\/index.php\/wp-json\/wp\/v2\/posts"}],"about":[{"href":"https:\/\/www.gaveanews.com\/index.php\/wp-json\/wp\/v2\/types\/post"}],"author":[{"embeddable":true,"href":"https:\/\/www.gaveanews.com\/index.php\/wp-json\/wp\/v2\/users\/27"}],"replies":[{"embeddable":true,"href":"https:\/\/www.gaveanews.com\/index.php\/wp-json\/wp\/v2\/comments?post=224370"}],"version-history":[{"count":1,"href":"https:\/\/www.gaveanews.com\/index.php\/wp-json\/wp\/v2\/posts\/224370\/revisions"}],"predecessor-version":[{"id":224373,"href":"https:\/\/www.gaveanews.com\/index.php\/wp-json\/wp\/v2\/posts\/224370\/revisions\/224373"}],"wp:featuredmedia":[{"embeddable":true,"href":"https:\/\/www.gaveanews.com\/index.php\/wp-json\/wp\/v2\/media\/152557"}],"wp:attachment":[{"href":"https:\/\/www.gaveanews.com\/index.php\/wp-json\/wp\/v2\/media?parent=224370"}],"wp:term":[{"taxonomy":"category","embeddable":true,"href":"https:\/\/www.gaveanews.com\/index.php\/wp-json\/wp\/v2\/categories?post=224370"},{"taxonomy":"post_tag","embeddable":true,"href":"https:\/\/www.gaveanews.com\/index.php\/wp-json\/wp\/v2\/tags?post=224370"}],"curies":[{"name":"wp","href":"https:\/\/api.w.org\/{rel}","templated":true}]}}