{"id":224374,"date":"2025-02-06T20:40:00","date_gmt":"2025-02-06T23:40:00","guid":{"rendered":"https:\/\/www.gaveanews.com\/?p=224374"},"modified":"2025-02-06T20:32:56","modified_gmt":"2025-02-06T23:32:56","slug":"referencia-na-europa-contrato-assinado-e-provocacoes-ao-rival-as-ultimas-noticias-do-vasco","status":"publish","type":"post","link":"https:\/\/www.gaveanews.com\/index.php\/2025\/02\/06\/referencia-na-europa-contrato-assinado-e-provocacoes-ao-rival-as-ultimas-noticias-do-vasco\/","title":{"rendered":"Refer\u00eancia na Europa, contrato assinado e provoca\u00e7\u00f5es ao rival: as \u00faltimas not\u00edcias do Vasco"},"content":{"rendered":"\n<p>Nas \u00faltimas horas, o foco das not\u00edcias sobre o Vasco se concentram nos bastidores do clube, com destaques do dia a dia do time.<\/p>\n\n\n\n<p>Por conta deste contexto, leia abaixo um resumo preparado pela equipe do portal G\u00e1vea News para lhe manter muito bem informado!<\/p>\n\n\n\n<h2 class=\"wp-block-heading\" id=\"h-provocacoes-ao-rival\">Provoca\u00e7\u00f5es ao rival<\/h2>\n\n\n\n<p>O cl\u00e1ssico entre Vasco e Fluminense, v\u00e1lido pela oitava rodada do Campeonato Carioca, acontece nesta quarta-feira (05\/02) no Est\u00e1dio Man\u00e9 Garrincha, em Bras\u00edlia. O Vasco chega ao confronto como vice-l\u00edder do torneio, invicto com tr\u00eas vit\u00f3rias e quatro empates, enquanto o Fluminense busca recupera\u00e7\u00e3o na competi\u00e7\u00e3o. A expectativa \u00e9 de um duelo equilibrado e cheio de emo\u00e7\u00f5es <strong><a href=\"https:\/\/www.gaveanews.com\/index.php\/2025\/02\/05\/vasco-x-fluminense-torcedores-cruzmaltinos-provocam-rivais-antes-do-classico\/\">(leia a mat\u00e9ria completa)<\/a><\/strong><\/p>\n\n\n\n<figure class=\"wp-block-image size-full\"><img loading=\"lazy\" decoding=\"async\" width=\"729\" height=\"400\" src=\"http:\/\/www.gaveanews.com\/wp-content\/uploads\/vasco-x-fluminense-guia-729x400-1.webp\" alt=\"\" class=\"wp-image-157657\" srcset=\"https:\/\/www.gaveanews.com\/wp-content\/uploads\/vasco-x-fluminense-guia-729x400-1.webp 729w, https:\/\/www.gaveanews.com\/wp-content\/uploads\/vasco-x-fluminense-guia-729x400-1-300x165.webp 300w, https:\/\/www.gaveanews.com\/wp-content\/uploads\/vasco-x-fluminense-guia-729x400-1-640x350.webp 640w, https:\/\/www.gaveanews.com\/wp-content\/uploads\/vasco-x-fluminense-guia-729x400-1-681x374.webp 681w, https:\/\/www.gaveanews.com\/wp-content\/uploads\/vasco-x-fluminense-guia-729x400-1-100x55.webp 100w\" sizes=\"auto, (max-width: 729px) 100vw, 729px\" \/><figcaption class=\"wp-element-caption\">Vasco x Fluminense se enfrentam neste s\u00e1bado no cl\u00e1ssico carioca do dia (Foto: Leandro Amorim\/Vasco)\n\n<\/figcaption><\/figure>\n\n\n\n<p>Antes da partida, a rivalidade entre os clubes ficou evidente com uma provoca\u00e7\u00e3o inusitada dos torcedores cruzmaltinos. <\/p>\n\n\n\n<p>Adesivos foram colados em lixeiras do est\u00e1dio exibindo os escudos do Fluminense, Flamengo e Corinthians acompanhados da frase \u201cJogue o lixo no lixo\u201d. A a\u00e7\u00e3o, realizada por um pequeno grupo de torcedores, gerou grande repercuss\u00e3o nas redes sociais e aumentou o clima tenso antes do apito inicial.<\/p>\n\n\n\n<p>Para o confronto, o Vasco deve entrar em campo com for\u00e7a m\u00e1xima, apesar de contar com desfalques como Adson, David e Estrella, al\u00e9m da d\u00favida na lateral direita, onde Paulo Henrique pode ser substitu\u00eddo por Puma Rodr\u00edguez. A partida ser\u00e1 transmitida pela Band (TV aberta), Canal GOAT (YouTube) e Premiere, com in\u00edcio \u00e0s 21h30 (hor\u00e1rio de Bras\u00edlia).<\/p>\n\n\n\n<h2 class=\"wp-block-heading\" id=\"h-contrato-assinado\">Contrato assinado<\/h2>\n\n\n\n<p>O Vasco fechou uma parceria com a empresa <em>Somos Young<\/em> para implementar intelig\u00eancia artificial no atendimento aos s\u00f3cios-torcedores. A ferramenta estar\u00e1 dispon\u00edvel 24 horas por dia via WhatsApp e fornecer\u00e1 informa\u00e7\u00f5es sobre o programa de associados, calend\u00e1rio de jogos, ingressos e outros servi\u00e7os do clube <strong><a href=\"https:\/\/www.gaveanews.com\/index.php\/2025\/02\/04\/vasco-assina-contrato-com-empresa-de-inteligencia-artificial\/\">(leia a mat\u00e9ria completa).<\/a><\/strong><\/p>\n\n\n\n<figure class=\"wp-block-image size-full\"><img loading=\"lazy\" decoding=\"async\" width=\"1024\" height=\"562\" src=\"http:\/\/www.gaveanews.com\/wp-content\/uploads\/Pedrinho-presidente-do-Vasco.webp\" alt=\"\" class=\"wp-image-146559\" srcset=\"https:\/\/www.gaveanews.com\/wp-content\/uploads\/Pedrinho-presidente-do-Vasco.webp 1024w, https:\/\/www.gaveanews.com\/wp-content\/uploads\/Pedrinho-presidente-do-Vasco-300x165.webp 300w, https:\/\/www.gaveanews.com\/wp-content\/uploads\/Pedrinho-presidente-do-Vasco-768x422.webp 768w, https:\/\/www.gaveanews.com\/wp-content\/uploads\/Pedrinho-presidente-do-Vasco-765x420.webp 765w, https:\/\/www.gaveanews.com\/wp-content\/uploads\/Pedrinho-presidente-do-Vasco-640x350.webp 640w, https:\/\/www.gaveanews.com\/wp-content\/uploads\/Pedrinho-presidente-do-Vasco-681x374.webp 681w, https:\/\/www.gaveanews.com\/wp-content\/uploads\/Pedrinho-presidente-do-Vasco-1022x562.webp 1022w, https:\/\/www.gaveanews.com\/wp-content\/uploads\/Pedrinho-presidente-do-Vasco-100x55.webp 100w\" sizes=\"auto, (max-width: 1024px) 100vw, 1024px\" \/><figcaption class=\"wp-element-caption\">Pedrinho, presidente do Vasco (Foto: Reprodu\u00e7\u00e3o\/Vasco TV)<\/figcaption><\/figure>\n\n\n\n<p>O CEO do Vasco, Carlos Amodeo, destacou que a iniciativa faz parte da campanha &#8220;Eu sou vasca\u00edno&#8221;, que busca fortalecer a conex\u00e3o com a torcida. Ele afirmou que a parceria promete revolucionar o atendimento aos torcedores, melhorando a experi\u00eancia dos s\u00f3cios e estabelecendo um novo padr\u00e3o no futebol brasileiro.<\/p>\n\n\n\n<p>Al\u00e9m desse avan\u00e7o tecnol\u00f3gico, o Vasco volta a campo nesta quarta-feira (5), \u00e0s 21h30, para enfrentar o Fluminense no Est\u00e1dio Man\u00e9 Garrincha, em Bras\u00edlia. A partida ser\u00e1 transmitida pela Band (TV aberta), Premiere (pay-per-view), Canal GOAT (YouTube) e VascoTV (YouTube).<\/p>\n\n\n\n<h2 class=\"wp-block-heading\" id=\"h-referencia-na-europa\">Refer\u00eancia na Europa<\/h2>\n\n\n\n<p>Andrey Santos, ex-jogador do Vasco, tem se destacado na Ligue 1 atuando pelo Strasbourg. Aos 20 anos, ele \u00e9 o meio-campista com mais gols e desarmes no Campeonato Franc\u00eas, consolidando-se como uma das grandes promessas do futebol brasileiro. O jogador iniciou sua trajet\u00f3ria profissional no Vasco, onde chamou a aten\u00e7\u00e3o do Chelsea, que o contratou em 2023. No entanto, para ganhar mais experi\u00eancia e minutos em campo, foi emprestado ao clube franc\u00eas, onde vem brilhando<strong><a href=\"https:\/\/www.gaveanews.com\/index.php\/2025\/02\/03\/video-ele-deixou-o-vasco-e-tornou-se-referencia-na-europa\/\"> (leia a mat\u00e9ria completa).<\/a><\/strong><\/p>\n\n\n\n<blockquote class=\"instagram-media\" data-instgrm-permalink=\"https:\/\/www.instagram.com\/reel\/DFOJ1q_RusS\/?utm_source=ig_embed&amp;utm_campaign=loading\" data-instgrm-version=\"14\" style=\" background:#FFF; border:0; border-radius:3px; box-shadow:0 0 1px 0 rgba(0,0,0,0.5),0 1px 10px 0 rgba(0,0,0,0.15); margin: 1px; max-width:540px; min-width:326px; padding:0; width:99.375%; width:-webkit-calc(100% - 2px); width:calc(100% - 2px);\"><div style=\"padding:16px;\"> <a href=\"https:\/\/www.instagram.com\/reel\/DFOJ1q_RusS\/?utm_source=ig_embed&amp;utm_campaign=loading\" style=\" background:#FFFFFF; line-height:0; padding:0 0; text-align:center; text-decoration:none; width:100%;\" target=\"_blank\"> <div style=\" display: flex; flex-direction: row; align-items: center;\"> <div style=\"background-color: #F4F4F4; border-radius: 50%; flex-grow: 0; height: 40px; margin-right: 14px; width: 40px;\"><\/div> <div style=\"display: flex; flex-direction: column; flex-grow: 1; justify-content: center;\"> <div style=\" background-color: #F4F4F4; border-radius: 4px; flex-grow: 0; height: 14px; margin-bottom: 6px; width: 100px;\"><\/div> <div style=\" background-color: #F4F4F4; border-radius: 4px; flex-grow: 0; height: 14px; width: 60px;\"><\/div><\/div><\/div><div style=\"padding: 19% 0;\"><\/div> <div style=\"display:block; height:50px; margin:0 auto 12px; width:50px;\"><svg width=\"50px\" height=\"50px\" viewBox=\"0 0 60 60\" version=\"1.1\" xmlns=\"https:\/\/www.w3.org\/2000\/svg\" xmlns:xlink=\"https:\/\/www.w3.org\/1999\/xlink\"><g stroke=\"none\" stroke-width=\"1\" fill=\"none\" fill-rule=\"evenodd\"><g transform=\"translate(-511.000000, -20.000000)\" fill=\"#000000\"><g><path d=\"M556.869,30.41 C554.814,30.41 553.148,32.076 553.148,34.131 C553.148,36.186 554.814,37.852 556.869,37.852 C558.924,37.852 560.59,36.186 560.59,34.131 C560.59,32.076 558.924,30.41 556.869,30.41 M541,60.657 C535.114,60.657 530.342,55.887 530.342,50 C530.342,44.114 535.114,39.342 541,39.342 C546.887,39.342 551.658,44.114 551.658,50 C551.658,55.887 546.887,60.657 541,60.657 M541,33.886 C532.1,33.886 524.886,41.1 524.886,50 C524.886,58.899 532.1,66.113 541,66.113 C549.9,66.113 557.115,58.899 557.115,50 C557.115,41.1 549.9,33.886 541,33.886 M565.378,62.101 C565.244,65.022 564.756,66.606 564.346,67.663 C563.803,69.06 563.154,70.057 562.106,71.106 C561.058,72.155 560.06,72.803 558.662,73.347 C557.607,73.757 556.021,74.244 553.102,74.378 C549.944,74.521 548.997,74.552 541,74.552 C533.003,74.552 532.056,74.521 528.898,74.378 C525.979,74.244 524.393,73.757 523.338,73.347 C521.94,72.803 520.942,72.155 519.894,71.106 C518.846,70.057 518.197,69.06 517.654,67.663 C517.244,66.606 516.755,65.022 516.623,62.101 C516.479,58.943 516.448,57.996 516.448,50 C516.448,42.003 516.479,41.056 516.623,37.899 C516.755,34.978 517.244,33.391 517.654,32.338 C518.197,30.938 518.846,29.942 519.894,28.894 C520.942,27.846 521.94,27.196 523.338,26.654 C524.393,26.244 525.979,25.756 528.898,25.623 C532.057,25.479 533.004,25.448 541,25.448 C548.997,25.448 549.943,25.479 553.102,25.623 C556.021,25.756 557.607,26.244 558.662,26.654 C560.06,27.196 561.058,27.846 562.106,28.894 C563.154,29.942 563.803,30.938 564.346,32.338 C564.756,33.391 565.244,34.978 565.378,37.899 C565.522,41.056 565.552,42.003 565.552,50 C565.552,57.996 565.522,58.943 565.378,62.101 M570.82,37.631 C570.674,34.438 570.167,32.258 569.425,30.349 C568.659,28.377 567.633,26.702 565.965,25.035 C564.297,23.368 562.623,22.342 560.652,21.575 C558.743,20.834 556.562,20.326 553.369,20.18 C550.169,20.033 549.148,20 541,20 C532.853,20 531.831,20.033 528.631,20.18 C525.438,20.326 523.257,20.834 521.349,21.575 C519.376,22.342 517.703,23.368 516.035,25.035 C514.368,26.702 513.342,28.377 512.574,30.349 C511.834,32.258 511.326,34.438 511.181,37.631 C511.035,40.831 511,41.851 511,50 C511,58.147 511.035,59.17 511.181,62.369 C511.326,65.562 511.834,67.743 512.574,69.651 C513.342,71.625 514.368,73.296 516.035,74.965 C517.703,76.634 519.376,77.658 521.349,78.425 C523.257,79.167 525.438,79.673 528.631,79.82 C531.831,79.965 532.853,80.001 541,80.001 C549.148,80.001 550.169,79.965 553.369,79.82 C556.562,79.673 558.743,79.167 560.652,78.425 C562.623,77.658 564.297,76.634 565.965,74.965 C567.633,73.296 568.659,71.625 569.425,69.651 C570.167,67.743 570.674,65.562 570.82,62.369 C570.966,59.17 571,58.147 571,50 C571,41.851 570.966,40.831 570.82,37.631\"><\/path><\/g><\/g><\/g><\/svg><\/div><div style=\"padding-top: 8px;\"> <div style=\" color:#3897f0; font-family:Arial,sans-serif; font-size:14px; font-style:normal; font-weight:550; line-height:18px;\">Ver essa foto no Instagram<\/div><\/div><div style=\"padding: 12.5% 0;\"><\/div> <div style=\"display: flex; flex-direction: row; margin-bottom: 14px; align-items: center;\"><div> <div style=\"background-color: #F4F4F4; border-radius: 50%; height: 12.5px; width: 12.5px; transform: translateX(0px) translateY(7px);\"><\/div> <div style=\"background-color: #F4F4F4; height: 12.5px; transform: rotate(-45deg) translateX(3px) translateY(1px); width: 12.5px; flex-grow: 0; margin-right: 14px; margin-left: 2px;\"><\/div> <div style=\"background-color: #F4F4F4; border-radius: 50%; height: 12.5px; width: 12.5px; transform: translateX(9px) translateY(-18px);\"><\/div><\/div><div style=\"margin-left: 8px;\"> <div style=\" background-color: #F4F4F4; border-radius: 50%; flex-grow: 0; height: 20px; width: 20px;\"><\/div> <div style=\" width: 0; height: 0; border-top: 2px solid transparent; border-left: 6px solid #f4f4f4; border-bottom: 2px solid transparent; transform: translateX(16px) translateY(-4px) rotate(30deg)\"><\/div><\/div><div style=\"margin-left: auto;\"> <div style=\" width: 0px; border-top: 8px solid #F4F4F4; border-right: 8px solid transparent; transform: translateY(16px);\"><\/div> <div style=\" background-color: #F4F4F4; flex-grow: 0; height: 12px; width: 16px; transform: translateY(-4px);\"><\/div> <div style=\" width: 0; height: 0; border-top: 8px solid #F4F4F4; border-left: 8px solid transparent; transform: translateY(-4px) translateX(8px);\"><\/div><\/div><\/div> <div style=\"display: flex; flex-direction: column; flex-grow: 1; justify-content: center; margin-bottom: 24px;\"> <div style=\" background-color: #F4F4F4; border-radius: 4px; flex-grow: 0; height: 14px; margin-bottom: 6px; width: 224px;\"><\/div> <div style=\" background-color: #F4F4F4; border-radius: 4px; flex-grow: 0; height: 14px; width: 144px;\"><\/div><\/div><\/a><p style=\" color:#c9c8cd; font-family:Arial,sans-serif; font-size:14px; line-height:17px; margin-bottom:0; margin-top:8px; overflow:hidden; padding:8px 0 7px; text-align:center; text-overflow:ellipsis; white-space:nowrap;\"><a href=\"https:\/\/www.instagram.com\/reel\/DFOJ1q_RusS\/?utm_source=ig_embed&amp;utm_campaign=loading\" style=\" color:#c9c8cd; font-family:Arial,sans-serif; font-size:14px; font-style:normal; font-weight:normal; line-height:17px; text-decoration:none;\" target=\"_blank\">Uma publica\u00e7\u00e3o compartilhada por Desarmando a Marcac\u0327a\u0303o (@desarmandofc)<\/a><\/p><\/div><\/blockquote>\n<script async src=\"\/\/www.instagram.com\/embed.js\"><\/script>\n\n\n\n<p>Durante sua primeira temporada no Strasbourg, Andrey disputou 11 jogos, marcou um gol e se destacou tanto na cria\u00e7\u00e3o de jogadas quanto na defesa. Seu desempenho lhe rendeu o pr\u00eamio de &#8220;Joia do M\u00eas&#8221; em mar\u00e7o e o t\u00edtulo de melhor jogador do time em uma vota\u00e7\u00e3o interna. Com uma capacidade defensiva s\u00f3lida e boa chegada ao ataque, ele se tornou pe\u00e7a-chave no esquema t\u00e1tico da equipe.<\/p>\n\n\n\n<p>Apesar de ter contrato com o Chelsea at\u00e9 2030, o jovem segue focado em sua evolu\u00e7\u00e3o no futebol europeu. Sua adapta\u00e7\u00e3o \u00e0 Ligue 1 tem sido fundamental para seu crescimento, e seu futuro promete grandes oportunidades, tanto no Strasbourg quanto em poss\u00edveis retornos \u00e0 equipe inglesa.<\/p>\n\n\n\n<p><\/p>\n","protected":false},"excerpt":{"rendered":"<p>Nas \u00faltimas horas, o foco das not\u00edcias sobre o Vasco se concentram nos bastidores do clube, com destaques do dia a dia do time. Por conta deste contexto, leia abaixo um resumo preparado pela equipe do portal G\u00e1vea News para lhe manter muito bem informado! Provoca\u00e7\u00f5es ao rival O cl\u00e1ssico entre Vasco e Fluminense, v\u00e1lido [&hellip;]<\/p>\n","protected":false},"author":27,"featured_media":147443,"comment_status":"open","ping_status":"closed","sticky":false,"template":"","format":"standard","meta":{"footnotes":""},"categories":[152],"tags":[],"class_list":["post-224374","post","type-post","status-publish","format-standard","has-post-thumbnail","hentry","category-vasco"],"yoast_head":"<!-- This site is optimized with the Yoast SEO Premium plugin v24.2 (Yoast SEO v26.9) - https:\/\/yoast.com\/product\/yoast-seo-premium-wordpress\/ -->\n<title>Refer\u00eancia na Europa, contrato assinado e provoca\u00e7\u00f5es ao rival: as \u00faltimas not\u00edcias do Vasco<\/title>\n<meta name=\"robots\" content=\"index, follow, max-snippet:-1, max-image-preview:large, max-video-preview:-1\" \/>\n<link rel=\"canonical\" href=\"https:\/\/www.gaveanews.com\/index.php\/2025\/02\/06\/referencia-na-europa-contrato-assinado-e-provocacoes-ao-rival-as-ultimas-noticias-do-vasco\/\" \/>\n<meta property=\"og:locale\" content=\"pt_BR\" \/>\n<meta property=\"og:type\" content=\"article\" \/>\n<meta property=\"og:title\" content=\"Refer\u00eancia na Europa, contrato assinado e provoca\u00e7\u00f5es ao rival: as \u00faltimas not\u00edcias do Vasco\" \/>\n<meta property=\"og:description\" content=\"Nas \u00faltimas horas, o foco das not\u00edcias sobre o Vasco se concentram nos bastidores do clube, com destaques do dia a dia do time. Por conta deste contexto, leia abaixo um resumo preparado pela equipe do portal G\u00e1vea News para lhe manter muito bem informado! Provoca\u00e7\u00f5es ao rival O cl\u00e1ssico entre Vasco e Fluminense, v\u00e1lido [&hellip;]\" \/>\n<meta property=\"og:url\" content=\"https:\/\/www.gaveanews.com\/index.php\/2025\/02\/06\/referencia-na-europa-contrato-assinado-e-provocacoes-ao-rival-as-ultimas-noticias-do-vasco\/\" \/>\n<meta property=\"og:site_name\" content=\"G\u00e1vea News\" \/>\n<meta property=\"article:publisher\" content=\"https:\/\/facebook.com\/gaveaNews\/\" \/>\n<meta property=\"article:published_time\" content=\"2025-02-06T23:40:00+00:00\" \/>\n<meta property=\"og:image\" content=\"https:\/\/www.gaveanews.com\/wp-content\/uploads\/Camisa-do-Vasco-da-Gama.webp\" \/>\n\t<meta property=\"og:image:width\" content=\"1440\" \/>\n\t<meta property=\"og:image:height\" content=\"960\" \/>\n\t<meta property=\"og:image:type\" content=\"image\/jpeg\" \/>\n<meta name=\"author\" content=\"Matheus Felipe\" \/>\n<meta name=\"twitter:card\" content=\"summary_large_image\" \/>\n<meta name=\"twitter:label1\" content=\"Escrito por\" \/>\n\t<meta name=\"twitter:data1\" content=\"Matheus Felipe\" \/>\n\t<meta name=\"twitter:label2\" content=\"Est. tempo de leitura\" \/>\n\t<meta name=\"twitter:data2\" content=\"4 minutos\" \/>\n<script type=\"application\/ld+json\" class=\"yoast-schema-graph\">{\"@context\":\"https:\/\/schema.org\",\"@graph\":[{\"@type\":\"NewsArticle\",\"@id\":\"https:\/\/www.gaveanews.com\/index.php\/2025\/02\/06\/referencia-na-europa-contrato-assinado-e-provocacoes-ao-rival-as-ultimas-noticias-do-vasco\/#article\",\"isPartOf\":{\"@id\":\"https:\/\/www.gaveanews.com\/index.php\/2025\/02\/06\/referencia-na-europa-contrato-assinado-e-provocacoes-ao-rival-as-ultimas-noticias-do-vasco\/\"},\"author\":{\"name\":\"Matheus Felipe\",\"@id\":\"https:\/\/www.gaveanews.com\/#\/schema\/person\/8207cd4627f56151707418bfc835b2fb\"},\"headline\":\"Refer\u00eancia na Europa, contrato assinado e provoca\u00e7\u00f5es ao rival: as \u00faltimas not\u00edcias do Vasco\",\"datePublished\":\"2025-02-06T23:40:00+00:00\",\"mainEntityOfPage\":{\"@id\":\"https:\/\/www.gaveanews.com\/index.php\/2025\/02\/06\/referencia-na-europa-contrato-assinado-e-provocacoes-ao-rival-as-ultimas-noticias-do-vasco\/\"},\"wordCount\":675,\"commentCount\":0,\"image\":{\"@id\":\"https:\/\/www.gaveanews.com\/index.php\/2025\/02\/06\/referencia-na-europa-contrato-assinado-e-provocacoes-ao-rival-as-ultimas-noticias-do-vasco\/#primaryimage\"},\"thumbnailUrl\":\"https:\/\/www.gaveanews.com\/wp-content\/uploads\/Camisa-do-Vasco-da-Gama.webp\",\"articleSection\":[\"Vasco\"],\"inLanguage\":\"pt-BR\",\"potentialAction\":[{\"@type\":\"CommentAction\",\"name\":\"Comment\",\"target\":[\"https:\/\/www.gaveanews.com\/index.php\/2025\/02\/06\/referencia-na-europa-contrato-assinado-e-provocacoes-ao-rival-as-ultimas-noticias-do-vasco\/#respond\"]}],\"copyrightYear\":\"2025\",\"copyrightHolder\":{\"@id\":\"https:\/\/www.gaveanews.com\/#organization\"}},{\"@type\":\"WebPage\",\"@id\":\"https:\/\/www.gaveanews.com\/index.php\/2025\/02\/06\/referencia-na-europa-contrato-assinado-e-provocacoes-ao-rival-as-ultimas-noticias-do-vasco\/\",\"url\":\"https:\/\/www.gaveanews.com\/index.php\/2025\/02\/06\/referencia-na-europa-contrato-assinado-e-provocacoes-ao-rival-as-ultimas-noticias-do-vasco\/\",\"name\":\"Refer\u00eancia na Europa, contrato assinado e provoca\u00e7\u00f5es ao rival: as \u00faltimas not\u00edcias do Vasco\",\"isPartOf\":{\"@id\":\"https:\/\/www.gaveanews.com\/#website\"},\"primaryImageOfPage\":{\"@id\":\"https:\/\/www.gaveanews.com\/index.php\/2025\/02\/06\/referencia-na-europa-contrato-assinado-e-provocacoes-ao-rival-as-ultimas-noticias-do-vasco\/#primaryimage\"},\"image\":{\"@id\":\"https:\/\/www.gaveanews.com\/index.php\/2025\/02\/06\/referencia-na-europa-contrato-assinado-e-provocacoes-ao-rival-as-ultimas-noticias-do-vasco\/#primaryimage\"},\"thumbnailUrl\":\"https:\/\/www.gaveanews.com\/wp-content\/uploads\/Camisa-do-Vasco-da-Gama.webp\",\"datePublished\":\"2025-02-06T23:40:00+00:00\",\"author\":{\"@id\":\"https:\/\/www.gaveanews.com\/#\/schema\/person\/8207cd4627f56151707418bfc835b2fb\"},\"breadcrumb\":{\"@id\":\"https:\/\/www.gaveanews.com\/index.php\/2025\/02\/06\/referencia-na-europa-contrato-assinado-e-provocacoes-ao-rival-as-ultimas-noticias-do-vasco\/#breadcrumb\"},\"inLanguage\":\"pt-BR\",\"potentialAction\":[{\"@type\":\"ReadAction\",\"target\":[\"https:\/\/www.gaveanews.com\/index.php\/2025\/02\/06\/referencia-na-europa-contrato-assinado-e-provocacoes-ao-rival-as-ultimas-noticias-do-vasco\/\"]}]},{\"@type\":\"ImageObject\",\"inLanguage\":\"pt-BR\",\"@id\":\"https:\/\/www.gaveanews.com\/index.php\/2025\/02\/06\/referencia-na-europa-contrato-assinado-e-provocacoes-ao-rival-as-ultimas-noticias-do-vasco\/#primaryimage\",\"url\":\"https:\/\/www.gaveanews.com\/wp-content\/uploads\/Camisa-do-Vasco-da-Gama.webp\",\"contentUrl\":\"https:\/\/www.gaveanews.com\/wp-content\/uploads\/Camisa-do-Vasco-da-Gama.webp\",\"width\":1440,\"height\":960,\"caption\":\"Camisa do Vasco da Gama (Foto: Reprodu\u00e7\u00e3o\/Instagram)\"},{\"@type\":\"BreadcrumbList\",\"@id\":\"https:\/\/www.gaveanews.com\/index.php\/2025\/02\/06\/referencia-na-europa-contrato-assinado-e-provocacoes-ao-rival-as-ultimas-noticias-do-vasco\/#breadcrumb\",\"itemListElement\":[{\"@type\":\"ListItem\",\"position\":1,\"name\":\"Home\",\"item\":\"https:\/\/www.gaveanews.com\/\"},{\"@type\":\"ListItem\",\"position\":2,\"name\":\"Refer\u00eancia na Europa, contrato assinado e provoca\u00e7\u00f5es ao rival: as \u00faltimas not\u00edcias do Vasco\"}]},{\"@type\":\"WebSite\",\"@id\":\"https:\/\/www.gaveanews.com\/#website\",\"url\":\"https:\/\/www.gaveanews.com\/\",\"name\":\"G\u00e1vea News\",\"description\":\"Veja todas as not\u00edcias sobre o Flamengo: Contrata\u00e7\u00f5es, categorias de base, resultados das partidas, tabela de classifica\u00e7\u00e3o, pr\u00f3ximos jogos!\",\"potentialAction\":[{\"@type\":\"SearchAction\",\"target\":{\"@type\":\"EntryPoint\",\"urlTemplate\":\"https:\/\/www.gaveanews.com\/?s={search_term_string}\"},\"query-input\":{\"@type\":\"PropertyValueSpecification\",\"valueRequired\":true,\"valueName\":\"search_term_string\"}}],\"inLanguage\":\"pt-BR\"},{\"@type\":\"Person\",\"@id\":\"https:\/\/www.gaveanews.com\/#\/schema\/person\/8207cd4627f56151707418bfc835b2fb\",\"name\":\"Matheus Felipe\",\"image\":{\"@type\":\"ImageObject\",\"inLanguage\":\"pt-BR\",\"@id\":\"https:\/\/www.gaveanews.com\/#\/schema\/person\/image\/\",\"url\":\"https:\/\/secure.gravatar.com\/avatar\/a452ffbed9130f726358b298bb3a99ce4bd3c5338411f8440e87e14d74c7c087?s=96&d=mm&r=g\",\"contentUrl\":\"https:\/\/secure.gravatar.com\/avatar\/a452ffbed9130f726358b298bb3a99ce4bd3c5338411f8440e87e14d74c7c087?s=96&d=mm&r=g\",\"caption\":\"Matheus Felipe\"}}]}<\/script>\n<!-- \/ Yoast SEO Premium plugin. -->","yoast_head_json":{"title":"Refer\u00eancia na Europa, contrato assinado e provoca\u00e7\u00f5es ao rival: as \u00faltimas not\u00edcias do Vasco","robots":{"index":"index","follow":"follow","max-snippet":"max-snippet:-1","max-image-preview":"max-image-preview:large","max-video-preview":"max-video-preview:-1"},"canonical":"https:\/\/www.gaveanews.com\/index.php\/2025\/02\/06\/referencia-na-europa-contrato-assinado-e-provocacoes-ao-rival-as-ultimas-noticias-do-vasco\/","og_locale":"pt_BR","og_type":"article","og_title":"Refer\u00eancia na Europa, contrato assinado e provoca\u00e7\u00f5es ao rival: as \u00faltimas not\u00edcias do Vasco","og_description":"Nas \u00faltimas horas, o foco das not\u00edcias sobre o Vasco se concentram nos bastidores do clube, com destaques do dia a dia do time. Por conta deste contexto, leia abaixo um resumo preparado pela equipe do portal G\u00e1vea News para lhe manter muito bem informado! Provoca\u00e7\u00f5es ao rival O cl\u00e1ssico entre Vasco e Fluminense, v\u00e1lido [&hellip;]","og_url":"https:\/\/www.gaveanews.com\/index.php\/2025\/02\/06\/referencia-na-europa-contrato-assinado-e-provocacoes-ao-rival-as-ultimas-noticias-do-vasco\/","og_site_name":"G\u00e1vea News","article_publisher":"https:\/\/facebook.com\/gaveaNews\/","article_published_time":"2025-02-06T23:40:00+00:00","og_image":[{"width":1440,"height":960,"url":"https:\/\/www.gaveanews.com\/wp-content\/uploads\/Camisa-do-Vasco-da-Gama.webp","type":"image\/jpeg"}],"author":"Matheus Felipe","twitter_card":"summary_large_image","twitter_misc":{"Escrito por":"Matheus Felipe","Est. tempo de leitura":"4 minutos"},"schema":{"@context":"https:\/\/schema.org","@graph":[{"@type":"NewsArticle","@id":"https:\/\/www.gaveanews.com\/index.php\/2025\/02\/06\/referencia-na-europa-contrato-assinado-e-provocacoes-ao-rival-as-ultimas-noticias-do-vasco\/#article","isPartOf":{"@id":"https:\/\/www.gaveanews.com\/index.php\/2025\/02\/06\/referencia-na-europa-contrato-assinado-e-provocacoes-ao-rival-as-ultimas-noticias-do-vasco\/"},"author":{"name":"Matheus Felipe","@id":"https:\/\/www.gaveanews.com\/#\/schema\/person\/8207cd4627f56151707418bfc835b2fb"},"headline":"Refer\u00eancia na Europa, contrato assinado e provoca\u00e7\u00f5es ao rival: as \u00faltimas not\u00edcias do Vasco","datePublished":"2025-02-06T23:40:00+00:00","mainEntityOfPage":{"@id":"https:\/\/www.gaveanews.com\/index.php\/2025\/02\/06\/referencia-na-europa-contrato-assinado-e-provocacoes-ao-rival-as-ultimas-noticias-do-vasco\/"},"wordCount":675,"commentCount":0,"image":{"@id":"https:\/\/www.gaveanews.com\/index.php\/2025\/02\/06\/referencia-na-europa-contrato-assinado-e-provocacoes-ao-rival-as-ultimas-noticias-do-vasco\/#primaryimage"},"thumbnailUrl":"https:\/\/www.gaveanews.com\/wp-content\/uploads\/Camisa-do-Vasco-da-Gama.webp","articleSection":["Vasco"],"inLanguage":"pt-BR","potentialAction":[{"@type":"CommentAction","name":"Comment","target":["https:\/\/www.gaveanews.com\/index.php\/2025\/02\/06\/referencia-na-europa-contrato-assinado-e-provocacoes-ao-rival-as-ultimas-noticias-do-vasco\/#respond"]}],"copyrightYear":"2025","copyrightHolder":{"@id":"https:\/\/www.gaveanews.com\/#organization"}},{"@type":"WebPage","@id":"https:\/\/www.gaveanews.com\/index.php\/2025\/02\/06\/referencia-na-europa-contrato-assinado-e-provocacoes-ao-rival-as-ultimas-noticias-do-vasco\/","url":"https:\/\/www.gaveanews.com\/index.php\/2025\/02\/06\/referencia-na-europa-contrato-assinado-e-provocacoes-ao-rival-as-ultimas-noticias-do-vasco\/","name":"Refer\u00eancia na Europa, contrato assinado e provoca\u00e7\u00f5es ao rival: as \u00faltimas not\u00edcias do Vasco","isPartOf":{"@id":"https:\/\/www.gaveanews.com\/#website"},"primaryImageOfPage":{"@id":"https:\/\/www.gaveanews.com\/index.php\/2025\/02\/06\/referencia-na-europa-contrato-assinado-e-provocacoes-ao-rival-as-ultimas-noticias-do-vasco\/#primaryimage"},"image":{"@id":"https:\/\/www.gaveanews.com\/index.php\/2025\/02\/06\/referencia-na-europa-contrato-assinado-e-provocacoes-ao-rival-as-ultimas-noticias-do-vasco\/#primaryimage"},"thumbnailUrl":"https:\/\/www.gaveanews.com\/wp-content\/uploads\/Camisa-do-Vasco-da-Gama.webp","datePublished":"2025-02-06T23:40:00+00:00","author":{"@id":"https:\/\/www.gaveanews.com\/#\/schema\/person\/8207cd4627f56151707418bfc835b2fb"},"breadcrumb":{"@id":"https:\/\/www.gaveanews.com\/index.php\/2025\/02\/06\/referencia-na-europa-contrato-assinado-e-provocacoes-ao-rival-as-ultimas-noticias-do-vasco\/#breadcrumb"},"inLanguage":"pt-BR","potentialAction":[{"@type":"ReadAction","target":["https:\/\/www.gaveanews.com\/index.php\/2025\/02\/06\/referencia-na-europa-contrato-assinado-e-provocacoes-ao-rival-as-ultimas-noticias-do-vasco\/"]}]},{"@type":"ImageObject","inLanguage":"pt-BR","@id":"https:\/\/www.gaveanews.com\/index.php\/2025\/02\/06\/referencia-na-europa-contrato-assinado-e-provocacoes-ao-rival-as-ultimas-noticias-do-vasco\/#primaryimage","url":"https:\/\/www.gaveanews.com\/wp-content\/uploads\/Camisa-do-Vasco-da-Gama.webp","contentUrl":"https:\/\/www.gaveanews.com\/wp-content\/uploads\/Camisa-do-Vasco-da-Gama.webp","width":1440,"height":960,"caption":"Camisa do Vasco da Gama (Foto: Reprodu\u00e7\u00e3o\/Instagram)"},{"@type":"BreadcrumbList","@id":"https:\/\/www.gaveanews.com\/index.php\/2025\/02\/06\/referencia-na-europa-contrato-assinado-e-provocacoes-ao-rival-as-ultimas-noticias-do-vasco\/#breadcrumb","itemListElement":[{"@type":"ListItem","position":1,"name":"Home","item":"https:\/\/www.gaveanews.com\/"},{"@type":"ListItem","position":2,"name":"Refer\u00eancia na Europa, contrato assinado e provoca\u00e7\u00f5es ao rival: as \u00faltimas not\u00edcias do Vasco"}]},{"@type":"WebSite","@id":"https:\/\/www.gaveanews.com\/#website","url":"https:\/\/www.gaveanews.com\/","name":"G\u00e1vea News","description":"Veja todas as not\u00edcias sobre o Flamengo: Contrata\u00e7\u00f5es, categorias de base, resultados das partidas, tabela de classifica\u00e7\u00e3o, pr\u00f3ximos jogos!","potentialAction":[{"@type":"SearchAction","target":{"@type":"EntryPoint","urlTemplate":"https:\/\/www.gaveanews.com\/?s={search_term_string}"},"query-input":{"@type":"PropertyValueSpecification","valueRequired":true,"valueName":"search_term_string"}}],"inLanguage":"pt-BR"},{"@type":"Person","@id":"https:\/\/www.gaveanews.com\/#\/schema\/person\/8207cd4627f56151707418bfc835b2fb","name":"Matheus Felipe","image":{"@type":"ImageObject","inLanguage":"pt-BR","@id":"https:\/\/www.gaveanews.com\/#\/schema\/person\/image\/","url":"https:\/\/secure.gravatar.com\/avatar\/a452ffbed9130f726358b298bb3a99ce4bd3c5338411f8440e87e14d74c7c087?s=96&d=mm&r=g","contentUrl":"https:\/\/secure.gravatar.com\/avatar\/a452ffbed9130f726358b298bb3a99ce4bd3c5338411f8440e87e14d74c7c087?s=96&d=mm&r=g","caption":"Matheus Felipe"}}]}},"_links":{"self":[{"href":"https:\/\/www.gaveanews.com\/index.php\/wp-json\/wp\/v2\/posts\/224374","targetHints":{"allow":["GET"]}}],"collection":[{"href":"https:\/\/www.gaveanews.com\/index.php\/wp-json\/wp\/v2\/posts"}],"about":[{"href":"https:\/\/www.gaveanews.com\/index.php\/wp-json\/wp\/v2\/types\/post"}],"author":[{"embeddable":true,"href":"https:\/\/www.gaveanews.com\/index.php\/wp-json\/wp\/v2\/users\/27"}],"replies":[{"embeddable":true,"href":"https:\/\/www.gaveanews.com\/index.php\/wp-json\/wp\/v2\/comments?post=224374"}],"version-history":[{"count":1,"href":"https:\/\/www.gaveanews.com\/index.php\/wp-json\/wp\/v2\/posts\/224374\/revisions"}],"predecessor-version":[{"id":224381,"href":"https:\/\/www.gaveanews.com\/index.php\/wp-json\/wp\/v2\/posts\/224374\/revisions\/224381"}],"wp:featuredmedia":[{"embeddable":true,"href":"https:\/\/www.gaveanews.com\/index.php\/wp-json\/wp\/v2\/media\/147443"}],"wp:attachment":[{"href":"https:\/\/www.gaveanews.com\/index.php\/wp-json\/wp\/v2\/media?parent=224374"}],"wp:term":[{"taxonomy":"category","embeddable":true,"href":"https:\/\/www.gaveanews.com\/index.php\/wp-json\/wp\/v2\/categories?post=224374"},{"taxonomy":"post_tag","embeddable":true,"href":"https:\/\/www.gaveanews.com\/index.php\/wp-json\/wp\/v2\/tags?post=224374"}],"curies":[{"name":"wp","href":"https:\/\/api.w.org\/{rel}","templated":true}]}}