{"id":224377,"date":"2025-02-07T00:20:00","date_gmt":"2025-02-07T03:20:00","guid":{"rendered":"https:\/\/www.gaveanews.com\/?p=224377"},"modified":"2025-02-06T23:25:08","modified_gmt":"2025-02-07T02:25:08","slug":"fabio-sormani-detona-novo-reforco-do-santos-precisa","status":"publish","type":"post","link":"https:\/\/www.gaveanews.com\/index.php\/2025\/02\/07\/fabio-sormani-detona-novo-reforco-do-santos-precisa\/","title":{"rendered":"F\u00e1bio Sormani detona novo refor\u00e7o do Santos: &#8220;precisa?&#8221;"},"content":{"rendered":"\n<p>O jornalista F\u00e1bio Sormani criticou a decis\u00e3o do Santos de repatriar Deivid Washington. O jovem atacante de 19 anos, que pertence ao Chelsea, voltar\u00e1 ao Peixe por empr\u00e9stimo para a temporada de 2025. Na vis\u00e3o do comentarista, a equipe deveria priorizar outras posi\u00e7\u00f5es carentes no elenco, como a defesa.<\/p>\n\n\n\n<p>&#8216;Vai trazer o Deivid Washington? Ah, Sormani, joga junto com Tiquinho. \u00c9 conversa, nunca vi o Deivid jogando aberto. Voc\u00ea tem jogadores para essa posi\u00e7\u00e3o, voc\u00ea vai abrir ele (para a ponta) pra qu\u00ea? Voc\u00ea tem o Soteldo, o Gabriel Veron, o Bontempo, Guilherme\u2026 Por que n\u00e3o foca onde precisa? O Santos \u00e9 muito carente de zagueiro&#8217;, afirmou Sormani no programa &#8220;Opini\u00e3o Placar&#8221;.<\/p>\n\n\n\n<p>Deivid Washington atua como centroavante e deve disputar espa\u00e7o com Tiquinho Soares, rec\u00e9m-contratado pelo Santos. Embora possa jogar pelos lados do campo, essa n\u00e3o \u00e9 sua caracter\u00edstica principal. J\u00e1 Tiquinho, que chegou ao clube ap\u00f3s passagem pelo Botafogo, rapidamente conquistou os torcedores com boas atua\u00e7\u00f5es.<\/p>\n\n\n\n<p>Sormani n\u00e3o poupou elogios ao desempenho do novo camisa 9 do Peixe: &#8216;O que o Tiquinho joga \u00e9 uma barbaridade. Se ele jogar sempre assim\u2026 O Facincani falava toda hora para o Palmeiras ir atr\u00e1s dele. Sabe quanto o Santos pagou? 3 milh\u00f5es de euros. Ele tem 34 anos, \u00e9 verdade, mas se cuida&#8217;. O atacante marcou seu primeiro gol pelo clube na vit\u00f3ria contra o Botafogo-SP, pela s\u00e9tima rodada do Campeonato Paulista.<\/p>\n\n\n\n<p>O Santos segue ativo no mercado da bola em busca de refor\u00e7os para o t\u00e9cnico Pedro Caixinha. At\u00e9 o momento, o clube j\u00e1 anunciou oito jogadores para a temporada: L\u00e9o Godoy, Z\u00e9 Ivaldo, Luis\u00e3o, Thaciano, Neymar, Gabriel Veron, \u00c1lvaro Barreal e Tiquinho Soares.<\/p>\n\n\n\n<p>Com um elenco reformulado, o Peixe tenta montar um time competitivo para brigar por t\u00edtulos em 2025. A torcida aguarda ansiosa para ver como as novas pe\u00e7as v\u00e3o se encaixar e se o time corresponder\u00e1 \u00e0s expectativas.<\/p>\n","protected":false},"excerpt":{"rendered":"<p>O jornalista F\u00e1bio Sormani criticou a decis\u00e3o do Santos de repatriar Deivid Washington. O jovem atacante de 19 anos, que pertence ao Chelsea, voltar\u00e1 ao Peixe por empr\u00e9stimo para a temporada de 2025. Na vis\u00e3o do comentarista, a equipe deveria priorizar outras posi\u00e7\u00f5es carentes no elenco, como a defesa. &#8216;Vai trazer o Deivid Washington? Ah, [&hellip;]<\/p>\n","protected":false},"author":23,"featured_media":52970,"comment_status":"open","ping_status":"closed","sticky":false,"template":"","format":"standard","meta":{"footnotes":""},"categories":[139],"tags":[],"class_list":["post-224377","post","type-post","status-publish","format-standard","has-post-thumbnail","hentry","category-santos"],"yoast_head":"<!-- This site is optimized with the Yoast SEO Premium plugin v24.2 (Yoast SEO v26.9) - https:\/\/yoast.com\/product\/yoast-seo-premium-wordpress\/ -->\n<title>F\u00e1bio Sormani detona novo refor\u00e7o do Santos: &quot;precisa?&quot;<\/title>\n<meta name=\"robots\" content=\"index, follow, max-snippet:-1, max-image-preview:large, max-video-preview:-1\" \/>\n<link rel=\"canonical\" href=\"https:\/\/www.gaveanews.com\/index.php\/2025\/02\/07\/fabio-sormani-detona-novo-reforco-do-santos-precisa\/\" \/>\n<meta property=\"og:locale\" content=\"pt_BR\" \/>\n<meta property=\"og:type\" content=\"article\" \/>\n<meta property=\"og:title\" content=\"F\u00e1bio Sormani detona novo refor\u00e7o do Santos: &quot;precisa?&quot;\" \/>\n<meta property=\"og:description\" content=\"O jornalista F\u00e1bio Sormani criticou a decis\u00e3o do Santos de repatriar Deivid Washington. O jovem atacante de 19 anos, que pertence ao Chelsea, voltar\u00e1 ao Peixe por empr\u00e9stimo para a temporada de 2025. Na vis\u00e3o do comentarista, a equipe deveria priorizar outras posi\u00e7\u00f5es carentes no elenco, como a defesa. &#8216;Vai trazer o Deivid Washington? Ah, [&hellip;]\" \/>\n<meta property=\"og:url\" content=\"https:\/\/www.gaveanews.com\/index.php\/2025\/02\/07\/fabio-sormani-detona-novo-reforco-do-santos-precisa\/\" \/>\n<meta property=\"og:site_name\" content=\"G\u00e1vea News\" \/>\n<meta property=\"article:publisher\" content=\"https:\/\/facebook.com\/gaveaNews\/\" \/>\n<meta property=\"article:published_time\" content=\"2025-02-07T03:20:00+00:00\" \/>\n<meta property=\"og:image\" content=\"https:\/\/www.gaveanews.com\/wp-content\/uploads\/Sormani-durante-um-programa-da-emissora-Fox-Sports.webp\" \/>\n\t<meta property=\"og:image:width\" content=\"650\" \/>\n\t<meta property=\"og:image:height\" content=\"325\" \/>\n\t<meta property=\"og:image:type\" content=\"image\/jpeg\" \/>\n<meta name=\"author\" content=\"Leandro Azevedo\" \/>\n<meta name=\"twitter:card\" content=\"summary_large_image\" \/>\n<meta name=\"twitter:label1\" content=\"Escrito por\" \/>\n\t<meta name=\"twitter:data1\" content=\"Leandro Azevedo\" \/>\n\t<meta name=\"twitter:label2\" content=\"Est. tempo de leitura\" \/>\n\t<meta name=\"twitter:data2\" content=\"2 minutos\" \/>\n<script type=\"application\/ld+json\" class=\"yoast-schema-graph\">{\"@context\":\"https:\/\/schema.org\",\"@graph\":[{\"@type\":\"NewsArticle\",\"@id\":\"https:\/\/www.gaveanews.com\/index.php\/2025\/02\/07\/fabio-sormani-detona-novo-reforco-do-santos-precisa\/#article\",\"isPartOf\":{\"@id\":\"https:\/\/www.gaveanews.com\/index.php\/2025\/02\/07\/fabio-sormani-detona-novo-reforco-do-santos-precisa\/\"},\"author\":{\"name\":\"Leandro Azevedo\",\"@id\":\"https:\/\/www.gaveanews.com\/#\/schema\/person\/2877169f354c4596cf5aab74ea7c56a8\"},\"headline\":\"F\u00e1bio Sormani detona novo refor\u00e7o do Santos: &#8220;precisa?&#8221;\",\"datePublished\":\"2025-02-07T03:20:00+00:00\",\"mainEntityOfPage\":{\"@id\":\"https:\/\/www.gaveanews.com\/index.php\/2025\/02\/07\/fabio-sormani-detona-novo-reforco-do-santos-precisa\/\"},\"wordCount\":335,\"commentCount\":0,\"image\":{\"@id\":\"https:\/\/www.gaveanews.com\/index.php\/2025\/02\/07\/fabio-sormani-detona-novo-reforco-do-santos-precisa\/#primaryimage\"},\"thumbnailUrl\":\"https:\/\/www.gaveanews.com\/wp-content\/uploads\/Sormani-durante-um-programa-da-emissora-Fox-Sports.webp\",\"articleSection\":[\"Santos\"],\"inLanguage\":\"pt-BR\",\"potentialAction\":[{\"@type\":\"CommentAction\",\"name\":\"Comment\",\"target\":[\"https:\/\/www.gaveanews.com\/index.php\/2025\/02\/07\/fabio-sormani-detona-novo-reforco-do-santos-precisa\/#respond\"]}],\"copyrightYear\":\"2025\",\"copyrightHolder\":{\"@id\":\"https:\/\/www.gaveanews.com\/#organization\"}},{\"@type\":\"WebPage\",\"@id\":\"https:\/\/www.gaveanews.com\/index.php\/2025\/02\/07\/fabio-sormani-detona-novo-reforco-do-santos-precisa\/\",\"url\":\"https:\/\/www.gaveanews.com\/index.php\/2025\/02\/07\/fabio-sormani-detona-novo-reforco-do-santos-precisa\/\",\"name\":\"F\u00e1bio Sormani detona novo refor\u00e7o do Santos: \\\"precisa?\\\"\",\"isPartOf\":{\"@id\":\"https:\/\/www.gaveanews.com\/#website\"},\"primaryImageOfPage\":{\"@id\":\"https:\/\/www.gaveanews.com\/index.php\/2025\/02\/07\/fabio-sormani-detona-novo-reforco-do-santos-precisa\/#primaryimage\"},\"image\":{\"@id\":\"https:\/\/www.gaveanews.com\/index.php\/2025\/02\/07\/fabio-sormani-detona-novo-reforco-do-santos-precisa\/#primaryimage\"},\"thumbnailUrl\":\"https:\/\/www.gaveanews.com\/wp-content\/uploads\/Sormani-durante-um-programa-da-emissora-Fox-Sports.webp\",\"datePublished\":\"2025-02-07T03:20:00+00:00\",\"author\":{\"@id\":\"https:\/\/www.gaveanews.com\/#\/schema\/person\/2877169f354c4596cf5aab74ea7c56a8\"},\"breadcrumb\":{\"@id\":\"https:\/\/www.gaveanews.com\/index.php\/2025\/02\/07\/fabio-sormani-detona-novo-reforco-do-santos-precisa\/#breadcrumb\"},\"inLanguage\":\"pt-BR\",\"potentialAction\":[{\"@type\":\"ReadAction\",\"target\":[\"https:\/\/www.gaveanews.com\/index.php\/2025\/02\/07\/fabio-sormani-detona-novo-reforco-do-santos-precisa\/\"]}]},{\"@type\":\"ImageObject\",\"inLanguage\":\"pt-BR\",\"@id\":\"https:\/\/www.gaveanews.com\/index.php\/2025\/02\/07\/fabio-sormani-detona-novo-reforco-do-santos-precisa\/#primaryimage\",\"url\":\"https:\/\/www.gaveanews.com\/wp-content\/uploads\/Sormani-durante-um-programa-da-emissora-Fox-Sports.webp\",\"contentUrl\":\"https:\/\/www.gaveanews.com\/wp-content\/uploads\/Sormani-durante-um-programa-da-emissora-Fox-Sports.webp\",\"width\":650,\"height\":325,\"caption\":\"Sormani durante um programa da emissora Fox Sports (Foto: Reprodu\u00e7\u00e3o)\"},{\"@type\":\"BreadcrumbList\",\"@id\":\"https:\/\/www.gaveanews.com\/index.php\/2025\/02\/07\/fabio-sormani-detona-novo-reforco-do-santos-precisa\/#breadcrumb\",\"itemListElement\":[{\"@type\":\"ListItem\",\"position\":1,\"name\":\"Home\",\"item\":\"https:\/\/www.gaveanews.com\/\"},{\"@type\":\"ListItem\",\"position\":2,\"name\":\"F\u00e1bio Sormani detona novo refor\u00e7o do Santos: &#8220;precisa?&#8221;\"}]},{\"@type\":\"WebSite\",\"@id\":\"https:\/\/www.gaveanews.com\/#website\",\"url\":\"https:\/\/www.gaveanews.com\/\",\"name\":\"G\u00e1vea News\",\"description\":\"Veja todas as not\u00edcias sobre o Flamengo: Contrata\u00e7\u00f5es, categorias de base, resultados das partidas, tabela de classifica\u00e7\u00e3o, pr\u00f3ximos jogos!\",\"potentialAction\":[{\"@type\":\"SearchAction\",\"target\":{\"@type\":\"EntryPoint\",\"urlTemplate\":\"https:\/\/www.gaveanews.com\/?s={search_term_string}\"},\"query-input\":{\"@type\":\"PropertyValueSpecification\",\"valueRequired\":true,\"valueName\":\"search_term_string\"}}],\"inLanguage\":\"pt-BR\"},{\"@type\":\"Person\",\"@id\":\"https:\/\/www.gaveanews.com\/#\/schema\/person\/2877169f354c4596cf5aab74ea7c56a8\",\"name\":\"Leandro Azevedo\",\"image\":{\"@type\":\"ImageObject\",\"inLanguage\":\"pt-BR\",\"@id\":\"https:\/\/www.gaveanews.com\/#\/schema\/person\/image\/\",\"url\":\"https:\/\/secure.gravatar.com\/avatar\/e2f72eb6d986a41d592a85e4e36a6c6170e9ea8a1f433dfc29d0011a8968f89c?s=96&d=mm&r=g\",\"contentUrl\":\"https:\/\/secure.gravatar.com\/avatar\/e2f72eb6d986a41d592a85e4e36a6c6170e9ea8a1f433dfc29d0011a8968f89c?s=96&d=mm&r=g\",\"caption\":\"Leandro Azevedo\"}}]}<\/script>\n<!-- \/ Yoast SEO Premium plugin. -->","yoast_head_json":{"title":"F\u00e1bio Sormani detona novo refor\u00e7o do Santos: \"precisa?\"","robots":{"index":"index","follow":"follow","max-snippet":"max-snippet:-1","max-image-preview":"max-image-preview:large","max-video-preview":"max-video-preview:-1"},"canonical":"https:\/\/www.gaveanews.com\/index.php\/2025\/02\/07\/fabio-sormani-detona-novo-reforco-do-santos-precisa\/","og_locale":"pt_BR","og_type":"article","og_title":"F\u00e1bio Sormani detona novo refor\u00e7o do Santos: \"precisa?\"","og_description":"O jornalista F\u00e1bio Sormani criticou a decis\u00e3o do Santos de repatriar Deivid Washington. O jovem atacante de 19 anos, que pertence ao Chelsea, voltar\u00e1 ao Peixe por empr\u00e9stimo para a temporada de 2025. Na vis\u00e3o do comentarista, a equipe deveria priorizar outras posi\u00e7\u00f5es carentes no elenco, como a defesa. &#8216;Vai trazer o Deivid Washington? Ah, [&hellip;]","og_url":"https:\/\/www.gaveanews.com\/index.php\/2025\/02\/07\/fabio-sormani-detona-novo-reforco-do-santos-precisa\/","og_site_name":"G\u00e1vea News","article_publisher":"https:\/\/facebook.com\/gaveaNews\/","article_published_time":"2025-02-07T03:20:00+00:00","og_image":[{"width":650,"height":325,"url":"https:\/\/www.gaveanews.com\/wp-content\/uploads\/Sormani-durante-um-programa-da-emissora-Fox-Sports.webp","type":"image\/jpeg"}],"author":"Leandro Azevedo","twitter_card":"summary_large_image","twitter_misc":{"Escrito por":"Leandro Azevedo","Est. tempo de leitura":"2 minutos"},"schema":{"@context":"https:\/\/schema.org","@graph":[{"@type":"NewsArticle","@id":"https:\/\/www.gaveanews.com\/index.php\/2025\/02\/07\/fabio-sormani-detona-novo-reforco-do-santos-precisa\/#article","isPartOf":{"@id":"https:\/\/www.gaveanews.com\/index.php\/2025\/02\/07\/fabio-sormani-detona-novo-reforco-do-santos-precisa\/"},"author":{"name":"Leandro Azevedo","@id":"https:\/\/www.gaveanews.com\/#\/schema\/person\/2877169f354c4596cf5aab74ea7c56a8"},"headline":"F\u00e1bio Sormani detona novo refor\u00e7o do Santos: &#8220;precisa?&#8221;","datePublished":"2025-02-07T03:20:00+00:00","mainEntityOfPage":{"@id":"https:\/\/www.gaveanews.com\/index.php\/2025\/02\/07\/fabio-sormani-detona-novo-reforco-do-santos-precisa\/"},"wordCount":335,"commentCount":0,"image":{"@id":"https:\/\/www.gaveanews.com\/index.php\/2025\/02\/07\/fabio-sormani-detona-novo-reforco-do-santos-precisa\/#primaryimage"},"thumbnailUrl":"https:\/\/www.gaveanews.com\/wp-content\/uploads\/Sormani-durante-um-programa-da-emissora-Fox-Sports.webp","articleSection":["Santos"],"inLanguage":"pt-BR","potentialAction":[{"@type":"CommentAction","name":"Comment","target":["https:\/\/www.gaveanews.com\/index.php\/2025\/02\/07\/fabio-sormani-detona-novo-reforco-do-santos-precisa\/#respond"]}],"copyrightYear":"2025","copyrightHolder":{"@id":"https:\/\/www.gaveanews.com\/#organization"}},{"@type":"WebPage","@id":"https:\/\/www.gaveanews.com\/index.php\/2025\/02\/07\/fabio-sormani-detona-novo-reforco-do-santos-precisa\/","url":"https:\/\/www.gaveanews.com\/index.php\/2025\/02\/07\/fabio-sormani-detona-novo-reforco-do-santos-precisa\/","name":"F\u00e1bio Sormani detona novo refor\u00e7o do Santos: \"precisa?\"","isPartOf":{"@id":"https:\/\/www.gaveanews.com\/#website"},"primaryImageOfPage":{"@id":"https:\/\/www.gaveanews.com\/index.php\/2025\/02\/07\/fabio-sormani-detona-novo-reforco-do-santos-precisa\/#primaryimage"},"image":{"@id":"https:\/\/www.gaveanews.com\/index.php\/2025\/02\/07\/fabio-sormani-detona-novo-reforco-do-santos-precisa\/#primaryimage"},"thumbnailUrl":"https:\/\/www.gaveanews.com\/wp-content\/uploads\/Sormani-durante-um-programa-da-emissora-Fox-Sports.webp","datePublished":"2025-02-07T03:20:00+00:00","author":{"@id":"https:\/\/www.gaveanews.com\/#\/schema\/person\/2877169f354c4596cf5aab74ea7c56a8"},"breadcrumb":{"@id":"https:\/\/www.gaveanews.com\/index.php\/2025\/02\/07\/fabio-sormani-detona-novo-reforco-do-santos-precisa\/#breadcrumb"},"inLanguage":"pt-BR","potentialAction":[{"@type":"ReadAction","target":["https:\/\/www.gaveanews.com\/index.php\/2025\/02\/07\/fabio-sormani-detona-novo-reforco-do-santos-precisa\/"]}]},{"@type":"ImageObject","inLanguage":"pt-BR","@id":"https:\/\/www.gaveanews.com\/index.php\/2025\/02\/07\/fabio-sormani-detona-novo-reforco-do-santos-precisa\/#primaryimage","url":"https:\/\/www.gaveanews.com\/wp-content\/uploads\/Sormani-durante-um-programa-da-emissora-Fox-Sports.webp","contentUrl":"https:\/\/www.gaveanews.com\/wp-content\/uploads\/Sormani-durante-um-programa-da-emissora-Fox-Sports.webp","width":650,"height":325,"caption":"Sormani durante um programa da emissora Fox Sports (Foto: Reprodu\u00e7\u00e3o)"},{"@type":"BreadcrumbList","@id":"https:\/\/www.gaveanews.com\/index.php\/2025\/02\/07\/fabio-sormani-detona-novo-reforco-do-santos-precisa\/#breadcrumb","itemListElement":[{"@type":"ListItem","position":1,"name":"Home","item":"https:\/\/www.gaveanews.com\/"},{"@type":"ListItem","position":2,"name":"F\u00e1bio Sormani detona novo refor\u00e7o do Santos: &#8220;precisa?&#8221;"}]},{"@type":"WebSite","@id":"https:\/\/www.gaveanews.com\/#website","url":"https:\/\/www.gaveanews.com\/","name":"G\u00e1vea News","description":"Veja todas as not\u00edcias sobre o Flamengo: Contrata\u00e7\u00f5es, categorias de base, resultados das partidas, tabela de classifica\u00e7\u00e3o, pr\u00f3ximos jogos!","potentialAction":[{"@type":"SearchAction","target":{"@type":"EntryPoint","urlTemplate":"https:\/\/www.gaveanews.com\/?s={search_term_string}"},"query-input":{"@type":"PropertyValueSpecification","valueRequired":true,"valueName":"search_term_string"}}],"inLanguage":"pt-BR"},{"@type":"Person","@id":"https:\/\/www.gaveanews.com\/#\/schema\/person\/2877169f354c4596cf5aab74ea7c56a8","name":"Leandro Azevedo","image":{"@type":"ImageObject","inLanguage":"pt-BR","@id":"https:\/\/www.gaveanews.com\/#\/schema\/person\/image\/","url":"https:\/\/secure.gravatar.com\/avatar\/e2f72eb6d986a41d592a85e4e36a6c6170e9ea8a1f433dfc29d0011a8968f89c?s=96&d=mm&r=g","contentUrl":"https:\/\/secure.gravatar.com\/avatar\/e2f72eb6d986a41d592a85e4e36a6c6170e9ea8a1f433dfc29d0011a8968f89c?s=96&d=mm&r=g","caption":"Leandro Azevedo"}}]}},"_links":{"self":[{"href":"https:\/\/www.gaveanews.com\/index.php\/wp-json\/wp\/v2\/posts\/224377","targetHints":{"allow":["GET"]}}],"collection":[{"href":"https:\/\/www.gaveanews.com\/index.php\/wp-json\/wp\/v2\/posts"}],"about":[{"href":"https:\/\/www.gaveanews.com\/index.php\/wp-json\/wp\/v2\/types\/post"}],"author":[{"embeddable":true,"href":"https:\/\/www.gaveanews.com\/index.php\/wp-json\/wp\/v2\/users\/23"}],"replies":[{"embeddable":true,"href":"https:\/\/www.gaveanews.com\/index.php\/wp-json\/wp\/v2\/comments?post=224377"}],"version-history":[{"count":1,"href":"https:\/\/www.gaveanews.com\/index.php\/wp-json\/wp\/v2\/posts\/224377\/revisions"}],"predecessor-version":[{"id":224379,"href":"https:\/\/www.gaveanews.com\/index.php\/wp-json\/wp\/v2\/posts\/224377\/revisions\/224379"}],"wp:featuredmedia":[{"embeddable":true,"href":"https:\/\/www.gaveanews.com\/index.php\/wp-json\/wp\/v2\/media\/52970"}],"wp:attachment":[{"href":"https:\/\/www.gaveanews.com\/index.php\/wp-json\/wp\/v2\/media?parent=224377"}],"wp:term":[{"taxonomy":"category","embeddable":true,"href":"https:\/\/www.gaveanews.com\/index.php\/wp-json\/wp\/v2\/categories?post=224377"},{"taxonomy":"post_tag","embeddable":true,"href":"https:\/\/www.gaveanews.com\/index.php\/wp-json\/wp\/v2\/tags?post=224377"}],"curies":[{"name":"wp","href":"https:\/\/api.w.org\/{rel}","templated":true}]}}