{"id":224432,"date":"2025-02-07T01:10:00","date_gmt":"2025-02-07T04:10:00","guid":{"rendered":"https:\/\/www.gaveanews.com\/?p=224432"},"modified":"2025-02-06T23:35:57","modified_gmt":"2025-02-07T02:35:57","slug":"milton-neves-e-sincero-ao-falar-sobre-sao-paulo-de-zubeldia-tem-bola","status":"publish","type":"post","link":"https:\/\/www.gaveanews.com\/index.php\/2025\/02\/07\/milton-neves-e-sincero-ao-falar-sobre-sao-paulo-de-zubeldia-tem-bola\/","title":{"rendered":"Milton Neves \u00e9 sincero ao falar sobre S\u00e3o Paulo de Zubeld\u00eda: &#8220;t\u00eam bola&#8221;"},"content":{"rendered":"\n<p>A eloquente vit\u00f3ria do S\u00e3o Paulo sobre o Mirassol, por 4 a 1, na noite da \u00faltima quarta-feira, 5, encantou o comentarista Milton Neves. O desempenho do tido como &#8216;quadrado m\u00e1gico&#8217; diante de um dos advers\u00e1rios mais complexos do Paulist\u00e3o fez o comunicador vislumbrar uma temporada de &#8216;primeira prateleira&#8217; para o time principal de Lu\u00eds Zubeld\u00eda.<\/p>\n\n\n\n<p>&#8220;Hoje ficou claro que, com time titular, os comandado de Zubeld\u00eda t\u00eam bola para bater de frente com qualquer equipe do Brasil na temporada. S\u00f3 resta saber se este belo quadrado m\u00e1gico formado no ataque, por conta da idade, suportar\u00e1 a dura sequ\u00eancia imposta pelo nosso calend\u00e1rio&#8221;, avaliou Milton.<\/p>\n\n\n\n<p>&#8220;Com Calleri desencantando e Oscar fazendo mais uma partida animadora, hein? Enfim, apenas boas not\u00edcias para o Tricolor nesta noite. Em condi\u00e7\u00f5es ideais, completo, trata-se de uma equipe que pode at\u00e9 mesmo chegar muito longe na Libertadores da Am\u00e9rica&#8221;, acrescentou.<\/p>\n\n\n\n<p>O Tricolor tem feito bonito de fato. Venceu quatro dos seis jogos do Paulist\u00e3o, empatou um, e lidera o Grupo C da competi\u00e7\u00e3o. Al\u00e9m disso, a equipe de Zubeld\u00eda possui o segundo melhor ataque da competi\u00e7\u00e3o, com 11 gols marcados &#8211; atr\u00e1s apenas de Corinthians e S\u00e3o Bernardo, ambos com 12.<\/p>\n\n\n\n<h2 class=\"wp-block-heading\" id=\"h-goleada-sobre-o-mirassol\">Goleada sobre o Mirassol<\/h2>\n\n\n\n<p>A \u00fanica derrota do S\u00e3o Paulo na temporada, no cl\u00e1ssico contra o Santos, n\u00e3o deixou marcas para continuidade do campeonato. No saldo final, o Tricolor fez um jogo dominante ofensivamente diante do Mirassol, mas n\u00e3o foi assim o tempo todo e causa cometeu os mesmos erros defensivos do rev\u00e9s para o rival.<\/p>\n\n\n\n<p>O Tricolor abriu o placar no momento em que dominava a partida no Morumbis. At\u00e9 conseguiu manter a imposi\u00e7\u00e3o ofensiva por um per\u00edodo, mas o cen\u00e1rio mudou drasticamente ap\u00f3s o gol de empate do Mirassol. A partir da\u00ed, os comandados de Zubeld\u00eda enfrentaram minutos de muita dificuldade seja para criar lances em dire\u00e7\u00e3o ao ataque ou se organizar defensivamente.<\/p>\n\n\n\n<p>O S\u00e3o Paulo, ali\u00e1s, j\u00e1 estava cometendo erros defensivos no momento do gol do Mirassol. A jogada do empate \u00e9 oriunda de uma sequ\u00eancia de falhas no mesmo lance da zaga tricolor &#8211; que se degradaram nos minutos seguintes. <\/p>\n\n\n\n<p>Ou seja, apesar do &#8216;quadrado m\u00e1gico&#8217; entusiasmar o torcedor com sua efetividade &#8211; que tende a melhorar com o entrosamento -, h\u00e1 muito o que se corrigir defensivamente para que a previs\u00e3o de Milton Neves se concretize em 2025.<\/p>\n\n\n\n<h2 class=\"wp-block-heading\" id=\"h-calendario-do-sao-paulo\">Calend\u00e1rio do S\u00e3o Paulo<\/h2>\n\n\n\n<p>O pr\u00f3ximo jogo ser\u00e1 outro bom teste para os comandados do t\u00e9cnico argentino. Bragantino e S\u00e3o Paulo se enfrentam neste s\u00e1bado, 8, a partir das 18h30, pela oitava rodada do Paulist\u00e3o 2025. O Red Bull n\u00e3o vive uma boa fase, figura na lanterna do Grupo B, mas \u00e9 um dos times de camisa na competi\u00e7\u00e3o. O duelo acontecer\u00e1 no Nabi Abi Chedid.<\/p>\n","protected":false},"excerpt":{"rendered":"<p>A eloquente vit\u00f3ria do S\u00e3o Paulo sobre o Mirassol, por 4 a 1, na noite da \u00faltima quarta-feira, 5, encantou o comentarista Milton Neves. O desempenho do tido como &#8216;quadrado m\u00e1gico&#8217; diante de um dos advers\u00e1rios mais complexos do Paulist\u00e3o fez o comunicador vislumbrar uma temporada de &#8216;primeira prateleira&#8217; para o time principal de Lu\u00eds [&hellip;]<\/p>\n","protected":false},"author":30,"featured_media":166659,"comment_status":"open","ping_status":"closed","sticky":false,"template":"","format":"standard","meta":{"footnotes":""},"categories":[151],"tags":[],"class_list":["post-224432","post","type-post","status-publish","format-standard","has-post-thumbnail","hentry","category-sao-paulo"],"yoast_head":"<!-- This site is optimized with the Yoast SEO Premium plugin v24.2 (Yoast SEO v26.9) - https:\/\/yoast.com\/product\/yoast-seo-premium-wordpress\/ -->\n<title>Milton Neves \u00e9 sincero ao falar sobre S\u00e3o Paulo de Zubeld\u00eda: &quot;t\u00eam bola&quot;<\/title>\n<meta name=\"robots\" content=\"index, follow, max-snippet:-1, max-image-preview:large, max-video-preview:-1\" \/>\n<link rel=\"canonical\" href=\"https:\/\/www.gaveanews.com\/index.php\/2025\/02\/07\/milton-neves-e-sincero-ao-falar-sobre-sao-paulo-de-zubeldia-tem-bola\/\" \/>\n<meta property=\"og:locale\" content=\"pt_BR\" \/>\n<meta property=\"og:type\" content=\"article\" \/>\n<meta property=\"og:title\" content=\"Milton Neves \u00e9 sincero ao falar sobre S\u00e3o Paulo de Zubeld\u00eda: &quot;t\u00eam bola&quot;\" \/>\n<meta property=\"og:description\" content=\"A eloquente vit\u00f3ria do S\u00e3o Paulo sobre o Mirassol, por 4 a 1, na noite da \u00faltima quarta-feira, 5, encantou o comentarista Milton Neves. O desempenho do tido como &#8216;quadrado m\u00e1gico&#8217; diante de um dos advers\u00e1rios mais complexos do Paulist\u00e3o fez o comunicador vislumbrar uma temporada de &#8216;primeira prateleira&#8217; para o time principal de Lu\u00eds [&hellip;]\" \/>\n<meta property=\"og:url\" content=\"https:\/\/www.gaveanews.com\/index.php\/2025\/02\/07\/milton-neves-e-sincero-ao-falar-sobre-sao-paulo-de-zubeldia-tem-bola\/\" \/>\n<meta property=\"og:site_name\" content=\"G\u00e1vea News\" \/>\n<meta property=\"article:publisher\" content=\"https:\/\/facebook.com\/gaveaNews\/\" \/>\n<meta property=\"article:published_time\" content=\"2025-02-07T04:10:00+00:00\" \/>\n<meta property=\"og:image\" content=\"https:\/\/www.gaveanews.com\/wp-content\/uploads\/Milton-Neves-durante-a-programacao-da-Bandeirantes.webp\" \/>\n\t<meta property=\"og:image:width\" content=\"1536\" \/>\n\t<meta property=\"og:image:height\" content=\"864\" \/>\n\t<meta property=\"og:image:type\" content=\"image\/jpeg\" \/>\n<meta name=\"author\" content=\"Ana Teixeira\" \/>\n<meta name=\"twitter:card\" content=\"summary_large_image\" \/>\n<meta name=\"twitter:label1\" content=\"Escrito por\" \/>\n\t<meta name=\"twitter:data1\" content=\"Ana Teixeira\" \/>\n\t<meta name=\"twitter:label2\" content=\"Est. tempo de leitura\" \/>\n\t<meta name=\"twitter:data2\" content=\"3 minutos\" \/>\n<script type=\"application\/ld+json\" class=\"yoast-schema-graph\">{\"@context\":\"https:\/\/schema.org\",\"@graph\":[{\"@type\":\"NewsArticle\",\"@id\":\"https:\/\/www.gaveanews.com\/index.php\/2025\/02\/07\/milton-neves-e-sincero-ao-falar-sobre-sao-paulo-de-zubeldia-tem-bola\/#article\",\"isPartOf\":{\"@id\":\"https:\/\/www.gaveanews.com\/index.php\/2025\/02\/07\/milton-neves-e-sincero-ao-falar-sobre-sao-paulo-de-zubeldia-tem-bola\/\"},\"author\":{\"name\":\"Ana Teixeira\",\"@id\":\"https:\/\/www.gaveanews.com\/#\/schema\/person\/3b19f7288b0ce20372991275e4f2e6c2\"},\"headline\":\"Milton Neves \u00e9 sincero ao falar sobre S\u00e3o Paulo de Zubeld\u00eda: &#8220;t\u00eam bola&#8221;\",\"datePublished\":\"2025-02-07T04:10:00+00:00\",\"mainEntityOfPage\":{\"@id\":\"https:\/\/www.gaveanews.com\/index.php\/2025\/02\/07\/milton-neves-e-sincero-ao-falar-sobre-sao-paulo-de-zubeldia-tem-bola\/\"},\"wordCount\":507,\"commentCount\":0,\"image\":{\"@id\":\"https:\/\/www.gaveanews.com\/index.php\/2025\/02\/07\/milton-neves-e-sincero-ao-falar-sobre-sao-paulo-de-zubeldia-tem-bola\/#primaryimage\"},\"thumbnailUrl\":\"https:\/\/www.gaveanews.com\/wp-content\/uploads\/Milton-Neves-durante-a-programacao-da-Bandeirantes.webp\",\"articleSection\":[\"S\u00e3o Paulo\"],\"inLanguage\":\"pt-BR\",\"potentialAction\":[{\"@type\":\"CommentAction\",\"name\":\"Comment\",\"target\":[\"https:\/\/www.gaveanews.com\/index.php\/2025\/02\/07\/milton-neves-e-sincero-ao-falar-sobre-sao-paulo-de-zubeldia-tem-bola\/#respond\"]}],\"copyrightYear\":\"2025\",\"copyrightHolder\":{\"@id\":\"https:\/\/www.gaveanews.com\/#organization\"}},{\"@type\":\"WebPage\",\"@id\":\"https:\/\/www.gaveanews.com\/index.php\/2025\/02\/07\/milton-neves-e-sincero-ao-falar-sobre-sao-paulo-de-zubeldia-tem-bola\/\",\"url\":\"https:\/\/www.gaveanews.com\/index.php\/2025\/02\/07\/milton-neves-e-sincero-ao-falar-sobre-sao-paulo-de-zubeldia-tem-bola\/\",\"name\":\"Milton Neves \u00e9 sincero ao falar sobre S\u00e3o Paulo de Zubeld\u00eda: \\\"t\u00eam bola\\\"\",\"isPartOf\":{\"@id\":\"https:\/\/www.gaveanews.com\/#website\"},\"primaryImageOfPage\":{\"@id\":\"https:\/\/www.gaveanews.com\/index.php\/2025\/02\/07\/milton-neves-e-sincero-ao-falar-sobre-sao-paulo-de-zubeldia-tem-bola\/#primaryimage\"},\"image\":{\"@id\":\"https:\/\/www.gaveanews.com\/index.php\/2025\/02\/07\/milton-neves-e-sincero-ao-falar-sobre-sao-paulo-de-zubeldia-tem-bola\/#primaryimage\"},\"thumbnailUrl\":\"https:\/\/www.gaveanews.com\/wp-content\/uploads\/Milton-Neves-durante-a-programacao-da-Bandeirantes.webp\",\"datePublished\":\"2025-02-07T04:10:00+00:00\",\"author\":{\"@id\":\"https:\/\/www.gaveanews.com\/#\/schema\/person\/3b19f7288b0ce20372991275e4f2e6c2\"},\"breadcrumb\":{\"@id\":\"https:\/\/www.gaveanews.com\/index.php\/2025\/02\/07\/milton-neves-e-sincero-ao-falar-sobre-sao-paulo-de-zubeldia-tem-bola\/#breadcrumb\"},\"inLanguage\":\"pt-BR\",\"potentialAction\":[{\"@type\":\"ReadAction\",\"target\":[\"https:\/\/www.gaveanews.com\/index.php\/2025\/02\/07\/milton-neves-e-sincero-ao-falar-sobre-sao-paulo-de-zubeldia-tem-bola\/\"]}]},{\"@type\":\"ImageObject\",\"inLanguage\":\"pt-BR\",\"@id\":\"https:\/\/www.gaveanews.com\/index.php\/2025\/02\/07\/milton-neves-e-sincero-ao-falar-sobre-sao-paulo-de-zubeldia-tem-bola\/#primaryimage\",\"url\":\"https:\/\/www.gaveanews.com\/wp-content\/uploads\/Milton-Neves-durante-a-programacao-da-Bandeirantes.webp\",\"contentUrl\":\"https:\/\/www.gaveanews.com\/wp-content\/uploads\/Milton-Neves-durante-a-programacao-da-Bandeirantes.webp\",\"width\":1536,\"height\":864,\"caption\":\"Milton Neves durante a programa\u00e7\u00e3o da Bandeirantes (Foto: Reprodu\u00e7\u00e3o\/Bandeirantes)\"},{\"@type\":\"BreadcrumbList\",\"@id\":\"https:\/\/www.gaveanews.com\/index.php\/2025\/02\/07\/milton-neves-e-sincero-ao-falar-sobre-sao-paulo-de-zubeldia-tem-bola\/#breadcrumb\",\"itemListElement\":[{\"@type\":\"ListItem\",\"position\":1,\"name\":\"Home\",\"item\":\"https:\/\/www.gaveanews.com\/\"},{\"@type\":\"ListItem\",\"position\":2,\"name\":\"Milton Neves \u00e9 sincero ao falar sobre S\u00e3o Paulo de Zubeld\u00eda: &#8220;t\u00eam bola&#8221;\"}]},{\"@type\":\"WebSite\",\"@id\":\"https:\/\/www.gaveanews.com\/#website\",\"url\":\"https:\/\/www.gaveanews.com\/\",\"name\":\"G\u00e1vea News\",\"description\":\"Veja todas as not\u00edcias sobre o Flamengo: Contrata\u00e7\u00f5es, categorias de base, resultados das partidas, tabela de classifica\u00e7\u00e3o, pr\u00f3ximos jogos!\",\"potentialAction\":[{\"@type\":\"SearchAction\",\"target\":{\"@type\":\"EntryPoint\",\"urlTemplate\":\"https:\/\/www.gaveanews.com\/?s={search_term_string}\"},\"query-input\":{\"@type\":\"PropertyValueSpecification\",\"valueRequired\":true,\"valueName\":\"search_term_string\"}}],\"inLanguage\":\"pt-BR\"},{\"@type\":\"Person\",\"@id\":\"https:\/\/www.gaveanews.com\/#\/schema\/person\/3b19f7288b0ce20372991275e4f2e6c2\",\"name\":\"Ana Teixeira\",\"image\":{\"@type\":\"ImageObject\",\"inLanguage\":\"pt-BR\",\"@id\":\"https:\/\/www.gaveanews.com\/#\/schema\/person\/image\/\",\"url\":\"https:\/\/secure.gravatar.com\/avatar\/0a73f5a5258f3fed37fc2fa641892f3f7a4748456d4d4792f9bc550e6c19e06c?s=96&d=mm&r=g\",\"contentUrl\":\"https:\/\/secure.gravatar.com\/avatar\/0a73f5a5258f3fed37fc2fa641892f3f7a4748456d4d4792f9bc550e6c19e06c?s=96&d=mm&r=g\",\"caption\":\"Ana Teixeira\"}}]}<\/script>\n<!-- \/ Yoast SEO Premium plugin. -->","yoast_head_json":{"title":"Milton Neves \u00e9 sincero ao falar sobre S\u00e3o Paulo de Zubeld\u00eda: \"t\u00eam bola\"","robots":{"index":"index","follow":"follow","max-snippet":"max-snippet:-1","max-image-preview":"max-image-preview:large","max-video-preview":"max-video-preview:-1"},"canonical":"https:\/\/www.gaveanews.com\/index.php\/2025\/02\/07\/milton-neves-e-sincero-ao-falar-sobre-sao-paulo-de-zubeldia-tem-bola\/","og_locale":"pt_BR","og_type":"article","og_title":"Milton Neves \u00e9 sincero ao falar sobre S\u00e3o Paulo de Zubeld\u00eda: \"t\u00eam bola\"","og_description":"A eloquente vit\u00f3ria do S\u00e3o Paulo sobre o Mirassol, por 4 a 1, na noite da \u00faltima quarta-feira, 5, encantou o comentarista Milton Neves. O desempenho do tido como &#8216;quadrado m\u00e1gico&#8217; diante de um dos advers\u00e1rios mais complexos do Paulist\u00e3o fez o comunicador vislumbrar uma temporada de &#8216;primeira prateleira&#8217; para o time principal de Lu\u00eds [&hellip;]","og_url":"https:\/\/www.gaveanews.com\/index.php\/2025\/02\/07\/milton-neves-e-sincero-ao-falar-sobre-sao-paulo-de-zubeldia-tem-bola\/","og_site_name":"G\u00e1vea News","article_publisher":"https:\/\/facebook.com\/gaveaNews\/","article_published_time":"2025-02-07T04:10:00+00:00","og_image":[{"width":1536,"height":864,"url":"https:\/\/www.gaveanews.com\/wp-content\/uploads\/Milton-Neves-durante-a-programacao-da-Bandeirantes.webp","type":"image\/jpeg"}],"author":"Ana Teixeira","twitter_card":"summary_large_image","twitter_misc":{"Escrito por":"Ana Teixeira","Est. tempo de leitura":"3 minutos"},"schema":{"@context":"https:\/\/schema.org","@graph":[{"@type":"NewsArticle","@id":"https:\/\/www.gaveanews.com\/index.php\/2025\/02\/07\/milton-neves-e-sincero-ao-falar-sobre-sao-paulo-de-zubeldia-tem-bola\/#article","isPartOf":{"@id":"https:\/\/www.gaveanews.com\/index.php\/2025\/02\/07\/milton-neves-e-sincero-ao-falar-sobre-sao-paulo-de-zubeldia-tem-bola\/"},"author":{"name":"Ana Teixeira","@id":"https:\/\/www.gaveanews.com\/#\/schema\/person\/3b19f7288b0ce20372991275e4f2e6c2"},"headline":"Milton Neves \u00e9 sincero ao falar sobre S\u00e3o Paulo de Zubeld\u00eda: &#8220;t\u00eam bola&#8221;","datePublished":"2025-02-07T04:10:00+00:00","mainEntityOfPage":{"@id":"https:\/\/www.gaveanews.com\/index.php\/2025\/02\/07\/milton-neves-e-sincero-ao-falar-sobre-sao-paulo-de-zubeldia-tem-bola\/"},"wordCount":507,"commentCount":0,"image":{"@id":"https:\/\/www.gaveanews.com\/index.php\/2025\/02\/07\/milton-neves-e-sincero-ao-falar-sobre-sao-paulo-de-zubeldia-tem-bola\/#primaryimage"},"thumbnailUrl":"https:\/\/www.gaveanews.com\/wp-content\/uploads\/Milton-Neves-durante-a-programacao-da-Bandeirantes.webp","articleSection":["S\u00e3o Paulo"],"inLanguage":"pt-BR","potentialAction":[{"@type":"CommentAction","name":"Comment","target":["https:\/\/www.gaveanews.com\/index.php\/2025\/02\/07\/milton-neves-e-sincero-ao-falar-sobre-sao-paulo-de-zubeldia-tem-bola\/#respond"]}],"copyrightYear":"2025","copyrightHolder":{"@id":"https:\/\/www.gaveanews.com\/#organization"}},{"@type":"WebPage","@id":"https:\/\/www.gaveanews.com\/index.php\/2025\/02\/07\/milton-neves-e-sincero-ao-falar-sobre-sao-paulo-de-zubeldia-tem-bola\/","url":"https:\/\/www.gaveanews.com\/index.php\/2025\/02\/07\/milton-neves-e-sincero-ao-falar-sobre-sao-paulo-de-zubeldia-tem-bola\/","name":"Milton Neves \u00e9 sincero ao falar sobre S\u00e3o Paulo de Zubeld\u00eda: \"t\u00eam bola\"","isPartOf":{"@id":"https:\/\/www.gaveanews.com\/#website"},"primaryImageOfPage":{"@id":"https:\/\/www.gaveanews.com\/index.php\/2025\/02\/07\/milton-neves-e-sincero-ao-falar-sobre-sao-paulo-de-zubeldia-tem-bola\/#primaryimage"},"image":{"@id":"https:\/\/www.gaveanews.com\/index.php\/2025\/02\/07\/milton-neves-e-sincero-ao-falar-sobre-sao-paulo-de-zubeldia-tem-bola\/#primaryimage"},"thumbnailUrl":"https:\/\/www.gaveanews.com\/wp-content\/uploads\/Milton-Neves-durante-a-programacao-da-Bandeirantes.webp","datePublished":"2025-02-07T04:10:00+00:00","author":{"@id":"https:\/\/www.gaveanews.com\/#\/schema\/person\/3b19f7288b0ce20372991275e4f2e6c2"},"breadcrumb":{"@id":"https:\/\/www.gaveanews.com\/index.php\/2025\/02\/07\/milton-neves-e-sincero-ao-falar-sobre-sao-paulo-de-zubeldia-tem-bola\/#breadcrumb"},"inLanguage":"pt-BR","potentialAction":[{"@type":"ReadAction","target":["https:\/\/www.gaveanews.com\/index.php\/2025\/02\/07\/milton-neves-e-sincero-ao-falar-sobre-sao-paulo-de-zubeldia-tem-bola\/"]}]},{"@type":"ImageObject","inLanguage":"pt-BR","@id":"https:\/\/www.gaveanews.com\/index.php\/2025\/02\/07\/milton-neves-e-sincero-ao-falar-sobre-sao-paulo-de-zubeldia-tem-bola\/#primaryimage","url":"https:\/\/www.gaveanews.com\/wp-content\/uploads\/Milton-Neves-durante-a-programacao-da-Bandeirantes.webp","contentUrl":"https:\/\/www.gaveanews.com\/wp-content\/uploads\/Milton-Neves-durante-a-programacao-da-Bandeirantes.webp","width":1536,"height":864,"caption":"Milton Neves durante a programa\u00e7\u00e3o da Bandeirantes (Foto: Reprodu\u00e7\u00e3o\/Bandeirantes)"},{"@type":"BreadcrumbList","@id":"https:\/\/www.gaveanews.com\/index.php\/2025\/02\/07\/milton-neves-e-sincero-ao-falar-sobre-sao-paulo-de-zubeldia-tem-bola\/#breadcrumb","itemListElement":[{"@type":"ListItem","position":1,"name":"Home","item":"https:\/\/www.gaveanews.com\/"},{"@type":"ListItem","position":2,"name":"Milton Neves \u00e9 sincero ao falar sobre S\u00e3o Paulo de Zubeld\u00eda: &#8220;t\u00eam bola&#8221;"}]},{"@type":"WebSite","@id":"https:\/\/www.gaveanews.com\/#website","url":"https:\/\/www.gaveanews.com\/","name":"G\u00e1vea News","description":"Veja todas as not\u00edcias sobre o Flamengo: Contrata\u00e7\u00f5es, categorias de base, resultados das partidas, tabela de classifica\u00e7\u00e3o, pr\u00f3ximos jogos!","potentialAction":[{"@type":"SearchAction","target":{"@type":"EntryPoint","urlTemplate":"https:\/\/www.gaveanews.com\/?s={search_term_string}"},"query-input":{"@type":"PropertyValueSpecification","valueRequired":true,"valueName":"search_term_string"}}],"inLanguage":"pt-BR"},{"@type":"Person","@id":"https:\/\/www.gaveanews.com\/#\/schema\/person\/3b19f7288b0ce20372991275e4f2e6c2","name":"Ana Teixeira","image":{"@type":"ImageObject","inLanguage":"pt-BR","@id":"https:\/\/www.gaveanews.com\/#\/schema\/person\/image\/","url":"https:\/\/secure.gravatar.com\/avatar\/0a73f5a5258f3fed37fc2fa641892f3f7a4748456d4d4792f9bc550e6c19e06c?s=96&d=mm&r=g","contentUrl":"https:\/\/secure.gravatar.com\/avatar\/0a73f5a5258f3fed37fc2fa641892f3f7a4748456d4d4792f9bc550e6c19e06c?s=96&d=mm&r=g","caption":"Ana Teixeira"}}]}},"_links":{"self":[{"href":"https:\/\/www.gaveanews.com\/index.php\/wp-json\/wp\/v2\/posts\/224432","targetHints":{"allow":["GET"]}}],"collection":[{"href":"https:\/\/www.gaveanews.com\/index.php\/wp-json\/wp\/v2\/posts"}],"about":[{"href":"https:\/\/www.gaveanews.com\/index.php\/wp-json\/wp\/v2\/types\/post"}],"author":[{"embeddable":true,"href":"https:\/\/www.gaveanews.com\/index.php\/wp-json\/wp\/v2\/users\/30"}],"replies":[{"embeddable":true,"href":"https:\/\/www.gaveanews.com\/index.php\/wp-json\/wp\/v2\/comments?post=224432"}],"version-history":[{"count":1,"href":"https:\/\/www.gaveanews.com\/index.php\/wp-json\/wp\/v2\/posts\/224432\/revisions"}],"predecessor-version":[{"id":224435,"href":"https:\/\/www.gaveanews.com\/index.php\/wp-json\/wp\/v2\/posts\/224432\/revisions\/224435"}],"wp:featuredmedia":[{"embeddable":true,"href":"https:\/\/www.gaveanews.com\/index.php\/wp-json\/wp\/v2\/media\/166659"}],"wp:attachment":[{"href":"https:\/\/www.gaveanews.com\/index.php\/wp-json\/wp\/v2\/media?parent=224432"}],"wp:term":[{"taxonomy":"category","embeddable":true,"href":"https:\/\/www.gaveanews.com\/index.php\/wp-json\/wp\/v2\/categories?post=224432"},{"taxonomy":"post_tag","embeddable":true,"href":"https:\/\/www.gaveanews.com\/index.php\/wp-json\/wp\/v2\/tags?post=224432"}],"curies":[{"name":"wp","href":"https:\/\/api.w.org\/{rel}","templated":true}]}}