{"id":224438,"date":"2025-02-07T01:05:00","date_gmt":"2025-02-07T04:05:00","guid":{"rendered":"https:\/\/www.gaveanews.com\/?p=224438"},"modified":"2025-02-06T23:34:57","modified_gmt":"2025-02-07T02:34:57","slug":"andre-jardine-revela-por-que-recusou-treinar-o-botafogo-nao-e-tao-simples","status":"publish","type":"post","link":"https:\/\/www.gaveanews.com\/index.php\/2025\/02\/07\/andre-jardine-revela-por-que-recusou-treinar-o-botafogo-nao-e-tao-simples\/","title":{"rendered":"Andr\u00e9 Jardine revela por que recusou treinar o Botafogo: &#8220;n\u00e3o \u00e9 t\u00e3o simples&#8221;"},"content":{"rendered":"\n<p>Andr\u00e9 Jardine, treinador do Botafogo, foi uma das primeiras escolhas ap\u00f3s a sa\u00edda de Artur Jorge, que se transferiu para o futebol do Catar. Contudo, o jogador brasileiro optou por permanecer no Am\u00e9rica, do M\u00e9xico, e explicou em uma entrevista as raz\u00f5es pelas quais rejeitou a oferta do clube do Rio de Janeiro.<\/p>\n\n\n\n<p>Jardine reside na na\u00e7\u00e3o da Am\u00e9rica Central desde o ano de 2022. Inicialmente, foi contratado para dirigir o Atl\u00e9tico San Luis e, posteriormente, assumiu a dire\u00e7\u00e3o do Am\u00e9rica. Anteriormente, liderou a Equipe Ol\u00edmpica Brasileira e ganhou a medalha de ouro no Jap\u00e3o, em 2021.<\/p>\n\n\n\n<p>\u201cForam dias de muita reflex\u00e3o. N\u00e3o esperava um convite desse porte t\u00e3o r\u00e1pido. Realmente aconteceu. No primeiro contato, deixei claro que havia uma cl\u00e1usula de rescis\u00e3o fort\u00edssima com o Am\u00e9rica. Se o Botafogo n\u00e3o estivesse disposto a pagar, nem avan\u00e7ar\u00edamos em nenhum tipo de conversa. Era uma cl\u00e1usula de US$ 3 milh\u00f5es, o que me parecia bastante alto. N\u00e3o creio que algum clube brasileiro tenha pago essa quantia por um treinador\u201d, disse Andr\u00e9 Jardine.<\/p>\n\n\n\n<figure class=\"wp-block-embed is-type-photo is-provider-flickr wp-block-embed-flickr\"><div class=\"wp-block-embed__wrapper\">\n<a href=\"https:\/\/www.flickr.com\/photos\/201636948@N07\/54242081384\/in\/dateposted-public\/\"><img loading=\"lazy\" decoding=\"async\" src=\"https:\/\/live.staticflickr.com\/65535\/54242081384_5b0b8c9ba5_z.webp\" alt=\"Miniatura youtube dinheiro no celular dicas gr\u00e1tis - 50\" width=\"640\" height=\"360\" \/><\/a>\n<\/div><\/figure>\n\n\n\n<p>\u201cMe surpreendi ao ver que isso n\u00e3o seria um problema. A partir da\u00ed, e por respeito \u00e0 institui\u00e7\u00e3o Botafogo e ao seu dono John Textor, uma pessoa importante no futebol, escutei um pouco sobre o projeto, suas ideias e o quanto me viam nele. &#8220;<\/p>\n\n\n\n<p>&#8220;Pedi alguns dias para pensar e decidir o que seria melhor para minha carreira e minha vida. Me sentia muito feliz no Am\u00e9rica, como ainda me sinto, e, pensando comigo e com minha fam\u00edlia, senti que ainda n\u00e3o terminamos o que viemos fazer aqui\u201d, concluiu o comandante, em entrevista ao\u00a0Futbol Picante Noche, da\u00a0ESPN.<\/p>\n\n\n\n<h2 class=\"wp-block-heading\" id=\"h-botafogo-segue-na-busca-por-tecnico\">Botafogo segue na busca por t\u00e9cnico <\/h2>\n\n\n\n<p>Por outro lado, o Botafogo continua sem t\u00e9cnico, e o escolhido \u00e9 Roberto Mancini, ex-treinador da sele\u00e7\u00e3o italiana. Tamb\u00e9m surgiram rumores sobre outros nomes, incluindo Tata Martino, Tite e Rafa Ben\u00edtez.<\/p>\n","protected":false},"excerpt":{"rendered":"<p>Andr\u00e9 Jardine, treinador do Botafogo, foi uma das primeiras escolhas ap\u00f3s a sa\u00edda de Artur Jorge, que se transferiu para o futebol do Catar. Contudo, o jogador brasileiro optou por permanecer no Am\u00e9rica, do M\u00e9xico, e explicou em uma entrevista as raz\u00f5es pelas quais rejeitou a oferta do clube do Rio de Janeiro. Jardine reside [&hellip;]<\/p>\n","protected":false},"author":16,"featured_media":182060,"comment_status":"open","ping_status":"closed","sticky":false,"template":"","format":"standard","meta":{"footnotes":""},"categories":[138],"tags":[],"class_list":["post-224438","post","type-post","status-publish","format-standard","has-post-thumbnail","hentry","category-botafogo"],"yoast_head":"<!-- This site is optimized with the Yoast SEO Premium plugin v24.2 (Yoast SEO v26.9) - https:\/\/yoast.com\/product\/yoast-seo-premium-wordpress\/ -->\n<title>Andr\u00e9 Jardine revela por que recusou treinar o Botafogo: &quot;n\u00e3o \u00e9 t\u00e3o simples&quot;<\/title>\n<meta name=\"robots\" content=\"index, follow, max-snippet:-1, max-image-preview:large, max-video-preview:-1\" \/>\n<link rel=\"canonical\" href=\"https:\/\/www.gaveanews.com\/index.php\/2025\/02\/07\/andre-jardine-revela-por-que-recusou-treinar-o-botafogo-nao-e-tao-simples\/\" \/>\n<meta property=\"og:locale\" content=\"pt_BR\" \/>\n<meta property=\"og:type\" content=\"article\" \/>\n<meta property=\"og:title\" content=\"Andr\u00e9 Jardine revela por que recusou treinar o Botafogo: &quot;n\u00e3o \u00e9 t\u00e3o simples&quot;\" \/>\n<meta property=\"og:description\" content=\"Andr\u00e9 Jardine, treinador do Botafogo, foi uma das primeiras escolhas ap\u00f3s a sa\u00edda de Artur Jorge, que se transferiu para o futebol do Catar. Contudo, o jogador brasileiro optou por permanecer no Am\u00e9rica, do M\u00e9xico, e explicou em uma entrevista as raz\u00f5es pelas quais rejeitou a oferta do clube do Rio de Janeiro. Jardine reside [&hellip;]\" \/>\n<meta property=\"og:url\" content=\"https:\/\/www.gaveanews.com\/index.php\/2025\/02\/07\/andre-jardine-revela-por-que-recusou-treinar-o-botafogo-nao-e-tao-simples\/\" \/>\n<meta property=\"og:site_name\" content=\"G\u00e1vea News\" \/>\n<meta property=\"article:publisher\" content=\"https:\/\/facebook.com\/gaveaNews\/\" \/>\n<meta property=\"article:published_time\" content=\"2025-02-07T04:05:00+00:00\" \/>\n<meta property=\"og:image\" content=\"https:\/\/www.gaveanews.com\/wp-content\/uploads\/Escudo-do-Botafogo-1.webp\" \/>\n\t<meta property=\"og:image:width\" content=\"787\" \/>\n\t<meta property=\"og:image:height\" content=\"525\" \/>\n\t<meta property=\"og:image:type\" content=\"image\/webp\" \/>\n<meta name=\"author\" content=\"D\u00e9bora Figueiredo\" \/>\n<meta name=\"twitter:card\" content=\"summary_large_image\" \/>\n<meta name=\"twitter:label1\" content=\"Escrito por\" \/>\n\t<meta name=\"twitter:data1\" content=\"D\u00e9bora Figueiredo\" \/>\n\t<meta name=\"twitter:label2\" content=\"Est. tempo de leitura\" \/>\n\t<meta name=\"twitter:data2\" content=\"2 minutos\" \/>\n<script type=\"application\/ld+json\" class=\"yoast-schema-graph\">{\"@context\":\"https:\/\/schema.org\",\"@graph\":[{\"@type\":\"NewsArticle\",\"@id\":\"https:\/\/www.gaveanews.com\/index.php\/2025\/02\/07\/andre-jardine-revela-por-que-recusou-treinar-o-botafogo-nao-e-tao-simples\/#article\",\"isPartOf\":{\"@id\":\"https:\/\/www.gaveanews.com\/index.php\/2025\/02\/07\/andre-jardine-revela-por-que-recusou-treinar-o-botafogo-nao-e-tao-simples\/\"},\"author\":{\"name\":\"D\u00e9bora Figueiredo\",\"@id\":\"https:\/\/www.gaveanews.com\/#\/schema\/person\/37122681a8575a5c8db05a56f099a5e4\"},\"headline\":\"Andr\u00e9 Jardine revela por que recusou treinar o Botafogo: &#8220;n\u00e3o \u00e9 t\u00e3o simples&#8221;\",\"datePublished\":\"2025-02-07T04:05:00+00:00\",\"mainEntityOfPage\":{\"@id\":\"https:\/\/www.gaveanews.com\/index.php\/2025\/02\/07\/andre-jardine-revela-por-que-recusou-treinar-o-botafogo-nao-e-tao-simples\/\"},\"wordCount\":360,\"commentCount\":0,\"image\":{\"@id\":\"https:\/\/www.gaveanews.com\/index.php\/2025\/02\/07\/andre-jardine-revela-por-que-recusou-treinar-o-botafogo-nao-e-tao-simples\/#primaryimage\"},\"thumbnailUrl\":\"https:\/\/www.gaveanews.com\/wp-content\/uploads\/Escudo-do-Botafogo-1.webp\",\"articleSection\":[\"Botafogo\"],\"inLanguage\":\"pt-BR\",\"potentialAction\":[{\"@type\":\"CommentAction\",\"name\":\"Comment\",\"target\":[\"https:\/\/www.gaveanews.com\/index.php\/2025\/02\/07\/andre-jardine-revela-por-que-recusou-treinar-o-botafogo-nao-e-tao-simples\/#respond\"]}],\"copyrightYear\":\"2025\",\"copyrightHolder\":{\"@id\":\"https:\/\/www.gaveanews.com\/#organization\"}},{\"@type\":\"WebPage\",\"@id\":\"https:\/\/www.gaveanews.com\/index.php\/2025\/02\/07\/andre-jardine-revela-por-que-recusou-treinar-o-botafogo-nao-e-tao-simples\/\",\"url\":\"https:\/\/www.gaveanews.com\/index.php\/2025\/02\/07\/andre-jardine-revela-por-que-recusou-treinar-o-botafogo-nao-e-tao-simples\/\",\"name\":\"Andr\u00e9 Jardine revela por que recusou treinar o Botafogo: \\\"n\u00e3o \u00e9 t\u00e3o simples\\\"\",\"isPartOf\":{\"@id\":\"https:\/\/www.gaveanews.com\/#website\"},\"primaryImageOfPage\":{\"@id\":\"https:\/\/www.gaveanews.com\/index.php\/2025\/02\/07\/andre-jardine-revela-por-que-recusou-treinar-o-botafogo-nao-e-tao-simples\/#primaryimage\"},\"image\":{\"@id\":\"https:\/\/www.gaveanews.com\/index.php\/2025\/02\/07\/andre-jardine-revela-por-que-recusou-treinar-o-botafogo-nao-e-tao-simples\/#primaryimage\"},\"thumbnailUrl\":\"https:\/\/www.gaveanews.com\/wp-content\/uploads\/Escudo-do-Botafogo-1.webp\",\"datePublished\":\"2025-02-07T04:05:00+00:00\",\"author\":{\"@id\":\"https:\/\/www.gaveanews.com\/#\/schema\/person\/37122681a8575a5c8db05a56f099a5e4\"},\"breadcrumb\":{\"@id\":\"https:\/\/www.gaveanews.com\/index.php\/2025\/02\/07\/andre-jardine-revela-por-que-recusou-treinar-o-botafogo-nao-e-tao-simples\/#breadcrumb\"},\"inLanguage\":\"pt-BR\",\"potentialAction\":[{\"@type\":\"ReadAction\",\"target\":[\"https:\/\/www.gaveanews.com\/index.php\/2025\/02\/07\/andre-jardine-revela-por-que-recusou-treinar-o-botafogo-nao-e-tao-simples\/\"]}]},{\"@type\":\"ImageObject\",\"inLanguage\":\"pt-BR\",\"@id\":\"https:\/\/www.gaveanews.com\/index.php\/2025\/02\/07\/andre-jardine-revela-por-que-recusou-treinar-o-botafogo-nao-e-tao-simples\/#primaryimage\",\"url\":\"https:\/\/www.gaveanews.com\/wp-content\/uploads\/Escudo-do-Botafogo-1.webp\",\"contentUrl\":\"https:\/\/www.gaveanews.com\/wp-content\/uploads\/Escudo-do-Botafogo-1.webp\",\"width\":787,\"height\":525,\"caption\":\"Escudo do Botafogo (Foto: Reprodu\u00e7\u00e3o\/Botafogo)\"},{\"@type\":\"BreadcrumbList\",\"@id\":\"https:\/\/www.gaveanews.com\/index.php\/2025\/02\/07\/andre-jardine-revela-por-que-recusou-treinar-o-botafogo-nao-e-tao-simples\/#breadcrumb\",\"itemListElement\":[{\"@type\":\"ListItem\",\"position\":1,\"name\":\"Home\",\"item\":\"https:\/\/www.gaveanews.com\/\"},{\"@type\":\"ListItem\",\"position\":2,\"name\":\"Andr\u00e9 Jardine revela por que recusou treinar o Botafogo: &#8220;n\u00e3o \u00e9 t\u00e3o simples&#8221;\"}]},{\"@type\":\"WebSite\",\"@id\":\"https:\/\/www.gaveanews.com\/#website\",\"url\":\"https:\/\/www.gaveanews.com\/\",\"name\":\"G\u00e1vea News\",\"description\":\"Veja todas as not\u00edcias sobre o Flamengo: Contrata\u00e7\u00f5es, categorias de base, resultados das partidas, tabela de classifica\u00e7\u00e3o, pr\u00f3ximos jogos!\",\"potentialAction\":[{\"@type\":\"SearchAction\",\"target\":{\"@type\":\"EntryPoint\",\"urlTemplate\":\"https:\/\/www.gaveanews.com\/?s={search_term_string}\"},\"query-input\":{\"@type\":\"PropertyValueSpecification\",\"valueRequired\":true,\"valueName\":\"search_term_string\"}}],\"inLanguage\":\"pt-BR\"},{\"@type\":\"Person\",\"@id\":\"https:\/\/www.gaveanews.com\/#\/schema\/person\/37122681a8575a5c8db05a56f099a5e4\",\"name\":\"D\u00e9bora Figueiredo\",\"image\":{\"@type\":\"ImageObject\",\"inLanguage\":\"pt-BR\",\"@id\":\"https:\/\/www.gaveanews.com\/#\/schema\/person\/image\/\",\"url\":\"https:\/\/secure.gravatar.com\/avatar\/1f44802859351588499d26f52aed1d15796ce17e67602895b72837c08018868d?s=96&d=mm&r=g\",\"contentUrl\":\"https:\/\/secure.gravatar.com\/avatar\/1f44802859351588499d26f52aed1d15796ce17e67602895b72837c08018868d?s=96&d=mm&r=g\",\"caption\":\"D\u00e9bora Figueiredo\"}}]}<\/script>\n<!-- \/ Yoast SEO Premium plugin. -->","yoast_head_json":{"title":"Andr\u00e9 Jardine revela por que recusou treinar o Botafogo: \"n\u00e3o \u00e9 t\u00e3o simples\"","robots":{"index":"index","follow":"follow","max-snippet":"max-snippet:-1","max-image-preview":"max-image-preview:large","max-video-preview":"max-video-preview:-1"},"canonical":"https:\/\/www.gaveanews.com\/index.php\/2025\/02\/07\/andre-jardine-revela-por-que-recusou-treinar-o-botafogo-nao-e-tao-simples\/","og_locale":"pt_BR","og_type":"article","og_title":"Andr\u00e9 Jardine revela por que recusou treinar o Botafogo: \"n\u00e3o \u00e9 t\u00e3o simples\"","og_description":"Andr\u00e9 Jardine, treinador do Botafogo, foi uma das primeiras escolhas ap\u00f3s a sa\u00edda de Artur Jorge, que se transferiu para o futebol do Catar. Contudo, o jogador brasileiro optou por permanecer no Am\u00e9rica, do M\u00e9xico, e explicou em uma entrevista as raz\u00f5es pelas quais rejeitou a oferta do clube do Rio de Janeiro. Jardine reside [&hellip;]","og_url":"https:\/\/www.gaveanews.com\/index.php\/2025\/02\/07\/andre-jardine-revela-por-que-recusou-treinar-o-botafogo-nao-e-tao-simples\/","og_site_name":"G\u00e1vea News","article_publisher":"https:\/\/facebook.com\/gaveaNews\/","article_published_time":"2025-02-07T04:05:00+00:00","og_image":[{"width":787,"height":525,"url":"https:\/\/www.gaveanews.com\/wp-content\/uploads\/Escudo-do-Botafogo-1.webp","type":"image\/webp"}],"author":"D\u00e9bora Figueiredo","twitter_card":"summary_large_image","twitter_misc":{"Escrito por":"D\u00e9bora Figueiredo","Est. tempo de leitura":"2 minutos"},"schema":{"@context":"https:\/\/schema.org","@graph":[{"@type":"NewsArticle","@id":"https:\/\/www.gaveanews.com\/index.php\/2025\/02\/07\/andre-jardine-revela-por-que-recusou-treinar-o-botafogo-nao-e-tao-simples\/#article","isPartOf":{"@id":"https:\/\/www.gaveanews.com\/index.php\/2025\/02\/07\/andre-jardine-revela-por-que-recusou-treinar-o-botafogo-nao-e-tao-simples\/"},"author":{"name":"D\u00e9bora Figueiredo","@id":"https:\/\/www.gaveanews.com\/#\/schema\/person\/37122681a8575a5c8db05a56f099a5e4"},"headline":"Andr\u00e9 Jardine revela por que recusou treinar o Botafogo: &#8220;n\u00e3o \u00e9 t\u00e3o simples&#8221;","datePublished":"2025-02-07T04:05:00+00:00","mainEntityOfPage":{"@id":"https:\/\/www.gaveanews.com\/index.php\/2025\/02\/07\/andre-jardine-revela-por-que-recusou-treinar-o-botafogo-nao-e-tao-simples\/"},"wordCount":360,"commentCount":0,"image":{"@id":"https:\/\/www.gaveanews.com\/index.php\/2025\/02\/07\/andre-jardine-revela-por-que-recusou-treinar-o-botafogo-nao-e-tao-simples\/#primaryimage"},"thumbnailUrl":"https:\/\/www.gaveanews.com\/wp-content\/uploads\/Escudo-do-Botafogo-1.webp","articleSection":["Botafogo"],"inLanguage":"pt-BR","potentialAction":[{"@type":"CommentAction","name":"Comment","target":["https:\/\/www.gaveanews.com\/index.php\/2025\/02\/07\/andre-jardine-revela-por-que-recusou-treinar-o-botafogo-nao-e-tao-simples\/#respond"]}],"copyrightYear":"2025","copyrightHolder":{"@id":"https:\/\/www.gaveanews.com\/#organization"}},{"@type":"WebPage","@id":"https:\/\/www.gaveanews.com\/index.php\/2025\/02\/07\/andre-jardine-revela-por-que-recusou-treinar-o-botafogo-nao-e-tao-simples\/","url":"https:\/\/www.gaveanews.com\/index.php\/2025\/02\/07\/andre-jardine-revela-por-que-recusou-treinar-o-botafogo-nao-e-tao-simples\/","name":"Andr\u00e9 Jardine revela por que recusou treinar o Botafogo: \"n\u00e3o \u00e9 t\u00e3o simples\"","isPartOf":{"@id":"https:\/\/www.gaveanews.com\/#website"},"primaryImageOfPage":{"@id":"https:\/\/www.gaveanews.com\/index.php\/2025\/02\/07\/andre-jardine-revela-por-que-recusou-treinar-o-botafogo-nao-e-tao-simples\/#primaryimage"},"image":{"@id":"https:\/\/www.gaveanews.com\/index.php\/2025\/02\/07\/andre-jardine-revela-por-que-recusou-treinar-o-botafogo-nao-e-tao-simples\/#primaryimage"},"thumbnailUrl":"https:\/\/www.gaveanews.com\/wp-content\/uploads\/Escudo-do-Botafogo-1.webp","datePublished":"2025-02-07T04:05:00+00:00","author":{"@id":"https:\/\/www.gaveanews.com\/#\/schema\/person\/37122681a8575a5c8db05a56f099a5e4"},"breadcrumb":{"@id":"https:\/\/www.gaveanews.com\/index.php\/2025\/02\/07\/andre-jardine-revela-por-que-recusou-treinar-o-botafogo-nao-e-tao-simples\/#breadcrumb"},"inLanguage":"pt-BR","potentialAction":[{"@type":"ReadAction","target":["https:\/\/www.gaveanews.com\/index.php\/2025\/02\/07\/andre-jardine-revela-por-que-recusou-treinar-o-botafogo-nao-e-tao-simples\/"]}]},{"@type":"ImageObject","inLanguage":"pt-BR","@id":"https:\/\/www.gaveanews.com\/index.php\/2025\/02\/07\/andre-jardine-revela-por-que-recusou-treinar-o-botafogo-nao-e-tao-simples\/#primaryimage","url":"https:\/\/www.gaveanews.com\/wp-content\/uploads\/Escudo-do-Botafogo-1.webp","contentUrl":"https:\/\/www.gaveanews.com\/wp-content\/uploads\/Escudo-do-Botafogo-1.webp","width":787,"height":525,"caption":"Escudo do Botafogo (Foto: Reprodu\u00e7\u00e3o\/Botafogo)"},{"@type":"BreadcrumbList","@id":"https:\/\/www.gaveanews.com\/index.php\/2025\/02\/07\/andre-jardine-revela-por-que-recusou-treinar-o-botafogo-nao-e-tao-simples\/#breadcrumb","itemListElement":[{"@type":"ListItem","position":1,"name":"Home","item":"https:\/\/www.gaveanews.com\/"},{"@type":"ListItem","position":2,"name":"Andr\u00e9 Jardine revela por que recusou treinar o Botafogo: &#8220;n\u00e3o \u00e9 t\u00e3o simples&#8221;"}]},{"@type":"WebSite","@id":"https:\/\/www.gaveanews.com\/#website","url":"https:\/\/www.gaveanews.com\/","name":"G\u00e1vea News","description":"Veja todas as not\u00edcias sobre o Flamengo: Contrata\u00e7\u00f5es, categorias de base, resultados das partidas, tabela de classifica\u00e7\u00e3o, pr\u00f3ximos jogos!","potentialAction":[{"@type":"SearchAction","target":{"@type":"EntryPoint","urlTemplate":"https:\/\/www.gaveanews.com\/?s={search_term_string}"},"query-input":{"@type":"PropertyValueSpecification","valueRequired":true,"valueName":"search_term_string"}}],"inLanguage":"pt-BR"},{"@type":"Person","@id":"https:\/\/www.gaveanews.com\/#\/schema\/person\/37122681a8575a5c8db05a56f099a5e4","name":"D\u00e9bora Figueiredo","image":{"@type":"ImageObject","inLanguage":"pt-BR","@id":"https:\/\/www.gaveanews.com\/#\/schema\/person\/image\/","url":"https:\/\/secure.gravatar.com\/avatar\/1f44802859351588499d26f52aed1d15796ce17e67602895b72837c08018868d?s=96&d=mm&r=g","contentUrl":"https:\/\/secure.gravatar.com\/avatar\/1f44802859351588499d26f52aed1d15796ce17e67602895b72837c08018868d?s=96&d=mm&r=g","caption":"D\u00e9bora Figueiredo"}}]}},"_links":{"self":[{"href":"https:\/\/www.gaveanews.com\/index.php\/wp-json\/wp\/v2\/posts\/224438","targetHints":{"allow":["GET"]}}],"collection":[{"href":"https:\/\/www.gaveanews.com\/index.php\/wp-json\/wp\/v2\/posts"}],"about":[{"href":"https:\/\/www.gaveanews.com\/index.php\/wp-json\/wp\/v2\/types\/post"}],"author":[{"embeddable":true,"href":"https:\/\/www.gaveanews.com\/index.php\/wp-json\/wp\/v2\/users\/16"}],"replies":[{"embeddable":true,"href":"https:\/\/www.gaveanews.com\/index.php\/wp-json\/wp\/v2\/comments?post=224438"}],"version-history":[{"count":1,"href":"https:\/\/www.gaveanews.com\/index.php\/wp-json\/wp\/v2\/posts\/224438\/revisions"}],"predecessor-version":[{"id":224440,"href":"https:\/\/www.gaveanews.com\/index.php\/wp-json\/wp\/v2\/posts\/224438\/revisions\/224440"}],"wp:featuredmedia":[{"embeddable":true,"href":"https:\/\/www.gaveanews.com\/index.php\/wp-json\/wp\/v2\/media\/182060"}],"wp:attachment":[{"href":"https:\/\/www.gaveanews.com\/index.php\/wp-json\/wp\/v2\/media?parent=224438"}],"wp:term":[{"taxonomy":"category","embeddable":true,"href":"https:\/\/www.gaveanews.com\/index.php\/wp-json\/wp\/v2\/categories?post=224438"},{"taxonomy":"post_tag","embeddable":true,"href":"https:\/\/www.gaveanews.com\/index.php\/wp-json\/wp\/v2\/tags?post=224438"}],"curies":[{"name":"wp","href":"https:\/\/api.w.org\/{rel}","templated":true}]}}