{"id":224439,"date":"2025-02-07T01:15:00","date_gmt":"2025-02-07T04:15:00","guid":{"rendered":"https:\/\/www.gaveanews.com\/?p=224439"},"modified":"2025-02-06T23:36:57","modified_gmt":"2025-02-07T02:36:57","slug":"video-bruno-prado-manda-recado-para-torcida-do-palmeiras","status":"publish","type":"post","link":"https:\/\/www.gaveanews.com\/index.php\/2025\/02\/07\/video-bruno-prado-manda-recado-para-torcida-do-palmeiras\/","title":{"rendered":"V\u00eddeo: Bruno Prado manda recado para torcida do Palmeiras"},"content":{"rendered":"\n<p>O Palmeiras iniciou a temporada com alguns trope\u00e7os no Campeonato Paulista, algo comum considerando que as equipes retornam de f\u00e9rias e ainda est\u00e3o em ritmo de &#8220;pr\u00e9-temporada&#8221;. No entanto, a torcida alviverde tem cobrado um desempenho mais consistente do time, e as cr\u00edticas v\u00eam se intensificando nos \u00faltimos jogos.<\/p>\n\n\n\n<p>Os empates contra Noroeste e Bragantino foram suficientes para criar um ambiente de press\u00e3o sobre o elenco. Apesar da equipe ter mantido uma base s\u00f3lida e estar em boa estrutura financeira, a insatisfa\u00e7\u00e3o de parte da torcida tem se manifestado de forma constante, mesmo nos primeiros meses do ano.<\/p>\n\n\n\n<p>Durante o programa JP Esportes, o comentarista Bruno Prado criticou a postura dos torcedores, classificando a press\u00e3o como exagerada e desnecess\u00e1ria neste momento da temporada. &#8220;\u00c9 muito exagerado esse neg\u00f3cio e realmente nesses primeiros meses de 2025 a torcida do Palmeiras n\u00e3o est\u00e1 ajudando em nada o time, ela est\u00e1 \u00e9 atrapalhando. Parece que a torcida fala assim: &#8216;A gente n\u00e3o tem grandes problemas, vamos ver o que a gente vai arrumar&#8217;. Isso \u00e9 uma loucura! O time est\u00e1 bem, tem dinheiro, est\u00e1 estruturado, disputa t\u00edtulo&#8230; Tem gente que quer cavar problemas&#8221;, disse o jornalista.<\/p>\n\n\n\n<h2 class=\"wp-block-heading\" id=\"h-veja-o-video\">Veja o v\u00eddeo<\/h2>\n\n\n\n<blockquote class=\"twitter-tweet\"><p lang=\"pt\" dir=\"ltr\">&quot;TEM GENTE QUE GOSTA DE CAVAR PROBLEMAS&quot;- <a href=\"https:\/\/twitter.com\/brunosprado?ref_src=twsrc%5Etfw\">@brunosprado<\/a> comenta sobre cr\u00edticas da torcida do Palmeiras com a diretoria do clube.<a href=\"https:\/\/twitter.com\/hashtag\/palmeiras?src=hash&amp;ref_src=twsrc%5Etfw\">#palmeiras<\/a> <a href=\"https:\/\/twitter.com\/hashtag\/abelferreira?src=hash&amp;ref_src=twsrc%5Etfw\">#abelferreira<\/a> <a href=\"https:\/\/twitter.com\/hashtag\/andersonbarros?src=hash&amp;ref_src=twsrc%5Etfw\">#andersonbarros<\/a> <a href=\"https:\/\/twitter.com\/hashtag\/leilapereira?src=hash&amp;ref_src=twsrc%5Etfw\">#leilapereira<\/a> <a href=\"https:\/\/t.co\/o07iumbJ5G\">pic.twitter.com\/o07iumbJ5G<\/a><\/p>&mdash; Jovem Pan Esportes (@JovemPanEsporte) <a href=\"https:\/\/twitter.com\/JovemPanEsporte\/status\/1887531054031876577?ref_src=twsrc%5Etfw\">February 6, 2025<\/a><\/blockquote> <script async src=\"https:\/\/platform.twitter.com\/widgets.js\" charset=\"utf-8\"><\/script>\n\n\n\n<p>Uma das principais queixas dos torcedores \u00e9 a aus\u00eancia de um centroavante de refer\u00eancia. Flaco L\u00f3pez foi contratado para suprir essa fun\u00e7\u00e3o, mas na temporada passada n\u00e3o conseguiu se firmar como titular nem ser decisivo nos momentos mais importantes. Isso aumentou a press\u00e3o para que o clube busque um nome de peso para a posi\u00e7\u00e3o.<\/p>\n\n\n\n<p>Com a disputa do Super Mundial de Clubes no meio do ano, a diretoria alviverde avalia a possibilidade de ir ao mercado para refor\u00e7ar o ataque. A competi\u00e7\u00e3o ser\u00e1 um dos maiores desafios da temporada e a expectativa \u00e9 de que o elenco esteja completo para brigar pelo t\u00edtulo internacional.<\/p>\n\n\n\n<p>Por enquanto, o t\u00e9cnico Abel Ferreira trabalha para ajustar a equipe e minimizar os ru\u00eddos externos. O Palmeiras segue na briga pelo t\u00edtulo estadual, mas precisar\u00e1 lidar com a cobran\u00e7a da torcida ao longo da temporada.<\/p>\n","protected":false},"excerpt":{"rendered":"<p>O Palmeiras iniciou a temporada com alguns trope\u00e7os no Campeonato Paulista, algo comum considerando que as equipes retornam de f\u00e9rias e ainda est\u00e3o em ritmo de &#8220;pr\u00e9-temporada&#8221;. No entanto, a torcida alviverde tem cobrado um desempenho mais consistente do time, e as cr\u00edticas v\u00eam se intensificando nos \u00faltimos jogos. Os empates contra Noroeste e Bragantino [&hellip;]<\/p>\n","protected":false},"author":23,"featured_media":152159,"comment_status":"open","ping_status":"closed","sticky":false,"template":"","format":"standard","meta":{"footnotes":""},"categories":[150],"tags":[],"class_list":["post-224439","post","type-post","status-publish","format-standard","has-post-thumbnail","hentry","category-palmeiras"],"yoast_head":"<!-- This site is optimized with the Yoast SEO Premium plugin v24.2 (Yoast SEO v26.9) - https:\/\/yoast.com\/product\/yoast-seo-premium-wordpress\/ -->\n<title>V\u00eddeo: Bruno Prado manda recado para torcida do Palmeiras<\/title>\n<meta name=\"robots\" content=\"index, follow, max-snippet:-1, max-image-preview:large, max-video-preview:-1\" \/>\n<link rel=\"canonical\" href=\"https:\/\/www.gaveanews.com\/index.php\/2025\/02\/07\/video-bruno-prado-manda-recado-para-torcida-do-palmeiras\/\" \/>\n<meta property=\"og:locale\" content=\"pt_BR\" \/>\n<meta property=\"og:type\" content=\"article\" \/>\n<meta property=\"og:title\" content=\"V\u00eddeo: Bruno Prado manda recado para torcida do Palmeiras\" \/>\n<meta property=\"og:description\" content=\"O Palmeiras iniciou a temporada com alguns trope\u00e7os no Campeonato Paulista, algo comum considerando que as equipes retornam de f\u00e9rias e ainda est\u00e3o em ritmo de &#8220;pr\u00e9-temporada&#8221;. No entanto, a torcida alviverde tem cobrado um desempenho mais consistente do time, e as cr\u00edticas v\u00eam se intensificando nos \u00faltimos jogos. Os empates contra Noroeste e Bragantino [&hellip;]\" \/>\n<meta property=\"og:url\" content=\"https:\/\/www.gaveanews.com\/index.php\/2025\/02\/07\/video-bruno-prado-manda-recado-para-torcida-do-palmeiras\/\" \/>\n<meta property=\"og:site_name\" content=\"G\u00e1vea News\" \/>\n<meta property=\"article:publisher\" content=\"https:\/\/facebook.com\/gaveaNews\/\" \/>\n<meta property=\"article:published_time\" content=\"2025-02-07T04:15:00+00:00\" \/>\n<meta property=\"og:image\" content=\"https:\/\/www.gaveanews.com\/wp-content\/uploads\/Escudo-do-Palmeiras.webp\" \/>\n\t<meta property=\"og:image:width\" content=\"1000\" \/>\n\t<meta property=\"og:image:height\" content=\"667\" \/>\n\t<meta property=\"og:image:type\" content=\"image\/webp\" \/>\n<meta name=\"author\" content=\"Leandro Azevedo\" \/>\n<meta name=\"twitter:card\" content=\"summary_large_image\" \/>\n<meta name=\"twitter:label1\" content=\"Escrito por\" \/>\n\t<meta name=\"twitter:data1\" content=\"Leandro Azevedo\" \/>\n\t<meta name=\"twitter:label2\" content=\"Est. tempo de leitura\" \/>\n\t<meta name=\"twitter:data2\" content=\"3 minutos\" \/>\n<script type=\"application\/ld+json\" class=\"yoast-schema-graph\">{\"@context\":\"https:\/\/schema.org\",\"@graph\":[{\"@type\":\"NewsArticle\",\"@id\":\"https:\/\/www.gaveanews.com\/index.php\/2025\/02\/07\/video-bruno-prado-manda-recado-para-torcida-do-palmeiras\/#article\",\"isPartOf\":{\"@id\":\"https:\/\/www.gaveanews.com\/index.php\/2025\/02\/07\/video-bruno-prado-manda-recado-para-torcida-do-palmeiras\/\"},\"author\":{\"name\":\"Leandro Azevedo\",\"@id\":\"https:\/\/www.gaveanews.com\/#\/schema\/person\/2877169f354c4596cf5aab74ea7c56a8\"},\"headline\":\"V\u00eddeo: Bruno Prado manda recado para torcida do Palmeiras\",\"datePublished\":\"2025-02-07T04:15:00+00:00\",\"mainEntityOfPage\":{\"@id\":\"https:\/\/www.gaveanews.com\/index.php\/2025\/02\/07\/video-bruno-prado-manda-recado-para-torcida-do-palmeiras\/\"},\"wordCount\":411,\"commentCount\":0,\"image\":{\"@id\":\"https:\/\/www.gaveanews.com\/index.php\/2025\/02\/07\/video-bruno-prado-manda-recado-para-torcida-do-palmeiras\/#primaryimage\"},\"thumbnailUrl\":\"https:\/\/www.gaveanews.com\/wp-content\/uploads\/Escudo-do-Palmeiras.webp\",\"articleSection\":[\"Palmeiras\"],\"inLanguage\":\"pt-BR\",\"potentialAction\":[{\"@type\":\"CommentAction\",\"name\":\"Comment\",\"target\":[\"https:\/\/www.gaveanews.com\/index.php\/2025\/02\/07\/video-bruno-prado-manda-recado-para-torcida-do-palmeiras\/#respond\"]}],\"copyrightYear\":\"2025\",\"copyrightHolder\":{\"@id\":\"https:\/\/www.gaveanews.com\/#organization\"}},{\"@type\":\"WebPage\",\"@id\":\"https:\/\/www.gaveanews.com\/index.php\/2025\/02\/07\/video-bruno-prado-manda-recado-para-torcida-do-palmeiras\/\",\"url\":\"https:\/\/www.gaveanews.com\/index.php\/2025\/02\/07\/video-bruno-prado-manda-recado-para-torcida-do-palmeiras\/\",\"name\":\"V\u00eddeo: Bruno Prado manda recado para torcida do Palmeiras\",\"isPartOf\":{\"@id\":\"https:\/\/www.gaveanews.com\/#website\"},\"primaryImageOfPage\":{\"@id\":\"https:\/\/www.gaveanews.com\/index.php\/2025\/02\/07\/video-bruno-prado-manda-recado-para-torcida-do-palmeiras\/#primaryimage\"},\"image\":{\"@id\":\"https:\/\/www.gaveanews.com\/index.php\/2025\/02\/07\/video-bruno-prado-manda-recado-para-torcida-do-palmeiras\/#primaryimage\"},\"thumbnailUrl\":\"https:\/\/www.gaveanews.com\/wp-content\/uploads\/Escudo-do-Palmeiras.webp\",\"datePublished\":\"2025-02-07T04:15:00+00:00\",\"author\":{\"@id\":\"https:\/\/www.gaveanews.com\/#\/schema\/person\/2877169f354c4596cf5aab74ea7c56a8\"},\"breadcrumb\":{\"@id\":\"https:\/\/www.gaveanews.com\/index.php\/2025\/02\/07\/video-bruno-prado-manda-recado-para-torcida-do-palmeiras\/#breadcrumb\"},\"inLanguage\":\"pt-BR\",\"potentialAction\":[{\"@type\":\"ReadAction\",\"target\":[\"https:\/\/www.gaveanews.com\/index.php\/2025\/02\/07\/video-bruno-prado-manda-recado-para-torcida-do-palmeiras\/\"]}]},{\"@type\":\"ImageObject\",\"inLanguage\":\"pt-BR\",\"@id\":\"https:\/\/www.gaveanews.com\/index.php\/2025\/02\/07\/video-bruno-prado-manda-recado-para-torcida-do-palmeiras\/#primaryimage\",\"url\":\"https:\/\/www.gaveanews.com\/wp-content\/uploads\/Escudo-do-Palmeiras.webp\",\"contentUrl\":\"https:\/\/www.gaveanews.com\/wp-content\/uploads\/Escudo-do-Palmeiras.webp\",\"width\":1000,\"height\":667,\"caption\":\"Escudo do Palmeiras (Foto Reprodu\u00e7\u00e3o\/Instagram)\"},{\"@type\":\"BreadcrumbList\",\"@id\":\"https:\/\/www.gaveanews.com\/index.php\/2025\/02\/07\/video-bruno-prado-manda-recado-para-torcida-do-palmeiras\/#breadcrumb\",\"itemListElement\":[{\"@type\":\"ListItem\",\"position\":1,\"name\":\"Home\",\"item\":\"https:\/\/www.gaveanews.com\/\"},{\"@type\":\"ListItem\",\"position\":2,\"name\":\"V\u00eddeo: Bruno Prado manda recado para torcida do Palmeiras\"}]},{\"@type\":\"WebSite\",\"@id\":\"https:\/\/www.gaveanews.com\/#website\",\"url\":\"https:\/\/www.gaveanews.com\/\",\"name\":\"G\u00e1vea News\",\"description\":\"Veja todas as not\u00edcias sobre o Flamengo: Contrata\u00e7\u00f5es, categorias de base, resultados das partidas, tabela de classifica\u00e7\u00e3o, pr\u00f3ximos jogos!\",\"potentialAction\":[{\"@type\":\"SearchAction\",\"target\":{\"@type\":\"EntryPoint\",\"urlTemplate\":\"https:\/\/www.gaveanews.com\/?s={search_term_string}\"},\"query-input\":{\"@type\":\"PropertyValueSpecification\",\"valueRequired\":true,\"valueName\":\"search_term_string\"}}],\"inLanguage\":\"pt-BR\"},{\"@type\":\"Person\",\"@id\":\"https:\/\/www.gaveanews.com\/#\/schema\/person\/2877169f354c4596cf5aab74ea7c56a8\",\"name\":\"Leandro Azevedo\",\"image\":{\"@type\":\"ImageObject\",\"inLanguage\":\"pt-BR\",\"@id\":\"https:\/\/www.gaveanews.com\/#\/schema\/person\/image\/\",\"url\":\"https:\/\/secure.gravatar.com\/avatar\/e2f72eb6d986a41d592a85e4e36a6c6170e9ea8a1f433dfc29d0011a8968f89c?s=96&d=mm&r=g\",\"contentUrl\":\"https:\/\/secure.gravatar.com\/avatar\/e2f72eb6d986a41d592a85e4e36a6c6170e9ea8a1f433dfc29d0011a8968f89c?s=96&d=mm&r=g\",\"caption\":\"Leandro Azevedo\"}}]}<\/script>\n<!-- \/ Yoast SEO Premium plugin. -->","yoast_head_json":{"title":"V\u00eddeo: Bruno Prado manda recado para torcida do Palmeiras","robots":{"index":"index","follow":"follow","max-snippet":"max-snippet:-1","max-image-preview":"max-image-preview:large","max-video-preview":"max-video-preview:-1"},"canonical":"https:\/\/www.gaveanews.com\/index.php\/2025\/02\/07\/video-bruno-prado-manda-recado-para-torcida-do-palmeiras\/","og_locale":"pt_BR","og_type":"article","og_title":"V\u00eddeo: Bruno Prado manda recado para torcida do Palmeiras","og_description":"O Palmeiras iniciou a temporada com alguns trope\u00e7os no Campeonato Paulista, algo comum considerando que as equipes retornam de f\u00e9rias e ainda est\u00e3o em ritmo de &#8220;pr\u00e9-temporada&#8221;. No entanto, a torcida alviverde tem cobrado um desempenho mais consistente do time, e as cr\u00edticas v\u00eam se intensificando nos \u00faltimos jogos. Os empates contra Noroeste e Bragantino [&hellip;]","og_url":"https:\/\/www.gaveanews.com\/index.php\/2025\/02\/07\/video-bruno-prado-manda-recado-para-torcida-do-palmeiras\/","og_site_name":"G\u00e1vea News","article_publisher":"https:\/\/facebook.com\/gaveaNews\/","article_published_time":"2025-02-07T04:15:00+00:00","og_image":[{"width":1000,"height":667,"url":"https:\/\/www.gaveanews.com\/wp-content\/uploads\/Escudo-do-Palmeiras.webp","type":"image\/webp"}],"author":"Leandro Azevedo","twitter_card":"summary_large_image","twitter_misc":{"Escrito por":"Leandro Azevedo","Est. tempo de leitura":"3 minutos"},"schema":{"@context":"https:\/\/schema.org","@graph":[{"@type":"NewsArticle","@id":"https:\/\/www.gaveanews.com\/index.php\/2025\/02\/07\/video-bruno-prado-manda-recado-para-torcida-do-palmeiras\/#article","isPartOf":{"@id":"https:\/\/www.gaveanews.com\/index.php\/2025\/02\/07\/video-bruno-prado-manda-recado-para-torcida-do-palmeiras\/"},"author":{"name":"Leandro Azevedo","@id":"https:\/\/www.gaveanews.com\/#\/schema\/person\/2877169f354c4596cf5aab74ea7c56a8"},"headline":"V\u00eddeo: Bruno Prado manda recado para torcida do Palmeiras","datePublished":"2025-02-07T04:15:00+00:00","mainEntityOfPage":{"@id":"https:\/\/www.gaveanews.com\/index.php\/2025\/02\/07\/video-bruno-prado-manda-recado-para-torcida-do-palmeiras\/"},"wordCount":411,"commentCount":0,"image":{"@id":"https:\/\/www.gaveanews.com\/index.php\/2025\/02\/07\/video-bruno-prado-manda-recado-para-torcida-do-palmeiras\/#primaryimage"},"thumbnailUrl":"https:\/\/www.gaveanews.com\/wp-content\/uploads\/Escudo-do-Palmeiras.webp","articleSection":["Palmeiras"],"inLanguage":"pt-BR","potentialAction":[{"@type":"CommentAction","name":"Comment","target":["https:\/\/www.gaveanews.com\/index.php\/2025\/02\/07\/video-bruno-prado-manda-recado-para-torcida-do-palmeiras\/#respond"]}],"copyrightYear":"2025","copyrightHolder":{"@id":"https:\/\/www.gaveanews.com\/#organization"}},{"@type":"WebPage","@id":"https:\/\/www.gaveanews.com\/index.php\/2025\/02\/07\/video-bruno-prado-manda-recado-para-torcida-do-palmeiras\/","url":"https:\/\/www.gaveanews.com\/index.php\/2025\/02\/07\/video-bruno-prado-manda-recado-para-torcida-do-palmeiras\/","name":"V\u00eddeo: Bruno Prado manda recado para torcida do Palmeiras","isPartOf":{"@id":"https:\/\/www.gaveanews.com\/#website"},"primaryImageOfPage":{"@id":"https:\/\/www.gaveanews.com\/index.php\/2025\/02\/07\/video-bruno-prado-manda-recado-para-torcida-do-palmeiras\/#primaryimage"},"image":{"@id":"https:\/\/www.gaveanews.com\/index.php\/2025\/02\/07\/video-bruno-prado-manda-recado-para-torcida-do-palmeiras\/#primaryimage"},"thumbnailUrl":"https:\/\/www.gaveanews.com\/wp-content\/uploads\/Escudo-do-Palmeiras.webp","datePublished":"2025-02-07T04:15:00+00:00","author":{"@id":"https:\/\/www.gaveanews.com\/#\/schema\/person\/2877169f354c4596cf5aab74ea7c56a8"},"breadcrumb":{"@id":"https:\/\/www.gaveanews.com\/index.php\/2025\/02\/07\/video-bruno-prado-manda-recado-para-torcida-do-palmeiras\/#breadcrumb"},"inLanguage":"pt-BR","potentialAction":[{"@type":"ReadAction","target":["https:\/\/www.gaveanews.com\/index.php\/2025\/02\/07\/video-bruno-prado-manda-recado-para-torcida-do-palmeiras\/"]}]},{"@type":"ImageObject","inLanguage":"pt-BR","@id":"https:\/\/www.gaveanews.com\/index.php\/2025\/02\/07\/video-bruno-prado-manda-recado-para-torcida-do-palmeiras\/#primaryimage","url":"https:\/\/www.gaveanews.com\/wp-content\/uploads\/Escudo-do-Palmeiras.webp","contentUrl":"https:\/\/www.gaveanews.com\/wp-content\/uploads\/Escudo-do-Palmeiras.webp","width":1000,"height":667,"caption":"Escudo do Palmeiras (Foto Reprodu\u00e7\u00e3o\/Instagram)"},{"@type":"BreadcrumbList","@id":"https:\/\/www.gaveanews.com\/index.php\/2025\/02\/07\/video-bruno-prado-manda-recado-para-torcida-do-palmeiras\/#breadcrumb","itemListElement":[{"@type":"ListItem","position":1,"name":"Home","item":"https:\/\/www.gaveanews.com\/"},{"@type":"ListItem","position":2,"name":"V\u00eddeo: Bruno Prado manda recado para torcida do Palmeiras"}]},{"@type":"WebSite","@id":"https:\/\/www.gaveanews.com\/#website","url":"https:\/\/www.gaveanews.com\/","name":"G\u00e1vea News","description":"Veja todas as not\u00edcias sobre o Flamengo: Contrata\u00e7\u00f5es, categorias de base, resultados das partidas, tabela de classifica\u00e7\u00e3o, pr\u00f3ximos jogos!","potentialAction":[{"@type":"SearchAction","target":{"@type":"EntryPoint","urlTemplate":"https:\/\/www.gaveanews.com\/?s={search_term_string}"},"query-input":{"@type":"PropertyValueSpecification","valueRequired":true,"valueName":"search_term_string"}}],"inLanguage":"pt-BR"},{"@type":"Person","@id":"https:\/\/www.gaveanews.com\/#\/schema\/person\/2877169f354c4596cf5aab74ea7c56a8","name":"Leandro Azevedo","image":{"@type":"ImageObject","inLanguage":"pt-BR","@id":"https:\/\/www.gaveanews.com\/#\/schema\/person\/image\/","url":"https:\/\/secure.gravatar.com\/avatar\/e2f72eb6d986a41d592a85e4e36a6c6170e9ea8a1f433dfc29d0011a8968f89c?s=96&d=mm&r=g","contentUrl":"https:\/\/secure.gravatar.com\/avatar\/e2f72eb6d986a41d592a85e4e36a6c6170e9ea8a1f433dfc29d0011a8968f89c?s=96&d=mm&r=g","caption":"Leandro Azevedo"}}]}},"_links":{"self":[{"href":"https:\/\/www.gaveanews.com\/index.php\/wp-json\/wp\/v2\/posts\/224439","targetHints":{"allow":["GET"]}}],"collection":[{"href":"https:\/\/www.gaveanews.com\/index.php\/wp-json\/wp\/v2\/posts"}],"about":[{"href":"https:\/\/www.gaveanews.com\/index.php\/wp-json\/wp\/v2\/types\/post"}],"author":[{"embeddable":true,"href":"https:\/\/www.gaveanews.com\/index.php\/wp-json\/wp\/v2\/users\/23"}],"replies":[{"embeddable":true,"href":"https:\/\/www.gaveanews.com\/index.php\/wp-json\/wp\/v2\/comments?post=224439"}],"version-history":[{"count":1,"href":"https:\/\/www.gaveanews.com\/index.php\/wp-json\/wp\/v2\/posts\/224439\/revisions"}],"predecessor-version":[{"id":224442,"href":"https:\/\/www.gaveanews.com\/index.php\/wp-json\/wp\/v2\/posts\/224439\/revisions\/224442"}],"wp:featuredmedia":[{"embeddable":true,"href":"https:\/\/www.gaveanews.com\/index.php\/wp-json\/wp\/v2\/media\/152159"}],"wp:attachment":[{"href":"https:\/\/www.gaveanews.com\/index.php\/wp-json\/wp\/v2\/media?parent=224439"}],"wp:term":[{"taxonomy":"category","embeddable":true,"href":"https:\/\/www.gaveanews.com\/index.php\/wp-json\/wp\/v2\/categories?post=224439"},{"taxonomy":"post_tag","embeddable":true,"href":"https:\/\/www.gaveanews.com\/index.php\/wp-json\/wp\/v2\/tags?post=224439"}],"curies":[{"name":"wp","href":"https:\/\/api.w.org\/{rel}","templated":true}]}}