{"id":224453,"date":"2025-02-07T02:30:00","date_gmt":"2025-02-07T05:30:00","guid":{"rendered":"https:\/\/www.gaveanews.com\/?p=224453"},"modified":"2025-02-07T00:00:38","modified_gmt":"2025-02-07T03:00:38","slug":"rossi-wesley-danilo-leo-ortiz-alex-sandro-jorginho-de-la-cruz-arrascaeta-gerson-juninho-cebolinha-a-escalacao-ideal-do-flamengo-segundo-renato-mauricio-prado","status":"publish","type":"post","link":"https:\/\/www.gaveanews.com\/index.php\/2025\/02\/07\/rossi-wesley-danilo-leo-ortiz-alex-sandro-jorginho-de-la-cruz-arrascaeta-gerson-juninho-cebolinha-a-escalacao-ideal-do-flamengo-segundo-renato-mauricio-prado\/","title":{"rendered":"Rossi, Wesley, Danilo, L\u00e9o Ortiz, Alex Sandro, Jorginho, De La Cruz, Arrascaeta, Gerson, Juninho, Cebolinha: a escala\u00e7\u00e3o ideal do Flamengo, segundo Renato Maur\u00edcio Prado"},"content":{"rendered":"\n<p>O jornalista Renato Maur\u00edcio Prado est\u00e1 empolgado com o plantel do Flamengo para 2025. Al\u00e9m de conquistar a Supercopa do Brasil, existe a expectativa que o Mais Querido avance at\u00e9 \u00e0s fases finais de todas as competi\u00e7\u00f5es que disputar. Por isso, tem projetado como Filipe Lu\u00eds deve escalar os onze titulares.<\/p>\n\n\n\n<p>Ele destacou que o atacante Luiz Ara\u00fajo est\u00e1 \u201cpedindo passagem\u201d, depois que retornou de les\u00e3o e ainda prev\u00ea que Pedro deve voltar no meio do ano. Outro que ele citou e incluiu na lista \u00e9 o meio-campista Jorginho, do Arsenal, da Inglaterra, que est\u00e1 pr\u00f3ximo de fechar. Com toda a gama de possibilidades que o treinador rubro-negro t\u00eam em m\u00e3os, para o jornalista o Flamengo deve ir a campo com:<\/p>\n\n\n\n<h2 class=\"wp-block-heading\" id=\"h-rossi\">Rossi<\/h2>\n\n\n\n<p>Na meta flamenguista n\u00e3o existe mist\u00e9rio. Para Renato Maur\u00edcio Prado, o goleiro titular do Flamengo \u00e9 o argentino de 29 anos de idade. Desde que se desvinculou do Boca Juniors, da Argentina, esta \u00e9 a terceira temporada que ele defende o Mais Querido.<\/p>\n\n\n\n<figure class=\"wp-block-image size-large\"><img loading=\"lazy\" decoding=\"async\" width=\"1024\" height=\"576\" src=\"http:\/\/www.gaveanews.com\/wp-content\/uploads\/agustin-rossi-chega-proximo-de-marca-historica-1024x576.webp\" alt=\"\" class=\"wp-image-148778\" srcset=\"https:\/\/www.gaveanews.com\/wp-content\/uploads\/agustin-rossi-chega-proximo-de-marca-historica-1024x576.webp 1024w, https:\/\/www.gaveanews.com\/wp-content\/uploads\/agustin-rossi-chega-proximo-de-marca-historica-300x169.webp 300w, https:\/\/www.gaveanews.com\/wp-content\/uploads\/agustin-rossi-chega-proximo-de-marca-historica-768x432.webp 768w, https:\/\/www.gaveanews.com\/wp-content\/uploads\/agustin-rossi-chega-proximo-de-marca-historica-747x420.webp 747w, https:\/\/www.gaveanews.com\/wp-content\/uploads\/agustin-rossi-chega-proximo-de-marca-historica-640x360.webp 640w, https:\/\/www.gaveanews.com\/wp-content\/uploads\/agustin-rossi-chega-proximo-de-marca-historica-1280x720.webp 1280w, https:\/\/www.gaveanews.com\/wp-content\/uploads\/agustin-rossi-chega-proximo-de-marca-historica-681x383.webp 681w, https:\/\/www.gaveanews.com\/wp-content\/uploads\/agustin-rossi-chega-proximo-de-marca-historica-1362x766.webp 1362w, https:\/\/www.gaveanews.com\/wp-content\/uploads\/agustin-rossi-chega-proximo-de-marca-historica-100x56.webp 100w, https:\/\/www.gaveanews.com\/wp-content\/uploads\/agustin-rossi-chega-proximo-de-marca-historica.webp 1440w\" sizes=\"auto, (max-width: 1024px) 100vw, 1024px\" \/><figcaption class=\"wp-element-caption\">Foto: Alexandre Dur\u00e3o<\/figcaption><\/figure>\n\n\n\n<h2 class=\"wp-block-heading\" id=\"h-wesley\">Wesley<\/h2>\n\n\n\n<p>A lateral-direita tem dono. O defensor revelado nas categorias de base do Meng\u00e3o come\u00e7ou a se destacar na equipe depois que Filipe Lu\u00eds assumiu o comando. Isso tem despertado o interesse de v\u00e1rios clubes europeus e a tend\u00eancia \u00e9 que ele receba propostas volumosas para sair do Flamengo no meio da temporada.<\/p>\n\n\n\n<figure class=\"wp-block-image size-full\"><img loading=\"lazy\" decoding=\"async\" width=\"512\" height=\"341\" src=\"http:\/\/www.gaveanews.com\/wp-content\/uploads\/Wesley-durante-jogo-contra-o-Bolivar-pela-Libertadores-no-Maracana.webp\" alt=\"\" class=\"wp-image-158934\" srcset=\"https:\/\/www.gaveanews.com\/wp-content\/uploads\/Wesley-durante-jogo-contra-o-Bolivar-pela-Libertadores-no-Maracana.webp 512w, https:\/\/www.gaveanews.com\/wp-content\/uploads\/Wesley-durante-jogo-contra-o-Bolivar-pela-Libertadores-no-Maracana-300x200.webp 300w, https:\/\/www.gaveanews.com\/wp-content\/uploads\/Wesley-durante-jogo-contra-o-Bolivar-pela-Libertadores-no-Maracana-100x67.webp 100w\" sizes=\"auto, (max-width: 512px) 100vw, 512px\" \/><figcaption class=\"wp-element-caption\">Wesley durante jogo contra o Bol\u00edvar, pela Libertadores, no Maracan\u00e3 (Foto: Gilvan de Souza\/Flamengo)<\/figcaption><\/figure>\n\n\n\n<h2 class=\"wp-block-heading\" id=\"h-danilo\">Danilo<\/h2>\n\n\n\n<p>Na zaga central, Danilo \u00e9 o escalado. O defensor acabou de assinar contrato com o Flamengo depois de se desvincular da Juventus, da It\u00e1lia, e \u00e9 um dos grandes refor\u00e7os rubro-negros para esta temporada.<\/p>\n\n\n\n<figure class=\"wp-block-image size-full\"><img loading=\"lazy\" decoding=\"async\" width=\"622\" height=\"519\" src=\"http:\/\/www.gaveanews.com\/wp-content\/uploads\/Danilo-pelo-Flamengo.webp\" alt=\"\" class=\"wp-image-222093\"\/><figcaption class=\"wp-element-caption\">Danilo pelo Flamengo (Foto: Divulga\u00e7\u00e3o\/Flamengo)<\/figcaption><\/figure>\n\n\n\n<h2 class=\"wp-block-heading\" id=\"h-leo-ortiz\">L\u00e9o Ortiz<\/h2>\n\n\n\n<p>Na quarta zaga, L\u00e9o Ortiz. Contratado junto ao Red Bull Bragantino na \u00faltima temporada, o zagueiro mostrou toda a versatilidade que tem ao atuar como primeiro volante com Tite. Mas com Filipe Lu\u00eds, voltou \u00e0 posi\u00e7\u00e3o de origem e tem sido um dos destaques da equipe.<\/p>\n\n\n\n<figure class=\"wp-block-image size-large\"><img loading=\"lazy\" decoding=\"async\" width=\"1024\" height=\"683\" src=\"http:\/\/www.gaveanews.com\/wp-content\/uploads\/Leo-Ortiz-jogador-do-Flamengo-1024x683.webp\" alt=\"\" class=\"wp-image-144250\" srcset=\"https:\/\/www.gaveanews.com\/wp-content\/uploads\/Leo-Ortiz-jogador-do-Flamengo-1024x683.webp 1024w, https:\/\/www.gaveanews.com\/wp-content\/uploads\/Leo-Ortiz-jogador-do-Flamengo-300x200.webp 300w, https:\/\/www.gaveanews.com\/wp-content\/uploads\/Leo-Ortiz-jogador-do-Flamengo-768x512.webp 768w, https:\/\/www.gaveanews.com\/wp-content\/uploads\/Leo-Ortiz-jogador-do-Flamengo-630x420.webp 630w, https:\/\/www.gaveanews.com\/wp-content\/uploads\/Leo-Ortiz-jogador-do-Flamengo-1260x840.webp 1260w, https:\/\/www.gaveanews.com\/wp-content\/uploads\/Leo-Ortiz-jogador-do-Flamengo-640x427.webp 640w, https:\/\/www.gaveanews.com\/wp-content\/uploads\/Leo-Ortiz-jogador-do-Flamengo-1280x853.webp 1280w, https:\/\/www.gaveanews.com\/wp-content\/uploads\/Leo-Ortiz-jogador-do-Flamengo-681x454.webp 681w, https:\/\/www.gaveanews.com\/wp-content\/uploads\/Leo-Ortiz-jogador-do-Flamengo-1362x908.webp 1362w, https:\/\/www.gaveanews.com\/wp-content\/uploads\/Leo-Ortiz-jogador-do-Flamengo-100x67.webp 100w, https:\/\/www.gaveanews.com\/wp-content\/uploads\/Leo-Ortiz-jogador-do-Flamengo.webp 1440w\" sizes=\"auto, (max-width: 1024px) 100vw, 1024px\" \/><figcaption class=\"wp-element-caption\">L\u00e9o Ortiz, jogador do Flamengo (Foto Reprodu\u00e7\u00e3o\/Instagram)<\/figcaption><\/figure>\n\n\n\n<h2 class=\"wp-block-heading\" id=\"h-alex-sandro\">Alex Sandro<\/h2>\n\n\n\n<p>A lateral-esquerdo pertence a Alex Sandro. O defensor fechou com o Flamengo no meio da \u00faltima temporada e assumiu a titularidade do setor, desbancando Ayrton Lucas. Ele fecha o setor defensivo rubro-negro, segundo Renato Maur\u00edcio Prado.<\/p>\n\n\n\n<figure class=\"wp-block-image size-full\"><img loading=\"lazy\" decoding=\"async\" width=\"570\" height=\"450\" src=\"http:\/\/www.gaveanews.com\/wp-content\/uploads\/Alex-Sandro-pelo-FLAMENGO.webp\" alt=\"\" class=\"wp-image-222148\"\/><\/figure>\n\n\n\n<h2 class=\"wp-block-heading\" id=\"h-jorginho\">Jorginho<\/h2>\n\n\n\n<p>Na prote\u00e7\u00e3o \u00e0 zaga, o jornalista j\u00e1 escalou Jorginho. O \u00edtalo-brasileiro ainda tem os direitos econ\u00f4micos ligados ao Arsenal, da Inglaterra, mas est\u00e1 muito pr\u00f3ximo de assinar com o o Flamengo. <\/p>\n\n\n\n<figure class=\"wp-block-image size-full\"><img loading=\"lazy\" decoding=\"async\" width=\"720\" height=\"480\" src=\"http:\/\/www.gaveanews.com\/wp-content\/uploads\/jorginhofrello_1706562684408-edited.webp\" alt=\"\" class=\"wp-image-124380\" srcset=\"https:\/\/www.gaveanews.com\/wp-content\/uploads\/jorginhofrello_1706562684408-edited.webp 720w, https:\/\/www.gaveanews.com\/wp-content\/uploads\/jorginhofrello_1706562684408-edited-300x200.webp 300w, https:\/\/www.gaveanews.com\/wp-content\/uploads\/jorginhofrello_1706562684408-edited-630x420.webp 630w, https:\/\/www.gaveanews.com\/wp-content\/uploads\/jorginhofrello_1706562684408-edited-640x427.webp 640w, https:\/\/www.gaveanews.com\/wp-content\/uploads\/jorginhofrello_1706562684408-edited-681x454.webp 681w, https:\/\/www.gaveanews.com\/wp-content\/uploads\/jorginhofrello_1706562684408-edited-100x67.webp 100w\" sizes=\"auto, (max-width: 720px) 100vw, 720px\" \/><figcaption class=\"wp-element-caption\">Jorginho pela sele\u00e7\u00e3o da It\u00e1lia (Foto: Reprodu\u00e7\u00e3o\/Instagram)<\/figcaption><\/figure>\n\n\n\n<h2 class=\"wp-block-heading\" id=\"h-de-la-cruz\">De La Cruz<\/h2>\n\n\n\n<p>O meio-campista Nicolas De La Cruz aparece \u00e0 frente de Jorginho, pelo lado direito, fazendo a meia e dando equil\u00edbrio \u00e0s subidas de Wesley.<\/p>\n\n\n\n<figure class=\"wp-block-image size-large\"><img loading=\"lazy\" decoding=\"async\" width=\"1024\" height=\"640\" src=\"http:\/\/www.gaveanews.com\/wp-content\/uploads\/De-La-Cruz-em-acao-pelo-Flamengo-1024x640.webp\" alt=\"\" class=\"wp-image-162229\" srcset=\"https:\/\/www.gaveanews.com\/wp-content\/uploads\/De-La-Cruz-em-acao-pelo-Flamengo-1024x640.webp 1024w, https:\/\/www.gaveanews.com\/wp-content\/uploads\/De-La-Cruz-em-acao-pelo-Flamengo-300x188.webp 300w, https:\/\/www.gaveanews.com\/wp-content\/uploads\/De-La-Cruz-em-acao-pelo-Flamengo-768x480.webp 768w, https:\/\/www.gaveanews.com\/wp-content\/uploads\/De-La-Cruz-em-acao-pelo-Flamengo-672x420.webp 672w, https:\/\/www.gaveanews.com\/wp-content\/uploads\/De-La-Cruz-em-acao-pelo-Flamengo-640x400.webp 640w, https:\/\/www.gaveanews.com\/wp-content\/uploads\/De-La-Cruz-em-acao-pelo-Flamengo-681x426.webp 681w, https:\/\/www.gaveanews.com\/wp-content\/uploads\/De-La-Cruz-em-acao-pelo-Flamengo-100x63.webp 100w, https:\/\/www.gaveanews.com\/wp-content\/uploads\/De-La-Cruz-em-acao-pelo-Flamengo.webp 1200w\" sizes=\"auto, (max-width: 1024px) 100vw, 1024px\" \/><figcaption class=\"wp-element-caption\">De La Cruz em a\u00e7\u00e3o pelo Flamengo (Foto: Marcelo Cortes\/CRF)<\/figcaption><\/figure>\n\n\n\n<h2 class=\"wp-block-heading\" id=\"h-arrascaeta\">Arrascaeta<\/h2>\n\n\n\n<p>Centralizado e com liberdade para flutuar por todo o meio de campo est\u00e1 o camisa 10 e maior craque da equipe. O uruguaio Giorgian De Arrascaeta \u00e9 o c\u00e9rebro ofensivo do Flamengo e indispens\u00e1vel na escala\u00e7\u00e3o.<\/p>\n\n\n\n<figure class=\"wp-block-image size-full\"><img loading=\"lazy\" decoding=\"async\" width=\"900\" height=\"600\" src=\"http:\/\/www.gaveanews.com\/wp-content\/uploads\/arrascaeta-flamengo-gol.webp\" alt=\"\" class=\"wp-image-146116\" srcset=\"https:\/\/www.gaveanews.com\/wp-content\/uploads\/arrascaeta-flamengo-gol.webp 900w, https:\/\/www.gaveanews.com\/wp-content\/uploads\/arrascaeta-flamengo-gol-300x200.webp 300w, https:\/\/www.gaveanews.com\/wp-content\/uploads\/arrascaeta-flamengo-gol-768x512.webp 768w, https:\/\/www.gaveanews.com\/wp-content\/uploads\/arrascaeta-flamengo-gol-630x420.webp 630w, https:\/\/www.gaveanews.com\/wp-content\/uploads\/arrascaeta-flamengo-gol-640x427.webp 640w, https:\/\/www.gaveanews.com\/wp-content\/uploads\/arrascaeta-flamengo-gol-681x454.webp 681w, https:\/\/www.gaveanews.com\/wp-content\/uploads\/arrascaeta-flamengo-gol-100x67.webp 100w\" sizes=\"auto, (max-width: 900px) 100vw, 900px\" \/><figcaption class=\"wp-element-caption\">Arrascaeta marca gol pelo Flamengo (Foto: Gilvan de Souza\/Flamengo)<\/figcaption><\/figure>\n\n\n\n<h2 class=\"wp-block-heading\" id=\"h-gerson\">Gerson<\/h2>\n\n\n\n<p>Fechando a meia pelo lado esquerdo est\u00e1 o Coringa. Com a mobilidade que possui e intelig\u00eancia, pode tanto ajudar \u00e0s progress\u00f5es de Alex Sandro, quanto flutuar por dentro do campo, dando mais din\u00e2mica \u00e0s partidas.<\/p>\n\n\n\n<figure class=\"wp-block-image size-full\"><img loading=\"lazy\" decoding=\"async\" width=\"900\" height=\"600\" src=\"http:\/\/www.gaveanews.com\/wp-content\/uploads\/gerson-flamengo.webp\" alt=\"\" class=\"wp-image-145523\" srcset=\"https:\/\/www.gaveanews.com\/wp-content\/uploads\/gerson-flamengo.webp 900w, https:\/\/www.gaveanews.com\/wp-content\/uploads\/gerson-flamengo-300x200.webp 300w, https:\/\/www.gaveanews.com\/wp-content\/uploads\/gerson-flamengo-768x512.webp 768w, https:\/\/www.gaveanews.com\/wp-content\/uploads\/gerson-flamengo-630x420.webp 630w, https:\/\/www.gaveanews.com\/wp-content\/uploads\/gerson-flamengo-640x427.webp 640w, https:\/\/www.gaveanews.com\/wp-content\/uploads\/gerson-flamengo-681x454.webp 681w, https:\/\/www.gaveanews.com\/wp-content\/uploads\/gerson-flamengo-100x67.webp 100w\" sizes=\"auto, (max-width: 900px) 100vw, 900px\" \/><figcaption class=\"wp-element-caption\">Gerson em a\u00e7\u00e3o pelo Flamengo (Foto: Marcelo Cortes\/Flamengo)<\/figcaption><\/figure>\n\n\n\n<h2 class=\"wp-block-heading\" id=\"h-cebolinha\">Cebolinha<\/h2>\n\n\n\n<p>Cebolinha ganhou a vaga de Bruno Henrique, para o jornalista. Atuando como segundo atacante, caindo pelos dois lados do campo, Renato Maur\u00edcio Prado escalou Everton Cebolinha. O atacante ter\u00e1 a fun\u00e7\u00e3o de explorar a velocidade e vencer os marcados, quebrando as linhas defensivas do advers\u00e1rio. Al\u00e9m de ser um parceiro de Juninho, no ataque.<\/p>\n\n\n\n<figure class=\"wp-block-image size-full\"><img loading=\"lazy\" decoding=\"async\" width=\"780\" height=\"470\" src=\"http:\/\/www.gaveanews.com\/wp-content\/uploads\/Everton-Cebolinha-em-acao-pelo-Flamengo.webp\" alt=\"\" class=\"wp-image-157887\" srcset=\"https:\/\/www.gaveanews.com\/wp-content\/uploads\/Everton-Cebolinha-em-acao-pelo-Flamengo.webp 780w, https:\/\/www.gaveanews.com\/wp-content\/uploads\/Everton-Cebolinha-em-acao-pelo-Flamengo-300x181.webp 300w, https:\/\/www.gaveanews.com\/wp-content\/uploads\/Everton-Cebolinha-em-acao-pelo-Flamengo-768x463.webp 768w, https:\/\/www.gaveanews.com\/wp-content\/uploads\/Everton-Cebolinha-em-acao-pelo-Flamengo-697x420.webp 697w, https:\/\/www.gaveanews.com\/wp-content\/uploads\/Everton-Cebolinha-em-acao-pelo-Flamengo-640x386.webp 640w, https:\/\/www.gaveanews.com\/wp-content\/uploads\/Everton-Cebolinha-em-acao-pelo-Flamengo-681x410.webp 681w, https:\/\/www.gaveanews.com\/wp-content\/uploads\/Everton-Cebolinha-em-acao-pelo-Flamengo-100x60.webp 100w\" sizes=\"auto, (max-width: 780px) 100vw, 780px\" \/><figcaption class=\"wp-element-caption\">Everton Cebolinha em a\u00e7\u00e3o pelo Flamengo (Foto: Marcelo Cortes\/CRF)<\/figcaption><\/figure>\n\n\n\n<h2 class=\"wp-block-heading\" id=\"h-juninho\">Juninho<\/h2>\n\n\n\n<p>Por fim, o centroavante do Flamengo, Juninho. Ele acabou de chegar ao clube depois de ter os direitos econ\u00f4micos adquiridos junto ao Qarabag, do Azerbaij\u00e3o. Para Renato Maur\u00edcio Prado, ele \u00e9 a solu\u00e7\u00e3o ofensiva da equipe enquanto Pedro n\u00e3o est\u00e1 dispon\u00edvel e ap\u00f3s a sa\u00edda de Gabigol.<\/p>\n\n\n\n<figure class=\"wp-block-image size-large\"><img loading=\"lazy\" decoding=\"async\" width=\"1024\" height=\"683\" src=\"http:\/\/www.gaveanews.com\/wp-content\/uploads\/Juninho-1024x683.webp\" alt=\"\" class=\"wp-image-215915\" srcset=\"https:\/\/www.gaveanews.com\/wp-content\/uploads\/Juninho-1024x683.webp 1024w, https:\/\/www.gaveanews.com\/wp-content\/uploads\/Juninho-300x200.webp 300w, https:\/\/www.gaveanews.com\/wp-content\/uploads\/Juninho-768x512.webp 768w, https:\/\/www.gaveanews.com\/wp-content\/uploads\/Juninho-1536x1025.webp 1536w, https:\/\/www.gaveanews.com\/wp-content\/uploads\/Juninho-630x420.webp 630w, https:\/\/www.gaveanews.com\/wp-content\/uploads\/Juninho-1259x840.webp 1259w, https:\/\/www.gaveanews.com\/wp-content\/uploads\/Juninho-640x427.webp 640w, https:\/\/www.gaveanews.com\/wp-content\/uploads\/Juninho-1280x854.webp 1280w, https:\/\/www.gaveanews.com\/wp-content\/uploads\/Juninho-681x454.webp 681w, https:\/\/www.gaveanews.com\/wp-content\/uploads\/Juninho-1362x908.webp 1362w, https:\/\/www.gaveanews.com\/wp-content\/uploads\/Juninho-100x67.webp 100w, https:\/\/www.gaveanews.com\/wp-content\/uploads\/Juninho.webp 2048w\" sizes=\"auto, (max-width: 1024px) 100vw, 1024px\" \/><figcaption class=\"wp-element-caption\">Juninho, o novo camisa 23 do Flamengo (Foto: Gilvan de Souza \/ CRF)<\/figcaption><\/figure>\n","protected":false},"excerpt":{"rendered":"<p>O jornalista Renato Maur\u00edcio Prado est\u00e1 empolgado com o plantel do Flamengo para 2025. Al\u00e9m de conquistar a Supercopa do Brasil, existe a expectativa que o Mais Querido avance at\u00e9 \u00e0s fases finais de todas as competi\u00e7\u00f5es que disputar. Por isso, tem projetado como Filipe Lu\u00eds deve escalar os onze titulares. Ele destacou que o [&hellip;]<\/p>\n","protected":false},"author":29,"featured_media":124684,"comment_status":"open","ping_status":"closed","sticky":false,"template":"","format":"standard","meta":{"footnotes":""},"categories":[1],"tags":[],"class_list":["post-224453","post","type-post","status-publish","format-standard","has-post-thumbnail","hentry","category-flamengo"],"yoast_head":"<!-- This site is optimized with the Yoast SEO Premium plugin v24.2 (Yoast SEO v26.9) - https:\/\/yoast.com\/product\/yoast-seo-premium-wordpress\/ -->\n<title>Rossi, Wesley, Danilo, L\u00e9o Ortiz, Alex Sandro, Jorginho, De La Cruz, Arrascaeta, Gerson, Juninho, Cebolinha: a escala\u00e7\u00e3o ideal do Flamengo, segundo Renato Maur\u00edcio Prado<\/title>\n<meta name=\"robots\" content=\"index, follow, max-snippet:-1, max-image-preview:large, max-video-preview:-1\" \/>\n<link rel=\"canonical\" href=\"https:\/\/www.gaveanews.com\/index.php\/2025\/02\/07\/rossi-wesley-danilo-leo-ortiz-alex-sandro-jorginho-de-la-cruz-arrascaeta-gerson-juninho-cebolinha-a-escalacao-ideal-do-flamengo-segundo-renato-mauricio-prado\/\" \/>\n<meta property=\"og:locale\" content=\"pt_BR\" \/>\n<meta property=\"og:type\" content=\"article\" \/>\n<meta property=\"og:title\" content=\"Rossi, Wesley, Danilo, L\u00e9o Ortiz, Alex Sandro, Jorginho, De La Cruz, Arrascaeta, Gerson, Juninho, Cebolinha: a escala\u00e7\u00e3o ideal do Flamengo, segundo Renato Maur\u00edcio Prado\" \/>\n<meta property=\"og:description\" content=\"O jornalista Renato Maur\u00edcio Prado est\u00e1 empolgado com o plantel do Flamengo para 2025. Al\u00e9m de conquistar a Supercopa do Brasil, existe a expectativa que o Mais Querido avance at\u00e9 \u00e0s fases finais de todas as competi\u00e7\u00f5es que disputar. Por isso, tem projetado como Filipe Lu\u00eds deve escalar os onze titulares. Ele destacou que o [&hellip;]\" \/>\n<meta property=\"og:url\" content=\"https:\/\/www.gaveanews.com\/index.php\/2025\/02\/07\/rossi-wesley-danilo-leo-ortiz-alex-sandro-jorginho-de-la-cruz-arrascaeta-gerson-juninho-cebolinha-a-escalacao-ideal-do-flamengo-segundo-renato-mauricio-prado\/\" \/>\n<meta property=\"og:site_name\" content=\"G\u00e1vea News\" \/>\n<meta property=\"article:publisher\" content=\"https:\/\/facebook.com\/gaveaNews\/\" \/>\n<meta property=\"article:published_time\" content=\"2025-02-07T05:30:00+00:00\" \/>\n<meta property=\"og:image\" content=\"https:\/\/www.gaveanews.com\/wp-content\/uploads\/escudoDoFlamengo.webp\" \/>\n\t<meta property=\"og:image:width\" content=\"1095\" \/>\n\t<meta property=\"og:image:height\" content=\"730\" \/>\n\t<meta property=\"og:image:type\" content=\"image\/webp\" \/>\n<meta name=\"author\" content=\"Marco Menezes\" \/>\n<meta name=\"twitter:card\" content=\"summary_large_image\" \/>\n<meta name=\"twitter:label1\" content=\"Escrito por\" \/>\n\t<meta name=\"twitter:data1\" content=\"Marco Menezes\" \/>\n\t<meta name=\"twitter:label2\" content=\"Est. tempo de leitura\" \/>\n\t<meta name=\"twitter:data2\" content=\"7 minutos\" \/>\n<script type=\"application\/ld+json\" class=\"yoast-schema-graph\">{\"@context\":\"https:\/\/schema.org\",\"@graph\":[{\"@type\":\"NewsArticle\",\"@id\":\"https:\/\/www.gaveanews.com\/index.php\/2025\/02\/07\/rossi-wesley-danilo-leo-ortiz-alex-sandro-jorginho-de-la-cruz-arrascaeta-gerson-juninho-cebolinha-a-escalacao-ideal-do-flamengo-segundo-renato-mauricio-prado\/#article\",\"isPartOf\":{\"@id\":\"https:\/\/www.gaveanews.com\/index.php\/2025\/02\/07\/rossi-wesley-danilo-leo-ortiz-alex-sandro-jorginho-de-la-cruz-arrascaeta-gerson-juninho-cebolinha-a-escalacao-ideal-do-flamengo-segundo-renato-mauricio-prado\/\"},\"author\":{\"name\":\"Marco Menezes\",\"@id\":\"https:\/\/www.gaveanews.com\/#\/schema\/person\/a9f62fe75380c6bada1b2fc49bc23d69\"},\"headline\":\"Rossi, Wesley, Danilo, L\u00e9o Ortiz, Alex Sandro, Jorginho, De La Cruz, Arrascaeta, Gerson, Juninho, Cebolinha: a escala\u00e7\u00e3o ideal do Flamengo, segundo Renato Maur\u00edcio Prado\",\"datePublished\":\"2025-02-07T05:30:00+00:00\",\"mainEntityOfPage\":{\"@id\":\"https:\/\/www.gaveanews.com\/index.php\/2025\/02\/07\/rossi-wesley-danilo-leo-ortiz-alex-sandro-jorginho-de-la-cruz-arrascaeta-gerson-juninho-cebolinha-a-escalacao-ideal-do-flamengo-segundo-renato-mauricio-prado\/\"},\"wordCount\":735,\"commentCount\":0,\"image\":{\"@id\":\"https:\/\/www.gaveanews.com\/index.php\/2025\/02\/07\/rossi-wesley-danilo-leo-ortiz-alex-sandro-jorginho-de-la-cruz-arrascaeta-gerson-juninho-cebolinha-a-escalacao-ideal-do-flamengo-segundo-renato-mauricio-prado\/#primaryimage\"},\"thumbnailUrl\":\"https:\/\/www.gaveanews.com\/wp-content\/uploads\/escudoDoFlamengo.webp\",\"articleSection\":[\"Flamengo\"],\"inLanguage\":\"pt-BR\",\"potentialAction\":[{\"@type\":\"CommentAction\",\"name\":\"Comment\",\"target\":[\"https:\/\/www.gaveanews.com\/index.php\/2025\/02\/07\/rossi-wesley-danilo-leo-ortiz-alex-sandro-jorginho-de-la-cruz-arrascaeta-gerson-juninho-cebolinha-a-escalacao-ideal-do-flamengo-segundo-renato-mauricio-prado\/#respond\"]}],\"copyrightYear\":\"2025\",\"copyrightHolder\":{\"@id\":\"https:\/\/www.gaveanews.com\/#organization\"}},{\"@type\":\"WebPage\",\"@id\":\"https:\/\/www.gaveanews.com\/index.php\/2025\/02\/07\/rossi-wesley-danilo-leo-ortiz-alex-sandro-jorginho-de-la-cruz-arrascaeta-gerson-juninho-cebolinha-a-escalacao-ideal-do-flamengo-segundo-renato-mauricio-prado\/\",\"url\":\"https:\/\/www.gaveanews.com\/index.php\/2025\/02\/07\/rossi-wesley-danilo-leo-ortiz-alex-sandro-jorginho-de-la-cruz-arrascaeta-gerson-juninho-cebolinha-a-escalacao-ideal-do-flamengo-segundo-renato-mauricio-prado\/\",\"name\":\"Rossi, Wesley, Danilo, L\u00e9o Ortiz, Alex Sandro, Jorginho, De La Cruz, Arrascaeta, Gerson, Juninho, Cebolinha: a escala\u00e7\u00e3o ideal do Flamengo, segundo Renato Maur\u00edcio Prado\",\"isPartOf\":{\"@id\":\"https:\/\/www.gaveanews.com\/#website\"},\"primaryImageOfPage\":{\"@id\":\"https:\/\/www.gaveanews.com\/index.php\/2025\/02\/07\/rossi-wesley-danilo-leo-ortiz-alex-sandro-jorginho-de-la-cruz-arrascaeta-gerson-juninho-cebolinha-a-escalacao-ideal-do-flamengo-segundo-renato-mauricio-prado\/#primaryimage\"},\"image\":{\"@id\":\"https:\/\/www.gaveanews.com\/index.php\/2025\/02\/07\/rossi-wesley-danilo-leo-ortiz-alex-sandro-jorginho-de-la-cruz-arrascaeta-gerson-juninho-cebolinha-a-escalacao-ideal-do-flamengo-segundo-renato-mauricio-prado\/#primaryimage\"},\"thumbnailUrl\":\"https:\/\/www.gaveanews.com\/wp-content\/uploads\/escudoDoFlamengo.webp\",\"datePublished\":\"2025-02-07T05:30:00+00:00\",\"author\":{\"@id\":\"https:\/\/www.gaveanews.com\/#\/schema\/person\/a9f62fe75380c6bada1b2fc49bc23d69\"},\"breadcrumb\":{\"@id\":\"https:\/\/www.gaveanews.com\/index.php\/2025\/02\/07\/rossi-wesley-danilo-leo-ortiz-alex-sandro-jorginho-de-la-cruz-arrascaeta-gerson-juninho-cebolinha-a-escalacao-ideal-do-flamengo-segundo-renato-mauricio-prado\/#breadcrumb\"},\"inLanguage\":\"pt-BR\",\"potentialAction\":[{\"@type\":\"ReadAction\",\"target\":[\"https:\/\/www.gaveanews.com\/index.php\/2025\/02\/07\/rossi-wesley-danilo-leo-ortiz-alex-sandro-jorginho-de-la-cruz-arrascaeta-gerson-juninho-cebolinha-a-escalacao-ideal-do-flamengo-segundo-renato-mauricio-prado\/\"]}]},{\"@type\":\"ImageObject\",\"inLanguage\":\"pt-BR\",\"@id\":\"https:\/\/www.gaveanews.com\/index.php\/2025\/02\/07\/rossi-wesley-danilo-leo-ortiz-alex-sandro-jorginho-de-la-cruz-arrascaeta-gerson-juninho-cebolinha-a-escalacao-ideal-do-flamengo-segundo-renato-mauricio-prado\/#primaryimage\",\"url\":\"https:\/\/www.gaveanews.com\/wp-content\/uploads\/escudoDoFlamengo.webp\",\"contentUrl\":\"https:\/\/www.gaveanews.com\/wp-content\/uploads\/escudoDoFlamengo.webp\",\"width\":1095,\"height\":730,\"caption\":\"Centro de treinamento do Flamengo (Foto: Reprodu\u00e7\u00e3o)\"},{\"@type\":\"BreadcrumbList\",\"@id\":\"https:\/\/www.gaveanews.com\/index.php\/2025\/02\/07\/rossi-wesley-danilo-leo-ortiz-alex-sandro-jorginho-de-la-cruz-arrascaeta-gerson-juninho-cebolinha-a-escalacao-ideal-do-flamengo-segundo-renato-mauricio-prado\/#breadcrumb\",\"itemListElement\":[{\"@type\":\"ListItem\",\"position\":1,\"name\":\"Home\",\"item\":\"https:\/\/www.gaveanews.com\/\"},{\"@type\":\"ListItem\",\"position\":2,\"name\":\"Rossi, Wesley, Danilo, L\u00e9o Ortiz, Alex Sandro, Jorginho, De La Cruz, Arrascaeta, Gerson, Juninho, Cebolinha: a escala\u00e7\u00e3o ideal do Flamengo, segundo Renato Maur\u00edcio Prado\"}]},{\"@type\":\"WebSite\",\"@id\":\"https:\/\/www.gaveanews.com\/#website\",\"url\":\"https:\/\/www.gaveanews.com\/\",\"name\":\"G\u00e1vea News\",\"description\":\"Veja todas as not\u00edcias sobre o Flamengo: Contrata\u00e7\u00f5es, categorias de base, resultados das partidas, tabela de classifica\u00e7\u00e3o, pr\u00f3ximos jogos!\",\"potentialAction\":[{\"@type\":\"SearchAction\",\"target\":{\"@type\":\"EntryPoint\",\"urlTemplate\":\"https:\/\/www.gaveanews.com\/?s={search_term_string}\"},\"query-input\":{\"@type\":\"PropertyValueSpecification\",\"valueRequired\":true,\"valueName\":\"search_term_string\"}}],\"inLanguage\":\"pt-BR\"},{\"@type\":\"Person\",\"@id\":\"https:\/\/www.gaveanews.com\/#\/schema\/person\/a9f62fe75380c6bada1b2fc49bc23d69\",\"name\":\"Marco Menezes\",\"image\":{\"@type\":\"ImageObject\",\"inLanguage\":\"pt-BR\",\"@id\":\"https:\/\/www.gaveanews.com\/#\/schema\/person\/image\/\",\"url\":\"https:\/\/secure.gravatar.com\/avatar\/a1d148ae17fc8bfc5dbccffd07979e8bd2c9ba494221779de86ec2c7907b71ec?s=96&d=mm&r=g\",\"contentUrl\":\"https:\/\/secure.gravatar.com\/avatar\/a1d148ae17fc8bfc5dbccffd07979e8bd2c9ba494221779de86ec2c7907b71ec?s=96&d=mm&r=g\",\"caption\":\"Marco Menezes\"}}]}<\/script>\n<!-- \/ Yoast SEO Premium plugin. -->","yoast_head_json":{"title":"Rossi, Wesley, Danilo, L\u00e9o Ortiz, Alex Sandro, Jorginho, De La Cruz, Arrascaeta, Gerson, Juninho, Cebolinha: a escala\u00e7\u00e3o ideal do Flamengo, segundo Renato Maur\u00edcio Prado","robots":{"index":"index","follow":"follow","max-snippet":"max-snippet:-1","max-image-preview":"max-image-preview:large","max-video-preview":"max-video-preview:-1"},"canonical":"https:\/\/www.gaveanews.com\/index.php\/2025\/02\/07\/rossi-wesley-danilo-leo-ortiz-alex-sandro-jorginho-de-la-cruz-arrascaeta-gerson-juninho-cebolinha-a-escalacao-ideal-do-flamengo-segundo-renato-mauricio-prado\/","og_locale":"pt_BR","og_type":"article","og_title":"Rossi, Wesley, Danilo, L\u00e9o Ortiz, Alex Sandro, Jorginho, De La Cruz, Arrascaeta, Gerson, Juninho, Cebolinha: a escala\u00e7\u00e3o ideal do Flamengo, segundo Renato Maur\u00edcio Prado","og_description":"O jornalista Renato Maur\u00edcio Prado est\u00e1 empolgado com o plantel do Flamengo para 2025. Al\u00e9m de conquistar a Supercopa do Brasil, existe a expectativa que o Mais Querido avance at\u00e9 \u00e0s fases finais de todas as competi\u00e7\u00f5es que disputar. Por isso, tem projetado como Filipe Lu\u00eds deve escalar os onze titulares. Ele destacou que o [&hellip;]","og_url":"https:\/\/www.gaveanews.com\/index.php\/2025\/02\/07\/rossi-wesley-danilo-leo-ortiz-alex-sandro-jorginho-de-la-cruz-arrascaeta-gerson-juninho-cebolinha-a-escalacao-ideal-do-flamengo-segundo-renato-mauricio-prado\/","og_site_name":"G\u00e1vea News","article_publisher":"https:\/\/facebook.com\/gaveaNews\/","article_published_time":"2025-02-07T05:30:00+00:00","og_image":[{"width":1095,"height":730,"url":"https:\/\/www.gaveanews.com\/wp-content\/uploads\/escudoDoFlamengo.webp","type":"image\/webp"}],"author":"Marco Menezes","twitter_card":"summary_large_image","twitter_misc":{"Escrito por":"Marco Menezes","Est. tempo de leitura":"7 minutos"},"schema":{"@context":"https:\/\/schema.org","@graph":[{"@type":"NewsArticle","@id":"https:\/\/www.gaveanews.com\/index.php\/2025\/02\/07\/rossi-wesley-danilo-leo-ortiz-alex-sandro-jorginho-de-la-cruz-arrascaeta-gerson-juninho-cebolinha-a-escalacao-ideal-do-flamengo-segundo-renato-mauricio-prado\/#article","isPartOf":{"@id":"https:\/\/www.gaveanews.com\/index.php\/2025\/02\/07\/rossi-wesley-danilo-leo-ortiz-alex-sandro-jorginho-de-la-cruz-arrascaeta-gerson-juninho-cebolinha-a-escalacao-ideal-do-flamengo-segundo-renato-mauricio-prado\/"},"author":{"name":"Marco Menezes","@id":"https:\/\/www.gaveanews.com\/#\/schema\/person\/a9f62fe75380c6bada1b2fc49bc23d69"},"headline":"Rossi, Wesley, Danilo, L\u00e9o Ortiz, Alex Sandro, Jorginho, De La Cruz, Arrascaeta, Gerson, Juninho, Cebolinha: a escala\u00e7\u00e3o ideal do Flamengo, segundo Renato Maur\u00edcio Prado","datePublished":"2025-02-07T05:30:00+00:00","mainEntityOfPage":{"@id":"https:\/\/www.gaveanews.com\/index.php\/2025\/02\/07\/rossi-wesley-danilo-leo-ortiz-alex-sandro-jorginho-de-la-cruz-arrascaeta-gerson-juninho-cebolinha-a-escalacao-ideal-do-flamengo-segundo-renato-mauricio-prado\/"},"wordCount":735,"commentCount":0,"image":{"@id":"https:\/\/www.gaveanews.com\/index.php\/2025\/02\/07\/rossi-wesley-danilo-leo-ortiz-alex-sandro-jorginho-de-la-cruz-arrascaeta-gerson-juninho-cebolinha-a-escalacao-ideal-do-flamengo-segundo-renato-mauricio-prado\/#primaryimage"},"thumbnailUrl":"https:\/\/www.gaveanews.com\/wp-content\/uploads\/escudoDoFlamengo.webp","articleSection":["Flamengo"],"inLanguage":"pt-BR","potentialAction":[{"@type":"CommentAction","name":"Comment","target":["https:\/\/www.gaveanews.com\/index.php\/2025\/02\/07\/rossi-wesley-danilo-leo-ortiz-alex-sandro-jorginho-de-la-cruz-arrascaeta-gerson-juninho-cebolinha-a-escalacao-ideal-do-flamengo-segundo-renato-mauricio-prado\/#respond"]}],"copyrightYear":"2025","copyrightHolder":{"@id":"https:\/\/www.gaveanews.com\/#organization"}},{"@type":"WebPage","@id":"https:\/\/www.gaveanews.com\/index.php\/2025\/02\/07\/rossi-wesley-danilo-leo-ortiz-alex-sandro-jorginho-de-la-cruz-arrascaeta-gerson-juninho-cebolinha-a-escalacao-ideal-do-flamengo-segundo-renato-mauricio-prado\/","url":"https:\/\/www.gaveanews.com\/index.php\/2025\/02\/07\/rossi-wesley-danilo-leo-ortiz-alex-sandro-jorginho-de-la-cruz-arrascaeta-gerson-juninho-cebolinha-a-escalacao-ideal-do-flamengo-segundo-renato-mauricio-prado\/","name":"Rossi, Wesley, Danilo, L\u00e9o Ortiz, Alex Sandro, Jorginho, De La Cruz, Arrascaeta, Gerson, Juninho, Cebolinha: a escala\u00e7\u00e3o ideal do Flamengo, segundo Renato Maur\u00edcio Prado","isPartOf":{"@id":"https:\/\/www.gaveanews.com\/#website"},"primaryImageOfPage":{"@id":"https:\/\/www.gaveanews.com\/index.php\/2025\/02\/07\/rossi-wesley-danilo-leo-ortiz-alex-sandro-jorginho-de-la-cruz-arrascaeta-gerson-juninho-cebolinha-a-escalacao-ideal-do-flamengo-segundo-renato-mauricio-prado\/#primaryimage"},"image":{"@id":"https:\/\/www.gaveanews.com\/index.php\/2025\/02\/07\/rossi-wesley-danilo-leo-ortiz-alex-sandro-jorginho-de-la-cruz-arrascaeta-gerson-juninho-cebolinha-a-escalacao-ideal-do-flamengo-segundo-renato-mauricio-prado\/#primaryimage"},"thumbnailUrl":"https:\/\/www.gaveanews.com\/wp-content\/uploads\/escudoDoFlamengo.webp","datePublished":"2025-02-07T05:30:00+00:00","author":{"@id":"https:\/\/www.gaveanews.com\/#\/schema\/person\/a9f62fe75380c6bada1b2fc49bc23d69"},"breadcrumb":{"@id":"https:\/\/www.gaveanews.com\/index.php\/2025\/02\/07\/rossi-wesley-danilo-leo-ortiz-alex-sandro-jorginho-de-la-cruz-arrascaeta-gerson-juninho-cebolinha-a-escalacao-ideal-do-flamengo-segundo-renato-mauricio-prado\/#breadcrumb"},"inLanguage":"pt-BR","potentialAction":[{"@type":"ReadAction","target":["https:\/\/www.gaveanews.com\/index.php\/2025\/02\/07\/rossi-wesley-danilo-leo-ortiz-alex-sandro-jorginho-de-la-cruz-arrascaeta-gerson-juninho-cebolinha-a-escalacao-ideal-do-flamengo-segundo-renato-mauricio-prado\/"]}]},{"@type":"ImageObject","inLanguage":"pt-BR","@id":"https:\/\/www.gaveanews.com\/index.php\/2025\/02\/07\/rossi-wesley-danilo-leo-ortiz-alex-sandro-jorginho-de-la-cruz-arrascaeta-gerson-juninho-cebolinha-a-escalacao-ideal-do-flamengo-segundo-renato-mauricio-prado\/#primaryimage","url":"https:\/\/www.gaveanews.com\/wp-content\/uploads\/escudoDoFlamengo.webp","contentUrl":"https:\/\/www.gaveanews.com\/wp-content\/uploads\/escudoDoFlamengo.webp","width":1095,"height":730,"caption":"Centro de treinamento do Flamengo (Foto: Reprodu\u00e7\u00e3o)"},{"@type":"BreadcrumbList","@id":"https:\/\/www.gaveanews.com\/index.php\/2025\/02\/07\/rossi-wesley-danilo-leo-ortiz-alex-sandro-jorginho-de-la-cruz-arrascaeta-gerson-juninho-cebolinha-a-escalacao-ideal-do-flamengo-segundo-renato-mauricio-prado\/#breadcrumb","itemListElement":[{"@type":"ListItem","position":1,"name":"Home","item":"https:\/\/www.gaveanews.com\/"},{"@type":"ListItem","position":2,"name":"Rossi, Wesley, Danilo, L\u00e9o Ortiz, Alex Sandro, Jorginho, De La Cruz, Arrascaeta, Gerson, Juninho, Cebolinha: a escala\u00e7\u00e3o ideal do Flamengo, segundo Renato Maur\u00edcio Prado"}]},{"@type":"WebSite","@id":"https:\/\/www.gaveanews.com\/#website","url":"https:\/\/www.gaveanews.com\/","name":"G\u00e1vea News","description":"Veja todas as not\u00edcias sobre o Flamengo: Contrata\u00e7\u00f5es, categorias de base, resultados das partidas, tabela de classifica\u00e7\u00e3o, pr\u00f3ximos jogos!","potentialAction":[{"@type":"SearchAction","target":{"@type":"EntryPoint","urlTemplate":"https:\/\/www.gaveanews.com\/?s={search_term_string}"},"query-input":{"@type":"PropertyValueSpecification","valueRequired":true,"valueName":"search_term_string"}}],"inLanguage":"pt-BR"},{"@type":"Person","@id":"https:\/\/www.gaveanews.com\/#\/schema\/person\/a9f62fe75380c6bada1b2fc49bc23d69","name":"Marco Menezes","image":{"@type":"ImageObject","inLanguage":"pt-BR","@id":"https:\/\/www.gaveanews.com\/#\/schema\/person\/image\/","url":"https:\/\/secure.gravatar.com\/avatar\/a1d148ae17fc8bfc5dbccffd07979e8bd2c9ba494221779de86ec2c7907b71ec?s=96&d=mm&r=g","contentUrl":"https:\/\/secure.gravatar.com\/avatar\/a1d148ae17fc8bfc5dbccffd07979e8bd2c9ba494221779de86ec2c7907b71ec?s=96&d=mm&r=g","caption":"Marco Menezes"}}]}},"_links":{"self":[{"href":"https:\/\/www.gaveanews.com\/index.php\/wp-json\/wp\/v2\/posts\/224453","targetHints":{"allow":["GET"]}}],"collection":[{"href":"https:\/\/www.gaveanews.com\/index.php\/wp-json\/wp\/v2\/posts"}],"about":[{"href":"https:\/\/www.gaveanews.com\/index.php\/wp-json\/wp\/v2\/types\/post"}],"author":[{"embeddable":true,"href":"https:\/\/www.gaveanews.com\/index.php\/wp-json\/wp\/v2\/users\/29"}],"replies":[{"embeddable":true,"href":"https:\/\/www.gaveanews.com\/index.php\/wp-json\/wp\/v2\/comments?post=224453"}],"version-history":[{"count":1,"href":"https:\/\/www.gaveanews.com\/index.php\/wp-json\/wp\/v2\/posts\/224453\/revisions"}],"predecessor-version":[{"id":224473,"href":"https:\/\/www.gaveanews.com\/index.php\/wp-json\/wp\/v2\/posts\/224453\/revisions\/224473"}],"wp:featuredmedia":[{"embeddable":true,"href":"https:\/\/www.gaveanews.com\/index.php\/wp-json\/wp\/v2\/media\/124684"}],"wp:attachment":[{"href":"https:\/\/www.gaveanews.com\/index.php\/wp-json\/wp\/v2\/media?parent=224453"}],"wp:term":[{"taxonomy":"category","embeddable":true,"href":"https:\/\/www.gaveanews.com\/index.php\/wp-json\/wp\/v2\/categories?post=224453"},{"taxonomy":"post_tag","embeddable":true,"href":"https:\/\/www.gaveanews.com\/index.php\/wp-json\/wp\/v2\/tags?post=224453"}],"curies":[{"name":"wp","href":"https:\/\/api.w.org\/{rel}","templated":true}]}}