{"id":224454,"date":"2025-02-06T22:39:03","date_gmt":"2025-02-07T01:39:03","guid":{"rendered":"https:\/\/www.gaveanews.com\/?p=224454"},"modified":"2025-02-06T22:39:06","modified_gmt":"2025-02-07T01:39:06","slug":"cruzeiro-a-resposta-de-dudu-ao-ser-questionado-sobre-o-processo-de-leila-pereira-do-palmeiras-2","status":"publish","type":"post","link":"https:\/\/www.gaveanews.com\/index.php\/2025\/02\/06\/cruzeiro-a-resposta-de-dudu-ao-ser-questionado-sobre-o-processo-de-leila-pereira-do-palmeiras-2\/","title":{"rendered":"Cruzeiro: a resposta de Dudu ao ser questionado sobre o processo de Leila Pereira, do Palmeiras"},"content":{"rendered":"\n<h2 class=\"wp-block-heading\" id=\"h-dudu-comenta-polemica-com-leila-pereira-e-foca-no-futebol-no-cruzeiro\">Dudu comenta pol\u00eamica com Leila Pereira e foca no futebol no Cruzeiro<\/h2>\n\n\n\n<p>O atacante Dudu tem vivido uma boa fase no Cruzeiro no in\u00edcio da temporada, sendo titular e comemorando a quantidade de minutos em campo. No entanto, sua trajet\u00f3ria fora de campo foi marcada por uma pol\u00eamica com a presidente do Palmeiras, Leila Pereira, ap\u00f3s a sua sa\u00edda do clube paulista.<\/p>\n\n\n\n<p>Durante o evento de an\u00fancio de um novo patrocinador m\u00e1ster do Palmeiras, Leila fez cr\u00edticas a Dudu, afirmando que o atacante havia sa\u00eddo \u201cpela porta dos fundos\u201d. Em resposta, Dudu usou suas redes sociais para se defender, fazendo duras cr\u00edticas \u00e0 presidente:<\/p>\n\n\n\n<p>\u201cO caminh\u00e3o estava pesado e mandaram eu sair pelas portas do fundo!!! Minha hist\u00f3ria foi gigante e sincera, diferente da sua senhora Leila Pereira. Me esquece. VTNC\u201d, escreveu o jogador, acompanhado de uma foto sua ao lado dos trof\u00e9us conquistados pelo Verd\u00e3o.<\/p>\n\n\n\n<p>Ap\u00f3s a postagem, Leila prometeu processar o atacante, e a situa\u00e7\u00e3o gerou um grande repercuss\u00e3o nas redes sociais. No entanto, Dudu parece estar focado em sua carreira no Cruzeiro, sem se deixar abalar pelas quest\u00f5es fora de campo.<\/p>\n\n\n\n<p>\u201cMeu neg\u00f3cio \u00e9 futebol. Deixo esse assunto pras pessoas que v\u00e3o resolver isso. Estou feliz, estou bem, focado. S\u00f3 tenho que jogar futebol\u201d, afirmou o atacante ap\u00f3s o empate com o Am\u00e9rica-MG, destacando que seu foco \u00e9 em ajudar o Cruzeiro.<\/p>\n\n\n\n<p>Dudu teve uma passagem recente marcada por les\u00f5es no Palmeiras e ficou sem tanto espa\u00e7o no time titular. Ele reconhece que o momento \u00e9 de reconstru\u00e7\u00e3o ap\u00f3s a contus\u00e3o no joelho direito, mas garante que est\u00e1 focado em ajudar o Cruzeiro a ter uma grande temporada.<\/p>\n\n\n\n<p>\u201cEu s\u00f3 parei por causa dessa contus\u00e3o. N\u00e3o tenho que me provar e provar nada a ningu\u00e9m. Tenho que continuar ajudando o Cruzeiro neste ano para fazer um grande ano, que s\u00f3 est\u00e1 no come\u00e7o. Feliz pelo meu desempenho e performance dentro de campo\u201d, comentou Dudu, destacando sua vontade de contribuir para o sucesso da equipe.<\/p>\n\n\n\n<p>Dudu, que participou de todos os sete jogos do Cruzeiro na temporada at\u00e9 agora, segue buscando retomar seu melhor futebol e demonstrando estar completamente dedicado ao time mineiro.<\/p>\n","protected":false},"excerpt":{"rendered":"<p>Dudu comenta pol\u00eamica com Leila Pereira e foca no futebol no Cruzeiro O atacante Dudu tem vivido uma boa fase no Cruzeiro no in\u00edcio da temporada, sendo titular e comemorando a quantidade de minutos em campo. No entanto, sua trajet\u00f3ria fora de campo foi marcada por uma pol\u00eamica com a presidente do Palmeiras, Leila Pereira, [&hellip;]<\/p>\n","protected":false},"author":17,"featured_media":91497,"comment_status":"open","ping_status":"closed","sticky":false,"template":"","format":"standard","meta":{"footnotes":""},"categories":[143],"tags":[],"class_list":["post-224454","post","type-post","status-publish","format-standard","has-post-thumbnail","hentry","category-cruzeiro"],"yoast_head":"<!-- This site is optimized with the Yoast SEO Premium plugin v24.2 (Yoast SEO v26.9) - https:\/\/yoast.com\/product\/yoast-seo-premium-wordpress\/ -->\n<title>Cruzeiro: a resposta de Dudu ao ser questionado sobre o processo de Leila Pereira, do Palmeiras<\/title>\n<meta name=\"robots\" content=\"index, follow, max-snippet:-1, max-image-preview:large, max-video-preview:-1\" \/>\n<link rel=\"canonical\" href=\"https:\/\/www.gaveanews.com\/index.php\/2025\/02\/06\/cruzeiro-a-resposta-de-dudu-ao-ser-questionado-sobre-o-processo-de-leila-pereira-do-palmeiras-2\/\" \/>\n<meta property=\"og:locale\" content=\"pt_BR\" \/>\n<meta property=\"og:type\" content=\"article\" \/>\n<meta property=\"og:title\" content=\"Cruzeiro: a resposta de Dudu ao ser questionado sobre o processo de Leila Pereira, do Palmeiras\" \/>\n<meta property=\"og:description\" content=\"Dudu comenta pol\u00eamica com Leila Pereira e foca no futebol no Cruzeiro O atacante Dudu tem vivido uma boa fase no Cruzeiro no in\u00edcio da temporada, sendo titular e comemorando a quantidade de minutos em campo. No entanto, sua trajet\u00f3ria fora de campo foi marcada por uma pol\u00eamica com a presidente do Palmeiras, Leila Pereira, [&hellip;]\" \/>\n<meta property=\"og:url\" content=\"https:\/\/www.gaveanews.com\/index.php\/2025\/02\/06\/cruzeiro-a-resposta-de-dudu-ao-ser-questionado-sobre-o-processo-de-leila-pereira-do-palmeiras-2\/\" \/>\n<meta property=\"og:site_name\" content=\"G\u00e1vea News\" \/>\n<meta property=\"article:publisher\" content=\"https:\/\/facebook.com\/gaveaNews\/\" \/>\n<meta property=\"article:published_time\" content=\"2025-02-07T01:39:03+00:00\" \/>\n<meta property=\"article:modified_time\" content=\"2025-02-07T01:39:06+00:00\" \/>\n<meta property=\"og:image\" content=\"http:\/\/www.gaveanews.com\/wp-content\/uploads\/dudu-palmeiras.webp\" \/>\n\t<meta property=\"og:image:width\" content=\"734\" \/>\n\t<meta property=\"og:image:height\" content=\"800\" \/>\n\t<meta property=\"og:image:type\" content=\"image\/jpeg\" \/>\n<meta name=\"author\" content=\"Geovanna Thomaz\" \/>\n<meta name=\"twitter:card\" content=\"summary_large_image\" \/>\n<meta name=\"twitter:label1\" content=\"Escrito por\" \/>\n\t<meta name=\"twitter:data1\" content=\"Geovanna Thomaz\" \/>\n\t<meta name=\"twitter:label2\" content=\"Est. tempo de leitura\" \/>\n\t<meta name=\"twitter:data2\" content=\"3 minutos\" \/>\n<script type=\"application\/ld+json\" class=\"yoast-schema-graph\">{\"@context\":\"https:\/\/schema.org\",\"@graph\":[{\"@type\":\"NewsArticle\",\"@id\":\"https:\/\/www.gaveanews.com\/index.php\/2025\/02\/06\/cruzeiro-a-resposta-de-dudu-ao-ser-questionado-sobre-o-processo-de-leila-pereira-do-palmeiras-2\/#article\",\"isPartOf\":{\"@id\":\"https:\/\/www.gaveanews.com\/index.php\/2025\/02\/06\/cruzeiro-a-resposta-de-dudu-ao-ser-questionado-sobre-o-processo-de-leila-pereira-do-palmeiras-2\/\"},\"author\":{\"name\":\"Geovanna Thomaz\",\"@id\":\"https:\/\/www.gaveanews.com\/#\/schema\/person\/f42654babcd2b2014a1a65af82b081f1\"},\"headline\":\"Cruzeiro: a resposta de Dudu ao ser questionado sobre o processo de Leila Pereira, do Palmeiras\",\"datePublished\":\"2025-02-07T01:39:03+00:00\",\"dateModified\":\"2025-02-07T01:39:06+00:00\",\"mainEntityOfPage\":{\"@id\":\"https:\/\/www.gaveanews.com\/index.php\/2025\/02\/06\/cruzeiro-a-resposta-de-dudu-ao-ser-questionado-sobre-o-processo-de-leila-pereira-do-palmeiras-2\/\"},\"wordCount\":399,\"commentCount\":0,\"image\":{\"@id\":\"https:\/\/www.gaveanews.com\/index.php\/2025\/02\/06\/cruzeiro-a-resposta-de-dudu-ao-ser-questionado-sobre-o-processo-de-leila-pereira-do-palmeiras-2\/#primaryimage\"},\"thumbnailUrl\":\"https:\/\/www.gaveanews.com\/wp-content\/uploads\/dudu-palmeiras.webp\",\"articleSection\":[\"Cruzeiro\"],\"inLanguage\":\"pt-BR\",\"potentialAction\":[{\"@type\":\"CommentAction\",\"name\":\"Comment\",\"target\":[\"https:\/\/www.gaveanews.com\/index.php\/2025\/02\/06\/cruzeiro-a-resposta-de-dudu-ao-ser-questionado-sobre-o-processo-de-leila-pereira-do-palmeiras-2\/#respond\"]}],\"copyrightYear\":\"2025\",\"copyrightHolder\":{\"@id\":\"https:\/\/www.gaveanews.com\/#organization\"}},{\"@type\":\"WebPage\",\"@id\":\"https:\/\/www.gaveanews.com\/index.php\/2025\/02\/06\/cruzeiro-a-resposta-de-dudu-ao-ser-questionado-sobre-o-processo-de-leila-pereira-do-palmeiras-2\/\",\"url\":\"https:\/\/www.gaveanews.com\/index.php\/2025\/02\/06\/cruzeiro-a-resposta-de-dudu-ao-ser-questionado-sobre-o-processo-de-leila-pereira-do-palmeiras-2\/\",\"name\":\"Cruzeiro: a resposta de Dudu ao ser questionado sobre o processo de Leila Pereira, do Palmeiras\",\"isPartOf\":{\"@id\":\"https:\/\/www.gaveanews.com\/#website\"},\"primaryImageOfPage\":{\"@id\":\"https:\/\/www.gaveanews.com\/index.php\/2025\/02\/06\/cruzeiro-a-resposta-de-dudu-ao-ser-questionado-sobre-o-processo-de-leila-pereira-do-palmeiras-2\/#primaryimage\"},\"image\":{\"@id\":\"https:\/\/www.gaveanews.com\/index.php\/2025\/02\/06\/cruzeiro-a-resposta-de-dudu-ao-ser-questionado-sobre-o-processo-de-leila-pereira-do-palmeiras-2\/#primaryimage\"},\"thumbnailUrl\":\"https:\/\/www.gaveanews.com\/wp-content\/uploads\/dudu-palmeiras.webp\",\"datePublished\":\"2025-02-07T01:39:03+00:00\",\"dateModified\":\"2025-02-07T01:39:06+00:00\",\"author\":{\"@id\":\"https:\/\/www.gaveanews.com\/#\/schema\/person\/f42654babcd2b2014a1a65af82b081f1\"},\"breadcrumb\":{\"@id\":\"https:\/\/www.gaveanews.com\/index.php\/2025\/02\/06\/cruzeiro-a-resposta-de-dudu-ao-ser-questionado-sobre-o-processo-de-leila-pereira-do-palmeiras-2\/#breadcrumb\"},\"inLanguage\":\"pt-BR\",\"potentialAction\":[{\"@type\":\"ReadAction\",\"target\":[\"https:\/\/www.gaveanews.com\/index.php\/2025\/02\/06\/cruzeiro-a-resposta-de-dudu-ao-ser-questionado-sobre-o-processo-de-leila-pereira-do-palmeiras-2\/\"]}]},{\"@type\":\"ImageObject\",\"inLanguage\":\"pt-BR\",\"@id\":\"https:\/\/www.gaveanews.com\/index.php\/2025\/02\/06\/cruzeiro-a-resposta-de-dudu-ao-ser-questionado-sobre-o-processo-de-leila-pereira-do-palmeiras-2\/#primaryimage\",\"url\":\"https:\/\/www.gaveanews.com\/wp-content\/uploads\/dudu-palmeiras.webp\",\"contentUrl\":\"https:\/\/www.gaveanews.com\/wp-content\/uploads\/dudu-palmeiras.webp\",\"width\":734,\"height\":800,\"caption\":\"Dudu em partida do Palmeiras (Foto: Cesar Greco\/Palmeiras)\"},{\"@type\":\"BreadcrumbList\",\"@id\":\"https:\/\/www.gaveanews.com\/index.php\/2025\/02\/06\/cruzeiro-a-resposta-de-dudu-ao-ser-questionado-sobre-o-processo-de-leila-pereira-do-palmeiras-2\/#breadcrumb\",\"itemListElement\":[{\"@type\":\"ListItem\",\"position\":1,\"name\":\"Home\",\"item\":\"https:\/\/www.gaveanews.com\/\"},{\"@type\":\"ListItem\",\"position\":2,\"name\":\"Cruzeiro: a resposta de Dudu ao ser questionado sobre o processo de Leila Pereira, do Palmeiras\"}]},{\"@type\":\"WebSite\",\"@id\":\"https:\/\/www.gaveanews.com\/#website\",\"url\":\"https:\/\/www.gaveanews.com\/\",\"name\":\"G\u00e1vea News\",\"description\":\"Veja todas as not\u00edcias sobre o Flamengo: Contrata\u00e7\u00f5es, categorias de base, resultados das partidas, tabela de classifica\u00e7\u00e3o, pr\u00f3ximos jogos!\",\"potentialAction\":[{\"@type\":\"SearchAction\",\"target\":{\"@type\":\"EntryPoint\",\"urlTemplate\":\"https:\/\/www.gaveanews.com\/?s={search_term_string}\"},\"query-input\":{\"@type\":\"PropertyValueSpecification\",\"valueRequired\":true,\"valueName\":\"search_term_string\"}}],\"inLanguage\":\"pt-BR\"},{\"@type\":\"Person\",\"@id\":\"https:\/\/www.gaveanews.com\/#\/schema\/person\/f42654babcd2b2014a1a65af82b081f1\",\"name\":\"Geovanna Thomaz\",\"image\":{\"@type\":\"ImageObject\",\"inLanguage\":\"pt-BR\",\"@id\":\"https:\/\/www.gaveanews.com\/#\/schema\/person\/image\/\",\"url\":\"https:\/\/secure.gravatar.com\/avatar\/4092073255489533afb558984b49b64268c47198af8623cc82a925ae9fb7118a?s=96&d=mm&r=g\",\"contentUrl\":\"https:\/\/secure.gravatar.com\/avatar\/4092073255489533afb558984b49b64268c47198af8623cc82a925ae9fb7118a?s=96&d=mm&r=g\",\"caption\":\"Geovanna Thomaz\"}}]}<\/script>\n<!-- \/ Yoast SEO Premium plugin. -->","yoast_head_json":{"title":"Cruzeiro: a resposta de Dudu ao ser questionado sobre o processo de Leila Pereira, do Palmeiras","robots":{"index":"index","follow":"follow","max-snippet":"max-snippet:-1","max-image-preview":"max-image-preview:large","max-video-preview":"max-video-preview:-1"},"canonical":"https:\/\/www.gaveanews.com\/index.php\/2025\/02\/06\/cruzeiro-a-resposta-de-dudu-ao-ser-questionado-sobre-o-processo-de-leila-pereira-do-palmeiras-2\/","og_locale":"pt_BR","og_type":"article","og_title":"Cruzeiro: a resposta de Dudu ao ser questionado sobre o processo de Leila Pereira, do Palmeiras","og_description":"Dudu comenta pol\u00eamica com Leila Pereira e foca no futebol no Cruzeiro O atacante Dudu tem vivido uma boa fase no Cruzeiro no in\u00edcio da temporada, sendo titular e comemorando a quantidade de minutos em campo. No entanto, sua trajet\u00f3ria fora de campo foi marcada por uma pol\u00eamica com a presidente do Palmeiras, Leila Pereira, [&hellip;]","og_url":"https:\/\/www.gaveanews.com\/index.php\/2025\/02\/06\/cruzeiro-a-resposta-de-dudu-ao-ser-questionado-sobre-o-processo-de-leila-pereira-do-palmeiras-2\/","og_site_name":"G\u00e1vea News","article_publisher":"https:\/\/facebook.com\/gaveaNews\/","article_published_time":"2025-02-07T01:39:03+00:00","article_modified_time":"2025-02-07T01:39:06+00:00","og_image":[{"width":734,"height":800,"url":"http:\/\/www.gaveanews.com\/wp-content\/uploads\/dudu-palmeiras.webp","type":"image\/jpeg"}],"author":"Geovanna Thomaz","twitter_card":"summary_large_image","twitter_misc":{"Escrito por":"Geovanna Thomaz","Est. tempo de leitura":"3 minutos"},"schema":{"@context":"https:\/\/schema.org","@graph":[{"@type":"NewsArticle","@id":"https:\/\/www.gaveanews.com\/index.php\/2025\/02\/06\/cruzeiro-a-resposta-de-dudu-ao-ser-questionado-sobre-o-processo-de-leila-pereira-do-palmeiras-2\/#article","isPartOf":{"@id":"https:\/\/www.gaveanews.com\/index.php\/2025\/02\/06\/cruzeiro-a-resposta-de-dudu-ao-ser-questionado-sobre-o-processo-de-leila-pereira-do-palmeiras-2\/"},"author":{"name":"Geovanna Thomaz","@id":"https:\/\/www.gaveanews.com\/#\/schema\/person\/f42654babcd2b2014a1a65af82b081f1"},"headline":"Cruzeiro: a resposta de Dudu ao ser questionado sobre o processo de Leila Pereira, do Palmeiras","datePublished":"2025-02-07T01:39:03+00:00","dateModified":"2025-02-07T01:39:06+00:00","mainEntityOfPage":{"@id":"https:\/\/www.gaveanews.com\/index.php\/2025\/02\/06\/cruzeiro-a-resposta-de-dudu-ao-ser-questionado-sobre-o-processo-de-leila-pereira-do-palmeiras-2\/"},"wordCount":399,"commentCount":0,"image":{"@id":"https:\/\/www.gaveanews.com\/index.php\/2025\/02\/06\/cruzeiro-a-resposta-de-dudu-ao-ser-questionado-sobre-o-processo-de-leila-pereira-do-palmeiras-2\/#primaryimage"},"thumbnailUrl":"https:\/\/www.gaveanews.com\/wp-content\/uploads\/dudu-palmeiras.webp","articleSection":["Cruzeiro"],"inLanguage":"pt-BR","potentialAction":[{"@type":"CommentAction","name":"Comment","target":["https:\/\/www.gaveanews.com\/index.php\/2025\/02\/06\/cruzeiro-a-resposta-de-dudu-ao-ser-questionado-sobre-o-processo-de-leila-pereira-do-palmeiras-2\/#respond"]}],"copyrightYear":"2025","copyrightHolder":{"@id":"https:\/\/www.gaveanews.com\/#organization"}},{"@type":"WebPage","@id":"https:\/\/www.gaveanews.com\/index.php\/2025\/02\/06\/cruzeiro-a-resposta-de-dudu-ao-ser-questionado-sobre-o-processo-de-leila-pereira-do-palmeiras-2\/","url":"https:\/\/www.gaveanews.com\/index.php\/2025\/02\/06\/cruzeiro-a-resposta-de-dudu-ao-ser-questionado-sobre-o-processo-de-leila-pereira-do-palmeiras-2\/","name":"Cruzeiro: a resposta de Dudu ao ser questionado sobre o processo de Leila Pereira, do Palmeiras","isPartOf":{"@id":"https:\/\/www.gaveanews.com\/#website"},"primaryImageOfPage":{"@id":"https:\/\/www.gaveanews.com\/index.php\/2025\/02\/06\/cruzeiro-a-resposta-de-dudu-ao-ser-questionado-sobre-o-processo-de-leila-pereira-do-palmeiras-2\/#primaryimage"},"image":{"@id":"https:\/\/www.gaveanews.com\/index.php\/2025\/02\/06\/cruzeiro-a-resposta-de-dudu-ao-ser-questionado-sobre-o-processo-de-leila-pereira-do-palmeiras-2\/#primaryimage"},"thumbnailUrl":"https:\/\/www.gaveanews.com\/wp-content\/uploads\/dudu-palmeiras.webp","datePublished":"2025-02-07T01:39:03+00:00","dateModified":"2025-02-07T01:39:06+00:00","author":{"@id":"https:\/\/www.gaveanews.com\/#\/schema\/person\/f42654babcd2b2014a1a65af82b081f1"},"breadcrumb":{"@id":"https:\/\/www.gaveanews.com\/index.php\/2025\/02\/06\/cruzeiro-a-resposta-de-dudu-ao-ser-questionado-sobre-o-processo-de-leila-pereira-do-palmeiras-2\/#breadcrumb"},"inLanguage":"pt-BR","potentialAction":[{"@type":"ReadAction","target":["https:\/\/www.gaveanews.com\/index.php\/2025\/02\/06\/cruzeiro-a-resposta-de-dudu-ao-ser-questionado-sobre-o-processo-de-leila-pereira-do-palmeiras-2\/"]}]},{"@type":"ImageObject","inLanguage":"pt-BR","@id":"https:\/\/www.gaveanews.com\/index.php\/2025\/02\/06\/cruzeiro-a-resposta-de-dudu-ao-ser-questionado-sobre-o-processo-de-leila-pereira-do-palmeiras-2\/#primaryimage","url":"https:\/\/www.gaveanews.com\/wp-content\/uploads\/dudu-palmeiras.webp","contentUrl":"https:\/\/www.gaveanews.com\/wp-content\/uploads\/dudu-palmeiras.webp","width":734,"height":800,"caption":"Dudu em partida do Palmeiras (Foto: Cesar Greco\/Palmeiras)"},{"@type":"BreadcrumbList","@id":"https:\/\/www.gaveanews.com\/index.php\/2025\/02\/06\/cruzeiro-a-resposta-de-dudu-ao-ser-questionado-sobre-o-processo-de-leila-pereira-do-palmeiras-2\/#breadcrumb","itemListElement":[{"@type":"ListItem","position":1,"name":"Home","item":"https:\/\/www.gaveanews.com\/"},{"@type":"ListItem","position":2,"name":"Cruzeiro: a resposta de Dudu ao ser questionado sobre o processo de Leila Pereira, do Palmeiras"}]},{"@type":"WebSite","@id":"https:\/\/www.gaveanews.com\/#website","url":"https:\/\/www.gaveanews.com\/","name":"G\u00e1vea News","description":"Veja todas as not\u00edcias sobre o Flamengo: Contrata\u00e7\u00f5es, categorias de base, resultados das partidas, tabela de classifica\u00e7\u00e3o, pr\u00f3ximos jogos!","potentialAction":[{"@type":"SearchAction","target":{"@type":"EntryPoint","urlTemplate":"https:\/\/www.gaveanews.com\/?s={search_term_string}"},"query-input":{"@type":"PropertyValueSpecification","valueRequired":true,"valueName":"search_term_string"}}],"inLanguage":"pt-BR"},{"@type":"Person","@id":"https:\/\/www.gaveanews.com\/#\/schema\/person\/f42654babcd2b2014a1a65af82b081f1","name":"Geovanna Thomaz","image":{"@type":"ImageObject","inLanguage":"pt-BR","@id":"https:\/\/www.gaveanews.com\/#\/schema\/person\/image\/","url":"https:\/\/secure.gravatar.com\/avatar\/4092073255489533afb558984b49b64268c47198af8623cc82a925ae9fb7118a?s=96&d=mm&r=g","contentUrl":"https:\/\/secure.gravatar.com\/avatar\/4092073255489533afb558984b49b64268c47198af8623cc82a925ae9fb7118a?s=96&d=mm&r=g","caption":"Geovanna Thomaz"}}]}},"_links":{"self":[{"href":"https:\/\/www.gaveanews.com\/index.php\/wp-json\/wp\/v2\/posts\/224454","targetHints":{"allow":["GET"]}}],"collection":[{"href":"https:\/\/www.gaveanews.com\/index.php\/wp-json\/wp\/v2\/posts"}],"about":[{"href":"https:\/\/www.gaveanews.com\/index.php\/wp-json\/wp\/v2\/types\/post"}],"author":[{"embeddable":true,"href":"https:\/\/www.gaveanews.com\/index.php\/wp-json\/wp\/v2\/users\/17"}],"replies":[{"embeddable":true,"href":"https:\/\/www.gaveanews.com\/index.php\/wp-json\/wp\/v2\/comments?post=224454"}],"version-history":[{"count":1,"href":"https:\/\/www.gaveanews.com\/index.php\/wp-json\/wp\/v2\/posts\/224454\/revisions"}],"predecessor-version":[{"id":224455,"href":"https:\/\/www.gaveanews.com\/index.php\/wp-json\/wp\/v2\/posts\/224454\/revisions\/224455"}],"wp:featuredmedia":[{"embeddable":true,"href":"https:\/\/www.gaveanews.com\/index.php\/wp-json\/wp\/v2\/media\/91497"}],"wp:attachment":[{"href":"https:\/\/www.gaveanews.com\/index.php\/wp-json\/wp\/v2\/media?parent=224454"}],"wp:term":[{"taxonomy":"category","embeddable":true,"href":"https:\/\/www.gaveanews.com\/index.php\/wp-json\/wp\/v2\/categories?post=224454"},{"taxonomy":"post_tag","embeddable":true,"href":"https:\/\/www.gaveanews.com\/index.php\/wp-json\/wp\/v2\/tags?post=224454"}],"curies":[{"name":"wp","href":"https:\/\/api.w.org\/{rel}","templated":true}]}}