{"id":224462,"date":"2025-02-07T01:20:00","date_gmt":"2025-02-07T04:20:00","guid":{"rendered":"https:\/\/www.gaveanews.com\/?p=224462"},"modified":"2025-02-06T23:38:46","modified_gmt":"2025-02-07T02:38:46","slug":"a-declaracao-de-wendell-direcionada-a-torcida-do-sao-paulo","status":"publish","type":"post","link":"https:\/\/www.gaveanews.com\/index.php\/2025\/02\/07\/a-declaracao-de-wendell-direcionada-a-torcida-do-sao-paulo\/","title":{"rendered":"A declara\u00e7\u00e3o de Wendell direcionada a torcida do S\u00e3o Paulo"},"content":{"rendered":"\n<h2 class=\"wp-block-heading\" id=\"h-wendell-e-apresentado-como-reforco-do-sao-paulo-e-fala-sobre-adaptacao-ao-futebol-brasileiro\">Wendell \u00e9 apresentado como refor\u00e7o do S\u00e3o Paulo e fala sobre adapta\u00e7\u00e3o ao futebol brasileiro<\/h2>\n\n\n\n<p>O lateral-esquerdo Wendell foi oficialmente apresentado como novo refor\u00e7o do S\u00e3o Paulo nesta quinta-feira (6), durante uma coletiva de imprensa no CT da Barra Funda. Recentemente liberado pelo Porto, de Portugal, para fechar com o Tricolor, o jogador revelou que a aproxima\u00e7\u00e3o com o clube come\u00e7ou de forma inusitada, em uma conversa descontra\u00edda durante a Copa Am\u00e9rica de 2023.<\/p>\n\n\n\n<p>Na \u00e9poca, o presidente Julio Casares foi convidado pela CBF para ser o chefe da delega\u00e7\u00e3o brasileira na competi\u00e7\u00e3o. Durante um caf\u00e9 da manh\u00e3 com os jogadores da Sele\u00e7\u00e3o comandada por Dorival J\u00fanior, Casares fez uma brincadeira com Wendell, sugerindo que o lateral fosse para o S\u00e3o Paulo. A brincadeira, no entanto, tinha um fundo de verdade, pois o presidente j\u00e1 tinha a inten\u00e7\u00e3o de contratar o jogador.<\/p>\n\n\n\n<p>\u201cNa verdade, come\u00e7amos numa brincadeira no caf\u00e9 da manh\u00e3 na Sele\u00e7\u00e3o. Estava passando o Brasileir\u00e3o, e o presidente brincou. Eu estava no Porto ainda, tinha todo o respeito, mas aqui \u00e9 o clube da f\u00e9 e eu tenho f\u00e9. Sabemos que era um processo dif\u00edcil, mas deu certo\u201d, revelou Wendell.<\/p>\n\n\n\n<p>&nbsp;O lateral-esquerdo destacou sua motiva\u00e7\u00e3o para vestir a camisa do S\u00e3o Paulo e conquistar t\u00edtulos com o clube.<\/p>\n\n\n\n<p>&nbsp;\u201cVenho aqui com vontade de vencer jogos, campeonatos, porque \u00e9 isso que o S\u00e3o Paulo pede\u201d, afirmou.<\/p>\n\n\n\n<p>Wendell chegou ao S\u00e3o Paulo em meio a um grande movimento de refor\u00e7os no clube, que contratou tamb\u00e9m o lateral-esquerdo Enzo D\u00edaz, o meia Oscar e o lateral-direito C\u00e9dric Soares. O novo refor\u00e7o do Tricolor se mostrou empolgado com a qualidade do elenco.<\/p>\n\n\n\n<p>\u201cClaro, voc\u00ea olha para o elenco, a grandeza do clube\u2026 S\u00e3o tr\u00eas Mundiais, tr\u00eas Libertadores, seis Brasileiros. A camisa por si s\u00f3 j\u00e1 pesa, ainda mais com jogadores de qualidade. Isso conta muito para o jogador, por mais que tenha ficado 11 anos fora. A gente sempre mira um gigante brasileiro. Temos um elenco muito forte, com caras que fizeram hist\u00f3ria l\u00e1 fora\u201d, disse Wendell, destacando o potencial do grupo para a temporada.<\/p>\n\n\n\n<p>Apesar da empolga\u00e7\u00e3o, Wendell ainda precisa se adaptar ao futebol brasileiro. O jogador, que passou boa parte de sua carreira na Europa, revelou que o calor intenso do Brasil tem sido um desafio, especialmente ap\u00f3s anos acostumado a temperaturas mais baixas.<\/p>\n\n\n\n<p>&nbsp;\u201cEu acho que preciso me adaptar um pouco, estava muito calor hoje. Agora no dia a dia, para ganhar ritmo e conhecer os companheiros. S\u00f3 o tempo vai dizer, temos uma grande comiss\u00e3o t\u00e9cnica e fisiologia. No momento certo, que eles acharem, eu vou poder estrear\u201d, completou o lateral.<\/p>\n\n\n\n<p>Wendell \u00e9 mais um dos refor\u00e7os que chegam para fortalecer o elenco de Luis Zubeld\u00eda em busca de t\u00edtulos importantes na temporada. O lateral-esquerdo chega com a ambi\u00e7\u00e3o de ajudar o S\u00e3o Paulo a alcan\u00e7ar grandes conquistas, enquanto se adapta ao novo ambiente e \u00e0 exig\u00eancia do futebol brasileiro.<\/p>\n","protected":false},"excerpt":{"rendered":"<p>Wendell \u00e9 apresentado como refor\u00e7o do S\u00e3o Paulo e fala sobre adapta\u00e7\u00e3o ao futebol brasileiro O lateral-esquerdo Wendell foi oficialmente apresentado como novo refor\u00e7o do S\u00e3o Paulo nesta quinta-feira (6), durante uma coletiva de imprensa no CT da Barra Funda. Recentemente liberado pelo Porto, de Portugal, para fechar com o Tricolor, o jogador revelou que [&hellip;]<\/p>\n","protected":false},"author":17,"featured_media":220209,"comment_status":"open","ping_status":"closed","sticky":false,"template":"","format":"standard","meta":{"footnotes":""},"categories":[151],"tags":[],"class_list":["post-224462","post","type-post","status-publish","format-standard","has-post-thumbnail","hentry","category-sao-paulo"],"yoast_head":"<!-- This site is optimized with the Yoast SEO Premium plugin v24.2 (Yoast SEO v26.9) - https:\/\/yoast.com\/product\/yoast-seo-premium-wordpress\/ -->\n<title>A declara\u00e7\u00e3o de Wendell direcionada a torcida do S\u00e3o Paulo<\/title>\n<meta name=\"robots\" content=\"index, follow, max-snippet:-1, max-image-preview:large, max-video-preview:-1\" \/>\n<link rel=\"canonical\" href=\"https:\/\/www.gaveanews.com\/index.php\/2025\/02\/07\/a-declaracao-de-wendell-direcionada-a-torcida-do-sao-paulo\/\" \/>\n<meta property=\"og:locale\" content=\"pt_BR\" \/>\n<meta property=\"og:type\" content=\"article\" \/>\n<meta property=\"og:title\" content=\"A declara\u00e7\u00e3o de Wendell direcionada a torcida do S\u00e3o Paulo\" \/>\n<meta property=\"og:description\" content=\"Wendell \u00e9 apresentado como refor\u00e7o do S\u00e3o Paulo e fala sobre adapta\u00e7\u00e3o ao futebol brasileiro O lateral-esquerdo Wendell foi oficialmente apresentado como novo refor\u00e7o do S\u00e3o Paulo nesta quinta-feira (6), durante uma coletiva de imprensa no CT da Barra Funda. Recentemente liberado pelo Porto, de Portugal, para fechar com o Tricolor, o jogador revelou que [&hellip;]\" \/>\n<meta property=\"og:url\" content=\"https:\/\/www.gaveanews.com\/index.php\/2025\/02\/07\/a-declaracao-de-wendell-direcionada-a-torcida-do-sao-paulo\/\" \/>\n<meta property=\"og:site_name\" content=\"G\u00e1vea News\" \/>\n<meta property=\"article:publisher\" content=\"https:\/\/facebook.com\/gaveaNews\/\" \/>\n<meta property=\"article:published_time\" content=\"2025-02-07T04:20:00+00:00\" \/>\n<meta property=\"og:image\" content=\"https:\/\/www.gaveanews.com\/wp-content\/uploads\/29-01-Wendell.webp\" \/>\n\t<meta property=\"og:image:width\" content=\"750\" \/>\n\t<meta property=\"og:image:height\" content=\"350\" \/>\n\t<meta property=\"og:image:type\" content=\"image\/jpeg\" \/>\n<meta name=\"author\" content=\"Geovanna Thomaz\" \/>\n<meta name=\"twitter:card\" content=\"summary_large_image\" \/>\n<meta name=\"twitter:label1\" content=\"Escrito por\" \/>\n\t<meta name=\"twitter:data1\" content=\"Geovanna Thomaz\" \/>\n\t<meta name=\"twitter:label2\" content=\"Est. tempo de leitura\" \/>\n\t<meta name=\"twitter:data2\" content=\"3 minutos\" \/>\n<script type=\"application\/ld+json\" class=\"yoast-schema-graph\">{\"@context\":\"https:\/\/schema.org\",\"@graph\":[{\"@type\":\"NewsArticle\",\"@id\":\"https:\/\/www.gaveanews.com\/index.php\/2025\/02\/07\/a-declaracao-de-wendell-direcionada-a-torcida-do-sao-paulo\/#article\",\"isPartOf\":{\"@id\":\"https:\/\/www.gaveanews.com\/index.php\/2025\/02\/07\/a-declaracao-de-wendell-direcionada-a-torcida-do-sao-paulo\/\"},\"author\":{\"name\":\"Geovanna Thomaz\",\"@id\":\"https:\/\/www.gaveanews.com\/#\/schema\/person\/f42654babcd2b2014a1a65af82b081f1\"},\"headline\":\"A declara\u00e7\u00e3o de Wendell direcionada a torcida do S\u00e3o Paulo\",\"datePublished\":\"2025-02-07T04:20:00+00:00\",\"mainEntityOfPage\":{\"@id\":\"https:\/\/www.gaveanews.com\/index.php\/2025\/02\/07\/a-declaracao-de-wendell-direcionada-a-torcida-do-sao-paulo\/\"},\"wordCount\":533,\"commentCount\":0,\"image\":{\"@id\":\"https:\/\/www.gaveanews.com\/index.php\/2025\/02\/07\/a-declaracao-de-wendell-direcionada-a-torcida-do-sao-paulo\/#primaryimage\"},\"thumbnailUrl\":\"https:\/\/www.gaveanews.com\/wp-content\/uploads\/29-01-Wendell.webp\",\"articleSection\":[\"S\u00e3o Paulo\"],\"inLanguage\":\"pt-BR\",\"potentialAction\":[{\"@type\":\"CommentAction\",\"name\":\"Comment\",\"target\":[\"https:\/\/www.gaveanews.com\/index.php\/2025\/02\/07\/a-declaracao-de-wendell-direcionada-a-torcida-do-sao-paulo\/#respond\"]}],\"copyrightYear\":\"2025\",\"copyrightHolder\":{\"@id\":\"https:\/\/www.gaveanews.com\/#organization\"}},{\"@type\":\"WebPage\",\"@id\":\"https:\/\/www.gaveanews.com\/index.php\/2025\/02\/07\/a-declaracao-de-wendell-direcionada-a-torcida-do-sao-paulo\/\",\"url\":\"https:\/\/www.gaveanews.com\/index.php\/2025\/02\/07\/a-declaracao-de-wendell-direcionada-a-torcida-do-sao-paulo\/\",\"name\":\"A declara\u00e7\u00e3o de Wendell direcionada a torcida do S\u00e3o Paulo\",\"isPartOf\":{\"@id\":\"https:\/\/www.gaveanews.com\/#website\"},\"primaryImageOfPage\":{\"@id\":\"https:\/\/www.gaveanews.com\/index.php\/2025\/02\/07\/a-declaracao-de-wendell-direcionada-a-torcida-do-sao-paulo\/#primaryimage\"},\"image\":{\"@id\":\"https:\/\/www.gaveanews.com\/index.php\/2025\/02\/07\/a-declaracao-de-wendell-direcionada-a-torcida-do-sao-paulo\/#primaryimage\"},\"thumbnailUrl\":\"https:\/\/www.gaveanews.com\/wp-content\/uploads\/29-01-Wendell.webp\",\"datePublished\":\"2025-02-07T04:20:00+00:00\",\"author\":{\"@id\":\"https:\/\/www.gaveanews.com\/#\/schema\/person\/f42654babcd2b2014a1a65af82b081f1\"},\"breadcrumb\":{\"@id\":\"https:\/\/www.gaveanews.com\/index.php\/2025\/02\/07\/a-declaracao-de-wendell-direcionada-a-torcida-do-sao-paulo\/#breadcrumb\"},\"inLanguage\":\"pt-BR\",\"potentialAction\":[{\"@type\":\"ReadAction\",\"target\":[\"https:\/\/www.gaveanews.com\/index.php\/2025\/02\/07\/a-declaracao-de-wendell-direcionada-a-torcida-do-sao-paulo\/\"]}]},{\"@type\":\"ImageObject\",\"inLanguage\":\"pt-BR\",\"@id\":\"https:\/\/www.gaveanews.com\/index.php\/2025\/02\/07\/a-declaracao-de-wendell-direcionada-a-torcida-do-sao-paulo\/#primaryimage\",\"url\":\"https:\/\/www.gaveanews.com\/wp-content\/uploads\/29-01-Wendell.webp\",\"contentUrl\":\"https:\/\/www.gaveanews.com\/wp-content\/uploads\/29-01-Wendell.webp\",\"width\":750,\"height\":350,\"caption\":\"Foto: S\u00e3o Paulo\"},{\"@type\":\"BreadcrumbList\",\"@id\":\"https:\/\/www.gaveanews.com\/index.php\/2025\/02\/07\/a-declaracao-de-wendell-direcionada-a-torcida-do-sao-paulo\/#breadcrumb\",\"itemListElement\":[{\"@type\":\"ListItem\",\"position\":1,\"name\":\"Home\",\"item\":\"https:\/\/www.gaveanews.com\/\"},{\"@type\":\"ListItem\",\"position\":2,\"name\":\"A declara\u00e7\u00e3o de Wendell direcionada a torcida do S\u00e3o Paulo\"}]},{\"@type\":\"WebSite\",\"@id\":\"https:\/\/www.gaveanews.com\/#website\",\"url\":\"https:\/\/www.gaveanews.com\/\",\"name\":\"G\u00e1vea News\",\"description\":\"Veja todas as not\u00edcias sobre o Flamengo: Contrata\u00e7\u00f5es, categorias de base, resultados das partidas, tabela de classifica\u00e7\u00e3o, pr\u00f3ximos jogos!\",\"potentialAction\":[{\"@type\":\"SearchAction\",\"target\":{\"@type\":\"EntryPoint\",\"urlTemplate\":\"https:\/\/www.gaveanews.com\/?s={search_term_string}\"},\"query-input\":{\"@type\":\"PropertyValueSpecification\",\"valueRequired\":true,\"valueName\":\"search_term_string\"}}],\"inLanguage\":\"pt-BR\"},{\"@type\":\"Person\",\"@id\":\"https:\/\/www.gaveanews.com\/#\/schema\/person\/f42654babcd2b2014a1a65af82b081f1\",\"name\":\"Geovanna Thomaz\",\"image\":{\"@type\":\"ImageObject\",\"inLanguage\":\"pt-BR\",\"@id\":\"https:\/\/www.gaveanews.com\/#\/schema\/person\/image\/\",\"url\":\"https:\/\/secure.gravatar.com\/avatar\/4092073255489533afb558984b49b64268c47198af8623cc82a925ae9fb7118a?s=96&d=mm&r=g\",\"contentUrl\":\"https:\/\/secure.gravatar.com\/avatar\/4092073255489533afb558984b49b64268c47198af8623cc82a925ae9fb7118a?s=96&d=mm&r=g\",\"caption\":\"Geovanna Thomaz\"}}]}<\/script>\n<!-- \/ Yoast SEO Premium plugin. -->","yoast_head_json":{"title":"A declara\u00e7\u00e3o de Wendell direcionada a torcida do S\u00e3o Paulo","robots":{"index":"index","follow":"follow","max-snippet":"max-snippet:-1","max-image-preview":"max-image-preview:large","max-video-preview":"max-video-preview:-1"},"canonical":"https:\/\/www.gaveanews.com\/index.php\/2025\/02\/07\/a-declaracao-de-wendell-direcionada-a-torcida-do-sao-paulo\/","og_locale":"pt_BR","og_type":"article","og_title":"A declara\u00e7\u00e3o de Wendell direcionada a torcida do S\u00e3o Paulo","og_description":"Wendell \u00e9 apresentado como refor\u00e7o do S\u00e3o Paulo e fala sobre adapta\u00e7\u00e3o ao futebol brasileiro O lateral-esquerdo Wendell foi oficialmente apresentado como novo refor\u00e7o do S\u00e3o Paulo nesta quinta-feira (6), durante uma coletiva de imprensa no CT da Barra Funda. Recentemente liberado pelo Porto, de Portugal, para fechar com o Tricolor, o jogador revelou que [&hellip;]","og_url":"https:\/\/www.gaveanews.com\/index.php\/2025\/02\/07\/a-declaracao-de-wendell-direcionada-a-torcida-do-sao-paulo\/","og_site_name":"G\u00e1vea News","article_publisher":"https:\/\/facebook.com\/gaveaNews\/","article_published_time":"2025-02-07T04:20:00+00:00","og_image":[{"width":750,"height":350,"url":"https:\/\/www.gaveanews.com\/wp-content\/uploads\/29-01-Wendell.webp","type":"image\/jpeg"}],"author":"Geovanna Thomaz","twitter_card":"summary_large_image","twitter_misc":{"Escrito por":"Geovanna Thomaz","Est. tempo de leitura":"3 minutos"},"schema":{"@context":"https:\/\/schema.org","@graph":[{"@type":"NewsArticle","@id":"https:\/\/www.gaveanews.com\/index.php\/2025\/02\/07\/a-declaracao-de-wendell-direcionada-a-torcida-do-sao-paulo\/#article","isPartOf":{"@id":"https:\/\/www.gaveanews.com\/index.php\/2025\/02\/07\/a-declaracao-de-wendell-direcionada-a-torcida-do-sao-paulo\/"},"author":{"name":"Geovanna Thomaz","@id":"https:\/\/www.gaveanews.com\/#\/schema\/person\/f42654babcd2b2014a1a65af82b081f1"},"headline":"A declara\u00e7\u00e3o de Wendell direcionada a torcida do S\u00e3o Paulo","datePublished":"2025-02-07T04:20:00+00:00","mainEntityOfPage":{"@id":"https:\/\/www.gaveanews.com\/index.php\/2025\/02\/07\/a-declaracao-de-wendell-direcionada-a-torcida-do-sao-paulo\/"},"wordCount":533,"commentCount":0,"image":{"@id":"https:\/\/www.gaveanews.com\/index.php\/2025\/02\/07\/a-declaracao-de-wendell-direcionada-a-torcida-do-sao-paulo\/#primaryimage"},"thumbnailUrl":"https:\/\/www.gaveanews.com\/wp-content\/uploads\/29-01-Wendell.webp","articleSection":["S\u00e3o Paulo"],"inLanguage":"pt-BR","potentialAction":[{"@type":"CommentAction","name":"Comment","target":["https:\/\/www.gaveanews.com\/index.php\/2025\/02\/07\/a-declaracao-de-wendell-direcionada-a-torcida-do-sao-paulo\/#respond"]}],"copyrightYear":"2025","copyrightHolder":{"@id":"https:\/\/www.gaveanews.com\/#organization"}},{"@type":"WebPage","@id":"https:\/\/www.gaveanews.com\/index.php\/2025\/02\/07\/a-declaracao-de-wendell-direcionada-a-torcida-do-sao-paulo\/","url":"https:\/\/www.gaveanews.com\/index.php\/2025\/02\/07\/a-declaracao-de-wendell-direcionada-a-torcida-do-sao-paulo\/","name":"A declara\u00e7\u00e3o de Wendell direcionada a torcida do S\u00e3o Paulo","isPartOf":{"@id":"https:\/\/www.gaveanews.com\/#website"},"primaryImageOfPage":{"@id":"https:\/\/www.gaveanews.com\/index.php\/2025\/02\/07\/a-declaracao-de-wendell-direcionada-a-torcida-do-sao-paulo\/#primaryimage"},"image":{"@id":"https:\/\/www.gaveanews.com\/index.php\/2025\/02\/07\/a-declaracao-de-wendell-direcionada-a-torcida-do-sao-paulo\/#primaryimage"},"thumbnailUrl":"https:\/\/www.gaveanews.com\/wp-content\/uploads\/29-01-Wendell.webp","datePublished":"2025-02-07T04:20:00+00:00","author":{"@id":"https:\/\/www.gaveanews.com\/#\/schema\/person\/f42654babcd2b2014a1a65af82b081f1"},"breadcrumb":{"@id":"https:\/\/www.gaveanews.com\/index.php\/2025\/02\/07\/a-declaracao-de-wendell-direcionada-a-torcida-do-sao-paulo\/#breadcrumb"},"inLanguage":"pt-BR","potentialAction":[{"@type":"ReadAction","target":["https:\/\/www.gaveanews.com\/index.php\/2025\/02\/07\/a-declaracao-de-wendell-direcionada-a-torcida-do-sao-paulo\/"]}]},{"@type":"ImageObject","inLanguage":"pt-BR","@id":"https:\/\/www.gaveanews.com\/index.php\/2025\/02\/07\/a-declaracao-de-wendell-direcionada-a-torcida-do-sao-paulo\/#primaryimage","url":"https:\/\/www.gaveanews.com\/wp-content\/uploads\/29-01-Wendell.webp","contentUrl":"https:\/\/www.gaveanews.com\/wp-content\/uploads\/29-01-Wendell.webp","width":750,"height":350,"caption":"Foto: S\u00e3o Paulo"},{"@type":"BreadcrumbList","@id":"https:\/\/www.gaveanews.com\/index.php\/2025\/02\/07\/a-declaracao-de-wendell-direcionada-a-torcida-do-sao-paulo\/#breadcrumb","itemListElement":[{"@type":"ListItem","position":1,"name":"Home","item":"https:\/\/www.gaveanews.com\/"},{"@type":"ListItem","position":2,"name":"A declara\u00e7\u00e3o de Wendell direcionada a torcida do S\u00e3o Paulo"}]},{"@type":"WebSite","@id":"https:\/\/www.gaveanews.com\/#website","url":"https:\/\/www.gaveanews.com\/","name":"G\u00e1vea News","description":"Veja todas as not\u00edcias sobre o Flamengo: Contrata\u00e7\u00f5es, categorias de base, resultados das partidas, tabela de classifica\u00e7\u00e3o, pr\u00f3ximos jogos!","potentialAction":[{"@type":"SearchAction","target":{"@type":"EntryPoint","urlTemplate":"https:\/\/www.gaveanews.com\/?s={search_term_string}"},"query-input":{"@type":"PropertyValueSpecification","valueRequired":true,"valueName":"search_term_string"}}],"inLanguage":"pt-BR"},{"@type":"Person","@id":"https:\/\/www.gaveanews.com\/#\/schema\/person\/f42654babcd2b2014a1a65af82b081f1","name":"Geovanna Thomaz","image":{"@type":"ImageObject","inLanguage":"pt-BR","@id":"https:\/\/www.gaveanews.com\/#\/schema\/person\/image\/","url":"https:\/\/secure.gravatar.com\/avatar\/4092073255489533afb558984b49b64268c47198af8623cc82a925ae9fb7118a?s=96&d=mm&r=g","contentUrl":"https:\/\/secure.gravatar.com\/avatar\/4092073255489533afb558984b49b64268c47198af8623cc82a925ae9fb7118a?s=96&d=mm&r=g","caption":"Geovanna Thomaz"}}]}},"_links":{"self":[{"href":"https:\/\/www.gaveanews.com\/index.php\/wp-json\/wp\/v2\/posts\/224462","targetHints":{"allow":["GET"]}}],"collection":[{"href":"https:\/\/www.gaveanews.com\/index.php\/wp-json\/wp\/v2\/posts"}],"about":[{"href":"https:\/\/www.gaveanews.com\/index.php\/wp-json\/wp\/v2\/types\/post"}],"author":[{"embeddable":true,"href":"https:\/\/www.gaveanews.com\/index.php\/wp-json\/wp\/v2\/users\/17"}],"replies":[{"embeddable":true,"href":"https:\/\/www.gaveanews.com\/index.php\/wp-json\/wp\/v2\/comments?post=224462"}],"version-history":[{"count":1,"href":"https:\/\/www.gaveanews.com\/index.php\/wp-json\/wp\/v2\/posts\/224462\/revisions"}],"predecessor-version":[{"id":224464,"href":"https:\/\/www.gaveanews.com\/index.php\/wp-json\/wp\/v2\/posts\/224462\/revisions\/224464"}],"wp:featuredmedia":[{"embeddable":true,"href":"https:\/\/www.gaveanews.com\/index.php\/wp-json\/wp\/v2\/media\/220209"}],"wp:attachment":[{"href":"https:\/\/www.gaveanews.com\/index.php\/wp-json\/wp\/v2\/media?parent=224462"}],"wp:term":[{"taxonomy":"category","embeddable":true,"href":"https:\/\/www.gaveanews.com\/index.php\/wp-json\/wp\/v2\/categories?post=224462"},{"taxonomy":"post_tag","embeddable":true,"href":"https:\/\/www.gaveanews.com\/index.php\/wp-json\/wp\/v2\/tags?post=224462"}],"curies":[{"name":"wp","href":"https:\/\/api.w.org\/{rel}","templated":true}]}}