{"id":224511,"date":"2025-02-07T04:00:00","date_gmt":"2025-02-07T07:00:00","guid":{"rendered":"https:\/\/www.gaveanews.com\/?p=224511"},"modified":"2025-02-07T00:09:56","modified_gmt":"2025-02-07T03:09:56","slug":"nova-chegada-declaracao-de-varela-e-recado-de-filipe-luis-as-ultimas-noticias-do-flamengo","status":"publish","type":"post","link":"https:\/\/www.gaveanews.com\/index.php\/2025\/02\/07\/nova-chegada-declaracao-de-varela-e-recado-de-filipe-luis-as-ultimas-noticias-do-flamengo\/","title":{"rendered":"Nova chegada, declara\u00e7\u00e3o de Varela e recado de Filipe Lu\u00eds: as \u00faltimas not\u00edcias do Flamengo"},"content":{"rendered":"\n<p>Nas \u00faltimas horas, o foco das not\u00edcias sobre o Flamengo se concentram nos bastidores do clube, com destaques do dia a dia do time.<\/p>\n\n\n\n<p>Por conta deste contexto, leia abaixo um resumo preparado pela equipe do portal G\u00e1vea News para lhe manter muito bem informado!<\/p>\n\n\n\n<h2 class=\"wp-block-heading\" id=\"h-recado-de-filipe-luis\">Recado de Filipe Lu\u00eds<\/h2>\n\n\n\n<p>O Flamengo venceu a Portuguesa por 5 a 0 em partida v\u00e1lida pela oitava rodada do Campeonato Carioca, chegando \u00e0 lideran\u00e7a com 13 pontos. O t\u00e9cnico Filipe Lu\u00eds comemorou o desempenho da equipe e destacou a import\u00e2ncia da adapta\u00e7\u00e3o ao calend\u00e1rio intenso da temporada. Ele ressaltou que os jogadores est\u00e3o em processo de ajuste ao alto rendimento e que a rota\u00e7\u00e3o do elenco \u00e9 fundamental para manter a competitividade ao longo do ano <strong><a href=\"https:\/\/www.gaveanews.com\/index.php\/2025\/02\/05\/flamengo-a-declaracao-de-filipe-luis-voltada-para-o-fluminense\/\">(leia a mat\u00e9ria completa).<\/a><\/strong><\/p>\n\n\n\n<figure class=\"wp-block-image size-full\"><img loading=\"lazy\" decoding=\"async\" width=\"342\" height=\"338\" src=\"http:\/\/www.gaveanews.com\/wp-content\/uploads\/Filipe-Luis-durante-jogo-entre-o-Flamengo-x-Bahia.webp\" alt=\"\" class=\"wp-image-171957\" srcset=\"https:\/\/www.gaveanews.com\/wp-content\/uploads\/Filipe-Luis-durante-jogo-entre-o-Flamengo-x-Bahia.webp 342w, https:\/\/www.gaveanews.com\/wp-content\/uploads\/Filipe-Luis-durante-jogo-entre-o-Flamengo-x-Bahia-300x296.webp 300w, https:\/\/www.gaveanews.com\/wp-content\/uploads\/Filipe-Luis-durante-jogo-entre-o-Flamengo-x-Bahia-100x99.webp 100w\" sizes=\"auto, (max-width: 342px) 100vw, 342px\" \/><figcaption class=\"wp-element-caption\">Filipe Lu\u00eds durante jogo entre o Flamengo x Bahia (Foto: Gilvan de Souza\/CRF)<\/figcaption><\/figure>\n\n\n\n<p>Na coletiva p\u00f3s-jogo, Filipe Lu\u00eds afirmou que j\u00e1 come\u00e7ou a estudar o Fluminense, seu pr\u00f3ximo advers\u00e1rio, e que definir\u00e1 a escala\u00e7\u00e3o apenas momentos antes da partida. <\/p>\n\n\n\n<p>O treinador mencionou que n\u00e3o v\u00ea o elenco em termos de titulares e reservas, mas como um grupo equilibrado, destacando jogadores como Arrascaeta, Juninho e Luiz Ara\u00fajo. Ele tamb\u00e9m refor\u00e7ou que a prepara\u00e7\u00e3o da equipe tem sido gradual e planejada para enfrentar os desafios da temporada.<\/p>\n\n\n\n<p>O pr\u00f3ximo compromisso do Flamengo ser\u00e1 o cl\u00e1ssico contra o Fluminense, no s\u00e1bado, dia 8 de fevereiro, no Maracan\u00e3. O Tricolor ocupa a sexta coloca\u00e7\u00e3o no campeonato, com 10 pontos, e busca uma vit\u00f3ria para se aproximar das primeiras posi\u00e7\u00f5es. A equipe comandada por Mano Menezes tem um saldo positivo de apenas um gol e ter\u00e1 um desafio contra o ataque rubro-negro, que j\u00e1 marcou 17 vezes na competi\u00e7\u00e3o.<\/p>\n\n\n\n<h2 class=\"wp-block-heading\" id=\"h-declaracao-de-varela\">Declara\u00e7\u00e3o de Varela<\/h2>\n\n\n\n<p>O lateral-direito Guillermo Varela n\u00e3o participou da goleada do Flamengo por 5 a 0 sobre a Portuguesa-RJ devido ao falecimento de sua m\u00e3e, Carmen Beatriz. O jogador recebeu libera\u00e7\u00e3o do clube para viajar ao Uruguai e acompanhar o vel\u00f3rio, enquanto seus companheiros prestaram homenagens em campo. O Flamengo tamb\u00e9m expressou seu apoio oficialmente, demonstrando solidariedade ao atleta em um momento delicado <strong><a href=\"https:\/\/www.gaveanews.com\/index.php\/2025\/02\/06\/a-declaracao-de-varela-direcionada-a-torcida-do-flamengo\/\">(leia a mat\u00e9ria completa).<\/a><\/strong><\/p>\n\n\n\n<figure class=\"wp-block-image size-full\"><img loading=\"lazy\" decoding=\"async\" width=\"1208\" height=\"1467\" src=\"http:\/\/www.gaveanews.com\/wp-content\/uploads\/Varela-em-acao-pelo-Flamengo.webp\" alt=\"\" class=\"wp-image-220969\"\/><figcaption class=\"wp-element-caption\">Varela em a\u00e7\u00e3o pelo Flamengo (Foto: Gilvan de Souza e Paula Reis\/Flamengo)<\/figcaption><\/figure>\n\n\n\n<p>Mesmo \u00e0 dist\u00e2ncia, Varela utilizou suas redes sociais para agradecer o carinho da torcida e do elenco rubro-negro. A manifesta\u00e7\u00e3o de apoio foi intensa, refor\u00e7ando a uni\u00e3o do grupo. Durante a partida, Juninho dedicou um gol ao uruguaio, destacando a import\u00e2ncia do lateral para a equipe. O Flamengo, por sua vez, reiterou seu suporte ao jogador, refor\u00e7ando os la\u00e7os entre clube e atletas.<\/p>\n\n\n\n<p>A resposta emocionada de Varela gerou grande como\u00e7\u00e3o entre os torcedores. Em uma postagem, ele expressou gratid\u00e3o pelas mensagens de apoio e pela homenagem recebida dos companheiros. A atitude fortaleceu ainda mais seu v\u00ednculo com a torcida, que j\u00e1 o admirava por sua dedica\u00e7\u00e3o em campo. Esse epis\u00f3dio evidenciou a conex\u00e3o entre o elenco e os flamenguistas, mostrando que a uni\u00e3o vai al\u00e9m das quatro linhas.<\/p>\n\n\n\n<h2 class=\"wp-block-heading\" id=\"h-nova-chegada\">Nova chegada<\/h2>\n\n\n\n<p>O Flamengo anunciou nesta quinta-feira (6) a contrata\u00e7\u00e3o do ucraniano Andrii Fedchenkov, de 28 anos, como novo Gerente de Scouting do clube. Ele chega para refor\u00e7ar o departamento de an\u00e1lise e capta\u00e7\u00e3o de talentos, ap\u00f3s passagem pelo Cardiff, da segunda divis\u00e3o inglesa. A indica\u00e7\u00e3o foi feita por Jos\u00e9 Boto, Gerente T\u00e9cnico do Flamengo, com quem j\u00e1 trabalhou no Shakhtar Donetsk e no PAOK. Sua chegada faz parte da estrat\u00e9gia do clube para aprimorar a identifica\u00e7\u00e3o de refor\u00e7os, especialmente nas janelas de transfer\u00eancia futuras <strong><a href=\"https:\/\/www.gaveanews.com\/index.php\/2025\/02\/06\/flamengo-anuncia-nova-chegada\/\">(leia a mat\u00e9ria completa).<\/a><\/strong><\/p>\n\n\n\n<figure class=\"wp-block-image size-full\"><img loading=\"lazy\" decoding=\"async\" width=\"760\" height=\"507\" src=\"http:\/\/www.gaveanews.com\/wp-content\/uploads\/GjIO6zNXUAAtHFh.webp\" alt=\"\" class=\"wp-image-224243\"\/><figcaption class=\"wp-element-caption\">Andrii Fedchenkov e Jos\u00e9 Boto no Ninho do Urubu (Foto: Divulga\u00e7\u00e3o Flamengo)<\/figcaption><\/figure>\n\n\n\n<p>Fedchenkov possui ampla experi\u00eancia nos mercados sul-americano, europeu e japon\u00eas, al\u00e9m de falar diversas l\u00ednguas, incluindo portugu\u00eas, espanhol, ingl\u00eas, ucraniano e russo. O Flamengo demonstrou interesse em sua contrata\u00e7\u00e3o desde dezembro e, inicialmente, estava disposto a pagar sua multa rescis\u00f3ria. No entanto, o profissional pediu para aguardar o fim da janela europeia para obter sua libera\u00e7\u00e3o sem custos, o que ocorreu ap\u00f3s o encerramento do mercado ingl\u00eas no dia 3 de fevereiro.<\/p>\n\n\n\n<p>Agora oficialmente no Flamengo, Andrii ter\u00e1 a miss\u00e3o de liderar o setor de scouting, auxiliando na prospec\u00e7\u00e3o de jogadores tanto para o elenco principal quanto para as categorias de base. A expectativa \u00e9 que seu trabalho tenha maior impacto na pr\u00f3xima janela de transfer\u00eancias do meio do ano, refor\u00e7ando a competitividade do clube no mercado.<\/p>\n","protected":false},"excerpt":{"rendered":"<p>Nas \u00faltimas horas, o foco das not\u00edcias sobre o Flamengo se concentram nos bastidores do clube, com destaques do dia a dia do time. Por conta deste contexto, leia abaixo um resumo preparado pela equipe do portal G\u00e1vea News para lhe manter muito bem informado! Recado de Filipe Lu\u00eds O Flamengo venceu a Portuguesa por [&hellip;]<\/p>\n","protected":false},"author":27,"featured_media":64001,"comment_status":"open","ping_status":"closed","sticky":false,"template":"","format":"standard","meta":{"footnotes":""},"categories":[1],"tags":[],"class_list":["post-224511","post","type-post","status-publish","format-standard","has-post-thumbnail","hentry","category-flamengo"],"yoast_head":"<!-- This site is optimized with the Yoast SEO Premium plugin v24.2 (Yoast SEO v26.9) - https:\/\/yoast.com\/product\/yoast-seo-premium-wordpress\/ -->\n<title>Nova chegada, declara\u00e7\u00e3o de Varela e recado de Filipe Lu\u00eds: as \u00faltimas not\u00edcias do Flamengo<\/title>\n<meta name=\"robots\" content=\"index, follow, max-snippet:-1, max-image-preview:large, max-video-preview:-1\" \/>\n<link rel=\"canonical\" href=\"https:\/\/www.gaveanews.com\/index.php\/2025\/02\/07\/nova-chegada-declaracao-de-varela-e-recado-de-filipe-luis-as-ultimas-noticias-do-flamengo\/\" \/>\n<meta property=\"og:locale\" content=\"pt_BR\" \/>\n<meta property=\"og:type\" content=\"article\" \/>\n<meta property=\"og:title\" content=\"Nova chegada, declara\u00e7\u00e3o de Varela e recado de Filipe Lu\u00eds: as \u00faltimas not\u00edcias do Flamengo\" \/>\n<meta property=\"og:description\" content=\"Nas \u00faltimas horas, o foco das not\u00edcias sobre o Flamengo se concentram nos bastidores do clube, com destaques do dia a dia do time. Por conta deste contexto, leia abaixo um resumo preparado pela equipe do portal G\u00e1vea News para lhe manter muito bem informado! Recado de Filipe Lu\u00eds O Flamengo venceu a Portuguesa por [&hellip;]\" \/>\n<meta property=\"og:url\" content=\"https:\/\/www.gaveanews.com\/index.php\/2025\/02\/07\/nova-chegada-declaracao-de-varela-e-recado-de-filipe-luis-as-ultimas-noticias-do-flamengo\/\" \/>\n<meta property=\"og:site_name\" content=\"G\u00e1vea News\" \/>\n<meta property=\"article:publisher\" content=\"https:\/\/facebook.com\/gaveaNews\/\" \/>\n<meta property=\"article:published_time\" content=\"2025-02-07T07:00:00+00:00\" \/>\n<meta property=\"og:image\" content=\"https:\/\/www.gaveanews.com\/wp-content\/uploads\/Bandeira-do-Flamengo-no-estadio-do-Corinthians-antes-do-jogo-contra-o-Fluminense-pelo-Campeonato-Brasileiro-de-2021.webp\" \/>\n\t<meta property=\"og:image:width\" content=\"799\" \/>\n\t<meta property=\"og:image:height\" content=\"532\" \/>\n\t<meta property=\"og:image:type\" content=\"image\/jpeg\" \/>\n<meta name=\"author\" content=\"Matheus Felipe\" \/>\n<meta name=\"twitter:card\" content=\"summary_large_image\" \/>\n<meta name=\"twitter:label1\" content=\"Escrito por\" \/>\n\t<meta name=\"twitter:data1\" content=\"Matheus Felipe\" \/>\n\t<meta name=\"twitter:label2\" content=\"Est. tempo de leitura\" \/>\n\t<meta name=\"twitter:data2\" content=\"5 minutos\" \/>\n<script type=\"application\/ld+json\" class=\"yoast-schema-graph\">{\"@context\":\"https:\/\/schema.org\",\"@graph\":[{\"@type\":\"NewsArticle\",\"@id\":\"https:\/\/www.gaveanews.com\/index.php\/2025\/02\/07\/nova-chegada-declaracao-de-varela-e-recado-de-filipe-luis-as-ultimas-noticias-do-flamengo\/#article\",\"isPartOf\":{\"@id\":\"https:\/\/www.gaveanews.com\/index.php\/2025\/02\/07\/nova-chegada-declaracao-de-varela-e-recado-de-filipe-luis-as-ultimas-noticias-do-flamengo\/\"},\"author\":{\"name\":\"Matheus Felipe\",\"@id\":\"https:\/\/www.gaveanews.com\/#\/schema\/person\/8207cd4627f56151707418bfc835b2fb\"},\"headline\":\"Nova chegada, declara\u00e7\u00e3o de Varela e recado de Filipe Lu\u00eds: as \u00faltimas not\u00edcias do Flamengo\",\"datePublished\":\"2025-02-07T07:00:00+00:00\",\"mainEntityOfPage\":{\"@id\":\"https:\/\/www.gaveanews.com\/index.php\/2025\/02\/07\/nova-chegada-declaracao-de-varela-e-recado-de-filipe-luis-as-ultimas-noticias-do-flamengo\/\"},\"wordCount\":807,\"commentCount\":0,\"image\":{\"@id\":\"https:\/\/www.gaveanews.com\/index.php\/2025\/02\/07\/nova-chegada-declaracao-de-varela-e-recado-de-filipe-luis-as-ultimas-noticias-do-flamengo\/#primaryimage\"},\"thumbnailUrl\":\"https:\/\/www.gaveanews.com\/wp-content\/uploads\/Bandeira-do-Flamengo-no-estadio-do-Corinthians-antes-do-jogo-contra-o-Fluminense-pelo-Campeonato-Brasileiro-de-2021.webp\",\"articleSection\":[\"Flamengo\"],\"inLanguage\":\"pt-BR\",\"potentialAction\":[{\"@type\":\"CommentAction\",\"name\":\"Comment\",\"target\":[\"https:\/\/www.gaveanews.com\/index.php\/2025\/02\/07\/nova-chegada-declaracao-de-varela-e-recado-de-filipe-luis-as-ultimas-noticias-do-flamengo\/#respond\"]}],\"copyrightYear\":\"2025\",\"copyrightHolder\":{\"@id\":\"https:\/\/www.gaveanews.com\/#organization\"}},{\"@type\":\"WebPage\",\"@id\":\"https:\/\/www.gaveanews.com\/index.php\/2025\/02\/07\/nova-chegada-declaracao-de-varela-e-recado-de-filipe-luis-as-ultimas-noticias-do-flamengo\/\",\"url\":\"https:\/\/www.gaveanews.com\/index.php\/2025\/02\/07\/nova-chegada-declaracao-de-varela-e-recado-de-filipe-luis-as-ultimas-noticias-do-flamengo\/\",\"name\":\"Nova chegada, declara\u00e7\u00e3o de Varela e recado de Filipe Lu\u00eds: as \u00faltimas not\u00edcias do Flamengo\",\"isPartOf\":{\"@id\":\"https:\/\/www.gaveanews.com\/#website\"},\"primaryImageOfPage\":{\"@id\":\"https:\/\/www.gaveanews.com\/index.php\/2025\/02\/07\/nova-chegada-declaracao-de-varela-e-recado-de-filipe-luis-as-ultimas-noticias-do-flamengo\/#primaryimage\"},\"image\":{\"@id\":\"https:\/\/www.gaveanews.com\/index.php\/2025\/02\/07\/nova-chegada-declaracao-de-varela-e-recado-de-filipe-luis-as-ultimas-noticias-do-flamengo\/#primaryimage\"},\"thumbnailUrl\":\"https:\/\/www.gaveanews.com\/wp-content\/uploads\/Bandeira-do-Flamengo-no-estadio-do-Corinthians-antes-do-jogo-contra-o-Fluminense-pelo-Campeonato-Brasileiro-de-2021.webp\",\"datePublished\":\"2025-02-07T07:00:00+00:00\",\"author\":{\"@id\":\"https:\/\/www.gaveanews.com\/#\/schema\/person\/8207cd4627f56151707418bfc835b2fb\"},\"breadcrumb\":{\"@id\":\"https:\/\/www.gaveanews.com\/index.php\/2025\/02\/07\/nova-chegada-declaracao-de-varela-e-recado-de-filipe-luis-as-ultimas-noticias-do-flamengo\/#breadcrumb\"},\"inLanguage\":\"pt-BR\",\"potentialAction\":[{\"@type\":\"ReadAction\",\"target\":[\"https:\/\/www.gaveanews.com\/index.php\/2025\/02\/07\/nova-chegada-declaracao-de-varela-e-recado-de-filipe-luis-as-ultimas-noticias-do-flamengo\/\"]}]},{\"@type\":\"ImageObject\",\"inLanguage\":\"pt-BR\",\"@id\":\"https:\/\/www.gaveanews.com\/index.php\/2025\/02\/07\/nova-chegada-declaracao-de-varela-e-recado-de-filipe-luis-as-ultimas-noticias-do-flamengo\/#primaryimage\",\"url\":\"https:\/\/www.gaveanews.com\/wp-content\/uploads\/Bandeira-do-Flamengo-no-estadio-do-Corinthians-antes-do-jogo-contra-o-Fluminense-pelo-Campeonato-Brasileiro-de-2021.webp\",\"contentUrl\":\"https:\/\/www.gaveanews.com\/wp-content\/uploads\/Bandeira-do-Flamengo-no-estadio-do-Corinthians-antes-do-jogo-contra-o-Fluminense-pelo-Campeonato-Brasileiro-de-2021.webp\",\"width\":799,\"height\":532,\"caption\":\"Bandeira do Flamengo no est\u00e1dio do Corinthians antes do jogo contra o Fluminense pelo Campeonato Brasileiro de 2021 (Foto: Alexandre Vidal\/Flamengo)\"},{\"@type\":\"BreadcrumbList\",\"@id\":\"https:\/\/www.gaveanews.com\/index.php\/2025\/02\/07\/nova-chegada-declaracao-de-varela-e-recado-de-filipe-luis-as-ultimas-noticias-do-flamengo\/#breadcrumb\",\"itemListElement\":[{\"@type\":\"ListItem\",\"position\":1,\"name\":\"Home\",\"item\":\"https:\/\/www.gaveanews.com\/\"},{\"@type\":\"ListItem\",\"position\":2,\"name\":\"Nova chegada, declara\u00e7\u00e3o de Varela e recado de Filipe Lu\u00eds: as \u00faltimas not\u00edcias do Flamengo\"}]},{\"@type\":\"WebSite\",\"@id\":\"https:\/\/www.gaveanews.com\/#website\",\"url\":\"https:\/\/www.gaveanews.com\/\",\"name\":\"G\u00e1vea News\",\"description\":\"Veja todas as not\u00edcias sobre o Flamengo: Contrata\u00e7\u00f5es, categorias de base, resultados das partidas, tabela de classifica\u00e7\u00e3o, pr\u00f3ximos jogos!\",\"potentialAction\":[{\"@type\":\"SearchAction\",\"target\":{\"@type\":\"EntryPoint\",\"urlTemplate\":\"https:\/\/www.gaveanews.com\/?s={search_term_string}\"},\"query-input\":{\"@type\":\"PropertyValueSpecification\",\"valueRequired\":true,\"valueName\":\"search_term_string\"}}],\"inLanguage\":\"pt-BR\"},{\"@type\":\"Person\",\"@id\":\"https:\/\/www.gaveanews.com\/#\/schema\/person\/8207cd4627f56151707418bfc835b2fb\",\"name\":\"Matheus Felipe\",\"image\":{\"@type\":\"ImageObject\",\"inLanguage\":\"pt-BR\",\"@id\":\"https:\/\/www.gaveanews.com\/#\/schema\/person\/image\/\",\"url\":\"https:\/\/secure.gravatar.com\/avatar\/a452ffbed9130f726358b298bb3a99ce4bd3c5338411f8440e87e14d74c7c087?s=96&d=mm&r=g\",\"contentUrl\":\"https:\/\/secure.gravatar.com\/avatar\/a452ffbed9130f726358b298bb3a99ce4bd3c5338411f8440e87e14d74c7c087?s=96&d=mm&r=g\",\"caption\":\"Matheus Felipe\"}}]}<\/script>\n<!-- \/ Yoast SEO Premium plugin. -->","yoast_head_json":{"title":"Nova chegada, declara\u00e7\u00e3o de Varela e recado de Filipe Lu\u00eds: as \u00faltimas not\u00edcias do Flamengo","robots":{"index":"index","follow":"follow","max-snippet":"max-snippet:-1","max-image-preview":"max-image-preview:large","max-video-preview":"max-video-preview:-1"},"canonical":"https:\/\/www.gaveanews.com\/index.php\/2025\/02\/07\/nova-chegada-declaracao-de-varela-e-recado-de-filipe-luis-as-ultimas-noticias-do-flamengo\/","og_locale":"pt_BR","og_type":"article","og_title":"Nova chegada, declara\u00e7\u00e3o de Varela e recado de Filipe Lu\u00eds: as \u00faltimas not\u00edcias do Flamengo","og_description":"Nas \u00faltimas horas, o foco das not\u00edcias sobre o Flamengo se concentram nos bastidores do clube, com destaques do dia a dia do time. Por conta deste contexto, leia abaixo um resumo preparado pela equipe do portal G\u00e1vea News para lhe manter muito bem informado! Recado de Filipe Lu\u00eds O Flamengo venceu a Portuguesa por [&hellip;]","og_url":"https:\/\/www.gaveanews.com\/index.php\/2025\/02\/07\/nova-chegada-declaracao-de-varela-e-recado-de-filipe-luis-as-ultimas-noticias-do-flamengo\/","og_site_name":"G\u00e1vea News","article_publisher":"https:\/\/facebook.com\/gaveaNews\/","article_published_time":"2025-02-07T07:00:00+00:00","og_image":[{"width":799,"height":532,"url":"https:\/\/www.gaveanews.com\/wp-content\/uploads\/Bandeira-do-Flamengo-no-estadio-do-Corinthians-antes-do-jogo-contra-o-Fluminense-pelo-Campeonato-Brasileiro-de-2021.webp","type":"image\/jpeg"}],"author":"Matheus Felipe","twitter_card":"summary_large_image","twitter_misc":{"Escrito por":"Matheus Felipe","Est. tempo de leitura":"5 minutos"},"schema":{"@context":"https:\/\/schema.org","@graph":[{"@type":"NewsArticle","@id":"https:\/\/www.gaveanews.com\/index.php\/2025\/02\/07\/nova-chegada-declaracao-de-varela-e-recado-de-filipe-luis-as-ultimas-noticias-do-flamengo\/#article","isPartOf":{"@id":"https:\/\/www.gaveanews.com\/index.php\/2025\/02\/07\/nova-chegada-declaracao-de-varela-e-recado-de-filipe-luis-as-ultimas-noticias-do-flamengo\/"},"author":{"name":"Matheus Felipe","@id":"https:\/\/www.gaveanews.com\/#\/schema\/person\/8207cd4627f56151707418bfc835b2fb"},"headline":"Nova chegada, declara\u00e7\u00e3o de Varela e recado de Filipe Lu\u00eds: as \u00faltimas not\u00edcias do Flamengo","datePublished":"2025-02-07T07:00:00+00:00","mainEntityOfPage":{"@id":"https:\/\/www.gaveanews.com\/index.php\/2025\/02\/07\/nova-chegada-declaracao-de-varela-e-recado-de-filipe-luis-as-ultimas-noticias-do-flamengo\/"},"wordCount":807,"commentCount":0,"image":{"@id":"https:\/\/www.gaveanews.com\/index.php\/2025\/02\/07\/nova-chegada-declaracao-de-varela-e-recado-de-filipe-luis-as-ultimas-noticias-do-flamengo\/#primaryimage"},"thumbnailUrl":"https:\/\/www.gaveanews.com\/wp-content\/uploads\/Bandeira-do-Flamengo-no-estadio-do-Corinthians-antes-do-jogo-contra-o-Fluminense-pelo-Campeonato-Brasileiro-de-2021.webp","articleSection":["Flamengo"],"inLanguage":"pt-BR","potentialAction":[{"@type":"CommentAction","name":"Comment","target":["https:\/\/www.gaveanews.com\/index.php\/2025\/02\/07\/nova-chegada-declaracao-de-varela-e-recado-de-filipe-luis-as-ultimas-noticias-do-flamengo\/#respond"]}],"copyrightYear":"2025","copyrightHolder":{"@id":"https:\/\/www.gaveanews.com\/#organization"}},{"@type":"WebPage","@id":"https:\/\/www.gaveanews.com\/index.php\/2025\/02\/07\/nova-chegada-declaracao-de-varela-e-recado-de-filipe-luis-as-ultimas-noticias-do-flamengo\/","url":"https:\/\/www.gaveanews.com\/index.php\/2025\/02\/07\/nova-chegada-declaracao-de-varela-e-recado-de-filipe-luis-as-ultimas-noticias-do-flamengo\/","name":"Nova chegada, declara\u00e7\u00e3o de Varela e recado de Filipe Lu\u00eds: as \u00faltimas not\u00edcias do Flamengo","isPartOf":{"@id":"https:\/\/www.gaveanews.com\/#website"},"primaryImageOfPage":{"@id":"https:\/\/www.gaveanews.com\/index.php\/2025\/02\/07\/nova-chegada-declaracao-de-varela-e-recado-de-filipe-luis-as-ultimas-noticias-do-flamengo\/#primaryimage"},"image":{"@id":"https:\/\/www.gaveanews.com\/index.php\/2025\/02\/07\/nova-chegada-declaracao-de-varela-e-recado-de-filipe-luis-as-ultimas-noticias-do-flamengo\/#primaryimage"},"thumbnailUrl":"https:\/\/www.gaveanews.com\/wp-content\/uploads\/Bandeira-do-Flamengo-no-estadio-do-Corinthians-antes-do-jogo-contra-o-Fluminense-pelo-Campeonato-Brasileiro-de-2021.webp","datePublished":"2025-02-07T07:00:00+00:00","author":{"@id":"https:\/\/www.gaveanews.com\/#\/schema\/person\/8207cd4627f56151707418bfc835b2fb"},"breadcrumb":{"@id":"https:\/\/www.gaveanews.com\/index.php\/2025\/02\/07\/nova-chegada-declaracao-de-varela-e-recado-de-filipe-luis-as-ultimas-noticias-do-flamengo\/#breadcrumb"},"inLanguage":"pt-BR","potentialAction":[{"@type":"ReadAction","target":["https:\/\/www.gaveanews.com\/index.php\/2025\/02\/07\/nova-chegada-declaracao-de-varela-e-recado-de-filipe-luis-as-ultimas-noticias-do-flamengo\/"]}]},{"@type":"ImageObject","inLanguage":"pt-BR","@id":"https:\/\/www.gaveanews.com\/index.php\/2025\/02\/07\/nova-chegada-declaracao-de-varela-e-recado-de-filipe-luis-as-ultimas-noticias-do-flamengo\/#primaryimage","url":"https:\/\/www.gaveanews.com\/wp-content\/uploads\/Bandeira-do-Flamengo-no-estadio-do-Corinthians-antes-do-jogo-contra-o-Fluminense-pelo-Campeonato-Brasileiro-de-2021.webp","contentUrl":"https:\/\/www.gaveanews.com\/wp-content\/uploads\/Bandeira-do-Flamengo-no-estadio-do-Corinthians-antes-do-jogo-contra-o-Fluminense-pelo-Campeonato-Brasileiro-de-2021.webp","width":799,"height":532,"caption":"Bandeira do Flamengo no est\u00e1dio do Corinthians antes do jogo contra o Fluminense pelo Campeonato Brasileiro de 2021 (Foto: Alexandre Vidal\/Flamengo)"},{"@type":"BreadcrumbList","@id":"https:\/\/www.gaveanews.com\/index.php\/2025\/02\/07\/nova-chegada-declaracao-de-varela-e-recado-de-filipe-luis-as-ultimas-noticias-do-flamengo\/#breadcrumb","itemListElement":[{"@type":"ListItem","position":1,"name":"Home","item":"https:\/\/www.gaveanews.com\/"},{"@type":"ListItem","position":2,"name":"Nova chegada, declara\u00e7\u00e3o de Varela e recado de Filipe Lu\u00eds: as \u00faltimas not\u00edcias do Flamengo"}]},{"@type":"WebSite","@id":"https:\/\/www.gaveanews.com\/#website","url":"https:\/\/www.gaveanews.com\/","name":"G\u00e1vea News","description":"Veja todas as not\u00edcias sobre o Flamengo: Contrata\u00e7\u00f5es, categorias de base, resultados das partidas, tabela de classifica\u00e7\u00e3o, pr\u00f3ximos jogos!","potentialAction":[{"@type":"SearchAction","target":{"@type":"EntryPoint","urlTemplate":"https:\/\/www.gaveanews.com\/?s={search_term_string}"},"query-input":{"@type":"PropertyValueSpecification","valueRequired":true,"valueName":"search_term_string"}}],"inLanguage":"pt-BR"},{"@type":"Person","@id":"https:\/\/www.gaveanews.com\/#\/schema\/person\/8207cd4627f56151707418bfc835b2fb","name":"Matheus Felipe","image":{"@type":"ImageObject","inLanguage":"pt-BR","@id":"https:\/\/www.gaveanews.com\/#\/schema\/person\/image\/","url":"https:\/\/secure.gravatar.com\/avatar\/a452ffbed9130f726358b298bb3a99ce4bd3c5338411f8440e87e14d74c7c087?s=96&d=mm&r=g","contentUrl":"https:\/\/secure.gravatar.com\/avatar\/a452ffbed9130f726358b298bb3a99ce4bd3c5338411f8440e87e14d74c7c087?s=96&d=mm&r=g","caption":"Matheus Felipe"}}]}},"_links":{"self":[{"href":"https:\/\/www.gaveanews.com\/index.php\/wp-json\/wp\/v2\/posts\/224511","targetHints":{"allow":["GET"]}}],"collection":[{"href":"https:\/\/www.gaveanews.com\/index.php\/wp-json\/wp\/v2\/posts"}],"about":[{"href":"https:\/\/www.gaveanews.com\/index.php\/wp-json\/wp\/v2\/types\/post"}],"author":[{"embeddable":true,"href":"https:\/\/www.gaveanews.com\/index.php\/wp-json\/wp\/v2\/users\/27"}],"replies":[{"embeddable":true,"href":"https:\/\/www.gaveanews.com\/index.php\/wp-json\/wp\/v2\/comments?post=224511"}],"version-history":[{"count":1,"href":"https:\/\/www.gaveanews.com\/index.php\/wp-json\/wp\/v2\/posts\/224511\/revisions"}],"predecessor-version":[{"id":224534,"href":"https:\/\/www.gaveanews.com\/index.php\/wp-json\/wp\/v2\/posts\/224511\/revisions\/224534"}],"wp:featuredmedia":[{"embeddable":true,"href":"https:\/\/www.gaveanews.com\/index.php\/wp-json\/wp\/v2\/media\/64001"}],"wp:attachment":[{"href":"https:\/\/www.gaveanews.com\/index.php\/wp-json\/wp\/v2\/media?parent=224511"}],"wp:term":[{"taxonomy":"category","embeddable":true,"href":"https:\/\/www.gaveanews.com\/index.php\/wp-json\/wp\/v2\/categories?post=224511"},{"taxonomy":"post_tag","embeddable":true,"href":"https:\/\/www.gaveanews.com\/index.php\/wp-json\/wp\/v2\/tags?post=224511"}],"curies":[{"name":"wp","href":"https:\/\/api.w.org\/{rel}","templated":true}]}}