{"id":224518,"date":"2025-02-07T04:15:00","date_gmt":"2025-02-07T07:15:00","guid":{"rendered":"https:\/\/www.gaveanews.com\/?p=224518"},"modified":"2025-02-07T00:50:29","modified_gmt":"2025-02-07T03:50:29","slug":"publicacao-de-gabigol-situacao-de-jogadores-para-o-classico-e-declaracao-de-dudu-as-ultimas-noticias-do-cruzeiro","status":"publish","type":"post","link":"https:\/\/www.gaveanews.com\/index.php\/2025\/02\/07\/publicacao-de-gabigol-situacao-de-jogadores-para-o-classico-e-declaracao-de-dudu-as-ultimas-noticias-do-cruzeiro\/","title":{"rendered":"Publica\u00e7\u00e3o de Gabigol, situa\u00e7\u00e3o de jogadores para o cl\u00e1ssico e declara\u00e7\u00e3o de Dudu: as \u00faltimas not\u00edcias do Cruzeiro"},"content":{"rendered":"\n<p>Nas \u00faltimas horas, o foco das not\u00edcias sobre o Cruzeiro se concentram nos bastidores do clube, com destaques do dia a dia do time.<\/p>\n\n\n\n<p>Por conta deste contexto, leia abaixo um resumo preparado pela equipe do portal G\u00e1vea News para lhe manter muito bem informado!<\/p>\n\n\n\n<h2 class=\"wp-block-heading\" id=\"h-declaracao-de-dudu\">Declara\u00e7\u00e3o de Dudu<\/h2>\n\n\n\n<p>O Cruzeiro se prepara para o cl\u00e1ssico contra o Atl\u00e9tico-MG, no domingo (9), pelo Campeonato Mineiro, e o atacante Dudu revelou sua ansiedade para a partida. Ap\u00f3s o empate com o Am\u00e9rica-MG, o jogador destacou a import\u00e2ncia da vit\u00f3ria para consolidar a lideran\u00e7a do Grupo C e garantir a classifica\u00e7\u00e3o antecipada \u00e0s semifinais. Este ser\u00e1 o segundo encontro entre as equipes na temporada, ap\u00f3s um empate sem gols na FC Series, nos Estados Unidos, jogo que Dudu classificou como pouco atrativo e sem grandes oportunidades <strong><a href=\"https:\/\/www.gaveanews.com\/index.php\/2025\/02\/06\/cruzeiro-x-atletico-mg-a-declaracao-de-dudu\/\">(leia a mat\u00e9ria completa).<\/a><\/strong><\/p>\n\n\n\n<figure class=\"wp-block-image size-full\"><img loading=\"lazy\" decoding=\"async\" width=\"734\" height=\"800\" src=\"http:\/\/www.gaveanews.com\/wp-content\/uploads\/dudu-palmeiras.webp\" alt=\"\" class=\"wp-image-91497\" srcset=\"https:\/\/www.gaveanews.com\/wp-content\/uploads\/dudu-palmeiras.webp 734w, https:\/\/www.gaveanews.com\/wp-content\/uploads\/dudu-palmeiras-275x300.webp 275w, https:\/\/www.gaveanews.com\/wp-content\/uploads\/dudu-palmeiras-385x420.webp 385w, https:\/\/www.gaveanews.com\/wp-content\/uploads\/dudu-palmeiras-640x698.webp 640w, https:\/\/www.gaveanews.com\/wp-content\/uploads\/dudu-palmeiras-681x742.webp 681w, https:\/\/www.gaveanews.com\/wp-content\/uploads\/dudu-palmeiras-100x109.webp 100w\" sizes=\"auto, (max-width: 734px) 100vw, 734px\" \/><figcaption class=\"wp-element-caption\">Dudu em partida do Palmeiras (Foto: Cesar Greco\/Palmeiras)<\/figcaption><\/figure>\n\n\n\n<p>A situa\u00e7\u00e3o dos times na tabela torna o cl\u00e1ssico ainda mais decisivo. Enquanto o Cruzeiro lidera com folga seu grupo, o Atl\u00e9tico-MG ocupa a terceira posi\u00e7\u00e3o no Grupo A e precisa vencer para continuar com chances de avan\u00e7ar. <\/p>\n\n\n\n<p>A expectativa \u00e9 de um jogo mais din\u00e2mico e disputado do que o primeiro encontro, j\u00e1 que ambas as equipes necessitam do resultado. Dudu enfatizou que o time est\u00e1 focado em apresentar um futebol de qualidade e dar alegria aos torcedores.<\/p>\n\n\n\n<p>Com a partida marcada para o Mineir\u00e3o, \u00e0s 16h, o confronto pode definir os rumos das equipes na competi\u00e7\u00e3o. O Cruzeiro busca manter sua invencibilidade e se classificar antecipadamente, enquanto o Atl\u00e9tico-MG precisa reagir para n\u00e3o se complicar no campeonato. O cl\u00e1ssico promete ser um grande teste para os dois times e um momento crucial na fase classificat\u00f3ria do Estadual.<\/p>\n\n\n\n<h2 class=\"wp-block-heading\" id=\"h-situacao-de-jogadores-para-o-classico\">Situa\u00e7\u00e3o de jogadores para o cl\u00e1ssico<\/h2>\n\n\n\n<p>O Cruzeiro entra em alerta para o cl\u00e1ssico contra o Atl\u00e9tico-MG, pois dois jogadores fundamentais, Fabr\u00edcio Bruno e Lucas Romero, est\u00e3o pendurados com dois cart\u00f5es amarelos. Caso sejam advertidos novamente, ambos ficar\u00e3o fora da \u00faltima rodada da fase de grupos do Campeonato Mineiro. A partida contra o Galo, v\u00e1lida pela 7\u00aa rodada, acontece no domingo (9), no Mineir\u00e3o, e pode ser decisiva para a classifica\u00e7\u00e3o da Raposa \u00e0s semifinais do torneio estadual <strong><a href=\"https:\/\/www.gaveanews.com\/index.php\/2025\/02\/07\/cruzeiro-liga-sinal-de-alerta-para-dois-jogadores-para-o-classico-contra-o-atletico-mg\/\">(leia a mat\u00e9ria completa).<\/a><\/strong><\/p>\n\n\n\n<figure class=\"wp-block-image size-full\"><img loading=\"lazy\" decoding=\"async\" width=\"473\" height=\"575\" src=\"http:\/\/www.gaveanews.com\/wp-content\/uploads\/Fabricio-Bruno-pelo-Cruzeiro.webp\" alt=\"\" class=\"wp-image-213420\" srcset=\"https:\/\/www.gaveanews.com\/wp-content\/uploads\/Fabricio-Bruno-pelo-Cruzeiro.webp 473w, https:\/\/www.gaveanews.com\/wp-content\/uploads\/Fabricio-Bruno-pelo-Cruzeiro-247x300.webp 247w, https:\/\/www.gaveanews.com\/wp-content\/uploads\/Fabricio-Bruno-pelo-Cruzeiro-345x420.webp 345w, https:\/\/www.gaveanews.com\/wp-content\/uploads\/Fabricio-Bruno-pelo-Cruzeiro-100x122.webp 100w\" sizes=\"auto, (max-width: 473px) 100vw, 473px\" \/><figcaption class=\"wp-element-caption\">Fabr\u00edcio Bruno pelo Cruzeiro (Foto: Gustavo Aleixo\/Cruzeiro)\n\n<\/figcaption><\/figure>\n\n\n\n<p>A preocupa\u00e7\u00e3o da comiss\u00e3o t\u00e9cnica comandada por Wesley Carvalho aumenta devido \u00e0 import\u00e2ncia dos dois atletas para a equipe. Romero j\u00e1 conseguiu evitar uma nova advert\u00eancia na \u00faltima partida contra o Am\u00e9rica-MG, enquanto Fabr\u00edcio Bruno foi punido no empate da 6\u00aa rodada. A vit\u00f3ria no cl\u00e1ssico pode garantir a classifica\u00e7\u00e3o antecipada do Cruzeiro, dependendo de outros resultados na rodada.<\/p>\n\n\n\n<p>Com a expectativa de mais de 60 mil torcedores no est\u00e1dio, o confronto promete ser um dos mais disputados da fase de grupos. Al\u00e9m da rivalidade hist\u00f3rica, a partida pode definir os rumos das equipes na competi\u00e7\u00e3o. O Am\u00e9rica-MG, que tamb\u00e9m est\u00e1 na briga pela lideran\u00e7a do Grupo B, precisa vencer para ultrapassar o Athletic, tornando a reta final do torneio ainda mais emocionante.<\/p>\n\n\n\n<h2 class=\"wp-block-heading\" id=\"h-publicacao-de-gabigol\">Publica\u00e7\u00e3o de Gabigol<\/h2>\n\n\n\n<p>Gabigol, principal refor\u00e7o do Cruzeiro para 2025, usou as redes sociais para elogiar Dudu, outro destaque da equipe nesta temporada. Ap\u00f3s o empate contra o Am\u00e9rica-MG, o atacante compartilhou uma imagem ao lado do camisa 7 cruzeirense com a legenda &#8220;Craque, craque, craque&#8221;, recebendo a resposta de Dudu: &#8220;Tamo junto, Gabi. Seguimos firmes nos nossos objetivos&#8221;. A dupla, que rapidamente se entrosou, tem sido fundamental para o desempenho da equipe no Campeonato Mineiro<strong><a href=\"https:\/\/www.gaveanews.com\/index.php\/2025\/02\/06\/gabigol-faz-publicacao-direcionada-a-dudu-do-cruzeiro\/\"> (leia a mat\u00e9ria completa).<\/a><\/strong><\/p>\n\n\n\n<figure class=\"wp-block-image size-large\"><img loading=\"lazy\" decoding=\"async\" width=\"1024\" height=\"768\" src=\"http:\/\/www.gaveanews.com\/wp-content\/uploads\/Gabigol-com-a-camisa-do-Cruzeiro-1024x768.webp\" alt=\"\" class=\"wp-image-206773\" srcset=\"https:\/\/www.gaveanews.com\/wp-content\/uploads\/Gabigol-com-a-camisa-do-Cruzeiro-1024x768.webp 1024w, https:\/\/www.gaveanews.com\/wp-content\/uploads\/Gabigol-com-a-camisa-do-Cruzeiro-300x225.webp 300w, https:\/\/www.gaveanews.com\/wp-content\/uploads\/Gabigol-com-a-camisa-do-Cruzeiro-768x576.webp 768w, https:\/\/www.gaveanews.com\/wp-content\/uploads\/Gabigol-com-a-camisa-do-Cruzeiro-560x420.webp 560w, https:\/\/www.gaveanews.com\/wp-content\/uploads\/Gabigol-com-a-camisa-do-Cruzeiro-1119x840.webp 1119w, https:\/\/www.gaveanews.com\/wp-content\/uploads\/Gabigol-com-a-camisa-do-Cruzeiro-80x60.webp 80w, https:\/\/www.gaveanews.com\/wp-content\/uploads\/Gabigol-com-a-camisa-do-Cruzeiro-160x120.webp 160w, https:\/\/www.gaveanews.com\/wp-content\/uploads\/Gabigol-com-a-camisa-do-Cruzeiro-100x75.webp 100w, https:\/\/www.gaveanews.com\/wp-content\/uploads\/Gabigol-com-a-camisa-do-Cruzeiro-200x150.webp 200w, https:\/\/www.gaveanews.com\/wp-content\/uploads\/Gabigol-com-a-camisa-do-Cruzeiro-180x135.webp 180w, https:\/\/www.gaveanews.com\/wp-content\/uploads\/Gabigol-com-a-camisa-do-Cruzeiro-360x270.webp 360w, https:\/\/www.gaveanews.com\/wp-content\/uploads\/Gabigol-com-a-camisa-do-Cruzeiro-238x178.webp 238w, https:\/\/www.gaveanews.com\/wp-content\/uploads\/Gabigol-com-a-camisa-do-Cruzeiro-476x356.webp 476w, https:\/\/www.gaveanews.com\/wp-content\/uploads\/Gabigol-com-a-camisa-do-Cruzeiro-640x480.webp 640w, https:\/\/www.gaveanews.com\/wp-content\/uploads\/Gabigol-com-a-camisa-do-Cruzeiro-1280x960.webp 1280w, https:\/\/www.gaveanews.com\/wp-content\/uploads\/Gabigol-com-a-camisa-do-Cruzeiro-681x511.webp 681w, https:\/\/www.gaveanews.com\/wp-content\/uploads\/Gabigol-com-a-camisa-do-Cruzeiro.webp 1350w\" sizes=\"auto, (max-width: 1024px) 100vw, 1024px\" \/><figcaption class=\"wp-element-caption\">Gabigol com a camisa do Cruzeiro (Foto: Reprodu\u00e7\u00e3o\/Instagram)<\/figcaption><\/figure>\n\n\n\n<p>Dudu, revelado pelo Cruzeiro, retornou ao clube neste ano e tem se destacado, marcando um gol em cinco partidas, sendo titular em quatro delas. Sob o comando interino de Wesley Carvalho, o jogador vem demonstrando evolu\u00e7\u00e3o e se tornou pe\u00e7a-chave nos \u00faltimos jogos. J\u00e1 Gabigol, contratado junto ao Flamengo, lidera a artilharia do Estadual, com quatro gols em quatro partidas, refor\u00e7ando sua import\u00e2ncia no elenco cruzeirense.<\/p>\n\n\n\n<p>A pr\u00f3xima partida do Cruzeiro ser\u00e1 contra o Atl\u00e9tico-MG, no domingo (9), no Mineir\u00e3o, pela s\u00e9tima rodada do Campeonato Mineiro. O confronto ser\u00e1 mais um teste para a equipe, que busca manter o bom momento na competi\u00e7\u00e3o. Enquanto isso, os torcedores seguem acompanhando de perto a parceria entre Gabigol e Dudu, que pode se tornar uma das mais decisivas do time na temporada.<\/p>\n","protected":false},"excerpt":{"rendered":"<p>Nas \u00faltimas horas, o foco das not\u00edcias sobre o Cruzeiro se concentram nos bastidores do clube, com destaques do dia a dia do time. Por conta deste contexto, leia abaixo um resumo preparado pela equipe do portal G\u00e1vea News para lhe manter muito bem informado! Declara\u00e7\u00e3o de Dudu O Cruzeiro se prepara para o cl\u00e1ssico [&hellip;]<\/p>\n","protected":false},"author":27,"featured_media":175601,"comment_status":"open","ping_status":"closed","sticky":false,"template":"","format":"standard","meta":{"footnotes":""},"categories":[143],"tags":[],"class_list":["post-224518","post","type-post","status-publish","format-standard","has-post-thumbnail","hentry","category-cruzeiro"],"yoast_head":"<!-- This site is optimized with the Yoast SEO Premium plugin v24.2 (Yoast SEO v26.9) - https:\/\/yoast.com\/product\/yoast-seo-premium-wordpress\/ -->\n<title>Publica\u00e7\u00e3o de Gabigol, situa\u00e7\u00e3o de jogadores para o cl\u00e1ssico e declara\u00e7\u00e3o de Dudu: as \u00faltimas not\u00edcias do Cruzeiro<\/title>\n<meta name=\"robots\" content=\"index, follow, max-snippet:-1, max-image-preview:large, max-video-preview:-1\" \/>\n<link rel=\"canonical\" href=\"https:\/\/www.gaveanews.com\/index.php\/2025\/02\/07\/publicacao-de-gabigol-situacao-de-jogadores-para-o-classico-e-declaracao-de-dudu-as-ultimas-noticias-do-cruzeiro\/\" \/>\n<meta property=\"og:locale\" content=\"pt_BR\" \/>\n<meta property=\"og:type\" content=\"article\" \/>\n<meta property=\"og:title\" content=\"Publica\u00e7\u00e3o de Gabigol, situa\u00e7\u00e3o de jogadores para o cl\u00e1ssico e declara\u00e7\u00e3o de Dudu: as \u00faltimas not\u00edcias do Cruzeiro\" \/>\n<meta property=\"og:description\" content=\"Nas \u00faltimas horas, o foco das not\u00edcias sobre o Cruzeiro se concentram nos bastidores do clube, com destaques do dia a dia do time. Por conta deste contexto, leia abaixo um resumo preparado pela equipe do portal G\u00e1vea News para lhe manter muito bem informado! Declara\u00e7\u00e3o de Dudu O Cruzeiro se prepara para o cl\u00e1ssico [&hellip;]\" \/>\n<meta property=\"og:url\" content=\"https:\/\/www.gaveanews.com\/index.php\/2025\/02\/07\/publicacao-de-gabigol-situacao-de-jogadores-para-o-classico-e-declaracao-de-dudu-as-ultimas-noticias-do-cruzeiro\/\" \/>\n<meta property=\"og:site_name\" content=\"G\u00e1vea News\" \/>\n<meta property=\"article:publisher\" content=\"https:\/\/facebook.com\/gaveaNews\/\" \/>\n<meta property=\"article:published_time\" content=\"2025-02-07T07:15:00+00:00\" \/>\n<meta property=\"og:image\" content=\"https:\/\/www.gaveanews.com\/wp-content\/uploads\/Bandeira-do-Cruzeiro.webp\" \/>\n\t<meta property=\"og:image:width\" content=\"1062\" \/>\n\t<meta property=\"og:image:height\" content=\"708\" \/>\n\t<meta property=\"og:image:type\" content=\"image\/webp\" \/>\n<meta name=\"author\" content=\"Matheus Felipe\" \/>\n<meta name=\"twitter:card\" content=\"summary_large_image\" \/>\n<meta name=\"twitter:label1\" content=\"Escrito por\" \/>\n\t<meta name=\"twitter:data1\" content=\"Matheus Felipe\" \/>\n\t<meta name=\"twitter:label2\" content=\"Est. tempo de leitura\" \/>\n\t<meta name=\"twitter:data2\" content=\"5 minutos\" \/>\n<script type=\"application\/ld+json\" class=\"yoast-schema-graph\">{\"@context\":\"https:\/\/schema.org\",\"@graph\":[{\"@type\":\"NewsArticle\",\"@id\":\"https:\/\/www.gaveanews.com\/index.php\/2025\/02\/07\/publicacao-de-gabigol-situacao-de-jogadores-para-o-classico-e-declaracao-de-dudu-as-ultimas-noticias-do-cruzeiro\/#article\",\"isPartOf\":{\"@id\":\"https:\/\/www.gaveanews.com\/index.php\/2025\/02\/07\/publicacao-de-gabigol-situacao-de-jogadores-para-o-classico-e-declaracao-de-dudu-as-ultimas-noticias-do-cruzeiro\/\"},\"author\":{\"name\":\"Matheus Felipe\",\"@id\":\"https:\/\/www.gaveanews.com\/#\/schema\/person\/8207cd4627f56151707418bfc835b2fb\"},\"headline\":\"Publica\u00e7\u00e3o de Gabigol, situa\u00e7\u00e3o de jogadores para o cl\u00e1ssico e declara\u00e7\u00e3o de Dudu: as \u00faltimas not\u00edcias do Cruzeiro\",\"datePublished\":\"2025-02-07T07:15:00+00:00\",\"mainEntityOfPage\":{\"@id\":\"https:\/\/www.gaveanews.com\/index.php\/2025\/02\/07\/publicacao-de-gabigol-situacao-de-jogadores-para-o-classico-e-declaracao-de-dudu-as-ultimas-noticias-do-cruzeiro\/\"},\"wordCount\":799,\"commentCount\":0,\"image\":{\"@id\":\"https:\/\/www.gaveanews.com\/index.php\/2025\/02\/07\/publicacao-de-gabigol-situacao-de-jogadores-para-o-classico-e-declaracao-de-dudu-as-ultimas-noticias-do-cruzeiro\/#primaryimage\"},\"thumbnailUrl\":\"https:\/\/www.gaveanews.com\/wp-content\/uploads\/Bandeira-do-Cruzeiro.webp\",\"articleSection\":[\"Cruzeiro\"],\"inLanguage\":\"pt-BR\",\"potentialAction\":[{\"@type\":\"CommentAction\",\"name\":\"Comment\",\"target\":[\"https:\/\/www.gaveanews.com\/index.php\/2025\/02\/07\/publicacao-de-gabigol-situacao-de-jogadores-para-o-classico-e-declaracao-de-dudu-as-ultimas-noticias-do-cruzeiro\/#respond\"]}],\"copyrightYear\":\"2025\",\"copyrightHolder\":{\"@id\":\"https:\/\/www.gaveanews.com\/#organization\"}},{\"@type\":\"WebPage\",\"@id\":\"https:\/\/www.gaveanews.com\/index.php\/2025\/02\/07\/publicacao-de-gabigol-situacao-de-jogadores-para-o-classico-e-declaracao-de-dudu-as-ultimas-noticias-do-cruzeiro\/\",\"url\":\"https:\/\/www.gaveanews.com\/index.php\/2025\/02\/07\/publicacao-de-gabigol-situacao-de-jogadores-para-o-classico-e-declaracao-de-dudu-as-ultimas-noticias-do-cruzeiro\/\",\"name\":\"Publica\u00e7\u00e3o de Gabigol, situa\u00e7\u00e3o de jogadores para o cl\u00e1ssico e declara\u00e7\u00e3o de Dudu: as \u00faltimas not\u00edcias do Cruzeiro\",\"isPartOf\":{\"@id\":\"https:\/\/www.gaveanews.com\/#website\"},\"primaryImageOfPage\":{\"@id\":\"https:\/\/www.gaveanews.com\/index.php\/2025\/02\/07\/publicacao-de-gabigol-situacao-de-jogadores-para-o-classico-e-declaracao-de-dudu-as-ultimas-noticias-do-cruzeiro\/#primaryimage\"},\"image\":{\"@id\":\"https:\/\/www.gaveanews.com\/index.php\/2025\/02\/07\/publicacao-de-gabigol-situacao-de-jogadores-para-o-classico-e-declaracao-de-dudu-as-ultimas-noticias-do-cruzeiro\/#primaryimage\"},\"thumbnailUrl\":\"https:\/\/www.gaveanews.com\/wp-content\/uploads\/Bandeira-do-Cruzeiro.webp\",\"datePublished\":\"2025-02-07T07:15:00+00:00\",\"author\":{\"@id\":\"https:\/\/www.gaveanews.com\/#\/schema\/person\/8207cd4627f56151707418bfc835b2fb\"},\"breadcrumb\":{\"@id\":\"https:\/\/www.gaveanews.com\/index.php\/2025\/02\/07\/publicacao-de-gabigol-situacao-de-jogadores-para-o-classico-e-declaracao-de-dudu-as-ultimas-noticias-do-cruzeiro\/#breadcrumb\"},\"inLanguage\":\"pt-BR\",\"potentialAction\":[{\"@type\":\"ReadAction\",\"target\":[\"https:\/\/www.gaveanews.com\/index.php\/2025\/02\/07\/publicacao-de-gabigol-situacao-de-jogadores-para-o-classico-e-declaracao-de-dudu-as-ultimas-noticias-do-cruzeiro\/\"]}]},{\"@type\":\"ImageObject\",\"inLanguage\":\"pt-BR\",\"@id\":\"https:\/\/www.gaveanews.com\/index.php\/2025\/02\/07\/publicacao-de-gabigol-situacao-de-jogadores-para-o-classico-e-declaracao-de-dudu-as-ultimas-noticias-do-cruzeiro\/#primaryimage\",\"url\":\"https:\/\/www.gaveanews.com\/wp-content\/uploads\/Bandeira-do-Cruzeiro.webp\",\"contentUrl\":\"https:\/\/www.gaveanews.com\/wp-content\/uploads\/Bandeira-do-Cruzeiro.webp\",\"width\":1062,\"height\":708,\"caption\":\"Bandeira do Cruzeiro (Foto: Reprodu\u00e7\u00e3o\/Cruzeiro)\"},{\"@type\":\"BreadcrumbList\",\"@id\":\"https:\/\/www.gaveanews.com\/index.php\/2025\/02\/07\/publicacao-de-gabigol-situacao-de-jogadores-para-o-classico-e-declaracao-de-dudu-as-ultimas-noticias-do-cruzeiro\/#breadcrumb\",\"itemListElement\":[{\"@type\":\"ListItem\",\"position\":1,\"name\":\"Home\",\"item\":\"https:\/\/www.gaveanews.com\/\"},{\"@type\":\"ListItem\",\"position\":2,\"name\":\"Publica\u00e7\u00e3o de Gabigol, situa\u00e7\u00e3o de jogadores para o cl\u00e1ssico e declara\u00e7\u00e3o de Dudu: as \u00faltimas not\u00edcias do Cruzeiro\"}]},{\"@type\":\"WebSite\",\"@id\":\"https:\/\/www.gaveanews.com\/#website\",\"url\":\"https:\/\/www.gaveanews.com\/\",\"name\":\"G\u00e1vea News\",\"description\":\"Veja todas as not\u00edcias sobre o Flamengo: Contrata\u00e7\u00f5es, categorias de base, resultados das partidas, tabela de classifica\u00e7\u00e3o, pr\u00f3ximos jogos!\",\"potentialAction\":[{\"@type\":\"SearchAction\",\"target\":{\"@type\":\"EntryPoint\",\"urlTemplate\":\"https:\/\/www.gaveanews.com\/?s={search_term_string}\"},\"query-input\":{\"@type\":\"PropertyValueSpecification\",\"valueRequired\":true,\"valueName\":\"search_term_string\"}}],\"inLanguage\":\"pt-BR\"},{\"@type\":\"Person\",\"@id\":\"https:\/\/www.gaveanews.com\/#\/schema\/person\/8207cd4627f56151707418bfc835b2fb\",\"name\":\"Matheus Felipe\",\"image\":{\"@type\":\"ImageObject\",\"inLanguage\":\"pt-BR\",\"@id\":\"https:\/\/www.gaveanews.com\/#\/schema\/person\/image\/\",\"url\":\"https:\/\/secure.gravatar.com\/avatar\/a452ffbed9130f726358b298bb3a99ce4bd3c5338411f8440e87e14d74c7c087?s=96&d=mm&r=g\",\"contentUrl\":\"https:\/\/secure.gravatar.com\/avatar\/a452ffbed9130f726358b298bb3a99ce4bd3c5338411f8440e87e14d74c7c087?s=96&d=mm&r=g\",\"caption\":\"Matheus Felipe\"}}]}<\/script>\n<!-- \/ Yoast SEO Premium plugin. -->","yoast_head_json":{"title":"Publica\u00e7\u00e3o de Gabigol, situa\u00e7\u00e3o de jogadores para o cl\u00e1ssico e declara\u00e7\u00e3o de Dudu: as \u00faltimas not\u00edcias do Cruzeiro","robots":{"index":"index","follow":"follow","max-snippet":"max-snippet:-1","max-image-preview":"max-image-preview:large","max-video-preview":"max-video-preview:-1"},"canonical":"https:\/\/www.gaveanews.com\/index.php\/2025\/02\/07\/publicacao-de-gabigol-situacao-de-jogadores-para-o-classico-e-declaracao-de-dudu-as-ultimas-noticias-do-cruzeiro\/","og_locale":"pt_BR","og_type":"article","og_title":"Publica\u00e7\u00e3o de Gabigol, situa\u00e7\u00e3o de jogadores para o cl\u00e1ssico e declara\u00e7\u00e3o de Dudu: as \u00faltimas not\u00edcias do Cruzeiro","og_description":"Nas \u00faltimas horas, o foco das not\u00edcias sobre o Cruzeiro se concentram nos bastidores do clube, com destaques do dia a dia do time. Por conta deste contexto, leia abaixo um resumo preparado pela equipe do portal G\u00e1vea News para lhe manter muito bem informado! Declara\u00e7\u00e3o de Dudu O Cruzeiro se prepara para o cl\u00e1ssico [&hellip;]","og_url":"https:\/\/www.gaveanews.com\/index.php\/2025\/02\/07\/publicacao-de-gabigol-situacao-de-jogadores-para-o-classico-e-declaracao-de-dudu-as-ultimas-noticias-do-cruzeiro\/","og_site_name":"G\u00e1vea News","article_publisher":"https:\/\/facebook.com\/gaveaNews\/","article_published_time":"2025-02-07T07:15:00+00:00","og_image":[{"width":1062,"height":708,"url":"https:\/\/www.gaveanews.com\/wp-content\/uploads\/Bandeira-do-Cruzeiro.webp","type":"image\/webp"}],"author":"Matheus Felipe","twitter_card":"summary_large_image","twitter_misc":{"Escrito por":"Matheus Felipe","Est. tempo de leitura":"5 minutos"},"schema":{"@context":"https:\/\/schema.org","@graph":[{"@type":"NewsArticle","@id":"https:\/\/www.gaveanews.com\/index.php\/2025\/02\/07\/publicacao-de-gabigol-situacao-de-jogadores-para-o-classico-e-declaracao-de-dudu-as-ultimas-noticias-do-cruzeiro\/#article","isPartOf":{"@id":"https:\/\/www.gaveanews.com\/index.php\/2025\/02\/07\/publicacao-de-gabigol-situacao-de-jogadores-para-o-classico-e-declaracao-de-dudu-as-ultimas-noticias-do-cruzeiro\/"},"author":{"name":"Matheus Felipe","@id":"https:\/\/www.gaveanews.com\/#\/schema\/person\/8207cd4627f56151707418bfc835b2fb"},"headline":"Publica\u00e7\u00e3o de Gabigol, situa\u00e7\u00e3o de jogadores para o cl\u00e1ssico e declara\u00e7\u00e3o de Dudu: as \u00faltimas not\u00edcias do Cruzeiro","datePublished":"2025-02-07T07:15:00+00:00","mainEntityOfPage":{"@id":"https:\/\/www.gaveanews.com\/index.php\/2025\/02\/07\/publicacao-de-gabigol-situacao-de-jogadores-para-o-classico-e-declaracao-de-dudu-as-ultimas-noticias-do-cruzeiro\/"},"wordCount":799,"commentCount":0,"image":{"@id":"https:\/\/www.gaveanews.com\/index.php\/2025\/02\/07\/publicacao-de-gabigol-situacao-de-jogadores-para-o-classico-e-declaracao-de-dudu-as-ultimas-noticias-do-cruzeiro\/#primaryimage"},"thumbnailUrl":"https:\/\/www.gaveanews.com\/wp-content\/uploads\/Bandeira-do-Cruzeiro.webp","articleSection":["Cruzeiro"],"inLanguage":"pt-BR","potentialAction":[{"@type":"CommentAction","name":"Comment","target":["https:\/\/www.gaveanews.com\/index.php\/2025\/02\/07\/publicacao-de-gabigol-situacao-de-jogadores-para-o-classico-e-declaracao-de-dudu-as-ultimas-noticias-do-cruzeiro\/#respond"]}],"copyrightYear":"2025","copyrightHolder":{"@id":"https:\/\/www.gaveanews.com\/#organization"}},{"@type":"WebPage","@id":"https:\/\/www.gaveanews.com\/index.php\/2025\/02\/07\/publicacao-de-gabigol-situacao-de-jogadores-para-o-classico-e-declaracao-de-dudu-as-ultimas-noticias-do-cruzeiro\/","url":"https:\/\/www.gaveanews.com\/index.php\/2025\/02\/07\/publicacao-de-gabigol-situacao-de-jogadores-para-o-classico-e-declaracao-de-dudu-as-ultimas-noticias-do-cruzeiro\/","name":"Publica\u00e7\u00e3o de Gabigol, situa\u00e7\u00e3o de jogadores para o cl\u00e1ssico e declara\u00e7\u00e3o de Dudu: as \u00faltimas not\u00edcias do Cruzeiro","isPartOf":{"@id":"https:\/\/www.gaveanews.com\/#website"},"primaryImageOfPage":{"@id":"https:\/\/www.gaveanews.com\/index.php\/2025\/02\/07\/publicacao-de-gabigol-situacao-de-jogadores-para-o-classico-e-declaracao-de-dudu-as-ultimas-noticias-do-cruzeiro\/#primaryimage"},"image":{"@id":"https:\/\/www.gaveanews.com\/index.php\/2025\/02\/07\/publicacao-de-gabigol-situacao-de-jogadores-para-o-classico-e-declaracao-de-dudu-as-ultimas-noticias-do-cruzeiro\/#primaryimage"},"thumbnailUrl":"https:\/\/www.gaveanews.com\/wp-content\/uploads\/Bandeira-do-Cruzeiro.webp","datePublished":"2025-02-07T07:15:00+00:00","author":{"@id":"https:\/\/www.gaveanews.com\/#\/schema\/person\/8207cd4627f56151707418bfc835b2fb"},"breadcrumb":{"@id":"https:\/\/www.gaveanews.com\/index.php\/2025\/02\/07\/publicacao-de-gabigol-situacao-de-jogadores-para-o-classico-e-declaracao-de-dudu-as-ultimas-noticias-do-cruzeiro\/#breadcrumb"},"inLanguage":"pt-BR","potentialAction":[{"@type":"ReadAction","target":["https:\/\/www.gaveanews.com\/index.php\/2025\/02\/07\/publicacao-de-gabigol-situacao-de-jogadores-para-o-classico-e-declaracao-de-dudu-as-ultimas-noticias-do-cruzeiro\/"]}]},{"@type":"ImageObject","inLanguage":"pt-BR","@id":"https:\/\/www.gaveanews.com\/index.php\/2025\/02\/07\/publicacao-de-gabigol-situacao-de-jogadores-para-o-classico-e-declaracao-de-dudu-as-ultimas-noticias-do-cruzeiro\/#primaryimage","url":"https:\/\/www.gaveanews.com\/wp-content\/uploads\/Bandeira-do-Cruzeiro.webp","contentUrl":"https:\/\/www.gaveanews.com\/wp-content\/uploads\/Bandeira-do-Cruzeiro.webp","width":1062,"height":708,"caption":"Bandeira do Cruzeiro (Foto: Reprodu\u00e7\u00e3o\/Cruzeiro)"},{"@type":"BreadcrumbList","@id":"https:\/\/www.gaveanews.com\/index.php\/2025\/02\/07\/publicacao-de-gabigol-situacao-de-jogadores-para-o-classico-e-declaracao-de-dudu-as-ultimas-noticias-do-cruzeiro\/#breadcrumb","itemListElement":[{"@type":"ListItem","position":1,"name":"Home","item":"https:\/\/www.gaveanews.com\/"},{"@type":"ListItem","position":2,"name":"Publica\u00e7\u00e3o de Gabigol, situa\u00e7\u00e3o de jogadores para o cl\u00e1ssico e declara\u00e7\u00e3o de Dudu: as \u00faltimas not\u00edcias do Cruzeiro"}]},{"@type":"WebSite","@id":"https:\/\/www.gaveanews.com\/#website","url":"https:\/\/www.gaveanews.com\/","name":"G\u00e1vea News","description":"Veja todas as not\u00edcias sobre o Flamengo: Contrata\u00e7\u00f5es, categorias de base, resultados das partidas, tabela de classifica\u00e7\u00e3o, pr\u00f3ximos jogos!","potentialAction":[{"@type":"SearchAction","target":{"@type":"EntryPoint","urlTemplate":"https:\/\/www.gaveanews.com\/?s={search_term_string}"},"query-input":{"@type":"PropertyValueSpecification","valueRequired":true,"valueName":"search_term_string"}}],"inLanguage":"pt-BR"},{"@type":"Person","@id":"https:\/\/www.gaveanews.com\/#\/schema\/person\/8207cd4627f56151707418bfc835b2fb","name":"Matheus Felipe","image":{"@type":"ImageObject","inLanguage":"pt-BR","@id":"https:\/\/www.gaveanews.com\/#\/schema\/person\/image\/","url":"https:\/\/secure.gravatar.com\/avatar\/a452ffbed9130f726358b298bb3a99ce4bd3c5338411f8440e87e14d74c7c087?s=96&d=mm&r=g","contentUrl":"https:\/\/secure.gravatar.com\/avatar\/a452ffbed9130f726358b298bb3a99ce4bd3c5338411f8440e87e14d74c7c087?s=96&d=mm&r=g","caption":"Matheus Felipe"}}]}},"_links":{"self":[{"href":"https:\/\/www.gaveanews.com\/index.php\/wp-json\/wp\/v2\/posts\/224518","targetHints":{"allow":["GET"]}}],"collection":[{"href":"https:\/\/www.gaveanews.com\/index.php\/wp-json\/wp\/v2\/posts"}],"about":[{"href":"https:\/\/www.gaveanews.com\/index.php\/wp-json\/wp\/v2\/types\/post"}],"author":[{"embeddable":true,"href":"https:\/\/www.gaveanews.com\/index.php\/wp-json\/wp\/v2\/users\/27"}],"replies":[{"embeddable":true,"href":"https:\/\/www.gaveanews.com\/index.php\/wp-json\/wp\/v2\/comments?post=224518"}],"version-history":[{"count":1,"href":"https:\/\/www.gaveanews.com\/index.php\/wp-json\/wp\/v2\/posts\/224518\/revisions"}],"predecessor-version":[{"id":224552,"href":"https:\/\/www.gaveanews.com\/index.php\/wp-json\/wp\/v2\/posts\/224518\/revisions\/224552"}],"wp:featuredmedia":[{"embeddable":true,"href":"https:\/\/www.gaveanews.com\/index.php\/wp-json\/wp\/v2\/media\/175601"}],"wp:attachment":[{"href":"https:\/\/www.gaveanews.com\/index.php\/wp-json\/wp\/v2\/media?parent=224518"}],"wp:term":[{"taxonomy":"category","embeddable":true,"href":"https:\/\/www.gaveanews.com\/index.php\/wp-json\/wp\/v2\/categories?post=224518"},{"taxonomy":"post_tag","embeddable":true,"href":"https:\/\/www.gaveanews.com\/index.php\/wp-json\/wp\/v2\/tags?post=224518"}],"curies":[{"name":"wp","href":"https:\/\/api.w.org\/{rel}","templated":true}]}}