{"id":224520,"date":"2025-02-07T04:20:00","date_gmt":"2025-02-07T07:20:00","guid":{"rendered":"https:\/\/www.gaveanews.com\/?p=224520"},"modified":"2025-02-07T00:59:43","modified_gmt":"2025-02-07T03:59:43","slug":"escalacao-de-abel-ferreira-declaracao-de-velloso-e-recado-de-zinho-as-ultimas-noticias-do-corinthians","status":"publish","type":"post","link":"https:\/\/www.gaveanews.com\/index.php\/2025\/02\/07\/escalacao-de-abel-ferreira-declaracao-de-velloso-e-recado-de-zinho-as-ultimas-noticias-do-corinthians\/","title":{"rendered":"Escala\u00e7\u00e3o de Abel Ferreira, declara\u00e7\u00e3o de Velloso e recado de Zinho: as \u00faltimas not\u00edcias do Corinthians"},"content":{"rendered":"\n<p>Nas \u00faltimas horas, o foco das not\u00edcias sobre o Corinthians se concentram nos bastidores do clube, com destaques do dia a dia do time.<\/p>\n\n\n\n<p>Por conta deste contexto, leia abaixo um resumo preparado pela equipe do portal G\u00e1vea News para lhe manter muito bem informado!<\/p>\n\n\n\n<h2 class=\"wp-block-heading\" id=\"h-recado-de-zinho\">Recado de Zinho<\/h2>\n\n\n\n<p>O goleiro Hugo Souza foi o grande destaque da vit\u00f3ria do Corinthians por 1 a 0 sobre o Novorizontino pelo Campeonato Paulista. Com defesas decisivas ao longo da partida, incluindo a defesa de um p\u00eanalti, o jogador garantiu os tr\u00eas pontos para o Tim\u00e3o. O comentarista Zinho, da ESPN, elogiou a atua\u00e7\u00e3o do arqueiro, destacando sua fase excepcional e a seguran\u00e7a que tem passado para a equipe desde sua chegada ao clube <strong><a href=\"https:\/\/www.gaveanews.com\/index.php\/2025\/02\/06\/corinthians-a-declaracao-de-zinho-direcionada-a-hugo-souza\/\">(leia a mat\u00e9ria completa).<\/a><\/strong><\/p>\n\n\n\n<figure class=\"wp-block-image size-full\"><img loading=\"lazy\" decoding=\"async\" width=\"800\" height=\"450\" src=\"http:\/\/www.gaveanews.com\/wp-content\/uploads\/Zinho-ex-jogador-e-comentarista-esportivo.webp\" alt=\"\" class=\"wp-image-128167\" srcset=\"https:\/\/www.gaveanews.com\/wp-content\/uploads\/Zinho-ex-jogador-e-comentarista-esportivo.webp 800w, https:\/\/www.gaveanews.com\/wp-content\/uploads\/Zinho-ex-jogador-e-comentarista-esportivo-300x169.webp 300w, https:\/\/www.gaveanews.com\/wp-content\/uploads\/Zinho-ex-jogador-e-comentarista-esportivo-768x432.webp 768w, https:\/\/www.gaveanews.com\/wp-content\/uploads\/Zinho-ex-jogador-e-comentarista-esportivo-747x420.webp 747w, https:\/\/www.gaveanews.com\/wp-content\/uploads\/Zinho-ex-jogador-e-comentarista-esportivo-640x360.webp 640w, https:\/\/www.gaveanews.com\/wp-content\/uploads\/Zinho-ex-jogador-e-comentarista-esportivo-681x383.webp 681w, https:\/\/www.gaveanews.com\/wp-content\/uploads\/Zinho-ex-jogador-e-comentarista-esportivo-100x56.webp 100w\" sizes=\"auto, (max-width: 800px) 100vw, 800px\" \/><figcaption class=\"wp-element-caption\">Zinho ex-jogador e comentarista esportivo &#8211; Foto: Divulga\u00e7\u00e3o<\/figcaption><\/figure>\n\n\n\n<p>O Corinthians enfrentou forte press\u00e3o do advers\u00e1rio, que finalizou 23 vezes, sendo sete no alvo, mas Hugo Souza se mostrou decisivo em momentos cruciais. <\/p>\n\n\n\n<p>Desde sua contrata\u00e7\u00e3o em 2024, ap\u00f3s a sa\u00edda de C\u00e1ssio e Carlos Miguel, o goleiro tem demonstrado grande evolu\u00e7\u00e3o. O Tim\u00e3o adquiriu 60% dos direitos do jogador junto ao Flamengo por R$ 7,3 milh\u00f5es, firmando um contrato de quatro anos com o atleta.<\/p>\n\n\n\n<p>A performance contra o Novorizontino refor\u00e7a a confian\u00e7a da torcida e da comiss\u00e3o t\u00e9cnica no goleiro, que se consolida como pe\u00e7a fundamental na equipe. Com Hugo Souza em grande fase, o Corinthians segue forte na disputa do Paulist\u00e3o e busca manter a lideran\u00e7a do Grupo A na competi\u00e7\u00e3o.<\/p>\n\n\n\n<h2 class=\"wp-block-heading\" id=\"h-declaracao-de-velloso\">Declara\u00e7\u00e3o de Velloso<\/h2>\n\n\n\n<p>Palmeiras e Corinthians se enfrentam nesta quinta-feira (6), \u00e0s 20h, no Allianz Parque, pela s\u00e9tima rodada da fase de grupos do Campeonato Paulista. O cl\u00e1ssico foi tema de debate no programa <em>Os Donos da Bola<\/em>, onde o ex-goleiro Velloso alertou sobre os erros defensivos do Corinthians, afirmando que, se repetir a atua\u00e7\u00e3o inst\u00e1vel contra o Novorizontino, poder\u00e1 sofrer uma goleada. J\u00e1 Craque Neto discordou e destacou a evolu\u00e7\u00e3o do Tim\u00e3o sob o comando de Ram\u00f3n D\u00edaz, defendendo que o time tem condi\u00e7\u00f5es de equilibrar o confronto<strong><a href=\"https:\/\/www.gaveanews.com\/index.php\/2025\/02\/06\/palmeiras-x-corinthians-a-declaracao-de-velloso\/\"> (leia a mat\u00e9ria completa).<\/a><\/strong><\/p>\n\n\n\n<figure class=\"wp-block-image size-full\"><img loading=\"lazy\" decoding=\"async\" width=\"661\" height=\"454\" src=\"http:\/\/www.gaveanews.com\/wp-content\/uploads\/Velloso-ex-goleiro.webp\" alt=\"\" class=\"wp-image-211044\" srcset=\"https:\/\/www.gaveanews.com\/wp-content\/uploads\/Velloso-ex-goleiro.webp 661w, https:\/\/www.gaveanews.com\/wp-content\/uploads\/Velloso-ex-goleiro-300x206.webp 300w, https:\/\/www.gaveanews.com\/wp-content\/uploads\/Velloso-ex-goleiro-611x420.webp 611w, https:\/\/www.gaveanews.com\/wp-content\/uploads\/Velloso-ex-goleiro-640x440.webp 640w, https:\/\/www.gaveanews.com\/wp-content\/uploads\/Velloso-ex-goleiro-100x69.webp 100w\" sizes=\"auto, (max-width: 661px) 100vw, 661px\" \/><figcaption class=\"wp-element-caption\">Velloso ex-goleiro (Foto: Reprodu\u00e7\u00e3o\/Band)<\/figcaption><\/figure>\n\n\n\n<p>O Palmeiras ainda n\u00e3o tem sua escala\u00e7\u00e3o totalmente definida, com d\u00favidas principalmente nas laterais. No entanto, Abel Ferreira deve manter a base do time que vem demonstrando consist\u00eancia na temporada. J\u00e1 o Corinthians, embalado por bons resultados, deve entrar em campo com sua forma\u00e7\u00e3o titular, contando com jogadores como Depay, Talles Magno e Igor Coronado para tentar surpreender o rival fora de casa.<\/p>\n\n\n\n<p>O cl\u00e1ssico promete ser um dos jogos mais disputados do Paulist\u00e3o, com o Palmeiras buscando afirma\u00e7\u00e3o diante de sua torcida e o Corinthians querendo manter a lideran\u00e7a do grupo. Com momentos distintos, mas com elencos qualificados, a partida tem tudo para ser um grande espet\u00e1culo, refor\u00e7ando a rivalidade hist\u00f3rica entre as equipes paulistas.<\/p>\n\n\n\n<h2 class=\"wp-block-heading\" id=\"h-escalacao-de-abel-ferreira\">Escala\u00e7\u00e3o de Abel Ferreira<\/h2>\n\n\n\n<p>Palmeiras e Corinthians se enfrentam nesta quinta-feira (6) no Allianz Parque, em um cl\u00e1ssico v\u00e1lido pela 7\u00aa rodada do Campeonato Paulista. O Verd\u00e3o chega embalado ap\u00f3s golear o Guarani por 4 a 1 e busca manter o bom retrospecto diante do rival. Sob o comando de Abel Ferreira, a equipe deve manter a mesma forma\u00e7\u00e3o da \u00faltima partida, com uma poss\u00edvel altera\u00e7\u00e3o na lateral esquerda: Piquerez, recuperado de les\u00e3o, pode reassumir a titularidade no lugar de Vanderlan <strong><a href=\"https:\/\/www.gaveanews.com\/index.php\/2025\/02\/06\/palmeiras-x-corinthians-a-escalacao-de-abel-ferreira\/\">(leia a mat\u00e9ria completa).<\/a><\/strong><\/p>\n\n\n\n<figure class=\"wp-block-image size-full\"><img loading=\"lazy\" decoding=\"async\" width=\"984\" height=\"677\" src=\"http:\/\/www.gaveanews.com\/wp-content\/uploads\/rib2564.avif\" alt=\"\" class=\"wp-image-142773\"\/><figcaption class=\"wp-element-caption\">Abel Ferreira em Palmeiras x Athletico \u2014 Foto: Marcos Ribolli\n\n<\/figcaption><\/figure>\n\n\n\n<p>O treinador portugu\u00eas seguir\u00e1 apostando em um esquema sem um centroavante fixo, utilizando Maur\u00edcio e Raphael Veiga como \u201cfalsos 9\u201d para garantir mais mobilidade ao ataque. A prov\u00e1vel escala\u00e7\u00e3o do Palmeiras inclui Weverton; Marcos Rocha, Murilo, G\u00f3mez e Piquerez (Vanderlan); An\u00edbal Moreno, Richard R\u00edos, Maur\u00edcio e Raphael Veiga; Est\u00eav\u00e3o e Facundo Torres. Rony segue fora, enquanto Felipe Anderson ainda se recupera de les\u00e3o. Emiliano Mart\u00ednez, rec\u00e9m-contratado, pode ser relacionado pela primeira vez, mas deve come\u00e7ar no banco.<\/p>\n\n\n\n<p>O Verd\u00e3o ocupa a terceira posi\u00e7\u00e3o do grupo D, com 11 pontos, atr\u00e1s de Ponte Preta e S\u00e3o Bernardo. Para retomar a lideran\u00e7a e seguir forte na disputa pelo t\u00edtulo estadual, uma vit\u00f3ria sobre o Corinthians \u00e9 essencial. J\u00e1 o Tim\u00e3o, embalado na competi\u00e7\u00e3o, tamb\u00e9m busca os tr\u00eas pontos para se manter na ponta do grupo A. O cl\u00e1ssico promete ser um duelo equilibrado e de grande import\u00e2ncia para a sequ\u00eancia do Campeonato Paulista.<\/p>\n","protected":false},"excerpt":{"rendered":"<p>Nas \u00faltimas horas, o foco das not\u00edcias sobre o Corinthians se concentram nos bastidores do clube, com destaques do dia a dia do time. Por conta deste contexto, leia abaixo um resumo preparado pela equipe do portal G\u00e1vea News para lhe manter muito bem informado! Recado de Zinho O goleiro Hugo Souza foi o grande [&hellip;]<\/p>\n","protected":false},"author":27,"featured_media":154473,"comment_status":"open","ping_status":"closed","sticky":false,"template":"","format":"standard","meta":{"footnotes":""},"categories":[141],"tags":[],"class_list":["post-224520","post","type-post","status-publish","format-standard","has-post-thumbnail","hentry","category-corinthians"],"yoast_head":"<!-- This site is optimized with the Yoast SEO Premium plugin v24.2 (Yoast SEO v26.9) - https:\/\/yoast.com\/product\/yoast-seo-premium-wordpress\/ -->\n<title>Escala\u00e7\u00e3o de Abel Ferreira, declara\u00e7\u00e3o de Velloso e recado de Zinho: as \u00faltimas not\u00edcias do Corinthians<\/title>\n<meta name=\"robots\" content=\"index, follow, max-snippet:-1, max-image-preview:large, max-video-preview:-1\" \/>\n<link rel=\"canonical\" href=\"https:\/\/www.gaveanews.com\/index.php\/2025\/02\/07\/escalacao-de-abel-ferreira-declaracao-de-velloso-e-recado-de-zinho-as-ultimas-noticias-do-corinthians\/\" \/>\n<meta property=\"og:locale\" content=\"pt_BR\" \/>\n<meta property=\"og:type\" content=\"article\" \/>\n<meta property=\"og:title\" content=\"Escala\u00e7\u00e3o de Abel Ferreira, declara\u00e7\u00e3o de Velloso e recado de Zinho: as \u00faltimas not\u00edcias do Corinthians\" \/>\n<meta property=\"og:description\" content=\"Nas \u00faltimas horas, o foco das not\u00edcias sobre o Corinthians se concentram nos bastidores do clube, com destaques do dia a dia do time. Por conta deste contexto, leia abaixo um resumo preparado pela equipe do portal G\u00e1vea News para lhe manter muito bem informado! Recado de Zinho O goleiro Hugo Souza foi o grande [&hellip;]\" \/>\n<meta property=\"og:url\" content=\"https:\/\/www.gaveanews.com\/index.php\/2025\/02\/07\/escalacao-de-abel-ferreira-declaracao-de-velloso-e-recado-de-zinho-as-ultimas-noticias-do-corinthians\/\" \/>\n<meta property=\"og:site_name\" content=\"G\u00e1vea News\" \/>\n<meta property=\"article:publisher\" content=\"https:\/\/facebook.com\/gaveaNews\/\" \/>\n<meta property=\"article:published_time\" content=\"2025-02-07T07:20:00+00:00\" \/>\n<meta property=\"og:image\" content=\"https:\/\/www.gaveanews.com\/wp-content\/uploads\/Escudo-do-Corinthians-na-Neo-Quimica-Arena.webp\" \/>\n\t<meta property=\"og:image:width\" content=\"1440\" \/>\n\t<meta property=\"og:image:height\" content=\"959\" \/>\n\t<meta property=\"og:image:type\" content=\"image\/jpeg\" \/>\n<meta name=\"author\" content=\"Matheus Felipe\" \/>\n<meta name=\"twitter:card\" content=\"summary_large_image\" \/>\n<meta name=\"twitter:label1\" content=\"Escrito por\" \/>\n\t<meta name=\"twitter:data1\" content=\"Matheus Felipe\" \/>\n\t<meta name=\"twitter:label2\" content=\"Est. tempo de leitura\" \/>\n\t<meta name=\"twitter:data2\" content=\"5 minutos\" \/>\n<script type=\"application\/ld+json\" class=\"yoast-schema-graph\">{\"@context\":\"https:\/\/schema.org\",\"@graph\":[{\"@type\":\"NewsArticle\",\"@id\":\"https:\/\/www.gaveanews.com\/index.php\/2025\/02\/07\/escalacao-de-abel-ferreira-declaracao-de-velloso-e-recado-de-zinho-as-ultimas-noticias-do-corinthians\/#article\",\"isPartOf\":{\"@id\":\"https:\/\/www.gaveanews.com\/index.php\/2025\/02\/07\/escalacao-de-abel-ferreira-declaracao-de-velloso-e-recado-de-zinho-as-ultimas-noticias-do-corinthians\/\"},\"author\":{\"name\":\"Matheus Felipe\",\"@id\":\"https:\/\/www.gaveanews.com\/#\/schema\/person\/8207cd4627f56151707418bfc835b2fb\"},\"headline\":\"Escala\u00e7\u00e3o de Abel Ferreira, declara\u00e7\u00e3o de Velloso e recado de Zinho: as \u00faltimas not\u00edcias do Corinthians\",\"datePublished\":\"2025-02-07T07:20:00+00:00\",\"mainEntityOfPage\":{\"@id\":\"https:\/\/www.gaveanews.com\/index.php\/2025\/02\/07\/escalacao-de-abel-ferreira-declaracao-de-velloso-e-recado-de-zinho-as-ultimas-noticias-do-corinthians\/\"},\"wordCount\":800,\"commentCount\":0,\"image\":{\"@id\":\"https:\/\/www.gaveanews.com\/index.php\/2025\/02\/07\/escalacao-de-abel-ferreira-declaracao-de-velloso-e-recado-de-zinho-as-ultimas-noticias-do-corinthians\/#primaryimage\"},\"thumbnailUrl\":\"https:\/\/www.gaveanews.com\/wp-content\/uploads\/Escudo-do-Corinthians-na-Neo-Quimica-Arena.webp\",\"articleSection\":[\"Corinthians\"],\"inLanguage\":\"pt-BR\",\"potentialAction\":[{\"@type\":\"CommentAction\",\"name\":\"Comment\",\"target\":[\"https:\/\/www.gaveanews.com\/index.php\/2025\/02\/07\/escalacao-de-abel-ferreira-declaracao-de-velloso-e-recado-de-zinho-as-ultimas-noticias-do-corinthians\/#respond\"]}],\"copyrightYear\":\"2025\",\"copyrightHolder\":{\"@id\":\"https:\/\/www.gaveanews.com\/#organization\"}},{\"@type\":\"WebPage\",\"@id\":\"https:\/\/www.gaveanews.com\/index.php\/2025\/02\/07\/escalacao-de-abel-ferreira-declaracao-de-velloso-e-recado-de-zinho-as-ultimas-noticias-do-corinthians\/\",\"url\":\"https:\/\/www.gaveanews.com\/index.php\/2025\/02\/07\/escalacao-de-abel-ferreira-declaracao-de-velloso-e-recado-de-zinho-as-ultimas-noticias-do-corinthians\/\",\"name\":\"Escala\u00e7\u00e3o de Abel Ferreira, declara\u00e7\u00e3o de Velloso e recado de Zinho: as \u00faltimas not\u00edcias do Corinthians\",\"isPartOf\":{\"@id\":\"https:\/\/www.gaveanews.com\/#website\"},\"primaryImageOfPage\":{\"@id\":\"https:\/\/www.gaveanews.com\/index.php\/2025\/02\/07\/escalacao-de-abel-ferreira-declaracao-de-velloso-e-recado-de-zinho-as-ultimas-noticias-do-corinthians\/#primaryimage\"},\"image\":{\"@id\":\"https:\/\/www.gaveanews.com\/index.php\/2025\/02\/07\/escalacao-de-abel-ferreira-declaracao-de-velloso-e-recado-de-zinho-as-ultimas-noticias-do-corinthians\/#primaryimage\"},\"thumbnailUrl\":\"https:\/\/www.gaveanews.com\/wp-content\/uploads\/Escudo-do-Corinthians-na-Neo-Quimica-Arena.webp\",\"datePublished\":\"2025-02-07T07:20:00+00:00\",\"author\":{\"@id\":\"https:\/\/www.gaveanews.com\/#\/schema\/person\/8207cd4627f56151707418bfc835b2fb\"},\"breadcrumb\":{\"@id\":\"https:\/\/www.gaveanews.com\/index.php\/2025\/02\/07\/escalacao-de-abel-ferreira-declaracao-de-velloso-e-recado-de-zinho-as-ultimas-noticias-do-corinthians\/#breadcrumb\"},\"inLanguage\":\"pt-BR\",\"potentialAction\":[{\"@type\":\"ReadAction\",\"target\":[\"https:\/\/www.gaveanews.com\/index.php\/2025\/02\/07\/escalacao-de-abel-ferreira-declaracao-de-velloso-e-recado-de-zinho-as-ultimas-noticias-do-corinthians\/\"]}]},{\"@type\":\"ImageObject\",\"inLanguage\":\"pt-BR\",\"@id\":\"https:\/\/www.gaveanews.com\/index.php\/2025\/02\/07\/escalacao-de-abel-ferreira-declaracao-de-velloso-e-recado-de-zinho-as-ultimas-noticias-do-corinthians\/#primaryimage\",\"url\":\"https:\/\/www.gaveanews.com\/wp-content\/uploads\/Escudo-do-Corinthians-na-Neo-Quimica-Arena.webp\",\"contentUrl\":\"https:\/\/www.gaveanews.com\/wp-content\/uploads\/Escudo-do-Corinthians-na-Neo-Quimica-Arena.webp\",\"width\":1440,\"height\":959,\"caption\":\"Escudo do Corinthians na N\u00e9o Qu\u00edmica Arena (Foto Reprodu\u00e7\u00e3o\/Instagram)\"},{\"@type\":\"BreadcrumbList\",\"@id\":\"https:\/\/www.gaveanews.com\/index.php\/2025\/02\/07\/escalacao-de-abel-ferreira-declaracao-de-velloso-e-recado-de-zinho-as-ultimas-noticias-do-corinthians\/#breadcrumb\",\"itemListElement\":[{\"@type\":\"ListItem\",\"position\":1,\"name\":\"Home\",\"item\":\"https:\/\/www.gaveanews.com\/\"},{\"@type\":\"ListItem\",\"position\":2,\"name\":\"Escala\u00e7\u00e3o de Abel Ferreira, declara\u00e7\u00e3o de Velloso e recado de Zinho: as \u00faltimas not\u00edcias do Corinthians\"}]},{\"@type\":\"WebSite\",\"@id\":\"https:\/\/www.gaveanews.com\/#website\",\"url\":\"https:\/\/www.gaveanews.com\/\",\"name\":\"G\u00e1vea News\",\"description\":\"Veja todas as not\u00edcias sobre o Flamengo: Contrata\u00e7\u00f5es, categorias de base, resultados das partidas, tabela de classifica\u00e7\u00e3o, pr\u00f3ximos jogos!\",\"potentialAction\":[{\"@type\":\"SearchAction\",\"target\":{\"@type\":\"EntryPoint\",\"urlTemplate\":\"https:\/\/www.gaveanews.com\/?s={search_term_string}\"},\"query-input\":{\"@type\":\"PropertyValueSpecification\",\"valueRequired\":true,\"valueName\":\"search_term_string\"}}],\"inLanguage\":\"pt-BR\"},{\"@type\":\"Person\",\"@id\":\"https:\/\/www.gaveanews.com\/#\/schema\/person\/8207cd4627f56151707418bfc835b2fb\",\"name\":\"Matheus Felipe\",\"image\":{\"@type\":\"ImageObject\",\"inLanguage\":\"pt-BR\",\"@id\":\"https:\/\/www.gaveanews.com\/#\/schema\/person\/image\/\",\"url\":\"https:\/\/secure.gravatar.com\/avatar\/a452ffbed9130f726358b298bb3a99ce4bd3c5338411f8440e87e14d74c7c087?s=96&d=mm&r=g\",\"contentUrl\":\"https:\/\/secure.gravatar.com\/avatar\/a452ffbed9130f726358b298bb3a99ce4bd3c5338411f8440e87e14d74c7c087?s=96&d=mm&r=g\",\"caption\":\"Matheus Felipe\"}}]}<\/script>\n<!-- \/ Yoast SEO Premium plugin. -->","yoast_head_json":{"title":"Escala\u00e7\u00e3o de Abel Ferreira, declara\u00e7\u00e3o de Velloso e recado de Zinho: as \u00faltimas not\u00edcias do Corinthians","robots":{"index":"index","follow":"follow","max-snippet":"max-snippet:-1","max-image-preview":"max-image-preview:large","max-video-preview":"max-video-preview:-1"},"canonical":"https:\/\/www.gaveanews.com\/index.php\/2025\/02\/07\/escalacao-de-abel-ferreira-declaracao-de-velloso-e-recado-de-zinho-as-ultimas-noticias-do-corinthians\/","og_locale":"pt_BR","og_type":"article","og_title":"Escala\u00e7\u00e3o de Abel Ferreira, declara\u00e7\u00e3o de Velloso e recado de Zinho: as \u00faltimas not\u00edcias do Corinthians","og_description":"Nas \u00faltimas horas, o foco das not\u00edcias sobre o Corinthians se concentram nos bastidores do clube, com destaques do dia a dia do time. Por conta deste contexto, leia abaixo um resumo preparado pela equipe do portal G\u00e1vea News para lhe manter muito bem informado! Recado de Zinho O goleiro Hugo Souza foi o grande [&hellip;]","og_url":"https:\/\/www.gaveanews.com\/index.php\/2025\/02\/07\/escalacao-de-abel-ferreira-declaracao-de-velloso-e-recado-de-zinho-as-ultimas-noticias-do-corinthians\/","og_site_name":"G\u00e1vea News","article_publisher":"https:\/\/facebook.com\/gaveaNews\/","article_published_time":"2025-02-07T07:20:00+00:00","og_image":[{"width":1440,"height":959,"url":"https:\/\/www.gaveanews.com\/wp-content\/uploads\/Escudo-do-Corinthians-na-Neo-Quimica-Arena.webp","type":"image\/jpeg"}],"author":"Matheus Felipe","twitter_card":"summary_large_image","twitter_misc":{"Escrito por":"Matheus Felipe","Est. tempo de leitura":"5 minutos"},"schema":{"@context":"https:\/\/schema.org","@graph":[{"@type":"NewsArticle","@id":"https:\/\/www.gaveanews.com\/index.php\/2025\/02\/07\/escalacao-de-abel-ferreira-declaracao-de-velloso-e-recado-de-zinho-as-ultimas-noticias-do-corinthians\/#article","isPartOf":{"@id":"https:\/\/www.gaveanews.com\/index.php\/2025\/02\/07\/escalacao-de-abel-ferreira-declaracao-de-velloso-e-recado-de-zinho-as-ultimas-noticias-do-corinthians\/"},"author":{"name":"Matheus Felipe","@id":"https:\/\/www.gaveanews.com\/#\/schema\/person\/8207cd4627f56151707418bfc835b2fb"},"headline":"Escala\u00e7\u00e3o de Abel Ferreira, declara\u00e7\u00e3o de Velloso e recado de Zinho: as \u00faltimas not\u00edcias do Corinthians","datePublished":"2025-02-07T07:20:00+00:00","mainEntityOfPage":{"@id":"https:\/\/www.gaveanews.com\/index.php\/2025\/02\/07\/escalacao-de-abel-ferreira-declaracao-de-velloso-e-recado-de-zinho-as-ultimas-noticias-do-corinthians\/"},"wordCount":800,"commentCount":0,"image":{"@id":"https:\/\/www.gaveanews.com\/index.php\/2025\/02\/07\/escalacao-de-abel-ferreira-declaracao-de-velloso-e-recado-de-zinho-as-ultimas-noticias-do-corinthians\/#primaryimage"},"thumbnailUrl":"https:\/\/www.gaveanews.com\/wp-content\/uploads\/Escudo-do-Corinthians-na-Neo-Quimica-Arena.webp","articleSection":["Corinthians"],"inLanguage":"pt-BR","potentialAction":[{"@type":"CommentAction","name":"Comment","target":["https:\/\/www.gaveanews.com\/index.php\/2025\/02\/07\/escalacao-de-abel-ferreira-declaracao-de-velloso-e-recado-de-zinho-as-ultimas-noticias-do-corinthians\/#respond"]}],"copyrightYear":"2025","copyrightHolder":{"@id":"https:\/\/www.gaveanews.com\/#organization"}},{"@type":"WebPage","@id":"https:\/\/www.gaveanews.com\/index.php\/2025\/02\/07\/escalacao-de-abel-ferreira-declaracao-de-velloso-e-recado-de-zinho-as-ultimas-noticias-do-corinthians\/","url":"https:\/\/www.gaveanews.com\/index.php\/2025\/02\/07\/escalacao-de-abel-ferreira-declaracao-de-velloso-e-recado-de-zinho-as-ultimas-noticias-do-corinthians\/","name":"Escala\u00e7\u00e3o de Abel Ferreira, declara\u00e7\u00e3o de Velloso e recado de Zinho: as \u00faltimas not\u00edcias do Corinthians","isPartOf":{"@id":"https:\/\/www.gaveanews.com\/#website"},"primaryImageOfPage":{"@id":"https:\/\/www.gaveanews.com\/index.php\/2025\/02\/07\/escalacao-de-abel-ferreira-declaracao-de-velloso-e-recado-de-zinho-as-ultimas-noticias-do-corinthians\/#primaryimage"},"image":{"@id":"https:\/\/www.gaveanews.com\/index.php\/2025\/02\/07\/escalacao-de-abel-ferreira-declaracao-de-velloso-e-recado-de-zinho-as-ultimas-noticias-do-corinthians\/#primaryimage"},"thumbnailUrl":"https:\/\/www.gaveanews.com\/wp-content\/uploads\/Escudo-do-Corinthians-na-Neo-Quimica-Arena.webp","datePublished":"2025-02-07T07:20:00+00:00","author":{"@id":"https:\/\/www.gaveanews.com\/#\/schema\/person\/8207cd4627f56151707418bfc835b2fb"},"breadcrumb":{"@id":"https:\/\/www.gaveanews.com\/index.php\/2025\/02\/07\/escalacao-de-abel-ferreira-declaracao-de-velloso-e-recado-de-zinho-as-ultimas-noticias-do-corinthians\/#breadcrumb"},"inLanguage":"pt-BR","potentialAction":[{"@type":"ReadAction","target":["https:\/\/www.gaveanews.com\/index.php\/2025\/02\/07\/escalacao-de-abel-ferreira-declaracao-de-velloso-e-recado-de-zinho-as-ultimas-noticias-do-corinthians\/"]}]},{"@type":"ImageObject","inLanguage":"pt-BR","@id":"https:\/\/www.gaveanews.com\/index.php\/2025\/02\/07\/escalacao-de-abel-ferreira-declaracao-de-velloso-e-recado-de-zinho-as-ultimas-noticias-do-corinthians\/#primaryimage","url":"https:\/\/www.gaveanews.com\/wp-content\/uploads\/Escudo-do-Corinthians-na-Neo-Quimica-Arena.webp","contentUrl":"https:\/\/www.gaveanews.com\/wp-content\/uploads\/Escudo-do-Corinthians-na-Neo-Quimica-Arena.webp","width":1440,"height":959,"caption":"Escudo do Corinthians na N\u00e9o Qu\u00edmica Arena (Foto Reprodu\u00e7\u00e3o\/Instagram)"},{"@type":"BreadcrumbList","@id":"https:\/\/www.gaveanews.com\/index.php\/2025\/02\/07\/escalacao-de-abel-ferreira-declaracao-de-velloso-e-recado-de-zinho-as-ultimas-noticias-do-corinthians\/#breadcrumb","itemListElement":[{"@type":"ListItem","position":1,"name":"Home","item":"https:\/\/www.gaveanews.com\/"},{"@type":"ListItem","position":2,"name":"Escala\u00e7\u00e3o de Abel Ferreira, declara\u00e7\u00e3o de Velloso e recado de Zinho: as \u00faltimas not\u00edcias do Corinthians"}]},{"@type":"WebSite","@id":"https:\/\/www.gaveanews.com\/#website","url":"https:\/\/www.gaveanews.com\/","name":"G\u00e1vea News","description":"Veja todas as not\u00edcias sobre o Flamengo: Contrata\u00e7\u00f5es, categorias de base, resultados das partidas, tabela de classifica\u00e7\u00e3o, pr\u00f3ximos jogos!","potentialAction":[{"@type":"SearchAction","target":{"@type":"EntryPoint","urlTemplate":"https:\/\/www.gaveanews.com\/?s={search_term_string}"},"query-input":{"@type":"PropertyValueSpecification","valueRequired":true,"valueName":"search_term_string"}}],"inLanguage":"pt-BR"},{"@type":"Person","@id":"https:\/\/www.gaveanews.com\/#\/schema\/person\/8207cd4627f56151707418bfc835b2fb","name":"Matheus Felipe","image":{"@type":"ImageObject","inLanguage":"pt-BR","@id":"https:\/\/www.gaveanews.com\/#\/schema\/person\/image\/","url":"https:\/\/secure.gravatar.com\/avatar\/a452ffbed9130f726358b298bb3a99ce4bd3c5338411f8440e87e14d74c7c087?s=96&d=mm&r=g","contentUrl":"https:\/\/secure.gravatar.com\/avatar\/a452ffbed9130f726358b298bb3a99ce4bd3c5338411f8440e87e14d74c7c087?s=96&d=mm&r=g","caption":"Matheus Felipe"}}]}},"_links":{"self":[{"href":"https:\/\/www.gaveanews.com\/index.php\/wp-json\/wp\/v2\/posts\/224520","targetHints":{"allow":["GET"]}}],"collection":[{"href":"https:\/\/www.gaveanews.com\/index.php\/wp-json\/wp\/v2\/posts"}],"about":[{"href":"https:\/\/www.gaveanews.com\/index.php\/wp-json\/wp\/v2\/types\/post"}],"author":[{"embeddable":true,"href":"https:\/\/www.gaveanews.com\/index.php\/wp-json\/wp\/v2\/users\/27"}],"replies":[{"embeddable":true,"href":"https:\/\/www.gaveanews.com\/index.php\/wp-json\/wp\/v2\/comments?post=224520"}],"version-history":[{"count":1,"href":"https:\/\/www.gaveanews.com\/index.php\/wp-json\/wp\/v2\/posts\/224520\/revisions"}],"predecessor-version":[{"id":224555,"href":"https:\/\/www.gaveanews.com\/index.php\/wp-json\/wp\/v2\/posts\/224520\/revisions\/224555"}],"wp:featuredmedia":[{"embeddable":true,"href":"https:\/\/www.gaveanews.com\/index.php\/wp-json\/wp\/v2\/media\/154473"}],"wp:attachment":[{"href":"https:\/\/www.gaveanews.com\/index.php\/wp-json\/wp\/v2\/media?parent=224520"}],"wp:term":[{"taxonomy":"category","embeddable":true,"href":"https:\/\/www.gaveanews.com\/index.php\/wp-json\/wp\/v2\/categories?post=224520"},{"taxonomy":"post_tag","embeddable":true,"href":"https:\/\/www.gaveanews.com\/index.php\/wp-json\/wp\/v2\/tags?post=224520"}],"curies":[{"name":"wp","href":"https:\/\/api.w.org\/{rel}","templated":true}]}}