{"id":224527,"date":"2025-02-07T00:06:53","date_gmt":"2025-02-07T03:06:53","guid":{"rendered":"https:\/\/www.gaveanews.com\/?p=224527"},"modified":"2025-02-07T00:14:28","modified_gmt":"2025-02-07T03:14:28","slug":"nova-iguacu-x-botafogo-a-declaracao-de-lucas","status":"publish","type":"post","link":"https:\/\/www.gaveanews.com\/index.php\/2025\/02\/07\/nova-iguacu-x-botafogo-a-declaracao-de-lucas\/","title":{"rendered":"Nova Igua\u00e7u x Botafogo: a declara\u00e7\u00e3o de Lucas"},"content":{"rendered":"\n<p>Nesta quinta-feira (6), Nova Igua\u00e7u e Botafogo se enfrentaram em jogo v\u00e1lido pela oitava rodada do Campeonato Carioca. O embate, disputado em Mo\u00e7a Bonita, foi bem parelho, e o Alvinegro venceu por 1 a 0, com gol nos acr\u00e9scimos do segundo tempo.<\/p>\n\n\n\n<p>Ao final do confronto, Lucas, goleiro do Nova Igua\u00e7u, lamentou o resultado &#8211; principalmente por ter sofrido gol no fim do jogo -, mas fez quest\u00e3o de elogiar a postura no torneio estadual e pontuar que n\u00e3o h\u00e1 nada pertido no Carioc\u00e3o. <\/p>\n\n\n\n<p>&#8220;\u00c9 um trabalho que eu costumo dizer que \u00e9 do pessoal dos bastidores (uma lista dos batedores de p\u00eanalti). A gente tem o analista, o treinador de goleiro que nos passa a rela\u00e7\u00e3o das bolas paradas dos advers\u00e1rios, n\u00e9? Eu estava chateado porque no jogo contra o Maric\u00e1, que era um jogo que a gente brigava pela lideran\u00e7a do campeonato naquele momento, teve dois p\u00eanaltis pro Maric\u00e1 e eu errei o lado dos dois, n\u00e9? Conhecendo o batedor, e a lista n\u00e3o me ajudou. Mas, a gente trabalha sempre pra melhorar, n\u00e9?&#8221;, disse, antes de prosseguir:<\/p>\n\n\n\n<p>&#8220;E hoje, como eu disse, eu consegui fazer o p\u00eanalti ali, pegar o p\u00eanalti. Eu trocaria o resultado melhor pra n\u00f3s, porque o Botafogo tava atr\u00e1s de n\u00f3s na tabela, n\u00e9? E a gente tem grandes objetivos na competi\u00e7\u00e3o, mas \u00e9 conseguir fazer o meu trabalho da melhor maneira poss\u00edvel. Infelizmente, contra time grande a gente sabe que n\u00e3o pode errar nos detalhes, n\u00e9? J\u00e1 tinha estourado os 45&#8242;, tava nos acr\u00e9scimos, mas a gente tem que entender tamb\u00e9m que o nosso campeonato n\u00e3o \u00e9 contra o Botafogo. \u00c9 um time de grande investimento, atual campe\u00e3o da Libertadores e do Campeonato Brasileiro, obviamente que eles voltaram h\u00e1 pouco tempo a treinar, n\u00e9? N\u00e3o est\u00e3o t\u00e3o bem fisicamente ainda, mas n\u00e3o deixa de ser uma grande equipe que vai brigar por coisas grandes nesse ano de novo, e a gente entende que o nosso campeonato continua, n\u00e9? E a gente tem que ir pra Volta Redonda agora pra buscar um bom resultado, pra continuar buscando os nossos objetivos&#8221;, pontuou. <\/p>\n\n\n\n<p>Com a derrota, o Nova Igua\u00e7u se manteve na sexta posi\u00e7\u00e3o na tabela, com 12 pontos &#8211; mesma pontua\u00e7\u00e3o do Botafogo. O Alvinegro, por\u00e9m, ganha posi\u00e7\u00e3o n tabela por ter um jogo a menos e uma vit\u00f3ria a mais.<\/p>\n\n\n\n<p>Em oito partidas, o Nova Igua\u00e7u venceu tr\u00eas, empatou tr\u00eas e perdeu dois. O Orgulho da Baixada marcou seis tentos e sofreu seis, um saldo zerado de gols.<\/p>\n\n\n\n<p>O Botafogo, com os mesmos 12 pontos, est\u00e1 em quarto lugar. O Alvinegro disputou sete partidas, venceu quatro e perdeu tr\u00eas. O Glorioso marcou 10 hols e sofreu sete, um saldo positivo de tr\u00eas tentos. <\/p>\n","protected":false},"excerpt":{"rendered":"<p>Nesta quinta-feira (6), Nova Igua\u00e7u e Botafogo se enfrentaram em jogo v\u00e1lido pela oitava rodada do Campeonato Carioca. O embate, disputado em Mo\u00e7a Bonita, foi bem parelho, e o Alvinegro venceu por 1 a 0, com gol nos acr\u00e9scimos do segundo tempo. Ao final do confronto, Lucas, goleiro do Nova Igua\u00e7u, lamentou o resultado &#8211; [&hellip;]<\/p>\n","protected":false},"author":18,"featured_media":224530,"comment_status":"open","ping_status":"closed","sticky":false,"template":"","format":"standard","meta":{"footnotes":""},"categories":[138],"tags":[],"class_list":["post-224527","post","type-post","status-publish","format-standard","has-post-thumbnail","hentry","category-botafogo"],"yoast_head":"<!-- This site is optimized with the Yoast SEO Premium plugin v24.2 (Yoast SEO v26.9) - https:\/\/yoast.com\/product\/yoast-seo-premium-wordpress\/ -->\n<title>Nova Igua\u00e7u x Botafogo: a declara\u00e7\u00e3o de Lucas<\/title>\n<meta name=\"robots\" content=\"index, follow, max-snippet:-1, max-image-preview:large, max-video-preview:-1\" \/>\n<link rel=\"canonical\" href=\"https:\/\/www.gaveanews.com\/index.php\/2025\/02\/07\/nova-iguacu-x-botafogo-a-declaracao-de-lucas\/\" \/>\n<meta property=\"og:locale\" content=\"pt_BR\" \/>\n<meta property=\"og:type\" content=\"article\" \/>\n<meta property=\"og:title\" content=\"Nova Igua\u00e7u x Botafogo: a declara\u00e7\u00e3o de Lucas\" \/>\n<meta property=\"og:description\" content=\"Nesta quinta-feira (6), Nova Igua\u00e7u e Botafogo se enfrentaram em jogo v\u00e1lido pela oitava rodada do Campeonato Carioca. O embate, disputado em Mo\u00e7a Bonita, foi bem parelho, e o Alvinegro venceu por 1 a 0, com gol nos acr\u00e9scimos do segundo tempo. Ao final do confronto, Lucas, goleiro do Nova Igua\u00e7u, lamentou o resultado &#8211; [&hellip;]\" \/>\n<meta property=\"og:url\" content=\"https:\/\/www.gaveanews.com\/index.php\/2025\/02\/07\/nova-iguacu-x-botafogo-a-declaracao-de-lucas\/\" \/>\n<meta property=\"og:site_name\" content=\"G\u00e1vea News\" \/>\n<meta property=\"article:publisher\" content=\"https:\/\/facebook.com\/gaveaNews\/\" \/>\n<meta property=\"article:published_time\" content=\"2025-02-07T03:06:53+00:00\" \/>\n<meta property=\"article:modified_time\" content=\"2025-02-07T03:14:28+00:00\" \/>\n<meta property=\"og:image\" content=\"http:\/\/www.gaveanews.com\/wp-content\/uploads\/Lucas-goleiro-de-Nova-Iguacu.webp\" \/>\n\t<meta property=\"og:image:width\" content=\"710\" \/>\n\t<meta property=\"og:image:height\" content=\"508\" \/>\n\t<meta property=\"og:image:type\" content=\"image\/jpeg\" \/>\n<meta name=\"author\" content=\"Paula Silva\" \/>\n<meta name=\"twitter:card\" content=\"summary_large_image\" \/>\n<meta name=\"twitter:label1\" content=\"Escrito por\" \/>\n\t<meta name=\"twitter:data1\" content=\"Paula Silva\" \/>\n\t<meta name=\"twitter:label2\" content=\"Est. tempo de leitura\" \/>\n\t<meta name=\"twitter:data2\" content=\"3 minutos\" \/>\n<script type=\"application\/ld+json\" class=\"yoast-schema-graph\">{\"@context\":\"https:\/\/schema.org\",\"@graph\":[{\"@type\":\"NewsArticle\",\"@id\":\"https:\/\/www.gaveanews.com\/index.php\/2025\/02\/07\/nova-iguacu-x-botafogo-a-declaracao-de-lucas\/#article\",\"isPartOf\":{\"@id\":\"https:\/\/www.gaveanews.com\/index.php\/2025\/02\/07\/nova-iguacu-x-botafogo-a-declaracao-de-lucas\/\"},\"author\":{\"name\":\"Paula Silva\",\"@id\":\"https:\/\/www.gaveanews.com\/#\/schema\/person\/daf63eec72e1164eb13dc35096c2b8da\"},\"headline\":\"Nova Igua\u00e7u x Botafogo: a declara\u00e7\u00e3o de Lucas\",\"datePublished\":\"2025-02-07T03:06:53+00:00\",\"dateModified\":\"2025-02-07T03:14:28+00:00\",\"mainEntityOfPage\":{\"@id\":\"https:\/\/www.gaveanews.com\/index.php\/2025\/02\/07\/nova-iguacu-x-botafogo-a-declaracao-de-lucas\/\"},\"wordCount\":489,\"commentCount\":0,\"image\":{\"@id\":\"https:\/\/www.gaveanews.com\/index.php\/2025\/02\/07\/nova-iguacu-x-botafogo-a-declaracao-de-lucas\/#primaryimage\"},\"thumbnailUrl\":\"https:\/\/www.gaveanews.com\/wp-content\/uploads\/Lucas-goleiro-de-Nova-Iguacu.webp\",\"articleSection\":[\"Botafogo\"],\"inLanguage\":\"pt-BR\",\"potentialAction\":[{\"@type\":\"CommentAction\",\"name\":\"Comment\",\"target\":[\"https:\/\/www.gaveanews.com\/index.php\/2025\/02\/07\/nova-iguacu-x-botafogo-a-declaracao-de-lucas\/#respond\"]}],\"copyrightYear\":\"2025\",\"copyrightHolder\":{\"@id\":\"https:\/\/www.gaveanews.com\/#organization\"}},{\"@type\":\"WebPage\",\"@id\":\"https:\/\/www.gaveanews.com\/index.php\/2025\/02\/07\/nova-iguacu-x-botafogo-a-declaracao-de-lucas\/\",\"url\":\"https:\/\/www.gaveanews.com\/index.php\/2025\/02\/07\/nova-iguacu-x-botafogo-a-declaracao-de-lucas\/\",\"name\":\"Nova Igua\u00e7u x Botafogo: a declara\u00e7\u00e3o de Lucas\",\"isPartOf\":{\"@id\":\"https:\/\/www.gaveanews.com\/#website\"},\"primaryImageOfPage\":{\"@id\":\"https:\/\/www.gaveanews.com\/index.php\/2025\/02\/07\/nova-iguacu-x-botafogo-a-declaracao-de-lucas\/#primaryimage\"},\"image\":{\"@id\":\"https:\/\/www.gaveanews.com\/index.php\/2025\/02\/07\/nova-iguacu-x-botafogo-a-declaracao-de-lucas\/#primaryimage\"},\"thumbnailUrl\":\"https:\/\/www.gaveanews.com\/wp-content\/uploads\/Lucas-goleiro-de-Nova-Iguacu.webp\",\"datePublished\":\"2025-02-07T03:06:53+00:00\",\"dateModified\":\"2025-02-07T03:14:28+00:00\",\"author\":{\"@id\":\"https:\/\/www.gaveanews.com\/#\/schema\/person\/daf63eec72e1164eb13dc35096c2b8da\"},\"breadcrumb\":{\"@id\":\"https:\/\/www.gaveanews.com\/index.php\/2025\/02\/07\/nova-iguacu-x-botafogo-a-declaracao-de-lucas\/#breadcrumb\"},\"inLanguage\":\"pt-BR\",\"potentialAction\":[{\"@type\":\"ReadAction\",\"target\":[\"https:\/\/www.gaveanews.com\/index.php\/2025\/02\/07\/nova-iguacu-x-botafogo-a-declaracao-de-lucas\/\"]}]},{\"@type\":\"ImageObject\",\"inLanguage\":\"pt-BR\",\"@id\":\"https:\/\/www.gaveanews.com\/index.php\/2025\/02\/07\/nova-iguacu-x-botafogo-a-declaracao-de-lucas\/#primaryimage\",\"url\":\"https:\/\/www.gaveanews.com\/wp-content\/uploads\/Lucas-goleiro-de-Nova-Iguacu.webp\",\"contentUrl\":\"https:\/\/www.gaveanews.com\/wp-content\/uploads\/Lucas-goleiro-de-Nova-Iguacu.webp\",\"width\":710,\"height\":508,\"caption\":\"Lucas goleiro de Nova Igua\u00e7u (Foto: Divulga\u00e7\u00e3o)\"},{\"@type\":\"BreadcrumbList\",\"@id\":\"https:\/\/www.gaveanews.com\/index.php\/2025\/02\/07\/nova-iguacu-x-botafogo-a-declaracao-de-lucas\/#breadcrumb\",\"itemListElement\":[{\"@type\":\"ListItem\",\"position\":1,\"name\":\"Home\",\"item\":\"https:\/\/www.gaveanews.com\/\"},{\"@type\":\"ListItem\",\"position\":2,\"name\":\"Nova Igua\u00e7u x Botafogo: a declara\u00e7\u00e3o de Lucas\"}]},{\"@type\":\"WebSite\",\"@id\":\"https:\/\/www.gaveanews.com\/#website\",\"url\":\"https:\/\/www.gaveanews.com\/\",\"name\":\"G\u00e1vea News\",\"description\":\"Veja todas as not\u00edcias sobre o Flamengo: Contrata\u00e7\u00f5es, categorias de base, resultados das partidas, tabela de classifica\u00e7\u00e3o, pr\u00f3ximos jogos!\",\"potentialAction\":[{\"@type\":\"SearchAction\",\"target\":{\"@type\":\"EntryPoint\",\"urlTemplate\":\"https:\/\/www.gaveanews.com\/?s={search_term_string}\"},\"query-input\":{\"@type\":\"PropertyValueSpecification\",\"valueRequired\":true,\"valueName\":\"search_term_string\"}}],\"inLanguage\":\"pt-BR\"},{\"@type\":\"Person\",\"@id\":\"https:\/\/www.gaveanews.com\/#\/schema\/person\/daf63eec72e1164eb13dc35096c2b8da\",\"name\":\"Paula Silva\",\"image\":{\"@type\":\"ImageObject\",\"inLanguage\":\"pt-BR\",\"@id\":\"https:\/\/www.gaveanews.com\/#\/schema\/person\/image\/\",\"url\":\"https:\/\/secure.gravatar.com\/avatar\/eda381c845527cc5d64c13b901833cda29d97500ba040d3e6461f76f51d163bb?s=96&d=mm&r=g\",\"contentUrl\":\"https:\/\/secure.gravatar.com\/avatar\/eda381c845527cc5d64c13b901833cda29d97500ba040d3e6461f76f51d163bb?s=96&d=mm&r=g\",\"caption\":\"Paula Silva\"}}]}<\/script>\n<!-- \/ Yoast SEO Premium plugin. -->","yoast_head_json":{"title":"Nova Igua\u00e7u x Botafogo: a declara\u00e7\u00e3o de Lucas","robots":{"index":"index","follow":"follow","max-snippet":"max-snippet:-1","max-image-preview":"max-image-preview:large","max-video-preview":"max-video-preview:-1"},"canonical":"https:\/\/www.gaveanews.com\/index.php\/2025\/02\/07\/nova-iguacu-x-botafogo-a-declaracao-de-lucas\/","og_locale":"pt_BR","og_type":"article","og_title":"Nova Igua\u00e7u x Botafogo: a declara\u00e7\u00e3o de Lucas","og_description":"Nesta quinta-feira (6), Nova Igua\u00e7u e Botafogo se enfrentaram em jogo v\u00e1lido pela oitava rodada do Campeonato Carioca. O embate, disputado em Mo\u00e7a Bonita, foi bem parelho, e o Alvinegro venceu por 1 a 0, com gol nos acr\u00e9scimos do segundo tempo. Ao final do confronto, Lucas, goleiro do Nova Igua\u00e7u, lamentou o resultado &#8211; [&hellip;]","og_url":"https:\/\/www.gaveanews.com\/index.php\/2025\/02\/07\/nova-iguacu-x-botafogo-a-declaracao-de-lucas\/","og_site_name":"G\u00e1vea News","article_publisher":"https:\/\/facebook.com\/gaveaNews\/","article_published_time":"2025-02-07T03:06:53+00:00","article_modified_time":"2025-02-07T03:14:28+00:00","og_image":[{"width":710,"height":508,"url":"http:\/\/www.gaveanews.com\/wp-content\/uploads\/Lucas-goleiro-de-Nova-Iguacu.webp","type":"image\/jpeg"}],"author":"Paula Silva","twitter_card":"summary_large_image","twitter_misc":{"Escrito por":"Paula Silva","Est. tempo de leitura":"3 minutos"},"schema":{"@context":"https:\/\/schema.org","@graph":[{"@type":"NewsArticle","@id":"https:\/\/www.gaveanews.com\/index.php\/2025\/02\/07\/nova-iguacu-x-botafogo-a-declaracao-de-lucas\/#article","isPartOf":{"@id":"https:\/\/www.gaveanews.com\/index.php\/2025\/02\/07\/nova-iguacu-x-botafogo-a-declaracao-de-lucas\/"},"author":{"name":"Paula Silva","@id":"https:\/\/www.gaveanews.com\/#\/schema\/person\/daf63eec72e1164eb13dc35096c2b8da"},"headline":"Nova Igua\u00e7u x Botafogo: a declara\u00e7\u00e3o de Lucas","datePublished":"2025-02-07T03:06:53+00:00","dateModified":"2025-02-07T03:14:28+00:00","mainEntityOfPage":{"@id":"https:\/\/www.gaveanews.com\/index.php\/2025\/02\/07\/nova-iguacu-x-botafogo-a-declaracao-de-lucas\/"},"wordCount":489,"commentCount":0,"image":{"@id":"https:\/\/www.gaveanews.com\/index.php\/2025\/02\/07\/nova-iguacu-x-botafogo-a-declaracao-de-lucas\/#primaryimage"},"thumbnailUrl":"https:\/\/www.gaveanews.com\/wp-content\/uploads\/Lucas-goleiro-de-Nova-Iguacu.webp","articleSection":["Botafogo"],"inLanguage":"pt-BR","potentialAction":[{"@type":"CommentAction","name":"Comment","target":["https:\/\/www.gaveanews.com\/index.php\/2025\/02\/07\/nova-iguacu-x-botafogo-a-declaracao-de-lucas\/#respond"]}],"copyrightYear":"2025","copyrightHolder":{"@id":"https:\/\/www.gaveanews.com\/#organization"}},{"@type":"WebPage","@id":"https:\/\/www.gaveanews.com\/index.php\/2025\/02\/07\/nova-iguacu-x-botafogo-a-declaracao-de-lucas\/","url":"https:\/\/www.gaveanews.com\/index.php\/2025\/02\/07\/nova-iguacu-x-botafogo-a-declaracao-de-lucas\/","name":"Nova Igua\u00e7u x Botafogo: a declara\u00e7\u00e3o de Lucas","isPartOf":{"@id":"https:\/\/www.gaveanews.com\/#website"},"primaryImageOfPage":{"@id":"https:\/\/www.gaveanews.com\/index.php\/2025\/02\/07\/nova-iguacu-x-botafogo-a-declaracao-de-lucas\/#primaryimage"},"image":{"@id":"https:\/\/www.gaveanews.com\/index.php\/2025\/02\/07\/nova-iguacu-x-botafogo-a-declaracao-de-lucas\/#primaryimage"},"thumbnailUrl":"https:\/\/www.gaveanews.com\/wp-content\/uploads\/Lucas-goleiro-de-Nova-Iguacu.webp","datePublished":"2025-02-07T03:06:53+00:00","dateModified":"2025-02-07T03:14:28+00:00","author":{"@id":"https:\/\/www.gaveanews.com\/#\/schema\/person\/daf63eec72e1164eb13dc35096c2b8da"},"breadcrumb":{"@id":"https:\/\/www.gaveanews.com\/index.php\/2025\/02\/07\/nova-iguacu-x-botafogo-a-declaracao-de-lucas\/#breadcrumb"},"inLanguage":"pt-BR","potentialAction":[{"@type":"ReadAction","target":["https:\/\/www.gaveanews.com\/index.php\/2025\/02\/07\/nova-iguacu-x-botafogo-a-declaracao-de-lucas\/"]}]},{"@type":"ImageObject","inLanguage":"pt-BR","@id":"https:\/\/www.gaveanews.com\/index.php\/2025\/02\/07\/nova-iguacu-x-botafogo-a-declaracao-de-lucas\/#primaryimage","url":"https:\/\/www.gaveanews.com\/wp-content\/uploads\/Lucas-goleiro-de-Nova-Iguacu.webp","contentUrl":"https:\/\/www.gaveanews.com\/wp-content\/uploads\/Lucas-goleiro-de-Nova-Iguacu.webp","width":710,"height":508,"caption":"Lucas goleiro de Nova Igua\u00e7u (Foto: Divulga\u00e7\u00e3o)"},{"@type":"BreadcrumbList","@id":"https:\/\/www.gaveanews.com\/index.php\/2025\/02\/07\/nova-iguacu-x-botafogo-a-declaracao-de-lucas\/#breadcrumb","itemListElement":[{"@type":"ListItem","position":1,"name":"Home","item":"https:\/\/www.gaveanews.com\/"},{"@type":"ListItem","position":2,"name":"Nova Igua\u00e7u x Botafogo: a declara\u00e7\u00e3o de Lucas"}]},{"@type":"WebSite","@id":"https:\/\/www.gaveanews.com\/#website","url":"https:\/\/www.gaveanews.com\/","name":"G\u00e1vea News","description":"Veja todas as not\u00edcias sobre o Flamengo: Contrata\u00e7\u00f5es, categorias de base, resultados das partidas, tabela de classifica\u00e7\u00e3o, pr\u00f3ximos jogos!","potentialAction":[{"@type":"SearchAction","target":{"@type":"EntryPoint","urlTemplate":"https:\/\/www.gaveanews.com\/?s={search_term_string}"},"query-input":{"@type":"PropertyValueSpecification","valueRequired":true,"valueName":"search_term_string"}}],"inLanguage":"pt-BR"},{"@type":"Person","@id":"https:\/\/www.gaveanews.com\/#\/schema\/person\/daf63eec72e1164eb13dc35096c2b8da","name":"Paula Silva","image":{"@type":"ImageObject","inLanguage":"pt-BR","@id":"https:\/\/www.gaveanews.com\/#\/schema\/person\/image\/","url":"https:\/\/secure.gravatar.com\/avatar\/eda381c845527cc5d64c13b901833cda29d97500ba040d3e6461f76f51d163bb?s=96&d=mm&r=g","contentUrl":"https:\/\/secure.gravatar.com\/avatar\/eda381c845527cc5d64c13b901833cda29d97500ba040d3e6461f76f51d163bb?s=96&d=mm&r=g","caption":"Paula Silva"}}]}},"_links":{"self":[{"href":"https:\/\/www.gaveanews.com\/index.php\/wp-json\/wp\/v2\/posts\/224527","targetHints":{"allow":["GET"]}}],"collection":[{"href":"https:\/\/www.gaveanews.com\/index.php\/wp-json\/wp\/v2\/posts"}],"about":[{"href":"https:\/\/www.gaveanews.com\/index.php\/wp-json\/wp\/v2\/types\/post"}],"author":[{"embeddable":true,"href":"https:\/\/www.gaveanews.com\/index.php\/wp-json\/wp\/v2\/users\/18"}],"replies":[{"embeddable":true,"href":"https:\/\/www.gaveanews.com\/index.php\/wp-json\/wp\/v2\/comments?post=224527"}],"version-history":[{"count":2,"href":"https:\/\/www.gaveanews.com\/index.php\/wp-json\/wp\/v2\/posts\/224527\/revisions"}],"predecessor-version":[{"id":224533,"href":"https:\/\/www.gaveanews.com\/index.php\/wp-json\/wp\/v2\/posts\/224527\/revisions\/224533"}],"wp:featuredmedia":[{"embeddable":true,"href":"https:\/\/www.gaveanews.com\/index.php\/wp-json\/wp\/v2\/media\/224530"}],"wp:attachment":[{"href":"https:\/\/www.gaveanews.com\/index.php\/wp-json\/wp\/v2\/media?parent=224527"}],"wp:term":[{"taxonomy":"category","embeddable":true,"href":"https:\/\/www.gaveanews.com\/index.php\/wp-json\/wp\/v2\/categories?post=224527"},{"taxonomy":"post_tag","embeddable":true,"href":"https:\/\/www.gaveanews.com\/index.php\/wp-json\/wp\/v2\/tags?post=224527"}],"curies":[{"name":"wp","href":"https:\/\/api.w.org\/{rel}","templated":true}]}}