{"id":224532,"date":"2025-02-07T00:14:12","date_gmt":"2025-02-07T03:14:12","guid":{"rendered":"https:\/\/www.gaveanews.com\/?p=224532"},"modified":"2025-02-07T00:14:15","modified_gmt":"2025-02-07T03:14:15","slug":"nova-iguacu-x-botafogo-a-declaracao-de-matheus-martins","status":"publish","type":"post","link":"https:\/\/www.gaveanews.com\/index.php\/2025\/02\/07\/nova-iguacu-x-botafogo-a-declaracao-de-matheus-martins\/","title":{"rendered":"Nova Igua\u00e7u x Botafogo: a declara\u00e7\u00e3o de Matheus Martins"},"content":{"rendered":"\n<p>Nova Igua\u00e7u e Botafogo se enfrentaram nesta quinta-feira (6), em partida v\u00e1lida pela oitava rodada do Campeonato Carioca. O confronto foi realizado no Est\u00e1dio Mo\u00e7a Bonita, foi bem parelho, e o Alvinegro venceu por 1 a 0, com gol nos acr\u00e9scimos do segundo tempo.<\/p>\n\n\n\n<p>Ao final da partida, Matheus Martins, que foi titular do Alvinegor e jogou pelos 90 minutos, analisou o confronto e fez quest\u00e3o de pontuar sobre o momento do Botafogo na temporada. Isso porque dos quatro grandes times do Rio (Vasco, Flamengo e Fluminense), a equipe de General Severiano foi a \u00faltima a estrear a equipe principal. <\/p>\n\n\n\n<p>&#8220;A gente sabe que \u00e9 s\u00f3 o come\u00e7o do ano, estamos come\u00e7ando do zero novamente, a gente est\u00e1 fazendo o terceiro jogo s\u00f3 no ano, jogo dif\u00edcil, mas a gente veio aqui, fez os tr\u00eas pontos que era o nosso objetivo para classificar, Botafogo merece classificar, campo dif\u00edcil, campo pesado, mas independente de a gente deu o nosso m\u00e1ximo, deu o come\u00e7o de temporada e \u00e9 s\u00f3 o come\u00e7o, a gente vai melhorar pouco a pouco e jogo a jogo a gente vai melhorando e vai entrando na nossa melhor forma&#8221;, disse.<\/p>\n\n\n\n<p>O autor do gol do Botafogo foi Kayke, aos 46 do segundo tempo, ap\u00f3s assist\u00eancia de Savarino. \u00c9 importante destacar que o camisa 10 do Alvinegro perdeu um p\u00eanalti, aos 68 minutos. O meio-campista fez a cobran\u00e7a, mas parou em boa defesa do goleiro Lucas.<\/p>\n\n\n\n<p>Com o resultado, o Botafogo chegou aos 12 pontos e \u00e0 quarta posi\u00e7\u00e3o da tabela de classifica\u00e7\u00e3o. Em sete partidas, o Alvinegro venceu quatro e perdeu tr\u00eas confrontos. Foram 10 gols marcados pelo time de General Severiano e sete sofridos, um saldo de tr\u00eas gols positivos. <\/p>\n\n\n\n<p>O Nova Igua\u00e7u, que tem a mesma pontua\u00e7\u00e3o do Botafogo (12), perdeu posi\u00e7\u00e3o na tabela com a derrota. O Orgulho da Baixada j\u00e1 disputou oito jogos, venceu tr\u00eas, empatou tr\u00eas e perdeu dois. Foram seis gols marcados e seis sofridos, sem saldo de gols. <\/p>\n","protected":false},"excerpt":{"rendered":"<p>Nova Igua\u00e7u e Botafogo se enfrentaram nesta quinta-feira (6), em partida v\u00e1lida pela oitava rodada do Campeonato Carioca. O confronto foi realizado no Est\u00e1dio Mo\u00e7a Bonita, foi bem parelho, e o Alvinegro venceu por 1 a 0, com gol nos acr\u00e9scimos do segundo tempo. Ao final da partida, Matheus Martins, que foi titular do Alvinegor [&hellip;]<\/p>\n","protected":false},"author":18,"featured_media":0,"comment_status":"open","ping_status":"closed","sticky":false,"template":"","format":"standard","meta":{"footnotes":""},"categories":[138],"tags":[],"class_list":["post-224532","post","type-post","status-publish","format-standard","hentry","category-botafogo"],"yoast_head":"<!-- This site is optimized with the Yoast SEO Premium plugin v24.2 (Yoast SEO v26.9) - https:\/\/yoast.com\/product\/yoast-seo-premium-wordpress\/ -->\n<title>Nova Igua\u00e7u x Botafogo: a declara\u00e7\u00e3o de Matheus Martins<\/title>\n<meta name=\"robots\" content=\"index, follow, max-snippet:-1, max-image-preview:large, max-video-preview:-1\" \/>\n<link rel=\"canonical\" href=\"https:\/\/www.gaveanews.com\/index.php\/2025\/02\/07\/nova-iguacu-x-botafogo-a-declaracao-de-matheus-martins\/\" \/>\n<meta property=\"og:locale\" content=\"pt_BR\" \/>\n<meta property=\"og:type\" content=\"article\" \/>\n<meta property=\"og:title\" content=\"Nova Igua\u00e7u x Botafogo: a declara\u00e7\u00e3o de Matheus Martins\" \/>\n<meta property=\"og:description\" content=\"Nova Igua\u00e7u e Botafogo se enfrentaram nesta quinta-feira (6), em partida v\u00e1lida pela oitava rodada do Campeonato Carioca. O confronto foi realizado no Est\u00e1dio Mo\u00e7a Bonita, foi bem parelho, e o Alvinegro venceu por 1 a 0, com gol nos acr\u00e9scimos do segundo tempo. Ao final da partida, Matheus Martins, que foi titular do Alvinegor [&hellip;]\" \/>\n<meta property=\"og:url\" content=\"https:\/\/www.gaveanews.com\/index.php\/2025\/02\/07\/nova-iguacu-x-botafogo-a-declaracao-de-matheus-martins\/\" \/>\n<meta property=\"og:site_name\" content=\"G\u00e1vea News\" \/>\n<meta property=\"article:publisher\" content=\"https:\/\/facebook.com\/gaveaNews\/\" \/>\n<meta property=\"article:published_time\" content=\"2025-02-07T03:14:12+00:00\" \/>\n<meta property=\"article:modified_time\" content=\"2025-02-07T03:14:15+00:00\" \/>\n<meta name=\"author\" content=\"Paula Silva\" \/>\n<meta name=\"twitter:card\" content=\"summary_large_image\" \/>\n<meta name=\"twitter:label1\" content=\"Escrito por\" \/>\n\t<meta name=\"twitter:data1\" content=\"Paula Silva\" \/>\n\t<meta name=\"twitter:label2\" content=\"Est. tempo de leitura\" \/>\n\t<meta name=\"twitter:data2\" content=\"2 minutos\" \/>\n<script type=\"application\/ld+json\" class=\"yoast-schema-graph\">{\"@context\":\"https:\/\/schema.org\",\"@graph\":[{\"@type\":\"NewsArticle\",\"@id\":\"https:\/\/www.gaveanews.com\/index.php\/2025\/02\/07\/nova-iguacu-x-botafogo-a-declaracao-de-matheus-martins\/#article\",\"isPartOf\":{\"@id\":\"https:\/\/www.gaveanews.com\/index.php\/2025\/02\/07\/nova-iguacu-x-botafogo-a-declaracao-de-matheus-martins\/\"},\"author\":{\"name\":\"Paula Silva\",\"@id\":\"https:\/\/www.gaveanews.com\/#\/schema\/person\/daf63eec72e1164eb13dc35096c2b8da\"},\"headline\":\"Nova Igua\u00e7u x Botafogo: a declara\u00e7\u00e3o de Matheus Martins\",\"datePublished\":\"2025-02-07T03:14:12+00:00\",\"dateModified\":\"2025-02-07T03:14:15+00:00\",\"mainEntityOfPage\":{\"@id\":\"https:\/\/www.gaveanews.com\/index.php\/2025\/02\/07\/nova-iguacu-x-botafogo-a-declaracao-de-matheus-martins\/\"},\"wordCount\":351,\"commentCount\":0,\"articleSection\":[\"Botafogo\"],\"inLanguage\":\"pt-BR\",\"potentialAction\":[{\"@type\":\"CommentAction\",\"name\":\"Comment\",\"target\":[\"https:\/\/www.gaveanews.com\/index.php\/2025\/02\/07\/nova-iguacu-x-botafogo-a-declaracao-de-matheus-martins\/#respond\"]}],\"copyrightYear\":\"2025\",\"copyrightHolder\":{\"@id\":\"https:\/\/www.gaveanews.com\/#organization\"}},{\"@type\":\"WebPage\",\"@id\":\"https:\/\/www.gaveanews.com\/index.php\/2025\/02\/07\/nova-iguacu-x-botafogo-a-declaracao-de-matheus-martins\/\",\"url\":\"https:\/\/www.gaveanews.com\/index.php\/2025\/02\/07\/nova-iguacu-x-botafogo-a-declaracao-de-matheus-martins\/\",\"name\":\"Nova Igua\u00e7u x Botafogo: a declara\u00e7\u00e3o de Matheus Martins\",\"isPartOf\":{\"@id\":\"https:\/\/www.gaveanews.com\/#website\"},\"datePublished\":\"2025-02-07T03:14:12+00:00\",\"dateModified\":\"2025-02-07T03:14:15+00:00\",\"author\":{\"@id\":\"https:\/\/www.gaveanews.com\/#\/schema\/person\/daf63eec72e1164eb13dc35096c2b8da\"},\"breadcrumb\":{\"@id\":\"https:\/\/www.gaveanews.com\/index.php\/2025\/02\/07\/nova-iguacu-x-botafogo-a-declaracao-de-matheus-martins\/#breadcrumb\"},\"inLanguage\":\"pt-BR\",\"potentialAction\":[{\"@type\":\"ReadAction\",\"target\":[\"https:\/\/www.gaveanews.com\/index.php\/2025\/02\/07\/nova-iguacu-x-botafogo-a-declaracao-de-matheus-martins\/\"]}]},{\"@type\":\"BreadcrumbList\",\"@id\":\"https:\/\/www.gaveanews.com\/index.php\/2025\/02\/07\/nova-iguacu-x-botafogo-a-declaracao-de-matheus-martins\/#breadcrumb\",\"itemListElement\":[{\"@type\":\"ListItem\",\"position\":1,\"name\":\"Home\",\"item\":\"https:\/\/www.gaveanews.com\/\"},{\"@type\":\"ListItem\",\"position\":2,\"name\":\"Nova Igua\u00e7u x Botafogo: a declara\u00e7\u00e3o de Matheus Martins\"}]},{\"@type\":\"WebSite\",\"@id\":\"https:\/\/www.gaveanews.com\/#website\",\"url\":\"https:\/\/www.gaveanews.com\/\",\"name\":\"G\u00e1vea News\",\"description\":\"Veja todas as not\u00edcias sobre o Flamengo: Contrata\u00e7\u00f5es, categorias de base, resultados das partidas, tabela de classifica\u00e7\u00e3o, pr\u00f3ximos jogos!\",\"potentialAction\":[{\"@type\":\"SearchAction\",\"target\":{\"@type\":\"EntryPoint\",\"urlTemplate\":\"https:\/\/www.gaveanews.com\/?s={search_term_string}\"},\"query-input\":{\"@type\":\"PropertyValueSpecification\",\"valueRequired\":true,\"valueName\":\"search_term_string\"}}],\"inLanguage\":\"pt-BR\"},{\"@type\":\"Person\",\"@id\":\"https:\/\/www.gaveanews.com\/#\/schema\/person\/daf63eec72e1164eb13dc35096c2b8da\",\"name\":\"Paula Silva\",\"image\":{\"@type\":\"ImageObject\",\"inLanguage\":\"pt-BR\",\"@id\":\"https:\/\/www.gaveanews.com\/#\/schema\/person\/image\/\",\"url\":\"https:\/\/secure.gravatar.com\/avatar\/eda381c845527cc5d64c13b901833cda29d97500ba040d3e6461f76f51d163bb?s=96&d=mm&r=g\",\"contentUrl\":\"https:\/\/secure.gravatar.com\/avatar\/eda381c845527cc5d64c13b901833cda29d97500ba040d3e6461f76f51d163bb?s=96&d=mm&r=g\",\"caption\":\"Paula Silva\"}}]}<\/script>\n<!-- \/ Yoast SEO Premium plugin. -->","yoast_head_json":{"title":"Nova Igua\u00e7u x Botafogo: a declara\u00e7\u00e3o de Matheus Martins","robots":{"index":"index","follow":"follow","max-snippet":"max-snippet:-1","max-image-preview":"max-image-preview:large","max-video-preview":"max-video-preview:-1"},"canonical":"https:\/\/www.gaveanews.com\/index.php\/2025\/02\/07\/nova-iguacu-x-botafogo-a-declaracao-de-matheus-martins\/","og_locale":"pt_BR","og_type":"article","og_title":"Nova Igua\u00e7u x Botafogo: a declara\u00e7\u00e3o de Matheus Martins","og_description":"Nova Igua\u00e7u e Botafogo se enfrentaram nesta quinta-feira (6), em partida v\u00e1lida pela oitava rodada do Campeonato Carioca. O confronto foi realizado no Est\u00e1dio Mo\u00e7a Bonita, foi bem parelho, e o Alvinegro venceu por 1 a 0, com gol nos acr\u00e9scimos do segundo tempo. Ao final da partida, Matheus Martins, que foi titular do Alvinegor [&hellip;]","og_url":"https:\/\/www.gaveanews.com\/index.php\/2025\/02\/07\/nova-iguacu-x-botafogo-a-declaracao-de-matheus-martins\/","og_site_name":"G\u00e1vea News","article_publisher":"https:\/\/facebook.com\/gaveaNews\/","article_published_time":"2025-02-07T03:14:12+00:00","article_modified_time":"2025-02-07T03:14:15+00:00","author":"Paula Silva","twitter_card":"summary_large_image","twitter_misc":{"Escrito por":"Paula Silva","Est. tempo de leitura":"2 minutos"},"schema":{"@context":"https:\/\/schema.org","@graph":[{"@type":"NewsArticle","@id":"https:\/\/www.gaveanews.com\/index.php\/2025\/02\/07\/nova-iguacu-x-botafogo-a-declaracao-de-matheus-martins\/#article","isPartOf":{"@id":"https:\/\/www.gaveanews.com\/index.php\/2025\/02\/07\/nova-iguacu-x-botafogo-a-declaracao-de-matheus-martins\/"},"author":{"name":"Paula Silva","@id":"https:\/\/www.gaveanews.com\/#\/schema\/person\/daf63eec72e1164eb13dc35096c2b8da"},"headline":"Nova Igua\u00e7u x Botafogo: a declara\u00e7\u00e3o de Matheus Martins","datePublished":"2025-02-07T03:14:12+00:00","dateModified":"2025-02-07T03:14:15+00:00","mainEntityOfPage":{"@id":"https:\/\/www.gaveanews.com\/index.php\/2025\/02\/07\/nova-iguacu-x-botafogo-a-declaracao-de-matheus-martins\/"},"wordCount":351,"commentCount":0,"articleSection":["Botafogo"],"inLanguage":"pt-BR","potentialAction":[{"@type":"CommentAction","name":"Comment","target":["https:\/\/www.gaveanews.com\/index.php\/2025\/02\/07\/nova-iguacu-x-botafogo-a-declaracao-de-matheus-martins\/#respond"]}],"copyrightYear":"2025","copyrightHolder":{"@id":"https:\/\/www.gaveanews.com\/#organization"}},{"@type":"WebPage","@id":"https:\/\/www.gaveanews.com\/index.php\/2025\/02\/07\/nova-iguacu-x-botafogo-a-declaracao-de-matheus-martins\/","url":"https:\/\/www.gaveanews.com\/index.php\/2025\/02\/07\/nova-iguacu-x-botafogo-a-declaracao-de-matheus-martins\/","name":"Nova Igua\u00e7u x Botafogo: a declara\u00e7\u00e3o de Matheus Martins","isPartOf":{"@id":"https:\/\/www.gaveanews.com\/#website"},"datePublished":"2025-02-07T03:14:12+00:00","dateModified":"2025-02-07T03:14:15+00:00","author":{"@id":"https:\/\/www.gaveanews.com\/#\/schema\/person\/daf63eec72e1164eb13dc35096c2b8da"},"breadcrumb":{"@id":"https:\/\/www.gaveanews.com\/index.php\/2025\/02\/07\/nova-iguacu-x-botafogo-a-declaracao-de-matheus-martins\/#breadcrumb"},"inLanguage":"pt-BR","potentialAction":[{"@type":"ReadAction","target":["https:\/\/www.gaveanews.com\/index.php\/2025\/02\/07\/nova-iguacu-x-botafogo-a-declaracao-de-matheus-martins\/"]}]},{"@type":"BreadcrumbList","@id":"https:\/\/www.gaveanews.com\/index.php\/2025\/02\/07\/nova-iguacu-x-botafogo-a-declaracao-de-matheus-martins\/#breadcrumb","itemListElement":[{"@type":"ListItem","position":1,"name":"Home","item":"https:\/\/www.gaveanews.com\/"},{"@type":"ListItem","position":2,"name":"Nova Igua\u00e7u x Botafogo: a declara\u00e7\u00e3o de Matheus Martins"}]},{"@type":"WebSite","@id":"https:\/\/www.gaveanews.com\/#website","url":"https:\/\/www.gaveanews.com\/","name":"G\u00e1vea News","description":"Veja todas as not\u00edcias sobre o Flamengo: Contrata\u00e7\u00f5es, categorias de base, resultados das partidas, tabela de classifica\u00e7\u00e3o, pr\u00f3ximos jogos!","potentialAction":[{"@type":"SearchAction","target":{"@type":"EntryPoint","urlTemplate":"https:\/\/www.gaveanews.com\/?s={search_term_string}"},"query-input":{"@type":"PropertyValueSpecification","valueRequired":true,"valueName":"search_term_string"}}],"inLanguage":"pt-BR"},{"@type":"Person","@id":"https:\/\/www.gaveanews.com\/#\/schema\/person\/daf63eec72e1164eb13dc35096c2b8da","name":"Paula Silva","image":{"@type":"ImageObject","inLanguage":"pt-BR","@id":"https:\/\/www.gaveanews.com\/#\/schema\/person\/image\/","url":"https:\/\/secure.gravatar.com\/avatar\/eda381c845527cc5d64c13b901833cda29d97500ba040d3e6461f76f51d163bb?s=96&d=mm&r=g","contentUrl":"https:\/\/secure.gravatar.com\/avatar\/eda381c845527cc5d64c13b901833cda29d97500ba040d3e6461f76f51d163bb?s=96&d=mm&r=g","caption":"Paula Silva"}}]}},"_links":{"self":[{"href":"https:\/\/www.gaveanews.com\/index.php\/wp-json\/wp\/v2\/posts\/224532","targetHints":{"allow":["GET"]}}],"collection":[{"href":"https:\/\/www.gaveanews.com\/index.php\/wp-json\/wp\/v2\/posts"}],"about":[{"href":"https:\/\/www.gaveanews.com\/index.php\/wp-json\/wp\/v2\/types\/post"}],"author":[{"embeddable":true,"href":"https:\/\/www.gaveanews.com\/index.php\/wp-json\/wp\/v2\/users\/18"}],"replies":[{"embeddable":true,"href":"https:\/\/www.gaveanews.com\/index.php\/wp-json\/wp\/v2\/comments?post=224532"}],"version-history":[{"count":1,"href":"https:\/\/www.gaveanews.com\/index.php\/wp-json\/wp\/v2\/posts\/224532\/revisions"}],"predecessor-version":[{"id":224537,"href":"https:\/\/www.gaveanews.com\/index.php\/wp-json\/wp\/v2\/posts\/224532\/revisions\/224537"}],"wp:attachment":[{"href":"https:\/\/www.gaveanews.com\/index.php\/wp-json\/wp\/v2\/media?parent=224532"}],"wp:term":[{"taxonomy":"category","embeddable":true,"href":"https:\/\/www.gaveanews.com\/index.php\/wp-json\/wp\/v2\/categories?post=224532"},{"taxonomy":"post_tag","embeddable":true,"href":"https:\/\/www.gaveanews.com\/index.php\/wp-json\/wp\/v2\/tags?post=224532"}],"curies":[{"name":"wp","href":"https:\/\/api.w.org\/{rel}","templated":true}]}}