{"id":224556,"date":"2025-02-07T05:35:00","date_gmt":"2025-02-07T08:35:00","guid":{"rendered":"https:\/\/www.gaveanews.com\/?p=224556"},"modified":"2025-02-07T01:51:16","modified_gmt":"2025-02-07T04:51:16","slug":"marcelo-anuncia-aposentadoria-declaracao-de-edmundo-e-recado-de-felipe-melo-as-ultimas-noticias-do-fluminense","status":"publish","type":"post","link":"https:\/\/www.gaveanews.com\/index.php\/2025\/02\/07\/marcelo-anuncia-aposentadoria-declaracao-de-edmundo-e-recado-de-felipe-melo-as-ultimas-noticias-do-fluminense\/","title":{"rendered":"Marcelo anuncia aposentadoria, declara\u00e7\u00e3o de Edmundo e recado de Felipe Melo: as \u00faltimas not\u00edcias do Fluminense"},"content":{"rendered":"\n<p>Nas \u00faltimas horas, o foco das not\u00edcias sobre o Fluminense se concentram nos bastidores do clube, com destaques do dia a dia do time.<\/p>\n\n\n\n<p>Por conta deste contexto, leia abaixo um resumo preparado pela equipe do portal G\u00e1vea News para lhe manter muito bem informado!<\/p>\n\n\n\n<h2 class=\"wp-block-heading\" id=\"h-recado-de-felipe-melo\">Recado de Felipe Melo<\/h2>\n\n\n\n<p>A sa\u00edda de Marcelo do Fluminense aconteceu de forma conturbada, ap\u00f3s desentendimentos com o t\u00e9cnico Mano Menezes e cr\u00edticas sobre sua conduta nos bastidores. Apesar disso, o lateral-esquerdo, \u00eddolo da torcida, teve uma passagem marcante pelo clube, contribuindo para conquistas como a Libertadores. Especula\u00e7\u00f5es recentes indicam o interesse de um time espanhol em contar com o jogador, que segue valorizado no mercado internacional <strong><a href=\"https:\/\/www.gaveanews.com\/index.php\/2025\/02\/06\/a-declaracao-de-felipe-melo-sobre-a-saida-de-marcelo-do-fluminense\/\">(leia a mat\u00e9ria completa).<\/a><\/strong><\/p>\n\n\n\n<figure class=\"wp-block-image size-full\"><img loading=\"lazy\" decoding=\"async\" width=\"640\" height=\"400\" src=\"http:\/\/www.gaveanews.com\/wp-content\/uploads\/felipe-melo-fluminense.webp\" alt=\"\" class=\"wp-image-105430\" srcset=\"https:\/\/www.gaveanews.com\/wp-content\/uploads\/felipe-melo-fluminense.webp 640w, https:\/\/www.gaveanews.com\/wp-content\/uploads\/felipe-melo-fluminense-300x188.webp 300w, https:\/\/www.gaveanews.com\/wp-content\/uploads\/felipe-melo-fluminense-100x63.webp 100w\" sizes=\"auto, (max-width: 640px) 100vw, 640px\" \/><figcaption class=\"wp-element-caption\">Felipe Melo em a\u00e7\u00e3o pelo Fluminense (Foto: Marcelo Gon\u00e7alves\/Fluminense)<\/figcaption><\/figure>\n\n\n\n<p>Felipe Melo, ex-companheiro de Marcelo e rec\u00e9m-aposentado, saiu em defesa do lateral, rebatendo cr\u00edticas sobre seu profissionalismo. <\/p>\n\n\n\n<p>Em entrevista \u00e0 ESPN, Melo destacou a import\u00e2ncia do jogador na trajet\u00f3ria do Fluminense, elogiando sua postura nos treinos e seu desempenho nas competi\u00e7\u00f5es. Segundo ele, Marcelo foi fundamental na campanha que levou o clube \u00e0 final do Mundial contra o Manchester City.<\/p>\n\n\n\n<p>O ex-zagueiro tamb\u00e9m comentou a rela\u00e7\u00e3o do lateral com a torcida e afirmou que sua experi\u00eancia ao lado de Marcelo foi extremamente positiva. Para Felipe Melo, o ex-colega sempre demonstrou respeito e compromisso dentro do clube, elevando o n\u00edvel t\u00e9cnico da equipe. Apesar da pol\u00eamica rescis\u00e3o, a passagem de Marcelo pelo Fluminense deixou um legado importante para o time carioca.<\/p>\n\n\n\n<h2 class=\"wp-block-heading\" id=\"h-declaracao-de-edmundo\">Declara\u00e7\u00e3o de Edmundo<\/h2>\n\n\n\n<p>O ex-jogador e comentarista Edmundo elogiou o trabalho de Flamengo, Fluminense e Botafogo nos \u00faltimos anos, destacando suas conquistas no cen\u00e1rio nacional e internacional. Ele ressaltou que os tr\u00eas clubes venceram a Libertadores recentemente, enquanto o Vasco enfrenta um longo jejum de t\u00edtulos. Durante esse per\u00edodo, o Cruz-Maltino sofreu quatro rebaixamentos para a S\u00e9rie B e viu seus rivais se consolidarem entre as principais for\u00e7as do futebol brasileiro <strong><a href=\"https:\/\/www.gaveanews.com\/index.php\/2025\/02\/06\/a-declaracao-de-edmundo-direcionada-a-flamengo-fluminense-e-botafogo\/\">(leia a mat\u00e9ria completa).<\/a><\/strong><\/p>\n\n\n\n<figure class=\"wp-block-image size-full\"><img loading=\"lazy\" decoding=\"async\" width=\"729\" height=\"400\" src=\"http:\/\/www.gaveanews.com\/wp-content\/uploads\/edmundo-band-729x400-1.webp\" alt=\"\" class=\"wp-image-145853\" srcset=\"https:\/\/www.gaveanews.com\/wp-content\/uploads\/edmundo-band-729x400-1.webp 729w, https:\/\/www.gaveanews.com\/wp-content\/uploads\/edmundo-band-729x400-1-300x165.webp 300w, https:\/\/www.gaveanews.com\/wp-content\/uploads\/edmundo-band-729x400-1-640x350.webp 640w, https:\/\/www.gaveanews.com\/wp-content\/uploads\/edmundo-band-729x400-1-681x374.webp 681w, https:\/\/www.gaveanews.com\/wp-content\/uploads\/edmundo-band-729x400-1-100x55.webp 100w\" sizes=\"auto, (max-width: 729px) 100vw, 729px\" \/><figcaption class=\"wp-element-caption\">Edmundo (Foto: Reprodu\u00e7\u00e3o)<\/figcaption><\/figure>\n\n\n\n<p>Apesar das dificuldades, Edmundo fez quest\u00e3o de exaltar a torcida vasca\u00edna, que, segundo ele, nunca abandonou o time. Ele tamb\u00e9m demonstrou otimismo quanto \u00e0s chances do Vasco no Campeonato Carioca de 2025. Para o comentarista, embora Flamengo, Fluminense e Botafogo tenham vantagem individual, o Vasco apresenta um bom n\u00edvel de preparo f\u00edsico e entrosamento, fatores que podem ser decisivos na briga pelo t\u00edtulo estadual.<\/p>\n\n\n\n<p>O ex-jogador acredita que o Vasco pode surpreender na temporada, desde que consiga manter um desempenho s\u00f3lido nos cl\u00e1ssicos e aproveite o bom momento coletivo. Ainda que o time precise evoluir para competir de igual para igual com os rivais, Edmundo v\u00ea potencial para o Cruz-Maltino encerrar sua seca de t\u00edtulos e voltar a ser protagonista no futebol carioca.<\/p>\n\n\n\n<h2 class=\"wp-block-heading\" id=\"h-marcelo-anuncia-aposentadoria\">Marcelo anuncia aposentadoria<\/h2>\n\n\n\n<p>Marcelo anunciou oficialmente sua aposentadoria do futebol nesta quinta-feira (6), encerrando uma trajet\u00f3ria brilhante que marcou o Fluminense, o Real Madrid e a Sele\u00e7\u00e3o Brasileira. Em um v\u00eddeo emocionante publicado nas redes sociais, o ex-lateral relembrou momentos marcantes de sua carreira, destacou a import\u00e2ncia de seu av\u00f4 Pedro Vieira em sua forma\u00e7\u00e3o e afirmou que ainda pretende continuar contribuindo para o esporte. No depoimento, mencionou sua passagem vitoriosa pelo clube espanhol, onde conquistou 25 t\u00edtulos, incluindo cinco Champions League, al\u00e9m de seu retorno ao Tricolor, onde ajudou a equipe a levantar a in\u00e9dita ta\u00e7a da Libertadores de 2023 <strong><a href=\"https:\/\/www.gaveanews.com\/index.php\/2025\/02\/06\/idolo-do-fluminense-anuncia-aposentadoria\/\">(leia a mat\u00e9ria completa).<\/a><\/strong><\/p>\n\n\n\n<figure class=\"wp-block-image size-full\"><img loading=\"lazy\" decoding=\"async\" width=\"774\" height=\"436\" src=\"http:\/\/www.gaveanews.com\/wp-content\/uploads\/Marcelo-pelo-Fluminense.webp\" alt=\"\" class=\"wp-image-167658\" srcset=\"https:\/\/www.gaveanews.com\/wp-content\/uploads\/Marcelo-pelo-Fluminense.webp 774w, https:\/\/www.gaveanews.com\/wp-content\/uploads\/Marcelo-pelo-Fluminense-300x169.webp 300w, https:\/\/www.gaveanews.com\/wp-content\/uploads\/Marcelo-pelo-Fluminense-768x433.webp 768w, https:\/\/www.gaveanews.com\/wp-content\/uploads\/Marcelo-pelo-Fluminense-746x420.webp 746w, https:\/\/www.gaveanews.com\/wp-content\/uploads\/Marcelo-pelo-Fluminense-640x361.webp 640w, https:\/\/www.gaveanews.com\/wp-content\/uploads\/Marcelo-pelo-Fluminense-681x384.webp 681w, https:\/\/www.gaveanews.com\/wp-content\/uploads\/Marcelo-pelo-Fluminense-100x56.webp 100w\" sizes=\"auto, (max-width: 774px) 100vw, 774px\" \/><figcaption class=\"wp-element-caption\">Marcelo pelo Fluminense (Foto: Mailson Santana\/Fluminense)<\/figcaption><\/figure>\n\n\n\n<p>A despedida de Marcelo acontece poucos meses ap\u00f3s sua rescis\u00e3o contratual com o Fluminense, oficializada em dezembro de 2024. O lateral n\u00e3o atuou nas \u00faltimas partidas do clube e teve seu \u00faltimo momento pol\u00eamico ao se desentender com o t\u00e9cnico Mano Menezes, epis\u00f3dio que marcou o fim de seu ciclo no futebol profissional. Ainda assim, sua passagem pelo Flu foi de grande import\u00e2ncia, consolidando seu legado no clube que o revelou para o futebol mundial.<\/p>\n\n\n\n<p>Al\u00e9m de seus feitos em clubes, Marcelo tamb\u00e9m brilhou pela Sele\u00e7\u00e3o Brasileira, conquistando medalhas ol\u00edmpicas e a Copa das Confedera\u00e7\u00f5es. Seu legado vai al\u00e9m dos t\u00edtulos, servindo de inspira\u00e7\u00e3o para novas gera\u00e7\u00f5es de jogadores. Agora, ele inicia uma nova fase de sua vida, sem especificar quais ser\u00e3o seus pr\u00f3ximos passos, mas deixando claro que seu v\u00ednculo com o futebol permanece forte.<\/p>\n","protected":false},"excerpt":{"rendered":"<p>Nas \u00faltimas horas, o foco das not\u00edcias sobre o Fluminense se concentram nos bastidores do clube, com destaques do dia a dia do time. Por conta deste contexto, leia abaixo um resumo preparado pela equipe do portal G\u00e1vea News para lhe manter muito bem informado! Recado de Felipe Melo A sa\u00edda de Marcelo do Fluminense [&hellip;]<\/p>\n","protected":false},"author":27,"featured_media":144992,"comment_status":"open","ping_status":"closed","sticky":false,"template":"","format":"standard","meta":{"footnotes":""},"categories":[145],"tags":[],"class_list":["post-224556","post","type-post","status-publish","format-standard","has-post-thumbnail","hentry","category-fluminense"],"yoast_head":"<!-- This site is optimized with the Yoast SEO Premium plugin v24.2 (Yoast SEO v26.9) - https:\/\/yoast.com\/product\/yoast-seo-premium-wordpress\/ -->\n<title>Marcelo anuncia aposentadoria, declara\u00e7\u00e3o de Edmundo e recado de Felipe Melo: as \u00faltimas not\u00edcias do Fluminense<\/title>\n<meta name=\"robots\" content=\"index, follow, max-snippet:-1, max-image-preview:large, max-video-preview:-1\" \/>\n<link rel=\"canonical\" href=\"https:\/\/www.gaveanews.com\/index.php\/2025\/02\/07\/marcelo-anuncia-aposentadoria-declaracao-de-edmundo-e-recado-de-felipe-melo-as-ultimas-noticias-do-fluminense\/\" \/>\n<meta property=\"og:locale\" content=\"pt_BR\" \/>\n<meta property=\"og:type\" content=\"article\" \/>\n<meta property=\"og:title\" content=\"Marcelo anuncia aposentadoria, declara\u00e7\u00e3o de Edmundo e recado de Felipe Melo: as \u00faltimas not\u00edcias do Fluminense\" \/>\n<meta property=\"og:description\" content=\"Nas \u00faltimas horas, o foco das not\u00edcias sobre o Fluminense se concentram nos bastidores do clube, com destaques do dia a dia do time. Por conta deste contexto, leia abaixo um resumo preparado pela equipe do portal G\u00e1vea News para lhe manter muito bem informado! Recado de Felipe Melo A sa\u00edda de Marcelo do Fluminense [&hellip;]\" \/>\n<meta property=\"og:url\" content=\"https:\/\/www.gaveanews.com\/index.php\/2025\/02\/07\/marcelo-anuncia-aposentadoria-declaracao-de-edmundo-e-recado-de-felipe-melo-as-ultimas-noticias-do-fluminense\/\" \/>\n<meta property=\"og:site_name\" content=\"G\u00e1vea News\" \/>\n<meta property=\"article:publisher\" content=\"https:\/\/facebook.com\/gaveaNews\/\" \/>\n<meta property=\"article:published_time\" content=\"2025-02-07T08:35:00+00:00\" \/>\n<meta property=\"og:image\" content=\"https:\/\/www.gaveanews.com\/wp-content\/uploads\/Escudo-do-Fluminense.webp\" \/>\n\t<meta property=\"og:image:width\" content=\"1000\" \/>\n\t<meta property=\"og:image:height\" content=\"667\" \/>\n\t<meta property=\"og:image:type\" content=\"image\/webp\" \/>\n<meta name=\"author\" content=\"Matheus Felipe\" \/>\n<meta name=\"twitter:card\" content=\"summary_large_image\" \/>\n<meta name=\"twitter:label1\" content=\"Escrito por\" \/>\n\t<meta name=\"twitter:data1\" content=\"Matheus Felipe\" \/>\n\t<meta name=\"twitter:label2\" content=\"Est. tempo de leitura\" \/>\n\t<meta name=\"twitter:data2\" content=\"5 minutos\" \/>\n<script type=\"application\/ld+json\" class=\"yoast-schema-graph\">{\"@context\":\"https:\/\/schema.org\",\"@graph\":[{\"@type\":\"NewsArticle\",\"@id\":\"https:\/\/www.gaveanews.com\/index.php\/2025\/02\/07\/marcelo-anuncia-aposentadoria-declaracao-de-edmundo-e-recado-de-felipe-melo-as-ultimas-noticias-do-fluminense\/#article\",\"isPartOf\":{\"@id\":\"https:\/\/www.gaveanews.com\/index.php\/2025\/02\/07\/marcelo-anuncia-aposentadoria-declaracao-de-edmundo-e-recado-de-felipe-melo-as-ultimas-noticias-do-fluminense\/\"},\"author\":{\"name\":\"Matheus Felipe\",\"@id\":\"https:\/\/www.gaveanews.com\/#\/schema\/person\/8207cd4627f56151707418bfc835b2fb\"},\"headline\":\"Marcelo anuncia aposentadoria, declara\u00e7\u00e3o de Edmundo e recado de Felipe Melo: as \u00faltimas not\u00edcias do Fluminense\",\"datePublished\":\"2025-02-07T08:35:00+00:00\",\"mainEntityOfPage\":{\"@id\":\"https:\/\/www.gaveanews.com\/index.php\/2025\/02\/07\/marcelo-anuncia-aposentadoria-declaracao-de-edmundo-e-recado-de-felipe-melo-as-ultimas-noticias-do-fluminense\/\"},\"wordCount\":775,\"commentCount\":0,\"image\":{\"@id\":\"https:\/\/www.gaveanews.com\/index.php\/2025\/02\/07\/marcelo-anuncia-aposentadoria-declaracao-de-edmundo-e-recado-de-felipe-melo-as-ultimas-noticias-do-fluminense\/#primaryimage\"},\"thumbnailUrl\":\"https:\/\/www.gaveanews.com\/wp-content\/uploads\/Escudo-do-Fluminense.webp\",\"articleSection\":[\"Fluminense\"],\"inLanguage\":\"pt-BR\",\"potentialAction\":[{\"@type\":\"CommentAction\",\"name\":\"Comment\",\"target\":[\"https:\/\/www.gaveanews.com\/index.php\/2025\/02\/07\/marcelo-anuncia-aposentadoria-declaracao-de-edmundo-e-recado-de-felipe-melo-as-ultimas-noticias-do-fluminense\/#respond\"]}],\"copyrightYear\":\"2025\",\"copyrightHolder\":{\"@id\":\"https:\/\/www.gaveanews.com\/#organization\"}},{\"@type\":\"WebPage\",\"@id\":\"https:\/\/www.gaveanews.com\/index.php\/2025\/02\/07\/marcelo-anuncia-aposentadoria-declaracao-de-edmundo-e-recado-de-felipe-melo-as-ultimas-noticias-do-fluminense\/\",\"url\":\"https:\/\/www.gaveanews.com\/index.php\/2025\/02\/07\/marcelo-anuncia-aposentadoria-declaracao-de-edmundo-e-recado-de-felipe-melo-as-ultimas-noticias-do-fluminense\/\",\"name\":\"Marcelo anuncia aposentadoria, declara\u00e7\u00e3o de Edmundo e recado de Felipe Melo: as \u00faltimas not\u00edcias do Fluminense\",\"isPartOf\":{\"@id\":\"https:\/\/www.gaveanews.com\/#website\"},\"primaryImageOfPage\":{\"@id\":\"https:\/\/www.gaveanews.com\/index.php\/2025\/02\/07\/marcelo-anuncia-aposentadoria-declaracao-de-edmundo-e-recado-de-felipe-melo-as-ultimas-noticias-do-fluminense\/#primaryimage\"},\"image\":{\"@id\":\"https:\/\/www.gaveanews.com\/index.php\/2025\/02\/07\/marcelo-anuncia-aposentadoria-declaracao-de-edmundo-e-recado-de-felipe-melo-as-ultimas-noticias-do-fluminense\/#primaryimage\"},\"thumbnailUrl\":\"https:\/\/www.gaveanews.com\/wp-content\/uploads\/Escudo-do-Fluminense.webp\",\"datePublished\":\"2025-02-07T08:35:00+00:00\",\"author\":{\"@id\":\"https:\/\/www.gaveanews.com\/#\/schema\/person\/8207cd4627f56151707418bfc835b2fb\"},\"breadcrumb\":{\"@id\":\"https:\/\/www.gaveanews.com\/index.php\/2025\/02\/07\/marcelo-anuncia-aposentadoria-declaracao-de-edmundo-e-recado-de-felipe-melo-as-ultimas-noticias-do-fluminense\/#breadcrumb\"},\"inLanguage\":\"pt-BR\",\"potentialAction\":[{\"@type\":\"ReadAction\",\"target\":[\"https:\/\/www.gaveanews.com\/index.php\/2025\/02\/07\/marcelo-anuncia-aposentadoria-declaracao-de-edmundo-e-recado-de-felipe-melo-as-ultimas-noticias-do-fluminense\/\"]}]},{\"@type\":\"ImageObject\",\"inLanguage\":\"pt-BR\",\"@id\":\"https:\/\/www.gaveanews.com\/index.php\/2025\/02\/07\/marcelo-anuncia-aposentadoria-declaracao-de-edmundo-e-recado-de-felipe-melo-as-ultimas-noticias-do-fluminense\/#primaryimage\",\"url\":\"https:\/\/www.gaveanews.com\/wp-content\/uploads\/Escudo-do-Fluminense.webp\",\"contentUrl\":\"https:\/\/www.gaveanews.com\/wp-content\/uploads\/Escudo-do-Fluminense.webp\",\"width\":1000,\"height\":667,\"caption\":\"Escudo do Fluminense (Foto Reprodu\u00e7\u00e3o\/Instagram)\"},{\"@type\":\"BreadcrumbList\",\"@id\":\"https:\/\/www.gaveanews.com\/index.php\/2025\/02\/07\/marcelo-anuncia-aposentadoria-declaracao-de-edmundo-e-recado-de-felipe-melo-as-ultimas-noticias-do-fluminense\/#breadcrumb\",\"itemListElement\":[{\"@type\":\"ListItem\",\"position\":1,\"name\":\"Home\",\"item\":\"https:\/\/www.gaveanews.com\/\"},{\"@type\":\"ListItem\",\"position\":2,\"name\":\"Marcelo anuncia aposentadoria, declara\u00e7\u00e3o de Edmundo e recado de Felipe Melo: as \u00faltimas not\u00edcias do Fluminense\"}]},{\"@type\":\"WebSite\",\"@id\":\"https:\/\/www.gaveanews.com\/#website\",\"url\":\"https:\/\/www.gaveanews.com\/\",\"name\":\"G\u00e1vea News\",\"description\":\"Veja todas as not\u00edcias sobre o Flamengo: Contrata\u00e7\u00f5es, categorias de base, resultados das partidas, tabela de classifica\u00e7\u00e3o, pr\u00f3ximos jogos!\",\"potentialAction\":[{\"@type\":\"SearchAction\",\"target\":{\"@type\":\"EntryPoint\",\"urlTemplate\":\"https:\/\/www.gaveanews.com\/?s={search_term_string}\"},\"query-input\":{\"@type\":\"PropertyValueSpecification\",\"valueRequired\":true,\"valueName\":\"search_term_string\"}}],\"inLanguage\":\"pt-BR\"},{\"@type\":\"Person\",\"@id\":\"https:\/\/www.gaveanews.com\/#\/schema\/person\/8207cd4627f56151707418bfc835b2fb\",\"name\":\"Matheus Felipe\",\"image\":{\"@type\":\"ImageObject\",\"inLanguage\":\"pt-BR\",\"@id\":\"https:\/\/www.gaveanews.com\/#\/schema\/person\/image\/\",\"url\":\"https:\/\/secure.gravatar.com\/avatar\/a452ffbed9130f726358b298bb3a99ce4bd3c5338411f8440e87e14d74c7c087?s=96&d=mm&r=g\",\"contentUrl\":\"https:\/\/secure.gravatar.com\/avatar\/a452ffbed9130f726358b298bb3a99ce4bd3c5338411f8440e87e14d74c7c087?s=96&d=mm&r=g\",\"caption\":\"Matheus Felipe\"}}]}<\/script>\n<!-- \/ Yoast SEO Premium plugin. -->","yoast_head_json":{"title":"Marcelo anuncia aposentadoria, declara\u00e7\u00e3o de Edmundo e recado de Felipe Melo: as \u00faltimas not\u00edcias do Fluminense","robots":{"index":"index","follow":"follow","max-snippet":"max-snippet:-1","max-image-preview":"max-image-preview:large","max-video-preview":"max-video-preview:-1"},"canonical":"https:\/\/www.gaveanews.com\/index.php\/2025\/02\/07\/marcelo-anuncia-aposentadoria-declaracao-de-edmundo-e-recado-de-felipe-melo-as-ultimas-noticias-do-fluminense\/","og_locale":"pt_BR","og_type":"article","og_title":"Marcelo anuncia aposentadoria, declara\u00e7\u00e3o de Edmundo e recado de Felipe Melo: as \u00faltimas not\u00edcias do Fluminense","og_description":"Nas \u00faltimas horas, o foco das not\u00edcias sobre o Fluminense se concentram nos bastidores do clube, com destaques do dia a dia do time. Por conta deste contexto, leia abaixo um resumo preparado pela equipe do portal G\u00e1vea News para lhe manter muito bem informado! Recado de Felipe Melo A sa\u00edda de Marcelo do Fluminense [&hellip;]","og_url":"https:\/\/www.gaveanews.com\/index.php\/2025\/02\/07\/marcelo-anuncia-aposentadoria-declaracao-de-edmundo-e-recado-de-felipe-melo-as-ultimas-noticias-do-fluminense\/","og_site_name":"G\u00e1vea News","article_publisher":"https:\/\/facebook.com\/gaveaNews\/","article_published_time":"2025-02-07T08:35:00+00:00","og_image":[{"width":1000,"height":667,"url":"https:\/\/www.gaveanews.com\/wp-content\/uploads\/Escudo-do-Fluminense.webp","type":"image\/webp"}],"author":"Matheus Felipe","twitter_card":"summary_large_image","twitter_misc":{"Escrito por":"Matheus Felipe","Est. tempo de leitura":"5 minutos"},"schema":{"@context":"https:\/\/schema.org","@graph":[{"@type":"NewsArticle","@id":"https:\/\/www.gaveanews.com\/index.php\/2025\/02\/07\/marcelo-anuncia-aposentadoria-declaracao-de-edmundo-e-recado-de-felipe-melo-as-ultimas-noticias-do-fluminense\/#article","isPartOf":{"@id":"https:\/\/www.gaveanews.com\/index.php\/2025\/02\/07\/marcelo-anuncia-aposentadoria-declaracao-de-edmundo-e-recado-de-felipe-melo-as-ultimas-noticias-do-fluminense\/"},"author":{"name":"Matheus Felipe","@id":"https:\/\/www.gaveanews.com\/#\/schema\/person\/8207cd4627f56151707418bfc835b2fb"},"headline":"Marcelo anuncia aposentadoria, declara\u00e7\u00e3o de Edmundo e recado de Felipe Melo: as \u00faltimas not\u00edcias do Fluminense","datePublished":"2025-02-07T08:35:00+00:00","mainEntityOfPage":{"@id":"https:\/\/www.gaveanews.com\/index.php\/2025\/02\/07\/marcelo-anuncia-aposentadoria-declaracao-de-edmundo-e-recado-de-felipe-melo-as-ultimas-noticias-do-fluminense\/"},"wordCount":775,"commentCount":0,"image":{"@id":"https:\/\/www.gaveanews.com\/index.php\/2025\/02\/07\/marcelo-anuncia-aposentadoria-declaracao-de-edmundo-e-recado-de-felipe-melo-as-ultimas-noticias-do-fluminense\/#primaryimage"},"thumbnailUrl":"https:\/\/www.gaveanews.com\/wp-content\/uploads\/Escudo-do-Fluminense.webp","articleSection":["Fluminense"],"inLanguage":"pt-BR","potentialAction":[{"@type":"CommentAction","name":"Comment","target":["https:\/\/www.gaveanews.com\/index.php\/2025\/02\/07\/marcelo-anuncia-aposentadoria-declaracao-de-edmundo-e-recado-de-felipe-melo-as-ultimas-noticias-do-fluminense\/#respond"]}],"copyrightYear":"2025","copyrightHolder":{"@id":"https:\/\/www.gaveanews.com\/#organization"}},{"@type":"WebPage","@id":"https:\/\/www.gaveanews.com\/index.php\/2025\/02\/07\/marcelo-anuncia-aposentadoria-declaracao-de-edmundo-e-recado-de-felipe-melo-as-ultimas-noticias-do-fluminense\/","url":"https:\/\/www.gaveanews.com\/index.php\/2025\/02\/07\/marcelo-anuncia-aposentadoria-declaracao-de-edmundo-e-recado-de-felipe-melo-as-ultimas-noticias-do-fluminense\/","name":"Marcelo anuncia aposentadoria, declara\u00e7\u00e3o de Edmundo e recado de Felipe Melo: as \u00faltimas not\u00edcias do Fluminense","isPartOf":{"@id":"https:\/\/www.gaveanews.com\/#website"},"primaryImageOfPage":{"@id":"https:\/\/www.gaveanews.com\/index.php\/2025\/02\/07\/marcelo-anuncia-aposentadoria-declaracao-de-edmundo-e-recado-de-felipe-melo-as-ultimas-noticias-do-fluminense\/#primaryimage"},"image":{"@id":"https:\/\/www.gaveanews.com\/index.php\/2025\/02\/07\/marcelo-anuncia-aposentadoria-declaracao-de-edmundo-e-recado-de-felipe-melo-as-ultimas-noticias-do-fluminense\/#primaryimage"},"thumbnailUrl":"https:\/\/www.gaveanews.com\/wp-content\/uploads\/Escudo-do-Fluminense.webp","datePublished":"2025-02-07T08:35:00+00:00","author":{"@id":"https:\/\/www.gaveanews.com\/#\/schema\/person\/8207cd4627f56151707418bfc835b2fb"},"breadcrumb":{"@id":"https:\/\/www.gaveanews.com\/index.php\/2025\/02\/07\/marcelo-anuncia-aposentadoria-declaracao-de-edmundo-e-recado-de-felipe-melo-as-ultimas-noticias-do-fluminense\/#breadcrumb"},"inLanguage":"pt-BR","potentialAction":[{"@type":"ReadAction","target":["https:\/\/www.gaveanews.com\/index.php\/2025\/02\/07\/marcelo-anuncia-aposentadoria-declaracao-de-edmundo-e-recado-de-felipe-melo-as-ultimas-noticias-do-fluminense\/"]}]},{"@type":"ImageObject","inLanguage":"pt-BR","@id":"https:\/\/www.gaveanews.com\/index.php\/2025\/02\/07\/marcelo-anuncia-aposentadoria-declaracao-de-edmundo-e-recado-de-felipe-melo-as-ultimas-noticias-do-fluminense\/#primaryimage","url":"https:\/\/www.gaveanews.com\/wp-content\/uploads\/Escudo-do-Fluminense.webp","contentUrl":"https:\/\/www.gaveanews.com\/wp-content\/uploads\/Escudo-do-Fluminense.webp","width":1000,"height":667,"caption":"Escudo do Fluminense (Foto Reprodu\u00e7\u00e3o\/Instagram)"},{"@type":"BreadcrumbList","@id":"https:\/\/www.gaveanews.com\/index.php\/2025\/02\/07\/marcelo-anuncia-aposentadoria-declaracao-de-edmundo-e-recado-de-felipe-melo-as-ultimas-noticias-do-fluminense\/#breadcrumb","itemListElement":[{"@type":"ListItem","position":1,"name":"Home","item":"https:\/\/www.gaveanews.com\/"},{"@type":"ListItem","position":2,"name":"Marcelo anuncia aposentadoria, declara\u00e7\u00e3o de Edmundo e recado de Felipe Melo: as \u00faltimas not\u00edcias do Fluminense"}]},{"@type":"WebSite","@id":"https:\/\/www.gaveanews.com\/#website","url":"https:\/\/www.gaveanews.com\/","name":"G\u00e1vea News","description":"Veja todas as not\u00edcias sobre o Flamengo: Contrata\u00e7\u00f5es, categorias de base, resultados das partidas, tabela de classifica\u00e7\u00e3o, pr\u00f3ximos jogos!","potentialAction":[{"@type":"SearchAction","target":{"@type":"EntryPoint","urlTemplate":"https:\/\/www.gaveanews.com\/?s={search_term_string}"},"query-input":{"@type":"PropertyValueSpecification","valueRequired":true,"valueName":"search_term_string"}}],"inLanguage":"pt-BR"},{"@type":"Person","@id":"https:\/\/www.gaveanews.com\/#\/schema\/person\/8207cd4627f56151707418bfc835b2fb","name":"Matheus Felipe","image":{"@type":"ImageObject","inLanguage":"pt-BR","@id":"https:\/\/www.gaveanews.com\/#\/schema\/person\/image\/","url":"https:\/\/secure.gravatar.com\/avatar\/a452ffbed9130f726358b298bb3a99ce4bd3c5338411f8440e87e14d74c7c087?s=96&d=mm&r=g","contentUrl":"https:\/\/secure.gravatar.com\/avatar\/a452ffbed9130f726358b298bb3a99ce4bd3c5338411f8440e87e14d74c7c087?s=96&d=mm&r=g","caption":"Matheus Felipe"}}]}},"_links":{"self":[{"href":"https:\/\/www.gaveanews.com\/index.php\/wp-json\/wp\/v2\/posts\/224556","targetHints":{"allow":["GET"]}}],"collection":[{"href":"https:\/\/www.gaveanews.com\/index.php\/wp-json\/wp\/v2\/posts"}],"about":[{"href":"https:\/\/www.gaveanews.com\/index.php\/wp-json\/wp\/v2\/types\/post"}],"author":[{"embeddable":true,"href":"https:\/\/www.gaveanews.com\/index.php\/wp-json\/wp\/v2\/users\/27"}],"replies":[{"embeddable":true,"href":"https:\/\/www.gaveanews.com\/index.php\/wp-json\/wp\/v2\/comments?post=224556"}],"version-history":[{"count":1,"href":"https:\/\/www.gaveanews.com\/index.php\/wp-json\/wp\/v2\/posts\/224556\/revisions"}],"predecessor-version":[{"id":224581,"href":"https:\/\/www.gaveanews.com\/index.php\/wp-json\/wp\/v2\/posts\/224556\/revisions\/224581"}],"wp:featuredmedia":[{"embeddable":true,"href":"https:\/\/www.gaveanews.com\/index.php\/wp-json\/wp\/v2\/media\/144992"}],"wp:attachment":[{"href":"https:\/\/www.gaveanews.com\/index.php\/wp-json\/wp\/v2\/media?parent=224556"}],"wp:term":[{"taxonomy":"category","embeddable":true,"href":"https:\/\/www.gaveanews.com\/index.php\/wp-json\/wp\/v2\/categories?post=224556"},{"taxonomy":"post_tag","embeddable":true,"href":"https:\/\/www.gaveanews.com\/index.php\/wp-json\/wp\/v2\/tags?post=224556"}],"curies":[{"name":"wp","href":"https:\/\/api.w.org\/{rel}","templated":true}]}}