{"id":224643,"date":"2025-02-07T12:10:10","date_gmt":"2025-02-07T15:10:10","guid":{"rendered":"https:\/\/www.gaveanews.com\/?p=224643"},"modified":"2025-02-07T11:39:06","modified_gmt":"2025-02-07T14:39:06","slug":"fortaleza-vojvoda-prepara-time-para-o-classico-rei","status":"publish","type":"post","link":"https:\/\/www.gaveanews.com\/index.php\/2025\/02\/07\/fortaleza-vojvoda-prepara-time-para-o-classico-rei\/","title":{"rendered":"Fortaleza: Vojvoda prepara time para o Cl\u00e1ssico-Rei"},"content":{"rendered":"\n<p>O Fortaleza volta suas aten\u00e7\u00f5es para um dos duelos mais esperados do futebol cearense. Ap\u00f3s vencer o Sport por 2 a 0 na Copa do Nordeste, o Tricolor do Pici j\u00e1 iniciou sua prepara\u00e7\u00e3o para encarar o Cear\u00e1 no Cl\u00e1ssico-Rei, que acontece neste s\u00e1bado (8), \u00e0s 16h30, na Arena Castel\u00e3o.&nbsp;<\/p>\n\n\n\n<p>Dessa forma, o t\u00e9cnico Juan Pablo Vojvoda estuda as melhores alternativas para escalar a equipe, levando em conta o desgaste f\u00edsico de seus jogadores.<\/p>\n\n\n\n<h2 class=\"wp-block-heading\" id=\"h-recuperacao-fisica-e-planejamento-tatico\">Recupera\u00e7\u00e3o f\u00edsica e planejamento t\u00e1tico<\/h2>\n\n\n\n<p>A vit\u00f3ria sobre o Sport exigiu bastante do elenco, mas o treinador argentino celebrou n\u00e3o apenas o resultado, como tamb\u00e9m a maturidade do time ao longo da partida. Por isso, ele j\u00e1 pensa na melhor forma de manter o bom desempenho no pr\u00f3ximo desafio.<\/p>\n\n\n\n<p>\u201cFoi uma partida dif\u00edcil, ent\u00e3o estou feliz pelo resultado, mas tamb\u00e9m porque os jogadores fecharam bem a partida, n\u00e3o tivemos grandes problemas f\u00edsicos, sabendo que temos Cl\u00e1ssico-Rei, uma partida muito importante\u201d, declarou Vojvoda.<\/p>\n\n\n\n<p>Sendo assim, a comiss\u00e3o t\u00e9cnica avalia poss\u00edveis mudan\u00e7as na equipe titular para evitar desgaste excessivo e manter a intensidade necess\u00e1ria contra o maior rival. Isso porque o Fortaleza vem de uma sequ\u00eancia intensa de jogos e precisa estar no auge fisicamente para suportar o ritmo do cl\u00e1ssico.<\/p>\n\n\n\n<h2 class=\"wp-block-heading\" id=\"h-fortaleza-busca-manter-a-maturidade-em-campo\">Fortaleza busca manter a maturidade em campo<\/h2>\n\n\n\n<p>Dessa maneira, Vojvoda refor\u00e7a a import\u00e2ncia de todos os atletas estarem preparados, independentemente de come\u00e7arem jogando ou aguardarem uma oportunidade.&nbsp;<\/p>\n\n\n\n<p>Vale destacar que os dois gols contra o Sport foram marcados no segundo tempo, por Mois\u00e9s e Breno Lopes, o que demonstra a for\u00e7a do elenco.<\/p>\n\n\n\n<p>\u201cJogamos cinco vezes antes desse (contra o Sport) em 11 dias. Por isso n\u00f3s necessitamos fazer mudan\u00e7as. Mas todos precisam estar preparados. Quero sustentar essa maturidade, deles saberem responder, tanto quando jogam como quando aguardam oportunidade\u201d, afirmou o treinador.<\/p>\n\n\n\n<h2 class=\"wp-block-heading\" id=\"h-classico-rei-promete-fortes-emocoes\">Cl\u00e1ssico-Rei promete fortes emo\u00e7\u00f5es<\/h2>\n\n\n\n<p>Com isso, o Fortaleza quer se destacar no segundo grande teste da temporada. Cabe ressaltar que o time j\u00e1 garantiu vaga na semifinal do Cearense, mas um bom resultado diante do Cear\u00e1 pode consolidar ainda mais a equipe para os desafios que vir\u00e3o.&nbsp;<\/p>\n\n\n\n<p>Desse jeito, Vojvoda e seus comandados seguem focados para mais um Cl\u00e1ssico-Rei eletrizante.<\/p>\n","protected":false},"excerpt":{"rendered":"<p>O Fortaleza volta suas aten\u00e7\u00f5es para um dos duelos mais esperados do futebol cearense. Ap\u00f3s vencer o Sport por 2 a 0 na Copa do Nordeste, o Tricolor do Pici j\u00e1 iniciou sua prepara\u00e7\u00e3o para encarar o Cear\u00e1 no Cl\u00e1ssico-Rei, que acontece neste s\u00e1bado (8), \u00e0s 16h30, na Arena Castel\u00e3o.&nbsp; Dessa forma, o t\u00e9cnico Juan [&hellip;]<\/p>\n","protected":false},"author":25,"featured_media":72672,"comment_status":"open","ping_status":"closed","sticky":false,"template":"","format":"standard","meta":{"footnotes":""},"categories":[146],"tags":[],"class_list":["post-224643","post","type-post","status-publish","format-standard","has-post-thumbnail","hentry","category-fortaleza"],"yoast_head":"<!-- This site is optimized with the Yoast SEO Premium plugin v24.2 (Yoast SEO v26.9) - https:\/\/yoast.com\/product\/yoast-seo-premium-wordpress\/ -->\n<title>Fortaleza: Vojvoda prepara time para o Cl\u00e1ssico-Rei<\/title>\n<meta name=\"robots\" content=\"index, follow, max-snippet:-1, max-image-preview:large, max-video-preview:-1\" \/>\n<link rel=\"canonical\" href=\"https:\/\/www.gaveanews.com\/index.php\/2025\/02\/07\/fortaleza-vojvoda-prepara-time-para-o-classico-rei\/\" \/>\n<meta property=\"og:locale\" content=\"pt_BR\" \/>\n<meta property=\"og:type\" content=\"article\" \/>\n<meta property=\"og:title\" content=\"Fortaleza: Vojvoda prepara time para o Cl\u00e1ssico-Rei\" \/>\n<meta property=\"og:description\" content=\"O Fortaleza volta suas aten\u00e7\u00f5es para um dos duelos mais esperados do futebol cearense. Ap\u00f3s vencer o Sport por 2 a 0 na Copa do Nordeste, o Tricolor do Pici j\u00e1 iniciou sua prepara\u00e7\u00e3o para encarar o Cear\u00e1 no Cl\u00e1ssico-Rei, que acontece neste s\u00e1bado (8), \u00e0s 16h30, na Arena Castel\u00e3o.&nbsp; Dessa forma, o t\u00e9cnico Juan [&hellip;]\" \/>\n<meta property=\"og:url\" content=\"https:\/\/www.gaveanews.com\/index.php\/2025\/02\/07\/fortaleza-vojvoda-prepara-time-para-o-classico-rei\/\" \/>\n<meta property=\"og:site_name\" content=\"G\u00e1vea News\" \/>\n<meta property=\"article:publisher\" content=\"https:\/\/facebook.com\/gaveaNews\/\" \/>\n<meta property=\"article:published_time\" content=\"2025-02-07T15:10:10+00:00\" \/>\n<meta property=\"og:image\" content=\"https:\/\/www.gaveanews.com\/wp-content\/uploads\/Vojvoda-durante-um-treino-do-Fortaleza.webp\" \/>\n\t<meta property=\"og:image:width\" content=\"1280\" \/>\n\t<meta property=\"og:image:height\" content=\"720\" \/>\n\t<meta property=\"og:image:type\" content=\"image\/jpeg\" \/>\n<meta name=\"author\" content=\"Rafaela Ladeira\" \/>\n<meta name=\"twitter:card\" content=\"summary_large_image\" \/>\n<meta name=\"twitter:label1\" content=\"Escrito por\" \/>\n\t<meta name=\"twitter:data1\" content=\"Rafaela Ladeira\" \/>\n\t<meta name=\"twitter:label2\" content=\"Est. tempo de leitura\" \/>\n\t<meta name=\"twitter:data2\" content=\"3 minutos\" \/>\n<script type=\"application\/ld+json\" class=\"yoast-schema-graph\">{\"@context\":\"https:\/\/schema.org\",\"@graph\":[{\"@type\":\"NewsArticle\",\"@id\":\"https:\/\/www.gaveanews.com\/index.php\/2025\/02\/07\/fortaleza-vojvoda-prepara-time-para-o-classico-rei\/#article\",\"isPartOf\":{\"@id\":\"https:\/\/www.gaveanews.com\/index.php\/2025\/02\/07\/fortaleza-vojvoda-prepara-time-para-o-classico-rei\/\"},\"author\":{\"name\":\"Rafaela Ladeira\",\"@id\":\"https:\/\/www.gaveanews.com\/#\/schema\/person\/0eb3e3fe1754f0205218538adbe8f5ed\"},\"headline\":\"Fortaleza: Vojvoda prepara time para o Cl\u00e1ssico-Rei\",\"datePublished\":\"2025-02-07T15:10:10+00:00\",\"mainEntityOfPage\":{\"@id\":\"https:\/\/www.gaveanews.com\/index.php\/2025\/02\/07\/fortaleza-vojvoda-prepara-time-para-o-classico-rei\/\"},\"wordCount\":401,\"commentCount\":0,\"image\":{\"@id\":\"https:\/\/www.gaveanews.com\/index.php\/2025\/02\/07\/fortaleza-vojvoda-prepara-time-para-o-classico-rei\/#primaryimage\"},\"thumbnailUrl\":\"https:\/\/www.gaveanews.com\/wp-content\/uploads\/Vojvoda-durante-um-treino-do-Fortaleza.webp\",\"articleSection\":[\"Fortaleza\"],\"inLanguage\":\"pt-BR\",\"potentialAction\":[{\"@type\":\"CommentAction\",\"name\":\"Comment\",\"target\":[\"https:\/\/www.gaveanews.com\/index.php\/2025\/02\/07\/fortaleza-vojvoda-prepara-time-para-o-classico-rei\/#respond\"]}],\"copyrightYear\":\"2025\",\"copyrightHolder\":{\"@id\":\"https:\/\/www.gaveanews.com\/#organization\"}},{\"@type\":\"WebPage\",\"@id\":\"https:\/\/www.gaveanews.com\/index.php\/2025\/02\/07\/fortaleza-vojvoda-prepara-time-para-o-classico-rei\/\",\"url\":\"https:\/\/www.gaveanews.com\/index.php\/2025\/02\/07\/fortaleza-vojvoda-prepara-time-para-o-classico-rei\/\",\"name\":\"Fortaleza: Vojvoda prepara time para o Cl\u00e1ssico-Rei\",\"isPartOf\":{\"@id\":\"https:\/\/www.gaveanews.com\/#website\"},\"primaryImageOfPage\":{\"@id\":\"https:\/\/www.gaveanews.com\/index.php\/2025\/02\/07\/fortaleza-vojvoda-prepara-time-para-o-classico-rei\/#primaryimage\"},\"image\":{\"@id\":\"https:\/\/www.gaveanews.com\/index.php\/2025\/02\/07\/fortaleza-vojvoda-prepara-time-para-o-classico-rei\/#primaryimage\"},\"thumbnailUrl\":\"https:\/\/www.gaveanews.com\/wp-content\/uploads\/Vojvoda-durante-um-treino-do-Fortaleza.webp\",\"datePublished\":\"2025-02-07T15:10:10+00:00\",\"author\":{\"@id\":\"https:\/\/www.gaveanews.com\/#\/schema\/person\/0eb3e3fe1754f0205218538adbe8f5ed\"},\"breadcrumb\":{\"@id\":\"https:\/\/www.gaveanews.com\/index.php\/2025\/02\/07\/fortaleza-vojvoda-prepara-time-para-o-classico-rei\/#breadcrumb\"},\"inLanguage\":\"pt-BR\",\"potentialAction\":[{\"@type\":\"ReadAction\",\"target\":[\"https:\/\/www.gaveanews.com\/index.php\/2025\/02\/07\/fortaleza-vojvoda-prepara-time-para-o-classico-rei\/\"]}]},{\"@type\":\"ImageObject\",\"inLanguage\":\"pt-BR\",\"@id\":\"https:\/\/www.gaveanews.com\/index.php\/2025\/02\/07\/fortaleza-vojvoda-prepara-time-para-o-classico-rei\/#primaryimage\",\"url\":\"https:\/\/www.gaveanews.com\/wp-content\/uploads\/Vojvoda-durante-um-treino-do-Fortaleza.webp\",\"contentUrl\":\"https:\/\/www.gaveanews.com\/wp-content\/uploads\/Vojvoda-durante-um-treino-do-Fortaleza.webp\",\"width\":1280,\"height\":720,\"caption\":\"Vojvoda durante um treino do Fortaleza (Foto: Leonardo Moreira\/Fortaleza)\"},{\"@type\":\"BreadcrumbList\",\"@id\":\"https:\/\/www.gaveanews.com\/index.php\/2025\/02\/07\/fortaleza-vojvoda-prepara-time-para-o-classico-rei\/#breadcrumb\",\"itemListElement\":[{\"@type\":\"ListItem\",\"position\":1,\"name\":\"Home\",\"item\":\"https:\/\/www.gaveanews.com\/\"},{\"@type\":\"ListItem\",\"position\":2,\"name\":\"Fortaleza: Vojvoda prepara time para o Cl\u00e1ssico-Rei\"}]},{\"@type\":\"WebSite\",\"@id\":\"https:\/\/www.gaveanews.com\/#website\",\"url\":\"https:\/\/www.gaveanews.com\/\",\"name\":\"G\u00e1vea News\",\"description\":\"Veja todas as not\u00edcias sobre o Flamengo: Contrata\u00e7\u00f5es, categorias de base, resultados das partidas, tabela de classifica\u00e7\u00e3o, pr\u00f3ximos jogos!\",\"potentialAction\":[{\"@type\":\"SearchAction\",\"target\":{\"@type\":\"EntryPoint\",\"urlTemplate\":\"https:\/\/www.gaveanews.com\/?s={search_term_string}\"},\"query-input\":{\"@type\":\"PropertyValueSpecification\",\"valueRequired\":true,\"valueName\":\"search_term_string\"}}],\"inLanguage\":\"pt-BR\"},{\"@type\":\"Person\",\"@id\":\"https:\/\/www.gaveanews.com\/#\/schema\/person\/0eb3e3fe1754f0205218538adbe8f5ed\",\"name\":\"Rafaela Ladeira\",\"image\":{\"@type\":\"ImageObject\",\"inLanguage\":\"pt-BR\",\"@id\":\"https:\/\/www.gaveanews.com\/#\/schema\/person\/image\/\",\"url\":\"https:\/\/secure.gravatar.com\/avatar\/c31f513acffd85eacab5730cbdfdbbf59f21ba5aeada8cd890acea879fbb2455?s=96&d=mm&r=g\",\"contentUrl\":\"https:\/\/secure.gravatar.com\/avatar\/c31f513acffd85eacab5730cbdfdbbf59f21ba5aeada8cd890acea879fbb2455?s=96&d=mm&r=g\",\"caption\":\"Rafaela Ladeira\"}}]}<\/script>\n<!-- \/ Yoast SEO Premium plugin. -->","yoast_head_json":{"title":"Fortaleza: Vojvoda prepara time para o Cl\u00e1ssico-Rei","robots":{"index":"index","follow":"follow","max-snippet":"max-snippet:-1","max-image-preview":"max-image-preview:large","max-video-preview":"max-video-preview:-1"},"canonical":"https:\/\/www.gaveanews.com\/index.php\/2025\/02\/07\/fortaleza-vojvoda-prepara-time-para-o-classico-rei\/","og_locale":"pt_BR","og_type":"article","og_title":"Fortaleza: Vojvoda prepara time para o Cl\u00e1ssico-Rei","og_description":"O Fortaleza volta suas aten\u00e7\u00f5es para um dos duelos mais esperados do futebol cearense. Ap\u00f3s vencer o Sport por 2 a 0 na Copa do Nordeste, o Tricolor do Pici j\u00e1 iniciou sua prepara\u00e7\u00e3o para encarar o Cear\u00e1 no Cl\u00e1ssico-Rei, que acontece neste s\u00e1bado (8), \u00e0s 16h30, na Arena Castel\u00e3o.&nbsp; Dessa forma, o t\u00e9cnico Juan [&hellip;]","og_url":"https:\/\/www.gaveanews.com\/index.php\/2025\/02\/07\/fortaleza-vojvoda-prepara-time-para-o-classico-rei\/","og_site_name":"G\u00e1vea News","article_publisher":"https:\/\/facebook.com\/gaveaNews\/","article_published_time":"2025-02-07T15:10:10+00:00","og_image":[{"width":1280,"height":720,"url":"https:\/\/www.gaveanews.com\/wp-content\/uploads\/Vojvoda-durante-um-treino-do-Fortaleza.webp","type":"image\/jpeg"}],"author":"Rafaela Ladeira","twitter_card":"summary_large_image","twitter_misc":{"Escrito por":"Rafaela Ladeira","Est. tempo de leitura":"3 minutos"},"schema":{"@context":"https:\/\/schema.org","@graph":[{"@type":"NewsArticle","@id":"https:\/\/www.gaveanews.com\/index.php\/2025\/02\/07\/fortaleza-vojvoda-prepara-time-para-o-classico-rei\/#article","isPartOf":{"@id":"https:\/\/www.gaveanews.com\/index.php\/2025\/02\/07\/fortaleza-vojvoda-prepara-time-para-o-classico-rei\/"},"author":{"name":"Rafaela Ladeira","@id":"https:\/\/www.gaveanews.com\/#\/schema\/person\/0eb3e3fe1754f0205218538adbe8f5ed"},"headline":"Fortaleza: Vojvoda prepara time para o Cl\u00e1ssico-Rei","datePublished":"2025-02-07T15:10:10+00:00","mainEntityOfPage":{"@id":"https:\/\/www.gaveanews.com\/index.php\/2025\/02\/07\/fortaleza-vojvoda-prepara-time-para-o-classico-rei\/"},"wordCount":401,"commentCount":0,"image":{"@id":"https:\/\/www.gaveanews.com\/index.php\/2025\/02\/07\/fortaleza-vojvoda-prepara-time-para-o-classico-rei\/#primaryimage"},"thumbnailUrl":"https:\/\/www.gaveanews.com\/wp-content\/uploads\/Vojvoda-durante-um-treino-do-Fortaleza.webp","articleSection":["Fortaleza"],"inLanguage":"pt-BR","potentialAction":[{"@type":"CommentAction","name":"Comment","target":["https:\/\/www.gaveanews.com\/index.php\/2025\/02\/07\/fortaleza-vojvoda-prepara-time-para-o-classico-rei\/#respond"]}],"copyrightYear":"2025","copyrightHolder":{"@id":"https:\/\/www.gaveanews.com\/#organization"}},{"@type":"WebPage","@id":"https:\/\/www.gaveanews.com\/index.php\/2025\/02\/07\/fortaleza-vojvoda-prepara-time-para-o-classico-rei\/","url":"https:\/\/www.gaveanews.com\/index.php\/2025\/02\/07\/fortaleza-vojvoda-prepara-time-para-o-classico-rei\/","name":"Fortaleza: Vojvoda prepara time para o Cl\u00e1ssico-Rei","isPartOf":{"@id":"https:\/\/www.gaveanews.com\/#website"},"primaryImageOfPage":{"@id":"https:\/\/www.gaveanews.com\/index.php\/2025\/02\/07\/fortaleza-vojvoda-prepara-time-para-o-classico-rei\/#primaryimage"},"image":{"@id":"https:\/\/www.gaveanews.com\/index.php\/2025\/02\/07\/fortaleza-vojvoda-prepara-time-para-o-classico-rei\/#primaryimage"},"thumbnailUrl":"https:\/\/www.gaveanews.com\/wp-content\/uploads\/Vojvoda-durante-um-treino-do-Fortaleza.webp","datePublished":"2025-02-07T15:10:10+00:00","author":{"@id":"https:\/\/www.gaveanews.com\/#\/schema\/person\/0eb3e3fe1754f0205218538adbe8f5ed"},"breadcrumb":{"@id":"https:\/\/www.gaveanews.com\/index.php\/2025\/02\/07\/fortaleza-vojvoda-prepara-time-para-o-classico-rei\/#breadcrumb"},"inLanguage":"pt-BR","potentialAction":[{"@type":"ReadAction","target":["https:\/\/www.gaveanews.com\/index.php\/2025\/02\/07\/fortaleza-vojvoda-prepara-time-para-o-classico-rei\/"]}]},{"@type":"ImageObject","inLanguage":"pt-BR","@id":"https:\/\/www.gaveanews.com\/index.php\/2025\/02\/07\/fortaleza-vojvoda-prepara-time-para-o-classico-rei\/#primaryimage","url":"https:\/\/www.gaveanews.com\/wp-content\/uploads\/Vojvoda-durante-um-treino-do-Fortaleza.webp","contentUrl":"https:\/\/www.gaveanews.com\/wp-content\/uploads\/Vojvoda-durante-um-treino-do-Fortaleza.webp","width":1280,"height":720,"caption":"Vojvoda durante um treino do Fortaleza (Foto: Leonardo Moreira\/Fortaleza)"},{"@type":"BreadcrumbList","@id":"https:\/\/www.gaveanews.com\/index.php\/2025\/02\/07\/fortaleza-vojvoda-prepara-time-para-o-classico-rei\/#breadcrumb","itemListElement":[{"@type":"ListItem","position":1,"name":"Home","item":"https:\/\/www.gaveanews.com\/"},{"@type":"ListItem","position":2,"name":"Fortaleza: Vojvoda prepara time para o Cl\u00e1ssico-Rei"}]},{"@type":"WebSite","@id":"https:\/\/www.gaveanews.com\/#website","url":"https:\/\/www.gaveanews.com\/","name":"G\u00e1vea News","description":"Veja todas as not\u00edcias sobre o Flamengo: Contrata\u00e7\u00f5es, categorias de base, resultados das partidas, tabela de classifica\u00e7\u00e3o, pr\u00f3ximos jogos!","potentialAction":[{"@type":"SearchAction","target":{"@type":"EntryPoint","urlTemplate":"https:\/\/www.gaveanews.com\/?s={search_term_string}"},"query-input":{"@type":"PropertyValueSpecification","valueRequired":true,"valueName":"search_term_string"}}],"inLanguage":"pt-BR"},{"@type":"Person","@id":"https:\/\/www.gaveanews.com\/#\/schema\/person\/0eb3e3fe1754f0205218538adbe8f5ed","name":"Rafaela Ladeira","image":{"@type":"ImageObject","inLanguage":"pt-BR","@id":"https:\/\/www.gaveanews.com\/#\/schema\/person\/image\/","url":"https:\/\/secure.gravatar.com\/avatar\/c31f513acffd85eacab5730cbdfdbbf59f21ba5aeada8cd890acea879fbb2455?s=96&d=mm&r=g","contentUrl":"https:\/\/secure.gravatar.com\/avatar\/c31f513acffd85eacab5730cbdfdbbf59f21ba5aeada8cd890acea879fbb2455?s=96&d=mm&r=g","caption":"Rafaela Ladeira"}}]}},"_links":{"self":[{"href":"https:\/\/www.gaveanews.com\/index.php\/wp-json\/wp\/v2\/posts\/224643","targetHints":{"allow":["GET"]}}],"collection":[{"href":"https:\/\/www.gaveanews.com\/index.php\/wp-json\/wp\/v2\/posts"}],"about":[{"href":"https:\/\/www.gaveanews.com\/index.php\/wp-json\/wp\/v2\/types\/post"}],"author":[{"embeddable":true,"href":"https:\/\/www.gaveanews.com\/index.php\/wp-json\/wp\/v2\/users\/25"}],"replies":[{"embeddable":true,"href":"https:\/\/www.gaveanews.com\/index.php\/wp-json\/wp\/v2\/comments?post=224643"}],"version-history":[{"count":1,"href":"https:\/\/www.gaveanews.com\/index.php\/wp-json\/wp\/v2\/posts\/224643\/revisions"}],"predecessor-version":[{"id":224644,"href":"https:\/\/www.gaveanews.com\/index.php\/wp-json\/wp\/v2\/posts\/224643\/revisions\/224644"}],"wp:featuredmedia":[{"embeddable":true,"href":"https:\/\/www.gaveanews.com\/index.php\/wp-json\/wp\/v2\/media\/72672"}],"wp:attachment":[{"href":"https:\/\/www.gaveanews.com\/index.php\/wp-json\/wp\/v2\/media?parent=224643"}],"wp:term":[{"taxonomy":"category","embeddable":true,"href":"https:\/\/www.gaveanews.com\/index.php\/wp-json\/wp\/v2\/categories?post=224643"},{"taxonomy":"post_tag","embeddable":true,"href":"https:\/\/www.gaveanews.com\/index.php\/wp-json\/wp\/v2\/tags?post=224643"}],"curies":[{"name":"wp","href":"https:\/\/api.w.org\/{rel}","templated":true}]}}