{"id":224654,"date":"2025-02-07T13:10:03","date_gmt":"2025-02-07T16:10:03","guid":{"rendered":"https:\/\/www.gaveanews.com\/?p=224654"},"modified":"2025-02-07T12:58:15","modified_gmt":"2025-02-07T15:58:15","slug":"fluminense-jhon-arias-atinge-feito-marcante","status":"publish","type":"post","link":"https:\/\/www.gaveanews.com\/index.php\/2025\/02\/07\/fluminense-jhon-arias-atinge-feito-marcante\/","title":{"rendered":"Fluminense: Jhon Arias atinge feito marcante"},"content":{"rendered":"\n<p>Jhon Arias atingiu uma marca importante com a assist\u00eancia para o gol de Thiago Silva na vit\u00f3ria sobre o Vasco da Gama. O atacante colombiano ultrapassou Giorgian De Arrascaeta, do arquirrival Flamengo, em n\u00famero de passes para gol no futebol brasileiro desde 2022.<\/p>\n\n\n\n<p>Na \u00faltima quarta-feira (5\/2), o Fluminense bateu o Vasco da Gama por 2 a 1, de virada, no cl\u00e1ssico da 8\u00aa rodada do Campeonato Carioca, no est\u00e1dio Man\u00e9 Garrincha, em Bras\u00edlia. Os gols da partida foram marcados por Philippe Coutinho, para o Cruz-Maltino, e Thiago Silva e Germ\u00e1n Cano para o Tricolor.<\/p>\n\n\n\n<p>O resultado somou 3 pontos importantes para o time das Laranjeiras na sequ\u00eancia do torneio estadual. A equipe comandada por Mano Menezes chegou aos 10 pontos e assumiu a 8\u00aa posi\u00e7\u00e3o da Ta\u00e7a Guanabara, dois pontos a menos que o Botafogo, que abre o G4 e a faixa classificat\u00f3ria para as semifinais.<\/p>\n\n\n\n<p>Al\u00e9m do triunfo contra um dos maiores rivais, o jogo teve outra marca importante. Jhon Arias atingiu a 43\u00aa assist\u00eancia no futebol brasileiro, superando o flamenguista Giorgian De Arrascaeta. O atacante colombiano cobrou falta na entrada da \u00e1rea e al\u00e7ou a bola na segunda trave, para encontrar o zagueiro Thiago Silva para empatar a partida.<\/p>\n\n\n\n<p>Desde 2022, ningu\u00e9m d\u00e1 mais assist\u00eancias do que ele atuando no Brasil. O recorte espec\u00edfico busca compreender o espa\u00e7o em que ele deixou de ser um reserva do Fluminense e come\u00e7ou a atuar com mais frequ\u00eancia. Ele tinha sido contratado na janela do ver\u00e3o europeu de 2021, mas s\u00f3 no ano seguinte come\u00e7ou a ser protagonista do Tricolor das Laranjeiras.<\/p>\n\n\n\n<p>Com o bom desempenho ao longo dos anos, a diretoria renovou o contrato com o jogador at\u00e9 o fim de 2028 e ele segue sendo cobi\u00e7ado por clubes brasileiros e do futebol brasileiro. Quando foi contratado, o time de Xer\u00e9m pagou pouco mais de 3 milh\u00f5es de reais para tir\u00e1-lo do Santa F\u00e9, da Col\u00f4mbia, e hoje s\u00f3 aceita negoci\u00e1-lo por cifras volumosas. Na \u00faltima temporada, recusou uma proposta de 12 milh\u00f5es de euros, cerca de 75 milh\u00f5es de reais, do Galatasaray, da Turquia. Al\u00e9m dos turcos, os russos do Zenit e os espanh\u00f3is do Girona tentaram a contrata\u00e7\u00e3o dele e n\u00e3o obtiveram sucesso.<\/p>\n","protected":false},"excerpt":{"rendered":"<p>Jhon Arias atingiu uma marca importante com a assist\u00eancia para o gol de Thiago Silva na vit\u00f3ria sobre o Vasco da Gama. O atacante colombiano ultrapassou Giorgian De Arrascaeta, do arquirrival Flamengo, em n\u00famero de passes para gol no futebol brasileiro desde 2022. Na \u00faltima quarta-feira (5\/2), o Fluminense bateu o Vasco da Gama por [&hellip;]<\/p>\n","protected":false},"author":29,"featured_media":154696,"comment_status":"open","ping_status":"closed","sticky":false,"template":"","format":"standard","meta":{"footnotes":""},"categories":[145],"tags":[],"class_list":["post-224654","post","type-post","status-publish","format-standard","has-post-thumbnail","hentry","category-fluminense"],"yoast_head":"<!-- This site is optimized with the Yoast SEO Premium plugin v24.2 (Yoast SEO v26.9) - https:\/\/yoast.com\/product\/yoast-seo-premium-wordpress\/ -->\n<title>Fluminense: Jhon Arias atinge feito marcante<\/title>\n<meta name=\"robots\" content=\"index, follow, max-snippet:-1, max-image-preview:large, max-video-preview:-1\" \/>\n<link rel=\"canonical\" href=\"https:\/\/www.gaveanews.com\/index.php\/2025\/02\/07\/fluminense-jhon-arias-atinge-feito-marcante\/\" \/>\n<meta property=\"og:locale\" content=\"pt_BR\" \/>\n<meta property=\"og:type\" content=\"article\" \/>\n<meta property=\"og:title\" content=\"Fluminense: Jhon Arias atinge feito marcante\" \/>\n<meta property=\"og:description\" content=\"Jhon Arias atingiu uma marca importante com a assist\u00eancia para o gol de Thiago Silva na vit\u00f3ria sobre o Vasco da Gama. O atacante colombiano ultrapassou Giorgian De Arrascaeta, do arquirrival Flamengo, em n\u00famero de passes para gol no futebol brasileiro desde 2022. Na \u00faltima quarta-feira (5\/2), o Fluminense bateu o Vasco da Gama por [&hellip;]\" \/>\n<meta property=\"og:url\" content=\"https:\/\/www.gaveanews.com\/index.php\/2025\/02\/07\/fluminense-jhon-arias-atinge-feito-marcante\/\" \/>\n<meta property=\"og:site_name\" content=\"G\u00e1vea News\" \/>\n<meta property=\"article:publisher\" content=\"https:\/\/facebook.com\/gaveaNews\/\" \/>\n<meta property=\"article:published_time\" content=\"2025-02-07T16:10:03+00:00\" \/>\n<meta property=\"og:image\" content=\"https:\/\/www.gaveanews.com\/wp-content\/uploads\/Jhon-Arias-com-a-camisa-do-Fluminense-em-2023.webp\" \/>\n\t<meta property=\"og:image:width\" content=\"872\" \/>\n\t<meta property=\"og:image:height\" content=\"589\" \/>\n\t<meta property=\"og:image:type\" content=\"image\/jpeg\" \/>\n<meta name=\"author\" content=\"Marco Menezes\" \/>\n<meta name=\"twitter:card\" content=\"summary_large_image\" \/>\n<meta name=\"twitter:label1\" content=\"Escrito por\" \/>\n\t<meta name=\"twitter:data1\" content=\"Marco Menezes\" \/>\n\t<meta name=\"twitter:label2\" content=\"Est. tempo de leitura\" \/>\n\t<meta name=\"twitter:data2\" content=\"3 minutos\" \/>\n<script type=\"application\/ld+json\" class=\"yoast-schema-graph\">{\"@context\":\"https:\/\/schema.org\",\"@graph\":[{\"@type\":\"NewsArticle\",\"@id\":\"https:\/\/www.gaveanews.com\/index.php\/2025\/02\/07\/fluminense-jhon-arias-atinge-feito-marcante\/#article\",\"isPartOf\":{\"@id\":\"https:\/\/www.gaveanews.com\/index.php\/2025\/02\/07\/fluminense-jhon-arias-atinge-feito-marcante\/\"},\"author\":{\"name\":\"Marco Menezes\",\"@id\":\"https:\/\/www.gaveanews.com\/#\/schema\/person\/a9f62fe75380c6bada1b2fc49bc23d69\"},\"headline\":\"Fluminense: Jhon Arias atinge feito marcante\",\"datePublished\":\"2025-02-07T16:10:03+00:00\",\"mainEntityOfPage\":{\"@id\":\"https:\/\/www.gaveanews.com\/index.php\/2025\/02\/07\/fluminense-jhon-arias-atinge-feito-marcante\/\"},\"wordCount\":391,\"commentCount\":0,\"image\":{\"@id\":\"https:\/\/www.gaveanews.com\/index.php\/2025\/02\/07\/fluminense-jhon-arias-atinge-feito-marcante\/#primaryimage\"},\"thumbnailUrl\":\"https:\/\/www.gaveanews.com\/wp-content\/uploads\/Jhon-Arias-com-a-camisa-do-Fluminense-em-2023.webp\",\"articleSection\":[\"Fluminense\"],\"inLanguage\":\"pt-BR\",\"potentialAction\":[{\"@type\":\"CommentAction\",\"name\":\"Comment\",\"target\":[\"https:\/\/www.gaveanews.com\/index.php\/2025\/02\/07\/fluminense-jhon-arias-atinge-feito-marcante\/#respond\"]}],\"copyrightYear\":\"2025\",\"copyrightHolder\":{\"@id\":\"https:\/\/www.gaveanews.com\/#organization\"}},{\"@type\":\"WebPage\",\"@id\":\"https:\/\/www.gaveanews.com\/index.php\/2025\/02\/07\/fluminense-jhon-arias-atinge-feito-marcante\/\",\"url\":\"https:\/\/www.gaveanews.com\/index.php\/2025\/02\/07\/fluminense-jhon-arias-atinge-feito-marcante\/\",\"name\":\"Fluminense: Jhon Arias atinge feito marcante\",\"isPartOf\":{\"@id\":\"https:\/\/www.gaveanews.com\/#website\"},\"primaryImageOfPage\":{\"@id\":\"https:\/\/www.gaveanews.com\/index.php\/2025\/02\/07\/fluminense-jhon-arias-atinge-feito-marcante\/#primaryimage\"},\"image\":{\"@id\":\"https:\/\/www.gaveanews.com\/index.php\/2025\/02\/07\/fluminense-jhon-arias-atinge-feito-marcante\/#primaryimage\"},\"thumbnailUrl\":\"https:\/\/www.gaveanews.com\/wp-content\/uploads\/Jhon-Arias-com-a-camisa-do-Fluminense-em-2023.webp\",\"datePublished\":\"2025-02-07T16:10:03+00:00\",\"author\":{\"@id\":\"https:\/\/www.gaveanews.com\/#\/schema\/person\/a9f62fe75380c6bada1b2fc49bc23d69\"},\"breadcrumb\":{\"@id\":\"https:\/\/www.gaveanews.com\/index.php\/2025\/02\/07\/fluminense-jhon-arias-atinge-feito-marcante\/#breadcrumb\"},\"inLanguage\":\"pt-BR\",\"potentialAction\":[{\"@type\":\"ReadAction\",\"target\":[\"https:\/\/www.gaveanews.com\/index.php\/2025\/02\/07\/fluminense-jhon-arias-atinge-feito-marcante\/\"]}]},{\"@type\":\"ImageObject\",\"inLanguage\":\"pt-BR\",\"@id\":\"https:\/\/www.gaveanews.com\/index.php\/2025\/02\/07\/fluminense-jhon-arias-atinge-feito-marcante\/#primaryimage\",\"url\":\"https:\/\/www.gaveanews.com\/wp-content\/uploads\/Jhon-Arias-com-a-camisa-do-Fluminense-em-2023.webp\",\"contentUrl\":\"https:\/\/www.gaveanews.com\/wp-content\/uploads\/Jhon-Arias-com-a-camisa-do-Fluminense-em-2023.webp\",\"width\":872,\"height\":589,\"caption\":\"Jhon Arias com a camisa do Fluminense em 2023 (Foto: Reprodu\u00e7\u00e3o\/Instagram)\"},{\"@type\":\"BreadcrumbList\",\"@id\":\"https:\/\/www.gaveanews.com\/index.php\/2025\/02\/07\/fluminense-jhon-arias-atinge-feito-marcante\/#breadcrumb\",\"itemListElement\":[{\"@type\":\"ListItem\",\"position\":1,\"name\":\"Home\",\"item\":\"https:\/\/www.gaveanews.com\/\"},{\"@type\":\"ListItem\",\"position\":2,\"name\":\"Fluminense: Jhon Arias atinge feito marcante\"}]},{\"@type\":\"WebSite\",\"@id\":\"https:\/\/www.gaveanews.com\/#website\",\"url\":\"https:\/\/www.gaveanews.com\/\",\"name\":\"G\u00e1vea News\",\"description\":\"Veja todas as not\u00edcias sobre o Flamengo: Contrata\u00e7\u00f5es, categorias de base, resultados das partidas, tabela de classifica\u00e7\u00e3o, pr\u00f3ximos jogos!\",\"potentialAction\":[{\"@type\":\"SearchAction\",\"target\":{\"@type\":\"EntryPoint\",\"urlTemplate\":\"https:\/\/www.gaveanews.com\/?s={search_term_string}\"},\"query-input\":{\"@type\":\"PropertyValueSpecification\",\"valueRequired\":true,\"valueName\":\"search_term_string\"}}],\"inLanguage\":\"pt-BR\"},{\"@type\":\"Person\",\"@id\":\"https:\/\/www.gaveanews.com\/#\/schema\/person\/a9f62fe75380c6bada1b2fc49bc23d69\",\"name\":\"Marco Menezes\",\"image\":{\"@type\":\"ImageObject\",\"inLanguage\":\"pt-BR\",\"@id\":\"https:\/\/www.gaveanews.com\/#\/schema\/person\/image\/\",\"url\":\"https:\/\/secure.gravatar.com\/avatar\/a1d148ae17fc8bfc5dbccffd07979e8bd2c9ba494221779de86ec2c7907b71ec?s=96&d=mm&r=g\",\"contentUrl\":\"https:\/\/secure.gravatar.com\/avatar\/a1d148ae17fc8bfc5dbccffd07979e8bd2c9ba494221779de86ec2c7907b71ec?s=96&d=mm&r=g\",\"caption\":\"Marco Menezes\"}}]}<\/script>\n<!-- \/ Yoast SEO Premium plugin. -->","yoast_head_json":{"title":"Fluminense: Jhon Arias atinge feito marcante","robots":{"index":"index","follow":"follow","max-snippet":"max-snippet:-1","max-image-preview":"max-image-preview:large","max-video-preview":"max-video-preview:-1"},"canonical":"https:\/\/www.gaveanews.com\/index.php\/2025\/02\/07\/fluminense-jhon-arias-atinge-feito-marcante\/","og_locale":"pt_BR","og_type":"article","og_title":"Fluminense: Jhon Arias atinge feito marcante","og_description":"Jhon Arias atingiu uma marca importante com a assist\u00eancia para o gol de Thiago Silva na vit\u00f3ria sobre o Vasco da Gama. O atacante colombiano ultrapassou Giorgian De Arrascaeta, do arquirrival Flamengo, em n\u00famero de passes para gol no futebol brasileiro desde 2022. Na \u00faltima quarta-feira (5\/2), o Fluminense bateu o Vasco da Gama por [&hellip;]","og_url":"https:\/\/www.gaveanews.com\/index.php\/2025\/02\/07\/fluminense-jhon-arias-atinge-feito-marcante\/","og_site_name":"G\u00e1vea News","article_publisher":"https:\/\/facebook.com\/gaveaNews\/","article_published_time":"2025-02-07T16:10:03+00:00","og_image":[{"width":872,"height":589,"url":"https:\/\/www.gaveanews.com\/wp-content\/uploads\/Jhon-Arias-com-a-camisa-do-Fluminense-em-2023.webp","type":"image\/jpeg"}],"author":"Marco Menezes","twitter_card":"summary_large_image","twitter_misc":{"Escrito por":"Marco Menezes","Est. tempo de leitura":"3 minutos"},"schema":{"@context":"https:\/\/schema.org","@graph":[{"@type":"NewsArticle","@id":"https:\/\/www.gaveanews.com\/index.php\/2025\/02\/07\/fluminense-jhon-arias-atinge-feito-marcante\/#article","isPartOf":{"@id":"https:\/\/www.gaveanews.com\/index.php\/2025\/02\/07\/fluminense-jhon-arias-atinge-feito-marcante\/"},"author":{"name":"Marco Menezes","@id":"https:\/\/www.gaveanews.com\/#\/schema\/person\/a9f62fe75380c6bada1b2fc49bc23d69"},"headline":"Fluminense: Jhon Arias atinge feito marcante","datePublished":"2025-02-07T16:10:03+00:00","mainEntityOfPage":{"@id":"https:\/\/www.gaveanews.com\/index.php\/2025\/02\/07\/fluminense-jhon-arias-atinge-feito-marcante\/"},"wordCount":391,"commentCount":0,"image":{"@id":"https:\/\/www.gaveanews.com\/index.php\/2025\/02\/07\/fluminense-jhon-arias-atinge-feito-marcante\/#primaryimage"},"thumbnailUrl":"https:\/\/www.gaveanews.com\/wp-content\/uploads\/Jhon-Arias-com-a-camisa-do-Fluminense-em-2023.webp","articleSection":["Fluminense"],"inLanguage":"pt-BR","potentialAction":[{"@type":"CommentAction","name":"Comment","target":["https:\/\/www.gaveanews.com\/index.php\/2025\/02\/07\/fluminense-jhon-arias-atinge-feito-marcante\/#respond"]}],"copyrightYear":"2025","copyrightHolder":{"@id":"https:\/\/www.gaveanews.com\/#organization"}},{"@type":"WebPage","@id":"https:\/\/www.gaveanews.com\/index.php\/2025\/02\/07\/fluminense-jhon-arias-atinge-feito-marcante\/","url":"https:\/\/www.gaveanews.com\/index.php\/2025\/02\/07\/fluminense-jhon-arias-atinge-feito-marcante\/","name":"Fluminense: Jhon Arias atinge feito marcante","isPartOf":{"@id":"https:\/\/www.gaveanews.com\/#website"},"primaryImageOfPage":{"@id":"https:\/\/www.gaveanews.com\/index.php\/2025\/02\/07\/fluminense-jhon-arias-atinge-feito-marcante\/#primaryimage"},"image":{"@id":"https:\/\/www.gaveanews.com\/index.php\/2025\/02\/07\/fluminense-jhon-arias-atinge-feito-marcante\/#primaryimage"},"thumbnailUrl":"https:\/\/www.gaveanews.com\/wp-content\/uploads\/Jhon-Arias-com-a-camisa-do-Fluminense-em-2023.webp","datePublished":"2025-02-07T16:10:03+00:00","author":{"@id":"https:\/\/www.gaveanews.com\/#\/schema\/person\/a9f62fe75380c6bada1b2fc49bc23d69"},"breadcrumb":{"@id":"https:\/\/www.gaveanews.com\/index.php\/2025\/02\/07\/fluminense-jhon-arias-atinge-feito-marcante\/#breadcrumb"},"inLanguage":"pt-BR","potentialAction":[{"@type":"ReadAction","target":["https:\/\/www.gaveanews.com\/index.php\/2025\/02\/07\/fluminense-jhon-arias-atinge-feito-marcante\/"]}]},{"@type":"ImageObject","inLanguage":"pt-BR","@id":"https:\/\/www.gaveanews.com\/index.php\/2025\/02\/07\/fluminense-jhon-arias-atinge-feito-marcante\/#primaryimage","url":"https:\/\/www.gaveanews.com\/wp-content\/uploads\/Jhon-Arias-com-a-camisa-do-Fluminense-em-2023.webp","contentUrl":"https:\/\/www.gaveanews.com\/wp-content\/uploads\/Jhon-Arias-com-a-camisa-do-Fluminense-em-2023.webp","width":872,"height":589,"caption":"Jhon Arias com a camisa do Fluminense em 2023 (Foto: Reprodu\u00e7\u00e3o\/Instagram)"},{"@type":"BreadcrumbList","@id":"https:\/\/www.gaveanews.com\/index.php\/2025\/02\/07\/fluminense-jhon-arias-atinge-feito-marcante\/#breadcrumb","itemListElement":[{"@type":"ListItem","position":1,"name":"Home","item":"https:\/\/www.gaveanews.com\/"},{"@type":"ListItem","position":2,"name":"Fluminense: Jhon Arias atinge feito marcante"}]},{"@type":"WebSite","@id":"https:\/\/www.gaveanews.com\/#website","url":"https:\/\/www.gaveanews.com\/","name":"G\u00e1vea News","description":"Veja todas as not\u00edcias sobre o Flamengo: Contrata\u00e7\u00f5es, categorias de base, resultados das partidas, tabela de classifica\u00e7\u00e3o, pr\u00f3ximos jogos!","potentialAction":[{"@type":"SearchAction","target":{"@type":"EntryPoint","urlTemplate":"https:\/\/www.gaveanews.com\/?s={search_term_string}"},"query-input":{"@type":"PropertyValueSpecification","valueRequired":true,"valueName":"search_term_string"}}],"inLanguage":"pt-BR"},{"@type":"Person","@id":"https:\/\/www.gaveanews.com\/#\/schema\/person\/a9f62fe75380c6bada1b2fc49bc23d69","name":"Marco Menezes","image":{"@type":"ImageObject","inLanguage":"pt-BR","@id":"https:\/\/www.gaveanews.com\/#\/schema\/person\/image\/","url":"https:\/\/secure.gravatar.com\/avatar\/a1d148ae17fc8bfc5dbccffd07979e8bd2c9ba494221779de86ec2c7907b71ec?s=96&d=mm&r=g","contentUrl":"https:\/\/secure.gravatar.com\/avatar\/a1d148ae17fc8bfc5dbccffd07979e8bd2c9ba494221779de86ec2c7907b71ec?s=96&d=mm&r=g","caption":"Marco Menezes"}}]}},"_links":{"self":[{"href":"https:\/\/www.gaveanews.com\/index.php\/wp-json\/wp\/v2\/posts\/224654","targetHints":{"allow":["GET"]}}],"collection":[{"href":"https:\/\/www.gaveanews.com\/index.php\/wp-json\/wp\/v2\/posts"}],"about":[{"href":"https:\/\/www.gaveanews.com\/index.php\/wp-json\/wp\/v2\/types\/post"}],"author":[{"embeddable":true,"href":"https:\/\/www.gaveanews.com\/index.php\/wp-json\/wp\/v2\/users\/29"}],"replies":[{"embeddable":true,"href":"https:\/\/www.gaveanews.com\/index.php\/wp-json\/wp\/v2\/comments?post=224654"}],"version-history":[{"count":1,"href":"https:\/\/www.gaveanews.com\/index.php\/wp-json\/wp\/v2\/posts\/224654\/revisions"}],"predecessor-version":[{"id":224655,"href":"https:\/\/www.gaveanews.com\/index.php\/wp-json\/wp\/v2\/posts\/224654\/revisions\/224655"}],"wp:featuredmedia":[{"embeddable":true,"href":"https:\/\/www.gaveanews.com\/index.php\/wp-json\/wp\/v2\/media\/154696"}],"wp:attachment":[{"href":"https:\/\/www.gaveanews.com\/index.php\/wp-json\/wp\/v2\/media?parent=224654"}],"wp:term":[{"taxonomy":"category","embeddable":true,"href":"https:\/\/www.gaveanews.com\/index.php\/wp-json\/wp\/v2\/categories?post=224654"},{"taxonomy":"post_tag","embeddable":true,"href":"https:\/\/www.gaveanews.com\/index.php\/wp-json\/wp\/v2\/tags?post=224654"}],"curies":[{"name":"wp","href":"https:\/\/api.w.org\/{rel}","templated":true}]}}