{"id":224672,"date":"2025-02-07T12:30:18","date_gmt":"2025-02-07T15:30:18","guid":{"rendered":"https:\/\/www.gaveanews.com\/?p=224672"},"modified":"2025-02-07T10:30:33","modified_gmt":"2025-02-07T13:30:33","slug":"ele-jogou-lesionado-e-ainda-foi-campeao-pelo-flamengo","status":"publish","type":"post","link":"https:\/\/www.gaveanews.com\/index.php\/2025\/02\/07\/ele-jogou-lesionado-e-ainda-foi-campeao-pelo-flamengo\/","title":{"rendered":"Ele jogou lesionado e ainda foi campe\u00e3o pelo Flamengo"},"content":{"rendered":"\n<p>Rodrigo Caio, um dos grandes \u00eddolos recentes da hist\u00f3ria do Flamengo, tem uma trajet\u00f3ria marcada por conquistas, dedica\u00e7\u00e3o e supera\u00e7\u00e3o. O zagueiro n\u00e3o s\u00f3 foi fundamental para a constru\u00e7\u00e3o da Era de conquistas do clube, como tamb\u00e9m enfrentou adversidades que poucos jogadores teriam coragem de suportar.<\/p>\n\n\n\n<p>Uma hist\u00f3ria revelada por M\u00e1rcio Tannure, ex-m\u00e9dico do clube, trouxe \u00e0 tona um momento decisivo na carreira do defensor: a &#8216;final&#8217; do Campeonato Brasileiro de 2020, quando ele atuou no sacrif\u00edcio e se tornou ainda mais reverenciado pelos torcedores.<\/p>\n\n\n\n<h2 class=\"wp-block-heading\" id=\"h-jogo-no-sacrificio\">Jogo no sacrif\u00edcio<\/h2>\n\n\n\n<p>O epis\u00f3dio ocorrido na reta final do Campeonato Brasileiro de 2020 \u00e9 emblem\u00e1tico. Durante a partida crucial contra o S\u00e3o Paulo, Rodrigo Caio entrou em campo com uma grave les\u00e3o no adutor, algo que poderia ter afastado qualquer jogador de uma decis\u00e3o t\u00e3o importante.&nbsp;<\/p>\n\n\n\n<p>De acordo com o ex-m\u00e9dico do Flamengo, M\u00e1rcio Tannure, o defensor estava ciente da gravidade da les\u00e3o, mas se recusou a deixar o time na m\u00e3o.&nbsp;<\/p>\n\n\n\n<p>&#8220;Ele estava com uma les\u00e3o gigante no adutor. Ele dava o sangue pelo Flamengo&#8221;, contou Tannure durante sua participa\u00e7\u00e3o no Charla Podcast.<\/p>\n\n\n\n<p>\u201cEle foi jogar sabendo. Foi pelo clube\u201d, ressaltou Tannure, demonstrando o car\u00e1ter guerreiro do jogador. Essa atitude, no entanto, n\u00e3o foi isolada.&nbsp;<\/p>\n\n\n\n<p>Ele j\u00e1 havia enfrentado outras batalhas com les\u00f5es ao longo da carreira, mostrando que seu comprometimento com o Flamengo sempre foi inquestion\u00e1vel.<\/p>\n\n\n\n<h2 class=\"wp-block-heading\" id=\"h-o-potencial-de-rodrigo-caio-e-as-lesoes\">O potencial de Rodrigo Caio e as les\u00f5es<\/h2>\n\n\n\n<p>Vale destacar que, segundo Tannure, as les\u00f5es que marcaram a trajet\u00f3ria de Rodrigo Caio foram as grandes respons\u00e1veis por sua perman\u00eancia no Flamengo.&nbsp;<\/p>\n\n\n\n<p>&#8220;Se n\u00e3o fossem as les\u00f5es, ele nem teria jogado no Flamengo&#8221;, afirmou. Isso porque o n\u00edvel de Rodrigo Caio sempre foi muito superior ao de muitos outros jogadores, e sua qualidade t\u00e9cnica era indiscut\u00edvel.&nbsp;<\/p>\n\n\n\n<p>\u201cEstava muito acima dos outros\u201d, comentou o ex-m\u00e9dico do Flamengo. Tannure tamb\u00e9m apontou que uma das primeiras les\u00f5es graves, ainda nas categorias de base do S\u00e3o Paulo, foi a respons\u00e1vel por desencadear uma s\u00e9rie de problemas f\u00edsicos.<\/p>\n","protected":false},"excerpt":{"rendered":"<p>Rodrigo Caio, um dos grandes \u00eddolos recentes da hist\u00f3ria do Flamengo, tem uma trajet\u00f3ria marcada por conquistas, dedica\u00e7\u00e3o e supera\u00e7\u00e3o. O zagueiro n\u00e3o s\u00f3 foi fundamental para a constru\u00e7\u00e3o da Era de conquistas do clube, como tamb\u00e9m enfrentou adversidades que poucos jogadores teriam coragem de suportar. Uma hist\u00f3ria revelada por M\u00e1rcio Tannure, ex-m\u00e9dico do clube, [&hellip;]<\/p>\n","protected":false},"author":25,"featured_media":123691,"comment_status":"open","ping_status":"closed","sticky":false,"template":"","format":"standard","meta":{"footnotes":""},"categories":[1],"tags":[],"class_list":["post-224672","post","type-post","status-publish","format-standard","has-post-thumbnail","hentry","category-flamengo"],"yoast_head":"<!-- This site is optimized with the Yoast SEO Premium plugin v24.2 (Yoast SEO v26.9) - https:\/\/yoast.com\/product\/yoast-seo-premium-wordpress\/ -->\n<title>Ele jogou lesionado e ainda foi campe\u00e3o pelo Flamengo<\/title>\n<meta name=\"robots\" content=\"index, follow, max-snippet:-1, max-image-preview:large, max-video-preview:-1\" \/>\n<link rel=\"canonical\" href=\"https:\/\/www.gaveanews.com\/index.php\/2025\/02\/07\/ele-jogou-lesionado-e-ainda-foi-campeao-pelo-flamengo\/\" \/>\n<meta property=\"og:locale\" content=\"pt_BR\" \/>\n<meta property=\"og:type\" content=\"article\" \/>\n<meta property=\"og:title\" content=\"Ele jogou lesionado e ainda foi campe\u00e3o pelo Flamengo\" \/>\n<meta property=\"og:description\" content=\"Rodrigo Caio, um dos grandes \u00eddolos recentes da hist\u00f3ria do Flamengo, tem uma trajet\u00f3ria marcada por conquistas, dedica\u00e7\u00e3o e supera\u00e7\u00e3o. O zagueiro n\u00e3o s\u00f3 foi fundamental para a constru\u00e7\u00e3o da Era de conquistas do clube, como tamb\u00e9m enfrentou adversidades que poucos jogadores teriam coragem de suportar. Uma hist\u00f3ria revelada por M\u00e1rcio Tannure, ex-m\u00e9dico do clube, [&hellip;]\" \/>\n<meta property=\"og:url\" content=\"https:\/\/www.gaveanews.com\/index.php\/2025\/02\/07\/ele-jogou-lesionado-e-ainda-foi-campeao-pelo-flamengo\/\" \/>\n<meta property=\"og:site_name\" content=\"G\u00e1vea News\" \/>\n<meta property=\"article:publisher\" content=\"https:\/\/facebook.com\/gaveaNews\/\" \/>\n<meta property=\"article:published_time\" content=\"2025-02-07T15:30:18+00:00\" \/>\n<meta property=\"og:image\" content=\"https:\/\/www.gaveanews.com\/wp-content\/uploads\/flamengo.webp\" \/>\n\t<meta property=\"og:image:width\" content=\"799\" \/>\n\t<meta property=\"og:image:height\" content=\"532\" \/>\n\t<meta property=\"og:image:type\" content=\"image\/webp\" \/>\n<meta name=\"author\" content=\"Rafaela Ladeira\" \/>\n<meta name=\"twitter:card\" content=\"summary_large_image\" \/>\n<meta name=\"twitter:label1\" content=\"Escrito por\" \/>\n\t<meta name=\"twitter:data1\" content=\"Rafaela Ladeira\" \/>\n\t<meta name=\"twitter:label2\" content=\"Est. tempo de leitura\" \/>\n\t<meta name=\"twitter:data2\" content=\"3 minutos\" \/>\n<script type=\"application\/ld+json\" class=\"yoast-schema-graph\">{\"@context\":\"https:\/\/schema.org\",\"@graph\":[{\"@type\":\"NewsArticle\",\"@id\":\"https:\/\/www.gaveanews.com\/index.php\/2025\/02\/07\/ele-jogou-lesionado-e-ainda-foi-campeao-pelo-flamengo\/#article\",\"isPartOf\":{\"@id\":\"https:\/\/www.gaveanews.com\/index.php\/2025\/02\/07\/ele-jogou-lesionado-e-ainda-foi-campeao-pelo-flamengo\/\"},\"author\":{\"name\":\"Rafaela Ladeira\",\"@id\":\"https:\/\/www.gaveanews.com\/#\/schema\/person\/0eb3e3fe1754f0205218538adbe8f5ed\"},\"headline\":\"Ele jogou lesionado e ainda foi campe\u00e3o pelo Flamengo\",\"datePublished\":\"2025-02-07T15:30:18+00:00\",\"mainEntityOfPage\":{\"@id\":\"https:\/\/www.gaveanews.com\/index.php\/2025\/02\/07\/ele-jogou-lesionado-e-ainda-foi-campeao-pelo-flamengo\/\"},\"wordCount\":382,\"commentCount\":0,\"image\":{\"@id\":\"https:\/\/www.gaveanews.com\/index.php\/2025\/02\/07\/ele-jogou-lesionado-e-ainda-foi-campeao-pelo-flamengo\/#primaryimage\"},\"thumbnailUrl\":\"https:\/\/www.gaveanews.com\/wp-content\/uploads\/flamengo.webp\",\"articleSection\":[\"Flamengo\"],\"inLanguage\":\"pt-BR\",\"potentialAction\":[{\"@type\":\"CommentAction\",\"name\":\"Comment\",\"target\":[\"https:\/\/www.gaveanews.com\/index.php\/2025\/02\/07\/ele-jogou-lesionado-e-ainda-foi-campeao-pelo-flamengo\/#respond\"]}],\"copyrightYear\":\"2025\",\"copyrightHolder\":{\"@id\":\"https:\/\/www.gaveanews.com\/#organization\"}},{\"@type\":\"WebPage\",\"@id\":\"https:\/\/www.gaveanews.com\/index.php\/2025\/02\/07\/ele-jogou-lesionado-e-ainda-foi-campeao-pelo-flamengo\/\",\"url\":\"https:\/\/www.gaveanews.com\/index.php\/2025\/02\/07\/ele-jogou-lesionado-e-ainda-foi-campeao-pelo-flamengo\/\",\"name\":\"Ele jogou lesionado e ainda foi campe\u00e3o pelo Flamengo\",\"isPartOf\":{\"@id\":\"https:\/\/www.gaveanews.com\/#website\"},\"primaryImageOfPage\":{\"@id\":\"https:\/\/www.gaveanews.com\/index.php\/2025\/02\/07\/ele-jogou-lesionado-e-ainda-foi-campeao-pelo-flamengo\/#primaryimage\"},\"image\":{\"@id\":\"https:\/\/www.gaveanews.com\/index.php\/2025\/02\/07\/ele-jogou-lesionado-e-ainda-foi-campeao-pelo-flamengo\/#primaryimage\"},\"thumbnailUrl\":\"https:\/\/www.gaveanews.com\/wp-content\/uploads\/flamengo.webp\",\"datePublished\":\"2025-02-07T15:30:18+00:00\",\"author\":{\"@id\":\"https:\/\/www.gaveanews.com\/#\/schema\/person\/0eb3e3fe1754f0205218538adbe8f5ed\"},\"breadcrumb\":{\"@id\":\"https:\/\/www.gaveanews.com\/index.php\/2025\/02\/07\/ele-jogou-lesionado-e-ainda-foi-campeao-pelo-flamengo\/#breadcrumb\"},\"inLanguage\":\"pt-BR\",\"potentialAction\":[{\"@type\":\"ReadAction\",\"target\":[\"https:\/\/www.gaveanews.com\/index.php\/2025\/02\/07\/ele-jogou-lesionado-e-ainda-foi-campeao-pelo-flamengo\/\"]}]},{\"@type\":\"ImageObject\",\"inLanguage\":\"pt-BR\",\"@id\":\"https:\/\/www.gaveanews.com\/index.php\/2025\/02\/07\/ele-jogou-lesionado-e-ainda-foi-campeao-pelo-flamengo\/#primaryimage\",\"url\":\"https:\/\/www.gaveanews.com\/wp-content\/uploads\/flamengo.webp\",\"contentUrl\":\"https:\/\/www.gaveanews.com\/wp-content\/uploads\/flamengo.webp\",\"width\":799,\"height\":532,\"caption\":\"Centro de treinamento do Flamengo (Foto: Reprodu\u00e7\u00e3o)\"},{\"@type\":\"BreadcrumbList\",\"@id\":\"https:\/\/www.gaveanews.com\/index.php\/2025\/02\/07\/ele-jogou-lesionado-e-ainda-foi-campeao-pelo-flamengo\/#breadcrumb\",\"itemListElement\":[{\"@type\":\"ListItem\",\"position\":1,\"name\":\"Home\",\"item\":\"https:\/\/www.gaveanews.com\/\"},{\"@type\":\"ListItem\",\"position\":2,\"name\":\"Ele jogou lesionado e ainda foi campe\u00e3o pelo Flamengo\"}]},{\"@type\":\"WebSite\",\"@id\":\"https:\/\/www.gaveanews.com\/#website\",\"url\":\"https:\/\/www.gaveanews.com\/\",\"name\":\"G\u00e1vea News\",\"description\":\"Veja todas as not\u00edcias sobre o Flamengo: Contrata\u00e7\u00f5es, categorias de base, resultados das partidas, tabela de classifica\u00e7\u00e3o, pr\u00f3ximos jogos!\",\"potentialAction\":[{\"@type\":\"SearchAction\",\"target\":{\"@type\":\"EntryPoint\",\"urlTemplate\":\"https:\/\/www.gaveanews.com\/?s={search_term_string}\"},\"query-input\":{\"@type\":\"PropertyValueSpecification\",\"valueRequired\":true,\"valueName\":\"search_term_string\"}}],\"inLanguage\":\"pt-BR\"},{\"@type\":\"Person\",\"@id\":\"https:\/\/www.gaveanews.com\/#\/schema\/person\/0eb3e3fe1754f0205218538adbe8f5ed\",\"name\":\"Rafaela Ladeira\",\"image\":{\"@type\":\"ImageObject\",\"inLanguage\":\"pt-BR\",\"@id\":\"https:\/\/www.gaveanews.com\/#\/schema\/person\/image\/\",\"url\":\"https:\/\/secure.gravatar.com\/avatar\/c31f513acffd85eacab5730cbdfdbbf59f21ba5aeada8cd890acea879fbb2455?s=96&d=mm&r=g\",\"contentUrl\":\"https:\/\/secure.gravatar.com\/avatar\/c31f513acffd85eacab5730cbdfdbbf59f21ba5aeada8cd890acea879fbb2455?s=96&d=mm&r=g\",\"caption\":\"Rafaela Ladeira\"}}]}<\/script>\n<!-- \/ Yoast SEO Premium plugin. -->","yoast_head_json":{"title":"Ele jogou lesionado e ainda foi campe\u00e3o pelo Flamengo","robots":{"index":"index","follow":"follow","max-snippet":"max-snippet:-1","max-image-preview":"max-image-preview:large","max-video-preview":"max-video-preview:-1"},"canonical":"https:\/\/www.gaveanews.com\/index.php\/2025\/02\/07\/ele-jogou-lesionado-e-ainda-foi-campeao-pelo-flamengo\/","og_locale":"pt_BR","og_type":"article","og_title":"Ele jogou lesionado e ainda foi campe\u00e3o pelo Flamengo","og_description":"Rodrigo Caio, um dos grandes \u00eddolos recentes da hist\u00f3ria do Flamengo, tem uma trajet\u00f3ria marcada por conquistas, dedica\u00e7\u00e3o e supera\u00e7\u00e3o. O zagueiro n\u00e3o s\u00f3 foi fundamental para a constru\u00e7\u00e3o da Era de conquistas do clube, como tamb\u00e9m enfrentou adversidades que poucos jogadores teriam coragem de suportar. Uma hist\u00f3ria revelada por M\u00e1rcio Tannure, ex-m\u00e9dico do clube, [&hellip;]","og_url":"https:\/\/www.gaveanews.com\/index.php\/2025\/02\/07\/ele-jogou-lesionado-e-ainda-foi-campeao-pelo-flamengo\/","og_site_name":"G\u00e1vea News","article_publisher":"https:\/\/facebook.com\/gaveaNews\/","article_published_time":"2025-02-07T15:30:18+00:00","og_image":[{"width":799,"height":532,"url":"https:\/\/www.gaveanews.com\/wp-content\/uploads\/flamengo.webp","type":"image\/webp"}],"author":"Rafaela Ladeira","twitter_card":"summary_large_image","twitter_misc":{"Escrito por":"Rafaela Ladeira","Est. tempo de leitura":"3 minutos"},"schema":{"@context":"https:\/\/schema.org","@graph":[{"@type":"NewsArticle","@id":"https:\/\/www.gaveanews.com\/index.php\/2025\/02\/07\/ele-jogou-lesionado-e-ainda-foi-campeao-pelo-flamengo\/#article","isPartOf":{"@id":"https:\/\/www.gaveanews.com\/index.php\/2025\/02\/07\/ele-jogou-lesionado-e-ainda-foi-campeao-pelo-flamengo\/"},"author":{"name":"Rafaela Ladeira","@id":"https:\/\/www.gaveanews.com\/#\/schema\/person\/0eb3e3fe1754f0205218538adbe8f5ed"},"headline":"Ele jogou lesionado e ainda foi campe\u00e3o pelo Flamengo","datePublished":"2025-02-07T15:30:18+00:00","mainEntityOfPage":{"@id":"https:\/\/www.gaveanews.com\/index.php\/2025\/02\/07\/ele-jogou-lesionado-e-ainda-foi-campeao-pelo-flamengo\/"},"wordCount":382,"commentCount":0,"image":{"@id":"https:\/\/www.gaveanews.com\/index.php\/2025\/02\/07\/ele-jogou-lesionado-e-ainda-foi-campeao-pelo-flamengo\/#primaryimage"},"thumbnailUrl":"https:\/\/www.gaveanews.com\/wp-content\/uploads\/flamengo.webp","articleSection":["Flamengo"],"inLanguage":"pt-BR","potentialAction":[{"@type":"CommentAction","name":"Comment","target":["https:\/\/www.gaveanews.com\/index.php\/2025\/02\/07\/ele-jogou-lesionado-e-ainda-foi-campeao-pelo-flamengo\/#respond"]}],"copyrightYear":"2025","copyrightHolder":{"@id":"https:\/\/www.gaveanews.com\/#organization"}},{"@type":"WebPage","@id":"https:\/\/www.gaveanews.com\/index.php\/2025\/02\/07\/ele-jogou-lesionado-e-ainda-foi-campeao-pelo-flamengo\/","url":"https:\/\/www.gaveanews.com\/index.php\/2025\/02\/07\/ele-jogou-lesionado-e-ainda-foi-campeao-pelo-flamengo\/","name":"Ele jogou lesionado e ainda foi campe\u00e3o pelo Flamengo","isPartOf":{"@id":"https:\/\/www.gaveanews.com\/#website"},"primaryImageOfPage":{"@id":"https:\/\/www.gaveanews.com\/index.php\/2025\/02\/07\/ele-jogou-lesionado-e-ainda-foi-campeao-pelo-flamengo\/#primaryimage"},"image":{"@id":"https:\/\/www.gaveanews.com\/index.php\/2025\/02\/07\/ele-jogou-lesionado-e-ainda-foi-campeao-pelo-flamengo\/#primaryimage"},"thumbnailUrl":"https:\/\/www.gaveanews.com\/wp-content\/uploads\/flamengo.webp","datePublished":"2025-02-07T15:30:18+00:00","author":{"@id":"https:\/\/www.gaveanews.com\/#\/schema\/person\/0eb3e3fe1754f0205218538adbe8f5ed"},"breadcrumb":{"@id":"https:\/\/www.gaveanews.com\/index.php\/2025\/02\/07\/ele-jogou-lesionado-e-ainda-foi-campeao-pelo-flamengo\/#breadcrumb"},"inLanguage":"pt-BR","potentialAction":[{"@type":"ReadAction","target":["https:\/\/www.gaveanews.com\/index.php\/2025\/02\/07\/ele-jogou-lesionado-e-ainda-foi-campeao-pelo-flamengo\/"]}]},{"@type":"ImageObject","inLanguage":"pt-BR","@id":"https:\/\/www.gaveanews.com\/index.php\/2025\/02\/07\/ele-jogou-lesionado-e-ainda-foi-campeao-pelo-flamengo\/#primaryimage","url":"https:\/\/www.gaveanews.com\/wp-content\/uploads\/flamengo.webp","contentUrl":"https:\/\/www.gaveanews.com\/wp-content\/uploads\/flamengo.webp","width":799,"height":532,"caption":"Centro de treinamento do Flamengo (Foto: Reprodu\u00e7\u00e3o)"},{"@type":"BreadcrumbList","@id":"https:\/\/www.gaveanews.com\/index.php\/2025\/02\/07\/ele-jogou-lesionado-e-ainda-foi-campeao-pelo-flamengo\/#breadcrumb","itemListElement":[{"@type":"ListItem","position":1,"name":"Home","item":"https:\/\/www.gaveanews.com\/"},{"@type":"ListItem","position":2,"name":"Ele jogou lesionado e ainda foi campe\u00e3o pelo Flamengo"}]},{"@type":"WebSite","@id":"https:\/\/www.gaveanews.com\/#website","url":"https:\/\/www.gaveanews.com\/","name":"G\u00e1vea News","description":"Veja todas as not\u00edcias sobre o Flamengo: Contrata\u00e7\u00f5es, categorias de base, resultados das partidas, tabela de classifica\u00e7\u00e3o, pr\u00f3ximos jogos!","potentialAction":[{"@type":"SearchAction","target":{"@type":"EntryPoint","urlTemplate":"https:\/\/www.gaveanews.com\/?s={search_term_string}"},"query-input":{"@type":"PropertyValueSpecification","valueRequired":true,"valueName":"search_term_string"}}],"inLanguage":"pt-BR"},{"@type":"Person","@id":"https:\/\/www.gaveanews.com\/#\/schema\/person\/0eb3e3fe1754f0205218538adbe8f5ed","name":"Rafaela Ladeira","image":{"@type":"ImageObject","inLanguage":"pt-BR","@id":"https:\/\/www.gaveanews.com\/#\/schema\/person\/image\/","url":"https:\/\/secure.gravatar.com\/avatar\/c31f513acffd85eacab5730cbdfdbbf59f21ba5aeada8cd890acea879fbb2455?s=96&d=mm&r=g","contentUrl":"https:\/\/secure.gravatar.com\/avatar\/c31f513acffd85eacab5730cbdfdbbf59f21ba5aeada8cd890acea879fbb2455?s=96&d=mm&r=g","caption":"Rafaela Ladeira"}}]}},"_links":{"self":[{"href":"https:\/\/www.gaveanews.com\/index.php\/wp-json\/wp\/v2\/posts\/224672","targetHints":{"allow":["GET"]}}],"collection":[{"href":"https:\/\/www.gaveanews.com\/index.php\/wp-json\/wp\/v2\/posts"}],"about":[{"href":"https:\/\/www.gaveanews.com\/index.php\/wp-json\/wp\/v2\/types\/post"}],"author":[{"embeddable":true,"href":"https:\/\/www.gaveanews.com\/index.php\/wp-json\/wp\/v2\/users\/25"}],"replies":[{"embeddable":true,"href":"https:\/\/www.gaveanews.com\/index.php\/wp-json\/wp\/v2\/comments?post=224672"}],"version-history":[{"count":2,"href":"https:\/\/www.gaveanews.com\/index.php\/wp-json\/wp\/v2\/posts\/224672\/revisions"}],"predecessor-version":[{"id":224685,"href":"https:\/\/www.gaveanews.com\/index.php\/wp-json\/wp\/v2\/posts\/224672\/revisions\/224685"}],"wp:featuredmedia":[{"embeddable":true,"href":"https:\/\/www.gaveanews.com\/index.php\/wp-json\/wp\/v2\/media\/123691"}],"wp:attachment":[{"href":"https:\/\/www.gaveanews.com\/index.php\/wp-json\/wp\/v2\/media?parent=224672"}],"wp:term":[{"taxonomy":"category","embeddable":true,"href":"https:\/\/www.gaveanews.com\/index.php\/wp-json\/wp\/v2\/categories?post=224672"},{"taxonomy":"post_tag","embeddable":true,"href":"https:\/\/www.gaveanews.com\/index.php\/wp-json\/wp\/v2\/tags?post=224672"}],"curies":[{"name":"wp","href":"https:\/\/api.w.org\/{rel}","templated":true}]}}