{"id":224678,"date":"2025-02-07T13:30:14","date_gmt":"2025-02-07T16:30:14","guid":{"rendered":"https:\/\/www.gaveanews.com\/?p=224678"},"modified":"2025-02-07T11:46:47","modified_gmt":"2025-02-07T14:46:47","slug":"flamengo-toma-decisao-importante-para-evitar-saida-de-titulares","status":"publish","type":"post","link":"https:\/\/www.gaveanews.com\/index.php\/2025\/02\/07\/flamengo-toma-decisao-importante-para-evitar-saida-de-titulares\/","title":{"rendered":"Flamengo toma decis\u00e3o importante para evitar sa\u00edda de titulares"},"content":{"rendered":"\n<p>Com a aten\u00e7\u00e3o voltada para a disputa do Campeonato Carioca, o Flamengo sabe que o sucesso dentro de campo depende tamb\u00e9m das decis\u00f5es fora das quatro linhas.&nbsp;<\/p>\n\n\n\n<p>Em meio \u00e0 janela de transfer\u00eancias, o clube tomou uma medida crucial para garantir a perman\u00eancia de seus principais jogadores e se blindou contra qualquer investida que pudesse desfalcar o elenco.&nbsp;<\/p>\n\n\n\n<p>O principal foco agora \u00e9 manter a base forte para a temporada e garantir a continuidade dos atletas fundamentais no elenco.<\/p>\n\n\n\n<h2 class=\"wp-block-heading\" id=\"h-flamengo-se-blinda-de-assedio-a-wesley\">Flamengo se blinda de ass\u00e9dio a Wesley<\/h2>\n\n\n\n<figure class=\"wp-block-image size-large\"><img loading=\"lazy\" decoding=\"async\" width=\"1024\" height=\"576\" src=\"http:\/\/www.gaveanews.com\/wp-content\/uploads\/GgZnA0yXYAAykTp-1024x576.webp\" alt=\"Lateral Wesley, do Flamengo\" class=\"wp-image-207524\" srcset=\"https:\/\/www.gaveanews.com\/wp-content\/uploads\/GgZnA0yXYAAykTp-1024x576.webp 1024w, https:\/\/www.gaveanews.com\/wp-content\/uploads\/GgZnA0yXYAAykTp-300x169.webp 300w, https:\/\/www.gaveanews.com\/wp-content\/uploads\/GgZnA0yXYAAykTp-768x432.webp 768w, https:\/\/www.gaveanews.com\/wp-content\/uploads\/GgZnA0yXYAAykTp-1536x864.webp 1536w, https:\/\/www.gaveanews.com\/wp-content\/uploads\/GgZnA0yXYAAykTp-747x420.webp 747w, https:\/\/www.gaveanews.com\/wp-content\/uploads\/GgZnA0yXYAAykTp-1493x840.webp 1493w, https:\/\/www.gaveanews.com\/wp-content\/uploads\/GgZnA0yXYAAykTp-640x360.webp 640w, https:\/\/www.gaveanews.com\/wp-content\/uploads\/GgZnA0yXYAAykTp-1280x720.webp 1280w, https:\/\/www.gaveanews.com\/wp-content\/uploads\/GgZnA0yXYAAykTp-681x383.webp 681w, https:\/\/www.gaveanews.com\/wp-content\/uploads\/GgZnA0yXYAAykTp-1362x766.webp 1362w, https:\/\/www.gaveanews.com\/wp-content\/uploads\/GgZnA0yXYAAykTp-100x56.webp 100w, https:\/\/www.gaveanews.com\/wp-content\/uploads\/GgZnA0yXYAAykTp.webp 1920w\" sizes=\"auto, (max-width: 1024px) 100vw, 1024px\" \/><figcaption class=\"wp-element-caption\">Lateral Wesley, do Flamengo (Foto: Divulga\u00e7\u00e3o)<\/figcaption><\/figure>\n\n\n\n<p>Al\u00e9m disso, o jogador que mais despertou interesse na atual janela de transfer\u00eancias foi Wesley. O atacante recebeu uma proposta do Zenit, da R\u00fassia, na casa dos 25 milh\u00f5es de euros (cerca de R$ 149,8 milh\u00f5es).&nbsp;<\/p>\n\n\n\n<p>No entanto, o Flamengo se manteve firme e recusou a oferta, determinando a perman\u00eancia do jogador. A diretoria rubro-negra tamb\u00e9m se mostrou inflex\u00edvel em rela\u00e7\u00e3o a outras propostas, com o discurso de \u201cchance zero\u201d para perder algum atleta relevante no elenco, como afirmou o diretor de futebol Jos\u00e9 Boto.<\/p>\n\n\n\n<h2 class=\"wp-block-heading\" id=\"h-filipe-luis-e-o-pedido-por-estabilidade-no-elenco\">Filipe Lu\u00eds e o pedido por estabilidade no elenco<\/h2>\n\n\n\n<p>Cabe ressaltar que a blindagem do elenco tamb\u00e9m teve o respaldo do t\u00e9cnico Filipe Lu\u00eds, que pediu para que os jogadores essenciais n\u00e3o sa\u00edssem neste in\u00edcio de temporada.&nbsp;<\/p>\n\n\n\n<p>O treinador acredita que, para seguir competindo em alto n\u00edvel, \u00e9 fundamental manter o grupo coeso. Por isso, a recusa de propostas, at\u00e9 ent\u00e3o, foi uma a\u00e7\u00e3o importante para preservar a estrutura do time.<\/p>\n\n\n\n<h2 class=\"wp-block-heading\" id=\"h-atencao-voltada-para-a-janela-de-meio-de-ano\">Aten\u00e7\u00e3o voltada para a janela de meio de ano<\/h2>\n\n\n\n<p>Sendo assim, a diretoria rubro-negra se prepara para a janela de transfer\u00eancias do meio do ano. Embora o ass\u00e9dio seja maior nesse per\u00edodo, o Flamengo est\u00e1 mais focado em poss\u00edveis chegadas do que sa\u00eddas.&nbsp;<\/p>\n\n\n\n<p>O clube est\u00e1 prestes a assinar um pr\u00e9-contrato com Jorginho, volante do Arsenal, que s\u00f3 tem v\u00ednculo com o time ingl\u00eas at\u00e9 junho de 2025.&nbsp;<\/p>\n\n\n\n<p>Dessa maneira, o Flamengo est\u00e1 buscando refor\u00e7ar ainda mais o elenco, com isso, apostando em contrata\u00e7\u00f5es que possam impulsionar a equipe rumo a novos t\u00edtulos.<\/p>\n\n\n\n<h2 class=\"wp-block-heading\" id=\"h-saidas-pontuais-e-negociacoes-futuras\">Sa\u00eddas pontuais e negocia\u00e7\u00f5es futuras<\/h2>\n\n\n\n<p>Embora o Flamengo tenha se blindado para n\u00e3o perder titulares, h\u00e1 a necessidade de negocia\u00e7\u00f5es para alguns atletas, como foi o caso de Fabr\u00edcio Bruno e Alcaraz.&nbsp;<\/p>\n\n\n\n<p>Ambos sabiam que n\u00e3o teriam espa\u00e7o no time e sa\u00edram do clube, mas o Flamengo garante que essas sa\u00eddas foram acordadas de forma consensual.<\/p>\n","protected":false},"excerpt":{"rendered":"<p>Com a aten\u00e7\u00e3o voltada para a disputa do Campeonato Carioca, o Flamengo sabe que o sucesso dentro de campo depende tamb\u00e9m das decis\u00f5es fora das quatro linhas.&nbsp; Em meio \u00e0 janela de transfer\u00eancias, o clube tomou uma medida crucial para garantir a perman\u00eancia de seus principais jogadores e se blindou contra qualquer investida que pudesse [&hellip;]<\/p>\n","protected":false},"author":25,"featured_media":205636,"comment_status":"open","ping_status":"closed","sticky":false,"template":"","format":"standard","meta":{"footnotes":""},"categories":[1],"tags":[],"class_list":["post-224678","post","type-post","status-publish","format-standard","has-post-thumbnail","hentry","category-flamengo"],"yoast_head":"<!-- This site is optimized with the Yoast SEO Premium plugin v24.2 (Yoast SEO v26.9) - https:\/\/yoast.com\/product\/yoast-seo-premium-wordpress\/ -->\n<title>Flamengo toma decis\u00e3o importante para evitar sa\u00edda de titulares<\/title>\n<meta name=\"robots\" content=\"index, follow, max-snippet:-1, max-image-preview:large, max-video-preview:-1\" \/>\n<link rel=\"canonical\" href=\"https:\/\/www.gaveanews.com\/index.php\/2025\/02\/07\/flamengo-toma-decisao-importante-para-evitar-saida-de-titulares\/\" \/>\n<meta property=\"og:locale\" content=\"pt_BR\" \/>\n<meta property=\"og:type\" content=\"article\" \/>\n<meta property=\"og:title\" content=\"Flamengo toma decis\u00e3o importante para evitar sa\u00edda de titulares\" \/>\n<meta property=\"og:description\" content=\"Com a aten\u00e7\u00e3o voltada para a disputa do Campeonato Carioca, o Flamengo sabe que o sucesso dentro de campo depende tamb\u00e9m das decis\u00f5es fora das quatro linhas.&nbsp; Em meio \u00e0 janela de transfer\u00eancias, o clube tomou uma medida crucial para garantir a perman\u00eancia de seus principais jogadores e se blindou contra qualquer investida que pudesse [&hellip;]\" \/>\n<meta property=\"og:url\" content=\"https:\/\/www.gaveanews.com\/index.php\/2025\/02\/07\/flamengo-toma-decisao-importante-para-evitar-saida-de-titulares\/\" \/>\n<meta property=\"og:site_name\" content=\"G\u00e1vea News\" \/>\n<meta property=\"article:publisher\" content=\"https:\/\/facebook.com\/gaveaNews\/\" \/>\n<meta property=\"article:published_time\" content=\"2025-02-07T16:30:14+00:00\" \/>\n<meta property=\"og:image\" content=\"https:\/\/www.gaveanews.com\/wp-content\/uploads\/Apresentacao-de-Jose-Boto-no-Flamengo-Foto_-Marcelo-Cortes-_-CRF.webp\" \/>\n\t<meta property=\"og:image:width\" content=\"2048\" \/>\n\t<meta property=\"og:image:height\" content=\"1364\" \/>\n\t<meta property=\"og:image:type\" content=\"image\/webp\" \/>\n<meta name=\"author\" content=\"Rafaela Ladeira\" \/>\n<meta name=\"twitter:card\" content=\"summary_large_image\" \/>\n<meta name=\"twitter:label1\" content=\"Escrito por\" \/>\n\t<meta name=\"twitter:data1\" content=\"Rafaela Ladeira\" \/>\n\t<meta name=\"twitter:label2\" content=\"Est. tempo de leitura\" \/>\n\t<meta name=\"twitter:data2\" content=\"3 minutos\" \/>\n<script type=\"application\/ld+json\" class=\"yoast-schema-graph\">{\"@context\":\"https:\/\/schema.org\",\"@graph\":[{\"@type\":\"NewsArticle\",\"@id\":\"https:\/\/www.gaveanews.com\/index.php\/2025\/02\/07\/flamengo-toma-decisao-importante-para-evitar-saida-de-titulares\/#article\",\"isPartOf\":{\"@id\":\"https:\/\/www.gaveanews.com\/index.php\/2025\/02\/07\/flamengo-toma-decisao-importante-para-evitar-saida-de-titulares\/\"},\"author\":{\"name\":\"Rafaela Ladeira\",\"@id\":\"https:\/\/www.gaveanews.com\/#\/schema\/person\/0eb3e3fe1754f0205218538adbe8f5ed\"},\"headline\":\"Flamengo toma decis\u00e3o importante para evitar sa\u00edda de titulares\",\"datePublished\":\"2025-02-07T16:30:14+00:00\",\"mainEntityOfPage\":{\"@id\":\"https:\/\/www.gaveanews.com\/index.php\/2025\/02\/07\/flamengo-toma-decisao-importante-para-evitar-saida-de-titulares\/\"},\"wordCount\":456,\"commentCount\":0,\"image\":{\"@id\":\"https:\/\/www.gaveanews.com\/index.php\/2025\/02\/07\/flamengo-toma-decisao-importante-para-evitar-saida-de-titulares\/#primaryimage\"},\"thumbnailUrl\":\"https:\/\/www.gaveanews.com\/wp-content\/uploads\/Apresentacao-de-Jose-Boto-no-Flamengo-Foto_-Marcelo-Cortes-_-CRF.webp\",\"articleSection\":[\"Flamengo\"],\"inLanguage\":\"pt-BR\",\"potentialAction\":[{\"@type\":\"CommentAction\",\"name\":\"Comment\",\"target\":[\"https:\/\/www.gaveanews.com\/index.php\/2025\/02\/07\/flamengo-toma-decisao-importante-para-evitar-saida-de-titulares\/#respond\"]}],\"copyrightYear\":\"2025\",\"copyrightHolder\":{\"@id\":\"https:\/\/www.gaveanews.com\/#organization\"}},{\"@type\":\"WebPage\",\"@id\":\"https:\/\/www.gaveanews.com\/index.php\/2025\/02\/07\/flamengo-toma-decisao-importante-para-evitar-saida-de-titulares\/\",\"url\":\"https:\/\/www.gaveanews.com\/index.php\/2025\/02\/07\/flamengo-toma-decisao-importante-para-evitar-saida-de-titulares\/\",\"name\":\"Flamengo toma decis\u00e3o importante para evitar sa\u00edda de titulares\",\"isPartOf\":{\"@id\":\"https:\/\/www.gaveanews.com\/#website\"},\"primaryImageOfPage\":{\"@id\":\"https:\/\/www.gaveanews.com\/index.php\/2025\/02\/07\/flamengo-toma-decisao-importante-para-evitar-saida-de-titulares\/#primaryimage\"},\"image\":{\"@id\":\"https:\/\/www.gaveanews.com\/index.php\/2025\/02\/07\/flamengo-toma-decisao-importante-para-evitar-saida-de-titulares\/#primaryimage\"},\"thumbnailUrl\":\"https:\/\/www.gaveanews.com\/wp-content\/uploads\/Apresentacao-de-Jose-Boto-no-Flamengo-Foto_-Marcelo-Cortes-_-CRF.webp\",\"datePublished\":\"2025-02-07T16:30:14+00:00\",\"author\":{\"@id\":\"https:\/\/www.gaveanews.com\/#\/schema\/person\/0eb3e3fe1754f0205218538adbe8f5ed\"},\"breadcrumb\":{\"@id\":\"https:\/\/www.gaveanews.com\/index.php\/2025\/02\/07\/flamengo-toma-decisao-importante-para-evitar-saida-de-titulares\/#breadcrumb\"},\"inLanguage\":\"pt-BR\",\"potentialAction\":[{\"@type\":\"ReadAction\",\"target\":[\"https:\/\/www.gaveanews.com\/index.php\/2025\/02\/07\/flamengo-toma-decisao-importante-para-evitar-saida-de-titulares\/\"]}]},{\"@type\":\"ImageObject\",\"inLanguage\":\"pt-BR\",\"@id\":\"https:\/\/www.gaveanews.com\/index.php\/2025\/02\/07\/flamengo-toma-decisao-importante-para-evitar-saida-de-titulares\/#primaryimage\",\"url\":\"https:\/\/www.gaveanews.com\/wp-content\/uploads\/Apresentacao-de-Jose-Boto-no-Flamengo-Foto_-Marcelo-Cortes-_-CRF.webp\",\"contentUrl\":\"https:\/\/www.gaveanews.com\/wp-content\/uploads\/Apresentacao-de-Jose-Boto-no-Flamengo-Foto_-Marcelo-Cortes-_-CRF.webp\",\"width\":2048,\"height\":1364},{\"@type\":\"BreadcrumbList\",\"@id\":\"https:\/\/www.gaveanews.com\/index.php\/2025\/02\/07\/flamengo-toma-decisao-importante-para-evitar-saida-de-titulares\/#breadcrumb\",\"itemListElement\":[{\"@type\":\"ListItem\",\"position\":1,\"name\":\"Home\",\"item\":\"https:\/\/www.gaveanews.com\/\"},{\"@type\":\"ListItem\",\"position\":2,\"name\":\"Flamengo toma decis\u00e3o importante para evitar sa\u00edda de titulares\"}]},{\"@type\":\"WebSite\",\"@id\":\"https:\/\/www.gaveanews.com\/#website\",\"url\":\"https:\/\/www.gaveanews.com\/\",\"name\":\"G\u00e1vea News\",\"description\":\"Veja todas as not\u00edcias sobre o Flamengo: Contrata\u00e7\u00f5es, categorias de base, resultados das partidas, tabela de classifica\u00e7\u00e3o, pr\u00f3ximos jogos!\",\"potentialAction\":[{\"@type\":\"SearchAction\",\"target\":{\"@type\":\"EntryPoint\",\"urlTemplate\":\"https:\/\/www.gaveanews.com\/?s={search_term_string}\"},\"query-input\":{\"@type\":\"PropertyValueSpecification\",\"valueRequired\":true,\"valueName\":\"search_term_string\"}}],\"inLanguage\":\"pt-BR\"},{\"@type\":\"Person\",\"@id\":\"https:\/\/www.gaveanews.com\/#\/schema\/person\/0eb3e3fe1754f0205218538adbe8f5ed\",\"name\":\"Rafaela Ladeira\",\"image\":{\"@type\":\"ImageObject\",\"inLanguage\":\"pt-BR\",\"@id\":\"https:\/\/www.gaveanews.com\/#\/schema\/person\/image\/\",\"url\":\"https:\/\/secure.gravatar.com\/avatar\/c31f513acffd85eacab5730cbdfdbbf59f21ba5aeada8cd890acea879fbb2455?s=96&d=mm&r=g\",\"contentUrl\":\"https:\/\/secure.gravatar.com\/avatar\/c31f513acffd85eacab5730cbdfdbbf59f21ba5aeada8cd890acea879fbb2455?s=96&d=mm&r=g\",\"caption\":\"Rafaela Ladeira\"}}]}<\/script>\n<!-- \/ Yoast SEO Premium plugin. -->","yoast_head_json":{"title":"Flamengo toma decis\u00e3o importante para evitar sa\u00edda de titulares","robots":{"index":"index","follow":"follow","max-snippet":"max-snippet:-1","max-image-preview":"max-image-preview:large","max-video-preview":"max-video-preview:-1"},"canonical":"https:\/\/www.gaveanews.com\/index.php\/2025\/02\/07\/flamengo-toma-decisao-importante-para-evitar-saida-de-titulares\/","og_locale":"pt_BR","og_type":"article","og_title":"Flamengo toma decis\u00e3o importante para evitar sa\u00edda de titulares","og_description":"Com a aten\u00e7\u00e3o voltada para a disputa do Campeonato Carioca, o Flamengo sabe que o sucesso dentro de campo depende tamb\u00e9m das decis\u00f5es fora das quatro linhas.&nbsp; Em meio \u00e0 janela de transfer\u00eancias, o clube tomou uma medida crucial para garantir a perman\u00eancia de seus principais jogadores e se blindou contra qualquer investida que pudesse [&hellip;]","og_url":"https:\/\/www.gaveanews.com\/index.php\/2025\/02\/07\/flamengo-toma-decisao-importante-para-evitar-saida-de-titulares\/","og_site_name":"G\u00e1vea News","article_publisher":"https:\/\/facebook.com\/gaveaNews\/","article_published_time":"2025-02-07T16:30:14+00:00","og_image":[{"width":2048,"height":1364,"url":"https:\/\/www.gaveanews.com\/wp-content\/uploads\/Apresentacao-de-Jose-Boto-no-Flamengo-Foto_-Marcelo-Cortes-_-CRF.webp","type":"image\/webp"}],"author":"Rafaela Ladeira","twitter_card":"summary_large_image","twitter_misc":{"Escrito por":"Rafaela Ladeira","Est. tempo de leitura":"3 minutos"},"schema":{"@context":"https:\/\/schema.org","@graph":[{"@type":"NewsArticle","@id":"https:\/\/www.gaveanews.com\/index.php\/2025\/02\/07\/flamengo-toma-decisao-importante-para-evitar-saida-de-titulares\/#article","isPartOf":{"@id":"https:\/\/www.gaveanews.com\/index.php\/2025\/02\/07\/flamengo-toma-decisao-importante-para-evitar-saida-de-titulares\/"},"author":{"name":"Rafaela Ladeira","@id":"https:\/\/www.gaveanews.com\/#\/schema\/person\/0eb3e3fe1754f0205218538adbe8f5ed"},"headline":"Flamengo toma decis\u00e3o importante para evitar sa\u00edda de titulares","datePublished":"2025-02-07T16:30:14+00:00","mainEntityOfPage":{"@id":"https:\/\/www.gaveanews.com\/index.php\/2025\/02\/07\/flamengo-toma-decisao-importante-para-evitar-saida-de-titulares\/"},"wordCount":456,"commentCount":0,"image":{"@id":"https:\/\/www.gaveanews.com\/index.php\/2025\/02\/07\/flamengo-toma-decisao-importante-para-evitar-saida-de-titulares\/#primaryimage"},"thumbnailUrl":"https:\/\/www.gaveanews.com\/wp-content\/uploads\/Apresentacao-de-Jose-Boto-no-Flamengo-Foto_-Marcelo-Cortes-_-CRF.webp","articleSection":["Flamengo"],"inLanguage":"pt-BR","potentialAction":[{"@type":"CommentAction","name":"Comment","target":["https:\/\/www.gaveanews.com\/index.php\/2025\/02\/07\/flamengo-toma-decisao-importante-para-evitar-saida-de-titulares\/#respond"]}],"copyrightYear":"2025","copyrightHolder":{"@id":"https:\/\/www.gaveanews.com\/#organization"}},{"@type":"WebPage","@id":"https:\/\/www.gaveanews.com\/index.php\/2025\/02\/07\/flamengo-toma-decisao-importante-para-evitar-saida-de-titulares\/","url":"https:\/\/www.gaveanews.com\/index.php\/2025\/02\/07\/flamengo-toma-decisao-importante-para-evitar-saida-de-titulares\/","name":"Flamengo toma decis\u00e3o importante para evitar sa\u00edda de titulares","isPartOf":{"@id":"https:\/\/www.gaveanews.com\/#website"},"primaryImageOfPage":{"@id":"https:\/\/www.gaveanews.com\/index.php\/2025\/02\/07\/flamengo-toma-decisao-importante-para-evitar-saida-de-titulares\/#primaryimage"},"image":{"@id":"https:\/\/www.gaveanews.com\/index.php\/2025\/02\/07\/flamengo-toma-decisao-importante-para-evitar-saida-de-titulares\/#primaryimage"},"thumbnailUrl":"https:\/\/www.gaveanews.com\/wp-content\/uploads\/Apresentacao-de-Jose-Boto-no-Flamengo-Foto_-Marcelo-Cortes-_-CRF.webp","datePublished":"2025-02-07T16:30:14+00:00","author":{"@id":"https:\/\/www.gaveanews.com\/#\/schema\/person\/0eb3e3fe1754f0205218538adbe8f5ed"},"breadcrumb":{"@id":"https:\/\/www.gaveanews.com\/index.php\/2025\/02\/07\/flamengo-toma-decisao-importante-para-evitar-saida-de-titulares\/#breadcrumb"},"inLanguage":"pt-BR","potentialAction":[{"@type":"ReadAction","target":["https:\/\/www.gaveanews.com\/index.php\/2025\/02\/07\/flamengo-toma-decisao-importante-para-evitar-saida-de-titulares\/"]}]},{"@type":"ImageObject","inLanguage":"pt-BR","@id":"https:\/\/www.gaveanews.com\/index.php\/2025\/02\/07\/flamengo-toma-decisao-importante-para-evitar-saida-de-titulares\/#primaryimage","url":"https:\/\/www.gaveanews.com\/wp-content\/uploads\/Apresentacao-de-Jose-Boto-no-Flamengo-Foto_-Marcelo-Cortes-_-CRF.webp","contentUrl":"https:\/\/www.gaveanews.com\/wp-content\/uploads\/Apresentacao-de-Jose-Boto-no-Flamengo-Foto_-Marcelo-Cortes-_-CRF.webp","width":2048,"height":1364},{"@type":"BreadcrumbList","@id":"https:\/\/www.gaveanews.com\/index.php\/2025\/02\/07\/flamengo-toma-decisao-importante-para-evitar-saida-de-titulares\/#breadcrumb","itemListElement":[{"@type":"ListItem","position":1,"name":"Home","item":"https:\/\/www.gaveanews.com\/"},{"@type":"ListItem","position":2,"name":"Flamengo toma decis\u00e3o importante para evitar sa\u00edda de titulares"}]},{"@type":"WebSite","@id":"https:\/\/www.gaveanews.com\/#website","url":"https:\/\/www.gaveanews.com\/","name":"G\u00e1vea News","description":"Veja todas as not\u00edcias sobre o Flamengo: Contrata\u00e7\u00f5es, categorias de base, resultados das partidas, tabela de classifica\u00e7\u00e3o, pr\u00f3ximos jogos!","potentialAction":[{"@type":"SearchAction","target":{"@type":"EntryPoint","urlTemplate":"https:\/\/www.gaveanews.com\/?s={search_term_string}"},"query-input":{"@type":"PropertyValueSpecification","valueRequired":true,"valueName":"search_term_string"}}],"inLanguage":"pt-BR"},{"@type":"Person","@id":"https:\/\/www.gaveanews.com\/#\/schema\/person\/0eb3e3fe1754f0205218538adbe8f5ed","name":"Rafaela Ladeira","image":{"@type":"ImageObject","inLanguage":"pt-BR","@id":"https:\/\/www.gaveanews.com\/#\/schema\/person\/image\/","url":"https:\/\/secure.gravatar.com\/avatar\/c31f513acffd85eacab5730cbdfdbbf59f21ba5aeada8cd890acea879fbb2455?s=96&d=mm&r=g","contentUrl":"https:\/\/secure.gravatar.com\/avatar\/c31f513acffd85eacab5730cbdfdbbf59f21ba5aeada8cd890acea879fbb2455?s=96&d=mm&r=g","caption":"Rafaela Ladeira"}}]}},"_links":{"self":[{"href":"https:\/\/www.gaveanews.com\/index.php\/wp-json\/wp\/v2\/posts\/224678","targetHints":{"allow":["GET"]}}],"collection":[{"href":"https:\/\/www.gaveanews.com\/index.php\/wp-json\/wp\/v2\/posts"}],"about":[{"href":"https:\/\/www.gaveanews.com\/index.php\/wp-json\/wp\/v2\/types\/post"}],"author":[{"embeddable":true,"href":"https:\/\/www.gaveanews.com\/index.php\/wp-json\/wp\/v2\/users\/25"}],"replies":[{"embeddable":true,"href":"https:\/\/www.gaveanews.com\/index.php\/wp-json\/wp\/v2\/comments?post=224678"}],"version-history":[{"count":1,"href":"https:\/\/www.gaveanews.com\/index.php\/wp-json\/wp\/v2\/posts\/224678\/revisions"}],"predecessor-version":[{"id":224681,"href":"https:\/\/www.gaveanews.com\/index.php\/wp-json\/wp\/v2\/posts\/224678\/revisions\/224681"}],"wp:featuredmedia":[{"embeddable":true,"href":"https:\/\/www.gaveanews.com\/index.php\/wp-json\/wp\/v2\/media\/205636"}],"wp:attachment":[{"href":"https:\/\/www.gaveanews.com\/index.php\/wp-json\/wp\/v2\/media?parent=224678"}],"wp:term":[{"taxonomy":"category","embeddable":true,"href":"https:\/\/www.gaveanews.com\/index.php\/wp-json\/wp\/v2\/categories?post=224678"},{"taxonomy":"post_tag","embeddable":true,"href":"https:\/\/www.gaveanews.com\/index.php\/wp-json\/wp\/v2\/tags?post=224678"}],"curies":[{"name":"wp","href":"https:\/\/api.w.org\/{rel}","templated":true}]}}