{"id":224687,"date":"2025-02-07T13:25:41","date_gmt":"2025-02-07T16:25:41","guid":{"rendered":"https:\/\/www.gaveanews.com\/?p=224687"},"modified":"2025-02-07T12:58:52","modified_gmt":"2025-02-07T15:58:52","slug":"cruzeiro-a-declaracao-de-wesley-carvalho-direcionada-a-leonardo-jardim","status":"publish","type":"post","link":"https:\/\/www.gaveanews.com\/index.php\/2025\/02\/07\/cruzeiro-a-declaracao-de-wesley-carvalho-direcionada-a-leonardo-jardim\/","title":{"rendered":"Cruzeiro: a declara\u00e7\u00e3o de Wesley Carvalho direcionada a Leonardo Jardim"},"content":{"rendered":"\n<p>Com a chegada de Leonardo Jardim ao Cruzeiro pr\u00f3xima, Wesley Carvalho, interino do clube, continua sua jornada \u00e0 frente da equipe com resultados positivos.&nbsp;<\/p>\n\n\n\n<p>At\u00e9 o momento, ele permanece invicto ap\u00f3s tr\u00eas rodadas e j\u00e1 soma duas vit\u00f3rias e um empate. Isso porque, al\u00e9m de bons resultados, o time tem mostrado boas atua\u00e7\u00f5es sob sua lideran\u00e7a, o que deixou Wesley em uma posi\u00e7\u00e3o confort\u00e1vel para se comunicar com o t\u00e9cnico anunciado.&nbsp;<\/p>\n\n\n\n<p>O di\u00e1logo entre eles tem sido constante, e Wesley compartilhou algumas impress\u00f5es sobre o novo comandante.<\/p>\n\n\n\n<h2 class=\"wp-block-heading\" id=\"h-conversa-constante-e-entendimento-em-comum\">Conversa constante e entendimento em comum<\/h2>\n\n\n\n<p>&#8220;Tenho conversado com ele h\u00e1 umas duas semanas. A gente tem batido papo. Temos muitas coisas em comum, de como entender o futebol, de transi\u00e7\u00f5es, velocidade, de ter jogadores talentosos, mas um equil\u00edbrio com jogadores que tem for\u00e7a e velocidade&#8221;, disse Wesley Carvalho, destacando as converg\u00eancias com o estilo de trabalho de Leonardo Jardim.&nbsp;<\/p>\n\n\n\n<p>Dessa maneira, o interino se sente preparado para seguir com o planejamento, com a confian\u00e7a do novo t\u00e9cnico que est\u00e1 prestes a assumir o time.<\/p>\n\n\n\n<h2 class=\"wp-block-heading\" id=\"h-recepcao-calorosa-e-aprendizado-esperado\">Recep\u00e7\u00e3o calorosa e aprendizado esperado<\/h2>\n\n\n\n<p>Al\u00e9m disso, Wesley demonstrou grande entusiasmo com a chegada do novo treinador, afirmando que est\u00e1 sendo muito bem recebido.&nbsp;<\/p>\n\n\n\n<p>&#8220;Acho que vai ser muito interessante. Vamos abra\u00e7\u00e1-lo. Uma pessoa magn\u00edfica pelo status que chegou no futebol. Est\u00e1 me recebendo muito bem, me tratando muito bem.&#8221;, disse o t\u00e9cnico.&nbsp;<\/p>\n\n\n\n<p>O interino tamb\u00e9m se mostrou animado com a possibilidade de aprender com Jardim: &#8220;Muito feliz pela chegada dele, espero aprender muito com ele e que isso possa acrescentar na minha carreira como treinador.&#8221;<\/p>\n\n\n\n<h2 class=\"wp-block-heading\" id=\"h-wesley-carvalho-segue-no-comando-no-classico-contra-o-atletico-mg\">Wesley Carvalho segue no comando no cl\u00e1ssico contra o Atl\u00e9tico-MG<\/h2>\n\n\n\n<p>Sendo assim, mesmo com o an\u00fancio de Jardim, Wesley Carvalho permanecer\u00e1 no comando do Cruzeiro no cl\u00e1ssico contra o Atl\u00e9tico-MG, que ocorre no domingo, \u00e0s 16h (de Bras\u00edlia).&nbsp;<\/p>\n\n\n\n<p>O novo t\u00e9cnico acompanhar\u00e1 o jogo das arquibancadas do Mineir\u00e3o, e Wesley destacou a liberdade que tem recebido de Jardim: &#8220;Ele est\u00e1 sendo aberto, me deixando \u00e0 vontade para projetar o jogo e colocar o modelo que eu achar melhor. Eu tenho a confian\u00e7a dele, assim como da diretoria.&#8221;<\/p>\n\n\n\n<h2 class=\"wp-block-heading\" id=\"h-possibilidade-de-classificacao-antecipada-para-as-semifinais\">Possibilidade de classifica\u00e7\u00e3o antecipada para as semifinais<\/h2>\n\n\n\n<p>Caso o Cruzeiro ven\u00e7a o cl\u00e1ssico, Wesley Carvalho garantir\u00e1 a classifica\u00e7\u00e3o para a semifinal do Campeonato Mineiro, podendo ainda eliminar o Atl\u00e9tico-MG na primeira fase, dependendo dos resultados de outras partidas.&nbsp;<\/p>\n\n\n\n<p>Com isso, o interino pode deixar um legado importante, mesmo antes da estreia de Jardim, que inicia seus trabalhos na Toca da Raposa na segunda-feira e estreia na pr\u00f3xima quarta-feira contra o Democrata GV.<\/p>\n","protected":false},"excerpt":{"rendered":"<p>Com a chegada de Leonardo Jardim ao Cruzeiro pr\u00f3xima, Wesley Carvalho, interino do clube, continua sua jornada \u00e0 frente da equipe com resultados positivos.&nbsp; At\u00e9 o momento, ele permanece invicto ap\u00f3s tr\u00eas rodadas e j\u00e1 soma duas vit\u00f3rias e um empate. Isso porque, al\u00e9m de bons resultados, o time tem mostrado boas atua\u00e7\u00f5es sob sua [&hellip;]<\/p>\n","protected":false},"author":25,"featured_media":175601,"comment_status":"open","ping_status":"closed","sticky":false,"template":"","format":"standard","meta":{"footnotes":""},"categories":[143],"tags":[],"class_list":["post-224687","post","type-post","status-publish","format-standard","has-post-thumbnail","hentry","category-cruzeiro"],"yoast_head":"<!-- This site is optimized with the Yoast SEO Premium plugin v24.2 (Yoast SEO v26.9) - https:\/\/yoast.com\/product\/yoast-seo-premium-wordpress\/ -->\n<title>Cruzeiro: a declara\u00e7\u00e3o de Wesley Carvalho direcionada a Leonardo Jardim<\/title>\n<meta name=\"robots\" content=\"index, follow, max-snippet:-1, max-image-preview:large, max-video-preview:-1\" \/>\n<link rel=\"canonical\" href=\"https:\/\/www.gaveanews.com\/index.php\/2025\/02\/07\/cruzeiro-a-declaracao-de-wesley-carvalho-direcionada-a-leonardo-jardim\/\" \/>\n<meta property=\"og:locale\" content=\"pt_BR\" \/>\n<meta property=\"og:type\" content=\"article\" \/>\n<meta property=\"og:title\" content=\"Cruzeiro: a declara\u00e7\u00e3o de Wesley Carvalho direcionada a Leonardo Jardim\" \/>\n<meta property=\"og:description\" content=\"Com a chegada de Leonardo Jardim ao Cruzeiro pr\u00f3xima, Wesley Carvalho, interino do clube, continua sua jornada \u00e0 frente da equipe com resultados positivos.&nbsp; At\u00e9 o momento, ele permanece invicto ap\u00f3s tr\u00eas rodadas e j\u00e1 soma duas vit\u00f3rias e um empate. Isso porque, al\u00e9m de bons resultados, o time tem mostrado boas atua\u00e7\u00f5es sob sua [&hellip;]\" \/>\n<meta property=\"og:url\" content=\"https:\/\/www.gaveanews.com\/index.php\/2025\/02\/07\/cruzeiro-a-declaracao-de-wesley-carvalho-direcionada-a-leonardo-jardim\/\" \/>\n<meta property=\"og:site_name\" content=\"G\u00e1vea News\" \/>\n<meta property=\"article:publisher\" content=\"https:\/\/facebook.com\/gaveaNews\/\" \/>\n<meta property=\"article:published_time\" content=\"2025-02-07T16:25:41+00:00\" \/>\n<meta property=\"og:image\" content=\"https:\/\/www.gaveanews.com\/wp-content\/uploads\/Bandeira-do-Cruzeiro.webp\" \/>\n\t<meta property=\"og:image:width\" content=\"1062\" \/>\n\t<meta property=\"og:image:height\" content=\"708\" \/>\n\t<meta property=\"og:image:type\" content=\"image\/webp\" \/>\n<meta name=\"author\" content=\"Rafaela Ladeira\" \/>\n<meta name=\"twitter:card\" content=\"summary_large_image\" \/>\n<meta name=\"twitter:label1\" content=\"Escrito por\" \/>\n\t<meta name=\"twitter:data1\" content=\"Rafaela Ladeira\" \/>\n\t<meta name=\"twitter:label2\" content=\"Est. tempo de leitura\" \/>\n\t<meta name=\"twitter:data2\" content=\"3 minutos\" \/>\n<script type=\"application\/ld+json\" class=\"yoast-schema-graph\">{\"@context\":\"https:\/\/schema.org\",\"@graph\":[{\"@type\":\"NewsArticle\",\"@id\":\"https:\/\/www.gaveanews.com\/index.php\/2025\/02\/07\/cruzeiro-a-declaracao-de-wesley-carvalho-direcionada-a-leonardo-jardim\/#article\",\"isPartOf\":{\"@id\":\"https:\/\/www.gaveanews.com\/index.php\/2025\/02\/07\/cruzeiro-a-declaracao-de-wesley-carvalho-direcionada-a-leonardo-jardim\/\"},\"author\":{\"name\":\"Rafaela Ladeira\",\"@id\":\"https:\/\/www.gaveanews.com\/#\/schema\/person\/0eb3e3fe1754f0205218538adbe8f5ed\"},\"headline\":\"Cruzeiro: a declara\u00e7\u00e3o de Wesley Carvalho direcionada a Leonardo Jardim\",\"datePublished\":\"2025-02-07T16:25:41+00:00\",\"mainEntityOfPage\":{\"@id\":\"https:\/\/www.gaveanews.com\/index.php\/2025\/02\/07\/cruzeiro-a-declaracao-de-wesley-carvalho-direcionada-a-leonardo-jardim\/\"},\"wordCount\":472,\"commentCount\":0,\"image\":{\"@id\":\"https:\/\/www.gaveanews.com\/index.php\/2025\/02\/07\/cruzeiro-a-declaracao-de-wesley-carvalho-direcionada-a-leonardo-jardim\/#primaryimage\"},\"thumbnailUrl\":\"https:\/\/www.gaveanews.com\/wp-content\/uploads\/Bandeira-do-Cruzeiro.webp\",\"articleSection\":[\"Cruzeiro\"],\"inLanguage\":\"pt-BR\",\"potentialAction\":[{\"@type\":\"CommentAction\",\"name\":\"Comment\",\"target\":[\"https:\/\/www.gaveanews.com\/index.php\/2025\/02\/07\/cruzeiro-a-declaracao-de-wesley-carvalho-direcionada-a-leonardo-jardim\/#respond\"]}],\"copyrightYear\":\"2025\",\"copyrightHolder\":{\"@id\":\"https:\/\/www.gaveanews.com\/#organization\"}},{\"@type\":\"WebPage\",\"@id\":\"https:\/\/www.gaveanews.com\/index.php\/2025\/02\/07\/cruzeiro-a-declaracao-de-wesley-carvalho-direcionada-a-leonardo-jardim\/\",\"url\":\"https:\/\/www.gaveanews.com\/index.php\/2025\/02\/07\/cruzeiro-a-declaracao-de-wesley-carvalho-direcionada-a-leonardo-jardim\/\",\"name\":\"Cruzeiro: a declara\u00e7\u00e3o de Wesley Carvalho direcionada a Leonardo Jardim\",\"isPartOf\":{\"@id\":\"https:\/\/www.gaveanews.com\/#website\"},\"primaryImageOfPage\":{\"@id\":\"https:\/\/www.gaveanews.com\/index.php\/2025\/02\/07\/cruzeiro-a-declaracao-de-wesley-carvalho-direcionada-a-leonardo-jardim\/#primaryimage\"},\"image\":{\"@id\":\"https:\/\/www.gaveanews.com\/index.php\/2025\/02\/07\/cruzeiro-a-declaracao-de-wesley-carvalho-direcionada-a-leonardo-jardim\/#primaryimage\"},\"thumbnailUrl\":\"https:\/\/www.gaveanews.com\/wp-content\/uploads\/Bandeira-do-Cruzeiro.webp\",\"datePublished\":\"2025-02-07T16:25:41+00:00\",\"author\":{\"@id\":\"https:\/\/www.gaveanews.com\/#\/schema\/person\/0eb3e3fe1754f0205218538adbe8f5ed\"},\"breadcrumb\":{\"@id\":\"https:\/\/www.gaveanews.com\/index.php\/2025\/02\/07\/cruzeiro-a-declaracao-de-wesley-carvalho-direcionada-a-leonardo-jardim\/#breadcrumb\"},\"inLanguage\":\"pt-BR\",\"potentialAction\":[{\"@type\":\"ReadAction\",\"target\":[\"https:\/\/www.gaveanews.com\/index.php\/2025\/02\/07\/cruzeiro-a-declaracao-de-wesley-carvalho-direcionada-a-leonardo-jardim\/\"]}]},{\"@type\":\"ImageObject\",\"inLanguage\":\"pt-BR\",\"@id\":\"https:\/\/www.gaveanews.com\/index.php\/2025\/02\/07\/cruzeiro-a-declaracao-de-wesley-carvalho-direcionada-a-leonardo-jardim\/#primaryimage\",\"url\":\"https:\/\/www.gaveanews.com\/wp-content\/uploads\/Bandeira-do-Cruzeiro.webp\",\"contentUrl\":\"https:\/\/www.gaveanews.com\/wp-content\/uploads\/Bandeira-do-Cruzeiro.webp\",\"width\":1062,\"height\":708,\"caption\":\"Bandeira do Cruzeiro (Foto: Reprodu\u00e7\u00e3o\/Cruzeiro)\"},{\"@type\":\"BreadcrumbList\",\"@id\":\"https:\/\/www.gaveanews.com\/index.php\/2025\/02\/07\/cruzeiro-a-declaracao-de-wesley-carvalho-direcionada-a-leonardo-jardim\/#breadcrumb\",\"itemListElement\":[{\"@type\":\"ListItem\",\"position\":1,\"name\":\"Home\",\"item\":\"https:\/\/www.gaveanews.com\/\"},{\"@type\":\"ListItem\",\"position\":2,\"name\":\"Cruzeiro: a declara\u00e7\u00e3o de Wesley Carvalho direcionada a Leonardo Jardim\"}]},{\"@type\":\"WebSite\",\"@id\":\"https:\/\/www.gaveanews.com\/#website\",\"url\":\"https:\/\/www.gaveanews.com\/\",\"name\":\"G\u00e1vea News\",\"description\":\"Veja todas as not\u00edcias sobre o Flamengo: Contrata\u00e7\u00f5es, categorias de base, resultados das partidas, tabela de classifica\u00e7\u00e3o, pr\u00f3ximos jogos!\",\"potentialAction\":[{\"@type\":\"SearchAction\",\"target\":{\"@type\":\"EntryPoint\",\"urlTemplate\":\"https:\/\/www.gaveanews.com\/?s={search_term_string}\"},\"query-input\":{\"@type\":\"PropertyValueSpecification\",\"valueRequired\":true,\"valueName\":\"search_term_string\"}}],\"inLanguage\":\"pt-BR\"},{\"@type\":\"Person\",\"@id\":\"https:\/\/www.gaveanews.com\/#\/schema\/person\/0eb3e3fe1754f0205218538adbe8f5ed\",\"name\":\"Rafaela Ladeira\",\"image\":{\"@type\":\"ImageObject\",\"inLanguage\":\"pt-BR\",\"@id\":\"https:\/\/www.gaveanews.com\/#\/schema\/person\/image\/\",\"url\":\"https:\/\/secure.gravatar.com\/avatar\/c31f513acffd85eacab5730cbdfdbbf59f21ba5aeada8cd890acea879fbb2455?s=96&d=mm&r=g\",\"contentUrl\":\"https:\/\/secure.gravatar.com\/avatar\/c31f513acffd85eacab5730cbdfdbbf59f21ba5aeada8cd890acea879fbb2455?s=96&d=mm&r=g\",\"caption\":\"Rafaela Ladeira\"}}]}<\/script>\n<!-- \/ Yoast SEO Premium plugin. -->","yoast_head_json":{"title":"Cruzeiro: a declara\u00e7\u00e3o de Wesley Carvalho direcionada a Leonardo Jardim","robots":{"index":"index","follow":"follow","max-snippet":"max-snippet:-1","max-image-preview":"max-image-preview:large","max-video-preview":"max-video-preview:-1"},"canonical":"https:\/\/www.gaveanews.com\/index.php\/2025\/02\/07\/cruzeiro-a-declaracao-de-wesley-carvalho-direcionada-a-leonardo-jardim\/","og_locale":"pt_BR","og_type":"article","og_title":"Cruzeiro: a declara\u00e7\u00e3o de Wesley Carvalho direcionada a Leonardo Jardim","og_description":"Com a chegada de Leonardo Jardim ao Cruzeiro pr\u00f3xima, Wesley Carvalho, interino do clube, continua sua jornada \u00e0 frente da equipe com resultados positivos.&nbsp; At\u00e9 o momento, ele permanece invicto ap\u00f3s tr\u00eas rodadas e j\u00e1 soma duas vit\u00f3rias e um empate. Isso porque, al\u00e9m de bons resultados, o time tem mostrado boas atua\u00e7\u00f5es sob sua [&hellip;]","og_url":"https:\/\/www.gaveanews.com\/index.php\/2025\/02\/07\/cruzeiro-a-declaracao-de-wesley-carvalho-direcionada-a-leonardo-jardim\/","og_site_name":"G\u00e1vea News","article_publisher":"https:\/\/facebook.com\/gaveaNews\/","article_published_time":"2025-02-07T16:25:41+00:00","og_image":[{"width":1062,"height":708,"url":"https:\/\/www.gaveanews.com\/wp-content\/uploads\/Bandeira-do-Cruzeiro.webp","type":"image\/webp"}],"author":"Rafaela Ladeira","twitter_card":"summary_large_image","twitter_misc":{"Escrito por":"Rafaela Ladeira","Est. tempo de leitura":"3 minutos"},"schema":{"@context":"https:\/\/schema.org","@graph":[{"@type":"NewsArticle","@id":"https:\/\/www.gaveanews.com\/index.php\/2025\/02\/07\/cruzeiro-a-declaracao-de-wesley-carvalho-direcionada-a-leonardo-jardim\/#article","isPartOf":{"@id":"https:\/\/www.gaveanews.com\/index.php\/2025\/02\/07\/cruzeiro-a-declaracao-de-wesley-carvalho-direcionada-a-leonardo-jardim\/"},"author":{"name":"Rafaela Ladeira","@id":"https:\/\/www.gaveanews.com\/#\/schema\/person\/0eb3e3fe1754f0205218538adbe8f5ed"},"headline":"Cruzeiro: a declara\u00e7\u00e3o de Wesley Carvalho direcionada a Leonardo Jardim","datePublished":"2025-02-07T16:25:41+00:00","mainEntityOfPage":{"@id":"https:\/\/www.gaveanews.com\/index.php\/2025\/02\/07\/cruzeiro-a-declaracao-de-wesley-carvalho-direcionada-a-leonardo-jardim\/"},"wordCount":472,"commentCount":0,"image":{"@id":"https:\/\/www.gaveanews.com\/index.php\/2025\/02\/07\/cruzeiro-a-declaracao-de-wesley-carvalho-direcionada-a-leonardo-jardim\/#primaryimage"},"thumbnailUrl":"https:\/\/www.gaveanews.com\/wp-content\/uploads\/Bandeira-do-Cruzeiro.webp","articleSection":["Cruzeiro"],"inLanguage":"pt-BR","potentialAction":[{"@type":"CommentAction","name":"Comment","target":["https:\/\/www.gaveanews.com\/index.php\/2025\/02\/07\/cruzeiro-a-declaracao-de-wesley-carvalho-direcionada-a-leonardo-jardim\/#respond"]}],"copyrightYear":"2025","copyrightHolder":{"@id":"https:\/\/www.gaveanews.com\/#organization"}},{"@type":"WebPage","@id":"https:\/\/www.gaveanews.com\/index.php\/2025\/02\/07\/cruzeiro-a-declaracao-de-wesley-carvalho-direcionada-a-leonardo-jardim\/","url":"https:\/\/www.gaveanews.com\/index.php\/2025\/02\/07\/cruzeiro-a-declaracao-de-wesley-carvalho-direcionada-a-leonardo-jardim\/","name":"Cruzeiro: a declara\u00e7\u00e3o de Wesley Carvalho direcionada a Leonardo Jardim","isPartOf":{"@id":"https:\/\/www.gaveanews.com\/#website"},"primaryImageOfPage":{"@id":"https:\/\/www.gaveanews.com\/index.php\/2025\/02\/07\/cruzeiro-a-declaracao-de-wesley-carvalho-direcionada-a-leonardo-jardim\/#primaryimage"},"image":{"@id":"https:\/\/www.gaveanews.com\/index.php\/2025\/02\/07\/cruzeiro-a-declaracao-de-wesley-carvalho-direcionada-a-leonardo-jardim\/#primaryimage"},"thumbnailUrl":"https:\/\/www.gaveanews.com\/wp-content\/uploads\/Bandeira-do-Cruzeiro.webp","datePublished":"2025-02-07T16:25:41+00:00","author":{"@id":"https:\/\/www.gaveanews.com\/#\/schema\/person\/0eb3e3fe1754f0205218538adbe8f5ed"},"breadcrumb":{"@id":"https:\/\/www.gaveanews.com\/index.php\/2025\/02\/07\/cruzeiro-a-declaracao-de-wesley-carvalho-direcionada-a-leonardo-jardim\/#breadcrumb"},"inLanguage":"pt-BR","potentialAction":[{"@type":"ReadAction","target":["https:\/\/www.gaveanews.com\/index.php\/2025\/02\/07\/cruzeiro-a-declaracao-de-wesley-carvalho-direcionada-a-leonardo-jardim\/"]}]},{"@type":"ImageObject","inLanguage":"pt-BR","@id":"https:\/\/www.gaveanews.com\/index.php\/2025\/02\/07\/cruzeiro-a-declaracao-de-wesley-carvalho-direcionada-a-leonardo-jardim\/#primaryimage","url":"https:\/\/www.gaveanews.com\/wp-content\/uploads\/Bandeira-do-Cruzeiro.webp","contentUrl":"https:\/\/www.gaveanews.com\/wp-content\/uploads\/Bandeira-do-Cruzeiro.webp","width":1062,"height":708,"caption":"Bandeira do Cruzeiro (Foto: Reprodu\u00e7\u00e3o\/Cruzeiro)"},{"@type":"BreadcrumbList","@id":"https:\/\/www.gaveanews.com\/index.php\/2025\/02\/07\/cruzeiro-a-declaracao-de-wesley-carvalho-direcionada-a-leonardo-jardim\/#breadcrumb","itemListElement":[{"@type":"ListItem","position":1,"name":"Home","item":"https:\/\/www.gaveanews.com\/"},{"@type":"ListItem","position":2,"name":"Cruzeiro: a declara\u00e7\u00e3o de Wesley Carvalho direcionada a Leonardo Jardim"}]},{"@type":"WebSite","@id":"https:\/\/www.gaveanews.com\/#website","url":"https:\/\/www.gaveanews.com\/","name":"G\u00e1vea News","description":"Veja todas as not\u00edcias sobre o Flamengo: Contrata\u00e7\u00f5es, categorias de base, resultados das partidas, tabela de classifica\u00e7\u00e3o, pr\u00f3ximos jogos!","potentialAction":[{"@type":"SearchAction","target":{"@type":"EntryPoint","urlTemplate":"https:\/\/www.gaveanews.com\/?s={search_term_string}"},"query-input":{"@type":"PropertyValueSpecification","valueRequired":true,"valueName":"search_term_string"}}],"inLanguage":"pt-BR"},{"@type":"Person","@id":"https:\/\/www.gaveanews.com\/#\/schema\/person\/0eb3e3fe1754f0205218538adbe8f5ed","name":"Rafaela Ladeira","image":{"@type":"ImageObject","inLanguage":"pt-BR","@id":"https:\/\/www.gaveanews.com\/#\/schema\/person\/image\/","url":"https:\/\/secure.gravatar.com\/avatar\/c31f513acffd85eacab5730cbdfdbbf59f21ba5aeada8cd890acea879fbb2455?s=96&d=mm&r=g","contentUrl":"https:\/\/secure.gravatar.com\/avatar\/c31f513acffd85eacab5730cbdfdbbf59f21ba5aeada8cd890acea879fbb2455?s=96&d=mm&r=g","caption":"Rafaela Ladeira"}}]}},"_links":{"self":[{"href":"https:\/\/www.gaveanews.com\/index.php\/wp-json\/wp\/v2\/posts\/224687","targetHints":{"allow":["GET"]}}],"collection":[{"href":"https:\/\/www.gaveanews.com\/index.php\/wp-json\/wp\/v2\/posts"}],"about":[{"href":"https:\/\/www.gaveanews.com\/index.php\/wp-json\/wp\/v2\/types\/post"}],"author":[{"embeddable":true,"href":"https:\/\/www.gaveanews.com\/index.php\/wp-json\/wp\/v2\/users\/25"}],"replies":[{"embeddable":true,"href":"https:\/\/www.gaveanews.com\/index.php\/wp-json\/wp\/v2\/comments?post=224687"}],"version-history":[{"count":1,"href":"https:\/\/www.gaveanews.com\/index.php\/wp-json\/wp\/v2\/posts\/224687\/revisions"}],"predecessor-version":[{"id":224688,"href":"https:\/\/www.gaveanews.com\/index.php\/wp-json\/wp\/v2\/posts\/224687\/revisions\/224688"}],"wp:featuredmedia":[{"embeddable":true,"href":"https:\/\/www.gaveanews.com\/index.php\/wp-json\/wp\/v2\/media\/175601"}],"wp:attachment":[{"href":"https:\/\/www.gaveanews.com\/index.php\/wp-json\/wp\/v2\/media?parent=224687"}],"wp:term":[{"taxonomy":"category","embeddable":true,"href":"https:\/\/www.gaveanews.com\/index.php\/wp-json\/wp\/v2\/categories?post=224687"},{"taxonomy":"post_tag","embeddable":true,"href":"https:\/\/www.gaveanews.com\/index.php\/wp-json\/wp\/v2\/tags?post=224687"}],"curies":[{"name":"wp","href":"https:\/\/api.w.org\/{rel}","templated":true}]}}