{"id":224786,"date":"2025-02-07T14:30:31","date_gmt":"2025-02-07T17:30:31","guid":{"rendered":"https:\/\/www.gaveanews.com\/?p=224786"},"modified":"2025-02-07T14:04:29","modified_gmt":"2025-02-07T17:04:29","slug":"fluminense-x-flamengo-a-escalacao-escolhida-por-filipe-luis-para-classico","status":"publish","type":"post","link":"https:\/\/www.gaveanews.com\/index.php\/2025\/02\/07\/fluminense-x-flamengo-a-escalacao-escolhida-por-filipe-luis-para-classico\/","title":{"rendered":"Fluminense x Flamengo: a escala\u00e7\u00e3o escolhida por Filipe Lu\u00eds para cl\u00e1ssico"},"content":{"rendered":"\n<p>O Flamengo entra em campo neste s\u00e1bado (08) para mais um desafio no Campeonato Carioca. O advers\u00e1rio da vez \u00e9 o Fluminense, em cl\u00e1ssico disputado no Maracan\u00e3.&nbsp;<\/p>\n\n\n\n<p>Para conquistar mais tr\u00eas pontos e seguir firme na luta pela lideran\u00e7a, Filipe Lu\u00eds deve escalar o que tem de melhor \u00e0 disposi\u00e7\u00e3o, mas precisar\u00e1 lidar com uma aus\u00eancia importante no meio de campo.<\/p>\n\n\n\n<h2 class=\"wp-block-heading\" id=\"h-flamengo-tera-mudancas-no-time-titular\">Flamengo ter\u00e1 mudan\u00e7as no time titular<\/h2>\n\n\n\n<p>De La Cruz, que est\u00e1 sob controle de carga do departamento m\u00e9dico, n\u00e3o participar\u00e1 do confronto. Sendo assim, Filipe Lu\u00eds ter\u00e1 que escolher entre Allan e Everton Ara\u00fajo para a vaga no meio-campo.&nbsp;<\/p>\n\n\n\n<p>Al\u00e9m disso, o treinador tamb\u00e9m deve promover altera\u00e7\u00e3o no ataque, j\u00e1 que Michael, titular na conquista da Supercopa, pode come\u00e7ar no banco. Dessa maneira, Luiz Ara\u00fajo e Arrascaeta disputam a posi\u00e7\u00e3o.<\/p>\n\n\n\n<p>Caso a op\u00e7\u00e3o seja por Luiz Ara\u00fajo, Gerson atuar\u00e1 mais centralizado como armador. Por outro lado, se Arrascaeta for o escolhido, o camisa 8 rubro-negro jogar\u00e1 mais aberto pelo lado direito, formando uma dobradinha com Wesley, como ocorreu na decis\u00e3o contra o Botafogo.<\/p>\n\n\n\n<h2 class=\"wp-block-heading\" id=\"h-provavel-escalacao-do-flamengo\">Prov\u00e1vel escala\u00e7\u00e3o do Flamengo<\/h2>\n\n\n\n<p>Com algumas d\u00favidas, o Flamengo deve ir a campo com: Rossi; Wesley, L\u00e9o Ortiz, L\u00e9o Pereira e Alex Sandro; Pulgar, Allan (Everton Ara\u00fajo) e Gerson; Luiz Ara\u00fajo (Arrascaeta), Bruno Henrique e Plata.<\/p>\n\n\n\n<p>Vale destacar que Filipe Lu\u00eds busca manter a base que venceu o Botafogo na Supercopa. Por isso, o time n\u00e3o sofrer\u00e1 grandes altera\u00e7\u00f5es, refor\u00e7ando a ideia de entrosamento e continuidade no trabalho.<\/p>\n\n\n\n<h2 class=\"wp-block-heading\" id=\"h-classico-pode-valer-a-lideranca\">Cl\u00e1ssico pode valer a lideran\u00e7a<\/h2>\n\n\n\n<p>Atualmente, o Flamengo ocupa a segunda coloca\u00e7\u00e3o no Campeonato Carioca, com 13 pontos. No entanto, o Rubro-Negro tem um jogo a menos em rela\u00e7\u00e3o ao l\u00edder, j\u00e1 que a partida atrasada da s\u00e9tima rodada contra o Botafogo acontecer\u00e1 no dia 12 de fevereiro.<\/p>\n\n\n\n<p>Vale destacar que uma vit\u00f3ria pode colocar o Flamengo na lideran\u00e7a da competi\u00e7\u00e3o, aumentando a confian\u00e7a para a sequ\u00eancia do torneio. Em contrapartida, o Fluminense vive um momento delicado, ocupando a oitava coloca\u00e7\u00e3o e fora da zona de classifica\u00e7\u00e3o para as semifinais.<\/p>\n\n\n\n<p>Com isso, o cl\u00e1ssico ganha ainda mais peso, j\u00e1 que o Flamengo pode assumir a ponta da tabela e o Tricolor precisa desesperadamente da vit\u00f3ria para seguir vivo na disputa.<\/p>\n","protected":false},"excerpt":{"rendered":"<p>O Flamengo entra em campo neste s\u00e1bado (08) para mais um desafio no Campeonato Carioca. O advers\u00e1rio da vez \u00e9 o Fluminense, em cl\u00e1ssico disputado no Maracan\u00e3.&nbsp; Para conquistar mais tr\u00eas pontos e seguir firme na luta pela lideran\u00e7a, Filipe Lu\u00eds deve escalar o que tem de melhor \u00e0 disposi\u00e7\u00e3o, mas precisar\u00e1 lidar com uma [&hellip;]<\/p>\n","protected":false},"author":25,"featured_media":171957,"comment_status":"open","ping_status":"closed","sticky":false,"template":"","format":"standard","meta":{"footnotes":""},"categories":[1],"tags":[],"class_list":["post-224786","post","type-post","status-publish","format-standard","has-post-thumbnail","hentry","category-flamengo"],"yoast_head":"<!-- This site is optimized with the Yoast SEO Premium plugin v24.2 (Yoast SEO v26.9) - https:\/\/yoast.com\/product\/yoast-seo-premium-wordpress\/ -->\n<title>Fluminense x Flamengo: a escala\u00e7\u00e3o escolhida por Filipe Lu\u00eds para cl\u00e1ssico<\/title>\n<meta name=\"robots\" content=\"index, follow, max-snippet:-1, max-image-preview:large, max-video-preview:-1\" \/>\n<link rel=\"canonical\" href=\"https:\/\/www.gaveanews.com\/index.php\/2025\/02\/07\/fluminense-x-flamengo-a-escalacao-escolhida-por-filipe-luis-para-classico\/\" \/>\n<meta property=\"og:locale\" content=\"pt_BR\" \/>\n<meta property=\"og:type\" content=\"article\" \/>\n<meta property=\"og:title\" content=\"Fluminense x Flamengo: a escala\u00e7\u00e3o escolhida por Filipe Lu\u00eds para cl\u00e1ssico\" \/>\n<meta property=\"og:description\" content=\"O Flamengo entra em campo neste s\u00e1bado (08) para mais um desafio no Campeonato Carioca. O advers\u00e1rio da vez \u00e9 o Fluminense, em cl\u00e1ssico disputado no Maracan\u00e3.&nbsp; Para conquistar mais tr\u00eas pontos e seguir firme na luta pela lideran\u00e7a, Filipe Lu\u00eds deve escalar o que tem de melhor \u00e0 disposi\u00e7\u00e3o, mas precisar\u00e1 lidar com uma [&hellip;]\" \/>\n<meta property=\"og:url\" content=\"https:\/\/www.gaveanews.com\/index.php\/2025\/02\/07\/fluminense-x-flamengo-a-escalacao-escolhida-por-filipe-luis-para-classico\/\" \/>\n<meta property=\"og:site_name\" content=\"G\u00e1vea News\" \/>\n<meta property=\"article:publisher\" content=\"https:\/\/facebook.com\/gaveaNews\/\" \/>\n<meta property=\"article:published_time\" content=\"2025-02-07T17:30:31+00:00\" \/>\n<meta property=\"og:image\" content=\"https:\/\/www.gaveanews.com\/wp-content\/uploads\/Filipe-Luis-durante-jogo-entre-o-Flamengo-x-Bahia.webp\" \/>\n\t<meta property=\"og:image:width\" content=\"342\" \/>\n\t<meta property=\"og:image:height\" content=\"338\" \/>\n\t<meta property=\"og:image:type\" content=\"image\/jpeg\" \/>\n<meta name=\"author\" content=\"Rafaela Ladeira\" \/>\n<meta name=\"twitter:card\" content=\"summary_large_image\" \/>\n<meta name=\"twitter:label1\" content=\"Escrito por\" \/>\n\t<meta name=\"twitter:data1\" content=\"Rafaela Ladeira\" \/>\n\t<meta name=\"twitter:label2\" content=\"Est. tempo de leitura\" \/>\n\t<meta name=\"twitter:data2\" content=\"3 minutos\" \/>\n<script type=\"application\/ld+json\" class=\"yoast-schema-graph\">{\"@context\":\"https:\/\/schema.org\",\"@graph\":[{\"@type\":\"NewsArticle\",\"@id\":\"https:\/\/www.gaveanews.com\/index.php\/2025\/02\/07\/fluminense-x-flamengo-a-escalacao-escolhida-por-filipe-luis-para-classico\/#article\",\"isPartOf\":{\"@id\":\"https:\/\/www.gaveanews.com\/index.php\/2025\/02\/07\/fluminense-x-flamengo-a-escalacao-escolhida-por-filipe-luis-para-classico\/\"},\"author\":{\"name\":\"Rafaela Ladeira\",\"@id\":\"https:\/\/www.gaveanews.com\/#\/schema\/person\/0eb3e3fe1754f0205218538adbe8f5ed\"},\"headline\":\"Fluminense x Flamengo: a escala\u00e7\u00e3o escolhida por Filipe Lu\u00eds para cl\u00e1ssico\",\"datePublished\":\"2025-02-07T17:30:31+00:00\",\"mainEntityOfPage\":{\"@id\":\"https:\/\/www.gaveanews.com\/index.php\/2025\/02\/07\/fluminense-x-flamengo-a-escalacao-escolhida-por-filipe-luis-para-classico\/\"},\"wordCount\":420,\"commentCount\":0,\"image\":{\"@id\":\"https:\/\/www.gaveanews.com\/index.php\/2025\/02\/07\/fluminense-x-flamengo-a-escalacao-escolhida-por-filipe-luis-para-classico\/#primaryimage\"},\"thumbnailUrl\":\"https:\/\/www.gaveanews.com\/wp-content\/uploads\/Filipe-Luis-durante-jogo-entre-o-Flamengo-x-Bahia.webp\",\"articleSection\":[\"Flamengo\"],\"inLanguage\":\"pt-BR\",\"potentialAction\":[{\"@type\":\"CommentAction\",\"name\":\"Comment\",\"target\":[\"https:\/\/www.gaveanews.com\/index.php\/2025\/02\/07\/fluminense-x-flamengo-a-escalacao-escolhida-por-filipe-luis-para-classico\/#respond\"]}],\"copyrightYear\":\"2025\",\"copyrightHolder\":{\"@id\":\"https:\/\/www.gaveanews.com\/#organization\"}},{\"@type\":\"WebPage\",\"@id\":\"https:\/\/www.gaveanews.com\/index.php\/2025\/02\/07\/fluminense-x-flamengo-a-escalacao-escolhida-por-filipe-luis-para-classico\/\",\"url\":\"https:\/\/www.gaveanews.com\/index.php\/2025\/02\/07\/fluminense-x-flamengo-a-escalacao-escolhida-por-filipe-luis-para-classico\/\",\"name\":\"Fluminense x Flamengo: a escala\u00e7\u00e3o escolhida por Filipe Lu\u00eds para cl\u00e1ssico\",\"isPartOf\":{\"@id\":\"https:\/\/www.gaveanews.com\/#website\"},\"primaryImageOfPage\":{\"@id\":\"https:\/\/www.gaveanews.com\/index.php\/2025\/02\/07\/fluminense-x-flamengo-a-escalacao-escolhida-por-filipe-luis-para-classico\/#primaryimage\"},\"image\":{\"@id\":\"https:\/\/www.gaveanews.com\/index.php\/2025\/02\/07\/fluminense-x-flamengo-a-escalacao-escolhida-por-filipe-luis-para-classico\/#primaryimage\"},\"thumbnailUrl\":\"https:\/\/www.gaveanews.com\/wp-content\/uploads\/Filipe-Luis-durante-jogo-entre-o-Flamengo-x-Bahia.webp\",\"datePublished\":\"2025-02-07T17:30:31+00:00\",\"author\":{\"@id\":\"https:\/\/www.gaveanews.com\/#\/schema\/person\/0eb3e3fe1754f0205218538adbe8f5ed\"},\"breadcrumb\":{\"@id\":\"https:\/\/www.gaveanews.com\/index.php\/2025\/02\/07\/fluminense-x-flamengo-a-escalacao-escolhida-por-filipe-luis-para-classico\/#breadcrumb\"},\"inLanguage\":\"pt-BR\",\"potentialAction\":[{\"@type\":\"ReadAction\",\"target\":[\"https:\/\/www.gaveanews.com\/index.php\/2025\/02\/07\/fluminense-x-flamengo-a-escalacao-escolhida-por-filipe-luis-para-classico\/\"]}]},{\"@type\":\"ImageObject\",\"inLanguage\":\"pt-BR\",\"@id\":\"https:\/\/www.gaveanews.com\/index.php\/2025\/02\/07\/fluminense-x-flamengo-a-escalacao-escolhida-por-filipe-luis-para-classico\/#primaryimage\",\"url\":\"https:\/\/www.gaveanews.com\/wp-content\/uploads\/Filipe-Luis-durante-jogo-entre-o-Flamengo-x-Bahia.webp\",\"contentUrl\":\"https:\/\/www.gaveanews.com\/wp-content\/uploads\/Filipe-Luis-durante-jogo-entre-o-Flamengo-x-Bahia.webp\",\"width\":342,\"height\":338,\"caption\":\"Filipe Lu\u00eds durante jogo entre o Flamengo x Bahia (Foto: Gilvan de Souza\/CRF)\"},{\"@type\":\"BreadcrumbList\",\"@id\":\"https:\/\/www.gaveanews.com\/index.php\/2025\/02\/07\/fluminense-x-flamengo-a-escalacao-escolhida-por-filipe-luis-para-classico\/#breadcrumb\",\"itemListElement\":[{\"@type\":\"ListItem\",\"position\":1,\"name\":\"Home\",\"item\":\"https:\/\/www.gaveanews.com\/\"},{\"@type\":\"ListItem\",\"position\":2,\"name\":\"Fluminense x Flamengo: a escala\u00e7\u00e3o escolhida por Filipe Lu\u00eds para cl\u00e1ssico\"}]},{\"@type\":\"WebSite\",\"@id\":\"https:\/\/www.gaveanews.com\/#website\",\"url\":\"https:\/\/www.gaveanews.com\/\",\"name\":\"G\u00e1vea News\",\"description\":\"Veja todas as not\u00edcias sobre o Flamengo: Contrata\u00e7\u00f5es, categorias de base, resultados das partidas, tabela de classifica\u00e7\u00e3o, pr\u00f3ximos jogos!\",\"potentialAction\":[{\"@type\":\"SearchAction\",\"target\":{\"@type\":\"EntryPoint\",\"urlTemplate\":\"https:\/\/www.gaveanews.com\/?s={search_term_string}\"},\"query-input\":{\"@type\":\"PropertyValueSpecification\",\"valueRequired\":true,\"valueName\":\"search_term_string\"}}],\"inLanguage\":\"pt-BR\"},{\"@type\":\"Person\",\"@id\":\"https:\/\/www.gaveanews.com\/#\/schema\/person\/0eb3e3fe1754f0205218538adbe8f5ed\",\"name\":\"Rafaela Ladeira\",\"image\":{\"@type\":\"ImageObject\",\"inLanguage\":\"pt-BR\",\"@id\":\"https:\/\/www.gaveanews.com\/#\/schema\/person\/image\/\",\"url\":\"https:\/\/secure.gravatar.com\/avatar\/c31f513acffd85eacab5730cbdfdbbf59f21ba5aeada8cd890acea879fbb2455?s=96&d=mm&r=g\",\"contentUrl\":\"https:\/\/secure.gravatar.com\/avatar\/c31f513acffd85eacab5730cbdfdbbf59f21ba5aeada8cd890acea879fbb2455?s=96&d=mm&r=g\",\"caption\":\"Rafaela Ladeira\"}}]}<\/script>\n<!-- \/ Yoast SEO Premium plugin. -->","yoast_head_json":{"title":"Fluminense x Flamengo: a escala\u00e7\u00e3o escolhida por Filipe Lu\u00eds para cl\u00e1ssico","robots":{"index":"index","follow":"follow","max-snippet":"max-snippet:-1","max-image-preview":"max-image-preview:large","max-video-preview":"max-video-preview:-1"},"canonical":"https:\/\/www.gaveanews.com\/index.php\/2025\/02\/07\/fluminense-x-flamengo-a-escalacao-escolhida-por-filipe-luis-para-classico\/","og_locale":"pt_BR","og_type":"article","og_title":"Fluminense x Flamengo: a escala\u00e7\u00e3o escolhida por Filipe Lu\u00eds para cl\u00e1ssico","og_description":"O Flamengo entra em campo neste s\u00e1bado (08) para mais um desafio no Campeonato Carioca. O advers\u00e1rio da vez \u00e9 o Fluminense, em cl\u00e1ssico disputado no Maracan\u00e3.&nbsp; Para conquistar mais tr\u00eas pontos e seguir firme na luta pela lideran\u00e7a, Filipe Lu\u00eds deve escalar o que tem de melhor \u00e0 disposi\u00e7\u00e3o, mas precisar\u00e1 lidar com uma [&hellip;]","og_url":"https:\/\/www.gaveanews.com\/index.php\/2025\/02\/07\/fluminense-x-flamengo-a-escalacao-escolhida-por-filipe-luis-para-classico\/","og_site_name":"G\u00e1vea News","article_publisher":"https:\/\/facebook.com\/gaveaNews\/","article_published_time":"2025-02-07T17:30:31+00:00","og_image":[{"width":342,"height":338,"url":"https:\/\/www.gaveanews.com\/wp-content\/uploads\/Filipe-Luis-durante-jogo-entre-o-Flamengo-x-Bahia.webp","type":"image\/jpeg"}],"author":"Rafaela Ladeira","twitter_card":"summary_large_image","twitter_misc":{"Escrito por":"Rafaela Ladeira","Est. tempo de leitura":"3 minutos"},"schema":{"@context":"https:\/\/schema.org","@graph":[{"@type":"NewsArticle","@id":"https:\/\/www.gaveanews.com\/index.php\/2025\/02\/07\/fluminense-x-flamengo-a-escalacao-escolhida-por-filipe-luis-para-classico\/#article","isPartOf":{"@id":"https:\/\/www.gaveanews.com\/index.php\/2025\/02\/07\/fluminense-x-flamengo-a-escalacao-escolhida-por-filipe-luis-para-classico\/"},"author":{"name":"Rafaela Ladeira","@id":"https:\/\/www.gaveanews.com\/#\/schema\/person\/0eb3e3fe1754f0205218538adbe8f5ed"},"headline":"Fluminense x Flamengo: a escala\u00e7\u00e3o escolhida por Filipe Lu\u00eds para cl\u00e1ssico","datePublished":"2025-02-07T17:30:31+00:00","mainEntityOfPage":{"@id":"https:\/\/www.gaveanews.com\/index.php\/2025\/02\/07\/fluminense-x-flamengo-a-escalacao-escolhida-por-filipe-luis-para-classico\/"},"wordCount":420,"commentCount":0,"image":{"@id":"https:\/\/www.gaveanews.com\/index.php\/2025\/02\/07\/fluminense-x-flamengo-a-escalacao-escolhida-por-filipe-luis-para-classico\/#primaryimage"},"thumbnailUrl":"https:\/\/www.gaveanews.com\/wp-content\/uploads\/Filipe-Luis-durante-jogo-entre-o-Flamengo-x-Bahia.webp","articleSection":["Flamengo"],"inLanguage":"pt-BR","potentialAction":[{"@type":"CommentAction","name":"Comment","target":["https:\/\/www.gaveanews.com\/index.php\/2025\/02\/07\/fluminense-x-flamengo-a-escalacao-escolhida-por-filipe-luis-para-classico\/#respond"]}],"copyrightYear":"2025","copyrightHolder":{"@id":"https:\/\/www.gaveanews.com\/#organization"}},{"@type":"WebPage","@id":"https:\/\/www.gaveanews.com\/index.php\/2025\/02\/07\/fluminense-x-flamengo-a-escalacao-escolhida-por-filipe-luis-para-classico\/","url":"https:\/\/www.gaveanews.com\/index.php\/2025\/02\/07\/fluminense-x-flamengo-a-escalacao-escolhida-por-filipe-luis-para-classico\/","name":"Fluminense x Flamengo: a escala\u00e7\u00e3o escolhida por Filipe Lu\u00eds para cl\u00e1ssico","isPartOf":{"@id":"https:\/\/www.gaveanews.com\/#website"},"primaryImageOfPage":{"@id":"https:\/\/www.gaveanews.com\/index.php\/2025\/02\/07\/fluminense-x-flamengo-a-escalacao-escolhida-por-filipe-luis-para-classico\/#primaryimage"},"image":{"@id":"https:\/\/www.gaveanews.com\/index.php\/2025\/02\/07\/fluminense-x-flamengo-a-escalacao-escolhida-por-filipe-luis-para-classico\/#primaryimage"},"thumbnailUrl":"https:\/\/www.gaveanews.com\/wp-content\/uploads\/Filipe-Luis-durante-jogo-entre-o-Flamengo-x-Bahia.webp","datePublished":"2025-02-07T17:30:31+00:00","author":{"@id":"https:\/\/www.gaveanews.com\/#\/schema\/person\/0eb3e3fe1754f0205218538adbe8f5ed"},"breadcrumb":{"@id":"https:\/\/www.gaveanews.com\/index.php\/2025\/02\/07\/fluminense-x-flamengo-a-escalacao-escolhida-por-filipe-luis-para-classico\/#breadcrumb"},"inLanguage":"pt-BR","potentialAction":[{"@type":"ReadAction","target":["https:\/\/www.gaveanews.com\/index.php\/2025\/02\/07\/fluminense-x-flamengo-a-escalacao-escolhida-por-filipe-luis-para-classico\/"]}]},{"@type":"ImageObject","inLanguage":"pt-BR","@id":"https:\/\/www.gaveanews.com\/index.php\/2025\/02\/07\/fluminense-x-flamengo-a-escalacao-escolhida-por-filipe-luis-para-classico\/#primaryimage","url":"https:\/\/www.gaveanews.com\/wp-content\/uploads\/Filipe-Luis-durante-jogo-entre-o-Flamengo-x-Bahia.webp","contentUrl":"https:\/\/www.gaveanews.com\/wp-content\/uploads\/Filipe-Luis-durante-jogo-entre-o-Flamengo-x-Bahia.webp","width":342,"height":338,"caption":"Filipe Lu\u00eds durante jogo entre o Flamengo x Bahia (Foto: Gilvan de Souza\/CRF)"},{"@type":"BreadcrumbList","@id":"https:\/\/www.gaveanews.com\/index.php\/2025\/02\/07\/fluminense-x-flamengo-a-escalacao-escolhida-por-filipe-luis-para-classico\/#breadcrumb","itemListElement":[{"@type":"ListItem","position":1,"name":"Home","item":"https:\/\/www.gaveanews.com\/"},{"@type":"ListItem","position":2,"name":"Fluminense x Flamengo: a escala\u00e7\u00e3o escolhida por Filipe Lu\u00eds para cl\u00e1ssico"}]},{"@type":"WebSite","@id":"https:\/\/www.gaveanews.com\/#website","url":"https:\/\/www.gaveanews.com\/","name":"G\u00e1vea News","description":"Veja todas as not\u00edcias sobre o Flamengo: Contrata\u00e7\u00f5es, categorias de base, resultados das partidas, tabela de classifica\u00e7\u00e3o, pr\u00f3ximos jogos!","potentialAction":[{"@type":"SearchAction","target":{"@type":"EntryPoint","urlTemplate":"https:\/\/www.gaveanews.com\/?s={search_term_string}"},"query-input":{"@type":"PropertyValueSpecification","valueRequired":true,"valueName":"search_term_string"}}],"inLanguage":"pt-BR"},{"@type":"Person","@id":"https:\/\/www.gaveanews.com\/#\/schema\/person\/0eb3e3fe1754f0205218538adbe8f5ed","name":"Rafaela Ladeira","image":{"@type":"ImageObject","inLanguage":"pt-BR","@id":"https:\/\/www.gaveanews.com\/#\/schema\/person\/image\/","url":"https:\/\/secure.gravatar.com\/avatar\/c31f513acffd85eacab5730cbdfdbbf59f21ba5aeada8cd890acea879fbb2455?s=96&d=mm&r=g","contentUrl":"https:\/\/secure.gravatar.com\/avatar\/c31f513acffd85eacab5730cbdfdbbf59f21ba5aeada8cd890acea879fbb2455?s=96&d=mm&r=g","caption":"Rafaela Ladeira"}}]}},"_links":{"self":[{"href":"https:\/\/www.gaveanews.com\/index.php\/wp-json\/wp\/v2\/posts\/224786","targetHints":{"allow":["GET"]}}],"collection":[{"href":"https:\/\/www.gaveanews.com\/index.php\/wp-json\/wp\/v2\/posts"}],"about":[{"href":"https:\/\/www.gaveanews.com\/index.php\/wp-json\/wp\/v2\/types\/post"}],"author":[{"embeddable":true,"href":"https:\/\/www.gaveanews.com\/index.php\/wp-json\/wp\/v2\/users\/25"}],"replies":[{"embeddable":true,"href":"https:\/\/www.gaveanews.com\/index.php\/wp-json\/wp\/v2\/comments?post=224786"}],"version-history":[{"count":1,"href":"https:\/\/www.gaveanews.com\/index.php\/wp-json\/wp\/v2\/posts\/224786\/revisions"}],"predecessor-version":[{"id":224787,"href":"https:\/\/www.gaveanews.com\/index.php\/wp-json\/wp\/v2\/posts\/224786\/revisions\/224787"}],"wp:featuredmedia":[{"embeddable":true,"href":"https:\/\/www.gaveanews.com\/index.php\/wp-json\/wp\/v2\/media\/171957"}],"wp:attachment":[{"href":"https:\/\/www.gaveanews.com\/index.php\/wp-json\/wp\/v2\/media?parent=224786"}],"wp:term":[{"taxonomy":"category","embeddable":true,"href":"https:\/\/www.gaveanews.com\/index.php\/wp-json\/wp\/v2\/categories?post=224786"},{"taxonomy":"post_tag","embeddable":true,"href":"https:\/\/www.gaveanews.com\/index.php\/wp-json\/wp\/v2\/tags?post=224786"}],"curies":[{"name":"wp","href":"https:\/\/api.w.org\/{rel}","templated":true}]}}