{"id":224827,"date":"2025-02-07T19:25:00","date_gmt":"2025-02-07T22:25:00","guid":{"rendered":"https:\/\/www.gaveanews.com\/?p=224827"},"modified":"2025-02-07T18:27:35","modified_gmt":"2025-02-07T21:27:35","slug":"craque-neto-nao-perdoa-weverton-do-palmeiras","status":"publish","type":"post","link":"https:\/\/www.gaveanews.com\/index.php\/2025\/02\/07\/craque-neto-nao-perdoa-weverton-do-palmeiras\/","title":{"rendered":"Craque Neto n\u00e3o perdoa Weverton, do Palmeiras"},"content":{"rendered":"\n<p>Craque Neto voltou a expressar cr\u00edticas ao goleiro Weverton, do Palmeiras. O apresentador manifestou sua insatisfa\u00e7\u00e3o com a atitude do atleta experiente, que teria apresentado uma mudan\u00e7a de comportamento nos \u00faltimos anos.<\/p>\n\n\n\n<p>\u201cO Weverton, quando jogava na Portuguesa, ningu\u00e9m levava ele em programa. Sabe onde ele ia? S\u00f3 no \u2018Os Donos da Bola\u2019. Weverton, voc\u00ea foi humilde, n\u00e3o \u00e9 mais. Nem um pouco. Precisa dar entrevista pra mim, n\u00e3o. At\u00e9 porque quando voc\u00ea veio aqui, voc\u00ea merecia, est\u00e1 tudo certo\u201d, comentou o ex-jogador.<\/p>\n\n\n\n<p>As cr\u00edticas de Neto ao arqueiro da TV Band n\u00e3o s\u00e3o novidade. Nesta semana, ele destacou pontos negativos no desempenho do goleiro.<\/p>\n\n\n\n<figure class=\"wp-block-image size-large\"><img loading=\"lazy\" decoding=\"async\" width=\"905\" height=\"1024\" src=\"http:\/\/www.gaveanews.com\/wp-content\/uploads\/Weverton-durante-o-jogo-entre-Botafogo-x-Palmeiras-pelo-Brasileirao-2024-905x1024.webp\" alt=\"\" class=\"wp-image-153071\" srcset=\"https:\/\/www.gaveanews.com\/wp-content\/uploads\/Weverton-durante-o-jogo-entre-Botafogo-x-Palmeiras-pelo-Brasileirao-2024-905x1024.webp 905w, https:\/\/www.gaveanews.com\/wp-content\/uploads\/Weverton-durante-o-jogo-entre-Botafogo-x-Palmeiras-pelo-Brasileirao-2024-265x300.webp 265w, https:\/\/www.gaveanews.com\/wp-content\/uploads\/Weverton-durante-o-jogo-entre-Botafogo-x-Palmeiras-pelo-Brasileirao-2024-768x869.webp 768w, https:\/\/www.gaveanews.com\/wp-content\/uploads\/Weverton-durante-o-jogo-entre-Botafogo-x-Palmeiras-pelo-Brasileirao-2024-371x420.webp 371w, https:\/\/www.gaveanews.com\/wp-content\/uploads\/Weverton-durante-o-jogo-entre-Botafogo-x-Palmeiras-pelo-Brasileirao-2024-742x840.webp 742w, https:\/\/www.gaveanews.com\/wp-content\/uploads\/Weverton-durante-o-jogo-entre-Botafogo-x-Palmeiras-pelo-Brasileirao-2024-640x725.webp 640w, https:\/\/www.gaveanews.com\/wp-content\/uploads\/Weverton-durante-o-jogo-entre-Botafogo-x-Palmeiras-pelo-Brasileirao-2024-1280x1449.webp 1280w, https:\/\/www.gaveanews.com\/wp-content\/uploads\/Weverton-durante-o-jogo-entre-Botafogo-x-Palmeiras-pelo-Brasileirao-2024-681x771.webp 681w, https:\/\/www.gaveanews.com\/wp-content\/uploads\/Weverton-durante-o-jogo-entre-Botafogo-x-Palmeiras-pelo-Brasileirao-2024-100x113.webp 100w, https:\/\/www.gaveanews.com\/wp-content\/uploads\/Weverton-durante-o-jogo-entre-Botafogo-x-Palmeiras-pelo-Brasileirao-2024.webp 1325w\" sizes=\"auto, (max-width: 905px) 100vw, 905px\" \/><figcaption class=\"wp-element-caption\">Weverton  (Foto: Cesar Greco\/Palmeiras)<\/figcaption><\/figure>\n\n\n\n<p>\u201cWeverton pipoca, vai levar frango de novo, hein. Voc\u00ea pipoca para n\u00f3s (Corinthians)\u201d, provocou Craque Neto.<\/p>\n\n\n\n<p>Vale destacar que o Palmeiras x Corinthians empataram em 1&#215;1 na noite de ontem, os gols foram marcados pelo Maur\u00edcio e Yuri Alberto.<\/p>\n\n\n\n<p>Weverton faz parte do Verd\u00e3o desde 2018 e j\u00e1 conquistou diversas trof\u00e9us, incluindo duas edi\u00e7\u00f5es da Copa Libertadores da Am\u00e9rica e tr\u00eas do Campeonato Brasileiro S\u00e9rie A. Ele se consolidou como um dos principais nomes da atual gera\u00e7\u00e3o campe\u00e3 do clube da Barra Funda.<\/p>\n\n\n\n<h2 class=\"wp-block-heading\" id=\"h-alem-de-weverton-neto-comentou-sobre-outro-jogador-do-palmeiras\">Al\u00e9m de Weverton, Neto comentou sobre outro jogador do Palmeiras<\/h2>\n\n\n\n<p>Neto tamb\u00e9m expressou sua decep\u00e7\u00e3o com o desempenho de Felipe Anderson at\u00e9 o momento com a camisa do Palmeiras. O jogador foi contratado na metade do ano passado, mas ainda n\u00e3o conseguiu se firmar entre os titulares da equipe treinada pelo portugu\u00eas Abel Ferreira.<\/p>\n\n\n\n<p>\u201cEsse me enganou, viu? Eu achei que ele ia para a sele\u00e7\u00e3o brasileira e ia arrebentar. Meu Deus do c\u00e9u\u2026 vamos ver se melhora. \u00c9 uma decep\u00e7\u00e3o at\u00e9 agora\u201d, declarou o apresentador.<\/p>\n\n\n\n<p>O meia, que foi revelado pelo Santos, obteve grande destaque no futebol europeu, particularmente na Lazio, da It\u00e1lia. Ele tamb\u00e9m jogou pelo West Ham, da Inglaterra, e pelo Porto, de Portugal. Portanto, havia uma grande expectativa no Palestra, por\u00e9m o atleta ainda n\u00e3o correspondeu.<\/p>\n","protected":false},"excerpt":{"rendered":"<p>Craque Neto voltou a expressar cr\u00edticas ao goleiro Weverton, do Palmeiras. O apresentador manifestou sua insatisfa\u00e7\u00e3o com a atitude do atleta experiente, que teria apresentado uma mudan\u00e7a de comportamento nos \u00faltimos anos. \u201cO Weverton, quando jogava na Portuguesa, ningu\u00e9m levava ele em programa. Sabe onde ele ia? S\u00f3 no \u2018Os Donos da Bola\u2019. Weverton, voc\u00ea [&hellip;]<\/p>\n","protected":false},"author":16,"featured_media":71983,"comment_status":"open","ping_status":"closed","sticky":false,"template":"","format":"standard","meta":{"footnotes":""},"categories":[150],"tags":[],"class_list":["post-224827","post","type-post","status-publish","format-standard","has-post-thumbnail","hentry","category-palmeiras"],"yoast_head":"<!-- This site is optimized with the Yoast SEO Premium plugin v24.2 (Yoast SEO v26.9) - https:\/\/yoast.com\/product\/yoast-seo-premium-wordpress\/ -->\n<title>Craque Neto n\u00e3o perdoa Weverton, do Palmeiras<\/title>\n<meta name=\"robots\" content=\"index, follow, max-snippet:-1, max-image-preview:large, max-video-preview:-1\" \/>\n<link rel=\"canonical\" href=\"https:\/\/www.gaveanews.com\/index.php\/2025\/02\/07\/craque-neto-nao-perdoa-weverton-do-palmeiras\/\" \/>\n<meta property=\"og:locale\" content=\"pt_BR\" \/>\n<meta property=\"og:type\" content=\"article\" \/>\n<meta property=\"og:title\" content=\"Craque Neto n\u00e3o perdoa Weverton, do Palmeiras\" \/>\n<meta property=\"og:description\" content=\"Craque Neto voltou a expressar cr\u00edticas ao goleiro Weverton, do Palmeiras. O apresentador manifestou sua insatisfa\u00e7\u00e3o com a atitude do atleta experiente, que teria apresentado uma mudan\u00e7a de comportamento nos \u00faltimos anos. \u201cO Weverton, quando jogava na Portuguesa, ningu\u00e9m levava ele em programa. Sabe onde ele ia? S\u00f3 no \u2018Os Donos da Bola\u2019. Weverton, voc\u00ea [&hellip;]\" \/>\n<meta property=\"og:url\" content=\"https:\/\/www.gaveanews.com\/index.php\/2025\/02\/07\/craque-neto-nao-perdoa-weverton-do-palmeiras\/\" \/>\n<meta property=\"og:site_name\" content=\"G\u00e1vea News\" \/>\n<meta property=\"article:publisher\" content=\"https:\/\/facebook.com\/gaveaNews\/\" \/>\n<meta property=\"article:published_time\" content=\"2025-02-07T22:25:00+00:00\" \/>\n<meta property=\"og:image\" content=\"https:\/\/www.gaveanews.com\/wp-content\/uploads\/Comentarista-Neto-em-programa-da-Band.webp\" \/>\n\t<meta property=\"og:image:width\" content=\"846\" \/>\n\t<meta property=\"og:image:height\" content=\"476\" \/>\n\t<meta property=\"og:image:type\" content=\"image\/jpeg\" \/>\n<meta name=\"author\" content=\"D\u00e9bora Figueiredo\" \/>\n<meta name=\"twitter:card\" content=\"summary_large_image\" \/>\n<meta name=\"twitter:label1\" content=\"Escrito por\" \/>\n\t<meta name=\"twitter:data1\" content=\"D\u00e9bora Figueiredo\" \/>\n\t<meta name=\"twitter:label2\" content=\"Est. tempo de leitura\" \/>\n\t<meta name=\"twitter:data2\" content=\"3 minutos\" \/>\n<script type=\"application\/ld+json\" class=\"yoast-schema-graph\">{\"@context\":\"https:\/\/schema.org\",\"@graph\":[{\"@type\":\"NewsArticle\",\"@id\":\"https:\/\/www.gaveanews.com\/index.php\/2025\/02\/07\/craque-neto-nao-perdoa-weverton-do-palmeiras\/#article\",\"isPartOf\":{\"@id\":\"https:\/\/www.gaveanews.com\/index.php\/2025\/02\/07\/craque-neto-nao-perdoa-weverton-do-palmeiras\/\"},\"author\":{\"name\":\"D\u00e9bora Figueiredo\",\"@id\":\"https:\/\/www.gaveanews.com\/#\/schema\/person\/37122681a8575a5c8db05a56f099a5e4\"},\"headline\":\"Craque Neto n\u00e3o perdoa Weverton, do Palmeiras\",\"datePublished\":\"2025-02-07T22:25:00+00:00\",\"mainEntityOfPage\":{\"@id\":\"https:\/\/www.gaveanews.com\/index.php\/2025\/02\/07\/craque-neto-nao-perdoa-weverton-do-palmeiras\/\"},\"wordCount\":358,\"commentCount\":0,\"image\":{\"@id\":\"https:\/\/www.gaveanews.com\/index.php\/2025\/02\/07\/craque-neto-nao-perdoa-weverton-do-palmeiras\/#primaryimage\"},\"thumbnailUrl\":\"https:\/\/www.gaveanews.com\/wp-content\/uploads\/Comentarista-Neto-em-programa-da-Band.webp\",\"articleSection\":[\"Palmeiras\"],\"inLanguage\":\"pt-BR\",\"potentialAction\":[{\"@type\":\"CommentAction\",\"name\":\"Comment\",\"target\":[\"https:\/\/www.gaveanews.com\/index.php\/2025\/02\/07\/craque-neto-nao-perdoa-weverton-do-palmeiras\/#respond\"]}],\"copyrightYear\":\"2025\",\"copyrightHolder\":{\"@id\":\"https:\/\/www.gaveanews.com\/#organization\"}},{\"@type\":\"WebPage\",\"@id\":\"https:\/\/www.gaveanews.com\/index.php\/2025\/02\/07\/craque-neto-nao-perdoa-weverton-do-palmeiras\/\",\"url\":\"https:\/\/www.gaveanews.com\/index.php\/2025\/02\/07\/craque-neto-nao-perdoa-weverton-do-palmeiras\/\",\"name\":\"Craque Neto n\u00e3o perdoa Weverton, do Palmeiras\",\"isPartOf\":{\"@id\":\"https:\/\/www.gaveanews.com\/#website\"},\"primaryImageOfPage\":{\"@id\":\"https:\/\/www.gaveanews.com\/index.php\/2025\/02\/07\/craque-neto-nao-perdoa-weverton-do-palmeiras\/#primaryimage\"},\"image\":{\"@id\":\"https:\/\/www.gaveanews.com\/index.php\/2025\/02\/07\/craque-neto-nao-perdoa-weverton-do-palmeiras\/#primaryimage\"},\"thumbnailUrl\":\"https:\/\/www.gaveanews.com\/wp-content\/uploads\/Comentarista-Neto-em-programa-da-Band.webp\",\"datePublished\":\"2025-02-07T22:25:00+00:00\",\"author\":{\"@id\":\"https:\/\/www.gaveanews.com\/#\/schema\/person\/37122681a8575a5c8db05a56f099a5e4\"},\"breadcrumb\":{\"@id\":\"https:\/\/www.gaveanews.com\/index.php\/2025\/02\/07\/craque-neto-nao-perdoa-weverton-do-palmeiras\/#breadcrumb\"},\"inLanguage\":\"pt-BR\",\"potentialAction\":[{\"@type\":\"ReadAction\",\"target\":[\"https:\/\/www.gaveanews.com\/index.php\/2025\/02\/07\/craque-neto-nao-perdoa-weverton-do-palmeiras\/\"]}]},{\"@type\":\"ImageObject\",\"inLanguage\":\"pt-BR\",\"@id\":\"https:\/\/www.gaveanews.com\/index.php\/2025\/02\/07\/craque-neto-nao-perdoa-weverton-do-palmeiras\/#primaryimage\",\"url\":\"https:\/\/www.gaveanews.com\/wp-content\/uploads\/Comentarista-Neto-em-programa-da-Band.webp\",\"contentUrl\":\"https:\/\/www.gaveanews.com\/wp-content\/uploads\/Comentarista-Neto-em-programa-da-Band.webp\",\"width\":846,\"height\":476,\"caption\":\"Comentarista Neto em programa da Band (Foto: Reprodu\u00e7\u00e3o\/Band)\"},{\"@type\":\"BreadcrumbList\",\"@id\":\"https:\/\/www.gaveanews.com\/index.php\/2025\/02\/07\/craque-neto-nao-perdoa-weverton-do-palmeiras\/#breadcrumb\",\"itemListElement\":[{\"@type\":\"ListItem\",\"position\":1,\"name\":\"Home\",\"item\":\"https:\/\/www.gaveanews.com\/\"},{\"@type\":\"ListItem\",\"position\":2,\"name\":\"Craque Neto n\u00e3o perdoa Weverton, do Palmeiras\"}]},{\"@type\":\"WebSite\",\"@id\":\"https:\/\/www.gaveanews.com\/#website\",\"url\":\"https:\/\/www.gaveanews.com\/\",\"name\":\"G\u00e1vea News\",\"description\":\"Veja todas as not\u00edcias sobre o Flamengo: Contrata\u00e7\u00f5es, categorias de base, resultados das partidas, tabela de classifica\u00e7\u00e3o, pr\u00f3ximos jogos!\",\"potentialAction\":[{\"@type\":\"SearchAction\",\"target\":{\"@type\":\"EntryPoint\",\"urlTemplate\":\"https:\/\/www.gaveanews.com\/?s={search_term_string}\"},\"query-input\":{\"@type\":\"PropertyValueSpecification\",\"valueRequired\":true,\"valueName\":\"search_term_string\"}}],\"inLanguage\":\"pt-BR\"},{\"@type\":\"Person\",\"@id\":\"https:\/\/www.gaveanews.com\/#\/schema\/person\/37122681a8575a5c8db05a56f099a5e4\",\"name\":\"D\u00e9bora Figueiredo\",\"image\":{\"@type\":\"ImageObject\",\"inLanguage\":\"pt-BR\",\"@id\":\"https:\/\/www.gaveanews.com\/#\/schema\/person\/image\/\",\"url\":\"https:\/\/secure.gravatar.com\/avatar\/1f44802859351588499d26f52aed1d15796ce17e67602895b72837c08018868d?s=96&d=mm&r=g\",\"contentUrl\":\"https:\/\/secure.gravatar.com\/avatar\/1f44802859351588499d26f52aed1d15796ce17e67602895b72837c08018868d?s=96&d=mm&r=g\",\"caption\":\"D\u00e9bora Figueiredo\"}}]}<\/script>\n<!-- \/ Yoast SEO Premium plugin. -->","yoast_head_json":{"title":"Craque Neto n\u00e3o perdoa Weverton, do Palmeiras","robots":{"index":"index","follow":"follow","max-snippet":"max-snippet:-1","max-image-preview":"max-image-preview:large","max-video-preview":"max-video-preview:-1"},"canonical":"https:\/\/www.gaveanews.com\/index.php\/2025\/02\/07\/craque-neto-nao-perdoa-weverton-do-palmeiras\/","og_locale":"pt_BR","og_type":"article","og_title":"Craque Neto n\u00e3o perdoa Weverton, do Palmeiras","og_description":"Craque Neto voltou a expressar cr\u00edticas ao goleiro Weverton, do Palmeiras. O apresentador manifestou sua insatisfa\u00e7\u00e3o com a atitude do atleta experiente, que teria apresentado uma mudan\u00e7a de comportamento nos \u00faltimos anos. \u201cO Weverton, quando jogava na Portuguesa, ningu\u00e9m levava ele em programa. Sabe onde ele ia? S\u00f3 no \u2018Os Donos da Bola\u2019. Weverton, voc\u00ea [&hellip;]","og_url":"https:\/\/www.gaveanews.com\/index.php\/2025\/02\/07\/craque-neto-nao-perdoa-weverton-do-palmeiras\/","og_site_name":"G\u00e1vea News","article_publisher":"https:\/\/facebook.com\/gaveaNews\/","article_published_time":"2025-02-07T22:25:00+00:00","og_image":[{"width":846,"height":476,"url":"https:\/\/www.gaveanews.com\/wp-content\/uploads\/Comentarista-Neto-em-programa-da-Band.webp","type":"image\/jpeg"}],"author":"D\u00e9bora Figueiredo","twitter_card":"summary_large_image","twitter_misc":{"Escrito por":"D\u00e9bora Figueiredo","Est. tempo de leitura":"3 minutos"},"schema":{"@context":"https:\/\/schema.org","@graph":[{"@type":"NewsArticle","@id":"https:\/\/www.gaveanews.com\/index.php\/2025\/02\/07\/craque-neto-nao-perdoa-weverton-do-palmeiras\/#article","isPartOf":{"@id":"https:\/\/www.gaveanews.com\/index.php\/2025\/02\/07\/craque-neto-nao-perdoa-weverton-do-palmeiras\/"},"author":{"name":"D\u00e9bora Figueiredo","@id":"https:\/\/www.gaveanews.com\/#\/schema\/person\/37122681a8575a5c8db05a56f099a5e4"},"headline":"Craque Neto n\u00e3o perdoa Weverton, do Palmeiras","datePublished":"2025-02-07T22:25:00+00:00","mainEntityOfPage":{"@id":"https:\/\/www.gaveanews.com\/index.php\/2025\/02\/07\/craque-neto-nao-perdoa-weverton-do-palmeiras\/"},"wordCount":358,"commentCount":0,"image":{"@id":"https:\/\/www.gaveanews.com\/index.php\/2025\/02\/07\/craque-neto-nao-perdoa-weverton-do-palmeiras\/#primaryimage"},"thumbnailUrl":"https:\/\/www.gaveanews.com\/wp-content\/uploads\/Comentarista-Neto-em-programa-da-Band.webp","articleSection":["Palmeiras"],"inLanguage":"pt-BR","potentialAction":[{"@type":"CommentAction","name":"Comment","target":["https:\/\/www.gaveanews.com\/index.php\/2025\/02\/07\/craque-neto-nao-perdoa-weverton-do-palmeiras\/#respond"]}],"copyrightYear":"2025","copyrightHolder":{"@id":"https:\/\/www.gaveanews.com\/#organization"}},{"@type":"WebPage","@id":"https:\/\/www.gaveanews.com\/index.php\/2025\/02\/07\/craque-neto-nao-perdoa-weverton-do-palmeiras\/","url":"https:\/\/www.gaveanews.com\/index.php\/2025\/02\/07\/craque-neto-nao-perdoa-weverton-do-palmeiras\/","name":"Craque Neto n\u00e3o perdoa Weverton, do Palmeiras","isPartOf":{"@id":"https:\/\/www.gaveanews.com\/#website"},"primaryImageOfPage":{"@id":"https:\/\/www.gaveanews.com\/index.php\/2025\/02\/07\/craque-neto-nao-perdoa-weverton-do-palmeiras\/#primaryimage"},"image":{"@id":"https:\/\/www.gaveanews.com\/index.php\/2025\/02\/07\/craque-neto-nao-perdoa-weverton-do-palmeiras\/#primaryimage"},"thumbnailUrl":"https:\/\/www.gaveanews.com\/wp-content\/uploads\/Comentarista-Neto-em-programa-da-Band.webp","datePublished":"2025-02-07T22:25:00+00:00","author":{"@id":"https:\/\/www.gaveanews.com\/#\/schema\/person\/37122681a8575a5c8db05a56f099a5e4"},"breadcrumb":{"@id":"https:\/\/www.gaveanews.com\/index.php\/2025\/02\/07\/craque-neto-nao-perdoa-weverton-do-palmeiras\/#breadcrumb"},"inLanguage":"pt-BR","potentialAction":[{"@type":"ReadAction","target":["https:\/\/www.gaveanews.com\/index.php\/2025\/02\/07\/craque-neto-nao-perdoa-weverton-do-palmeiras\/"]}]},{"@type":"ImageObject","inLanguage":"pt-BR","@id":"https:\/\/www.gaveanews.com\/index.php\/2025\/02\/07\/craque-neto-nao-perdoa-weverton-do-palmeiras\/#primaryimage","url":"https:\/\/www.gaveanews.com\/wp-content\/uploads\/Comentarista-Neto-em-programa-da-Band.webp","contentUrl":"https:\/\/www.gaveanews.com\/wp-content\/uploads\/Comentarista-Neto-em-programa-da-Band.webp","width":846,"height":476,"caption":"Comentarista Neto em programa da Band (Foto: Reprodu\u00e7\u00e3o\/Band)"},{"@type":"BreadcrumbList","@id":"https:\/\/www.gaveanews.com\/index.php\/2025\/02\/07\/craque-neto-nao-perdoa-weverton-do-palmeiras\/#breadcrumb","itemListElement":[{"@type":"ListItem","position":1,"name":"Home","item":"https:\/\/www.gaveanews.com\/"},{"@type":"ListItem","position":2,"name":"Craque Neto n\u00e3o perdoa Weverton, do Palmeiras"}]},{"@type":"WebSite","@id":"https:\/\/www.gaveanews.com\/#website","url":"https:\/\/www.gaveanews.com\/","name":"G\u00e1vea News","description":"Veja todas as not\u00edcias sobre o Flamengo: Contrata\u00e7\u00f5es, categorias de base, resultados das partidas, tabela de classifica\u00e7\u00e3o, pr\u00f3ximos jogos!","potentialAction":[{"@type":"SearchAction","target":{"@type":"EntryPoint","urlTemplate":"https:\/\/www.gaveanews.com\/?s={search_term_string}"},"query-input":{"@type":"PropertyValueSpecification","valueRequired":true,"valueName":"search_term_string"}}],"inLanguage":"pt-BR"},{"@type":"Person","@id":"https:\/\/www.gaveanews.com\/#\/schema\/person\/37122681a8575a5c8db05a56f099a5e4","name":"D\u00e9bora Figueiredo","image":{"@type":"ImageObject","inLanguage":"pt-BR","@id":"https:\/\/www.gaveanews.com\/#\/schema\/person\/image\/","url":"https:\/\/secure.gravatar.com\/avatar\/1f44802859351588499d26f52aed1d15796ce17e67602895b72837c08018868d?s=96&d=mm&r=g","contentUrl":"https:\/\/secure.gravatar.com\/avatar\/1f44802859351588499d26f52aed1d15796ce17e67602895b72837c08018868d?s=96&d=mm&r=g","caption":"D\u00e9bora Figueiredo"}}]}},"_links":{"self":[{"href":"https:\/\/www.gaveanews.com\/index.php\/wp-json\/wp\/v2\/posts\/224827","targetHints":{"allow":["GET"]}}],"collection":[{"href":"https:\/\/www.gaveanews.com\/index.php\/wp-json\/wp\/v2\/posts"}],"about":[{"href":"https:\/\/www.gaveanews.com\/index.php\/wp-json\/wp\/v2\/types\/post"}],"author":[{"embeddable":true,"href":"https:\/\/www.gaveanews.com\/index.php\/wp-json\/wp\/v2\/users\/16"}],"replies":[{"embeddable":true,"href":"https:\/\/www.gaveanews.com\/index.php\/wp-json\/wp\/v2\/comments?post=224827"}],"version-history":[{"count":1,"href":"https:\/\/www.gaveanews.com\/index.php\/wp-json\/wp\/v2\/posts\/224827\/revisions"}],"predecessor-version":[{"id":224829,"href":"https:\/\/www.gaveanews.com\/index.php\/wp-json\/wp\/v2\/posts\/224827\/revisions\/224829"}],"wp:featuredmedia":[{"embeddable":true,"href":"https:\/\/www.gaveanews.com\/index.php\/wp-json\/wp\/v2\/media\/71983"}],"wp:attachment":[{"href":"https:\/\/www.gaveanews.com\/index.php\/wp-json\/wp\/v2\/media?parent=224827"}],"wp:term":[{"taxonomy":"category","embeddable":true,"href":"https:\/\/www.gaveanews.com\/index.php\/wp-json\/wp\/v2\/categories?post=224827"},{"taxonomy":"post_tag","embeddable":true,"href":"https:\/\/www.gaveanews.com\/index.php\/wp-json\/wp\/v2\/tags?post=224827"}],"curies":[{"name":"wp","href":"https:\/\/api.w.org\/{rel}","templated":true}]}}