{"id":224840,"date":"2025-02-07T19:50:00","date_gmt":"2025-02-07T22:50:00","guid":{"rendered":"https:\/\/www.gaveanews.com\/?p=224840"},"modified":"2025-02-07T18:30:05","modified_gmt":"2025-02-07T21:30:05","slug":"a-declaracao-de-pep-guardiola-direcionada-a-savinho-e-grealish-do-manchester-city","status":"publish","type":"post","link":"https:\/\/www.gaveanews.com\/index.php\/2025\/02\/07\/a-declaracao-de-pep-guardiola-direcionada-a-savinho-e-grealish-do-manchester-city\/","title":{"rendered":"A declara\u00e7\u00e3o de Pep Guardiola direcionada a Savinho e Grealish, do Manchester City"},"content":{"rendered":"\n<p>Pep Guardiola afirma que a condi\u00e7\u00e3o f\u00edsica de Savinho e Jeremy Doku foi o \u00fanico fator que afastou Jack Grealish da sua forma\u00e7\u00e3o inicial nas \u00faltimas semanas.<\/p>\n\n\n\n<p>Apesar do n\u00famero 10 n\u00e3o ter sido um titular constante nesta temporada, em parte por quest\u00f5es de sa\u00fade, ele j\u00e1 participou de 22 jogos at\u00e9 agora nesta campanha.<\/p>\n\n\n\n<p>No entanto, o treinador afirma que Savinho e Doku, este \u00faltimo com les\u00f5es recentes, se sobressa\u00edram durante as partidas e essa \u00e9 a \u00fanica justificativa para suas escolhas na sele\u00e7\u00e3o.<\/p>\n\n\n\n<p>\u201cSinto muito que [Jack] n\u00e3o tenha tido os minutos que talvez ele mere\u00e7a, mas no final a contribui\u00e7\u00e3o de Jeremy ou&nbsp;Savinho&nbsp;foi enorme\u201d, disse&nbsp;Guardiola.<\/p>\n\n\n\n<p>\u201cEssa \u00e9 a \u00fanica raz\u00e3o. N\u00e3o \u00e9 que eu n\u00e3o goste de Jack ou que n\u00e3o tenha confian\u00e7a nele.\u201d<\/p>\n\n\n\n<p>\u201cQuando voc\u00ea joga mais minutos, voc\u00ea tem confian\u00e7a, mas eu conhe\u00e7o seus atributos.\u201d<\/p>\n\n\n\n<p>\u201c(No) \u00faltimo jogo,&nbsp;Savinho&nbsp;deu um passo incr\u00edvel na defesa. \u00c9 por isso. \u00c0s vezes, voc\u00ea tem que selecionar um jogador em vez do outro.\u201d<\/p>\n\n\n\n<p>\u201cVoc\u00ea tem que decidir. N\u00e3o porque voc\u00ea n\u00e3o gosta dos outros. Esta \u00e9 a minha vida e a vida do t\u00e9cnico, e eu tenho que aceitar isso.\u201d<\/p>\n\n\n\n<p>\u201cN\u00e3o estou discordando (das opini\u00f5es de ningu\u00e9m). Eu entendo todos os coment\u00e1rios.\u201d<\/p>\n\n\n\n<p>\u201cAs pessoas preferem jogadores a um jogador. \u00c9 por isso que o futebol \u00e9 t\u00e3o legal. Meu trabalho \u00e9 meu trabalho, e eu tenho que fazer o que acredito.\u201d<\/p>\n\n\n\n<p>Depois de levar uma goleada do Arsenal no domingo passado (2), o Manchester City teve uma semana incomum de trabalho, sem compromissos de jogos, antes de encarar uma maratona decisiva.<\/p>\n\n\n\n<p>Os Citizens recebem o Leyton Orient, sexto colocado na League One (terceira divis\u00e3o da Inglaterra), no Est\u00e1dio Gaughan Group, no s\u00e1bado (8), \u00e0s 9h30 (hor\u00e1rio de Bras\u00edlia), em partida v\u00e1lida pela quarta etapa da Copa da Inglaterra.<\/p>\n\n\n\n<p>Posteriormente, a equipe de Guardiola enfrenta o Real Madrid na ter\u00e7a-feira (11), no Est\u00e1dio Etihad, no primeiro jogo dos playoffs da Champions League. Para finalizar a maratona intensa, o Manchester City enfrenta o Newcastle (6o) no dia 15 pela Premier League, joga a segunda partida contra o gigante espanhol no dia 23 e enfrenta o Liverpool, l\u00edder da Premier League, no dia 23.<\/p>\n","protected":false},"excerpt":{"rendered":"<p>Pep Guardiola afirma que a condi\u00e7\u00e3o f\u00edsica de Savinho e Jeremy Doku foi o \u00fanico fator que afastou Jack Grealish da sua forma\u00e7\u00e3o inicial nas \u00faltimas semanas. Apesar do n\u00famero 10 n\u00e3o ter sido um titular constante nesta temporada, em parte por quest\u00f5es de sa\u00fade, ele j\u00e1 participou de 22 jogos at\u00e9 agora nesta campanha. [&hellip;]<\/p>\n","protected":false},"author":16,"featured_media":110322,"comment_status":"open","ping_status":"closed","sticky":false,"template":"","format":"standard","meta":{"footnotes":""},"categories":[84],"tags":[],"class_list":["post-224840","post","type-post","status-publish","format-standard","has-post-thumbnail","hentry","category-manchester-city"],"yoast_head":"<!-- This site is optimized with the Yoast SEO Premium plugin v24.2 (Yoast SEO v26.9) - https:\/\/yoast.com\/product\/yoast-seo-premium-wordpress\/ -->\n<title>A declara\u00e7\u00e3o de Pep Guardiola direcionada a Savinho e Grealish, do Manchester City<\/title>\n<meta name=\"robots\" content=\"index, follow, max-snippet:-1, max-image-preview:large, max-video-preview:-1\" \/>\n<link rel=\"canonical\" href=\"https:\/\/www.gaveanews.com\/index.php\/2025\/02\/07\/a-declaracao-de-pep-guardiola-direcionada-a-savinho-e-grealish-do-manchester-city\/\" \/>\n<meta property=\"og:locale\" content=\"pt_BR\" \/>\n<meta property=\"og:type\" content=\"article\" \/>\n<meta property=\"og:title\" content=\"A declara\u00e7\u00e3o de Pep Guardiola direcionada a Savinho e Grealish, do Manchester City\" \/>\n<meta property=\"og:description\" content=\"Pep Guardiola afirma que a condi\u00e7\u00e3o f\u00edsica de Savinho e Jeremy Doku foi o \u00fanico fator que afastou Jack Grealish da sua forma\u00e7\u00e3o inicial nas \u00faltimas semanas. Apesar do n\u00famero 10 n\u00e3o ter sido um titular constante nesta temporada, em parte por quest\u00f5es de sa\u00fade, ele j\u00e1 participou de 22 jogos at\u00e9 agora nesta campanha. [&hellip;]\" \/>\n<meta property=\"og:url\" content=\"https:\/\/www.gaveanews.com\/index.php\/2025\/02\/07\/a-declaracao-de-pep-guardiola-direcionada-a-savinho-e-grealish-do-manchester-city\/\" \/>\n<meta property=\"og:site_name\" content=\"G\u00e1vea News\" \/>\n<meta property=\"article:publisher\" content=\"https:\/\/facebook.com\/gaveaNews\/\" \/>\n<meta property=\"article:published_time\" content=\"2025-02-07T22:50:00+00:00\" \/>\n<meta property=\"og:image\" content=\"https:\/\/www.gaveanews.com\/wp-content\/uploads\/Pep-Guardiola-durante-o-jogo-entre-Manchester-City-x-West-Ham-pela-Premier-League-2023-24.webp\" \/>\n\t<meta property=\"og:image:width\" content=\"1080\" \/>\n\t<meta property=\"og:image:height\" content=\"719\" \/>\n\t<meta property=\"og:image:type\" content=\"image\/jpeg\" \/>\n<meta name=\"author\" content=\"D\u00e9bora Figueiredo\" \/>\n<meta name=\"twitter:card\" content=\"summary_large_image\" \/>\n<meta name=\"twitter:label1\" content=\"Escrito por\" \/>\n\t<meta name=\"twitter:data1\" content=\"D\u00e9bora Figueiredo\" \/>\n\t<meta name=\"twitter:label2\" content=\"Est. tempo de leitura\" \/>\n\t<meta name=\"twitter:data2\" content=\"3 minutos\" \/>\n<script type=\"application\/ld+json\" class=\"yoast-schema-graph\">{\"@context\":\"https:\/\/schema.org\",\"@graph\":[{\"@type\":\"NewsArticle\",\"@id\":\"https:\/\/www.gaveanews.com\/index.php\/2025\/02\/07\/a-declaracao-de-pep-guardiola-direcionada-a-savinho-e-grealish-do-manchester-city\/#article\",\"isPartOf\":{\"@id\":\"https:\/\/www.gaveanews.com\/index.php\/2025\/02\/07\/a-declaracao-de-pep-guardiola-direcionada-a-savinho-e-grealish-do-manchester-city\/\"},\"author\":{\"name\":\"D\u00e9bora Figueiredo\",\"@id\":\"https:\/\/www.gaveanews.com\/#\/schema\/person\/37122681a8575a5c8db05a56f099a5e4\"},\"headline\":\"A declara\u00e7\u00e3o de Pep Guardiola direcionada a Savinho e Grealish, do Manchester City\",\"datePublished\":\"2025-02-07T22:50:00+00:00\",\"mainEntityOfPage\":{\"@id\":\"https:\/\/www.gaveanews.com\/index.php\/2025\/02\/07\/a-declaracao-de-pep-guardiola-direcionada-a-savinho-e-grealish-do-manchester-city\/\"},\"wordCount\":407,\"commentCount\":0,\"image\":{\"@id\":\"https:\/\/www.gaveanews.com\/index.php\/2025\/02\/07\/a-declaracao-de-pep-guardiola-direcionada-a-savinho-e-grealish-do-manchester-city\/#primaryimage\"},\"thumbnailUrl\":\"https:\/\/www.gaveanews.com\/wp-content\/uploads\/Pep-Guardiola-durante-o-jogo-entre-Manchester-City-x-West-Ham-pela-Premier-League-2023-24.webp\",\"articleSection\":[\"Manchester City\"],\"inLanguage\":\"pt-BR\",\"potentialAction\":[{\"@type\":\"CommentAction\",\"name\":\"Comment\",\"target\":[\"https:\/\/www.gaveanews.com\/index.php\/2025\/02\/07\/a-declaracao-de-pep-guardiola-direcionada-a-savinho-e-grealish-do-manchester-city\/#respond\"]}],\"copyrightYear\":\"2025\",\"copyrightHolder\":{\"@id\":\"https:\/\/www.gaveanews.com\/#organization\"}},{\"@type\":\"WebPage\",\"@id\":\"https:\/\/www.gaveanews.com\/index.php\/2025\/02\/07\/a-declaracao-de-pep-guardiola-direcionada-a-savinho-e-grealish-do-manchester-city\/\",\"url\":\"https:\/\/www.gaveanews.com\/index.php\/2025\/02\/07\/a-declaracao-de-pep-guardiola-direcionada-a-savinho-e-grealish-do-manchester-city\/\",\"name\":\"A declara\u00e7\u00e3o de Pep Guardiola direcionada a Savinho e Grealish, do Manchester City\",\"isPartOf\":{\"@id\":\"https:\/\/www.gaveanews.com\/#website\"},\"primaryImageOfPage\":{\"@id\":\"https:\/\/www.gaveanews.com\/index.php\/2025\/02\/07\/a-declaracao-de-pep-guardiola-direcionada-a-savinho-e-grealish-do-manchester-city\/#primaryimage\"},\"image\":{\"@id\":\"https:\/\/www.gaveanews.com\/index.php\/2025\/02\/07\/a-declaracao-de-pep-guardiola-direcionada-a-savinho-e-grealish-do-manchester-city\/#primaryimage\"},\"thumbnailUrl\":\"https:\/\/www.gaveanews.com\/wp-content\/uploads\/Pep-Guardiola-durante-o-jogo-entre-Manchester-City-x-West-Ham-pela-Premier-League-2023-24.webp\",\"datePublished\":\"2025-02-07T22:50:00+00:00\",\"author\":{\"@id\":\"https:\/\/www.gaveanews.com\/#\/schema\/person\/37122681a8575a5c8db05a56f099a5e4\"},\"breadcrumb\":{\"@id\":\"https:\/\/www.gaveanews.com\/index.php\/2025\/02\/07\/a-declaracao-de-pep-guardiola-direcionada-a-savinho-e-grealish-do-manchester-city\/#breadcrumb\"},\"inLanguage\":\"pt-BR\",\"potentialAction\":[{\"@type\":\"ReadAction\",\"target\":[\"https:\/\/www.gaveanews.com\/index.php\/2025\/02\/07\/a-declaracao-de-pep-guardiola-direcionada-a-savinho-e-grealish-do-manchester-city\/\"]}]},{\"@type\":\"ImageObject\",\"inLanguage\":\"pt-BR\",\"@id\":\"https:\/\/www.gaveanews.com\/index.php\/2025\/02\/07\/a-declaracao-de-pep-guardiola-direcionada-a-savinho-e-grealish-do-manchester-city\/#primaryimage\",\"url\":\"https:\/\/www.gaveanews.com\/wp-content\/uploads\/Pep-Guardiola-durante-o-jogo-entre-Manchester-City-x-West-Ham-pela-Premier-League-2023-24.webp\",\"contentUrl\":\"https:\/\/www.gaveanews.com\/wp-content\/uploads\/Pep-Guardiola-durante-o-jogo-entre-Manchester-City-x-West-Ham-pela-Premier-League-2023-24.webp\",\"width\":1080,\"height\":719,\"caption\":\"Pep Guardiola durante o jogo entre Manchester City x West Ham pela Premier League 2023-24 (Foto: Reprodu\u00e7\u00e3o\/Instagram)\"},{\"@type\":\"BreadcrumbList\",\"@id\":\"https:\/\/www.gaveanews.com\/index.php\/2025\/02\/07\/a-declaracao-de-pep-guardiola-direcionada-a-savinho-e-grealish-do-manchester-city\/#breadcrumb\",\"itemListElement\":[{\"@type\":\"ListItem\",\"position\":1,\"name\":\"Home\",\"item\":\"https:\/\/www.gaveanews.com\/\"},{\"@type\":\"ListItem\",\"position\":2,\"name\":\"A declara\u00e7\u00e3o de Pep Guardiola direcionada a Savinho e Grealish, do Manchester City\"}]},{\"@type\":\"WebSite\",\"@id\":\"https:\/\/www.gaveanews.com\/#website\",\"url\":\"https:\/\/www.gaveanews.com\/\",\"name\":\"G\u00e1vea News\",\"description\":\"Veja todas as not\u00edcias sobre o Flamengo: Contrata\u00e7\u00f5es, categorias de base, resultados das partidas, tabela de classifica\u00e7\u00e3o, pr\u00f3ximos jogos!\",\"potentialAction\":[{\"@type\":\"SearchAction\",\"target\":{\"@type\":\"EntryPoint\",\"urlTemplate\":\"https:\/\/www.gaveanews.com\/?s={search_term_string}\"},\"query-input\":{\"@type\":\"PropertyValueSpecification\",\"valueRequired\":true,\"valueName\":\"search_term_string\"}}],\"inLanguage\":\"pt-BR\"},{\"@type\":\"Person\",\"@id\":\"https:\/\/www.gaveanews.com\/#\/schema\/person\/37122681a8575a5c8db05a56f099a5e4\",\"name\":\"D\u00e9bora Figueiredo\",\"image\":{\"@type\":\"ImageObject\",\"inLanguage\":\"pt-BR\",\"@id\":\"https:\/\/www.gaveanews.com\/#\/schema\/person\/image\/\",\"url\":\"https:\/\/secure.gravatar.com\/avatar\/1f44802859351588499d26f52aed1d15796ce17e67602895b72837c08018868d?s=96&d=mm&r=g\",\"contentUrl\":\"https:\/\/secure.gravatar.com\/avatar\/1f44802859351588499d26f52aed1d15796ce17e67602895b72837c08018868d?s=96&d=mm&r=g\",\"caption\":\"D\u00e9bora Figueiredo\"}}]}<\/script>\n<!-- \/ Yoast SEO Premium plugin. -->","yoast_head_json":{"title":"A declara\u00e7\u00e3o de Pep Guardiola direcionada a Savinho e Grealish, do Manchester City","robots":{"index":"index","follow":"follow","max-snippet":"max-snippet:-1","max-image-preview":"max-image-preview:large","max-video-preview":"max-video-preview:-1"},"canonical":"https:\/\/www.gaveanews.com\/index.php\/2025\/02\/07\/a-declaracao-de-pep-guardiola-direcionada-a-savinho-e-grealish-do-manchester-city\/","og_locale":"pt_BR","og_type":"article","og_title":"A declara\u00e7\u00e3o de Pep Guardiola direcionada a Savinho e Grealish, do Manchester City","og_description":"Pep Guardiola afirma que a condi\u00e7\u00e3o f\u00edsica de Savinho e Jeremy Doku foi o \u00fanico fator que afastou Jack Grealish da sua forma\u00e7\u00e3o inicial nas \u00faltimas semanas. Apesar do n\u00famero 10 n\u00e3o ter sido um titular constante nesta temporada, em parte por quest\u00f5es de sa\u00fade, ele j\u00e1 participou de 22 jogos at\u00e9 agora nesta campanha. [&hellip;]","og_url":"https:\/\/www.gaveanews.com\/index.php\/2025\/02\/07\/a-declaracao-de-pep-guardiola-direcionada-a-savinho-e-grealish-do-manchester-city\/","og_site_name":"G\u00e1vea News","article_publisher":"https:\/\/facebook.com\/gaveaNews\/","article_published_time":"2025-02-07T22:50:00+00:00","og_image":[{"width":1080,"height":719,"url":"https:\/\/www.gaveanews.com\/wp-content\/uploads\/Pep-Guardiola-durante-o-jogo-entre-Manchester-City-x-West-Ham-pela-Premier-League-2023-24.webp","type":"image\/jpeg"}],"author":"D\u00e9bora Figueiredo","twitter_card":"summary_large_image","twitter_misc":{"Escrito por":"D\u00e9bora Figueiredo","Est. tempo de leitura":"3 minutos"},"schema":{"@context":"https:\/\/schema.org","@graph":[{"@type":"NewsArticle","@id":"https:\/\/www.gaveanews.com\/index.php\/2025\/02\/07\/a-declaracao-de-pep-guardiola-direcionada-a-savinho-e-grealish-do-manchester-city\/#article","isPartOf":{"@id":"https:\/\/www.gaveanews.com\/index.php\/2025\/02\/07\/a-declaracao-de-pep-guardiola-direcionada-a-savinho-e-grealish-do-manchester-city\/"},"author":{"name":"D\u00e9bora Figueiredo","@id":"https:\/\/www.gaveanews.com\/#\/schema\/person\/37122681a8575a5c8db05a56f099a5e4"},"headline":"A declara\u00e7\u00e3o de Pep Guardiola direcionada a Savinho e Grealish, do Manchester City","datePublished":"2025-02-07T22:50:00+00:00","mainEntityOfPage":{"@id":"https:\/\/www.gaveanews.com\/index.php\/2025\/02\/07\/a-declaracao-de-pep-guardiola-direcionada-a-savinho-e-grealish-do-manchester-city\/"},"wordCount":407,"commentCount":0,"image":{"@id":"https:\/\/www.gaveanews.com\/index.php\/2025\/02\/07\/a-declaracao-de-pep-guardiola-direcionada-a-savinho-e-grealish-do-manchester-city\/#primaryimage"},"thumbnailUrl":"https:\/\/www.gaveanews.com\/wp-content\/uploads\/Pep-Guardiola-durante-o-jogo-entre-Manchester-City-x-West-Ham-pela-Premier-League-2023-24.webp","articleSection":["Manchester City"],"inLanguage":"pt-BR","potentialAction":[{"@type":"CommentAction","name":"Comment","target":["https:\/\/www.gaveanews.com\/index.php\/2025\/02\/07\/a-declaracao-de-pep-guardiola-direcionada-a-savinho-e-grealish-do-manchester-city\/#respond"]}],"copyrightYear":"2025","copyrightHolder":{"@id":"https:\/\/www.gaveanews.com\/#organization"}},{"@type":"WebPage","@id":"https:\/\/www.gaveanews.com\/index.php\/2025\/02\/07\/a-declaracao-de-pep-guardiola-direcionada-a-savinho-e-grealish-do-manchester-city\/","url":"https:\/\/www.gaveanews.com\/index.php\/2025\/02\/07\/a-declaracao-de-pep-guardiola-direcionada-a-savinho-e-grealish-do-manchester-city\/","name":"A declara\u00e7\u00e3o de Pep Guardiola direcionada a Savinho e Grealish, do Manchester City","isPartOf":{"@id":"https:\/\/www.gaveanews.com\/#website"},"primaryImageOfPage":{"@id":"https:\/\/www.gaveanews.com\/index.php\/2025\/02\/07\/a-declaracao-de-pep-guardiola-direcionada-a-savinho-e-grealish-do-manchester-city\/#primaryimage"},"image":{"@id":"https:\/\/www.gaveanews.com\/index.php\/2025\/02\/07\/a-declaracao-de-pep-guardiola-direcionada-a-savinho-e-grealish-do-manchester-city\/#primaryimage"},"thumbnailUrl":"https:\/\/www.gaveanews.com\/wp-content\/uploads\/Pep-Guardiola-durante-o-jogo-entre-Manchester-City-x-West-Ham-pela-Premier-League-2023-24.webp","datePublished":"2025-02-07T22:50:00+00:00","author":{"@id":"https:\/\/www.gaveanews.com\/#\/schema\/person\/37122681a8575a5c8db05a56f099a5e4"},"breadcrumb":{"@id":"https:\/\/www.gaveanews.com\/index.php\/2025\/02\/07\/a-declaracao-de-pep-guardiola-direcionada-a-savinho-e-grealish-do-manchester-city\/#breadcrumb"},"inLanguage":"pt-BR","potentialAction":[{"@type":"ReadAction","target":["https:\/\/www.gaveanews.com\/index.php\/2025\/02\/07\/a-declaracao-de-pep-guardiola-direcionada-a-savinho-e-grealish-do-manchester-city\/"]}]},{"@type":"ImageObject","inLanguage":"pt-BR","@id":"https:\/\/www.gaveanews.com\/index.php\/2025\/02\/07\/a-declaracao-de-pep-guardiola-direcionada-a-savinho-e-grealish-do-manchester-city\/#primaryimage","url":"https:\/\/www.gaveanews.com\/wp-content\/uploads\/Pep-Guardiola-durante-o-jogo-entre-Manchester-City-x-West-Ham-pela-Premier-League-2023-24.webp","contentUrl":"https:\/\/www.gaveanews.com\/wp-content\/uploads\/Pep-Guardiola-durante-o-jogo-entre-Manchester-City-x-West-Ham-pela-Premier-League-2023-24.webp","width":1080,"height":719,"caption":"Pep Guardiola durante o jogo entre Manchester City x West Ham pela Premier League 2023-24 (Foto: Reprodu\u00e7\u00e3o\/Instagram)"},{"@type":"BreadcrumbList","@id":"https:\/\/www.gaveanews.com\/index.php\/2025\/02\/07\/a-declaracao-de-pep-guardiola-direcionada-a-savinho-e-grealish-do-manchester-city\/#breadcrumb","itemListElement":[{"@type":"ListItem","position":1,"name":"Home","item":"https:\/\/www.gaveanews.com\/"},{"@type":"ListItem","position":2,"name":"A declara\u00e7\u00e3o de Pep Guardiola direcionada a Savinho e Grealish, do Manchester City"}]},{"@type":"WebSite","@id":"https:\/\/www.gaveanews.com\/#website","url":"https:\/\/www.gaveanews.com\/","name":"G\u00e1vea News","description":"Veja todas as not\u00edcias sobre o Flamengo: Contrata\u00e7\u00f5es, categorias de base, resultados das partidas, tabela de classifica\u00e7\u00e3o, pr\u00f3ximos jogos!","potentialAction":[{"@type":"SearchAction","target":{"@type":"EntryPoint","urlTemplate":"https:\/\/www.gaveanews.com\/?s={search_term_string}"},"query-input":{"@type":"PropertyValueSpecification","valueRequired":true,"valueName":"search_term_string"}}],"inLanguage":"pt-BR"},{"@type":"Person","@id":"https:\/\/www.gaveanews.com\/#\/schema\/person\/37122681a8575a5c8db05a56f099a5e4","name":"D\u00e9bora Figueiredo","image":{"@type":"ImageObject","inLanguage":"pt-BR","@id":"https:\/\/www.gaveanews.com\/#\/schema\/person\/image\/","url":"https:\/\/secure.gravatar.com\/avatar\/1f44802859351588499d26f52aed1d15796ce17e67602895b72837c08018868d?s=96&d=mm&r=g","contentUrl":"https:\/\/secure.gravatar.com\/avatar\/1f44802859351588499d26f52aed1d15796ce17e67602895b72837c08018868d?s=96&d=mm&r=g","caption":"D\u00e9bora Figueiredo"}}]}},"_links":{"self":[{"href":"https:\/\/www.gaveanews.com\/index.php\/wp-json\/wp\/v2\/posts\/224840","targetHints":{"allow":["GET"]}}],"collection":[{"href":"https:\/\/www.gaveanews.com\/index.php\/wp-json\/wp\/v2\/posts"}],"about":[{"href":"https:\/\/www.gaveanews.com\/index.php\/wp-json\/wp\/v2\/types\/post"}],"author":[{"embeddable":true,"href":"https:\/\/www.gaveanews.com\/index.php\/wp-json\/wp\/v2\/users\/16"}],"replies":[{"embeddable":true,"href":"https:\/\/www.gaveanews.com\/index.php\/wp-json\/wp\/v2\/comments?post=224840"}],"version-history":[{"count":2,"href":"https:\/\/www.gaveanews.com\/index.php\/wp-json\/wp\/v2\/posts\/224840\/revisions"}],"predecessor-version":[{"id":224874,"href":"https:\/\/www.gaveanews.com\/index.php\/wp-json\/wp\/v2\/posts\/224840\/revisions\/224874"}],"wp:featuredmedia":[{"embeddable":true,"href":"https:\/\/www.gaveanews.com\/index.php\/wp-json\/wp\/v2\/media\/110322"}],"wp:attachment":[{"href":"https:\/\/www.gaveanews.com\/index.php\/wp-json\/wp\/v2\/media?parent=224840"}],"wp:term":[{"taxonomy":"category","embeddable":true,"href":"https:\/\/www.gaveanews.com\/index.php\/wp-json\/wp\/v2\/categories?post=224840"},{"taxonomy":"post_tag","embeddable":true,"href":"https:\/\/www.gaveanews.com\/index.php\/wp-json\/wp\/v2\/tags?post=224840"}],"curies":[{"name":"wp","href":"https:\/\/api.w.org\/{rel}","templated":true}]}}