{"id":224929,"date":"2025-02-07T22:00:00","date_gmt":"2025-02-08T01:00:00","guid":{"rendered":"https:\/\/www.gaveanews.com\/?p=224929"},"modified":"2025-02-07T21:28:23","modified_gmt":"2025-02-08T00:28:23","slug":"a-declaracao-de-hugo-souza-do-corinthians-sobre-a-selecao-brasileira","status":"publish","type":"post","link":"https:\/\/www.gaveanews.com\/index.php\/2025\/02\/07\/a-declaracao-de-hugo-souza-do-corinthians-sobre-a-selecao-brasileira\/","title":{"rendered":"A declara\u00e7\u00e3o de Hugo Souza, do Corinthians, sobre a Sele\u00e7\u00e3o Brasileira"},"content":{"rendered":"\n<h2 class=\"wp-block-heading\" id=\"h-hugo-souza-brilha-em-classico-defende-penalti-e-sonha-com-a-selecao-brasileira\">Hugo Souza brilha em cl\u00e1ssico, defende p\u00eanalti e sonha com a Sele\u00e7\u00e3o Brasileira<\/h2>\n\n\n\n<p>Hugo Souza foi o grande nome do Corinthians no empate por 1 a 1 contra o Palmeiras, na \u00faltima quinta-feira (6), pela s\u00e9tima rodada do Campeonato Paulista. O goleiro garantiu o resultado ao defender o p\u00eanalti cobrado por Est\u00eav\u00e3o nos acr\u00e9scimos do segundo tempo, consolidando-se como uma refer\u00eancia no clube quando o assunto \u00e9 penalidade.<\/p>\n\n\n\n<p>Com a defesa no Allianz Parque, Hugo chegou ao sexto p\u00eanalti defendido desde que chegou ao Corinthians. O desempenho recente chama aten\u00e7\u00e3o: foram defesas em duas partidas consecutivas, j\u00e1 que na segunda-feira (3) ele havia impedido o gol de Pablo Dyego, do Novorizontino.<\/p>\n\n\n\n<p>A boa fase do goleiro tamb\u00e9m influencia a maneira como os advers\u00e1rios encaram as cobran\u00e7as. Hugo Souza quer transformar sua presen\u00e7a no gol em um fator psicol\u00f3gico contra os cobradores.<\/p>\n\n\n\n<p>\u201cA inten\u00e7\u00e3o \u00e9 essa, quanto mais medo eles tiverem, melhor para mim\u201d, disse o camisa 1 do Tim\u00e3o.<\/p>\n\n\n\n<p>A atua\u00e7\u00e3o no cl\u00e1ssico terminou com provoca\u00e7\u00f5es \u00e0 torcida do Palmeiras e a exposi\u00e7\u00e3o de um sonho do jogador. O n\u00edvel apresentado no Corinthians faz com que seu nome seja ventilado como poss\u00edvel convocado por Dorival J\u00fanior para a Sele\u00e7\u00e3o Brasileira.<\/p>\n\n\n\n<p>\u201cEstou focado aqui. Sele\u00e7\u00e3o \u00e9 um sonho, todo mundo sabe, j\u00e1 deixei claro algumas vezes, brinquei algumas vezes com isso. Tenho vontade de estar l\u00e1, mas estou focado no Corinthians\u201d, afirmou Hugo.<\/p>\n\n\n\n<p>O goleiro refor\u00e7ou que seu principal objetivo \u00e9 manter a regularidade no clube, deixando a convoca\u00e7\u00e3o como uma consequ\u00eancia natural do trabalho.<\/p>\n\n\n\n<p>\u201c\u00c9 meu trabalho aqui que vai ajudar o clube, e ent\u00e3o vir\u00e3o as conquistas individuais. Quero continuar fazendo o melhor para ajudar o clube e, se for da vontade de Deus, tudo vai acontecer no tempo certo\u201d, completou.<\/p>\n\n\n\n<p>O Corinthians volta a campo no domingo (9), quando recebe o S\u00e3o Bernardo, na Neo Qu\u00edmica Arena, \u00e0s 20h30 (de Bras\u00edlia), pela fase de grupos do Campeonato Paulista.<\/p>\n","protected":false},"excerpt":{"rendered":"<p>Hugo Souza brilha em cl\u00e1ssico, defende p\u00eanalti e sonha com a Sele\u00e7\u00e3o Brasileira Hugo Souza foi o grande nome do Corinthians no empate por 1 a 1 contra o Palmeiras, na \u00faltima quinta-feira (6), pela s\u00e9tima rodada do Campeonato Paulista. O goleiro garantiu o resultado ao defender o p\u00eanalti cobrado por Est\u00eav\u00e3o nos acr\u00e9scimos do [&hellip;]<\/p>\n","protected":false},"author":17,"featured_media":160023,"comment_status":"open","ping_status":"closed","sticky":false,"template":"","format":"standard","meta":{"footnotes":""},"categories":[141],"tags":[],"class_list":["post-224929","post","type-post","status-publish","format-standard","has-post-thumbnail","hentry","category-corinthians"],"yoast_head":"<!-- This site is optimized with the Yoast SEO Premium plugin v24.2 (Yoast SEO v26.9) - https:\/\/yoast.com\/product\/yoast-seo-premium-wordpress\/ -->\n<title>A declara\u00e7\u00e3o de Hugo Souza, do Corinthians, sobre a Sele\u00e7\u00e3o Brasileira<\/title>\n<meta name=\"robots\" content=\"index, follow, max-snippet:-1, max-image-preview:large, max-video-preview:-1\" \/>\n<link rel=\"canonical\" href=\"https:\/\/www.gaveanews.com\/index.php\/2025\/02\/07\/a-declaracao-de-hugo-souza-do-corinthians-sobre-a-selecao-brasileira\/\" \/>\n<meta property=\"og:locale\" content=\"pt_BR\" \/>\n<meta property=\"og:type\" content=\"article\" \/>\n<meta property=\"og:title\" content=\"A declara\u00e7\u00e3o de Hugo Souza, do Corinthians, sobre a Sele\u00e7\u00e3o Brasileira\" \/>\n<meta property=\"og:description\" content=\"Hugo Souza brilha em cl\u00e1ssico, defende p\u00eanalti e sonha com a Sele\u00e7\u00e3o Brasileira Hugo Souza foi o grande nome do Corinthians no empate por 1 a 1 contra o Palmeiras, na \u00faltima quinta-feira (6), pela s\u00e9tima rodada do Campeonato Paulista. O goleiro garantiu o resultado ao defender o p\u00eanalti cobrado por Est\u00eav\u00e3o nos acr\u00e9scimos do [&hellip;]\" \/>\n<meta property=\"og:url\" content=\"https:\/\/www.gaveanews.com\/index.php\/2025\/02\/07\/a-declaracao-de-hugo-souza-do-corinthians-sobre-a-selecao-brasileira\/\" \/>\n<meta property=\"og:site_name\" content=\"G\u00e1vea News\" \/>\n<meta property=\"article:publisher\" content=\"https:\/\/facebook.com\/gaveaNews\/\" \/>\n<meta property=\"article:published_time\" content=\"2025-02-08T01:00:00+00:00\" \/>\n<meta property=\"og:image\" content=\"https:\/\/www.gaveanews.com\/wp-content\/uploads\/image-2024-08-21T141722.256.webp\" \/>\n\t<meta property=\"og:image:width\" content=\"740\" \/>\n\t<meta property=\"og:image:height\" content=\"416\" \/>\n\t<meta property=\"og:image:type\" content=\"image\/webp\" \/>\n<meta name=\"author\" content=\"Geovanna Thomaz\" \/>\n<meta name=\"twitter:card\" content=\"summary_large_image\" \/>\n<meta name=\"twitter:label1\" content=\"Escrito por\" \/>\n\t<meta name=\"twitter:data1\" content=\"Geovanna Thomaz\" \/>\n\t<meta name=\"twitter:label2\" content=\"Est. tempo de leitura\" \/>\n\t<meta name=\"twitter:data2\" content=\"2 minutos\" \/>\n<script type=\"application\/ld+json\" class=\"yoast-schema-graph\">{\"@context\":\"https:\/\/schema.org\",\"@graph\":[{\"@type\":\"NewsArticle\",\"@id\":\"https:\/\/www.gaveanews.com\/index.php\/2025\/02\/07\/a-declaracao-de-hugo-souza-do-corinthians-sobre-a-selecao-brasileira\/#article\",\"isPartOf\":{\"@id\":\"https:\/\/www.gaveanews.com\/index.php\/2025\/02\/07\/a-declaracao-de-hugo-souza-do-corinthians-sobre-a-selecao-brasileira\/\"},\"author\":{\"name\":\"Geovanna Thomaz\",\"@id\":\"https:\/\/www.gaveanews.com\/#\/schema\/person\/f42654babcd2b2014a1a65af82b081f1\"},\"headline\":\"A declara\u00e7\u00e3o de Hugo Souza, do Corinthians, sobre a Sele\u00e7\u00e3o Brasileira\",\"datePublished\":\"2025-02-08T01:00:00+00:00\",\"mainEntityOfPage\":{\"@id\":\"https:\/\/www.gaveanews.com\/index.php\/2025\/02\/07\/a-declaracao-de-hugo-souza-do-corinthians-sobre-a-selecao-brasileira\/\"},\"wordCount\":356,\"commentCount\":0,\"image\":{\"@id\":\"https:\/\/www.gaveanews.com\/index.php\/2025\/02\/07\/a-declaracao-de-hugo-souza-do-corinthians-sobre-a-selecao-brasileira\/#primaryimage\"},\"thumbnailUrl\":\"https:\/\/www.gaveanews.com\/wp-content\/uploads\/image-2024-08-21T141722.256.webp\",\"articleSection\":[\"Corinthians\"],\"inLanguage\":\"pt-BR\",\"potentialAction\":[{\"@type\":\"CommentAction\",\"name\":\"Comment\",\"target\":[\"https:\/\/www.gaveanews.com\/index.php\/2025\/02\/07\/a-declaracao-de-hugo-souza-do-corinthians-sobre-a-selecao-brasileira\/#respond\"]}],\"copyrightYear\":\"2025\",\"copyrightHolder\":{\"@id\":\"https:\/\/www.gaveanews.com\/#organization\"}},{\"@type\":\"WebPage\",\"@id\":\"https:\/\/www.gaveanews.com\/index.php\/2025\/02\/07\/a-declaracao-de-hugo-souza-do-corinthians-sobre-a-selecao-brasileira\/\",\"url\":\"https:\/\/www.gaveanews.com\/index.php\/2025\/02\/07\/a-declaracao-de-hugo-souza-do-corinthians-sobre-a-selecao-brasileira\/\",\"name\":\"A declara\u00e7\u00e3o de Hugo Souza, do Corinthians, sobre a Sele\u00e7\u00e3o Brasileira\",\"isPartOf\":{\"@id\":\"https:\/\/www.gaveanews.com\/#website\"},\"primaryImageOfPage\":{\"@id\":\"https:\/\/www.gaveanews.com\/index.php\/2025\/02\/07\/a-declaracao-de-hugo-souza-do-corinthians-sobre-a-selecao-brasileira\/#primaryimage\"},\"image\":{\"@id\":\"https:\/\/www.gaveanews.com\/index.php\/2025\/02\/07\/a-declaracao-de-hugo-souza-do-corinthians-sobre-a-selecao-brasileira\/#primaryimage\"},\"thumbnailUrl\":\"https:\/\/www.gaveanews.com\/wp-content\/uploads\/image-2024-08-21T141722.256.webp\",\"datePublished\":\"2025-02-08T01:00:00+00:00\",\"author\":{\"@id\":\"https:\/\/www.gaveanews.com\/#\/schema\/person\/f42654babcd2b2014a1a65af82b081f1\"},\"breadcrumb\":{\"@id\":\"https:\/\/www.gaveanews.com\/index.php\/2025\/02\/07\/a-declaracao-de-hugo-souza-do-corinthians-sobre-a-selecao-brasileira\/#breadcrumb\"},\"inLanguage\":\"pt-BR\",\"potentialAction\":[{\"@type\":\"ReadAction\",\"target\":[\"https:\/\/www.gaveanews.com\/index.php\/2025\/02\/07\/a-declaracao-de-hugo-souza-do-corinthians-sobre-a-selecao-brasileira\/\"]}]},{\"@type\":\"ImageObject\",\"inLanguage\":\"pt-BR\",\"@id\":\"https:\/\/www.gaveanews.com\/index.php\/2025\/02\/07\/a-declaracao-de-hugo-souza-do-corinthians-sobre-a-selecao-brasileira\/#primaryimage\",\"url\":\"https:\/\/www.gaveanews.com\/wp-content\/uploads\/image-2024-08-21T141722.256.webp\",\"contentUrl\":\"https:\/\/www.gaveanews.com\/wp-content\/uploads\/image-2024-08-21T141722.256.webp\",\"width\":740,\"height\":416,\"caption\":\"Foto: Jhony Pinho\/AGIF Hugo Souza falou sobre o Mengo\"},{\"@type\":\"BreadcrumbList\",\"@id\":\"https:\/\/www.gaveanews.com\/index.php\/2025\/02\/07\/a-declaracao-de-hugo-souza-do-corinthians-sobre-a-selecao-brasileira\/#breadcrumb\",\"itemListElement\":[{\"@type\":\"ListItem\",\"position\":1,\"name\":\"Home\",\"item\":\"https:\/\/www.gaveanews.com\/\"},{\"@type\":\"ListItem\",\"position\":2,\"name\":\"A declara\u00e7\u00e3o de Hugo Souza, do Corinthians, sobre a Sele\u00e7\u00e3o Brasileira\"}]},{\"@type\":\"WebSite\",\"@id\":\"https:\/\/www.gaveanews.com\/#website\",\"url\":\"https:\/\/www.gaveanews.com\/\",\"name\":\"G\u00e1vea News\",\"description\":\"Veja todas as not\u00edcias sobre o Flamengo: Contrata\u00e7\u00f5es, categorias de base, resultados das partidas, tabela de classifica\u00e7\u00e3o, pr\u00f3ximos jogos!\",\"potentialAction\":[{\"@type\":\"SearchAction\",\"target\":{\"@type\":\"EntryPoint\",\"urlTemplate\":\"https:\/\/www.gaveanews.com\/?s={search_term_string}\"},\"query-input\":{\"@type\":\"PropertyValueSpecification\",\"valueRequired\":true,\"valueName\":\"search_term_string\"}}],\"inLanguage\":\"pt-BR\"},{\"@type\":\"Person\",\"@id\":\"https:\/\/www.gaveanews.com\/#\/schema\/person\/f42654babcd2b2014a1a65af82b081f1\",\"name\":\"Geovanna Thomaz\",\"image\":{\"@type\":\"ImageObject\",\"inLanguage\":\"pt-BR\",\"@id\":\"https:\/\/www.gaveanews.com\/#\/schema\/person\/image\/\",\"url\":\"https:\/\/secure.gravatar.com\/avatar\/4092073255489533afb558984b49b64268c47198af8623cc82a925ae9fb7118a?s=96&d=mm&r=g\",\"contentUrl\":\"https:\/\/secure.gravatar.com\/avatar\/4092073255489533afb558984b49b64268c47198af8623cc82a925ae9fb7118a?s=96&d=mm&r=g\",\"caption\":\"Geovanna Thomaz\"}}]}<\/script>\n<!-- \/ Yoast SEO Premium plugin. -->","yoast_head_json":{"title":"A declara\u00e7\u00e3o de Hugo Souza, do Corinthians, sobre a Sele\u00e7\u00e3o Brasileira","robots":{"index":"index","follow":"follow","max-snippet":"max-snippet:-1","max-image-preview":"max-image-preview:large","max-video-preview":"max-video-preview:-1"},"canonical":"https:\/\/www.gaveanews.com\/index.php\/2025\/02\/07\/a-declaracao-de-hugo-souza-do-corinthians-sobre-a-selecao-brasileira\/","og_locale":"pt_BR","og_type":"article","og_title":"A declara\u00e7\u00e3o de Hugo Souza, do Corinthians, sobre a Sele\u00e7\u00e3o Brasileira","og_description":"Hugo Souza brilha em cl\u00e1ssico, defende p\u00eanalti e sonha com a Sele\u00e7\u00e3o Brasileira Hugo Souza foi o grande nome do Corinthians no empate por 1 a 1 contra o Palmeiras, na \u00faltima quinta-feira (6), pela s\u00e9tima rodada do Campeonato Paulista. O goleiro garantiu o resultado ao defender o p\u00eanalti cobrado por Est\u00eav\u00e3o nos acr\u00e9scimos do [&hellip;]","og_url":"https:\/\/www.gaveanews.com\/index.php\/2025\/02\/07\/a-declaracao-de-hugo-souza-do-corinthians-sobre-a-selecao-brasileira\/","og_site_name":"G\u00e1vea News","article_publisher":"https:\/\/facebook.com\/gaveaNews\/","article_published_time":"2025-02-08T01:00:00+00:00","og_image":[{"width":740,"height":416,"url":"https:\/\/www.gaveanews.com\/wp-content\/uploads\/image-2024-08-21T141722.256.webp","type":"image\/webp"}],"author":"Geovanna Thomaz","twitter_card":"summary_large_image","twitter_misc":{"Escrito por":"Geovanna Thomaz","Est. tempo de leitura":"2 minutos"},"schema":{"@context":"https:\/\/schema.org","@graph":[{"@type":"NewsArticle","@id":"https:\/\/www.gaveanews.com\/index.php\/2025\/02\/07\/a-declaracao-de-hugo-souza-do-corinthians-sobre-a-selecao-brasileira\/#article","isPartOf":{"@id":"https:\/\/www.gaveanews.com\/index.php\/2025\/02\/07\/a-declaracao-de-hugo-souza-do-corinthians-sobre-a-selecao-brasileira\/"},"author":{"name":"Geovanna Thomaz","@id":"https:\/\/www.gaveanews.com\/#\/schema\/person\/f42654babcd2b2014a1a65af82b081f1"},"headline":"A declara\u00e7\u00e3o de Hugo Souza, do Corinthians, sobre a Sele\u00e7\u00e3o Brasileira","datePublished":"2025-02-08T01:00:00+00:00","mainEntityOfPage":{"@id":"https:\/\/www.gaveanews.com\/index.php\/2025\/02\/07\/a-declaracao-de-hugo-souza-do-corinthians-sobre-a-selecao-brasileira\/"},"wordCount":356,"commentCount":0,"image":{"@id":"https:\/\/www.gaveanews.com\/index.php\/2025\/02\/07\/a-declaracao-de-hugo-souza-do-corinthians-sobre-a-selecao-brasileira\/#primaryimage"},"thumbnailUrl":"https:\/\/www.gaveanews.com\/wp-content\/uploads\/image-2024-08-21T141722.256.webp","articleSection":["Corinthians"],"inLanguage":"pt-BR","potentialAction":[{"@type":"CommentAction","name":"Comment","target":["https:\/\/www.gaveanews.com\/index.php\/2025\/02\/07\/a-declaracao-de-hugo-souza-do-corinthians-sobre-a-selecao-brasileira\/#respond"]}],"copyrightYear":"2025","copyrightHolder":{"@id":"https:\/\/www.gaveanews.com\/#organization"}},{"@type":"WebPage","@id":"https:\/\/www.gaveanews.com\/index.php\/2025\/02\/07\/a-declaracao-de-hugo-souza-do-corinthians-sobre-a-selecao-brasileira\/","url":"https:\/\/www.gaveanews.com\/index.php\/2025\/02\/07\/a-declaracao-de-hugo-souza-do-corinthians-sobre-a-selecao-brasileira\/","name":"A declara\u00e7\u00e3o de Hugo Souza, do Corinthians, sobre a Sele\u00e7\u00e3o Brasileira","isPartOf":{"@id":"https:\/\/www.gaveanews.com\/#website"},"primaryImageOfPage":{"@id":"https:\/\/www.gaveanews.com\/index.php\/2025\/02\/07\/a-declaracao-de-hugo-souza-do-corinthians-sobre-a-selecao-brasileira\/#primaryimage"},"image":{"@id":"https:\/\/www.gaveanews.com\/index.php\/2025\/02\/07\/a-declaracao-de-hugo-souza-do-corinthians-sobre-a-selecao-brasileira\/#primaryimage"},"thumbnailUrl":"https:\/\/www.gaveanews.com\/wp-content\/uploads\/image-2024-08-21T141722.256.webp","datePublished":"2025-02-08T01:00:00+00:00","author":{"@id":"https:\/\/www.gaveanews.com\/#\/schema\/person\/f42654babcd2b2014a1a65af82b081f1"},"breadcrumb":{"@id":"https:\/\/www.gaveanews.com\/index.php\/2025\/02\/07\/a-declaracao-de-hugo-souza-do-corinthians-sobre-a-selecao-brasileira\/#breadcrumb"},"inLanguage":"pt-BR","potentialAction":[{"@type":"ReadAction","target":["https:\/\/www.gaveanews.com\/index.php\/2025\/02\/07\/a-declaracao-de-hugo-souza-do-corinthians-sobre-a-selecao-brasileira\/"]}]},{"@type":"ImageObject","inLanguage":"pt-BR","@id":"https:\/\/www.gaveanews.com\/index.php\/2025\/02\/07\/a-declaracao-de-hugo-souza-do-corinthians-sobre-a-selecao-brasileira\/#primaryimage","url":"https:\/\/www.gaveanews.com\/wp-content\/uploads\/image-2024-08-21T141722.256.webp","contentUrl":"https:\/\/www.gaveanews.com\/wp-content\/uploads\/image-2024-08-21T141722.256.webp","width":740,"height":416,"caption":"Foto: Jhony Pinho\/AGIF Hugo Souza falou sobre o Mengo"},{"@type":"BreadcrumbList","@id":"https:\/\/www.gaveanews.com\/index.php\/2025\/02\/07\/a-declaracao-de-hugo-souza-do-corinthians-sobre-a-selecao-brasileira\/#breadcrumb","itemListElement":[{"@type":"ListItem","position":1,"name":"Home","item":"https:\/\/www.gaveanews.com\/"},{"@type":"ListItem","position":2,"name":"A declara\u00e7\u00e3o de Hugo Souza, do Corinthians, sobre a Sele\u00e7\u00e3o Brasileira"}]},{"@type":"WebSite","@id":"https:\/\/www.gaveanews.com\/#website","url":"https:\/\/www.gaveanews.com\/","name":"G\u00e1vea News","description":"Veja todas as not\u00edcias sobre o Flamengo: Contrata\u00e7\u00f5es, categorias de base, resultados das partidas, tabela de classifica\u00e7\u00e3o, pr\u00f3ximos jogos!","potentialAction":[{"@type":"SearchAction","target":{"@type":"EntryPoint","urlTemplate":"https:\/\/www.gaveanews.com\/?s={search_term_string}"},"query-input":{"@type":"PropertyValueSpecification","valueRequired":true,"valueName":"search_term_string"}}],"inLanguage":"pt-BR"},{"@type":"Person","@id":"https:\/\/www.gaveanews.com\/#\/schema\/person\/f42654babcd2b2014a1a65af82b081f1","name":"Geovanna Thomaz","image":{"@type":"ImageObject","inLanguage":"pt-BR","@id":"https:\/\/www.gaveanews.com\/#\/schema\/person\/image\/","url":"https:\/\/secure.gravatar.com\/avatar\/4092073255489533afb558984b49b64268c47198af8623cc82a925ae9fb7118a?s=96&d=mm&r=g","contentUrl":"https:\/\/secure.gravatar.com\/avatar\/4092073255489533afb558984b49b64268c47198af8623cc82a925ae9fb7118a?s=96&d=mm&r=g","caption":"Geovanna Thomaz"}}]}},"_links":{"self":[{"href":"https:\/\/www.gaveanews.com\/index.php\/wp-json\/wp\/v2\/posts\/224929","targetHints":{"allow":["GET"]}}],"collection":[{"href":"https:\/\/www.gaveanews.com\/index.php\/wp-json\/wp\/v2\/posts"}],"about":[{"href":"https:\/\/www.gaveanews.com\/index.php\/wp-json\/wp\/v2\/types\/post"}],"author":[{"embeddable":true,"href":"https:\/\/www.gaveanews.com\/index.php\/wp-json\/wp\/v2\/users\/17"}],"replies":[{"embeddable":true,"href":"https:\/\/www.gaveanews.com\/index.php\/wp-json\/wp\/v2\/comments?post=224929"}],"version-history":[{"count":1,"href":"https:\/\/www.gaveanews.com\/index.php\/wp-json\/wp\/v2\/posts\/224929\/revisions"}],"predecessor-version":[{"id":224933,"href":"https:\/\/www.gaveanews.com\/index.php\/wp-json\/wp\/v2\/posts\/224929\/revisions\/224933"}],"wp:featuredmedia":[{"embeddable":true,"href":"https:\/\/www.gaveanews.com\/index.php\/wp-json\/wp\/v2\/media\/160023"}],"wp:attachment":[{"href":"https:\/\/www.gaveanews.com\/index.php\/wp-json\/wp\/v2\/media?parent=224929"}],"wp:term":[{"taxonomy":"category","embeddable":true,"href":"https:\/\/www.gaveanews.com\/index.php\/wp-json\/wp\/v2\/categories?post=224929"},{"taxonomy":"post_tag","embeddable":true,"href":"https:\/\/www.gaveanews.com\/index.php\/wp-json\/wp\/v2\/tags?post=224929"}],"curies":[{"name":"wp","href":"https:\/\/api.w.org\/{rel}","templated":true}]}}