{"id":224988,"date":"2025-02-08T00:25:00","date_gmt":"2025-02-08T03:25:00","guid":{"rendered":"https:\/\/www.gaveanews.com\/?p=224988"},"modified":"2025-02-07T22:49:00","modified_gmt":"2025-02-08T01:49:00","slug":"bangu-emite-nota-oficial-direcionada-ao-botafogo","status":"publish","type":"post","link":"https:\/\/www.gaveanews.com\/index.php\/2025\/02\/08\/bangu-emite-nota-oficial-direcionada-ao-botafogo\/","title":{"rendered":"Bangu emite nota oficial direcionada ao Botafogo"},"content":{"rendered":"\n<h2 class=\"wp-block-heading\" id=\"h-bangu-rebate-botafogo-apos-reclamacao-sobre-gramado-de-moca-bonita\">Bangu rebate Botafogo ap\u00f3s reclama\u00e7\u00e3o sobre gramado de Mo\u00e7a Bonita<\/h2>\n\n\n\n<p>O Bangu divulgou uma nota oficial nesta sexta-feira para rebater as cr\u00edticas do Botafogo em rela\u00e7\u00e3o ao gramado do est\u00e1dio Mo\u00e7a Bonita. O clube alvinegro pretende enviar um of\u00edcio \u00e0 Federa\u00e7\u00e3o de Futebol do Estado do Rio de Janeiro (Ferj) pedindo a interven\u00e7\u00e3o no est\u00e1dio, alegando que as condi\u00e7\u00f5es do campo foram determinantes para les\u00f5es de jogadores na vit\u00f3ria por 1 a 0 sobre o Nova Igua\u00e7u, na \u00faltima quinta-feira.<\/p>\n\n\n\n<p>No comunicado, o Bangu contesta a alega\u00e7\u00e3o e afirma que o gramado passou por reforma antes do in\u00edcio do Campeonato Carioca. O clube tamb\u00e9m critica o fato de o Botafogo n\u00e3o ter enviado representantes para avaliar o campo antes da partida.<\/p>\n\n\n\n<p>\u201cNos parece exagerado o Botafogo pensar em enviar um of\u00edcio \u00e0 Ferj, com alguma inten\u00e7\u00e3o de interditar o est\u00e1dio, por achar que o gramado foi o suposto causador das les\u00f5es de dois de seus atletas. O Botafogo joga em gramado sint\u00e9tico e ouve, durante a temporada, diversas queixas relacionando o tipo de campo a poss\u00edveis les\u00f5es. Est\u00e1 tentando inverter o discurso, sem provas cient\u00edficas?\u201d, questiona o Bangu na nota.<\/p>\n\n\n\n<p>Durante a partida contra o Nova Igua\u00e7u, cinco jogadores do Botafogo deixaram o campo com dores ou les\u00f5es. Bastos e Artur foram substitu\u00eddos ainda no primeiro tempo, enquanto Serafim, que entrou no lugar de Bastos, tamb\u00e9m precisou ser substitu\u00eddo na etapa final. John e Vitinho terminaram o jogo no sacrif\u00edcio.<\/p>\n\n\n\n<p>O Bangu ainda menciona que o Fluminense mandou dois jogos no est\u00e1dio no in\u00edcio do Campeonato Carioca sem qualquer reclama\u00e7\u00e3o sobre o gramado. Al\u00e9m disso, o clube sugere que os jogadores do Botafogo podem n\u00e3o ter utilizado cal\u00e7ados adequados para o campo.<\/p>\n\n\n\n<p>O est\u00e1dio Mo\u00e7a Bonita foi uma das op\u00e7\u00f5es para o Botafogo devido \u00e0 falta de disponibilidade do Nilton Santos, que passa por reformas no gramado. O clube alvinegro agora aguarda o posicionamento da Ferj sobre o pedido de interven\u00e7\u00e3o.<\/p>\n\n\n\n<p><strong>Veja a nota oficial\u00a0<\/strong><\/p>\n\n\n\n<p>&#8220;<em>O Bangu Atl\u00e9tico Clube reage com surpresa \u00e0s not\u00edcias desta quinta-feira (7), onde o Botafogo SAF, promete enviar of\u00edcio \u00e0 FERJ para suposta interdi\u00e7\u00e3o do est\u00e1dio de Mo\u00e7a Bonita. Segundo o notici\u00e1rio, o motivo seria por causa das condi\u00e7\u00f5es do gramado, sendo este, o principal motivo de les\u00f5es de seus atletas na partida realizada diante do Nova Igua\u00e7u, nesta quarta-feira (6). Jogo este que o atual campe\u00e3o Brasileiro e da Libertadores venceu o jogo por 1 a 0. Sobre isto, o Bangu, respeitosamente vem a p\u00fablico esclarecer e pontuar algumas quest\u00f5es:<\/em><\/p>\n\n\n\n<p><em>1 &#8211; O gramado do est\u00e1dio Prolet\u00e1rio Guilherme da Silveira Filho (Mo\u00e7a Bonita) foi completamente interditado desde o in\u00edcio de Dezembro at\u00e9 o come\u00e7o do Carioc\u00e3o para uma ampla reforma. Sendo aprovado por todas as inst\u00e2ncias da competi\u00e7\u00e3o antes de come\u00e7ar a temporada. Durante este per\u00edodo, o Bangu se preocupou em n\u00e3o macular o gramado, respeitando as exig\u00eancias das institui\u00e7\u00f5es que cuidam deste ramo, dos clubes interessados e com contrato para atuar no campo e da pr\u00f3pria Federa\u00e7\u00e3o de Futebol do Estado do Rio de Janeiro (FERJ)<\/em><\/p>\n\n\n\n<p><em>2 &#8211; O Fluminense Football Club nos procurou antes de come\u00e7ar o Carioca para mandar seus dois primeiros jogos no est\u00e1dio. Realizou as partidas sem nenhuma reclama\u00e7\u00e3o t\u00e9cnica. O Tricolor, inclusive, empatou as duas partidas que fez em Mo\u00e7a Bonita.<\/em><\/p>\n\n\n\n<p><em>3 &#8211; Nos causou certa estranheza o Botafogo ter nos consultado, semanas antes, questionando se o est\u00e1dio teria condi\u00e7\u00f5es de receber um jogo do clube e, mesmo assim, n\u00e3o ter vindo nenhum representante antes inspecionar ou realizar uma visita ao gramado. Nos honra e, muito, ter o atual campe\u00e3o do Brasil e da Am\u00e9rica jogando em nosso \u201cpa\u00eds\u201d, mas acreditamos que neste caso, o Botafogo agiu \u201c\u00e0 moda Bangu\u201d para esta partida.<\/em><\/p>\n\n\n\n<p><em>4 &#8211; Por \u00faltimo, um questionamento: Ser\u00e1 que os atletas do Glorioso jogaram com a chuteira adequada para este tipo de gramado? Culpar o piso por um desempenho abaixo das tradi\u00e7\u00f5es do Botafogo, nos pareceu conveniente. Entendemos que em in\u00edcio de temporada estes tipos de a\u00e7\u00f5es s\u00e3o corriqueiras. Os atletas que sa\u00edram lesionados estavam sem jogar h\u00e1 um tempo. Ser\u00e1 mesmo que foi o gramado? Ficam estes questionamentos.<\/em><\/p>\n\n\n\n<p><em>5 &#8211; Nos parece exagerado, o Botafogo pensar em enviar um of\u00edcio \u00e0 Federa\u00e7\u00e3o de Futebol do Estado do Rio de Janeiro (FERJ), com alguma inten\u00e7\u00e3o de interditar o est\u00e1dio, por achar que o gramado foi o suposto causador das les\u00f5es de dois de seus atletas. O Botafogo joga em gramado sint\u00e9tico e ouve, durante a temporada, diversas queixas relacionando o tipo de campo a poss\u00edveis les\u00f5es. Est\u00e1 tentando inverter o discurso, sem provas cient\u00edficas?<\/em><\/p>\n\n\n\n<p><em>Para finalizar, o Bangu Atl\u00e9tico Clube estar\u00e1 sempre de portas abertas aos clubes que desejarem jogar em nossa casa. Tamb\u00e9m registramos que estaremos abertos ao di\u00e1logo para melhorar as condi\u00e7\u00f5es da ess\u00eancia do futebol brasileiro.<\/em>&#8220;<\/p>\n","protected":false},"excerpt":{"rendered":"<p>Bangu rebate Botafogo ap\u00f3s reclama\u00e7\u00e3o sobre gramado de Mo\u00e7a Bonita O Bangu divulgou uma nota oficial nesta sexta-feira para rebater as cr\u00edticas do Botafogo em rela\u00e7\u00e3o ao gramado do est\u00e1dio Mo\u00e7a Bonita. O clube alvinegro pretende enviar um of\u00edcio \u00e0 Federa\u00e7\u00e3o de Futebol do Estado do Rio de Janeiro (Ferj) pedindo a interven\u00e7\u00e3o no est\u00e1dio, [&hellip;]<\/p>\n","protected":false},"author":17,"featured_media":182060,"comment_status":"open","ping_status":"closed","sticky":false,"template":"","format":"standard","meta":{"footnotes":""},"categories":[138],"tags":[],"class_list":["post-224988","post","type-post","status-publish","format-standard","has-post-thumbnail","hentry","category-botafogo"],"yoast_head":"<!-- This site is optimized with the Yoast SEO Premium plugin v24.2 (Yoast SEO v26.9) - https:\/\/yoast.com\/product\/yoast-seo-premium-wordpress\/ -->\n<title>Bangu emite nota oficial direcionada ao Botafogo<\/title>\n<meta name=\"robots\" content=\"index, follow, max-snippet:-1, max-image-preview:large, max-video-preview:-1\" \/>\n<link rel=\"canonical\" href=\"https:\/\/www.gaveanews.com\/index.php\/2025\/02\/08\/bangu-emite-nota-oficial-direcionada-ao-botafogo\/\" \/>\n<meta property=\"og:locale\" content=\"pt_BR\" \/>\n<meta property=\"og:type\" content=\"article\" \/>\n<meta property=\"og:title\" content=\"Bangu emite nota oficial direcionada ao Botafogo\" \/>\n<meta property=\"og:description\" content=\"Bangu rebate Botafogo ap\u00f3s reclama\u00e7\u00e3o sobre gramado de Mo\u00e7a Bonita O Bangu divulgou uma nota oficial nesta sexta-feira para rebater as cr\u00edticas do Botafogo em rela\u00e7\u00e3o ao gramado do est\u00e1dio Mo\u00e7a Bonita. O clube alvinegro pretende enviar um of\u00edcio \u00e0 Federa\u00e7\u00e3o de Futebol do Estado do Rio de Janeiro (Ferj) pedindo a interven\u00e7\u00e3o no est\u00e1dio, [&hellip;]\" \/>\n<meta property=\"og:url\" content=\"https:\/\/www.gaveanews.com\/index.php\/2025\/02\/08\/bangu-emite-nota-oficial-direcionada-ao-botafogo\/\" \/>\n<meta property=\"og:site_name\" content=\"G\u00e1vea News\" \/>\n<meta property=\"article:publisher\" content=\"https:\/\/facebook.com\/gaveaNews\/\" \/>\n<meta property=\"article:published_time\" content=\"2025-02-08T03:25:00+00:00\" \/>\n<meta property=\"og:image\" content=\"https:\/\/www.gaveanews.com\/wp-content\/uploads\/Escudo-do-Botafogo-1.webp\" \/>\n\t<meta property=\"og:image:width\" content=\"787\" \/>\n\t<meta property=\"og:image:height\" content=\"525\" \/>\n\t<meta property=\"og:image:type\" content=\"image\/webp\" \/>\n<meta name=\"author\" content=\"Geovanna Thomaz\" \/>\n<meta name=\"twitter:card\" content=\"summary_large_image\" \/>\n<meta name=\"twitter:label1\" content=\"Escrito por\" \/>\n\t<meta name=\"twitter:data1\" content=\"Geovanna Thomaz\" \/>\n\t<meta name=\"twitter:label2\" content=\"Est. tempo de leitura\" \/>\n\t<meta name=\"twitter:data2\" content=\"5 minutos\" \/>\n<script type=\"application\/ld+json\" class=\"yoast-schema-graph\">{\"@context\":\"https:\/\/schema.org\",\"@graph\":[{\"@type\":\"NewsArticle\",\"@id\":\"https:\/\/www.gaveanews.com\/index.php\/2025\/02\/08\/bangu-emite-nota-oficial-direcionada-ao-botafogo\/#article\",\"isPartOf\":{\"@id\":\"https:\/\/www.gaveanews.com\/index.php\/2025\/02\/08\/bangu-emite-nota-oficial-direcionada-ao-botafogo\/\"},\"author\":{\"name\":\"Geovanna Thomaz\",\"@id\":\"https:\/\/www.gaveanews.com\/#\/schema\/person\/f42654babcd2b2014a1a65af82b081f1\"},\"headline\":\"Bangu emite nota oficial direcionada ao Botafogo\",\"datePublished\":\"2025-02-08T03:25:00+00:00\",\"mainEntityOfPage\":{\"@id\":\"https:\/\/www.gaveanews.com\/index.php\/2025\/02\/08\/bangu-emite-nota-oficial-direcionada-ao-botafogo\/\"},\"wordCount\":884,\"commentCount\":0,\"image\":{\"@id\":\"https:\/\/www.gaveanews.com\/index.php\/2025\/02\/08\/bangu-emite-nota-oficial-direcionada-ao-botafogo\/#primaryimage\"},\"thumbnailUrl\":\"https:\/\/www.gaveanews.com\/wp-content\/uploads\/Escudo-do-Botafogo-1.webp\",\"articleSection\":[\"Botafogo\"],\"inLanguage\":\"pt-BR\",\"potentialAction\":[{\"@type\":\"CommentAction\",\"name\":\"Comment\",\"target\":[\"https:\/\/www.gaveanews.com\/index.php\/2025\/02\/08\/bangu-emite-nota-oficial-direcionada-ao-botafogo\/#respond\"]}],\"copyrightYear\":\"2025\",\"copyrightHolder\":{\"@id\":\"https:\/\/www.gaveanews.com\/#organization\"}},{\"@type\":\"WebPage\",\"@id\":\"https:\/\/www.gaveanews.com\/index.php\/2025\/02\/08\/bangu-emite-nota-oficial-direcionada-ao-botafogo\/\",\"url\":\"https:\/\/www.gaveanews.com\/index.php\/2025\/02\/08\/bangu-emite-nota-oficial-direcionada-ao-botafogo\/\",\"name\":\"Bangu emite nota oficial direcionada ao Botafogo\",\"isPartOf\":{\"@id\":\"https:\/\/www.gaveanews.com\/#website\"},\"primaryImageOfPage\":{\"@id\":\"https:\/\/www.gaveanews.com\/index.php\/2025\/02\/08\/bangu-emite-nota-oficial-direcionada-ao-botafogo\/#primaryimage\"},\"image\":{\"@id\":\"https:\/\/www.gaveanews.com\/index.php\/2025\/02\/08\/bangu-emite-nota-oficial-direcionada-ao-botafogo\/#primaryimage\"},\"thumbnailUrl\":\"https:\/\/www.gaveanews.com\/wp-content\/uploads\/Escudo-do-Botafogo-1.webp\",\"datePublished\":\"2025-02-08T03:25:00+00:00\",\"author\":{\"@id\":\"https:\/\/www.gaveanews.com\/#\/schema\/person\/f42654babcd2b2014a1a65af82b081f1\"},\"breadcrumb\":{\"@id\":\"https:\/\/www.gaveanews.com\/index.php\/2025\/02\/08\/bangu-emite-nota-oficial-direcionada-ao-botafogo\/#breadcrumb\"},\"inLanguage\":\"pt-BR\",\"potentialAction\":[{\"@type\":\"ReadAction\",\"target\":[\"https:\/\/www.gaveanews.com\/index.php\/2025\/02\/08\/bangu-emite-nota-oficial-direcionada-ao-botafogo\/\"]}]},{\"@type\":\"ImageObject\",\"inLanguage\":\"pt-BR\",\"@id\":\"https:\/\/www.gaveanews.com\/index.php\/2025\/02\/08\/bangu-emite-nota-oficial-direcionada-ao-botafogo\/#primaryimage\",\"url\":\"https:\/\/www.gaveanews.com\/wp-content\/uploads\/Escudo-do-Botafogo-1.webp\",\"contentUrl\":\"https:\/\/www.gaveanews.com\/wp-content\/uploads\/Escudo-do-Botafogo-1.webp\",\"width\":787,\"height\":525,\"caption\":\"Escudo do Botafogo (Foto: Reprodu\u00e7\u00e3o\/Botafogo)\"},{\"@type\":\"BreadcrumbList\",\"@id\":\"https:\/\/www.gaveanews.com\/index.php\/2025\/02\/08\/bangu-emite-nota-oficial-direcionada-ao-botafogo\/#breadcrumb\",\"itemListElement\":[{\"@type\":\"ListItem\",\"position\":1,\"name\":\"Home\",\"item\":\"https:\/\/www.gaveanews.com\/\"},{\"@type\":\"ListItem\",\"position\":2,\"name\":\"Bangu emite nota oficial direcionada ao Botafogo\"}]},{\"@type\":\"WebSite\",\"@id\":\"https:\/\/www.gaveanews.com\/#website\",\"url\":\"https:\/\/www.gaveanews.com\/\",\"name\":\"G\u00e1vea News\",\"description\":\"Veja todas as not\u00edcias sobre o Flamengo: Contrata\u00e7\u00f5es, categorias de base, resultados das partidas, tabela de classifica\u00e7\u00e3o, pr\u00f3ximos jogos!\",\"potentialAction\":[{\"@type\":\"SearchAction\",\"target\":{\"@type\":\"EntryPoint\",\"urlTemplate\":\"https:\/\/www.gaveanews.com\/?s={search_term_string}\"},\"query-input\":{\"@type\":\"PropertyValueSpecification\",\"valueRequired\":true,\"valueName\":\"search_term_string\"}}],\"inLanguage\":\"pt-BR\"},{\"@type\":\"Person\",\"@id\":\"https:\/\/www.gaveanews.com\/#\/schema\/person\/f42654babcd2b2014a1a65af82b081f1\",\"name\":\"Geovanna Thomaz\",\"image\":{\"@type\":\"ImageObject\",\"inLanguage\":\"pt-BR\",\"@id\":\"https:\/\/www.gaveanews.com\/#\/schema\/person\/image\/\",\"url\":\"https:\/\/secure.gravatar.com\/avatar\/4092073255489533afb558984b49b64268c47198af8623cc82a925ae9fb7118a?s=96&d=mm&r=g\",\"contentUrl\":\"https:\/\/secure.gravatar.com\/avatar\/4092073255489533afb558984b49b64268c47198af8623cc82a925ae9fb7118a?s=96&d=mm&r=g\",\"caption\":\"Geovanna Thomaz\"}}]}<\/script>\n<!-- \/ Yoast SEO Premium plugin. -->","yoast_head_json":{"title":"Bangu emite nota oficial direcionada ao Botafogo","robots":{"index":"index","follow":"follow","max-snippet":"max-snippet:-1","max-image-preview":"max-image-preview:large","max-video-preview":"max-video-preview:-1"},"canonical":"https:\/\/www.gaveanews.com\/index.php\/2025\/02\/08\/bangu-emite-nota-oficial-direcionada-ao-botafogo\/","og_locale":"pt_BR","og_type":"article","og_title":"Bangu emite nota oficial direcionada ao Botafogo","og_description":"Bangu rebate Botafogo ap\u00f3s reclama\u00e7\u00e3o sobre gramado de Mo\u00e7a Bonita O Bangu divulgou uma nota oficial nesta sexta-feira para rebater as cr\u00edticas do Botafogo em rela\u00e7\u00e3o ao gramado do est\u00e1dio Mo\u00e7a Bonita. O clube alvinegro pretende enviar um of\u00edcio \u00e0 Federa\u00e7\u00e3o de Futebol do Estado do Rio de Janeiro (Ferj) pedindo a interven\u00e7\u00e3o no est\u00e1dio, [&hellip;]","og_url":"https:\/\/www.gaveanews.com\/index.php\/2025\/02\/08\/bangu-emite-nota-oficial-direcionada-ao-botafogo\/","og_site_name":"G\u00e1vea News","article_publisher":"https:\/\/facebook.com\/gaveaNews\/","article_published_time":"2025-02-08T03:25:00+00:00","og_image":[{"width":787,"height":525,"url":"https:\/\/www.gaveanews.com\/wp-content\/uploads\/Escudo-do-Botafogo-1.webp","type":"image\/webp"}],"author":"Geovanna Thomaz","twitter_card":"summary_large_image","twitter_misc":{"Escrito por":"Geovanna Thomaz","Est. tempo de leitura":"5 minutos"},"schema":{"@context":"https:\/\/schema.org","@graph":[{"@type":"NewsArticle","@id":"https:\/\/www.gaveanews.com\/index.php\/2025\/02\/08\/bangu-emite-nota-oficial-direcionada-ao-botafogo\/#article","isPartOf":{"@id":"https:\/\/www.gaveanews.com\/index.php\/2025\/02\/08\/bangu-emite-nota-oficial-direcionada-ao-botafogo\/"},"author":{"name":"Geovanna Thomaz","@id":"https:\/\/www.gaveanews.com\/#\/schema\/person\/f42654babcd2b2014a1a65af82b081f1"},"headline":"Bangu emite nota oficial direcionada ao Botafogo","datePublished":"2025-02-08T03:25:00+00:00","mainEntityOfPage":{"@id":"https:\/\/www.gaveanews.com\/index.php\/2025\/02\/08\/bangu-emite-nota-oficial-direcionada-ao-botafogo\/"},"wordCount":884,"commentCount":0,"image":{"@id":"https:\/\/www.gaveanews.com\/index.php\/2025\/02\/08\/bangu-emite-nota-oficial-direcionada-ao-botafogo\/#primaryimage"},"thumbnailUrl":"https:\/\/www.gaveanews.com\/wp-content\/uploads\/Escudo-do-Botafogo-1.webp","articleSection":["Botafogo"],"inLanguage":"pt-BR","potentialAction":[{"@type":"CommentAction","name":"Comment","target":["https:\/\/www.gaveanews.com\/index.php\/2025\/02\/08\/bangu-emite-nota-oficial-direcionada-ao-botafogo\/#respond"]}],"copyrightYear":"2025","copyrightHolder":{"@id":"https:\/\/www.gaveanews.com\/#organization"}},{"@type":"WebPage","@id":"https:\/\/www.gaveanews.com\/index.php\/2025\/02\/08\/bangu-emite-nota-oficial-direcionada-ao-botafogo\/","url":"https:\/\/www.gaveanews.com\/index.php\/2025\/02\/08\/bangu-emite-nota-oficial-direcionada-ao-botafogo\/","name":"Bangu emite nota oficial direcionada ao Botafogo","isPartOf":{"@id":"https:\/\/www.gaveanews.com\/#website"},"primaryImageOfPage":{"@id":"https:\/\/www.gaveanews.com\/index.php\/2025\/02\/08\/bangu-emite-nota-oficial-direcionada-ao-botafogo\/#primaryimage"},"image":{"@id":"https:\/\/www.gaveanews.com\/index.php\/2025\/02\/08\/bangu-emite-nota-oficial-direcionada-ao-botafogo\/#primaryimage"},"thumbnailUrl":"https:\/\/www.gaveanews.com\/wp-content\/uploads\/Escudo-do-Botafogo-1.webp","datePublished":"2025-02-08T03:25:00+00:00","author":{"@id":"https:\/\/www.gaveanews.com\/#\/schema\/person\/f42654babcd2b2014a1a65af82b081f1"},"breadcrumb":{"@id":"https:\/\/www.gaveanews.com\/index.php\/2025\/02\/08\/bangu-emite-nota-oficial-direcionada-ao-botafogo\/#breadcrumb"},"inLanguage":"pt-BR","potentialAction":[{"@type":"ReadAction","target":["https:\/\/www.gaveanews.com\/index.php\/2025\/02\/08\/bangu-emite-nota-oficial-direcionada-ao-botafogo\/"]}]},{"@type":"ImageObject","inLanguage":"pt-BR","@id":"https:\/\/www.gaveanews.com\/index.php\/2025\/02\/08\/bangu-emite-nota-oficial-direcionada-ao-botafogo\/#primaryimage","url":"https:\/\/www.gaveanews.com\/wp-content\/uploads\/Escudo-do-Botafogo-1.webp","contentUrl":"https:\/\/www.gaveanews.com\/wp-content\/uploads\/Escudo-do-Botafogo-1.webp","width":787,"height":525,"caption":"Escudo do Botafogo (Foto: Reprodu\u00e7\u00e3o\/Botafogo)"},{"@type":"BreadcrumbList","@id":"https:\/\/www.gaveanews.com\/index.php\/2025\/02\/08\/bangu-emite-nota-oficial-direcionada-ao-botafogo\/#breadcrumb","itemListElement":[{"@type":"ListItem","position":1,"name":"Home","item":"https:\/\/www.gaveanews.com\/"},{"@type":"ListItem","position":2,"name":"Bangu emite nota oficial direcionada ao Botafogo"}]},{"@type":"WebSite","@id":"https:\/\/www.gaveanews.com\/#website","url":"https:\/\/www.gaveanews.com\/","name":"G\u00e1vea News","description":"Veja todas as not\u00edcias sobre o Flamengo: Contrata\u00e7\u00f5es, categorias de base, resultados das partidas, tabela de classifica\u00e7\u00e3o, pr\u00f3ximos jogos!","potentialAction":[{"@type":"SearchAction","target":{"@type":"EntryPoint","urlTemplate":"https:\/\/www.gaveanews.com\/?s={search_term_string}"},"query-input":{"@type":"PropertyValueSpecification","valueRequired":true,"valueName":"search_term_string"}}],"inLanguage":"pt-BR"},{"@type":"Person","@id":"https:\/\/www.gaveanews.com\/#\/schema\/person\/f42654babcd2b2014a1a65af82b081f1","name":"Geovanna Thomaz","image":{"@type":"ImageObject","inLanguage":"pt-BR","@id":"https:\/\/www.gaveanews.com\/#\/schema\/person\/image\/","url":"https:\/\/secure.gravatar.com\/avatar\/4092073255489533afb558984b49b64268c47198af8623cc82a925ae9fb7118a?s=96&d=mm&r=g","contentUrl":"https:\/\/secure.gravatar.com\/avatar\/4092073255489533afb558984b49b64268c47198af8623cc82a925ae9fb7118a?s=96&d=mm&r=g","caption":"Geovanna Thomaz"}}]}},"_links":{"self":[{"href":"https:\/\/www.gaveanews.com\/index.php\/wp-json\/wp\/v2\/posts\/224988","targetHints":{"allow":["GET"]}}],"collection":[{"href":"https:\/\/www.gaveanews.com\/index.php\/wp-json\/wp\/v2\/posts"}],"about":[{"href":"https:\/\/www.gaveanews.com\/index.php\/wp-json\/wp\/v2\/types\/post"}],"author":[{"embeddable":true,"href":"https:\/\/www.gaveanews.com\/index.php\/wp-json\/wp\/v2\/users\/17"}],"replies":[{"embeddable":true,"href":"https:\/\/www.gaveanews.com\/index.php\/wp-json\/wp\/v2\/comments?post=224988"}],"version-history":[{"count":2,"href":"https:\/\/www.gaveanews.com\/index.php\/wp-json\/wp\/v2\/posts\/224988\/revisions"}],"predecessor-version":[{"id":224996,"href":"https:\/\/www.gaveanews.com\/index.php\/wp-json\/wp\/v2\/posts\/224988\/revisions\/224996"}],"wp:featuredmedia":[{"embeddable":true,"href":"https:\/\/www.gaveanews.com\/index.php\/wp-json\/wp\/v2\/media\/182060"}],"wp:attachment":[{"href":"https:\/\/www.gaveanews.com\/index.php\/wp-json\/wp\/v2\/media?parent=224988"}],"wp:term":[{"taxonomy":"category","embeddable":true,"href":"https:\/\/www.gaveanews.com\/index.php\/wp-json\/wp\/v2\/categories?post=224988"},{"taxonomy":"post_tag","embeddable":true,"href":"https:\/\/www.gaveanews.com\/index.php\/wp-json\/wp\/v2\/tags?post=224988"}],"curies":[{"name":"wp","href":"https:\/\/api.w.org\/{rel}","templated":true}]}}