{"id":225023,"date":"2025-02-08T12:20:00","date_gmt":"2025-02-08T15:20:00","guid":{"rendered":"https:\/\/www.gaveanews.com\/?p=225023"},"modified":"2025-02-08T11:44:25","modified_gmt":"2025-02-08T14:44:25","slug":"corinthians-a-declaracao-do-craque-neto-direcionada-a-hugo","status":"publish","type":"post","link":"https:\/\/www.gaveanews.com\/index.php\/2025\/02\/08\/corinthians-a-declaracao-do-craque-neto-direcionada-a-hugo\/","title":{"rendered":"Corinthians: a declara\u00e7\u00e3o do Craque Neto direcionada a Hugo"},"content":{"rendered":"\n<p>Antes do cl\u00e1ssico entre Palmeiras e Corinthians, Craque Neto manifestou desaprova\u00e7\u00e3o \u00e0 escala\u00e7\u00e3o de Hugo como lateral-esquerdo titular. Al\u00e9m disso, questionou a decis\u00e3o do t\u00e9cnico Ram\u00f3n D\u00edaz de iniciar a partida com Matheus Bidu no banco de reservas.<\/p>\n\n\n\n<p>Em an\u00e1lise pr\u00e9via transmitida no YouTube, o comentarista destacou preocupa\u00e7\u00e3o com a poss\u00edvel exposi\u00e7\u00e3o do jogador diante de Est\u00eav\u00e3o, atacante do Palmeiras conhecido por sua habilidade de dribles. <\/p>\n\n\n\n<p>Segundo Craque Neto, a escolha de Hugo gerou incerteza devido \u00e0 falta de confiabilidade em seu desempenho defensivo. Ele enfatizou que Est\u00eav\u00e3o, respons\u00e1vel pelo setor oposto, representaria um desafio importante. <\/p>\n\n\n\n<p>\u201cBidu deveria ser o titular\u201d, afirmou, refor\u00e7ando a necessidade de um jogador mais experiente na posi\u00e7\u00e3o. O ex-atleta ainda ressaltou que, atualmente, a \u00fanica d\u00favida no elenco do Corinthians est\u00e1 no lateral-esquerdo, enquanto o restante do time parece definido.<\/p>\n\n\n\n<p>\u201cEle colocou o Hugo\u2026 sabe quem joga naquele lado do Palmeiras? O Est\u00eav\u00e3o. D\u00e1 medo do Hugo ter que marcar o Est\u00eav\u00e3o, que dribla um, dois, tr\u00eas\u201d, disparou o comentarista.<\/p>\n\n\n\n<p>Ap\u00f3s o in\u00edcio do jogo, a cr\u00edtica de Craque Neto intensificou-se. O comentarista classificou Hugo como \u201cinadequado\u201d para a fun\u00e7\u00e3o, especialmente pelos espa\u00e7os deixados no setor esquerdo. Em determinado momento, ele chamou o atleta de \u201cpiada\u201d em campo, mesmo reconhecendo que outros poderiam contestar sua opini\u00e3o posteriormente.<\/p>\n\n\n\n<p>A substitui\u00e7\u00e3o do jogador no segundo tempo foi recebida com al\u00edvio, embora o apresentador tenha expressado frustra\u00e7\u00e3o com a situa\u00e7\u00e3o geral do time.<\/p>\n\n\n\n<figure class=\"wp-block-image size-full\"><img loading=\"lazy\" decoding=\"async\" width=\"984\" height=\"891\" src=\"http:\/\/www.gaveanews.com\/wp-content\/uploads\/Lateral-Hugo-durante-treinamento-do-Corinthians.webp\" alt=\"\" class=\"wp-image-153126\" srcset=\"https:\/\/www.gaveanews.com\/wp-content\/uploads\/Lateral-Hugo-durante-treinamento-do-Corinthians.webp 984w, https:\/\/www.gaveanews.com\/wp-content\/uploads\/Lateral-Hugo-durante-treinamento-do-Corinthians-300x272.webp 300w, https:\/\/www.gaveanews.com\/wp-content\/uploads\/Lateral-Hugo-durante-treinamento-do-Corinthians-768x695.webp 768w, https:\/\/www.gaveanews.com\/wp-content\/uploads\/Lateral-Hugo-durante-treinamento-do-Corinthians-464x420.webp 464w, https:\/\/www.gaveanews.com\/wp-content\/uploads\/Lateral-Hugo-durante-treinamento-do-Corinthians-928x840.webp 928w, https:\/\/www.gaveanews.com\/wp-content\/uploads\/Lateral-Hugo-durante-treinamento-do-Corinthians-640x580.webp 640w, https:\/\/www.gaveanews.com\/wp-content\/uploads\/Lateral-Hugo-durante-treinamento-do-Corinthians-681x617.webp 681w, https:\/\/www.gaveanews.com\/wp-content\/uploads\/Lateral-Hugo-durante-treinamento-do-Corinthians-100x91.webp 100w\" sizes=\"auto, (max-width: 984px) 100vw, 984px\" \/><figcaption class=\"wp-element-caption\">Lateral Hugo durante treinamento do Corinthians (Foto: Rodrigo Coca\/Ag\u00eancia Corinthians)<\/figcaption><\/figure>\n\n\n\n<h2 class=\"wp-block-heading\" id=\"h-analise-de-outros-jogadores-do-elenco\">An\u00e1lise de outros jogadores do elenco<\/h2>\n\n\n\n<p>Al\u00e9m de Hugo, Craque Neto direcionou observa\u00e7\u00f5es a Cac\u00e1 e F\u00e9lix Torres. Para ele, Cac\u00e1 precisa adotar um estilo mais simples e eficiente para consolidar-se como titular. J\u00e1 F\u00e9lix Torres, que come\u00e7ou o jogo no banco, recebeu avalia\u00e7\u00e3o negativa.<\/p>\n\n\n\n<p>\u201cO Cac\u00e1 n\u00e3o \u00e9 mau jogador. Mas ele acha que \u00e9 Mauro Galv\u00e3o, J\u00falio C\u00e9sar\u2026 se ele jogar o arroz com feij\u00e3o, eu at\u00e9 gosto\u201d, disparou. \u201c(F\u00e9lix Torres) n\u00e3o joga nada\u201d, completou.<\/p>\n","protected":false},"excerpt":{"rendered":"<p>Antes do cl\u00e1ssico entre Palmeiras e Corinthians, Craque Neto manifestou desaprova\u00e7\u00e3o \u00e0 escala\u00e7\u00e3o de Hugo como lateral-esquerdo titular. Al\u00e9m disso, questionou a decis\u00e3o do t\u00e9cnico Ram\u00f3n D\u00edaz de iniciar a partida com Matheus Bidu no banco de reservas. Em an\u00e1lise pr\u00e9via transmitida no YouTube, o comentarista destacou preocupa\u00e7\u00e3o com a poss\u00edvel exposi\u00e7\u00e3o do jogador diante [&hellip;]<\/p>\n","protected":false},"author":28,"featured_media":71983,"comment_status":"open","ping_status":"closed","sticky":false,"template":"","format":"standard","meta":{"footnotes":""},"categories":[141],"tags":[],"class_list":["post-225023","post","type-post","status-publish","format-standard","has-post-thumbnail","hentry","category-corinthians"],"yoast_head":"<!-- This site is optimized with the Yoast SEO Premium plugin v24.2 (Yoast SEO v26.9) - https:\/\/yoast.com\/product\/yoast-seo-premium-wordpress\/ -->\n<title>Corinthians: a declara\u00e7\u00e3o do Craque Neto direcionada a Hugo<\/title>\n<meta name=\"robots\" content=\"index, follow, max-snippet:-1, max-image-preview:large, max-video-preview:-1\" \/>\n<link rel=\"canonical\" href=\"https:\/\/www.gaveanews.com\/index.php\/2025\/02\/08\/corinthians-a-declaracao-do-craque-neto-direcionada-a-hugo\/\" \/>\n<meta property=\"og:locale\" content=\"pt_BR\" \/>\n<meta property=\"og:type\" content=\"article\" \/>\n<meta property=\"og:title\" content=\"Corinthians: a declara\u00e7\u00e3o do Craque Neto direcionada a Hugo\" \/>\n<meta property=\"og:description\" content=\"Antes do cl\u00e1ssico entre Palmeiras e Corinthians, Craque Neto manifestou desaprova\u00e7\u00e3o \u00e0 escala\u00e7\u00e3o de Hugo como lateral-esquerdo titular. Al\u00e9m disso, questionou a decis\u00e3o do t\u00e9cnico Ram\u00f3n D\u00edaz de iniciar a partida com Matheus Bidu no banco de reservas. Em an\u00e1lise pr\u00e9via transmitida no YouTube, o comentarista destacou preocupa\u00e7\u00e3o com a poss\u00edvel exposi\u00e7\u00e3o do jogador diante [&hellip;]\" \/>\n<meta property=\"og:url\" content=\"https:\/\/www.gaveanews.com\/index.php\/2025\/02\/08\/corinthians-a-declaracao-do-craque-neto-direcionada-a-hugo\/\" \/>\n<meta property=\"og:site_name\" content=\"G\u00e1vea News\" \/>\n<meta property=\"article:publisher\" content=\"https:\/\/facebook.com\/gaveaNews\/\" \/>\n<meta property=\"article:published_time\" content=\"2025-02-08T15:20:00+00:00\" \/>\n<meta property=\"og:image\" content=\"https:\/\/www.gaveanews.com\/wp-content\/uploads\/Comentarista-Neto-em-programa-da-Band.webp\" \/>\n\t<meta property=\"og:image:width\" content=\"846\" \/>\n\t<meta property=\"og:image:height\" content=\"476\" \/>\n\t<meta property=\"og:image:type\" content=\"image\/jpeg\" \/>\n<meta name=\"author\" content=\"Hudson Pereira\" \/>\n<meta name=\"twitter:card\" content=\"summary_large_image\" \/>\n<meta name=\"twitter:label1\" content=\"Escrito por\" \/>\n\t<meta name=\"twitter:data1\" content=\"Hudson Pereira\" \/>\n\t<meta name=\"twitter:label2\" content=\"Est. tempo de leitura\" \/>\n\t<meta name=\"twitter:data2\" content=\"3 minutos\" \/>\n<script type=\"application\/ld+json\" class=\"yoast-schema-graph\">{\"@context\":\"https:\/\/schema.org\",\"@graph\":[{\"@type\":\"NewsArticle\",\"@id\":\"https:\/\/www.gaveanews.com\/index.php\/2025\/02\/08\/corinthians-a-declaracao-do-craque-neto-direcionada-a-hugo\/#article\",\"isPartOf\":{\"@id\":\"https:\/\/www.gaveanews.com\/index.php\/2025\/02\/08\/corinthians-a-declaracao-do-craque-neto-direcionada-a-hugo\/\"},\"author\":{\"name\":\"Hudson Pereira\",\"@id\":\"https:\/\/www.gaveanews.com\/#\/schema\/person\/bd08f00534b403119b92741a6d469ef0\"},\"headline\":\"Corinthians: a declara\u00e7\u00e3o do Craque Neto direcionada a Hugo\",\"datePublished\":\"2025-02-08T15:20:00+00:00\",\"mainEntityOfPage\":{\"@id\":\"https:\/\/www.gaveanews.com\/index.php\/2025\/02\/08\/corinthians-a-declaracao-do-craque-neto-direcionada-a-hugo\/\"},\"wordCount\":380,\"commentCount\":0,\"image\":{\"@id\":\"https:\/\/www.gaveanews.com\/index.php\/2025\/02\/08\/corinthians-a-declaracao-do-craque-neto-direcionada-a-hugo\/#primaryimage\"},\"thumbnailUrl\":\"https:\/\/www.gaveanews.com\/wp-content\/uploads\/Comentarista-Neto-em-programa-da-Band.webp\",\"articleSection\":[\"Corinthians\"],\"inLanguage\":\"pt-BR\",\"potentialAction\":[{\"@type\":\"CommentAction\",\"name\":\"Comment\",\"target\":[\"https:\/\/www.gaveanews.com\/index.php\/2025\/02\/08\/corinthians-a-declaracao-do-craque-neto-direcionada-a-hugo\/#respond\"]}],\"copyrightYear\":\"2025\",\"copyrightHolder\":{\"@id\":\"https:\/\/www.gaveanews.com\/#organization\"}},{\"@type\":\"WebPage\",\"@id\":\"https:\/\/www.gaveanews.com\/index.php\/2025\/02\/08\/corinthians-a-declaracao-do-craque-neto-direcionada-a-hugo\/\",\"url\":\"https:\/\/www.gaveanews.com\/index.php\/2025\/02\/08\/corinthians-a-declaracao-do-craque-neto-direcionada-a-hugo\/\",\"name\":\"Corinthians: a declara\u00e7\u00e3o do Craque Neto direcionada a Hugo\",\"isPartOf\":{\"@id\":\"https:\/\/www.gaveanews.com\/#website\"},\"primaryImageOfPage\":{\"@id\":\"https:\/\/www.gaveanews.com\/index.php\/2025\/02\/08\/corinthians-a-declaracao-do-craque-neto-direcionada-a-hugo\/#primaryimage\"},\"image\":{\"@id\":\"https:\/\/www.gaveanews.com\/index.php\/2025\/02\/08\/corinthians-a-declaracao-do-craque-neto-direcionada-a-hugo\/#primaryimage\"},\"thumbnailUrl\":\"https:\/\/www.gaveanews.com\/wp-content\/uploads\/Comentarista-Neto-em-programa-da-Band.webp\",\"datePublished\":\"2025-02-08T15:20:00+00:00\",\"author\":{\"@id\":\"https:\/\/www.gaveanews.com\/#\/schema\/person\/bd08f00534b403119b92741a6d469ef0\"},\"breadcrumb\":{\"@id\":\"https:\/\/www.gaveanews.com\/index.php\/2025\/02\/08\/corinthians-a-declaracao-do-craque-neto-direcionada-a-hugo\/#breadcrumb\"},\"inLanguage\":\"pt-BR\",\"potentialAction\":[{\"@type\":\"ReadAction\",\"target\":[\"https:\/\/www.gaveanews.com\/index.php\/2025\/02\/08\/corinthians-a-declaracao-do-craque-neto-direcionada-a-hugo\/\"]}]},{\"@type\":\"ImageObject\",\"inLanguage\":\"pt-BR\",\"@id\":\"https:\/\/www.gaveanews.com\/index.php\/2025\/02\/08\/corinthians-a-declaracao-do-craque-neto-direcionada-a-hugo\/#primaryimage\",\"url\":\"https:\/\/www.gaveanews.com\/wp-content\/uploads\/Comentarista-Neto-em-programa-da-Band.webp\",\"contentUrl\":\"https:\/\/www.gaveanews.com\/wp-content\/uploads\/Comentarista-Neto-em-programa-da-Band.webp\",\"width\":846,\"height\":476,\"caption\":\"Comentarista Neto em programa da Band (Foto: Reprodu\u00e7\u00e3o\/Band)\"},{\"@type\":\"BreadcrumbList\",\"@id\":\"https:\/\/www.gaveanews.com\/index.php\/2025\/02\/08\/corinthians-a-declaracao-do-craque-neto-direcionada-a-hugo\/#breadcrumb\",\"itemListElement\":[{\"@type\":\"ListItem\",\"position\":1,\"name\":\"Home\",\"item\":\"https:\/\/www.gaveanews.com\/\"},{\"@type\":\"ListItem\",\"position\":2,\"name\":\"Corinthians: a declara\u00e7\u00e3o do Craque Neto direcionada a Hugo\"}]},{\"@type\":\"WebSite\",\"@id\":\"https:\/\/www.gaveanews.com\/#website\",\"url\":\"https:\/\/www.gaveanews.com\/\",\"name\":\"G\u00e1vea News\",\"description\":\"Veja todas as not\u00edcias sobre o Flamengo: Contrata\u00e7\u00f5es, categorias de base, resultados das partidas, tabela de classifica\u00e7\u00e3o, pr\u00f3ximos jogos!\",\"potentialAction\":[{\"@type\":\"SearchAction\",\"target\":{\"@type\":\"EntryPoint\",\"urlTemplate\":\"https:\/\/www.gaveanews.com\/?s={search_term_string}\"},\"query-input\":{\"@type\":\"PropertyValueSpecification\",\"valueRequired\":true,\"valueName\":\"search_term_string\"}}],\"inLanguage\":\"pt-BR\"},{\"@type\":\"Person\",\"@id\":\"https:\/\/www.gaveanews.com\/#\/schema\/person\/bd08f00534b403119b92741a6d469ef0\",\"name\":\"Hudson Pereira\",\"image\":{\"@type\":\"ImageObject\",\"inLanguage\":\"pt-BR\",\"@id\":\"https:\/\/www.gaveanews.com\/#\/schema\/person\/image\/\",\"url\":\"https:\/\/secure.gravatar.com\/avatar\/ecc491b489e454e510efffc9b23c1052ce5fb4f2e05555768ba65819cd55f03e?s=96&d=mm&r=g\",\"contentUrl\":\"https:\/\/secure.gravatar.com\/avatar\/ecc491b489e454e510efffc9b23c1052ce5fb4f2e05555768ba65819cd55f03e?s=96&d=mm&r=g\",\"caption\":\"Hudson Pereira\"}}]}<\/script>\n<!-- \/ Yoast SEO Premium plugin. -->","yoast_head_json":{"title":"Corinthians: a declara\u00e7\u00e3o do Craque Neto direcionada a Hugo","robots":{"index":"index","follow":"follow","max-snippet":"max-snippet:-1","max-image-preview":"max-image-preview:large","max-video-preview":"max-video-preview:-1"},"canonical":"https:\/\/www.gaveanews.com\/index.php\/2025\/02\/08\/corinthians-a-declaracao-do-craque-neto-direcionada-a-hugo\/","og_locale":"pt_BR","og_type":"article","og_title":"Corinthians: a declara\u00e7\u00e3o do Craque Neto direcionada a Hugo","og_description":"Antes do cl\u00e1ssico entre Palmeiras e Corinthians, Craque Neto manifestou desaprova\u00e7\u00e3o \u00e0 escala\u00e7\u00e3o de Hugo como lateral-esquerdo titular. Al\u00e9m disso, questionou a decis\u00e3o do t\u00e9cnico Ram\u00f3n D\u00edaz de iniciar a partida com Matheus Bidu no banco de reservas. Em an\u00e1lise pr\u00e9via transmitida no YouTube, o comentarista destacou preocupa\u00e7\u00e3o com a poss\u00edvel exposi\u00e7\u00e3o do jogador diante [&hellip;]","og_url":"https:\/\/www.gaveanews.com\/index.php\/2025\/02\/08\/corinthians-a-declaracao-do-craque-neto-direcionada-a-hugo\/","og_site_name":"G\u00e1vea News","article_publisher":"https:\/\/facebook.com\/gaveaNews\/","article_published_time":"2025-02-08T15:20:00+00:00","og_image":[{"width":846,"height":476,"url":"https:\/\/www.gaveanews.com\/wp-content\/uploads\/Comentarista-Neto-em-programa-da-Band.webp","type":"image\/jpeg"}],"author":"Hudson Pereira","twitter_card":"summary_large_image","twitter_misc":{"Escrito por":"Hudson Pereira","Est. tempo de leitura":"3 minutos"},"schema":{"@context":"https:\/\/schema.org","@graph":[{"@type":"NewsArticle","@id":"https:\/\/www.gaveanews.com\/index.php\/2025\/02\/08\/corinthians-a-declaracao-do-craque-neto-direcionada-a-hugo\/#article","isPartOf":{"@id":"https:\/\/www.gaveanews.com\/index.php\/2025\/02\/08\/corinthians-a-declaracao-do-craque-neto-direcionada-a-hugo\/"},"author":{"name":"Hudson Pereira","@id":"https:\/\/www.gaveanews.com\/#\/schema\/person\/bd08f00534b403119b92741a6d469ef0"},"headline":"Corinthians: a declara\u00e7\u00e3o do Craque Neto direcionada a Hugo","datePublished":"2025-02-08T15:20:00+00:00","mainEntityOfPage":{"@id":"https:\/\/www.gaveanews.com\/index.php\/2025\/02\/08\/corinthians-a-declaracao-do-craque-neto-direcionada-a-hugo\/"},"wordCount":380,"commentCount":0,"image":{"@id":"https:\/\/www.gaveanews.com\/index.php\/2025\/02\/08\/corinthians-a-declaracao-do-craque-neto-direcionada-a-hugo\/#primaryimage"},"thumbnailUrl":"https:\/\/www.gaveanews.com\/wp-content\/uploads\/Comentarista-Neto-em-programa-da-Band.webp","articleSection":["Corinthians"],"inLanguage":"pt-BR","potentialAction":[{"@type":"CommentAction","name":"Comment","target":["https:\/\/www.gaveanews.com\/index.php\/2025\/02\/08\/corinthians-a-declaracao-do-craque-neto-direcionada-a-hugo\/#respond"]}],"copyrightYear":"2025","copyrightHolder":{"@id":"https:\/\/www.gaveanews.com\/#organization"}},{"@type":"WebPage","@id":"https:\/\/www.gaveanews.com\/index.php\/2025\/02\/08\/corinthians-a-declaracao-do-craque-neto-direcionada-a-hugo\/","url":"https:\/\/www.gaveanews.com\/index.php\/2025\/02\/08\/corinthians-a-declaracao-do-craque-neto-direcionada-a-hugo\/","name":"Corinthians: a declara\u00e7\u00e3o do Craque Neto direcionada a Hugo","isPartOf":{"@id":"https:\/\/www.gaveanews.com\/#website"},"primaryImageOfPage":{"@id":"https:\/\/www.gaveanews.com\/index.php\/2025\/02\/08\/corinthians-a-declaracao-do-craque-neto-direcionada-a-hugo\/#primaryimage"},"image":{"@id":"https:\/\/www.gaveanews.com\/index.php\/2025\/02\/08\/corinthians-a-declaracao-do-craque-neto-direcionada-a-hugo\/#primaryimage"},"thumbnailUrl":"https:\/\/www.gaveanews.com\/wp-content\/uploads\/Comentarista-Neto-em-programa-da-Band.webp","datePublished":"2025-02-08T15:20:00+00:00","author":{"@id":"https:\/\/www.gaveanews.com\/#\/schema\/person\/bd08f00534b403119b92741a6d469ef0"},"breadcrumb":{"@id":"https:\/\/www.gaveanews.com\/index.php\/2025\/02\/08\/corinthians-a-declaracao-do-craque-neto-direcionada-a-hugo\/#breadcrumb"},"inLanguage":"pt-BR","potentialAction":[{"@type":"ReadAction","target":["https:\/\/www.gaveanews.com\/index.php\/2025\/02\/08\/corinthians-a-declaracao-do-craque-neto-direcionada-a-hugo\/"]}]},{"@type":"ImageObject","inLanguage":"pt-BR","@id":"https:\/\/www.gaveanews.com\/index.php\/2025\/02\/08\/corinthians-a-declaracao-do-craque-neto-direcionada-a-hugo\/#primaryimage","url":"https:\/\/www.gaveanews.com\/wp-content\/uploads\/Comentarista-Neto-em-programa-da-Band.webp","contentUrl":"https:\/\/www.gaveanews.com\/wp-content\/uploads\/Comentarista-Neto-em-programa-da-Band.webp","width":846,"height":476,"caption":"Comentarista Neto em programa da Band (Foto: Reprodu\u00e7\u00e3o\/Band)"},{"@type":"BreadcrumbList","@id":"https:\/\/www.gaveanews.com\/index.php\/2025\/02\/08\/corinthians-a-declaracao-do-craque-neto-direcionada-a-hugo\/#breadcrumb","itemListElement":[{"@type":"ListItem","position":1,"name":"Home","item":"https:\/\/www.gaveanews.com\/"},{"@type":"ListItem","position":2,"name":"Corinthians: a declara\u00e7\u00e3o do Craque Neto direcionada a Hugo"}]},{"@type":"WebSite","@id":"https:\/\/www.gaveanews.com\/#website","url":"https:\/\/www.gaveanews.com\/","name":"G\u00e1vea News","description":"Veja todas as not\u00edcias sobre o Flamengo: Contrata\u00e7\u00f5es, categorias de base, resultados das partidas, tabela de classifica\u00e7\u00e3o, pr\u00f3ximos jogos!","potentialAction":[{"@type":"SearchAction","target":{"@type":"EntryPoint","urlTemplate":"https:\/\/www.gaveanews.com\/?s={search_term_string}"},"query-input":{"@type":"PropertyValueSpecification","valueRequired":true,"valueName":"search_term_string"}}],"inLanguage":"pt-BR"},{"@type":"Person","@id":"https:\/\/www.gaveanews.com\/#\/schema\/person\/bd08f00534b403119b92741a6d469ef0","name":"Hudson Pereira","image":{"@type":"ImageObject","inLanguage":"pt-BR","@id":"https:\/\/www.gaveanews.com\/#\/schema\/person\/image\/","url":"https:\/\/secure.gravatar.com\/avatar\/ecc491b489e454e510efffc9b23c1052ce5fb4f2e05555768ba65819cd55f03e?s=96&d=mm&r=g","contentUrl":"https:\/\/secure.gravatar.com\/avatar\/ecc491b489e454e510efffc9b23c1052ce5fb4f2e05555768ba65819cd55f03e?s=96&d=mm&r=g","caption":"Hudson Pereira"}}]}},"_links":{"self":[{"href":"https:\/\/www.gaveanews.com\/index.php\/wp-json\/wp\/v2\/posts\/225023","targetHints":{"allow":["GET"]}}],"collection":[{"href":"https:\/\/www.gaveanews.com\/index.php\/wp-json\/wp\/v2\/posts"}],"about":[{"href":"https:\/\/www.gaveanews.com\/index.php\/wp-json\/wp\/v2\/types\/post"}],"author":[{"embeddable":true,"href":"https:\/\/www.gaveanews.com\/index.php\/wp-json\/wp\/v2\/users\/28"}],"replies":[{"embeddable":true,"href":"https:\/\/www.gaveanews.com\/index.php\/wp-json\/wp\/v2\/comments?post=225023"}],"version-history":[{"count":2,"href":"https:\/\/www.gaveanews.com\/index.php\/wp-json\/wp\/v2\/posts\/225023\/revisions"}],"predecessor-version":[{"id":225025,"href":"https:\/\/www.gaveanews.com\/index.php\/wp-json\/wp\/v2\/posts\/225023\/revisions\/225025"}],"wp:featuredmedia":[{"embeddable":true,"href":"https:\/\/www.gaveanews.com\/index.php\/wp-json\/wp\/v2\/media\/71983"}],"wp:attachment":[{"href":"https:\/\/www.gaveanews.com\/index.php\/wp-json\/wp\/v2\/media?parent=225023"}],"wp:term":[{"taxonomy":"category","embeddable":true,"href":"https:\/\/www.gaveanews.com\/index.php\/wp-json\/wp\/v2\/categories?post=225023"},{"taxonomy":"post_tag","embeddable":true,"href":"https:\/\/www.gaveanews.com\/index.php\/wp-json\/wp\/v2\/tags?post=225023"}],"curies":[{"name":"wp","href":"https:\/\/api.w.org\/{rel}","templated":true}]}}